{"id":1294,"date":"2015-06-14T09:21:11","date_gmt":"2015-06-14T08:21:11","guid":{"rendered":"https:\/\/paca.lpo.fr\/blogs\/nice\/?p=1294"},"modified":"2015-06-14T09:21:11","modified_gmt":"2015-06-14T08:21:11","slug":"sortie-nature-a-n-d-des-fenestres-le-7-juin-2015","status":"publish","type":"post","link":"https:\/\/paca.lpo.fr\/blogs\/nice\/2015\/06\/14\/sortie-nature-a-n-d-des-fenestres-le-7-juin-2015\/","title":{"rendered":"Sortie nature \u00e0 N. D. des Fenestres le 7 juin 2015"},"content":{"rendered":"<p><strong>Apr\u00e8s quelques difficult\u00e9s \u00e0 nous regrouper, nous voil\u00e0 tous dans ce merveilleux d\u00e9cor de la Madone des Fenestres. Le ciel h\u00e9site entre le froid et le chaud, entre nuages et ciel bleu, certains pr\u00e9disent le d\u00e9luge, mais nous partons quand vers de plus hautes altitudes (d\u00e9part \u00e0 2000 m\u00e8tres quand m\u00eame !). Les montagnes qui se d\u00e9tachent sur un ciel bien bleu gardent en leurs seins de magnifiques n\u00e9v\u00e9s.\u00a0<\/strong><\/p>\n<p><strong>Nos petites hirondelles de Rocher (Crag Martin) sont l\u00e0, elles se posent, virevoltent pr\u00e8s de l\u02bc\u00e9glise, et des b\u00e2timents, font leur nid : c\u02bcest la saison. <\/strong><\/p>\n<p><a href=\"https:\/\/paca.lpo.fr\/blogs\/nice\/files\/2015\/06\/15-06-07NDFenestreHiroRocher-2.jpg\"><img loading=\"lazy\" decoding=\"async\" class=\"alignnone size-medium wp-image-1295\" src=\"https:\/\/paca.lpo.fr\/blogs\/nice\/files\/2015\/06\/15-06-07NDFenestreHiroRocher-2-480x327.jpg\" alt=\"15-06-07NDFenestreHiroRocher (2)\" width=\"480\" height=\"327\" srcset=\"https:\/\/paca.lpo.fr\/blogs\/nice\/files\/2015\/06\/15-06-07NDFenestreHiroRocher-2-480x327.jpg 480w, https:\/\/paca.lpo.fr\/blogs\/nice\/files\/2015\/06\/15-06-07NDFenestreHiroRocher-2.jpg 602w\" sizes=\"auto, (max-width: 480px) 100vw, 480px\" \/><\/a><\/p>\n<p><strong>Le d\u00e9but de la mont\u00e9e sur le sentier nous fait d\u00e9couvrir nos premiers Traquets Motteux (Northern Wheatear), des diff\u00e9rences sont not\u00e9es entre les individus&#8230;. Nos premiers chamois sont l\u00e0 aussi, et aujourd\u02bchui nous avons toute une \u00e9quipe de photographes dont nous allons pouvoir tirer parti. L\u00e0, le groupe s&rsquo;attarde, une marmotte est rep\u00e9r\u00e9e, un peu plus loin, un petit oiseau sur une branche, un traquet ? Non, ici c\u02bcest un Rouge Queue Noir (Black Redstart), et, avec un autre, plus loin, on aura le loisir d\u02bc\u00e9couter son chant, avec sa finale caract\u00e9ristique de \u201cpapier froiss\u00e9\u201d.\u00a0<\/strong><\/p>\n<p><strong>Nous montons tranquillement jusqu&rsquo;au Lac des Fenestres, et l\u00e0, commence le moment de la restauration. Dans ce paysage de haute montagne, tout en mangeant et en devisant, nous continuons \u00e0 observer la Faune, et, il faut le dire la Flore qui tient au c\u0153ur de beaucoup d&rsquo;entre nous. <\/strong><\/p>\n<p><a href=\"https:\/\/paca.lpo.fr\/blogs\/nice\/files\/2015\/06\/15-06-07NDFenestre-047-Copie.jpg\"><img loading=\"lazy\" decoding=\"async\" class=\"alignnone size-medium wp-image-1296\" src=\"https:\/\/paca.lpo.fr\/blogs\/nice\/files\/2015\/06\/15-06-07NDFenestre-047-Copie-480x337.jpg\" alt=\"15-06-07NDFenestre 047 - Copie\" width=\"480\" height=\"337\" srcset=\"https:\/\/paca.lpo.fr\/blogs\/nice\/files\/2015\/06\/15-06-07NDFenestre-047-Copie-480x337.jpg 480w, https:\/\/paca.lpo.fr\/blogs\/nice\/files\/2015\/06\/15-06-07NDFenestre-047-Copie.jpg 636w\" sizes=\"auto, (max-width: 480px) 100vw, 480px\" \/><\/a><\/p>\n<p><strong>Quelques vols de Chocards \u00e0 Bec Jaune (Alpine Chough) sont observ\u00e9s&#8230; En cette saison, beaucoup de randonneurs vont et viennent \u00e0 c\u00f4t\u00e9 de nous, certains ne vont pas manquer de remarquer cette bonne odeur de Socca en train de cuire&#8230; C\u02bcest vrai qu\u02bcon ne se refuse rien, pardi ! <\/strong><\/p>\n<p><a href=\"https:\/\/paca.lpo.fr\/blogs\/nice\/files\/2015\/06\/2015-06-07NDF-038-Copie.jpg\"><img loading=\"lazy\" decoding=\"async\" class=\"alignnone size-medium wp-image-1298\" src=\"https:\/\/paca.lpo.fr\/blogs\/nice\/files\/2015\/06\/2015-06-07NDF-038-Copie-480x360.jpg\" alt=\"2015-06-07NDF 038 - Copie\" width=\"480\" height=\"360\" srcset=\"https:\/\/paca.lpo.fr\/blogs\/nice\/files\/2015\/06\/2015-06-07NDF-038-Copie-480x360.jpg 480w, https:\/\/paca.lpo.fr\/blogs\/nice\/files\/2015\/06\/2015-06-07NDF-038-Copie-700x525.jpg 700w, https:\/\/paca.lpo.fr\/blogs\/nice\/files\/2015\/06\/2015-06-07NDF-038-Copie.jpg 868w\" sizes=\"auto, (max-width: 480px) 100vw, 480px\" \/><\/a><\/p>\n<p><strong>Seule d\u00e9ception, midi est pass\u00e9, et nous n\u02bcavons pas vu notre Aigle&#8230;. Allez savoir ! Mais, m\u00eame du Lac, observant les blockhaus du col des Fenestres, nous pouvons voir nos petits bouquetins s&rsquo;\u00e9gayer alentour&#8230; A la descente, nous reverrons \u00e0 peu pr\u00e8s les m\u00eames.\u00a0<\/strong><\/p>\n<p><strong>A la Madone m\u00eame, une Bergeronnette Grise (White Wagtail) vient faire un petit tour. Nous descendons en voiture pour allez ensuite \u00e0 la Vacherie observer (et prendre du fromage, bien s\u00fbr !). Assez vite, sur la route, de petits flocks de Venturons Montagnards (Citril Finch) sont l\u00e0. Autour de la Vacherie m\u00eame, des Pinsons de l\u02bcArbre (Chaffinch) poussent leur petite s\u00e9r\u00e9nade. Le Cincle plongeur (Dipper), lui, semble absent, malgr\u00e9 nos recherches. Pour l\u02bcAigle, Yvonne le verra un peu plus bas avant le Tunnel Gin\u00e9sy, pour nous ce sera pour une autre fois !\u00a0<\/strong><\/p>\n<p><strong>Au total, une journ\u00e9e agr\u00e9able, avec des participants, tr\u00e8s volontaires, et apparemment pr\u00eats \u00e0 participer \u00e0 nos prochaines sorties. Pour ce qui est du temps, on peut dire qu\u2019il a fait tr\u00e8s beau, et une pens\u00e9e pour le berger d\u2019Auvare, qui un jour a eu cette parole : \u00ab\u00a0<em>Il faut pas croire tout ce qu\u2019on dit\u00a0! <\/em>\u00bb.<\/strong><\/p>\n<p><a href=\"https:\/\/paca.lpo.fr\/blogs\/nice\/files\/2015\/06\/15-06-07NDFenestre-040-Copie.jpg\"><img loading=\"lazy\" decoding=\"async\" class=\"alignnone size-medium wp-image-1299\" src=\"https:\/\/paca.lpo.fr\/blogs\/nice\/files\/2015\/06\/15-06-07NDFenestre-040-Copie-480x365.jpg\" alt=\"15-06-07NDFenestre 040 - Copie\" width=\"480\" height=\"365\" srcset=\"https:\/\/paca.lpo.fr\/blogs\/nice\/files\/2015\/06\/15-06-07NDFenestre-040-Copie-480x365.jpg 480w, https:\/\/paca.lpo.fr\/blogs\/nice\/files\/2015\/06\/15-06-07NDFenestre-040-Copie-700x532.jpg 700w, https:\/\/paca.lpo.fr\/blogs\/nice\/files\/2015\/06\/15-06-07NDFenestre-040-Copie.jpg 770w\" sizes=\"auto, (max-width: 480px) 100vw, 480px\" \/><\/a><\/p>\n<p><em>R\u00e9cit de Bernard Leroux<\/em><\/p>\n","protected":false},"excerpt":{"rendered":"<p>Apr\u00e8s quelques difficult\u00e9s \u00e0 nous regrouper, nous voil\u00e0 tous dans ce merveilleux d\u00e9cor de la Madone des Fenestres. Le ciel h\u00e9site entre le froid et le chaud, entre nuages et ciel bleu, certains pr\u00e9disent le d\u00e9luge, mais nous partons quand vers de plus hautes altitudes (d\u00e9part \u00e0 2000 m\u00e8tres quand m\u00eame !). Les montagnes qui [&hellip;]<\/p>\n","protected":false},"author":15,"featured_media":1297,"comment_status":"open","ping_status":"open","sticky":false,"template":"","format":"standard","meta":{"footnotes":""},"categories":[1],"tags":[],"class_list":["post-1294","post","type-post","status-publish","format-standard","has-post-thumbnail","hentry","category-sorties-nature"],"yoast_head":"<!-- This site is optimized with the Yoast SEO plugin v28.3 - https:\/\/yoast.com\/product\/yoast-seo-wordpress\/ -->\n<title>Sortie nature \u00e0 N. D. des Fenestres le 7 juin 2015 - Groupe local Nice<\/title>\n<meta name=\"robots\" content=\"index, follow, max-snippet:-1, max-image-preview:large, max-video-preview:-1\" \/>\n<link rel=\"canonical\" href=\"https:\/\/paca.lpo.fr\/blogs\/nice\/2015\/06\/14\/sortie-nature-a-n-d-des-fenestres-le-7-juin-2015\/\" \/>\n<meta property=\"og:locale\" content=\"fr_FR\" \/>\n<meta property=\"og:type\" content=\"article\" \/>\n<meta property=\"og:title\" content=\"Sortie nature \u00e0 N. D. des Fenestres le 7 juin 2015 - Groupe local Nice\" \/>\n<meta property=\"og:description\" content=\"Apr\u00e8s quelques difficult\u00e9s \u00e0 nous regrouper, nous voil\u00e0 tous dans ce merveilleux d\u00e9cor de la Madone des Fenestres. Le ciel h\u00e9site entre le froid et le chaud, entre nuages et ciel bleu, certains pr\u00e9disent le d\u00e9luge, mais nous partons quand vers de plus hautes altitudes (d\u00e9part \u00e0 2000 m\u00e8tres quand m\u00eame !). Les montagnes qui [&hellip;]\" \/>\n<meta property=\"og:url\" content=\"https:\/\/paca.lpo.fr\/blogs\/nice\/2015\/06\/14\/sortie-nature-a-n-d-des-fenestres-le-7-juin-2015\/\" \/>\n<meta property=\"og:site_name\" content=\"Groupe local Nice\" \/>\n<meta property=\"article:published_time\" content=\"2015-06-14T08:21:11+00:00\" \/>\n<meta property=\"og:image\" content=\"https:\/\/paca.lpo.fr\/blogs\/nice\/files\/2015\/06\/IMG_7974-1.jpg\" \/>\n\t<meta property=\"og:image:width\" content=\"640\" \/>\n\t<meta property=\"og:image:height\" content=\"438\" \/>\n\t<meta property=\"og:image:type\" content=\"image\/jpeg\" \/>\n<meta name=\"author\" content=\"Groupe local Paillon-B\u00e9v\u00e9ra\" \/>\n<meta name=\"twitter:card\" content=\"summary_large_image\" \/>\n<meta name=\"twitter:label1\" content=\"\u00c9crit par\" \/>\n\t<meta name=\"twitter:data1\" content=\"Groupe local Paillon-B\u00e9v\u00e9ra\" \/>\n\t<meta name=\"twitter:label2\" content=\"Dur\u00e9e de lecture estim\u00e9e\" \/>\n\t<meta name=\"twitter:data2\" content=\"3 minutes\" \/>\n<script type=\"application\/ld+json\" class=\"yoast-schema-graph\">{\"@context\":\"https:\\\/\\\/schema.org\",\"@graph\":[{\"@type\":\"Article\",\"@id\":\"https:\\\/\\\/paca.lpo.fr\\\/blogs\\\/nice\\\/2015\\\/06\\\/14\\\/sortie-nature-a-n-d-des-fenestres-le-7-juin-2015\\\/#article\",\"isPartOf\":{\"@id\":\"https:\\\/\\\/paca.lpo.fr\\\/blogs\\\/nice\\\/2015\\\/06\\\/14\\\/sortie-nature-a-n-d-des-fenestres-le-7-juin-2015\\\/\"},\"author\":{\"name\":\"Groupe local Paillon-B\u00e9v\u00e9ra\",\"@id\":\"https:\\\/\\\/paca.lpo.fr\\\/blogs\\\/nice\\\/#\\\/schema\\\/person\\\/1bda33335fb71e0b3552487db26a4c56\"},\"headline\":\"Sortie nature \u00e0 N. D. des Fenestres le 7 juin 2015\",\"datePublished\":\"2015-06-14T08:21:11+00:00\",\"mainEntityOfPage\":{\"@id\":\"https:\\\/\\\/paca.lpo.fr\\\/blogs\\\/nice\\\/2015\\\/06\\\/14\\\/sortie-nature-a-n-d-des-fenestres-le-7-juin-2015\\\/\"},\"wordCount\":533,\"commentCount\":0,\"publisher\":{\"@id\":\"https:\\\/\\\/paca.lpo.fr\\\/blogs\\\/nice\\\/#organization\"},\"image\":{\"@id\":\"https:\\\/\\\/paca.lpo.fr\\\/blogs\\\/nice\\\/2015\\\/06\\\/14\\\/sortie-nature-a-n-d-des-fenestres-le-7-juin-2015\\\/#primaryimage\"},\"thumbnailUrl\":\"https:\\\/\\\/paca.lpo.fr\\\/blogs\\\/nice\\\/files\\\/2015\\\/06\\\/IMG_7974-1.jpg\",\"articleSection\":[\"grands \u00e9v\u00e8nements\"],\"inLanguage\":\"fr-FR\",\"potentialAction\":[{\"@type\":\"CommentAction\",\"name\":\"Comment\",\"target\":[\"https:\\\/\\\/paca.lpo.fr\\\/blogs\\\/nice\\\/2015\\\/06\\\/14\\\/sortie-nature-a-n-d-des-fenestres-le-7-juin-2015\\\/#respond\"]}]},{\"@type\":\"WebPage\",\"@id\":\"https:\\\/\\\/paca.lpo.fr\\\/blogs\\\/nice\\\/2015\\\/06\\\/14\\\/sortie-nature-a-n-d-des-fenestres-le-7-juin-2015\\\/\",\"url\":\"https:\\\/\\\/paca.lpo.fr\\\/blogs\\\/nice\\\/2015\\\/06\\\/14\\\/sortie-nature-a-n-d-des-fenestres-le-7-juin-2015\\\/\",\"name\":\"Sortie nature \u00e0 N. D. des Fenestres le 7 juin 2015 - Groupe local Nice\",\"isPartOf\":{\"@id\":\"https:\\\/\\\/paca.lpo.fr\\\/blogs\\\/nice\\\/#website\"},\"primaryImageOfPage\":{\"@id\":\"https:\\\/\\\/paca.lpo.fr\\\/blogs\\\/nice\\\/2015\\\/06\\\/14\\\/sortie-nature-a-n-d-des-fenestres-le-7-juin-2015\\\/#primaryimage\"},\"image\":{\"@id\":\"https:\\\/\\\/paca.lpo.fr\\\/blogs\\\/nice\\\/2015\\\/06\\\/14\\\/sortie-nature-a-n-d-des-fenestres-le-7-juin-2015\\\/#primaryimage\"},\"thumbnailUrl\":\"https:\\\/\\\/paca.lpo.fr\\\/blogs\\\/nice\\\/files\\\/2015\\\/06\\\/IMG_7974-1.jpg\",\"datePublished\":\"2015-06-14T08:21:11+00:00\",\"breadcrumb\":{\"@id\":\"https:\\\/\\\/paca.lpo.fr\\\/blogs\\\/nice\\\/2015\\\/06\\\/14\\\/sortie-nature-a-n-d-des-fenestres-le-7-juin-2015\\\/#breadcrumb\"},\"inLanguage\":\"fr-FR\",\"potentialAction\":[{\"@type\":\"ReadAction\",\"target\":[\"https:\\\/\\\/paca.lpo.fr\\\/blogs\\\/nice\\\/2015\\\/06\\\/14\\\/sortie-nature-a-n-d-des-fenestres-le-7-juin-2015\\\/\"]}]},{\"@type\":\"ImageObject\",\"inLanguage\":\"fr-FR\",\"@id\":\"https:\\\/\\\/paca.lpo.fr\\\/blogs\\\/nice\\\/2015\\\/06\\\/14\\\/sortie-nature-a-n-d-des-fenestres-le-7-juin-2015\\\/#primaryimage\",\"url\":\"https:\\\/\\\/paca.lpo.fr\\\/blogs\\\/nice\\\/files\\\/2015\\\/06\\\/IMG_7974-1.jpg\",\"contentUrl\":\"https:\\\/\\\/paca.lpo.fr\\\/blogs\\\/nice\\\/files\\\/2015\\\/06\\\/IMG_7974-1.jpg\",\"width\":640,\"height\":438},{\"@type\":\"BreadcrumbList\",\"@id\":\"https:\\\/\\\/paca.lpo.fr\\\/blogs\\\/nice\\\/2015\\\/06\\\/14\\\/sortie-nature-a-n-d-des-fenestres-le-7-juin-2015\\\/#breadcrumb\",\"itemListElement\":[{\"@type\":\"ListItem\",\"position\":1,\"name\":\"Accueil\",\"item\":\"https:\\\/\\\/paca.lpo.fr\\\/blogs\\\/nice\\\/\"},{\"@type\":\"ListItem\",\"position\":2,\"name\":\"Sortie nature \u00e0 N. D. des Fenestres le 7 juin 2015\"}]},{\"@type\":\"WebSite\",\"@id\":\"https:\\\/\\\/paca.lpo.fr\\\/blogs\\\/nice\\\/#website\",\"url\":\"https:\\\/\\\/paca.lpo.fr\\\/blogs\\\/nice\\\/\",\"name\":\"Groupe local Nice\",\"description\":\"Groupe local Nice\",\"publisher\":{\"@id\":\"https:\\\/\\\/paca.lpo.fr\\\/blogs\\\/nice\\\/#organization\"},\"potentialAction\":[{\"@type\":\"SearchAction\",\"target\":{\"@type\":\"EntryPoint\",\"urlTemplate\":\"https:\\\/\\\/paca.lpo.fr\\\/blogs\\\/nice\\\/?s={search_term_string}\"},\"query-input\":{\"@type\":\"PropertyValueSpecification\",\"valueRequired\":true,\"valueName\":\"search_term_string\"}}],\"inLanguage\":\"fr-FR\"},{\"@type\":\"Organization\",\"@id\":\"https:\\\/\\\/paca.lpo.fr\\\/blogs\\\/nice\\\/#organization\",\"name\":\"Groupe local Nice\",\"url\":\"https:\\\/\\\/paca.lpo.fr\\\/blogs\\\/nice\\\/\",\"logo\":{\"@type\":\"ImageObject\",\"inLanguage\":\"fr-FR\",\"@id\":\"https:\\\/\\\/paca.lpo.fr\\\/blogs\\\/nice\\\/#\\\/schema\\\/logo\\\/image\\\/\",\"url\":\"https:\\\/\\\/paca.lpo.fr\\\/blogs\\\/nice\\\/files\\\/2024\\\/01\\\/cropped-rvb-lpo-paca-logotype-signature-droite-mini-500.jpg\",\"contentUrl\":\"https:\\\/\\\/paca.lpo.fr\\\/blogs\\\/nice\\\/files\\\/2024\\\/01\\\/cropped-rvb-lpo-paca-logotype-signature-droite-mini-500.jpg\",\"width\":500,\"height\":210,\"caption\":\"Groupe local Nice\"},\"image\":{\"@id\":\"https:\\\/\\\/paca.lpo.fr\\\/blogs\\\/nice\\\/#\\\/schema\\\/logo\\\/image\\\/\"}},{\"@type\":\"Person\",\"@id\":\"https:\\\/\\\/paca.lpo.fr\\\/blogs\\\/nice\\\/#\\\/schema\\\/person\\\/1bda33335fb71e0b3552487db26a4c56\",\"name\":\"Groupe local Paillon-B\u00e9v\u00e9ra\",\"image\":{\"@type\":\"ImageObject\",\"inLanguage\":\"fr-FR\",\"@id\":\"https:\\\/\\\/secure.gravatar.com\\\/avatar\\\/b1ee285506e2cb880ec988990d360e255aecb31c77212741dace1023623610c2?s=96&d=mm&r=g\",\"url\":\"https:\\\/\\\/secure.gravatar.com\\\/avatar\\\/b1ee285506e2cb880ec988990d360e255aecb31c77212741dace1023623610c2?s=96&d=mm&r=g\",\"contentUrl\":\"https:\\\/\\\/secure.gravatar.com\\\/avatar\\\/b1ee285506e2cb880ec988990d360e255aecb31c77212741dace1023623610c2?s=96&d=mm&r=g\",\"caption\":\"Groupe local Paillon-B\u00e9v\u00e9ra\"},\"url\":\"https:\\\/\\\/paca.lpo.fr\\\/blogs\\\/nice\\\/author\\\/alpesmaritimesest\\\/\"}]}<\/script>\n<!-- \/ Yoast SEO plugin. -->","yoast_head_json":{"title":"Sortie nature \u00e0 N. D. des Fenestres le 7 juin 2015 - Groupe local Nice","robots":{"index":"index","follow":"follow","max-snippet":"max-snippet:-1","max-image-preview":"max-image-preview:large","max-video-preview":"max-video-preview:-1"},"canonical":"https:\/\/paca.lpo.fr\/blogs\/nice\/2015\/06\/14\/sortie-nature-a-n-d-des-fenestres-le-7-juin-2015\/","og_locale":"fr_FR","og_type":"article","og_title":"Sortie nature \u00e0 N. D. des Fenestres le 7 juin 2015 - Groupe local Nice","og_description":"Apr\u00e8s quelques difficult\u00e9s \u00e0 nous regrouper, nous voil\u00e0 tous dans ce merveilleux d\u00e9cor de la Madone des Fenestres. Le ciel h\u00e9site entre le froid et le chaud, entre nuages et ciel bleu, certains pr\u00e9disent le d\u00e9luge, mais nous partons quand vers de plus hautes altitudes (d\u00e9part \u00e0 2000 m\u00e8tres quand m\u00eame !). Les montagnes qui [&hellip;]","og_url":"https:\/\/paca.lpo.fr\/blogs\/nice\/2015\/06\/14\/sortie-nature-a-n-d-des-fenestres-le-7-juin-2015\/","og_site_name":"Groupe local Nice","article_published_time":"2015-06-14T08:21:11+00:00","og_image":[{"width":640,"height":438,"url":"https:\/\/paca.lpo.fr\/blogs\/nice\/files\/2015\/06\/IMG_7974-1.jpg","type":"image\/jpeg"}],"author":"Groupe local Paillon-B\u00e9v\u00e9ra","twitter_card":"summary_large_image","twitter_misc":{"\u00c9crit par":"Groupe local Paillon-B\u00e9v\u00e9ra","Dur\u00e9e de lecture estim\u00e9e":"3 minutes"},"schema":{"@context":"https:\/\/schema.org","@graph":[{"@type":"Article","@id":"https:\/\/paca.lpo.fr\/blogs\/nice\/2015\/06\/14\/sortie-nature-a-n-d-des-fenestres-le-7-juin-2015\/#article","isPartOf":{"@id":"https:\/\/paca.lpo.fr\/blogs\/nice\/2015\/06\/14\/sortie-nature-a-n-d-des-fenestres-le-7-juin-2015\/"},"author":{"name":"Groupe local Paillon-B\u00e9v\u00e9ra","@id":"https:\/\/paca.lpo.fr\/blogs\/nice\/#\/schema\/person\/1bda33335fb71e0b3552487db26a4c56"},"headline":"Sortie nature \u00e0 N. D. des Fenestres le 7 juin 2015","datePublished":"2015-06-14T08:21:11+00:00","mainEntityOfPage":{"@id":"https:\/\/paca.lpo.fr\/blogs\/nice\/2015\/06\/14\/sortie-nature-a-n-d-des-fenestres-le-7-juin-2015\/"},"wordCount":533,"commentCount":0,"publisher":{"@id":"https:\/\/paca.lpo.fr\/blogs\/nice\/#organization"},"image":{"@id":"https:\/\/paca.lpo.fr\/blogs\/nice\/2015\/06\/14\/sortie-nature-a-n-d-des-fenestres-le-7-juin-2015\/#primaryimage"},"thumbnailUrl":"https:\/\/paca.lpo.fr\/blogs\/nice\/files\/2015\/06\/IMG_7974-1.jpg","articleSection":["grands \u00e9v\u00e8nements"],"inLanguage":"fr-FR","potentialAction":[{"@type":"CommentAction","name":"Comment","target":["https:\/\/paca.lpo.fr\/blogs\/nice\/2015\/06\/14\/sortie-nature-a-n-d-des-fenestres-le-7-juin-2015\/#respond"]}]},{"@type":"WebPage","@id":"https:\/\/paca.lpo.fr\/blogs\/nice\/2015\/06\/14\/sortie-nature-a-n-d-des-fenestres-le-7-juin-2015\/","url":"https:\/\/paca.lpo.fr\/blogs\/nice\/2015\/06\/14\/sortie-nature-a-n-d-des-fenestres-le-7-juin-2015\/","name":"Sortie nature \u00e0 N. D. des Fenestres le 7 juin 2015 - Groupe local Nice","isPartOf":{"@id":"https:\/\/paca.lpo.fr\/blogs\/nice\/#website"},"primaryImageOfPage":{"@id":"https:\/\/paca.lpo.fr\/blogs\/nice\/2015\/06\/14\/sortie-nature-a-n-d-des-fenestres-le-7-juin-2015\/#primaryimage"},"image":{"@id":"https:\/\/paca.lpo.fr\/blogs\/nice\/2015\/06\/14\/sortie-nature-a-n-d-des-fenestres-le-7-juin-2015\/#primaryimage"},"thumbnailUrl":"https:\/\/paca.lpo.fr\/blogs\/nice\/files\/2015\/06\/IMG_7974-1.jpg","datePublished":"2015-06-14T08:21:11+00:00","breadcrumb":{"@id":"https:\/\/paca.lpo.fr\/blogs\/nice\/2015\/06\/14\/sortie-nature-a-n-d-des-fenestres-le-7-juin-2015\/#breadcrumb"},"inLanguage":"fr-FR","potentialAction":[{"@type":"ReadAction","target":["https:\/\/paca.lpo.fr\/blogs\/nice\/2015\/06\/14\/sortie-nature-a-n-d-des-fenestres-le-7-juin-2015\/"]}]},{"@type":"ImageObject","inLanguage":"fr-FR","@id":"https:\/\/paca.lpo.fr\/blogs\/nice\/2015\/06\/14\/sortie-nature-a-n-d-des-fenestres-le-7-juin-2015\/#primaryimage","url":"https:\/\/paca.lpo.fr\/blogs\/nice\/files\/2015\/06\/IMG_7974-1.jpg","contentUrl":"https:\/\/paca.lpo.fr\/blogs\/nice\/files\/2015\/06\/IMG_7974-1.jpg","width":640,"height":438},{"@type":"BreadcrumbList","@id":"https:\/\/paca.lpo.fr\/blogs\/nice\/2015\/06\/14\/sortie-nature-a-n-d-des-fenestres-le-7-juin-2015\/#breadcrumb","itemListElement":[{"@type":"ListItem","position":1,"name":"Accueil","item":"https:\/\/paca.lpo.fr\/blogs\/nice\/"},{"@type":"ListItem","position":2,"name":"Sortie nature \u00e0 N. D. des Fenestres le 7 juin 2015"}]},{"@type":"WebSite","@id":"https:\/\/paca.lpo.fr\/blogs\/nice\/#website","url":"https:\/\/paca.lpo.fr\/blogs\/nice\/","name":"Groupe local Nice","description":"Groupe local Nice","publisher":{"@id":"https:\/\/paca.lpo.fr\/blogs\/nice\/#organization"},"potentialAction":[{"@type":"SearchAction","target":{"@type":"EntryPoint","urlTemplate":"https:\/\/paca.lpo.fr\/blogs\/nice\/?s={search_term_string}"},"query-input":{"@type":"PropertyValueSpecification","valueRequired":true,"valueName":"search_term_string"}}],"inLanguage":"fr-FR"},{"@type":"Organization","@id":"https:\/\/paca.lpo.fr\/blogs\/nice\/#organization","name":"Groupe local Nice","url":"https:\/\/paca.lpo.fr\/blogs\/nice\/","logo":{"@type":"ImageObject","inLanguage":"fr-FR","@id":"https:\/\/paca.lpo.fr\/blogs\/nice\/#\/schema\/logo\/image\/","url":"https:\/\/paca.lpo.fr\/blogs\/nice\/files\/2024\/01\/cropped-rvb-lpo-paca-logotype-signature-droite-mini-500.jpg","contentUrl":"https:\/\/paca.lpo.fr\/blogs\/nice\/files\/2024\/01\/cropped-rvb-lpo-paca-logotype-signature-droite-mini-500.jpg","width":500,"height":210,"caption":"Groupe local Nice"},"image":{"@id":"https:\/\/paca.lpo.fr\/blogs\/nice\/#\/schema\/logo\/image\/"}},{"@type":"Person","@id":"https:\/\/paca.lpo.fr\/blogs\/nice\/#\/schema\/person\/1bda33335fb71e0b3552487db26a4c56","name":"Groupe local Paillon-B\u00e9v\u00e9ra","image":{"@type":"ImageObject","inLanguage":"fr-FR","@id":"https:\/\/secure.gravatar.com\/avatar\/b1ee285506e2cb880ec988990d360e255aecb31c77212741dace1023623610c2?s=96&d=mm&r=g","url":"https:\/\/secure.gravatar.com\/avatar\/b1ee285506e2cb880ec988990d360e255aecb31c77212741dace1023623610c2?s=96&d=mm&r=g","contentUrl":"https:\/\/secure.gravatar.com\/avatar\/b1ee285506e2cb880ec988990d360e255aecb31c77212741dace1023623610c2?s=96&d=mm&r=g","caption":"Groupe local Paillon-B\u00e9v\u00e9ra"},"url":"https:\/\/paca.lpo.fr\/blogs\/nice\/author\/alpesmaritimesest\/"}]}},"jetpack_featured_media_url":"https:\/\/paca.lpo.fr\/blogs\/nice\/files\/2015\/06\/IMG_7974-1.jpg","_links":{"self":[{"href":"https:\/\/paca.lpo.fr\/blogs\/nice\/wp-json\/wp\/v2\/posts\/1294","targetHints":{"allow":["GET"]}}],"collection":[{"href":"https:\/\/paca.lpo.fr\/blogs\/nice\/wp-json\/wp\/v2\/posts"}],"about":[{"href":"https:\/\/paca.lpo.fr\/blogs\/nice\/wp-json\/wp\/v2\/types\/post"}],"author":[{"embeddable":true,"href":"https:\/\/paca.lpo.fr\/blogs\/nice\/wp-json\/wp\/v2\/users\/15"}],"replies":[{"embeddable":true,"href":"https:\/\/paca.lpo.fr\/blogs\/nice\/wp-json\/wp\/v2\/comments?post=1294"}],"version-history":[{"count":1,"href":"https:\/\/paca.lpo.fr\/blogs\/nice\/wp-json\/wp\/v2\/posts\/1294\/revisions"}],"predecessor-version":[{"id":1300,"href":"https:\/\/paca.lpo.fr\/blogs\/nice\/wp-json\/wp\/v2\/posts\/1294\/revisions\/1300"}],"wp:featuredmedia":[{"embeddable":true,"href":"https:\/\/paca.lpo.fr\/blogs\/nice\/wp-json\/wp\/v2\/media\/1297"}],"wp:attachment":[{"href":"https:\/\/paca.lpo.fr\/blogs\/nice\/wp-json\/wp\/v2\/media?parent=1294"}],"wp:term":[{"taxonomy":"category","embeddable":true,"href":"https:\/\/paca.lpo.fr\/blogs\/nice\/wp-json\/wp\/v2\/categories?post=1294"},{"taxonomy":"post_tag","embeddable":true,"href":"https:\/\/paca.lpo.fr\/blogs\/nice\/wp-json\/wp\/v2\/tags?post=1294"}],"curies":[{"name":"wp","href":"https:\/\/api.w.org\/{rel}","templated":true}]}}