{"id":1310,"date":"2015-06-17T09:00:27","date_gmt":"2015-06-17T08:00:27","guid":{"rendered":"https:\/\/paca.lpo.fr\/blogs\/nice\/?p=1310"},"modified":"2015-06-17T09:31:11","modified_gmt":"2015-06-17T08:31:11","slug":"depose-de-pylones-electriques-par-helicoptere-le-15-juin-2015-a-auron-2","status":"publish","type":"post","link":"https:\/\/paca.lpo.fr\/blogs\/nice\/2015\/06\/17\/depose-de-pylones-electriques-par-helicoptere-le-15-juin-2015-a-auron-2\/","title":{"rendered":"D\u00e9pose de pyl\u00f4nes \u00e9lectriques par h\u00e9licopt\u00e8re le 15 juin 2015 \u00e0 Auron"},"content":{"rendered":"<p>Une s\u00e9quence de d\u00e9pose de pyl\u00f4nes \u00e9lectriques par h\u00e9licopt\u00e8re a eu lieu le 15 juin 2015 \u00e0 Auron (parking Chastellares), en pr\u00e9sence de Colette Fabron, Maire de Saint-Etienne-de-Tin\u00e9e, et vice-pr\u00e9sidente de la m\u00e9tropole Nice C\u00f4te d\u2019Azur, de Carole Ory, Directrice ERDF Alpes-Maritimes, de Pascale Oddoart, charg\u00e9e des relations avec les collectivit\u00e9s locales pour ERDF, et d\u2019Yvonne Del\u00e9pine, repr\u00e9sentante de la LPO PACA dans les Alpes-Maritimes.<\/p>\n<p>L\u2019enl\u00e8vement des lignes \u00e9lectriques dans le secteur d\u2019Auron permettra de r\u00e9duire l\u2019accidentologie des oiseaux, notamment des esp\u00e8ces prot\u00e9g\u00e9es comme l\u2019Aigle royal, le Circa\u00e8te Jean-le-Blanc, le Gypa\u00e8te barbu ou encore les Vautours fauves et moines, qui parfois, ne voyant pas les lignes, les percutent et se blessent. Les travaux de pose des nouveaux r\u00e9seaux s\u2019inscrivent dans une charte de respect de l\u2019environnement de la faune et la flore de haute montagne.<\/p>\n<figure id=\"attachment_1316\" aria-describedby=\"caption-attachment-1316\" style=\"width: 359px\" class=\"wp-caption alignnone\"><a href=\"https:\/\/paca.lpo.fr\/blogs\/nice\/files\/2015\/06\/20150615_141739-Copie.jpg\"><img loading=\"lazy\" decoding=\"async\" class=\"size-medium wp-image-1316\" src=\"https:\/\/paca.lpo.fr\/blogs\/nice\/files\/2015\/06\/20150615_141739-Copie-359x480.jpg\" alt=\"User comments\" width=\"359\" height=\"480\" srcset=\"https:\/\/paca.lpo.fr\/blogs\/nice\/files\/2015\/06\/20150615_141739-Copie-359x480.jpg 359w, https:\/\/paca.lpo.fr\/blogs\/nice\/files\/2015\/06\/20150615_141739-Copie.jpg 459w\" sizes=\"auto, (max-width: 359px) 100vw, 359px\" \/><\/a><figcaption id=\"caption-attachment-1316\" class=\"wp-caption-text\">User comments<\/figcaption><\/figure>\n","protected":false},"excerpt":{"rendered":"<p>Une s\u00e9quence de d\u00e9pose de pyl\u00f4nes \u00e9lectriques par h\u00e9licopt\u00e8re a eu lieu le 15 juin 2015 \u00e0 Auron (parking Chastellares), en pr\u00e9sence de Colette Fabron, Maire de Saint-Etienne-de-Tin\u00e9e, et vice-pr\u00e9sidente de la m\u00e9tropole Nice C\u00f4te d\u2019Azur, de Carole Ory, Directrice ERDF Alpes-Maritimes, de Pascale Oddoart, charg\u00e9e des relations avec les collectivit\u00e9s locales pour ERDF, et [&hellip;]<\/p>\n","protected":false},"author":15,"featured_media":1317,"comment_status":"open","ping_status":"open","sticky":false,"template":"","format":"standard","meta":{"footnotes":""},"categories":[3],"tags":[],"class_list":["post-1310","post","type-post","status-publish","format-standard","has-post-thumbnail","hentry","category-vie-groupe"],"yoast_head":"<!-- This site is optimized with the Yoast SEO plugin v28.3 - https:\/\/yoast.com\/product\/yoast-seo-wordpress\/ -->\n<title>D\u00e9pose de pyl\u00f4nes \u00e9lectriques par h\u00e9licopt\u00e8re le 15 juin 2015 \u00e0 Auron - Groupe local Nice<\/title>\n<meta name=\"robots\" content=\"index, follow, max-snippet:-1, max-image-preview:large, max-video-preview:-1\" \/>\n<link rel=\"canonical\" href=\"https:\/\/paca.lpo.fr\/blogs\/nice\/2015\/06\/17\/depose-de-pylones-electriques-par-helicoptere-le-15-juin-2015-a-auron-2\/\" \/>\n<meta property=\"og:locale\" content=\"fr_FR\" \/>\n<meta property=\"og:type\" content=\"article\" \/>\n<meta property=\"og:title\" content=\"D\u00e9pose de pyl\u00f4nes \u00e9lectriques par h\u00e9licopt\u00e8re le 15 juin 2015 \u00e0 Auron - Groupe local Nice\" \/>\n<meta property=\"og:description\" content=\"Une s\u00e9quence de d\u00e9pose de pyl\u00f4nes \u00e9lectriques par h\u00e9licopt\u00e8re a eu lieu le 15 juin 2015 \u00e0 Auron (parking Chastellares), en pr\u00e9sence de Colette Fabron, Maire de Saint-Etienne-de-Tin\u00e9e, et vice-pr\u00e9sidente de la m\u00e9tropole Nice C\u00f4te d\u2019Azur, de Carole Ory, Directrice ERDF Alpes-Maritimes, de Pascale Oddoart, charg\u00e9e des relations avec les collectivit\u00e9s locales pour ERDF, et [&hellip;]\" \/>\n<meta property=\"og:url\" content=\"https:\/\/paca.lpo.fr\/blogs\/nice\/2015\/06\/17\/depose-de-pylones-electriques-par-helicoptere-le-15-juin-2015-a-auron-2\/\" \/>\n<meta property=\"og:site_name\" content=\"Groupe local Nice\" \/>\n<meta property=\"article:published_time\" content=\"2015-06-17T08:00:27+00:00\" \/>\n<meta property=\"article:modified_time\" content=\"2015-06-17T08:31:11+00:00\" \/>\n<meta property=\"og:image\" content=\"https:\/\/paca.lpo.fr\/blogs\/nice\/files\/2015\/06\/20150615_145350-Copie1.jpg\" \/>\n\t<meta property=\"og:image:width\" content=\"508\" \/>\n\t<meta property=\"og:image:height\" content=\"358\" \/>\n\t<meta property=\"og:image:type\" content=\"image\/jpeg\" \/>\n<meta name=\"author\" content=\"Groupe local Paillon-B\u00e9v\u00e9ra\" \/>\n<meta name=\"twitter:card\" content=\"summary_large_image\" \/>\n<meta name=\"twitter:label1\" content=\"\u00c9crit par\" \/>\n\t<meta name=\"twitter:data1\" content=\"Groupe local Paillon-B\u00e9v\u00e9ra\" \/>\n\t<meta name=\"twitter:label2\" content=\"Dur\u00e9e de lecture estim\u00e9e\" \/>\n\t<meta name=\"twitter:data2\" content=\"1 minute\" \/>\n<script type=\"application\/ld+json\" class=\"yoast-schema-graph\">{\"@context\":\"https:\\\/\\\/schema.org\",\"@graph\":[{\"@type\":\"Article\",\"@id\":\"https:\\\/\\\/paca.lpo.fr\\\/blogs\\\/nice\\\/2015\\\/06\\\/17\\\/depose-de-pylones-electriques-par-helicoptere-le-15-juin-2015-a-auron-2\\\/#article\",\"isPartOf\":{\"@id\":\"https:\\\/\\\/paca.lpo.fr\\\/blogs\\\/nice\\\/2015\\\/06\\\/17\\\/depose-de-pylones-electriques-par-helicoptere-le-15-juin-2015-a-auron-2\\\/\"},\"author\":{\"name\":\"Groupe local Paillon-B\u00e9v\u00e9ra\",\"@id\":\"https:\\\/\\\/paca.lpo.fr\\\/blogs\\\/nice\\\/#\\\/schema\\\/person\\\/1bda33335fb71e0b3552487db26a4c56\"},\"headline\":\"D\u00e9pose de pyl\u00f4nes \u00e9lectriques par h\u00e9licopt\u00e8re le 15 juin 2015 \u00e0 Auron\",\"datePublished\":\"2015-06-17T08:00:27+00:00\",\"dateModified\":\"2015-06-17T08:31:11+00:00\",\"mainEntityOfPage\":{\"@id\":\"https:\\\/\\\/paca.lpo.fr\\\/blogs\\\/nice\\\/2015\\\/06\\\/17\\\/depose-de-pylones-electriques-par-helicoptere-le-15-juin-2015-a-auron-2\\\/\"},\"wordCount\":184,\"commentCount\":0,\"publisher\":{\"@id\":\"https:\\\/\\\/paca.lpo.fr\\\/blogs\\\/nice\\\/#organization\"},\"image\":{\"@id\":\"https:\\\/\\\/paca.lpo.fr\\\/blogs\\\/nice\\\/2015\\\/06\\\/17\\\/depose-de-pylones-electriques-par-helicoptere-le-15-juin-2015-a-auron-2\\\/#primaryimage\"},\"thumbnailUrl\":\"https:\\\/\\\/paca.lpo.fr\\\/blogs\\\/nice\\\/files\\\/2015\\\/06\\\/20150615_145350-Copie1.jpg\",\"articleSection\":[\"Vie du groupe\"],\"inLanguage\":\"fr-FR\",\"potentialAction\":[{\"@type\":\"CommentAction\",\"name\":\"Comment\",\"target\":[\"https:\\\/\\\/paca.lpo.fr\\\/blogs\\\/nice\\\/2015\\\/06\\\/17\\\/depose-de-pylones-electriques-par-helicoptere-le-15-juin-2015-a-auron-2\\\/#respond\"]}]},{\"@type\":\"WebPage\",\"@id\":\"https:\\\/\\\/paca.lpo.fr\\\/blogs\\\/nice\\\/2015\\\/06\\\/17\\\/depose-de-pylones-electriques-par-helicoptere-le-15-juin-2015-a-auron-2\\\/\",\"url\":\"https:\\\/\\\/paca.lpo.fr\\\/blogs\\\/nice\\\/2015\\\/06\\\/17\\\/depose-de-pylones-electriques-par-helicoptere-le-15-juin-2015-a-auron-2\\\/\",\"name\":\"D\u00e9pose de pyl\u00f4nes \u00e9lectriques par h\u00e9licopt\u00e8re le 15 juin 2015 \u00e0 Auron - Groupe local Nice\",\"isPartOf\":{\"@id\":\"https:\\\/\\\/paca.lpo.fr\\\/blogs\\\/nice\\\/#website\"},\"primaryImageOfPage\":{\"@id\":\"https:\\\/\\\/paca.lpo.fr\\\/blogs\\\/nice\\\/2015\\\/06\\\/17\\\/depose-de-pylones-electriques-par-helicoptere-le-15-juin-2015-a-auron-2\\\/#primaryimage\"},\"image\":{\"@id\":\"https:\\\/\\\/paca.lpo.fr\\\/blogs\\\/nice\\\/2015\\\/06\\\/17\\\/depose-de-pylones-electriques-par-helicoptere-le-15-juin-2015-a-auron-2\\\/#primaryimage\"},\"thumbnailUrl\":\"https:\\\/\\\/paca.lpo.fr\\\/blogs\\\/nice\\\/files\\\/2015\\\/06\\\/20150615_145350-Copie1.jpg\",\"datePublished\":\"2015-06-17T08:00:27+00:00\",\"dateModified\":\"2015-06-17T08:31:11+00:00\",\"breadcrumb\":{\"@id\":\"https:\\\/\\\/paca.lpo.fr\\\/blogs\\\/nice\\\/2015\\\/06\\\/17\\\/depose-de-pylones-electriques-par-helicoptere-le-15-juin-2015-a-auron-2\\\/#breadcrumb\"},\"inLanguage\":\"fr-FR\",\"potentialAction\":[{\"@type\":\"ReadAction\",\"target\":[\"https:\\\/\\\/paca.lpo.fr\\\/blogs\\\/nice\\\/2015\\\/06\\\/17\\\/depose-de-pylones-electriques-par-helicoptere-le-15-juin-2015-a-auron-2\\\/\"]}]},{\"@type\":\"ImageObject\",\"inLanguage\":\"fr-FR\",\"@id\":\"https:\\\/\\\/paca.lpo.fr\\\/blogs\\\/nice\\\/2015\\\/06\\\/17\\\/depose-de-pylones-electriques-par-helicoptere-le-15-juin-2015-a-auron-2\\\/#primaryimage\",\"url\":\"https:\\\/\\\/paca.lpo.fr\\\/blogs\\\/nice\\\/files\\\/2015\\\/06\\\/20150615_145350-Copie1.jpg\",\"contentUrl\":\"https:\\\/\\\/paca.lpo.fr\\\/blogs\\\/nice\\\/files\\\/2015\\\/06\\\/20150615_145350-Copie1.jpg\",\"width\":508,\"height\":358,\"caption\":\"User comments\"},{\"@type\":\"BreadcrumbList\",\"@id\":\"https:\\\/\\\/paca.lpo.fr\\\/blogs\\\/nice\\\/2015\\\/06\\\/17\\\/depose-de-pylones-electriques-par-helicoptere-le-15-juin-2015-a-auron-2\\\/#breadcrumb\",\"itemListElement\":[{\"@type\":\"ListItem\",\"position\":1,\"name\":\"Accueil\",\"item\":\"https:\\\/\\\/paca.lpo.fr\\\/blogs\\\/nice\\\/\"},{\"@type\":\"ListItem\",\"position\":2,\"name\":\"D\u00e9pose de pyl\u00f4nes \u00e9lectriques par h\u00e9licopt\u00e8re le 15 juin 2015 \u00e0 Auron\"}]},{\"@type\":\"WebSite\",\"@id\":\"https:\\\/\\\/paca.lpo.fr\\\/blogs\\\/nice\\\/#website\",\"url\":\"https:\\\/\\\/paca.lpo.fr\\\/blogs\\\/nice\\\/\",\"name\":\"Groupe local Nice\",\"description\":\"Groupe local Nice\",\"publisher\":{\"@id\":\"https:\\\/\\\/paca.lpo.fr\\\/blogs\\\/nice\\\/#organization\"},\"potentialAction\":[{\"@type\":\"SearchAction\",\"target\":{\"@type\":\"EntryPoint\",\"urlTemplate\":\"https:\\\/\\\/paca.lpo.fr\\\/blogs\\\/nice\\\/?s={search_term_string}\"},\"query-input\":{\"@type\":\"PropertyValueSpecification\",\"valueRequired\":true,\"valueName\":\"search_term_string\"}}],\"inLanguage\":\"fr-FR\"},{\"@type\":\"Organization\",\"@id\":\"https:\\\/\\\/paca.lpo.fr\\\/blogs\\\/nice\\\/#organization\",\"name\":\"Groupe local Nice\",\"url\":\"https:\\\/\\\/paca.lpo.fr\\\/blogs\\\/nice\\\/\",\"logo\":{\"@type\":\"ImageObject\",\"inLanguage\":\"fr-FR\",\"@id\":\"https:\\\/\\\/paca.lpo.fr\\\/blogs\\\/nice\\\/#\\\/schema\\\/logo\\\/image\\\/\",\"url\":\"https:\\\/\\\/paca.lpo.fr\\\/blogs\\\/nice\\\/files\\\/2024\\\/01\\\/cropped-rvb-lpo-paca-logotype-signature-droite-mini-500.jpg\",\"contentUrl\":\"https:\\\/\\\/paca.lpo.fr\\\/blogs\\\/nice\\\/files\\\/2024\\\/01\\\/cropped-rvb-lpo-paca-logotype-signature-droite-mini-500.jpg\",\"width\":500,\"height\":210,\"caption\":\"Groupe local Nice\"},\"image\":{\"@id\":\"https:\\\/\\\/paca.lpo.fr\\\/blogs\\\/nice\\\/#\\\/schema\\\/logo\\\/image\\\/\"}},{\"@type\":\"Person\",\"@id\":\"https:\\\/\\\/paca.lpo.fr\\\/blogs\\\/nice\\\/#\\\/schema\\\/person\\\/1bda33335fb71e0b3552487db26a4c56\",\"name\":\"Groupe local Paillon-B\u00e9v\u00e9ra\",\"image\":{\"@type\":\"ImageObject\",\"inLanguage\":\"fr-FR\",\"@id\":\"https:\\\/\\\/secure.gravatar.com\\\/avatar\\\/b1ee285506e2cb880ec988990d360e255aecb31c77212741dace1023623610c2?s=96&d=mm&r=g\",\"url\":\"https:\\\/\\\/secure.gravatar.com\\\/avatar\\\/b1ee285506e2cb880ec988990d360e255aecb31c77212741dace1023623610c2?s=96&d=mm&r=g\",\"contentUrl\":\"https:\\\/\\\/secure.gravatar.com\\\/avatar\\\/b1ee285506e2cb880ec988990d360e255aecb31c77212741dace1023623610c2?s=96&d=mm&r=g\",\"caption\":\"Groupe local Paillon-B\u00e9v\u00e9ra\"},\"url\":\"https:\\\/\\\/paca.lpo.fr\\\/blogs\\\/nice\\\/author\\\/alpesmaritimesest\\\/\"}]}<\/script>\n<!-- \/ Yoast SEO plugin. -->","yoast_head_json":{"title":"D\u00e9pose de pyl\u00f4nes \u00e9lectriques par h\u00e9licopt\u00e8re le 15 juin 2015 \u00e0 Auron - Groupe local Nice","robots":{"index":"index","follow":"follow","max-snippet":"max-snippet:-1","max-image-preview":"max-image-preview:large","max-video-preview":"max-video-preview:-1"},"canonical":"https:\/\/paca.lpo.fr\/blogs\/nice\/2015\/06\/17\/depose-de-pylones-electriques-par-helicoptere-le-15-juin-2015-a-auron-2\/","og_locale":"fr_FR","og_type":"article","og_title":"D\u00e9pose de pyl\u00f4nes \u00e9lectriques par h\u00e9licopt\u00e8re le 15 juin 2015 \u00e0 Auron - Groupe local Nice","og_description":"Une s\u00e9quence de d\u00e9pose de pyl\u00f4nes \u00e9lectriques par h\u00e9licopt\u00e8re a eu lieu le 15 juin 2015 \u00e0 Auron (parking Chastellares), en pr\u00e9sence de Colette Fabron, Maire de Saint-Etienne-de-Tin\u00e9e, et vice-pr\u00e9sidente de la m\u00e9tropole Nice C\u00f4te d\u2019Azur, de Carole Ory, Directrice ERDF Alpes-Maritimes, de Pascale Oddoart, charg\u00e9e des relations avec les collectivit\u00e9s locales pour ERDF, et [&hellip;]","og_url":"https:\/\/paca.lpo.fr\/blogs\/nice\/2015\/06\/17\/depose-de-pylones-electriques-par-helicoptere-le-15-juin-2015-a-auron-2\/","og_site_name":"Groupe local Nice","article_published_time":"2015-06-17T08:00:27+00:00","article_modified_time":"2015-06-17T08:31:11+00:00","og_image":[{"width":508,"height":358,"url":"https:\/\/paca.lpo.fr\/blogs\/nice\/files\/2015\/06\/20150615_145350-Copie1.jpg","type":"image\/jpeg"}],"author":"Groupe local Paillon-B\u00e9v\u00e9ra","twitter_card":"summary_large_image","twitter_misc":{"\u00c9crit par":"Groupe local Paillon-B\u00e9v\u00e9ra","Dur\u00e9e de lecture estim\u00e9e":"1 minute"},"schema":{"@context":"https:\/\/schema.org","@graph":[{"@type":"Article","@id":"https:\/\/paca.lpo.fr\/blogs\/nice\/2015\/06\/17\/depose-de-pylones-electriques-par-helicoptere-le-15-juin-2015-a-auron-2\/#article","isPartOf":{"@id":"https:\/\/paca.lpo.fr\/blogs\/nice\/2015\/06\/17\/depose-de-pylones-electriques-par-helicoptere-le-15-juin-2015-a-auron-2\/"},"author":{"name":"Groupe local Paillon-B\u00e9v\u00e9ra","@id":"https:\/\/paca.lpo.fr\/blogs\/nice\/#\/schema\/person\/1bda33335fb71e0b3552487db26a4c56"},"headline":"D\u00e9pose de pyl\u00f4nes \u00e9lectriques par h\u00e9licopt\u00e8re le 15 juin 2015 \u00e0 Auron","datePublished":"2015-06-17T08:00:27+00:00","dateModified":"2015-06-17T08:31:11+00:00","mainEntityOfPage":{"@id":"https:\/\/paca.lpo.fr\/blogs\/nice\/2015\/06\/17\/depose-de-pylones-electriques-par-helicoptere-le-15-juin-2015-a-auron-2\/"},"wordCount":184,"commentCount":0,"publisher":{"@id":"https:\/\/paca.lpo.fr\/blogs\/nice\/#organization"},"image":{"@id":"https:\/\/paca.lpo.fr\/blogs\/nice\/2015\/06\/17\/depose-de-pylones-electriques-par-helicoptere-le-15-juin-2015-a-auron-2\/#primaryimage"},"thumbnailUrl":"https:\/\/paca.lpo.fr\/blogs\/nice\/files\/2015\/06\/20150615_145350-Copie1.jpg","articleSection":["Vie du groupe"],"inLanguage":"fr-FR","potentialAction":[{"@type":"CommentAction","name":"Comment","target":["https:\/\/paca.lpo.fr\/blogs\/nice\/2015\/06\/17\/depose-de-pylones-electriques-par-helicoptere-le-15-juin-2015-a-auron-2\/#respond"]}]},{"@type":"WebPage","@id":"https:\/\/paca.lpo.fr\/blogs\/nice\/2015\/06\/17\/depose-de-pylones-electriques-par-helicoptere-le-15-juin-2015-a-auron-2\/","url":"https:\/\/paca.lpo.fr\/blogs\/nice\/2015\/06\/17\/depose-de-pylones-electriques-par-helicoptere-le-15-juin-2015-a-auron-2\/","name":"D\u00e9pose de pyl\u00f4nes \u00e9lectriques par h\u00e9licopt\u00e8re le 15 juin 2015 \u00e0 Auron - Groupe local Nice","isPartOf":{"@id":"https:\/\/paca.lpo.fr\/blogs\/nice\/#website"},"primaryImageOfPage":{"@id":"https:\/\/paca.lpo.fr\/blogs\/nice\/2015\/06\/17\/depose-de-pylones-electriques-par-helicoptere-le-15-juin-2015-a-auron-2\/#primaryimage"},"image":{"@id":"https:\/\/paca.lpo.fr\/blogs\/nice\/2015\/06\/17\/depose-de-pylones-electriques-par-helicoptere-le-15-juin-2015-a-auron-2\/#primaryimage"},"thumbnailUrl":"https:\/\/paca.lpo.fr\/blogs\/nice\/files\/2015\/06\/20150615_145350-Copie1.jpg","datePublished":"2015-06-17T08:00:27+00:00","dateModified":"2015-06-17T08:31:11+00:00","breadcrumb":{"@id":"https:\/\/paca.lpo.fr\/blogs\/nice\/2015\/06\/17\/depose-de-pylones-electriques-par-helicoptere-le-15-juin-2015-a-auron-2\/#breadcrumb"},"inLanguage":"fr-FR","potentialAction":[{"@type":"ReadAction","target":["https:\/\/paca.lpo.fr\/blogs\/nice\/2015\/06\/17\/depose-de-pylones-electriques-par-helicoptere-le-15-juin-2015-a-auron-2\/"]}]},{"@type":"ImageObject","inLanguage":"fr-FR","@id":"https:\/\/paca.lpo.fr\/blogs\/nice\/2015\/06\/17\/depose-de-pylones-electriques-par-helicoptere-le-15-juin-2015-a-auron-2\/#primaryimage","url":"https:\/\/paca.lpo.fr\/blogs\/nice\/files\/2015\/06\/20150615_145350-Copie1.jpg","contentUrl":"https:\/\/paca.lpo.fr\/blogs\/nice\/files\/2015\/06\/20150615_145350-Copie1.jpg","width":508,"height":358,"caption":"User comments"},{"@type":"BreadcrumbList","@id":"https:\/\/paca.lpo.fr\/blogs\/nice\/2015\/06\/17\/depose-de-pylones-electriques-par-helicoptere-le-15-juin-2015-a-auron-2\/#breadcrumb","itemListElement":[{"@type":"ListItem","position":1,"name":"Accueil","item":"https:\/\/paca.lpo.fr\/blogs\/nice\/"},{"@type":"ListItem","position":2,"name":"D\u00e9pose de pyl\u00f4nes \u00e9lectriques par h\u00e9licopt\u00e8re le 15 juin 2015 \u00e0 Auron"}]},{"@type":"WebSite","@id":"https:\/\/paca.lpo.fr\/blogs\/nice\/#website","url":"https:\/\/paca.lpo.fr\/blogs\/nice\/","name":"Groupe local Nice","description":"Groupe local Nice","publisher":{"@id":"https:\/\/paca.lpo.fr\/blogs\/nice\/#organization"},"potentialAction":[{"@type":"SearchAction","target":{"@type":"EntryPoint","urlTemplate":"https:\/\/paca.lpo.fr\/blogs\/nice\/?s={search_term_string}"},"query-input":{"@type":"PropertyValueSpecification","valueRequired":true,"valueName":"search_term_string"}}],"inLanguage":"fr-FR"},{"@type":"Organization","@id":"https:\/\/paca.lpo.fr\/blogs\/nice\/#organization","name":"Groupe local Nice","url":"https:\/\/paca.lpo.fr\/blogs\/nice\/","logo":{"@type":"ImageObject","inLanguage":"fr-FR","@id":"https:\/\/paca.lpo.fr\/blogs\/nice\/#\/schema\/logo\/image\/","url":"https:\/\/paca.lpo.fr\/blogs\/nice\/files\/2024\/01\/cropped-rvb-lpo-paca-logotype-signature-droite-mini-500.jpg","contentUrl":"https:\/\/paca.lpo.fr\/blogs\/nice\/files\/2024\/01\/cropped-rvb-lpo-paca-logotype-signature-droite-mini-500.jpg","width":500,"height":210,"caption":"Groupe local Nice"},"image":{"@id":"https:\/\/paca.lpo.fr\/blogs\/nice\/#\/schema\/logo\/image\/"}},{"@type":"Person","@id":"https:\/\/paca.lpo.fr\/blogs\/nice\/#\/schema\/person\/1bda33335fb71e0b3552487db26a4c56","name":"Groupe local Paillon-B\u00e9v\u00e9ra","image":{"@type":"ImageObject","inLanguage":"fr-FR","@id":"https:\/\/secure.gravatar.com\/avatar\/b1ee285506e2cb880ec988990d360e255aecb31c77212741dace1023623610c2?s=96&d=mm&r=g","url":"https:\/\/secure.gravatar.com\/avatar\/b1ee285506e2cb880ec988990d360e255aecb31c77212741dace1023623610c2?s=96&d=mm&r=g","contentUrl":"https:\/\/secure.gravatar.com\/avatar\/b1ee285506e2cb880ec988990d360e255aecb31c77212741dace1023623610c2?s=96&d=mm&r=g","caption":"Groupe local Paillon-B\u00e9v\u00e9ra"},"url":"https:\/\/paca.lpo.fr\/blogs\/nice\/author\/alpesmaritimesest\/"}]}},"jetpack_featured_media_url":"https:\/\/paca.lpo.fr\/blogs\/nice\/files\/2015\/06\/20150615_145350-Copie1.jpg","_links":{"self":[{"href":"https:\/\/paca.lpo.fr\/blogs\/nice\/wp-json\/wp\/v2\/posts\/1310","targetHints":{"allow":["GET"]}}],"collection":[{"href":"https:\/\/paca.lpo.fr\/blogs\/nice\/wp-json\/wp\/v2\/posts"}],"about":[{"href":"https:\/\/paca.lpo.fr\/blogs\/nice\/wp-json\/wp\/v2\/types\/post"}],"author":[{"embeddable":true,"href":"https:\/\/paca.lpo.fr\/blogs\/nice\/wp-json\/wp\/v2\/users\/15"}],"replies":[{"embeddable":true,"href":"https:\/\/paca.lpo.fr\/blogs\/nice\/wp-json\/wp\/v2\/comments?post=1310"}],"version-history":[{"count":5,"href":"https:\/\/paca.lpo.fr\/blogs\/nice\/wp-json\/wp\/v2\/posts\/1310\/revisions"}],"predecessor-version":[{"id":1324,"href":"https:\/\/paca.lpo.fr\/blogs\/nice\/wp-json\/wp\/v2\/posts\/1310\/revisions\/1324"}],"wp:featuredmedia":[{"embeddable":true,"href":"https:\/\/paca.lpo.fr\/blogs\/nice\/wp-json\/wp\/v2\/media\/1317"}],"wp:attachment":[{"href":"https:\/\/paca.lpo.fr\/blogs\/nice\/wp-json\/wp\/v2\/media?parent=1310"}],"wp:term":[{"taxonomy":"category","embeddable":true,"href":"https:\/\/paca.lpo.fr\/blogs\/nice\/wp-json\/wp\/v2\/categories?post=1310"},{"taxonomy":"post_tag","embeddable":true,"href":"https:\/\/paca.lpo.fr\/blogs\/nice\/wp-json\/wp\/v2\/tags?post=1310"}],"curies":[{"name":"wp","href":"https:\/\/api.w.org\/{rel}","templated":true}]}}