{"id":1326,"date":"2015-07-19T15:14:55","date_gmt":"2015-07-19T14:14:55","guid":{"rendered":"https:\/\/paca.lpo.fr\/blogs\/nice\/?p=1326"},"modified":"2015-07-22T09:28:32","modified_gmt":"2015-07-22T08:28:32","slug":"sejour-ornitho-a-santanna-province-de-cuneo-italie-les-13-et-14-juillet-2015","status":"publish","type":"post","link":"https:\/\/paca.lpo.fr\/blogs\/nice\/2015\/07\/19\/sejour-ornitho-a-santanna-province-de-cuneo-italie-les-13-et-14-juillet-2015\/","title":{"rendered":"S\u00e9jour ornitho \u00e0 Sant&rsquo;Anna, Province de Cuneo, Italie les 13 et 14 juillet 2015"},"content":{"rendered":"<p>Le petit groupe \u00e9tait\u00a0log\u00e9 tr\u00e8s confortablement dans le \u00ab\u00a0rifugio\u00a0\u00bb du sanctuaire Sant&rsquo;Anna di Vinadio, o\u00f9\u00a0\u00a0les hirondelles de fen\u00eatre et les chocards \u00e0 bec jaune nourrissaient leurs\u00a0petits sous les toits et une bergeronnette grise chassait les insectes au pied des b\u00e2timents. Nous avons\u00a0bien profit\u00e9 de\u00a0deux belles journ\u00e9es ensoleill\u00e9es \u00e0\u00a0nous promener et observer la faune locale.\u00a0Maguy nous a guid\u00e9s entre les lacs d&rsquo;altitude, parmi les fleurs de montagne, les papillons, les libellules, pour nous montrer les nombreux oiseaux : tarier des pr\u00e8s, traquets motteux, aigle royal, circa\u00e8tes, vautours, et m\u00eame une fauvette babillarde. Des bouquetins et un chamois\u00a0se sont montr\u00e9s, mais assez loin. Des paysages vraiment superbes.\u00a0Toutes les observations d&rsquo;oiseaux\u00a0sont visibles,\u00a0non pas sur Faune-Paca cette fois, mais\u00a0sur Ornitho Italia.<\/p>\n<p><a href=\"https:\/\/paca.lpo.fr\/blogs\/nice\/files\/2015\/07\/BLOGP1330379.jpg\"><img loading=\"lazy\" decoding=\"async\" class=\"alignnone size-medium wp-image-1333\" src=\"https:\/\/paca.lpo.fr\/blogs\/nice\/files\/2015\/07\/BLOGP1330379-480x360.jpg\" alt=\"BLOGP1330379\" width=\"480\" height=\"360\" srcset=\"https:\/\/paca.lpo.fr\/blogs\/nice\/files\/2015\/07\/BLOGP1330379-480x360.jpg 480w, https:\/\/paca.lpo.fr\/blogs\/nice\/files\/2015\/07\/BLOGP1330379-700x525.jpg 700w, https:\/\/paca.lpo.fr\/blogs\/nice\/files\/2015\/07\/BLOGP1330379.jpg 740w\" sizes=\"auto, (max-width: 480px) 100vw, 480px\" \/><\/a> <a href=\"https:\/\/paca.lpo.fr\/blogs\/nice\/files\/2015\/07\/BLOGP1330318.jpg\"><img loading=\"lazy\" decoding=\"async\" class=\"alignnone size-medium wp-image-1334\" src=\"https:\/\/paca.lpo.fr\/blogs\/nice\/files\/2015\/07\/BLOGP1330318-480x360.jpg\" alt=\"BLOGP1330318\" width=\"480\" height=\"360\" srcset=\"https:\/\/paca.lpo.fr\/blogs\/nice\/files\/2015\/07\/BLOGP1330318-480x360.jpg 480w, https:\/\/paca.lpo.fr\/blogs\/nice\/files\/2015\/07\/BLOGP1330318-700x525.jpg 700w, https:\/\/paca.lpo.fr\/blogs\/nice\/files\/2015\/07\/BLOGP1330318.jpg 740w\" sizes=\"auto, (max-width: 480px) 100vw, 480px\" \/><\/a><\/p>\n<p><a href=\"https:\/\/paca.lpo.fr\/blogs\/nice\/files\/2015\/07\/BLOG15-07-1314StAnna-107.jpg\"><img loading=\"lazy\" decoding=\"async\" class=\"alignnone size-medium wp-image-1327\" src=\"https:\/\/paca.lpo.fr\/blogs\/nice\/files\/2015\/07\/BLOG15-07-1314StAnna-107-480x336.jpg\" alt=\"BLOG15-07-1314StAnna 107\" width=\"480\" height=\"336\" srcset=\"https:\/\/paca.lpo.fr\/blogs\/nice\/files\/2015\/07\/BLOG15-07-1314StAnna-107-480x336.jpg 480w, https:\/\/paca.lpo.fr\/blogs\/nice\/files\/2015\/07\/BLOG15-07-1314StAnna-107.jpg 688w\" sizes=\"auto, (max-width: 480px) 100vw, 480px\" \/><\/a><\/p>\n","protected":false},"excerpt":{"rendered":"<p>Le petit groupe \u00e9tait\u00a0log\u00e9 tr\u00e8s confortablement dans le \u00ab\u00a0rifugio\u00a0\u00bb du sanctuaire Sant&rsquo;Anna di Vinadio, o\u00f9\u00a0\u00a0les hirondelles de fen\u00eatre et les chocards \u00e0 bec jaune nourrissaient leurs\u00a0petits sous les toits et une bergeronnette grise chassait les insectes au pied des b\u00e2timents. Nous avons\u00a0bien profit\u00e9 de\u00a0deux belles journ\u00e9es ensoleill\u00e9es \u00e0\u00a0nous promener et observer la faune locale.\u00a0Maguy nous [&hellip;]<\/p>\n","protected":false},"author":15,"featured_media":1330,"comment_status":"open","ping_status":"open","sticky":false,"template":"","format":"standard","meta":{"footnotes":""},"categories":[1],"tags":[],"class_list":["post-1326","post","type-post","status-publish","format-standard","has-post-thumbnail","hentry","category-sorties-nature"],"yoast_head":"<!-- This site is optimized with the Yoast SEO plugin v28.3 - https:\/\/yoast.com\/product\/yoast-seo-wordpress\/ -->\n<title>S\u00e9jour ornitho \u00e0 Sant&#039;Anna, Province de Cuneo, Italie les 13 et 14 juillet 2015 - Groupe local Nice<\/title>\n<meta name=\"robots\" content=\"index, follow, max-snippet:-1, max-image-preview:large, max-video-preview:-1\" \/>\n<link rel=\"canonical\" href=\"https:\/\/paca.lpo.fr\/blogs\/nice\/2015\/07\/19\/sejour-ornitho-a-santanna-province-de-cuneo-italie-les-13-et-14-juillet-2015\/\" \/>\n<meta property=\"og:locale\" content=\"fr_FR\" \/>\n<meta property=\"og:type\" content=\"article\" \/>\n<meta property=\"og:title\" content=\"S\u00e9jour ornitho \u00e0 Sant&#039;Anna, Province de Cuneo, Italie les 13 et 14 juillet 2015 - Groupe local Nice\" \/>\n<meta property=\"og:description\" content=\"Le petit groupe \u00e9tait\u00a0log\u00e9 tr\u00e8s confortablement dans le \u00ab\u00a0rifugio\u00a0\u00bb du sanctuaire Sant&rsquo;Anna di Vinadio, o\u00f9\u00a0\u00a0les hirondelles de fen\u00eatre et les chocards \u00e0 bec jaune nourrissaient leurs\u00a0petits sous les toits et une bergeronnette grise chassait les insectes au pied des b\u00e2timents. Nous avons\u00a0bien profit\u00e9 de\u00a0deux belles journ\u00e9es ensoleill\u00e9es \u00e0\u00a0nous promener et observer la faune locale.\u00a0Maguy nous [&hellip;]\" \/>\n<meta property=\"og:url\" content=\"https:\/\/paca.lpo.fr\/blogs\/nice\/2015\/07\/19\/sejour-ornitho-a-santanna-province-de-cuneo-italie-les-13-et-14-juillet-2015\/\" \/>\n<meta property=\"og:site_name\" content=\"Groupe local Nice\" \/>\n<meta property=\"article:published_time\" content=\"2015-07-19T14:14:55+00:00\" \/>\n<meta property=\"article:modified_time\" content=\"2015-07-22T08:28:32+00:00\" \/>\n<meta property=\"og:image\" content=\"https:\/\/paca.lpo.fr\/blogs\/nice\/files\/2015\/07\/blog15-07-1314StAnna-042.jpg\" \/>\n\t<meta property=\"og:image:width\" content=\"602\" \/>\n\t<meta property=\"og:image:height\" content=\"416\" \/>\n\t<meta property=\"og:image:type\" content=\"image\/jpeg\" \/>\n<meta name=\"author\" content=\"Groupe local Paillon-B\u00e9v\u00e9ra\" \/>\n<meta name=\"twitter:card\" content=\"summary_large_image\" \/>\n<meta name=\"twitter:label1\" content=\"\u00c9crit par\" \/>\n\t<meta name=\"twitter:data1\" content=\"Groupe local Paillon-B\u00e9v\u00e9ra\" \/>\n\t<meta name=\"twitter:label2\" content=\"Dur\u00e9e de lecture estim\u00e9e\" \/>\n\t<meta name=\"twitter:data2\" content=\"1 minute\" \/>\n<script type=\"application\/ld+json\" class=\"yoast-schema-graph\">{\"@context\":\"https:\\\/\\\/schema.org\",\"@graph\":[{\"@type\":\"Article\",\"@id\":\"https:\\\/\\\/paca.lpo.fr\\\/blogs\\\/nice\\\/2015\\\/07\\\/19\\\/sejour-ornitho-a-santanna-province-de-cuneo-italie-les-13-et-14-juillet-2015\\\/#article\",\"isPartOf\":{\"@id\":\"https:\\\/\\\/paca.lpo.fr\\\/blogs\\\/nice\\\/2015\\\/07\\\/19\\\/sejour-ornitho-a-santanna-province-de-cuneo-italie-les-13-et-14-juillet-2015\\\/\"},\"author\":{\"name\":\"Groupe local Paillon-B\u00e9v\u00e9ra\",\"@id\":\"https:\\\/\\\/paca.lpo.fr\\\/blogs\\\/nice\\\/#\\\/schema\\\/person\\\/1bda33335fb71e0b3552487db26a4c56\"},\"headline\":\"S\u00e9jour ornitho \u00e0 Sant&rsquo;Anna, Province de Cuneo, Italie les 13 et 14 juillet 2015\",\"datePublished\":\"2015-07-19T14:14:55+00:00\",\"dateModified\":\"2015-07-22T08:28:32+00:00\",\"mainEntityOfPage\":{\"@id\":\"https:\\\/\\\/paca.lpo.fr\\\/blogs\\\/nice\\\/2015\\\/07\\\/19\\\/sejour-ornitho-a-santanna-province-de-cuneo-italie-les-13-et-14-juillet-2015\\\/\"},\"wordCount\":151,\"commentCount\":0,\"publisher\":{\"@id\":\"https:\\\/\\\/paca.lpo.fr\\\/blogs\\\/nice\\\/#organization\"},\"image\":{\"@id\":\"https:\\\/\\\/paca.lpo.fr\\\/blogs\\\/nice\\\/2015\\\/07\\\/19\\\/sejour-ornitho-a-santanna-province-de-cuneo-italie-les-13-et-14-juillet-2015\\\/#primaryimage\"},\"thumbnailUrl\":\"https:\\\/\\\/paca.lpo.fr\\\/blogs\\\/nice\\\/files\\\/2015\\\/07\\\/blog15-07-1314StAnna-042.jpg\",\"articleSection\":[\"grands \u00e9v\u00e8nements\"],\"inLanguage\":\"fr-FR\",\"potentialAction\":[{\"@type\":\"CommentAction\",\"name\":\"Comment\",\"target\":[\"https:\\\/\\\/paca.lpo.fr\\\/blogs\\\/nice\\\/2015\\\/07\\\/19\\\/sejour-ornitho-a-santanna-province-de-cuneo-italie-les-13-et-14-juillet-2015\\\/#respond\"]}]},{\"@type\":\"WebPage\",\"@id\":\"https:\\\/\\\/paca.lpo.fr\\\/blogs\\\/nice\\\/2015\\\/07\\\/19\\\/sejour-ornitho-a-santanna-province-de-cuneo-italie-les-13-et-14-juillet-2015\\\/\",\"url\":\"https:\\\/\\\/paca.lpo.fr\\\/blogs\\\/nice\\\/2015\\\/07\\\/19\\\/sejour-ornitho-a-santanna-province-de-cuneo-italie-les-13-et-14-juillet-2015\\\/\",\"name\":\"S\u00e9jour ornitho \u00e0 Sant'Anna, Province de Cuneo, Italie les 13 et 14 juillet 2015 - Groupe local Nice\",\"isPartOf\":{\"@id\":\"https:\\\/\\\/paca.lpo.fr\\\/blogs\\\/nice\\\/#website\"},\"primaryImageOfPage\":{\"@id\":\"https:\\\/\\\/paca.lpo.fr\\\/blogs\\\/nice\\\/2015\\\/07\\\/19\\\/sejour-ornitho-a-santanna-province-de-cuneo-italie-les-13-et-14-juillet-2015\\\/#primaryimage\"},\"image\":{\"@id\":\"https:\\\/\\\/paca.lpo.fr\\\/blogs\\\/nice\\\/2015\\\/07\\\/19\\\/sejour-ornitho-a-santanna-province-de-cuneo-italie-les-13-et-14-juillet-2015\\\/#primaryimage\"},\"thumbnailUrl\":\"https:\\\/\\\/paca.lpo.fr\\\/blogs\\\/nice\\\/files\\\/2015\\\/07\\\/blog15-07-1314StAnna-042.jpg\",\"datePublished\":\"2015-07-19T14:14:55+00:00\",\"dateModified\":\"2015-07-22T08:28:32+00:00\",\"breadcrumb\":{\"@id\":\"https:\\\/\\\/paca.lpo.fr\\\/blogs\\\/nice\\\/2015\\\/07\\\/19\\\/sejour-ornitho-a-santanna-province-de-cuneo-italie-les-13-et-14-juillet-2015\\\/#breadcrumb\"},\"inLanguage\":\"fr-FR\",\"potentialAction\":[{\"@type\":\"ReadAction\",\"target\":[\"https:\\\/\\\/paca.lpo.fr\\\/blogs\\\/nice\\\/2015\\\/07\\\/19\\\/sejour-ornitho-a-santanna-province-de-cuneo-italie-les-13-et-14-juillet-2015\\\/\"]}]},{\"@type\":\"ImageObject\",\"inLanguage\":\"fr-FR\",\"@id\":\"https:\\\/\\\/paca.lpo.fr\\\/blogs\\\/nice\\\/2015\\\/07\\\/19\\\/sejour-ornitho-a-santanna-province-de-cuneo-italie-les-13-et-14-juillet-2015\\\/#primaryimage\",\"url\":\"https:\\\/\\\/paca.lpo.fr\\\/blogs\\\/nice\\\/files\\\/2015\\\/07\\\/blog15-07-1314StAnna-042.jpg\",\"contentUrl\":\"https:\\\/\\\/paca.lpo.fr\\\/blogs\\\/nice\\\/files\\\/2015\\\/07\\\/blog15-07-1314StAnna-042.jpg\",\"width\":602,\"height\":416},{\"@type\":\"BreadcrumbList\",\"@id\":\"https:\\\/\\\/paca.lpo.fr\\\/blogs\\\/nice\\\/2015\\\/07\\\/19\\\/sejour-ornitho-a-santanna-province-de-cuneo-italie-les-13-et-14-juillet-2015\\\/#breadcrumb\",\"itemListElement\":[{\"@type\":\"ListItem\",\"position\":1,\"name\":\"Accueil\",\"item\":\"https:\\\/\\\/paca.lpo.fr\\\/blogs\\\/nice\\\/\"},{\"@type\":\"ListItem\",\"position\":2,\"name\":\"S\u00e9jour ornitho \u00e0 Sant&rsquo;Anna, Province de Cuneo, Italie les 13 et 14 juillet 2015\"}]},{\"@type\":\"WebSite\",\"@id\":\"https:\\\/\\\/paca.lpo.fr\\\/blogs\\\/nice\\\/#website\",\"url\":\"https:\\\/\\\/paca.lpo.fr\\\/blogs\\\/nice\\\/\",\"name\":\"Groupe local Nice\",\"description\":\"Groupe local Nice\",\"publisher\":{\"@id\":\"https:\\\/\\\/paca.lpo.fr\\\/blogs\\\/nice\\\/#organization\"},\"potentialAction\":[{\"@type\":\"SearchAction\",\"target\":{\"@type\":\"EntryPoint\",\"urlTemplate\":\"https:\\\/\\\/paca.lpo.fr\\\/blogs\\\/nice\\\/?s={search_term_string}\"},\"query-input\":{\"@type\":\"PropertyValueSpecification\",\"valueRequired\":true,\"valueName\":\"search_term_string\"}}],\"inLanguage\":\"fr-FR\"},{\"@type\":\"Organization\",\"@id\":\"https:\\\/\\\/paca.lpo.fr\\\/blogs\\\/nice\\\/#organization\",\"name\":\"Groupe local Nice\",\"url\":\"https:\\\/\\\/paca.lpo.fr\\\/blogs\\\/nice\\\/\",\"logo\":{\"@type\":\"ImageObject\",\"inLanguage\":\"fr-FR\",\"@id\":\"https:\\\/\\\/paca.lpo.fr\\\/blogs\\\/nice\\\/#\\\/schema\\\/logo\\\/image\\\/\",\"url\":\"https:\\\/\\\/paca.lpo.fr\\\/blogs\\\/nice\\\/files\\\/2024\\\/01\\\/cropped-rvb-lpo-paca-logotype-signature-droite-mini-500.jpg\",\"contentUrl\":\"https:\\\/\\\/paca.lpo.fr\\\/blogs\\\/nice\\\/files\\\/2024\\\/01\\\/cropped-rvb-lpo-paca-logotype-signature-droite-mini-500.jpg\",\"width\":500,\"height\":210,\"caption\":\"Groupe local Nice\"},\"image\":{\"@id\":\"https:\\\/\\\/paca.lpo.fr\\\/blogs\\\/nice\\\/#\\\/schema\\\/logo\\\/image\\\/\"}},{\"@type\":\"Person\",\"@id\":\"https:\\\/\\\/paca.lpo.fr\\\/blogs\\\/nice\\\/#\\\/schema\\\/person\\\/1bda33335fb71e0b3552487db26a4c56\",\"name\":\"Groupe local Paillon-B\u00e9v\u00e9ra\",\"image\":{\"@type\":\"ImageObject\",\"inLanguage\":\"fr-FR\",\"@id\":\"https:\\\/\\\/secure.gravatar.com\\\/avatar\\\/b1ee285506e2cb880ec988990d360e255aecb31c77212741dace1023623610c2?s=96&d=mm&r=g\",\"url\":\"https:\\\/\\\/secure.gravatar.com\\\/avatar\\\/b1ee285506e2cb880ec988990d360e255aecb31c77212741dace1023623610c2?s=96&d=mm&r=g\",\"contentUrl\":\"https:\\\/\\\/secure.gravatar.com\\\/avatar\\\/b1ee285506e2cb880ec988990d360e255aecb31c77212741dace1023623610c2?s=96&d=mm&r=g\",\"caption\":\"Groupe local Paillon-B\u00e9v\u00e9ra\"},\"url\":\"https:\\\/\\\/paca.lpo.fr\\\/blogs\\\/nice\\\/author\\\/alpesmaritimesest\\\/\"}]}<\/script>\n<!-- \/ Yoast SEO plugin. -->","yoast_head_json":{"title":"S\u00e9jour ornitho \u00e0 Sant'Anna, Province de Cuneo, Italie les 13 et 14 juillet 2015 - Groupe local Nice","robots":{"index":"index","follow":"follow","max-snippet":"max-snippet:-1","max-image-preview":"max-image-preview:large","max-video-preview":"max-video-preview:-1"},"canonical":"https:\/\/paca.lpo.fr\/blogs\/nice\/2015\/07\/19\/sejour-ornitho-a-santanna-province-de-cuneo-italie-les-13-et-14-juillet-2015\/","og_locale":"fr_FR","og_type":"article","og_title":"S\u00e9jour ornitho \u00e0 Sant'Anna, Province de Cuneo, Italie les 13 et 14 juillet 2015 - Groupe local Nice","og_description":"Le petit groupe \u00e9tait\u00a0log\u00e9 tr\u00e8s confortablement dans le \u00ab\u00a0rifugio\u00a0\u00bb du sanctuaire Sant&rsquo;Anna di Vinadio, o\u00f9\u00a0\u00a0les hirondelles de fen\u00eatre et les chocards \u00e0 bec jaune nourrissaient leurs\u00a0petits sous les toits et une bergeronnette grise chassait les insectes au pied des b\u00e2timents. Nous avons\u00a0bien profit\u00e9 de\u00a0deux belles journ\u00e9es ensoleill\u00e9es \u00e0\u00a0nous promener et observer la faune locale.\u00a0Maguy nous [&hellip;]","og_url":"https:\/\/paca.lpo.fr\/blogs\/nice\/2015\/07\/19\/sejour-ornitho-a-santanna-province-de-cuneo-italie-les-13-et-14-juillet-2015\/","og_site_name":"Groupe local Nice","article_published_time":"2015-07-19T14:14:55+00:00","article_modified_time":"2015-07-22T08:28:32+00:00","og_image":[{"width":602,"height":416,"url":"https:\/\/paca.lpo.fr\/blogs\/nice\/files\/2015\/07\/blog15-07-1314StAnna-042.jpg","type":"image\/jpeg"}],"author":"Groupe local Paillon-B\u00e9v\u00e9ra","twitter_card":"summary_large_image","twitter_misc":{"\u00c9crit par":"Groupe local Paillon-B\u00e9v\u00e9ra","Dur\u00e9e de lecture estim\u00e9e":"1 minute"},"schema":{"@context":"https:\/\/schema.org","@graph":[{"@type":"Article","@id":"https:\/\/paca.lpo.fr\/blogs\/nice\/2015\/07\/19\/sejour-ornitho-a-santanna-province-de-cuneo-italie-les-13-et-14-juillet-2015\/#article","isPartOf":{"@id":"https:\/\/paca.lpo.fr\/blogs\/nice\/2015\/07\/19\/sejour-ornitho-a-santanna-province-de-cuneo-italie-les-13-et-14-juillet-2015\/"},"author":{"name":"Groupe local Paillon-B\u00e9v\u00e9ra","@id":"https:\/\/paca.lpo.fr\/blogs\/nice\/#\/schema\/person\/1bda33335fb71e0b3552487db26a4c56"},"headline":"S\u00e9jour ornitho \u00e0 Sant&rsquo;Anna, Province de Cuneo, Italie les 13 et 14 juillet 2015","datePublished":"2015-07-19T14:14:55+00:00","dateModified":"2015-07-22T08:28:32+00:00","mainEntityOfPage":{"@id":"https:\/\/paca.lpo.fr\/blogs\/nice\/2015\/07\/19\/sejour-ornitho-a-santanna-province-de-cuneo-italie-les-13-et-14-juillet-2015\/"},"wordCount":151,"commentCount":0,"publisher":{"@id":"https:\/\/paca.lpo.fr\/blogs\/nice\/#organization"},"image":{"@id":"https:\/\/paca.lpo.fr\/blogs\/nice\/2015\/07\/19\/sejour-ornitho-a-santanna-province-de-cuneo-italie-les-13-et-14-juillet-2015\/#primaryimage"},"thumbnailUrl":"https:\/\/paca.lpo.fr\/blogs\/nice\/files\/2015\/07\/blog15-07-1314StAnna-042.jpg","articleSection":["grands \u00e9v\u00e8nements"],"inLanguage":"fr-FR","potentialAction":[{"@type":"CommentAction","name":"Comment","target":["https:\/\/paca.lpo.fr\/blogs\/nice\/2015\/07\/19\/sejour-ornitho-a-santanna-province-de-cuneo-italie-les-13-et-14-juillet-2015\/#respond"]}]},{"@type":"WebPage","@id":"https:\/\/paca.lpo.fr\/blogs\/nice\/2015\/07\/19\/sejour-ornitho-a-santanna-province-de-cuneo-italie-les-13-et-14-juillet-2015\/","url":"https:\/\/paca.lpo.fr\/blogs\/nice\/2015\/07\/19\/sejour-ornitho-a-santanna-province-de-cuneo-italie-les-13-et-14-juillet-2015\/","name":"S\u00e9jour ornitho \u00e0 Sant'Anna, Province de Cuneo, Italie les 13 et 14 juillet 2015 - Groupe local Nice","isPartOf":{"@id":"https:\/\/paca.lpo.fr\/blogs\/nice\/#website"},"primaryImageOfPage":{"@id":"https:\/\/paca.lpo.fr\/blogs\/nice\/2015\/07\/19\/sejour-ornitho-a-santanna-province-de-cuneo-italie-les-13-et-14-juillet-2015\/#primaryimage"},"image":{"@id":"https:\/\/paca.lpo.fr\/blogs\/nice\/2015\/07\/19\/sejour-ornitho-a-santanna-province-de-cuneo-italie-les-13-et-14-juillet-2015\/#primaryimage"},"thumbnailUrl":"https:\/\/paca.lpo.fr\/blogs\/nice\/files\/2015\/07\/blog15-07-1314StAnna-042.jpg","datePublished":"2015-07-19T14:14:55+00:00","dateModified":"2015-07-22T08:28:32+00:00","breadcrumb":{"@id":"https:\/\/paca.lpo.fr\/blogs\/nice\/2015\/07\/19\/sejour-ornitho-a-santanna-province-de-cuneo-italie-les-13-et-14-juillet-2015\/#breadcrumb"},"inLanguage":"fr-FR","potentialAction":[{"@type":"ReadAction","target":["https:\/\/paca.lpo.fr\/blogs\/nice\/2015\/07\/19\/sejour-ornitho-a-santanna-province-de-cuneo-italie-les-13-et-14-juillet-2015\/"]}]},{"@type":"ImageObject","inLanguage":"fr-FR","@id":"https:\/\/paca.lpo.fr\/blogs\/nice\/2015\/07\/19\/sejour-ornitho-a-santanna-province-de-cuneo-italie-les-13-et-14-juillet-2015\/#primaryimage","url":"https:\/\/paca.lpo.fr\/blogs\/nice\/files\/2015\/07\/blog15-07-1314StAnna-042.jpg","contentUrl":"https:\/\/paca.lpo.fr\/blogs\/nice\/files\/2015\/07\/blog15-07-1314StAnna-042.jpg","width":602,"height":416},{"@type":"BreadcrumbList","@id":"https:\/\/paca.lpo.fr\/blogs\/nice\/2015\/07\/19\/sejour-ornitho-a-santanna-province-de-cuneo-italie-les-13-et-14-juillet-2015\/#breadcrumb","itemListElement":[{"@type":"ListItem","position":1,"name":"Accueil","item":"https:\/\/paca.lpo.fr\/blogs\/nice\/"},{"@type":"ListItem","position":2,"name":"S\u00e9jour ornitho \u00e0 Sant&rsquo;Anna, Province de Cuneo, Italie les 13 et 14 juillet 2015"}]},{"@type":"WebSite","@id":"https:\/\/paca.lpo.fr\/blogs\/nice\/#website","url":"https:\/\/paca.lpo.fr\/blogs\/nice\/","name":"Groupe local Nice","description":"Groupe local Nice","publisher":{"@id":"https:\/\/paca.lpo.fr\/blogs\/nice\/#organization"},"potentialAction":[{"@type":"SearchAction","target":{"@type":"EntryPoint","urlTemplate":"https:\/\/paca.lpo.fr\/blogs\/nice\/?s={search_term_string}"},"query-input":{"@type":"PropertyValueSpecification","valueRequired":true,"valueName":"search_term_string"}}],"inLanguage":"fr-FR"},{"@type":"Organization","@id":"https:\/\/paca.lpo.fr\/blogs\/nice\/#organization","name":"Groupe local Nice","url":"https:\/\/paca.lpo.fr\/blogs\/nice\/","logo":{"@type":"ImageObject","inLanguage":"fr-FR","@id":"https:\/\/paca.lpo.fr\/blogs\/nice\/#\/schema\/logo\/image\/","url":"https:\/\/paca.lpo.fr\/blogs\/nice\/files\/2024\/01\/cropped-rvb-lpo-paca-logotype-signature-droite-mini-500.jpg","contentUrl":"https:\/\/paca.lpo.fr\/blogs\/nice\/files\/2024\/01\/cropped-rvb-lpo-paca-logotype-signature-droite-mini-500.jpg","width":500,"height":210,"caption":"Groupe local Nice"},"image":{"@id":"https:\/\/paca.lpo.fr\/blogs\/nice\/#\/schema\/logo\/image\/"}},{"@type":"Person","@id":"https:\/\/paca.lpo.fr\/blogs\/nice\/#\/schema\/person\/1bda33335fb71e0b3552487db26a4c56","name":"Groupe local Paillon-B\u00e9v\u00e9ra","image":{"@type":"ImageObject","inLanguage":"fr-FR","@id":"https:\/\/secure.gravatar.com\/avatar\/b1ee285506e2cb880ec988990d360e255aecb31c77212741dace1023623610c2?s=96&d=mm&r=g","url":"https:\/\/secure.gravatar.com\/avatar\/b1ee285506e2cb880ec988990d360e255aecb31c77212741dace1023623610c2?s=96&d=mm&r=g","contentUrl":"https:\/\/secure.gravatar.com\/avatar\/b1ee285506e2cb880ec988990d360e255aecb31c77212741dace1023623610c2?s=96&d=mm&r=g","caption":"Groupe local Paillon-B\u00e9v\u00e9ra"},"url":"https:\/\/paca.lpo.fr\/blogs\/nice\/author\/alpesmaritimesest\/"}]}},"jetpack_featured_media_url":"https:\/\/paca.lpo.fr\/blogs\/nice\/files\/2015\/07\/blog15-07-1314StAnna-042.jpg","_links":{"self":[{"href":"https:\/\/paca.lpo.fr\/blogs\/nice\/wp-json\/wp\/v2\/posts\/1326","targetHints":{"allow":["GET"]}}],"collection":[{"href":"https:\/\/paca.lpo.fr\/blogs\/nice\/wp-json\/wp\/v2\/posts"}],"about":[{"href":"https:\/\/paca.lpo.fr\/blogs\/nice\/wp-json\/wp\/v2\/types\/post"}],"author":[{"embeddable":true,"href":"https:\/\/paca.lpo.fr\/blogs\/nice\/wp-json\/wp\/v2\/users\/15"}],"replies":[{"embeddable":true,"href":"https:\/\/paca.lpo.fr\/blogs\/nice\/wp-json\/wp\/v2\/comments?post=1326"}],"version-history":[{"count":4,"href":"https:\/\/paca.lpo.fr\/blogs\/nice\/wp-json\/wp\/v2\/posts\/1326\/revisions"}],"predecessor-version":[{"id":1336,"href":"https:\/\/paca.lpo.fr\/blogs\/nice\/wp-json\/wp\/v2\/posts\/1326\/revisions\/1336"}],"wp:featuredmedia":[{"embeddable":true,"href":"https:\/\/paca.lpo.fr\/blogs\/nice\/wp-json\/wp\/v2\/media\/1330"}],"wp:attachment":[{"href":"https:\/\/paca.lpo.fr\/blogs\/nice\/wp-json\/wp\/v2\/media?parent=1326"}],"wp:term":[{"taxonomy":"category","embeddable":true,"href":"https:\/\/paca.lpo.fr\/blogs\/nice\/wp-json\/wp\/v2\/categories?post=1326"},{"taxonomy":"post_tag","embeddable":true,"href":"https:\/\/paca.lpo.fr\/blogs\/nice\/wp-json\/wp\/v2\/tags?post=1326"}],"curies":[{"name":"wp","href":"https:\/\/api.w.org\/{rel}","templated":true}]}}