{"id":1343,"date":"2015-08-15T08:34:09","date_gmt":"2015-08-15T07:34:09","guid":{"rendered":"https:\/\/paca.lpo.fr\/blogs\/nice\/?p=1343"},"modified":"2015-08-15T15:26:30","modified_gmt":"2015-08-15T14:26:30","slug":"soiree-chouettes-et-hiboux-au-parc-destienne-dorves-nice-le-12-aout-2015","status":"publish","type":"post","link":"https:\/\/paca.lpo.fr\/blogs\/nice\/2015\/08\/15\/soiree-chouettes-et-hiboux-au-parc-destienne-dorves-nice-le-12-aout-2015\/","title":{"rendered":"Soir\u00e9e chouettes et hiboux au parc d&rsquo;Estienne d&rsquo;Orves, Nice, le 12 ao\u00fbt 2015"},"content":{"rendered":"<p>26 participants ont suivi Eve, notre animatrice, pour une belle balade dans la fraicheur de la soir\u00e9e et une animation sur les rapaces nocturnes. Petits et grands ont \u00e9tudi\u00e9 les pelotes de r\u00e9jection, puis 3 petits ducs soign\u00e9s au Centre R\u00e9gional de Sauvegarde de la Faune Sauvage \u00e0 Buoux ont \u00e9t\u00e9 rel\u00e2ch\u00e9s. En pleine forme ils sont vite partis d\u00e9couvrir le joli parc ni\u00e7ois.<a href=\"https:\/\/paca.lpo.fr\/blogs\/nice\/files\/2015\/08\/2015-08-12animEstienne-dOrves-014.jpg\"><img loading=\"lazy\" decoding=\"async\" class=\"alignnone size-medium wp-image-1344\" src=\"https:\/\/paca.lpo.fr\/blogs\/nice\/files\/2015\/08\/2015-08-12animEstienne-dOrves-014-480x361.jpg\" alt=\"2015-08-12animEstienne d'Orves 014\" width=\"480\" height=\"361\" srcset=\"https:\/\/paca.lpo.fr\/blogs\/nice\/files\/2015\/08\/2015-08-12animEstienne-dOrves-014-480x361.jpg 480w, https:\/\/paca.lpo.fr\/blogs\/nice\/files\/2015\/08\/2015-08-12animEstienne-dOrves-014-700x526.jpg 700w, https:\/\/paca.lpo.fr\/blogs\/nice\/files\/2015\/08\/2015-08-12animEstienne-dOrves-014.jpg 706w\" sizes=\"auto, (max-width: 480px) 100vw, 480px\" \/><\/a><\/p>\n","protected":false},"excerpt":{"rendered":"<p>26 participants ont suivi Eve, notre animatrice, pour une belle balade dans la fraicheur de la soir\u00e9e et une animation sur les rapaces nocturnes. Petits et grands ont \u00e9tudi\u00e9 les pelotes de r\u00e9jection, puis 3 petits ducs soign\u00e9s au Centre R\u00e9gional de Sauvegarde de la Faune Sauvage \u00e0 Buoux ont \u00e9t\u00e9 rel\u00e2ch\u00e9s. En pleine forme [&hellip;]<\/p>\n","protected":false},"author":15,"featured_media":1348,"comment_status":"open","ping_status":"open","sticky":false,"template":"","format":"standard","meta":{"footnotes":""},"categories":[1],"tags":[],"class_list":["post-1343","post","type-post","status-publish","format-standard","has-post-thumbnail","hentry","category-sorties-nature"],"yoast_head":"<!-- This site is optimized with the Yoast SEO plugin v28.3 - https:\/\/yoast.com\/product\/yoast-seo-wordpress\/ -->\n<title>Soir\u00e9e chouettes et hiboux au parc d&#039;Estienne d&#039;Orves, Nice, le 12 ao\u00fbt 2015 - Groupe local Nice<\/title>\n<meta name=\"robots\" content=\"index, follow, max-snippet:-1, max-image-preview:large, max-video-preview:-1\" \/>\n<link rel=\"canonical\" href=\"https:\/\/paca.lpo.fr\/blogs\/nice\/2015\/08\/15\/soiree-chouettes-et-hiboux-au-parc-destienne-dorves-nice-le-12-aout-2015\/\" \/>\n<meta property=\"og:locale\" content=\"fr_FR\" \/>\n<meta property=\"og:type\" content=\"article\" \/>\n<meta property=\"og:title\" content=\"Soir\u00e9e chouettes et hiboux au parc d&#039;Estienne d&#039;Orves, Nice, le 12 ao\u00fbt 2015 - Groupe local Nice\" \/>\n<meta property=\"og:description\" content=\"26 participants ont suivi Eve, notre animatrice, pour une belle balade dans la fraicheur de la soir\u00e9e et une animation sur les rapaces nocturnes. Petits et grands ont \u00e9tudi\u00e9 les pelotes de r\u00e9jection, puis 3 petits ducs soign\u00e9s au Centre R\u00e9gional de Sauvegarde de la Faune Sauvage \u00e0 Buoux ont \u00e9t\u00e9 rel\u00e2ch\u00e9s. En pleine forme [&hellip;]\" \/>\n<meta property=\"og:url\" content=\"https:\/\/paca.lpo.fr\/blogs\/nice\/2015\/08\/15\/soiree-chouettes-et-hiboux-au-parc-destienne-dorves-nice-le-12-aout-2015\/\" \/>\n<meta property=\"og:site_name\" content=\"Groupe local Nice\" \/>\n<meta property=\"article:published_time\" content=\"2015-08-15T07:34:09+00:00\" \/>\n<meta property=\"article:modified_time\" content=\"2015-08-15T14:26:30+00:00\" \/>\n<meta property=\"og:image\" content=\"https:\/\/paca.lpo.fr\/blogs\/nice\/files\/2015\/08\/2015-08-12animEstienne-dOrves-0491.jpg\" \/>\n\t<meta property=\"og:image:width\" content=\"607\" \/>\n\t<meta property=\"og:image:height\" content=\"455\" \/>\n\t<meta property=\"og:image:type\" content=\"image\/jpeg\" \/>\n<meta name=\"author\" content=\"Groupe local Paillon-B\u00e9v\u00e9ra\" \/>\n<meta name=\"twitter:card\" content=\"summary_large_image\" \/>\n<meta name=\"twitter:label1\" content=\"\u00c9crit par\" \/>\n\t<meta name=\"twitter:data1\" content=\"Groupe local Paillon-B\u00e9v\u00e9ra\" \/>\n<script type=\"application\/ld+json\" class=\"yoast-schema-graph\">{\"@context\":\"https:\\\/\\\/schema.org\",\"@graph\":[{\"@type\":\"Article\",\"@id\":\"https:\\\/\\\/paca.lpo.fr\\\/blogs\\\/nice\\\/2015\\\/08\\\/15\\\/soiree-chouettes-et-hiboux-au-parc-destienne-dorves-nice-le-12-aout-2015\\\/#article\",\"isPartOf\":{\"@id\":\"https:\\\/\\\/paca.lpo.fr\\\/blogs\\\/nice\\\/2015\\\/08\\\/15\\\/soiree-chouettes-et-hiboux-au-parc-destienne-dorves-nice-le-12-aout-2015\\\/\"},\"author\":{\"name\":\"Groupe local Paillon-B\u00e9v\u00e9ra\",\"@id\":\"https:\\\/\\\/paca.lpo.fr\\\/blogs\\\/nice\\\/#\\\/schema\\\/person\\\/1bda33335fb71e0b3552487db26a4c56\"},\"headline\":\"Soir\u00e9e chouettes et hiboux au parc d&rsquo;Estienne d&rsquo;Orves, Nice, le 12 ao\u00fbt 2015\",\"datePublished\":\"2015-08-15T07:34:09+00:00\",\"dateModified\":\"2015-08-15T14:26:30+00:00\",\"mainEntityOfPage\":{\"@id\":\"https:\\\/\\\/paca.lpo.fr\\\/blogs\\\/nice\\\/2015\\\/08\\\/15\\\/soiree-chouettes-et-hiboux-au-parc-destienne-dorves-nice-le-12-aout-2015\\\/\"},\"wordCount\":84,\"commentCount\":0,\"publisher\":{\"@id\":\"https:\\\/\\\/paca.lpo.fr\\\/blogs\\\/nice\\\/#organization\"},\"image\":{\"@id\":\"https:\\\/\\\/paca.lpo.fr\\\/blogs\\\/nice\\\/2015\\\/08\\\/15\\\/soiree-chouettes-et-hiboux-au-parc-destienne-dorves-nice-le-12-aout-2015\\\/#primaryimage\"},\"thumbnailUrl\":\"https:\\\/\\\/paca.lpo.fr\\\/blogs\\\/nice\\\/files\\\/2015\\\/08\\\/2015-08-12animEstienne-dOrves-0491.jpg\",\"articleSection\":[\"grands \u00e9v\u00e8nements\"],\"inLanguage\":\"fr-FR\",\"potentialAction\":[{\"@type\":\"CommentAction\",\"name\":\"Comment\",\"target\":[\"https:\\\/\\\/paca.lpo.fr\\\/blogs\\\/nice\\\/2015\\\/08\\\/15\\\/soiree-chouettes-et-hiboux-au-parc-destienne-dorves-nice-le-12-aout-2015\\\/#respond\"]}]},{\"@type\":\"WebPage\",\"@id\":\"https:\\\/\\\/paca.lpo.fr\\\/blogs\\\/nice\\\/2015\\\/08\\\/15\\\/soiree-chouettes-et-hiboux-au-parc-destienne-dorves-nice-le-12-aout-2015\\\/\",\"url\":\"https:\\\/\\\/paca.lpo.fr\\\/blogs\\\/nice\\\/2015\\\/08\\\/15\\\/soiree-chouettes-et-hiboux-au-parc-destienne-dorves-nice-le-12-aout-2015\\\/\",\"name\":\"Soir\u00e9e chouettes et hiboux au parc d'Estienne d'Orves, Nice, le 12 ao\u00fbt 2015 - Groupe local Nice\",\"isPartOf\":{\"@id\":\"https:\\\/\\\/paca.lpo.fr\\\/blogs\\\/nice\\\/#website\"},\"primaryImageOfPage\":{\"@id\":\"https:\\\/\\\/paca.lpo.fr\\\/blogs\\\/nice\\\/2015\\\/08\\\/15\\\/soiree-chouettes-et-hiboux-au-parc-destienne-dorves-nice-le-12-aout-2015\\\/#primaryimage\"},\"image\":{\"@id\":\"https:\\\/\\\/paca.lpo.fr\\\/blogs\\\/nice\\\/2015\\\/08\\\/15\\\/soiree-chouettes-et-hiboux-au-parc-destienne-dorves-nice-le-12-aout-2015\\\/#primaryimage\"},\"thumbnailUrl\":\"https:\\\/\\\/paca.lpo.fr\\\/blogs\\\/nice\\\/files\\\/2015\\\/08\\\/2015-08-12animEstienne-dOrves-0491.jpg\",\"datePublished\":\"2015-08-15T07:34:09+00:00\",\"dateModified\":\"2015-08-15T14:26:30+00:00\",\"breadcrumb\":{\"@id\":\"https:\\\/\\\/paca.lpo.fr\\\/blogs\\\/nice\\\/2015\\\/08\\\/15\\\/soiree-chouettes-et-hiboux-au-parc-destienne-dorves-nice-le-12-aout-2015\\\/#breadcrumb\"},\"inLanguage\":\"fr-FR\",\"potentialAction\":[{\"@type\":\"ReadAction\",\"target\":[\"https:\\\/\\\/paca.lpo.fr\\\/blogs\\\/nice\\\/2015\\\/08\\\/15\\\/soiree-chouettes-et-hiboux-au-parc-destienne-dorves-nice-le-12-aout-2015\\\/\"]}]},{\"@type\":\"ImageObject\",\"inLanguage\":\"fr-FR\",\"@id\":\"https:\\\/\\\/paca.lpo.fr\\\/blogs\\\/nice\\\/2015\\\/08\\\/15\\\/soiree-chouettes-et-hiboux-au-parc-destienne-dorves-nice-le-12-aout-2015\\\/#primaryimage\",\"url\":\"https:\\\/\\\/paca.lpo.fr\\\/blogs\\\/nice\\\/files\\\/2015\\\/08\\\/2015-08-12animEstienne-dOrves-0491.jpg\",\"contentUrl\":\"https:\\\/\\\/paca.lpo.fr\\\/blogs\\\/nice\\\/files\\\/2015\\\/08\\\/2015-08-12animEstienne-dOrves-0491.jpg\",\"width\":607,\"height\":455},{\"@type\":\"BreadcrumbList\",\"@id\":\"https:\\\/\\\/paca.lpo.fr\\\/blogs\\\/nice\\\/2015\\\/08\\\/15\\\/soiree-chouettes-et-hiboux-au-parc-destienne-dorves-nice-le-12-aout-2015\\\/#breadcrumb\",\"itemListElement\":[{\"@type\":\"ListItem\",\"position\":1,\"name\":\"Accueil\",\"item\":\"https:\\\/\\\/paca.lpo.fr\\\/blogs\\\/nice\\\/\"},{\"@type\":\"ListItem\",\"position\":2,\"name\":\"Soir\u00e9e chouettes et hiboux au parc d&rsquo;Estienne d&rsquo;Orves, Nice, le 12 ao\u00fbt 2015\"}]},{\"@type\":\"WebSite\",\"@id\":\"https:\\\/\\\/paca.lpo.fr\\\/blogs\\\/nice\\\/#website\",\"url\":\"https:\\\/\\\/paca.lpo.fr\\\/blogs\\\/nice\\\/\",\"name\":\"Groupe local Nice\",\"description\":\"Groupe local Nice\",\"publisher\":{\"@id\":\"https:\\\/\\\/paca.lpo.fr\\\/blogs\\\/nice\\\/#organization\"},\"potentialAction\":[{\"@type\":\"SearchAction\",\"target\":{\"@type\":\"EntryPoint\",\"urlTemplate\":\"https:\\\/\\\/paca.lpo.fr\\\/blogs\\\/nice\\\/?s={search_term_string}\"},\"query-input\":{\"@type\":\"PropertyValueSpecification\",\"valueRequired\":true,\"valueName\":\"search_term_string\"}}],\"inLanguage\":\"fr-FR\"},{\"@type\":\"Organization\",\"@id\":\"https:\\\/\\\/paca.lpo.fr\\\/blogs\\\/nice\\\/#organization\",\"name\":\"Groupe local Nice\",\"url\":\"https:\\\/\\\/paca.lpo.fr\\\/blogs\\\/nice\\\/\",\"logo\":{\"@type\":\"ImageObject\",\"inLanguage\":\"fr-FR\",\"@id\":\"https:\\\/\\\/paca.lpo.fr\\\/blogs\\\/nice\\\/#\\\/schema\\\/logo\\\/image\\\/\",\"url\":\"https:\\\/\\\/paca.lpo.fr\\\/blogs\\\/nice\\\/files\\\/2024\\\/01\\\/cropped-rvb-lpo-paca-logotype-signature-droite-mini-500.jpg\",\"contentUrl\":\"https:\\\/\\\/paca.lpo.fr\\\/blogs\\\/nice\\\/files\\\/2024\\\/01\\\/cropped-rvb-lpo-paca-logotype-signature-droite-mini-500.jpg\",\"width\":500,\"height\":210,\"caption\":\"Groupe local Nice\"},\"image\":{\"@id\":\"https:\\\/\\\/paca.lpo.fr\\\/blogs\\\/nice\\\/#\\\/schema\\\/logo\\\/image\\\/\"}},{\"@type\":\"Person\",\"@id\":\"https:\\\/\\\/paca.lpo.fr\\\/blogs\\\/nice\\\/#\\\/schema\\\/person\\\/1bda33335fb71e0b3552487db26a4c56\",\"name\":\"Groupe local Paillon-B\u00e9v\u00e9ra\",\"image\":{\"@type\":\"ImageObject\",\"inLanguage\":\"fr-FR\",\"@id\":\"https:\\\/\\\/secure.gravatar.com\\\/avatar\\\/b1ee285506e2cb880ec988990d360e255aecb31c77212741dace1023623610c2?s=96&d=mm&r=g\",\"url\":\"https:\\\/\\\/secure.gravatar.com\\\/avatar\\\/b1ee285506e2cb880ec988990d360e255aecb31c77212741dace1023623610c2?s=96&d=mm&r=g\",\"contentUrl\":\"https:\\\/\\\/secure.gravatar.com\\\/avatar\\\/b1ee285506e2cb880ec988990d360e255aecb31c77212741dace1023623610c2?s=96&d=mm&r=g\",\"caption\":\"Groupe local Paillon-B\u00e9v\u00e9ra\"},\"url\":\"https:\\\/\\\/paca.lpo.fr\\\/blogs\\\/nice\\\/author\\\/alpesmaritimesest\\\/\"}]}<\/script>\n<!-- \/ Yoast SEO plugin. -->","yoast_head_json":{"title":"Soir\u00e9e chouettes et hiboux au parc d'Estienne d'Orves, Nice, le 12 ao\u00fbt 2015 - Groupe local Nice","robots":{"index":"index","follow":"follow","max-snippet":"max-snippet:-1","max-image-preview":"max-image-preview:large","max-video-preview":"max-video-preview:-1"},"canonical":"https:\/\/paca.lpo.fr\/blogs\/nice\/2015\/08\/15\/soiree-chouettes-et-hiboux-au-parc-destienne-dorves-nice-le-12-aout-2015\/","og_locale":"fr_FR","og_type":"article","og_title":"Soir\u00e9e chouettes et hiboux au parc d'Estienne d'Orves, Nice, le 12 ao\u00fbt 2015 - Groupe local Nice","og_description":"26 participants ont suivi Eve, notre animatrice, pour une belle balade dans la fraicheur de la soir\u00e9e et une animation sur les rapaces nocturnes. Petits et grands ont \u00e9tudi\u00e9 les pelotes de r\u00e9jection, puis 3 petits ducs soign\u00e9s au Centre R\u00e9gional de Sauvegarde de la Faune Sauvage \u00e0 Buoux ont \u00e9t\u00e9 rel\u00e2ch\u00e9s. En pleine forme [&hellip;]","og_url":"https:\/\/paca.lpo.fr\/blogs\/nice\/2015\/08\/15\/soiree-chouettes-et-hiboux-au-parc-destienne-dorves-nice-le-12-aout-2015\/","og_site_name":"Groupe local Nice","article_published_time":"2015-08-15T07:34:09+00:00","article_modified_time":"2015-08-15T14:26:30+00:00","og_image":[{"width":607,"height":455,"url":"https:\/\/paca.lpo.fr\/blogs\/nice\/files\/2015\/08\/2015-08-12animEstienne-dOrves-0491.jpg","type":"image\/jpeg"}],"author":"Groupe local Paillon-B\u00e9v\u00e9ra","twitter_card":"summary_large_image","twitter_misc":{"\u00c9crit par":"Groupe local Paillon-B\u00e9v\u00e9ra"},"schema":{"@context":"https:\/\/schema.org","@graph":[{"@type":"Article","@id":"https:\/\/paca.lpo.fr\/blogs\/nice\/2015\/08\/15\/soiree-chouettes-et-hiboux-au-parc-destienne-dorves-nice-le-12-aout-2015\/#article","isPartOf":{"@id":"https:\/\/paca.lpo.fr\/blogs\/nice\/2015\/08\/15\/soiree-chouettes-et-hiboux-au-parc-destienne-dorves-nice-le-12-aout-2015\/"},"author":{"name":"Groupe local Paillon-B\u00e9v\u00e9ra","@id":"https:\/\/paca.lpo.fr\/blogs\/nice\/#\/schema\/person\/1bda33335fb71e0b3552487db26a4c56"},"headline":"Soir\u00e9e chouettes et hiboux au parc d&rsquo;Estienne d&rsquo;Orves, Nice, le 12 ao\u00fbt 2015","datePublished":"2015-08-15T07:34:09+00:00","dateModified":"2015-08-15T14:26:30+00:00","mainEntityOfPage":{"@id":"https:\/\/paca.lpo.fr\/blogs\/nice\/2015\/08\/15\/soiree-chouettes-et-hiboux-au-parc-destienne-dorves-nice-le-12-aout-2015\/"},"wordCount":84,"commentCount":0,"publisher":{"@id":"https:\/\/paca.lpo.fr\/blogs\/nice\/#organization"},"image":{"@id":"https:\/\/paca.lpo.fr\/blogs\/nice\/2015\/08\/15\/soiree-chouettes-et-hiboux-au-parc-destienne-dorves-nice-le-12-aout-2015\/#primaryimage"},"thumbnailUrl":"https:\/\/paca.lpo.fr\/blogs\/nice\/files\/2015\/08\/2015-08-12animEstienne-dOrves-0491.jpg","articleSection":["grands \u00e9v\u00e8nements"],"inLanguage":"fr-FR","potentialAction":[{"@type":"CommentAction","name":"Comment","target":["https:\/\/paca.lpo.fr\/blogs\/nice\/2015\/08\/15\/soiree-chouettes-et-hiboux-au-parc-destienne-dorves-nice-le-12-aout-2015\/#respond"]}]},{"@type":"WebPage","@id":"https:\/\/paca.lpo.fr\/blogs\/nice\/2015\/08\/15\/soiree-chouettes-et-hiboux-au-parc-destienne-dorves-nice-le-12-aout-2015\/","url":"https:\/\/paca.lpo.fr\/blogs\/nice\/2015\/08\/15\/soiree-chouettes-et-hiboux-au-parc-destienne-dorves-nice-le-12-aout-2015\/","name":"Soir\u00e9e chouettes et hiboux au parc d'Estienne d'Orves, Nice, le 12 ao\u00fbt 2015 - Groupe local Nice","isPartOf":{"@id":"https:\/\/paca.lpo.fr\/blogs\/nice\/#website"},"primaryImageOfPage":{"@id":"https:\/\/paca.lpo.fr\/blogs\/nice\/2015\/08\/15\/soiree-chouettes-et-hiboux-au-parc-destienne-dorves-nice-le-12-aout-2015\/#primaryimage"},"image":{"@id":"https:\/\/paca.lpo.fr\/blogs\/nice\/2015\/08\/15\/soiree-chouettes-et-hiboux-au-parc-destienne-dorves-nice-le-12-aout-2015\/#primaryimage"},"thumbnailUrl":"https:\/\/paca.lpo.fr\/blogs\/nice\/files\/2015\/08\/2015-08-12animEstienne-dOrves-0491.jpg","datePublished":"2015-08-15T07:34:09+00:00","dateModified":"2015-08-15T14:26:30+00:00","breadcrumb":{"@id":"https:\/\/paca.lpo.fr\/blogs\/nice\/2015\/08\/15\/soiree-chouettes-et-hiboux-au-parc-destienne-dorves-nice-le-12-aout-2015\/#breadcrumb"},"inLanguage":"fr-FR","potentialAction":[{"@type":"ReadAction","target":["https:\/\/paca.lpo.fr\/blogs\/nice\/2015\/08\/15\/soiree-chouettes-et-hiboux-au-parc-destienne-dorves-nice-le-12-aout-2015\/"]}]},{"@type":"ImageObject","inLanguage":"fr-FR","@id":"https:\/\/paca.lpo.fr\/blogs\/nice\/2015\/08\/15\/soiree-chouettes-et-hiboux-au-parc-destienne-dorves-nice-le-12-aout-2015\/#primaryimage","url":"https:\/\/paca.lpo.fr\/blogs\/nice\/files\/2015\/08\/2015-08-12animEstienne-dOrves-0491.jpg","contentUrl":"https:\/\/paca.lpo.fr\/blogs\/nice\/files\/2015\/08\/2015-08-12animEstienne-dOrves-0491.jpg","width":607,"height":455},{"@type":"BreadcrumbList","@id":"https:\/\/paca.lpo.fr\/blogs\/nice\/2015\/08\/15\/soiree-chouettes-et-hiboux-au-parc-destienne-dorves-nice-le-12-aout-2015\/#breadcrumb","itemListElement":[{"@type":"ListItem","position":1,"name":"Accueil","item":"https:\/\/paca.lpo.fr\/blogs\/nice\/"},{"@type":"ListItem","position":2,"name":"Soir\u00e9e chouettes et hiboux au parc d&rsquo;Estienne d&rsquo;Orves, Nice, le 12 ao\u00fbt 2015"}]},{"@type":"WebSite","@id":"https:\/\/paca.lpo.fr\/blogs\/nice\/#website","url":"https:\/\/paca.lpo.fr\/blogs\/nice\/","name":"Groupe local Nice","description":"Groupe local Nice","publisher":{"@id":"https:\/\/paca.lpo.fr\/blogs\/nice\/#organization"},"potentialAction":[{"@type":"SearchAction","target":{"@type":"EntryPoint","urlTemplate":"https:\/\/paca.lpo.fr\/blogs\/nice\/?s={search_term_string}"},"query-input":{"@type":"PropertyValueSpecification","valueRequired":true,"valueName":"search_term_string"}}],"inLanguage":"fr-FR"},{"@type":"Organization","@id":"https:\/\/paca.lpo.fr\/blogs\/nice\/#organization","name":"Groupe local Nice","url":"https:\/\/paca.lpo.fr\/blogs\/nice\/","logo":{"@type":"ImageObject","inLanguage":"fr-FR","@id":"https:\/\/paca.lpo.fr\/blogs\/nice\/#\/schema\/logo\/image\/","url":"https:\/\/paca.lpo.fr\/blogs\/nice\/files\/2024\/01\/cropped-rvb-lpo-paca-logotype-signature-droite-mini-500.jpg","contentUrl":"https:\/\/paca.lpo.fr\/blogs\/nice\/files\/2024\/01\/cropped-rvb-lpo-paca-logotype-signature-droite-mini-500.jpg","width":500,"height":210,"caption":"Groupe local Nice"},"image":{"@id":"https:\/\/paca.lpo.fr\/blogs\/nice\/#\/schema\/logo\/image\/"}},{"@type":"Person","@id":"https:\/\/paca.lpo.fr\/blogs\/nice\/#\/schema\/person\/1bda33335fb71e0b3552487db26a4c56","name":"Groupe local Paillon-B\u00e9v\u00e9ra","image":{"@type":"ImageObject","inLanguage":"fr-FR","@id":"https:\/\/secure.gravatar.com\/avatar\/b1ee285506e2cb880ec988990d360e255aecb31c77212741dace1023623610c2?s=96&d=mm&r=g","url":"https:\/\/secure.gravatar.com\/avatar\/b1ee285506e2cb880ec988990d360e255aecb31c77212741dace1023623610c2?s=96&d=mm&r=g","contentUrl":"https:\/\/secure.gravatar.com\/avatar\/b1ee285506e2cb880ec988990d360e255aecb31c77212741dace1023623610c2?s=96&d=mm&r=g","caption":"Groupe local Paillon-B\u00e9v\u00e9ra"},"url":"https:\/\/paca.lpo.fr\/blogs\/nice\/author\/alpesmaritimesest\/"}]}},"jetpack_featured_media_url":"https:\/\/paca.lpo.fr\/blogs\/nice\/files\/2015\/08\/2015-08-12animEstienne-dOrves-0491.jpg","_links":{"self":[{"href":"https:\/\/paca.lpo.fr\/blogs\/nice\/wp-json\/wp\/v2\/posts\/1343","targetHints":{"allow":["GET"]}}],"collection":[{"href":"https:\/\/paca.lpo.fr\/blogs\/nice\/wp-json\/wp\/v2\/posts"}],"about":[{"href":"https:\/\/paca.lpo.fr\/blogs\/nice\/wp-json\/wp\/v2\/types\/post"}],"author":[{"embeddable":true,"href":"https:\/\/paca.lpo.fr\/blogs\/nice\/wp-json\/wp\/v2\/users\/15"}],"replies":[{"embeddable":true,"href":"https:\/\/paca.lpo.fr\/blogs\/nice\/wp-json\/wp\/v2\/comments?post=1343"}],"version-history":[{"count":2,"href":"https:\/\/paca.lpo.fr\/blogs\/nice\/wp-json\/wp\/v2\/posts\/1343\/revisions"}],"predecessor-version":[{"id":1347,"href":"https:\/\/paca.lpo.fr\/blogs\/nice\/wp-json\/wp\/v2\/posts\/1343\/revisions\/1347"}],"wp:featuredmedia":[{"embeddable":true,"href":"https:\/\/paca.lpo.fr\/blogs\/nice\/wp-json\/wp\/v2\/media\/1348"}],"wp:attachment":[{"href":"https:\/\/paca.lpo.fr\/blogs\/nice\/wp-json\/wp\/v2\/media?parent=1343"}],"wp:term":[{"taxonomy":"category","embeddable":true,"href":"https:\/\/paca.lpo.fr\/blogs\/nice\/wp-json\/wp\/v2\/categories?post=1343"},{"taxonomy":"post_tag","embeddable":true,"href":"https:\/\/paca.lpo.fr\/blogs\/nice\/wp-json\/wp\/v2\/tags?post=1343"}],"curies":[{"name":"wp","href":"https:\/\/api.w.org\/{rel}","templated":true}]}}