{"id":1369,"date":"2015-10-29T19:06:05","date_gmt":"2015-10-29T18:06:05","guid":{"rendered":"https:\/\/paca.lpo.fr\/blogs\/nice\/?p=1369"},"modified":"2015-11-29T21:39:47","modified_gmt":"2015-11-29T20:39:47","slug":"camp-de-migration-du-fort-de-la-revere-2015","status":"publish","type":"post","link":"https:\/\/paca.lpo.fr\/blogs\/nice\/2015\/10\/29\/camp-de-migration-du-fort-de-la-revere-2015\/","title":{"rendered":"Camp de migration du Fort de la Rev\u00e8re 2015"},"content":{"rendered":"<p><span style=\"color: #000000;font-family: Calibri;font-size: medium\">L\u2019\u00e9dition 2015 du Camp de migration du Fort de Rev\u00e8re a d\u00e9but\u00e9 le 30 ao\u00fbt et s\u2019est achev\u00e9e le 5 novembre.\u00a0\u00a014 504 oiseaux et 54 esp\u00e8ces ont \u00e9t\u00e9 d\u00e9nombr\u00e9s sur les 16 journ\u00e9es de pr\u00e9sence au camp. 1150 visiteurs de 17 nationalit\u00e9s diff\u00e9rentes ont \u00e9t\u00e9 sensibilis\u00e9s. <\/span><\/p>\n<p><a href=\"https:\/\/paca.lpo.fr\/blogs\/nice\/files\/2015\/10\/blog2015-09-06camp-migr-7.jpg\"><img loading=\"lazy\" decoding=\"async\" class=\"alignnone size-medium wp-image-1372\" src=\"https:\/\/paca.lpo.fr\/blogs\/nice\/files\/2015\/10\/blog2015-09-06camp-migr-7-480x362.jpg\" alt=\"blog2015-09-06camp migr (7)\" width=\"480\" height=\"362\" srcset=\"https:\/\/paca.lpo.fr\/blogs\/nice\/files\/2015\/10\/blog2015-09-06camp-migr-7-480x362.jpg 480w, https:\/\/paca.lpo.fr\/blogs\/nice\/files\/2015\/10\/blog2015-09-06camp-migr-7-700x528.jpg 700w, https:\/\/paca.lpo.fr\/blogs\/nice\/files\/2015\/10\/blog2015-09-06camp-migr-7.jpg 804w\" sizes=\"auto, (max-width: 480px) 100vw, 480px\" \/><\/a><\/p>\n<p><span style=\"color: #000000;font-family: Calibri;font-size: medium\"><a href=\"https:\/\/paca.lpo.fr\/blogs\/nice\/files\/2015\/10\/blog2015-10-24campmigr.jpg\"><img loading=\"lazy\" decoding=\"async\" class=\"alignnone size-medium wp-image-1370\" src=\"https:\/\/paca.lpo.fr\/blogs\/nice\/files\/2015\/10\/blog2015-10-24campmigr-480x355.jpg\" alt=\"blog2015-10-24campmigr\" width=\"480\" height=\"355\" srcset=\"https:\/\/paca.lpo.fr\/blogs\/nice\/files\/2015\/10\/blog2015-10-24campmigr-480x355.jpg 480w, https:\/\/paca.lpo.fr\/blogs\/nice\/files\/2015\/10\/blog2015-10-24campmigr-700x518.jpg 700w, https:\/\/paca.lpo.fr\/blogs\/nice\/files\/2015\/10\/blog2015-10-24campmigr.jpg 859w\" sizes=\"auto, (max-width: 480px) 100vw, 480px\" \/><\/a><a href=\"https:\/\/paca.lpo.fr\/blogs\/nice\/files\/2015\/10\/blog2015-09-21classes-migr.jpg\"><img loading=\"lazy\" decoding=\"async\" class=\"alignnone size-medium wp-image-1371\" src=\"https:\/\/paca.lpo.fr\/blogs\/nice\/files\/2015\/10\/blog2015-09-21classes-migr-480x359.jpg\" alt=\"blog2015-09-21classes-migr\" width=\"480\" height=\"359\" srcset=\"https:\/\/paca.lpo.fr\/blogs\/nice\/files\/2015\/10\/blog2015-09-21classes-migr-480x359.jpg 480w, https:\/\/paca.lpo.fr\/blogs\/nice\/files\/2015\/10\/blog2015-09-21classes-migr-700x523.jpg 700w, https:\/\/paca.lpo.fr\/blogs\/nice\/files\/2015\/10\/blog2015-09-21classes-migr.jpg 832w\" sizes=\"auto, (max-width: 480px) 100vw, 480px\" \/><\/a><\/span><\/p>\n<p><span style=\"color: #000000;font-family: Calibri;font-size: medium\">Les rapaces migrateurs habituels \u00e9taient au rendez-vous : circa\u00e8tes, busards, \u00e9perviers, bondr\u00e9es apivore, aigles bott\u00e9s&#8230;<\/span><\/p>\n<p><span style=\"color: #000000;font-family: Calibri;font-size: medium\"><a href=\"https:\/\/paca.lpo.fr\/blogs\/nice\/files\/2015\/10\/blog15-09-19migration.jpg\"><img loading=\"lazy\" decoding=\"async\" class=\"alignnone size-medium wp-image-1373\" src=\"https:\/\/paca.lpo.fr\/blogs\/nice\/files\/2015\/10\/blog15-09-19migration-480x327.jpg\" alt=\"blog15-09-19migration\" width=\"480\" height=\"327\" srcset=\"https:\/\/paca.lpo.fr\/blogs\/nice\/files\/2015\/10\/blog15-09-19migration-480x327.jpg 480w, https:\/\/paca.lpo.fr\/blogs\/nice\/files\/2015\/10\/blog15-09-19migration-700x477.jpg 700w, https:\/\/paca.lpo.fr\/blogs\/nice\/files\/2015\/10\/blog15-09-19migration.jpg 800w\" sizes=\"auto, (max-width: 480px) 100vw, 480px\" \/><\/a><\/span><\/p>\n<p><span style=\"color: #000000;font-family: Calibri;font-size: medium\">Ainsi que quelques grands oiseaux comme les grues cendr\u00e9es, les cigognes noires et blanches. <\/span><span style=\"color: #000000;font-family: Calibri;font-size: medium\">Hirondelles, martinets et petits passereaux sont pass\u00e9s en nombre.<\/span><\/p>\n<p><span style=\"color: #000000;font-family: Calibri;font-size: medium\">Nos amis habituels chassaient autour du camp et assuraient le spectacle pour le plaisir des observateurs, comme les fauvettes m\u00e9lanoc\u00e9phales, les rougequeues noirs, et les faucons cr\u00e9cerelles<\/span><\/p>\n<p><span style=\"color: #000000;font-family: Calibri;font-size: medium\">\u00a0<a href=\"https:\/\/paca.lpo.fr\/blogs\/nice\/files\/2015\/10\/blog15-09-30migration.jpg\"><img loading=\"lazy\" decoding=\"async\" class=\"alignnone size-medium wp-image-1374\" src=\"https:\/\/paca.lpo.fr\/blogs\/nice\/files\/2015\/10\/blog15-09-30migration-480x327.jpg\" alt=\"blog15-09-30migration\" width=\"480\" height=\"327\" srcset=\"https:\/\/paca.lpo.fr\/blogs\/nice\/files\/2015\/10\/blog15-09-30migration-480x327.jpg 480w, https:\/\/paca.lpo.fr\/blogs\/nice\/files\/2015\/10\/blog15-09-30migration-700x477.jpg 700w, https:\/\/paca.lpo.fr\/blogs\/nice\/files\/2015\/10\/blog15-09-30migration.jpg 800w\" sizes=\"auto, (max-width: 480px) 100vw, 480px\" \/><\/a><\/span><\/p>\n<p><span style=\"color: #000000;font-family: Calibri;font-size: medium\">Voir le reportage sur le Fort de la Rev\u00e8re (avec un Circa\u00e8te Jean-le-Blanc transform\u00e9 en bondr\u00e9e apivore\u00a0!) r\u00e9alis\u00e9 le 16 septembre\u00a0:<\/span><\/p>\n<p><a href=\"http:\/\/www.azur-tv.fr\/content\/eze-observation-des-oiseaux-migrateurs-0\"><u><span style=\"color: #0000ff;font-family: Calibri;font-size: medium\">http:\/\/www.azur-tv.fr\/content\/eze-observation-des-oiseaux-migrateurs-0<\/span><\/u><\/a><\/p>\n<p><span style=\"color: #000000;font-family: Calibri;font-size: medium\">\u00a0<\/span><\/p>\n<p>&nbsp;<\/p>\n","protected":false},"excerpt":{"rendered":"<p>L\u2019\u00e9dition 2015 du Camp de migration du Fort de Rev\u00e8re a d\u00e9but\u00e9 le 30 ao\u00fbt et s\u2019est achev\u00e9e le 5 novembre.\u00a0\u00a014 504 oiseaux et 54 esp\u00e8ces ont \u00e9t\u00e9 d\u00e9nombr\u00e9s sur les 16 journ\u00e9es de pr\u00e9sence au camp. 1150 visiteurs de 17 nationalit\u00e9s diff\u00e9rentes ont \u00e9t\u00e9 sensibilis\u00e9s. Les rapaces migrateurs habituels \u00e9taient au rendez-vous : circa\u00e8tes, [&hellip;]<\/p>\n","protected":false},"author":15,"featured_media":1377,"comment_status":"open","ping_status":"open","sticky":false,"template":"","format":"standard","meta":{"footnotes":""},"categories":[1,3],"tags":[],"class_list":["post-1369","post","type-post","status-publish","format-standard","has-post-thumbnail","hentry","category-sorties-nature","category-vie-groupe"],"yoast_head":"<!-- This site is optimized with the Yoast SEO plugin v28.3 - https:\/\/yoast.com\/product\/yoast-seo-wordpress\/ -->\n<title>Camp de migration du Fort de la Rev\u00e8re 2015 - Groupe local Nice<\/title>\n<meta name=\"robots\" content=\"index, follow, max-snippet:-1, max-image-preview:large, max-video-preview:-1\" \/>\n<link rel=\"canonical\" href=\"https:\/\/paca.lpo.fr\/blogs\/nice\/2015\/10\/29\/camp-de-migration-du-fort-de-la-revere-2015\/\" \/>\n<meta property=\"og:locale\" content=\"fr_FR\" \/>\n<meta property=\"og:type\" content=\"article\" \/>\n<meta property=\"og:title\" content=\"Camp de migration du Fort de la Rev\u00e8re 2015 - Groupe local Nice\" \/>\n<meta property=\"og:description\" content=\"L\u2019\u00e9dition 2015 du Camp de migration du Fort de Rev\u00e8re a d\u00e9but\u00e9 le 30 ao\u00fbt et s\u2019est achev\u00e9e le 5 novembre.\u00a0\u00a014 504 oiseaux et 54 esp\u00e8ces ont \u00e9t\u00e9 d\u00e9nombr\u00e9s sur les 16 journ\u00e9es de pr\u00e9sence au camp. 1150 visiteurs de 17 nationalit\u00e9s diff\u00e9rentes ont \u00e9t\u00e9 sensibilis\u00e9s. Les rapaces migrateurs habituels \u00e9taient au rendez-vous : circa\u00e8tes, [&hellip;]\" \/>\n<meta property=\"og:url\" content=\"https:\/\/paca.lpo.fr\/blogs\/nice\/2015\/10\/29\/camp-de-migration-du-fort-de-la-revere-2015\/\" \/>\n<meta property=\"og:site_name\" content=\"Groupe local Nice\" \/>\n<meta property=\"article:published_time\" content=\"2015-10-29T18:06:05+00:00\" \/>\n<meta property=\"article:modified_time\" content=\"2015-11-29T20:39:47+00:00\" \/>\n<meta property=\"og:image\" content=\"https:\/\/paca.lpo.fr\/blogs\/nice\/files\/2015\/10\/blog15-09-19migration-0221.jpg\" \/>\n\t<meta property=\"og:image:width\" content=\"661\" \/>\n\t<meta property=\"og:image:height\" content=\"532\" \/>\n\t<meta property=\"og:image:type\" content=\"image\/jpeg\" \/>\n<meta name=\"author\" content=\"Groupe local Paillon-B\u00e9v\u00e9ra\" \/>\n<meta name=\"twitter:card\" content=\"summary_large_image\" \/>\n<meta name=\"twitter:label1\" content=\"\u00c9crit par\" \/>\n\t<meta name=\"twitter:data1\" content=\"Groupe local Paillon-B\u00e9v\u00e9ra\" \/>\n\t<meta name=\"twitter:label2\" content=\"Dur\u00e9e de lecture estim\u00e9e\" \/>\n\t<meta name=\"twitter:data2\" content=\"1 minute\" \/>\n<script type=\"application\/ld+json\" class=\"yoast-schema-graph\">{\"@context\":\"https:\\\/\\\/schema.org\",\"@graph\":[{\"@type\":\"Article\",\"@id\":\"https:\\\/\\\/paca.lpo.fr\\\/blogs\\\/nice\\\/2015\\\/10\\\/29\\\/camp-de-migration-du-fort-de-la-revere-2015\\\/#article\",\"isPartOf\":{\"@id\":\"https:\\\/\\\/paca.lpo.fr\\\/blogs\\\/nice\\\/2015\\\/10\\\/29\\\/camp-de-migration-du-fort-de-la-revere-2015\\\/\"},\"author\":{\"name\":\"Groupe local Paillon-B\u00e9v\u00e9ra\",\"@id\":\"https:\\\/\\\/paca.lpo.fr\\\/blogs\\\/nice\\\/#\\\/schema\\\/person\\\/1bda33335fb71e0b3552487db26a4c56\"},\"headline\":\"Camp de migration du Fort de la Rev\u00e8re 2015\",\"datePublished\":\"2015-10-29T18:06:05+00:00\",\"dateModified\":\"2015-11-29T20:39:47+00:00\",\"mainEntityOfPage\":{\"@id\":\"https:\\\/\\\/paca.lpo.fr\\\/blogs\\\/nice\\\/2015\\\/10\\\/29\\\/camp-de-migration-du-fort-de-la-revere-2015\\\/\"},\"wordCount\":164,\"commentCount\":0,\"publisher\":{\"@id\":\"https:\\\/\\\/paca.lpo.fr\\\/blogs\\\/nice\\\/#organization\"},\"image\":{\"@id\":\"https:\\\/\\\/paca.lpo.fr\\\/blogs\\\/nice\\\/2015\\\/10\\\/29\\\/camp-de-migration-du-fort-de-la-revere-2015\\\/#primaryimage\"},\"thumbnailUrl\":\"https:\\\/\\\/paca.lpo.fr\\\/blogs\\\/nice\\\/files\\\/2015\\\/10\\\/blog15-09-19migration-0221.jpg\",\"articleSection\":[\"grands \u00e9v\u00e8nements\",\"Vie du groupe\"],\"inLanguage\":\"fr-FR\",\"potentialAction\":[{\"@type\":\"CommentAction\",\"name\":\"Comment\",\"target\":[\"https:\\\/\\\/paca.lpo.fr\\\/blogs\\\/nice\\\/2015\\\/10\\\/29\\\/camp-de-migration-du-fort-de-la-revere-2015\\\/#respond\"]}]},{\"@type\":\"WebPage\",\"@id\":\"https:\\\/\\\/paca.lpo.fr\\\/blogs\\\/nice\\\/2015\\\/10\\\/29\\\/camp-de-migration-du-fort-de-la-revere-2015\\\/\",\"url\":\"https:\\\/\\\/paca.lpo.fr\\\/blogs\\\/nice\\\/2015\\\/10\\\/29\\\/camp-de-migration-du-fort-de-la-revere-2015\\\/\",\"name\":\"Camp de migration du Fort de la Rev\u00e8re 2015 - Groupe local Nice\",\"isPartOf\":{\"@id\":\"https:\\\/\\\/paca.lpo.fr\\\/blogs\\\/nice\\\/#website\"},\"primaryImageOfPage\":{\"@id\":\"https:\\\/\\\/paca.lpo.fr\\\/blogs\\\/nice\\\/2015\\\/10\\\/29\\\/camp-de-migration-du-fort-de-la-revere-2015\\\/#primaryimage\"},\"image\":{\"@id\":\"https:\\\/\\\/paca.lpo.fr\\\/blogs\\\/nice\\\/2015\\\/10\\\/29\\\/camp-de-migration-du-fort-de-la-revere-2015\\\/#primaryimage\"},\"thumbnailUrl\":\"https:\\\/\\\/paca.lpo.fr\\\/blogs\\\/nice\\\/files\\\/2015\\\/10\\\/blog15-09-19migration-0221.jpg\",\"datePublished\":\"2015-10-29T18:06:05+00:00\",\"dateModified\":\"2015-11-29T20:39:47+00:00\",\"breadcrumb\":{\"@id\":\"https:\\\/\\\/paca.lpo.fr\\\/blogs\\\/nice\\\/2015\\\/10\\\/29\\\/camp-de-migration-du-fort-de-la-revere-2015\\\/#breadcrumb\"},\"inLanguage\":\"fr-FR\",\"potentialAction\":[{\"@type\":\"ReadAction\",\"target\":[\"https:\\\/\\\/paca.lpo.fr\\\/blogs\\\/nice\\\/2015\\\/10\\\/29\\\/camp-de-migration-du-fort-de-la-revere-2015\\\/\"]}]},{\"@type\":\"ImageObject\",\"inLanguage\":\"fr-FR\",\"@id\":\"https:\\\/\\\/paca.lpo.fr\\\/blogs\\\/nice\\\/2015\\\/10\\\/29\\\/camp-de-migration-du-fort-de-la-revere-2015\\\/#primaryimage\",\"url\":\"https:\\\/\\\/paca.lpo.fr\\\/blogs\\\/nice\\\/files\\\/2015\\\/10\\\/blog15-09-19migration-0221.jpg\",\"contentUrl\":\"https:\\\/\\\/paca.lpo.fr\\\/blogs\\\/nice\\\/files\\\/2015\\\/10\\\/blog15-09-19migration-0221.jpg\",\"width\":661,\"height\":532},{\"@type\":\"BreadcrumbList\",\"@id\":\"https:\\\/\\\/paca.lpo.fr\\\/blogs\\\/nice\\\/2015\\\/10\\\/29\\\/camp-de-migration-du-fort-de-la-revere-2015\\\/#breadcrumb\",\"itemListElement\":[{\"@type\":\"ListItem\",\"position\":1,\"name\":\"Accueil\",\"item\":\"https:\\\/\\\/paca.lpo.fr\\\/blogs\\\/nice\\\/\"},{\"@type\":\"ListItem\",\"position\":2,\"name\":\"Camp de migration du Fort de la Rev\u00e8re 2015\"}]},{\"@type\":\"WebSite\",\"@id\":\"https:\\\/\\\/paca.lpo.fr\\\/blogs\\\/nice\\\/#website\",\"url\":\"https:\\\/\\\/paca.lpo.fr\\\/blogs\\\/nice\\\/\",\"name\":\"Groupe local Nice\",\"description\":\"Groupe local Nice\",\"publisher\":{\"@id\":\"https:\\\/\\\/paca.lpo.fr\\\/blogs\\\/nice\\\/#organization\"},\"potentialAction\":[{\"@type\":\"SearchAction\",\"target\":{\"@type\":\"EntryPoint\",\"urlTemplate\":\"https:\\\/\\\/paca.lpo.fr\\\/blogs\\\/nice\\\/?s={search_term_string}\"},\"query-input\":{\"@type\":\"PropertyValueSpecification\",\"valueRequired\":true,\"valueName\":\"search_term_string\"}}],\"inLanguage\":\"fr-FR\"},{\"@type\":\"Organization\",\"@id\":\"https:\\\/\\\/paca.lpo.fr\\\/blogs\\\/nice\\\/#organization\",\"name\":\"Groupe local Nice\",\"url\":\"https:\\\/\\\/paca.lpo.fr\\\/blogs\\\/nice\\\/\",\"logo\":{\"@type\":\"ImageObject\",\"inLanguage\":\"fr-FR\",\"@id\":\"https:\\\/\\\/paca.lpo.fr\\\/blogs\\\/nice\\\/#\\\/schema\\\/logo\\\/image\\\/\",\"url\":\"https:\\\/\\\/paca.lpo.fr\\\/blogs\\\/nice\\\/files\\\/2024\\\/01\\\/cropped-rvb-lpo-paca-logotype-signature-droite-mini-500.jpg\",\"contentUrl\":\"https:\\\/\\\/paca.lpo.fr\\\/blogs\\\/nice\\\/files\\\/2024\\\/01\\\/cropped-rvb-lpo-paca-logotype-signature-droite-mini-500.jpg\",\"width\":500,\"height\":210,\"caption\":\"Groupe local Nice\"},\"image\":{\"@id\":\"https:\\\/\\\/paca.lpo.fr\\\/blogs\\\/nice\\\/#\\\/schema\\\/logo\\\/image\\\/\"}},{\"@type\":\"Person\",\"@id\":\"https:\\\/\\\/paca.lpo.fr\\\/blogs\\\/nice\\\/#\\\/schema\\\/person\\\/1bda33335fb71e0b3552487db26a4c56\",\"name\":\"Groupe local Paillon-B\u00e9v\u00e9ra\",\"image\":{\"@type\":\"ImageObject\",\"inLanguage\":\"fr-FR\",\"@id\":\"https:\\\/\\\/secure.gravatar.com\\\/avatar\\\/b1ee285506e2cb880ec988990d360e255aecb31c77212741dace1023623610c2?s=96&d=mm&r=g\",\"url\":\"https:\\\/\\\/secure.gravatar.com\\\/avatar\\\/b1ee285506e2cb880ec988990d360e255aecb31c77212741dace1023623610c2?s=96&d=mm&r=g\",\"contentUrl\":\"https:\\\/\\\/secure.gravatar.com\\\/avatar\\\/b1ee285506e2cb880ec988990d360e255aecb31c77212741dace1023623610c2?s=96&d=mm&r=g\",\"caption\":\"Groupe local Paillon-B\u00e9v\u00e9ra\"},\"url\":\"https:\\\/\\\/paca.lpo.fr\\\/blogs\\\/nice\\\/author\\\/alpesmaritimesest\\\/\"}]}<\/script>\n<!-- \/ Yoast SEO plugin. -->","yoast_head_json":{"title":"Camp de migration du Fort de la Rev\u00e8re 2015 - Groupe local Nice","robots":{"index":"index","follow":"follow","max-snippet":"max-snippet:-1","max-image-preview":"max-image-preview:large","max-video-preview":"max-video-preview:-1"},"canonical":"https:\/\/paca.lpo.fr\/blogs\/nice\/2015\/10\/29\/camp-de-migration-du-fort-de-la-revere-2015\/","og_locale":"fr_FR","og_type":"article","og_title":"Camp de migration du Fort de la Rev\u00e8re 2015 - Groupe local Nice","og_description":"L\u2019\u00e9dition 2015 du Camp de migration du Fort de Rev\u00e8re a d\u00e9but\u00e9 le 30 ao\u00fbt et s\u2019est achev\u00e9e le 5 novembre.\u00a0\u00a014 504 oiseaux et 54 esp\u00e8ces ont \u00e9t\u00e9 d\u00e9nombr\u00e9s sur les 16 journ\u00e9es de pr\u00e9sence au camp. 1150 visiteurs de 17 nationalit\u00e9s diff\u00e9rentes ont \u00e9t\u00e9 sensibilis\u00e9s. Les rapaces migrateurs habituels \u00e9taient au rendez-vous : circa\u00e8tes, [&hellip;]","og_url":"https:\/\/paca.lpo.fr\/blogs\/nice\/2015\/10\/29\/camp-de-migration-du-fort-de-la-revere-2015\/","og_site_name":"Groupe local Nice","article_published_time":"2015-10-29T18:06:05+00:00","article_modified_time":"2015-11-29T20:39:47+00:00","og_image":[{"width":661,"height":532,"url":"https:\/\/paca.lpo.fr\/blogs\/nice\/files\/2015\/10\/blog15-09-19migration-0221.jpg","type":"image\/jpeg"}],"author":"Groupe local Paillon-B\u00e9v\u00e9ra","twitter_card":"summary_large_image","twitter_misc":{"\u00c9crit par":"Groupe local Paillon-B\u00e9v\u00e9ra","Dur\u00e9e de lecture estim\u00e9e":"1 minute"},"schema":{"@context":"https:\/\/schema.org","@graph":[{"@type":"Article","@id":"https:\/\/paca.lpo.fr\/blogs\/nice\/2015\/10\/29\/camp-de-migration-du-fort-de-la-revere-2015\/#article","isPartOf":{"@id":"https:\/\/paca.lpo.fr\/blogs\/nice\/2015\/10\/29\/camp-de-migration-du-fort-de-la-revere-2015\/"},"author":{"name":"Groupe local Paillon-B\u00e9v\u00e9ra","@id":"https:\/\/paca.lpo.fr\/blogs\/nice\/#\/schema\/person\/1bda33335fb71e0b3552487db26a4c56"},"headline":"Camp de migration du Fort de la Rev\u00e8re 2015","datePublished":"2015-10-29T18:06:05+00:00","dateModified":"2015-11-29T20:39:47+00:00","mainEntityOfPage":{"@id":"https:\/\/paca.lpo.fr\/blogs\/nice\/2015\/10\/29\/camp-de-migration-du-fort-de-la-revere-2015\/"},"wordCount":164,"commentCount":0,"publisher":{"@id":"https:\/\/paca.lpo.fr\/blogs\/nice\/#organization"},"image":{"@id":"https:\/\/paca.lpo.fr\/blogs\/nice\/2015\/10\/29\/camp-de-migration-du-fort-de-la-revere-2015\/#primaryimage"},"thumbnailUrl":"https:\/\/paca.lpo.fr\/blogs\/nice\/files\/2015\/10\/blog15-09-19migration-0221.jpg","articleSection":["grands \u00e9v\u00e8nements","Vie du groupe"],"inLanguage":"fr-FR","potentialAction":[{"@type":"CommentAction","name":"Comment","target":["https:\/\/paca.lpo.fr\/blogs\/nice\/2015\/10\/29\/camp-de-migration-du-fort-de-la-revere-2015\/#respond"]}]},{"@type":"WebPage","@id":"https:\/\/paca.lpo.fr\/blogs\/nice\/2015\/10\/29\/camp-de-migration-du-fort-de-la-revere-2015\/","url":"https:\/\/paca.lpo.fr\/blogs\/nice\/2015\/10\/29\/camp-de-migration-du-fort-de-la-revere-2015\/","name":"Camp de migration du Fort de la Rev\u00e8re 2015 - Groupe local Nice","isPartOf":{"@id":"https:\/\/paca.lpo.fr\/blogs\/nice\/#website"},"primaryImageOfPage":{"@id":"https:\/\/paca.lpo.fr\/blogs\/nice\/2015\/10\/29\/camp-de-migration-du-fort-de-la-revere-2015\/#primaryimage"},"image":{"@id":"https:\/\/paca.lpo.fr\/blogs\/nice\/2015\/10\/29\/camp-de-migration-du-fort-de-la-revere-2015\/#primaryimage"},"thumbnailUrl":"https:\/\/paca.lpo.fr\/blogs\/nice\/files\/2015\/10\/blog15-09-19migration-0221.jpg","datePublished":"2015-10-29T18:06:05+00:00","dateModified":"2015-11-29T20:39:47+00:00","breadcrumb":{"@id":"https:\/\/paca.lpo.fr\/blogs\/nice\/2015\/10\/29\/camp-de-migration-du-fort-de-la-revere-2015\/#breadcrumb"},"inLanguage":"fr-FR","potentialAction":[{"@type":"ReadAction","target":["https:\/\/paca.lpo.fr\/blogs\/nice\/2015\/10\/29\/camp-de-migration-du-fort-de-la-revere-2015\/"]}]},{"@type":"ImageObject","inLanguage":"fr-FR","@id":"https:\/\/paca.lpo.fr\/blogs\/nice\/2015\/10\/29\/camp-de-migration-du-fort-de-la-revere-2015\/#primaryimage","url":"https:\/\/paca.lpo.fr\/blogs\/nice\/files\/2015\/10\/blog15-09-19migration-0221.jpg","contentUrl":"https:\/\/paca.lpo.fr\/blogs\/nice\/files\/2015\/10\/blog15-09-19migration-0221.jpg","width":661,"height":532},{"@type":"BreadcrumbList","@id":"https:\/\/paca.lpo.fr\/blogs\/nice\/2015\/10\/29\/camp-de-migration-du-fort-de-la-revere-2015\/#breadcrumb","itemListElement":[{"@type":"ListItem","position":1,"name":"Accueil","item":"https:\/\/paca.lpo.fr\/blogs\/nice\/"},{"@type":"ListItem","position":2,"name":"Camp de migration du Fort de la Rev\u00e8re 2015"}]},{"@type":"WebSite","@id":"https:\/\/paca.lpo.fr\/blogs\/nice\/#website","url":"https:\/\/paca.lpo.fr\/blogs\/nice\/","name":"Groupe local Nice","description":"Groupe local Nice","publisher":{"@id":"https:\/\/paca.lpo.fr\/blogs\/nice\/#organization"},"potentialAction":[{"@type":"SearchAction","target":{"@type":"EntryPoint","urlTemplate":"https:\/\/paca.lpo.fr\/blogs\/nice\/?s={search_term_string}"},"query-input":{"@type":"PropertyValueSpecification","valueRequired":true,"valueName":"search_term_string"}}],"inLanguage":"fr-FR"},{"@type":"Organization","@id":"https:\/\/paca.lpo.fr\/blogs\/nice\/#organization","name":"Groupe local Nice","url":"https:\/\/paca.lpo.fr\/blogs\/nice\/","logo":{"@type":"ImageObject","inLanguage":"fr-FR","@id":"https:\/\/paca.lpo.fr\/blogs\/nice\/#\/schema\/logo\/image\/","url":"https:\/\/paca.lpo.fr\/blogs\/nice\/files\/2024\/01\/cropped-rvb-lpo-paca-logotype-signature-droite-mini-500.jpg","contentUrl":"https:\/\/paca.lpo.fr\/blogs\/nice\/files\/2024\/01\/cropped-rvb-lpo-paca-logotype-signature-droite-mini-500.jpg","width":500,"height":210,"caption":"Groupe local Nice"},"image":{"@id":"https:\/\/paca.lpo.fr\/blogs\/nice\/#\/schema\/logo\/image\/"}},{"@type":"Person","@id":"https:\/\/paca.lpo.fr\/blogs\/nice\/#\/schema\/person\/1bda33335fb71e0b3552487db26a4c56","name":"Groupe local Paillon-B\u00e9v\u00e9ra","image":{"@type":"ImageObject","inLanguage":"fr-FR","@id":"https:\/\/secure.gravatar.com\/avatar\/b1ee285506e2cb880ec988990d360e255aecb31c77212741dace1023623610c2?s=96&d=mm&r=g","url":"https:\/\/secure.gravatar.com\/avatar\/b1ee285506e2cb880ec988990d360e255aecb31c77212741dace1023623610c2?s=96&d=mm&r=g","contentUrl":"https:\/\/secure.gravatar.com\/avatar\/b1ee285506e2cb880ec988990d360e255aecb31c77212741dace1023623610c2?s=96&d=mm&r=g","caption":"Groupe local Paillon-B\u00e9v\u00e9ra"},"url":"https:\/\/paca.lpo.fr\/blogs\/nice\/author\/alpesmaritimesest\/"}]}},"jetpack_featured_media_url":"https:\/\/paca.lpo.fr\/blogs\/nice\/files\/2015\/10\/blog15-09-19migration-0221.jpg","_links":{"self":[{"href":"https:\/\/paca.lpo.fr\/blogs\/nice\/wp-json\/wp\/v2\/posts\/1369","targetHints":{"allow":["GET"]}}],"collection":[{"href":"https:\/\/paca.lpo.fr\/blogs\/nice\/wp-json\/wp\/v2\/posts"}],"about":[{"href":"https:\/\/paca.lpo.fr\/blogs\/nice\/wp-json\/wp\/v2\/types\/post"}],"author":[{"embeddable":true,"href":"https:\/\/paca.lpo.fr\/blogs\/nice\/wp-json\/wp\/v2\/users\/15"}],"replies":[{"embeddable":true,"href":"https:\/\/paca.lpo.fr\/blogs\/nice\/wp-json\/wp\/v2\/comments?post=1369"}],"version-history":[{"count":4,"href":"https:\/\/paca.lpo.fr\/blogs\/nice\/wp-json\/wp\/v2\/posts\/1369\/revisions"}],"predecessor-version":[{"id":1394,"href":"https:\/\/paca.lpo.fr\/blogs\/nice\/wp-json\/wp\/v2\/posts\/1369\/revisions\/1394"}],"wp:featuredmedia":[{"embeddable":true,"href":"https:\/\/paca.lpo.fr\/blogs\/nice\/wp-json\/wp\/v2\/media\/1377"}],"wp:attachment":[{"href":"https:\/\/paca.lpo.fr\/blogs\/nice\/wp-json\/wp\/v2\/media?parent=1369"}],"wp:term":[{"taxonomy":"category","embeddable":true,"href":"https:\/\/paca.lpo.fr\/blogs\/nice\/wp-json\/wp\/v2\/categories?post=1369"},{"taxonomy":"post_tag","embeddable":true,"href":"https:\/\/paca.lpo.fr\/blogs\/nice\/wp-json\/wp\/v2\/tags?post=1369"}],"curies":[{"name":"wp","href":"https:\/\/api.w.org\/{rel}","templated":true}]}}