{"id":1382,"date":"2015-11-17T09:47:20","date_gmt":"2015-11-17T08:47:20","guid":{"rendered":"https:\/\/paca.lpo.fr\/blogs\/nice\/?p=1382"},"modified":"2015-11-17T15:06:26","modified_gmt":"2015-11-17T14:06:26","slug":"inauguration-du-16eme-parc-naturel-departemental-des-alpes-maritimes-le-13-novembre-2015","status":"publish","type":"post","link":"https:\/\/paca.lpo.fr\/blogs\/nice\/2015\/11\/17\/inauguration-du-16eme-parc-naturel-departemental-des-alpes-maritimes-le-13-novembre-2015\/","title":{"rendered":"Inauguration du 16\u00e8me Parc Naturel D\u00e9partemental des Alpes-Maritimes le 13 novembre 2015"},"content":{"rendered":"<p>Le D\u00e9put\u00e9-Maire Charles-Ange Gin\u00e9sy et le Pr\u00e9sident du D\u00e9partement Eric Ciotti, en pr\u00e9sence des maires des communes concern\u00e9es, ont\u00a0inaugur\u00e9 ce nouvel espace naturel class\u00e9 de 20 km de lin\u00e9aires et d&rsquo;une superficie de 583 hectares. Le parc naturel d\u00e9partemental des Rives du Var s&rsquo;\u00e9tend le long du fleuve de l\u2019embouchure au sud, \u00e0 Plan-du-Var, au nord. Ce parc est inscrit au r\u00e9seau Natura 2000. Sur le chemin des panneaux signalent, interpr\u00e8tent et illustrent ces espaces naturels, nouveaux maillons des trames vertes et bleues.<\/p>\n<p>L\u2019acc\u00e8s au PND se fait au rond-point des Alpes Maritimes juste apr\u00e8s la sortie de l\u2019A8 A\u00e9roport- Centre Administratif en venant de l&rsquo;est.<\/p>\n","protected":false},"excerpt":{"rendered":"<p>Le D\u00e9put\u00e9-Maire Charles-Ange Gin\u00e9sy et le Pr\u00e9sident du D\u00e9partement Eric Ciotti, en pr\u00e9sence des maires des communes concern\u00e9es, ont\u00a0inaugur\u00e9 ce nouvel espace naturel class\u00e9 de 20 km de lin\u00e9aires et d&rsquo;une superficie de 583 hectares. Le parc naturel d\u00e9partemental des Rives du Var s&rsquo;\u00e9tend le long du fleuve de l\u2019embouchure au sud, \u00e0 Plan-du-Var, au [&hellip;]<\/p>\n","protected":false},"author":15,"featured_media":1383,"comment_status":"open","ping_status":"open","sticky":false,"template":"","format":"standard","meta":{"footnotes":""},"categories":[3],"tags":[],"class_list":["post-1382","post","type-post","status-publish","format-standard","has-post-thumbnail","hentry","category-vie-groupe"],"yoast_head":"<!-- This site is optimized with the Yoast SEO plugin v28.3 - https:\/\/yoast.com\/product\/yoast-seo-wordpress\/ -->\n<title>Inauguration du 16\u00e8me Parc Naturel D\u00e9partemental des Alpes-Maritimes le 13 novembre 2015 - Groupe local Nice<\/title>\n<meta name=\"robots\" content=\"index, follow, max-snippet:-1, max-image-preview:large, max-video-preview:-1\" \/>\n<link rel=\"canonical\" href=\"https:\/\/paca.lpo.fr\/blogs\/nice\/2015\/11\/17\/inauguration-du-16eme-parc-naturel-departemental-des-alpes-maritimes-le-13-novembre-2015\/\" \/>\n<meta property=\"og:locale\" content=\"fr_FR\" \/>\n<meta property=\"og:type\" content=\"article\" \/>\n<meta property=\"og:title\" content=\"Inauguration du 16\u00e8me Parc Naturel D\u00e9partemental des Alpes-Maritimes le 13 novembre 2015 - Groupe local Nice\" \/>\n<meta property=\"og:description\" content=\"Le D\u00e9put\u00e9-Maire Charles-Ange Gin\u00e9sy et le Pr\u00e9sident du D\u00e9partement Eric Ciotti, en pr\u00e9sence des maires des communes concern\u00e9es, ont\u00a0inaugur\u00e9 ce nouvel espace naturel class\u00e9 de 20 km de lin\u00e9aires et d&rsquo;une superficie de 583 hectares. Le parc naturel d\u00e9partemental des Rives du Var s&rsquo;\u00e9tend le long du fleuve de l\u2019embouchure au sud, \u00e0 Plan-du-Var, au [&hellip;]\" \/>\n<meta property=\"og:url\" content=\"https:\/\/paca.lpo.fr\/blogs\/nice\/2015\/11\/17\/inauguration-du-16eme-parc-naturel-departemental-des-alpes-maritimes-le-13-novembre-2015\/\" \/>\n<meta property=\"og:site_name\" content=\"Groupe local Nice\" \/>\n<meta property=\"article:published_time\" content=\"2015-11-17T08:47:20+00:00\" \/>\n<meta property=\"article:modified_time\" content=\"2015-11-17T14:06:26+00:00\" \/>\n<meta property=\"og:image\" content=\"https:\/\/paca.lpo.fr\/blogs\/nice\/files\/2015\/11\/20151113_120724-Copie.jpg\" \/>\n\t<meta property=\"og:image:width\" content=\"650\" \/>\n\t<meta property=\"og:image:height\" content=\"366\" \/>\n\t<meta property=\"og:image:type\" content=\"image\/jpeg\" \/>\n<meta name=\"author\" content=\"Groupe local Paillon-B\u00e9v\u00e9ra\" \/>\n<meta name=\"twitter:card\" content=\"summary_large_image\" \/>\n<meta name=\"twitter:label1\" content=\"\u00c9crit par\" \/>\n\t<meta name=\"twitter:data1\" content=\"Groupe local Paillon-B\u00e9v\u00e9ra\" \/>\n\t<meta name=\"twitter:label2\" content=\"Dur\u00e9e de lecture estim\u00e9e\" \/>\n\t<meta name=\"twitter:data2\" content=\"1 minute\" \/>\n<script type=\"application\/ld+json\" class=\"yoast-schema-graph\">{\"@context\":\"https:\\\/\\\/schema.org\",\"@graph\":[{\"@type\":\"Article\",\"@id\":\"https:\\\/\\\/paca.lpo.fr\\\/blogs\\\/nice\\\/2015\\\/11\\\/17\\\/inauguration-du-16eme-parc-naturel-departemental-des-alpes-maritimes-le-13-novembre-2015\\\/#article\",\"isPartOf\":{\"@id\":\"https:\\\/\\\/paca.lpo.fr\\\/blogs\\\/nice\\\/2015\\\/11\\\/17\\\/inauguration-du-16eme-parc-naturel-departemental-des-alpes-maritimes-le-13-novembre-2015\\\/\"},\"author\":{\"name\":\"Groupe local Paillon-B\u00e9v\u00e9ra\",\"@id\":\"https:\\\/\\\/paca.lpo.fr\\\/blogs\\\/nice\\\/#\\\/schema\\\/person\\\/1bda33335fb71e0b3552487db26a4c56\"},\"headline\":\"Inauguration du 16\u00e8me Parc Naturel D\u00e9partemental des Alpes-Maritimes le 13 novembre 2015\",\"datePublished\":\"2015-11-17T08:47:20+00:00\",\"dateModified\":\"2015-11-17T14:06:26+00:00\",\"mainEntityOfPage\":{\"@id\":\"https:\\\/\\\/paca.lpo.fr\\\/blogs\\\/nice\\\/2015\\\/11\\\/17\\\/inauguration-du-16eme-parc-naturel-departemental-des-alpes-maritimes-le-13-novembre-2015\\\/\"},\"wordCount\":134,\"commentCount\":0,\"publisher\":{\"@id\":\"https:\\\/\\\/paca.lpo.fr\\\/blogs\\\/nice\\\/#organization\"},\"image\":{\"@id\":\"https:\\\/\\\/paca.lpo.fr\\\/blogs\\\/nice\\\/2015\\\/11\\\/17\\\/inauguration-du-16eme-parc-naturel-departemental-des-alpes-maritimes-le-13-novembre-2015\\\/#primaryimage\"},\"thumbnailUrl\":\"https:\\\/\\\/paca.lpo.fr\\\/blogs\\\/nice\\\/files\\\/2015\\\/11\\\/20151113_120724-Copie.jpg\",\"articleSection\":[\"Vie du groupe\"],\"inLanguage\":\"fr-FR\",\"potentialAction\":[{\"@type\":\"CommentAction\",\"name\":\"Comment\",\"target\":[\"https:\\\/\\\/paca.lpo.fr\\\/blogs\\\/nice\\\/2015\\\/11\\\/17\\\/inauguration-du-16eme-parc-naturel-departemental-des-alpes-maritimes-le-13-novembre-2015\\\/#respond\"]}]},{\"@type\":\"WebPage\",\"@id\":\"https:\\\/\\\/paca.lpo.fr\\\/blogs\\\/nice\\\/2015\\\/11\\\/17\\\/inauguration-du-16eme-parc-naturel-departemental-des-alpes-maritimes-le-13-novembre-2015\\\/\",\"url\":\"https:\\\/\\\/paca.lpo.fr\\\/blogs\\\/nice\\\/2015\\\/11\\\/17\\\/inauguration-du-16eme-parc-naturel-departemental-des-alpes-maritimes-le-13-novembre-2015\\\/\",\"name\":\"Inauguration du 16\u00e8me Parc Naturel D\u00e9partemental des Alpes-Maritimes le 13 novembre 2015 - Groupe local Nice\",\"isPartOf\":{\"@id\":\"https:\\\/\\\/paca.lpo.fr\\\/blogs\\\/nice\\\/#website\"},\"primaryImageOfPage\":{\"@id\":\"https:\\\/\\\/paca.lpo.fr\\\/blogs\\\/nice\\\/2015\\\/11\\\/17\\\/inauguration-du-16eme-parc-naturel-departemental-des-alpes-maritimes-le-13-novembre-2015\\\/#primaryimage\"},\"image\":{\"@id\":\"https:\\\/\\\/paca.lpo.fr\\\/blogs\\\/nice\\\/2015\\\/11\\\/17\\\/inauguration-du-16eme-parc-naturel-departemental-des-alpes-maritimes-le-13-novembre-2015\\\/#primaryimage\"},\"thumbnailUrl\":\"https:\\\/\\\/paca.lpo.fr\\\/blogs\\\/nice\\\/files\\\/2015\\\/11\\\/20151113_120724-Copie.jpg\",\"datePublished\":\"2015-11-17T08:47:20+00:00\",\"dateModified\":\"2015-11-17T14:06:26+00:00\",\"breadcrumb\":{\"@id\":\"https:\\\/\\\/paca.lpo.fr\\\/blogs\\\/nice\\\/2015\\\/11\\\/17\\\/inauguration-du-16eme-parc-naturel-departemental-des-alpes-maritimes-le-13-novembre-2015\\\/#breadcrumb\"},\"inLanguage\":\"fr-FR\",\"potentialAction\":[{\"@type\":\"ReadAction\",\"target\":[\"https:\\\/\\\/paca.lpo.fr\\\/blogs\\\/nice\\\/2015\\\/11\\\/17\\\/inauguration-du-16eme-parc-naturel-departemental-des-alpes-maritimes-le-13-novembre-2015\\\/\"]}]},{\"@type\":\"ImageObject\",\"inLanguage\":\"fr-FR\",\"@id\":\"https:\\\/\\\/paca.lpo.fr\\\/blogs\\\/nice\\\/2015\\\/11\\\/17\\\/inauguration-du-16eme-parc-naturel-departemental-des-alpes-maritimes-le-13-novembre-2015\\\/#primaryimage\",\"url\":\"https:\\\/\\\/paca.lpo.fr\\\/blogs\\\/nice\\\/files\\\/2015\\\/11\\\/20151113_120724-Copie.jpg\",\"contentUrl\":\"https:\\\/\\\/paca.lpo.fr\\\/blogs\\\/nice\\\/files\\\/2015\\\/11\\\/20151113_120724-Copie.jpg\",\"width\":650,\"height\":366,\"caption\":\"User comments\"},{\"@type\":\"BreadcrumbList\",\"@id\":\"https:\\\/\\\/paca.lpo.fr\\\/blogs\\\/nice\\\/2015\\\/11\\\/17\\\/inauguration-du-16eme-parc-naturel-departemental-des-alpes-maritimes-le-13-novembre-2015\\\/#breadcrumb\",\"itemListElement\":[{\"@type\":\"ListItem\",\"position\":1,\"name\":\"Accueil\",\"item\":\"https:\\\/\\\/paca.lpo.fr\\\/blogs\\\/nice\\\/\"},{\"@type\":\"ListItem\",\"position\":2,\"name\":\"Inauguration du 16\u00e8me Parc Naturel D\u00e9partemental des Alpes-Maritimes le 13 novembre 2015\"}]},{\"@type\":\"WebSite\",\"@id\":\"https:\\\/\\\/paca.lpo.fr\\\/blogs\\\/nice\\\/#website\",\"url\":\"https:\\\/\\\/paca.lpo.fr\\\/blogs\\\/nice\\\/\",\"name\":\"Groupe local Nice\",\"description\":\"Groupe local Nice\",\"publisher\":{\"@id\":\"https:\\\/\\\/paca.lpo.fr\\\/blogs\\\/nice\\\/#organization\"},\"potentialAction\":[{\"@type\":\"SearchAction\",\"target\":{\"@type\":\"EntryPoint\",\"urlTemplate\":\"https:\\\/\\\/paca.lpo.fr\\\/blogs\\\/nice\\\/?s={search_term_string}\"},\"query-input\":{\"@type\":\"PropertyValueSpecification\",\"valueRequired\":true,\"valueName\":\"search_term_string\"}}],\"inLanguage\":\"fr-FR\"},{\"@type\":\"Organization\",\"@id\":\"https:\\\/\\\/paca.lpo.fr\\\/blogs\\\/nice\\\/#organization\",\"name\":\"Groupe local Nice\",\"url\":\"https:\\\/\\\/paca.lpo.fr\\\/blogs\\\/nice\\\/\",\"logo\":{\"@type\":\"ImageObject\",\"inLanguage\":\"fr-FR\",\"@id\":\"https:\\\/\\\/paca.lpo.fr\\\/blogs\\\/nice\\\/#\\\/schema\\\/logo\\\/image\\\/\",\"url\":\"https:\\\/\\\/paca.lpo.fr\\\/blogs\\\/nice\\\/files\\\/2024\\\/01\\\/cropped-rvb-lpo-paca-logotype-signature-droite-mini-500.jpg\",\"contentUrl\":\"https:\\\/\\\/paca.lpo.fr\\\/blogs\\\/nice\\\/files\\\/2024\\\/01\\\/cropped-rvb-lpo-paca-logotype-signature-droite-mini-500.jpg\",\"width\":500,\"height\":210,\"caption\":\"Groupe local Nice\"},\"image\":{\"@id\":\"https:\\\/\\\/paca.lpo.fr\\\/blogs\\\/nice\\\/#\\\/schema\\\/logo\\\/image\\\/\"}},{\"@type\":\"Person\",\"@id\":\"https:\\\/\\\/paca.lpo.fr\\\/blogs\\\/nice\\\/#\\\/schema\\\/person\\\/1bda33335fb71e0b3552487db26a4c56\",\"name\":\"Groupe local Paillon-B\u00e9v\u00e9ra\",\"image\":{\"@type\":\"ImageObject\",\"inLanguage\":\"fr-FR\",\"@id\":\"https:\\\/\\\/secure.gravatar.com\\\/avatar\\\/b1ee285506e2cb880ec988990d360e255aecb31c77212741dace1023623610c2?s=96&d=mm&r=g\",\"url\":\"https:\\\/\\\/secure.gravatar.com\\\/avatar\\\/b1ee285506e2cb880ec988990d360e255aecb31c77212741dace1023623610c2?s=96&d=mm&r=g\",\"contentUrl\":\"https:\\\/\\\/secure.gravatar.com\\\/avatar\\\/b1ee285506e2cb880ec988990d360e255aecb31c77212741dace1023623610c2?s=96&d=mm&r=g\",\"caption\":\"Groupe local Paillon-B\u00e9v\u00e9ra\"},\"url\":\"https:\\\/\\\/paca.lpo.fr\\\/blogs\\\/nice\\\/author\\\/alpesmaritimesest\\\/\"}]}<\/script>\n<!-- \/ Yoast SEO plugin. -->","yoast_head_json":{"title":"Inauguration du 16\u00e8me Parc Naturel D\u00e9partemental des Alpes-Maritimes le 13 novembre 2015 - Groupe local Nice","robots":{"index":"index","follow":"follow","max-snippet":"max-snippet:-1","max-image-preview":"max-image-preview:large","max-video-preview":"max-video-preview:-1"},"canonical":"https:\/\/paca.lpo.fr\/blogs\/nice\/2015\/11\/17\/inauguration-du-16eme-parc-naturel-departemental-des-alpes-maritimes-le-13-novembre-2015\/","og_locale":"fr_FR","og_type":"article","og_title":"Inauguration du 16\u00e8me Parc Naturel D\u00e9partemental des Alpes-Maritimes le 13 novembre 2015 - Groupe local Nice","og_description":"Le D\u00e9put\u00e9-Maire Charles-Ange Gin\u00e9sy et le Pr\u00e9sident du D\u00e9partement Eric Ciotti, en pr\u00e9sence des maires des communes concern\u00e9es, ont\u00a0inaugur\u00e9 ce nouvel espace naturel class\u00e9 de 20 km de lin\u00e9aires et d&rsquo;une superficie de 583 hectares. Le parc naturel d\u00e9partemental des Rives du Var s&rsquo;\u00e9tend le long du fleuve de l\u2019embouchure au sud, \u00e0 Plan-du-Var, au [&hellip;]","og_url":"https:\/\/paca.lpo.fr\/blogs\/nice\/2015\/11\/17\/inauguration-du-16eme-parc-naturel-departemental-des-alpes-maritimes-le-13-novembre-2015\/","og_site_name":"Groupe local Nice","article_published_time":"2015-11-17T08:47:20+00:00","article_modified_time":"2015-11-17T14:06:26+00:00","og_image":[{"width":650,"height":366,"url":"https:\/\/paca.lpo.fr\/blogs\/nice\/files\/2015\/11\/20151113_120724-Copie.jpg","type":"image\/jpeg"}],"author":"Groupe local Paillon-B\u00e9v\u00e9ra","twitter_card":"summary_large_image","twitter_misc":{"\u00c9crit par":"Groupe local Paillon-B\u00e9v\u00e9ra","Dur\u00e9e de lecture estim\u00e9e":"1 minute"},"schema":{"@context":"https:\/\/schema.org","@graph":[{"@type":"Article","@id":"https:\/\/paca.lpo.fr\/blogs\/nice\/2015\/11\/17\/inauguration-du-16eme-parc-naturel-departemental-des-alpes-maritimes-le-13-novembre-2015\/#article","isPartOf":{"@id":"https:\/\/paca.lpo.fr\/blogs\/nice\/2015\/11\/17\/inauguration-du-16eme-parc-naturel-departemental-des-alpes-maritimes-le-13-novembre-2015\/"},"author":{"name":"Groupe local Paillon-B\u00e9v\u00e9ra","@id":"https:\/\/paca.lpo.fr\/blogs\/nice\/#\/schema\/person\/1bda33335fb71e0b3552487db26a4c56"},"headline":"Inauguration du 16\u00e8me Parc Naturel D\u00e9partemental des Alpes-Maritimes le 13 novembre 2015","datePublished":"2015-11-17T08:47:20+00:00","dateModified":"2015-11-17T14:06:26+00:00","mainEntityOfPage":{"@id":"https:\/\/paca.lpo.fr\/blogs\/nice\/2015\/11\/17\/inauguration-du-16eme-parc-naturel-departemental-des-alpes-maritimes-le-13-novembre-2015\/"},"wordCount":134,"commentCount":0,"publisher":{"@id":"https:\/\/paca.lpo.fr\/blogs\/nice\/#organization"},"image":{"@id":"https:\/\/paca.lpo.fr\/blogs\/nice\/2015\/11\/17\/inauguration-du-16eme-parc-naturel-departemental-des-alpes-maritimes-le-13-novembre-2015\/#primaryimage"},"thumbnailUrl":"https:\/\/paca.lpo.fr\/blogs\/nice\/files\/2015\/11\/20151113_120724-Copie.jpg","articleSection":["Vie du groupe"],"inLanguage":"fr-FR","potentialAction":[{"@type":"CommentAction","name":"Comment","target":["https:\/\/paca.lpo.fr\/blogs\/nice\/2015\/11\/17\/inauguration-du-16eme-parc-naturel-departemental-des-alpes-maritimes-le-13-novembre-2015\/#respond"]}]},{"@type":"WebPage","@id":"https:\/\/paca.lpo.fr\/blogs\/nice\/2015\/11\/17\/inauguration-du-16eme-parc-naturel-departemental-des-alpes-maritimes-le-13-novembre-2015\/","url":"https:\/\/paca.lpo.fr\/blogs\/nice\/2015\/11\/17\/inauguration-du-16eme-parc-naturel-departemental-des-alpes-maritimes-le-13-novembre-2015\/","name":"Inauguration du 16\u00e8me Parc Naturel D\u00e9partemental des Alpes-Maritimes le 13 novembre 2015 - Groupe local Nice","isPartOf":{"@id":"https:\/\/paca.lpo.fr\/blogs\/nice\/#website"},"primaryImageOfPage":{"@id":"https:\/\/paca.lpo.fr\/blogs\/nice\/2015\/11\/17\/inauguration-du-16eme-parc-naturel-departemental-des-alpes-maritimes-le-13-novembre-2015\/#primaryimage"},"image":{"@id":"https:\/\/paca.lpo.fr\/blogs\/nice\/2015\/11\/17\/inauguration-du-16eme-parc-naturel-departemental-des-alpes-maritimes-le-13-novembre-2015\/#primaryimage"},"thumbnailUrl":"https:\/\/paca.lpo.fr\/blogs\/nice\/files\/2015\/11\/20151113_120724-Copie.jpg","datePublished":"2015-11-17T08:47:20+00:00","dateModified":"2015-11-17T14:06:26+00:00","breadcrumb":{"@id":"https:\/\/paca.lpo.fr\/blogs\/nice\/2015\/11\/17\/inauguration-du-16eme-parc-naturel-departemental-des-alpes-maritimes-le-13-novembre-2015\/#breadcrumb"},"inLanguage":"fr-FR","potentialAction":[{"@type":"ReadAction","target":["https:\/\/paca.lpo.fr\/blogs\/nice\/2015\/11\/17\/inauguration-du-16eme-parc-naturel-departemental-des-alpes-maritimes-le-13-novembre-2015\/"]}]},{"@type":"ImageObject","inLanguage":"fr-FR","@id":"https:\/\/paca.lpo.fr\/blogs\/nice\/2015\/11\/17\/inauguration-du-16eme-parc-naturel-departemental-des-alpes-maritimes-le-13-novembre-2015\/#primaryimage","url":"https:\/\/paca.lpo.fr\/blogs\/nice\/files\/2015\/11\/20151113_120724-Copie.jpg","contentUrl":"https:\/\/paca.lpo.fr\/blogs\/nice\/files\/2015\/11\/20151113_120724-Copie.jpg","width":650,"height":366,"caption":"User comments"},{"@type":"BreadcrumbList","@id":"https:\/\/paca.lpo.fr\/blogs\/nice\/2015\/11\/17\/inauguration-du-16eme-parc-naturel-departemental-des-alpes-maritimes-le-13-novembre-2015\/#breadcrumb","itemListElement":[{"@type":"ListItem","position":1,"name":"Accueil","item":"https:\/\/paca.lpo.fr\/blogs\/nice\/"},{"@type":"ListItem","position":2,"name":"Inauguration du 16\u00e8me Parc Naturel D\u00e9partemental des Alpes-Maritimes le 13 novembre 2015"}]},{"@type":"WebSite","@id":"https:\/\/paca.lpo.fr\/blogs\/nice\/#website","url":"https:\/\/paca.lpo.fr\/blogs\/nice\/","name":"Groupe local Nice","description":"Groupe local Nice","publisher":{"@id":"https:\/\/paca.lpo.fr\/blogs\/nice\/#organization"},"potentialAction":[{"@type":"SearchAction","target":{"@type":"EntryPoint","urlTemplate":"https:\/\/paca.lpo.fr\/blogs\/nice\/?s={search_term_string}"},"query-input":{"@type":"PropertyValueSpecification","valueRequired":true,"valueName":"search_term_string"}}],"inLanguage":"fr-FR"},{"@type":"Organization","@id":"https:\/\/paca.lpo.fr\/blogs\/nice\/#organization","name":"Groupe local Nice","url":"https:\/\/paca.lpo.fr\/blogs\/nice\/","logo":{"@type":"ImageObject","inLanguage":"fr-FR","@id":"https:\/\/paca.lpo.fr\/blogs\/nice\/#\/schema\/logo\/image\/","url":"https:\/\/paca.lpo.fr\/blogs\/nice\/files\/2024\/01\/cropped-rvb-lpo-paca-logotype-signature-droite-mini-500.jpg","contentUrl":"https:\/\/paca.lpo.fr\/blogs\/nice\/files\/2024\/01\/cropped-rvb-lpo-paca-logotype-signature-droite-mini-500.jpg","width":500,"height":210,"caption":"Groupe local Nice"},"image":{"@id":"https:\/\/paca.lpo.fr\/blogs\/nice\/#\/schema\/logo\/image\/"}},{"@type":"Person","@id":"https:\/\/paca.lpo.fr\/blogs\/nice\/#\/schema\/person\/1bda33335fb71e0b3552487db26a4c56","name":"Groupe local Paillon-B\u00e9v\u00e9ra","image":{"@type":"ImageObject","inLanguage":"fr-FR","@id":"https:\/\/secure.gravatar.com\/avatar\/b1ee285506e2cb880ec988990d360e255aecb31c77212741dace1023623610c2?s=96&d=mm&r=g","url":"https:\/\/secure.gravatar.com\/avatar\/b1ee285506e2cb880ec988990d360e255aecb31c77212741dace1023623610c2?s=96&d=mm&r=g","contentUrl":"https:\/\/secure.gravatar.com\/avatar\/b1ee285506e2cb880ec988990d360e255aecb31c77212741dace1023623610c2?s=96&d=mm&r=g","caption":"Groupe local Paillon-B\u00e9v\u00e9ra"},"url":"https:\/\/paca.lpo.fr\/blogs\/nice\/author\/alpesmaritimesest\/"}]}},"jetpack_featured_media_url":"https:\/\/paca.lpo.fr\/blogs\/nice\/files\/2015\/11\/20151113_120724-Copie.jpg","_links":{"self":[{"href":"https:\/\/paca.lpo.fr\/blogs\/nice\/wp-json\/wp\/v2\/posts\/1382","targetHints":{"allow":["GET"]}}],"collection":[{"href":"https:\/\/paca.lpo.fr\/blogs\/nice\/wp-json\/wp\/v2\/posts"}],"about":[{"href":"https:\/\/paca.lpo.fr\/blogs\/nice\/wp-json\/wp\/v2\/types\/post"}],"author":[{"embeddable":true,"href":"https:\/\/paca.lpo.fr\/blogs\/nice\/wp-json\/wp\/v2\/users\/15"}],"replies":[{"embeddable":true,"href":"https:\/\/paca.lpo.fr\/blogs\/nice\/wp-json\/wp\/v2\/comments?post=1382"}],"version-history":[{"count":4,"href":"https:\/\/paca.lpo.fr\/blogs\/nice\/wp-json\/wp\/v2\/posts\/1382\/revisions"}],"predecessor-version":[{"id":1387,"href":"https:\/\/paca.lpo.fr\/blogs\/nice\/wp-json\/wp\/v2\/posts\/1382\/revisions\/1387"}],"wp:featuredmedia":[{"embeddable":true,"href":"https:\/\/paca.lpo.fr\/blogs\/nice\/wp-json\/wp\/v2\/media\/1383"}],"wp:attachment":[{"href":"https:\/\/paca.lpo.fr\/blogs\/nice\/wp-json\/wp\/v2\/media?parent=1382"}],"wp:term":[{"taxonomy":"category","embeddable":true,"href":"https:\/\/paca.lpo.fr\/blogs\/nice\/wp-json\/wp\/v2\/categories?post=1382"},{"taxonomy":"post_tag","embeddable":true,"href":"https:\/\/paca.lpo.fr\/blogs\/nice\/wp-json\/wp\/v2\/tags?post=1382"}],"curies":[{"name":"wp","href":"https:\/\/api.w.org\/{rel}","templated":true}]}}