{"id":1396,"date":"2015-12-20T12:53:33","date_gmt":"2015-12-20T11:53:33","guid":{"rendered":"https:\/\/paca.lpo.fr\/blogs\/nice\/?p=1396"},"modified":"2015-12-20T12:53:41","modified_gmt":"2015-12-20T11:53:41","slug":"nouvel-enfouissement-de-lignes-erdf-dans-la-vesubie","status":"publish","type":"post","link":"https:\/\/paca.lpo.fr\/blogs\/nice\/2015\/12\/20\/nouvel-enfouissement-de-lignes-erdf-dans-la-vesubie\/","title":{"rendered":"Nouvel enfouissement de lignes ERDF dans la V\u00e9subie"},"content":{"rendered":"<p><span style=\"color: #000000;font-family: Calibri;font-size: medium\">Vendredi 11 d\u00e9cembre a eu lieu une pr\u00e9sentation des travaux ERDF dans la vall\u00e9e de la V\u00e9subie en pr\u00e9sence de Monsieur Eric Ciotti, d\u00e9put\u00e9 et Pr\u00e9sident des Alpes Maritimes, de Monsieur Charles-Ange Gin\u00e9sy, Vice-pr\u00e9sident du d\u00e9partement, d\u00e9put\u00e9 et maire de P\u00e9one-Valberg, et de Monsieur Henri Giuge, Maire de St Martin V\u00e9subie. Les maires des communes avoisinantes ont \u00e9galement assist\u00e9 \u00e0 la pr\u00e9sentation sur site, et ensuite \u00e0 la Mairie de St Martin V\u00e9subie. Ces travaux permettent un renforcement et une s\u00e9curisation du r\u00e9seau \u00e9lectrique et pr\u00e9parent l\u2019installation de la fibre optique dans la vall\u00e9e de la V\u00e9subie. L\u2019enfouissement des lignes am\u00e9liore l\u2019esth\u00e9tique des paysages est r\u00e9duit l\u2019impact sur l\u2019avifaune dans ce secteur montagneux du Parc du Mercantour.<\/span><\/p>\n<p><img loading=\"lazy\" decoding=\"async\" class=\"alignnone size-medium wp-image-1397\" src=\"https:\/\/paca.lpo.fr\/blogs\/nice\/files\/2015\/12\/2015-12-11ERDF-009-Copie-480x355.jpg\" alt=\"2015-12-11ERDF 009 - Copie\" width=\"480\" height=\"355\" srcset=\"https:\/\/paca.lpo.fr\/blogs\/nice\/files\/2015\/12\/2015-12-11ERDF-009-Copie-480x355.jpg 480w, https:\/\/paca.lpo.fr\/blogs\/nice\/files\/2015\/12\/2015-12-11ERDF-009-Copie-700x517.jpg 700w, https:\/\/paca.lpo.fr\/blogs\/nice\/files\/2015\/12\/2015-12-11ERDF-009-Copie.jpg 709w\" sizes=\"auto, (max-width: 480px) 100vw, 480px\" \/><\/p>\n","protected":false},"excerpt":{"rendered":"<p>Vendredi 11 d\u00e9cembre a eu lieu une pr\u00e9sentation des travaux ERDF dans la vall\u00e9e de la V\u00e9subie en pr\u00e9sence de Monsieur Eric Ciotti, d\u00e9put\u00e9 et Pr\u00e9sident des Alpes Maritimes, de Monsieur Charles-Ange Gin\u00e9sy, Vice-pr\u00e9sident du d\u00e9partement, d\u00e9put\u00e9 et maire de P\u00e9one-Valberg, et de Monsieur Henri Giuge, Maire de St Martin V\u00e9subie. Les maires des communes [&hellip;]<\/p>\n","protected":false},"author":15,"featured_media":0,"comment_status":"open","ping_status":"open","sticky":false,"template":"","format":"standard","meta":{"footnotes":""},"categories":[3],"tags":[],"class_list":["post-1396","post","type-post","status-publish","format-standard","hentry","category-vie-groupe"],"yoast_head":"<!-- This site is optimized with the Yoast SEO plugin v28.3 - https:\/\/yoast.com\/product\/yoast-seo-wordpress\/ -->\n<title>Nouvel enfouissement de lignes ERDF dans la V\u00e9subie - Groupe local Nice<\/title>\n<meta name=\"robots\" content=\"index, follow, max-snippet:-1, max-image-preview:large, max-video-preview:-1\" \/>\n<link rel=\"canonical\" href=\"https:\/\/paca.lpo.fr\/blogs\/nice\/2015\/12\/20\/nouvel-enfouissement-de-lignes-erdf-dans-la-vesubie\/\" \/>\n<meta property=\"og:locale\" content=\"fr_FR\" \/>\n<meta property=\"og:type\" content=\"article\" \/>\n<meta property=\"og:title\" content=\"Nouvel enfouissement de lignes ERDF dans la V\u00e9subie - Groupe local Nice\" \/>\n<meta property=\"og:description\" content=\"Vendredi 11 d\u00e9cembre a eu lieu une pr\u00e9sentation des travaux ERDF dans la vall\u00e9e de la V\u00e9subie en pr\u00e9sence de Monsieur Eric Ciotti, d\u00e9put\u00e9 et Pr\u00e9sident des Alpes Maritimes, de Monsieur Charles-Ange Gin\u00e9sy, Vice-pr\u00e9sident du d\u00e9partement, d\u00e9put\u00e9 et maire de P\u00e9one-Valberg, et de Monsieur Henri Giuge, Maire de St Martin V\u00e9subie. Les maires des communes [&hellip;]\" \/>\n<meta property=\"og:url\" content=\"https:\/\/paca.lpo.fr\/blogs\/nice\/2015\/12\/20\/nouvel-enfouissement-de-lignes-erdf-dans-la-vesubie\/\" \/>\n<meta property=\"og:site_name\" content=\"Groupe local Nice\" \/>\n<meta property=\"article:published_time\" content=\"2015-12-20T11:53:33+00:00\" \/>\n<meta property=\"article:modified_time\" content=\"2015-12-20T11:53:41+00:00\" \/>\n<meta property=\"og:image\" content=\"https:\/\/paca.lpo.fr\/blogs\/nice\/files\/2015\/12\/2015-12-11ERDF-009-Copie-480x355.jpg\" \/>\n<meta name=\"author\" content=\"Groupe local Paillon-B\u00e9v\u00e9ra\" \/>\n<meta name=\"twitter:card\" content=\"summary_large_image\" \/>\n<meta name=\"twitter:label1\" content=\"\u00c9crit par\" \/>\n\t<meta name=\"twitter:data1\" content=\"Groupe local Paillon-B\u00e9v\u00e9ra\" \/>\n\t<meta name=\"twitter:label2\" content=\"Dur\u00e9e de lecture estim\u00e9e\" \/>\n\t<meta name=\"twitter:data2\" content=\"1 minute\" \/>\n<script type=\"application\/ld+json\" class=\"yoast-schema-graph\">{\"@context\":\"https:\\\/\\\/schema.org\",\"@graph\":[{\"@type\":\"Article\",\"@id\":\"https:\\\/\\\/paca.lpo.fr\\\/blogs\\\/nice\\\/2015\\\/12\\\/20\\\/nouvel-enfouissement-de-lignes-erdf-dans-la-vesubie\\\/#article\",\"isPartOf\":{\"@id\":\"https:\\\/\\\/paca.lpo.fr\\\/blogs\\\/nice\\\/2015\\\/12\\\/20\\\/nouvel-enfouissement-de-lignes-erdf-dans-la-vesubie\\\/\"},\"author\":{\"name\":\"Groupe local Paillon-B\u00e9v\u00e9ra\",\"@id\":\"https:\\\/\\\/paca.lpo.fr\\\/blogs\\\/nice\\\/#\\\/schema\\\/person\\\/1bda33335fb71e0b3552487db26a4c56\"},\"headline\":\"Nouvel enfouissement de lignes ERDF dans la V\u00e9subie\",\"datePublished\":\"2015-12-20T11:53:33+00:00\",\"dateModified\":\"2015-12-20T11:53:41+00:00\",\"mainEntityOfPage\":{\"@id\":\"https:\\\/\\\/paca.lpo.fr\\\/blogs\\\/nice\\\/2015\\\/12\\\/20\\\/nouvel-enfouissement-de-lignes-erdf-dans-la-vesubie\\\/\"},\"wordCount\":151,\"commentCount\":0,\"publisher\":{\"@id\":\"https:\\\/\\\/paca.lpo.fr\\\/blogs\\\/nice\\\/#organization\"},\"image\":{\"@id\":\"https:\\\/\\\/paca.lpo.fr\\\/blogs\\\/nice\\\/2015\\\/12\\\/20\\\/nouvel-enfouissement-de-lignes-erdf-dans-la-vesubie\\\/#primaryimage\"},\"thumbnailUrl\":\"https:\\\/\\\/paca.lpo.fr\\\/blogs\\\/nice\\\/files\\\/2015\\\/12\\\/2015-12-11ERDF-009-Copie-480x355.jpg\",\"articleSection\":[\"Vie du groupe\"],\"inLanguage\":\"fr-FR\",\"potentialAction\":[{\"@type\":\"CommentAction\",\"name\":\"Comment\",\"target\":[\"https:\\\/\\\/paca.lpo.fr\\\/blogs\\\/nice\\\/2015\\\/12\\\/20\\\/nouvel-enfouissement-de-lignes-erdf-dans-la-vesubie\\\/#respond\"]}]},{\"@type\":\"WebPage\",\"@id\":\"https:\\\/\\\/paca.lpo.fr\\\/blogs\\\/nice\\\/2015\\\/12\\\/20\\\/nouvel-enfouissement-de-lignes-erdf-dans-la-vesubie\\\/\",\"url\":\"https:\\\/\\\/paca.lpo.fr\\\/blogs\\\/nice\\\/2015\\\/12\\\/20\\\/nouvel-enfouissement-de-lignes-erdf-dans-la-vesubie\\\/\",\"name\":\"Nouvel enfouissement de lignes ERDF dans la V\u00e9subie - Groupe local Nice\",\"isPartOf\":{\"@id\":\"https:\\\/\\\/paca.lpo.fr\\\/blogs\\\/nice\\\/#website\"},\"primaryImageOfPage\":{\"@id\":\"https:\\\/\\\/paca.lpo.fr\\\/blogs\\\/nice\\\/2015\\\/12\\\/20\\\/nouvel-enfouissement-de-lignes-erdf-dans-la-vesubie\\\/#primaryimage\"},\"image\":{\"@id\":\"https:\\\/\\\/paca.lpo.fr\\\/blogs\\\/nice\\\/2015\\\/12\\\/20\\\/nouvel-enfouissement-de-lignes-erdf-dans-la-vesubie\\\/#primaryimage\"},\"thumbnailUrl\":\"https:\\\/\\\/paca.lpo.fr\\\/blogs\\\/nice\\\/files\\\/2015\\\/12\\\/2015-12-11ERDF-009-Copie-480x355.jpg\",\"datePublished\":\"2015-12-20T11:53:33+00:00\",\"dateModified\":\"2015-12-20T11:53:41+00:00\",\"breadcrumb\":{\"@id\":\"https:\\\/\\\/paca.lpo.fr\\\/blogs\\\/nice\\\/2015\\\/12\\\/20\\\/nouvel-enfouissement-de-lignes-erdf-dans-la-vesubie\\\/#breadcrumb\"},\"inLanguage\":\"fr-FR\",\"potentialAction\":[{\"@type\":\"ReadAction\",\"target\":[\"https:\\\/\\\/paca.lpo.fr\\\/blogs\\\/nice\\\/2015\\\/12\\\/20\\\/nouvel-enfouissement-de-lignes-erdf-dans-la-vesubie\\\/\"]}]},{\"@type\":\"ImageObject\",\"inLanguage\":\"fr-FR\",\"@id\":\"https:\\\/\\\/paca.lpo.fr\\\/blogs\\\/nice\\\/2015\\\/12\\\/20\\\/nouvel-enfouissement-de-lignes-erdf-dans-la-vesubie\\\/#primaryimage\",\"url\":\"https:\\\/\\\/paca.lpo.fr\\\/blogs\\\/nice\\\/files\\\/2015\\\/12\\\/2015-12-11ERDF-009-Copie.jpg\",\"contentUrl\":\"https:\\\/\\\/paca.lpo.fr\\\/blogs\\\/nice\\\/files\\\/2015\\\/12\\\/2015-12-11ERDF-009-Copie.jpg\",\"width\":709,\"height\":524},{\"@type\":\"BreadcrumbList\",\"@id\":\"https:\\\/\\\/paca.lpo.fr\\\/blogs\\\/nice\\\/2015\\\/12\\\/20\\\/nouvel-enfouissement-de-lignes-erdf-dans-la-vesubie\\\/#breadcrumb\",\"itemListElement\":[{\"@type\":\"ListItem\",\"position\":1,\"name\":\"Accueil\",\"item\":\"https:\\\/\\\/paca.lpo.fr\\\/blogs\\\/nice\\\/\"},{\"@type\":\"ListItem\",\"position\":2,\"name\":\"Nouvel enfouissement de lignes ERDF dans la V\u00e9subie\"}]},{\"@type\":\"WebSite\",\"@id\":\"https:\\\/\\\/paca.lpo.fr\\\/blogs\\\/nice\\\/#website\",\"url\":\"https:\\\/\\\/paca.lpo.fr\\\/blogs\\\/nice\\\/\",\"name\":\"Groupe local Nice\",\"description\":\"Groupe local Nice\",\"publisher\":{\"@id\":\"https:\\\/\\\/paca.lpo.fr\\\/blogs\\\/nice\\\/#organization\"},\"potentialAction\":[{\"@type\":\"SearchAction\",\"target\":{\"@type\":\"EntryPoint\",\"urlTemplate\":\"https:\\\/\\\/paca.lpo.fr\\\/blogs\\\/nice\\\/?s={search_term_string}\"},\"query-input\":{\"@type\":\"PropertyValueSpecification\",\"valueRequired\":true,\"valueName\":\"search_term_string\"}}],\"inLanguage\":\"fr-FR\"},{\"@type\":\"Organization\",\"@id\":\"https:\\\/\\\/paca.lpo.fr\\\/blogs\\\/nice\\\/#organization\",\"name\":\"Groupe local Nice\",\"url\":\"https:\\\/\\\/paca.lpo.fr\\\/blogs\\\/nice\\\/\",\"logo\":{\"@type\":\"ImageObject\",\"inLanguage\":\"fr-FR\",\"@id\":\"https:\\\/\\\/paca.lpo.fr\\\/blogs\\\/nice\\\/#\\\/schema\\\/logo\\\/image\\\/\",\"url\":\"https:\\\/\\\/paca.lpo.fr\\\/blogs\\\/nice\\\/files\\\/2024\\\/01\\\/cropped-rvb-lpo-paca-logotype-signature-droite-mini-500.jpg\",\"contentUrl\":\"https:\\\/\\\/paca.lpo.fr\\\/blogs\\\/nice\\\/files\\\/2024\\\/01\\\/cropped-rvb-lpo-paca-logotype-signature-droite-mini-500.jpg\",\"width\":500,\"height\":210,\"caption\":\"Groupe local Nice\"},\"image\":{\"@id\":\"https:\\\/\\\/paca.lpo.fr\\\/blogs\\\/nice\\\/#\\\/schema\\\/logo\\\/image\\\/\"}},{\"@type\":\"Person\",\"@id\":\"https:\\\/\\\/paca.lpo.fr\\\/blogs\\\/nice\\\/#\\\/schema\\\/person\\\/1bda33335fb71e0b3552487db26a4c56\",\"name\":\"Groupe local Paillon-B\u00e9v\u00e9ra\",\"image\":{\"@type\":\"ImageObject\",\"inLanguage\":\"fr-FR\",\"@id\":\"https:\\\/\\\/secure.gravatar.com\\\/avatar\\\/b1ee285506e2cb880ec988990d360e255aecb31c77212741dace1023623610c2?s=96&d=mm&r=g\",\"url\":\"https:\\\/\\\/secure.gravatar.com\\\/avatar\\\/b1ee285506e2cb880ec988990d360e255aecb31c77212741dace1023623610c2?s=96&d=mm&r=g\",\"contentUrl\":\"https:\\\/\\\/secure.gravatar.com\\\/avatar\\\/b1ee285506e2cb880ec988990d360e255aecb31c77212741dace1023623610c2?s=96&d=mm&r=g\",\"caption\":\"Groupe local Paillon-B\u00e9v\u00e9ra\"},\"url\":\"https:\\\/\\\/paca.lpo.fr\\\/blogs\\\/nice\\\/author\\\/alpesmaritimesest\\\/\"}]}<\/script>\n<!-- \/ Yoast SEO plugin. -->","yoast_head_json":{"title":"Nouvel enfouissement de lignes ERDF dans la V\u00e9subie - Groupe local Nice","robots":{"index":"index","follow":"follow","max-snippet":"max-snippet:-1","max-image-preview":"max-image-preview:large","max-video-preview":"max-video-preview:-1"},"canonical":"https:\/\/paca.lpo.fr\/blogs\/nice\/2015\/12\/20\/nouvel-enfouissement-de-lignes-erdf-dans-la-vesubie\/","og_locale":"fr_FR","og_type":"article","og_title":"Nouvel enfouissement de lignes ERDF dans la V\u00e9subie - Groupe local Nice","og_description":"Vendredi 11 d\u00e9cembre a eu lieu une pr\u00e9sentation des travaux ERDF dans la vall\u00e9e de la V\u00e9subie en pr\u00e9sence de Monsieur Eric Ciotti, d\u00e9put\u00e9 et Pr\u00e9sident des Alpes Maritimes, de Monsieur Charles-Ange Gin\u00e9sy, Vice-pr\u00e9sident du d\u00e9partement, d\u00e9put\u00e9 et maire de P\u00e9one-Valberg, et de Monsieur Henri Giuge, Maire de St Martin V\u00e9subie. Les maires des communes [&hellip;]","og_url":"https:\/\/paca.lpo.fr\/blogs\/nice\/2015\/12\/20\/nouvel-enfouissement-de-lignes-erdf-dans-la-vesubie\/","og_site_name":"Groupe local Nice","article_published_time":"2015-12-20T11:53:33+00:00","article_modified_time":"2015-12-20T11:53:41+00:00","og_image":[{"url":"https:\/\/paca.lpo.fr\/blogs\/nice\/files\/2015\/12\/2015-12-11ERDF-009-Copie-480x355.jpg","type":"","width":"","height":""}],"author":"Groupe local Paillon-B\u00e9v\u00e9ra","twitter_card":"summary_large_image","twitter_misc":{"\u00c9crit par":"Groupe local Paillon-B\u00e9v\u00e9ra","Dur\u00e9e de lecture estim\u00e9e":"1 minute"},"schema":{"@context":"https:\/\/schema.org","@graph":[{"@type":"Article","@id":"https:\/\/paca.lpo.fr\/blogs\/nice\/2015\/12\/20\/nouvel-enfouissement-de-lignes-erdf-dans-la-vesubie\/#article","isPartOf":{"@id":"https:\/\/paca.lpo.fr\/blogs\/nice\/2015\/12\/20\/nouvel-enfouissement-de-lignes-erdf-dans-la-vesubie\/"},"author":{"name":"Groupe local Paillon-B\u00e9v\u00e9ra","@id":"https:\/\/paca.lpo.fr\/blogs\/nice\/#\/schema\/person\/1bda33335fb71e0b3552487db26a4c56"},"headline":"Nouvel enfouissement de lignes ERDF dans la V\u00e9subie","datePublished":"2015-12-20T11:53:33+00:00","dateModified":"2015-12-20T11:53:41+00:00","mainEntityOfPage":{"@id":"https:\/\/paca.lpo.fr\/blogs\/nice\/2015\/12\/20\/nouvel-enfouissement-de-lignes-erdf-dans-la-vesubie\/"},"wordCount":151,"commentCount":0,"publisher":{"@id":"https:\/\/paca.lpo.fr\/blogs\/nice\/#organization"},"image":{"@id":"https:\/\/paca.lpo.fr\/blogs\/nice\/2015\/12\/20\/nouvel-enfouissement-de-lignes-erdf-dans-la-vesubie\/#primaryimage"},"thumbnailUrl":"https:\/\/paca.lpo.fr\/blogs\/nice\/files\/2015\/12\/2015-12-11ERDF-009-Copie-480x355.jpg","articleSection":["Vie du groupe"],"inLanguage":"fr-FR","potentialAction":[{"@type":"CommentAction","name":"Comment","target":["https:\/\/paca.lpo.fr\/blogs\/nice\/2015\/12\/20\/nouvel-enfouissement-de-lignes-erdf-dans-la-vesubie\/#respond"]}]},{"@type":"WebPage","@id":"https:\/\/paca.lpo.fr\/blogs\/nice\/2015\/12\/20\/nouvel-enfouissement-de-lignes-erdf-dans-la-vesubie\/","url":"https:\/\/paca.lpo.fr\/blogs\/nice\/2015\/12\/20\/nouvel-enfouissement-de-lignes-erdf-dans-la-vesubie\/","name":"Nouvel enfouissement de lignes ERDF dans la V\u00e9subie - Groupe local Nice","isPartOf":{"@id":"https:\/\/paca.lpo.fr\/blogs\/nice\/#website"},"primaryImageOfPage":{"@id":"https:\/\/paca.lpo.fr\/blogs\/nice\/2015\/12\/20\/nouvel-enfouissement-de-lignes-erdf-dans-la-vesubie\/#primaryimage"},"image":{"@id":"https:\/\/paca.lpo.fr\/blogs\/nice\/2015\/12\/20\/nouvel-enfouissement-de-lignes-erdf-dans-la-vesubie\/#primaryimage"},"thumbnailUrl":"https:\/\/paca.lpo.fr\/blogs\/nice\/files\/2015\/12\/2015-12-11ERDF-009-Copie-480x355.jpg","datePublished":"2015-12-20T11:53:33+00:00","dateModified":"2015-12-20T11:53:41+00:00","breadcrumb":{"@id":"https:\/\/paca.lpo.fr\/blogs\/nice\/2015\/12\/20\/nouvel-enfouissement-de-lignes-erdf-dans-la-vesubie\/#breadcrumb"},"inLanguage":"fr-FR","potentialAction":[{"@type":"ReadAction","target":["https:\/\/paca.lpo.fr\/blogs\/nice\/2015\/12\/20\/nouvel-enfouissement-de-lignes-erdf-dans-la-vesubie\/"]}]},{"@type":"ImageObject","inLanguage":"fr-FR","@id":"https:\/\/paca.lpo.fr\/blogs\/nice\/2015\/12\/20\/nouvel-enfouissement-de-lignes-erdf-dans-la-vesubie\/#primaryimage","url":"https:\/\/paca.lpo.fr\/blogs\/nice\/files\/2015\/12\/2015-12-11ERDF-009-Copie.jpg","contentUrl":"https:\/\/paca.lpo.fr\/blogs\/nice\/files\/2015\/12\/2015-12-11ERDF-009-Copie.jpg","width":709,"height":524},{"@type":"BreadcrumbList","@id":"https:\/\/paca.lpo.fr\/blogs\/nice\/2015\/12\/20\/nouvel-enfouissement-de-lignes-erdf-dans-la-vesubie\/#breadcrumb","itemListElement":[{"@type":"ListItem","position":1,"name":"Accueil","item":"https:\/\/paca.lpo.fr\/blogs\/nice\/"},{"@type":"ListItem","position":2,"name":"Nouvel enfouissement de lignes ERDF dans la V\u00e9subie"}]},{"@type":"WebSite","@id":"https:\/\/paca.lpo.fr\/blogs\/nice\/#website","url":"https:\/\/paca.lpo.fr\/blogs\/nice\/","name":"Groupe local Nice","description":"Groupe local Nice","publisher":{"@id":"https:\/\/paca.lpo.fr\/blogs\/nice\/#organization"},"potentialAction":[{"@type":"SearchAction","target":{"@type":"EntryPoint","urlTemplate":"https:\/\/paca.lpo.fr\/blogs\/nice\/?s={search_term_string}"},"query-input":{"@type":"PropertyValueSpecification","valueRequired":true,"valueName":"search_term_string"}}],"inLanguage":"fr-FR"},{"@type":"Organization","@id":"https:\/\/paca.lpo.fr\/blogs\/nice\/#organization","name":"Groupe local Nice","url":"https:\/\/paca.lpo.fr\/blogs\/nice\/","logo":{"@type":"ImageObject","inLanguage":"fr-FR","@id":"https:\/\/paca.lpo.fr\/blogs\/nice\/#\/schema\/logo\/image\/","url":"https:\/\/paca.lpo.fr\/blogs\/nice\/files\/2024\/01\/cropped-rvb-lpo-paca-logotype-signature-droite-mini-500.jpg","contentUrl":"https:\/\/paca.lpo.fr\/blogs\/nice\/files\/2024\/01\/cropped-rvb-lpo-paca-logotype-signature-droite-mini-500.jpg","width":500,"height":210,"caption":"Groupe local Nice"},"image":{"@id":"https:\/\/paca.lpo.fr\/blogs\/nice\/#\/schema\/logo\/image\/"}},{"@type":"Person","@id":"https:\/\/paca.lpo.fr\/blogs\/nice\/#\/schema\/person\/1bda33335fb71e0b3552487db26a4c56","name":"Groupe local Paillon-B\u00e9v\u00e9ra","image":{"@type":"ImageObject","inLanguage":"fr-FR","@id":"https:\/\/secure.gravatar.com\/avatar\/b1ee285506e2cb880ec988990d360e255aecb31c77212741dace1023623610c2?s=96&d=mm&r=g","url":"https:\/\/secure.gravatar.com\/avatar\/b1ee285506e2cb880ec988990d360e255aecb31c77212741dace1023623610c2?s=96&d=mm&r=g","contentUrl":"https:\/\/secure.gravatar.com\/avatar\/b1ee285506e2cb880ec988990d360e255aecb31c77212741dace1023623610c2?s=96&d=mm&r=g","caption":"Groupe local Paillon-B\u00e9v\u00e9ra"},"url":"https:\/\/paca.lpo.fr\/blogs\/nice\/author\/alpesmaritimesest\/"}]}},"jetpack_featured_media_url":"","_links":{"self":[{"href":"https:\/\/paca.lpo.fr\/blogs\/nice\/wp-json\/wp\/v2\/posts\/1396","targetHints":{"allow":["GET"]}}],"collection":[{"href":"https:\/\/paca.lpo.fr\/blogs\/nice\/wp-json\/wp\/v2\/posts"}],"about":[{"href":"https:\/\/paca.lpo.fr\/blogs\/nice\/wp-json\/wp\/v2\/types\/post"}],"author":[{"embeddable":true,"href":"https:\/\/paca.lpo.fr\/blogs\/nice\/wp-json\/wp\/v2\/users\/15"}],"replies":[{"embeddable":true,"href":"https:\/\/paca.lpo.fr\/blogs\/nice\/wp-json\/wp\/v2\/comments?post=1396"}],"version-history":[{"count":1,"href":"https:\/\/paca.lpo.fr\/blogs\/nice\/wp-json\/wp\/v2\/posts\/1396\/revisions"}],"predecessor-version":[{"id":1398,"href":"https:\/\/paca.lpo.fr\/blogs\/nice\/wp-json\/wp\/v2\/posts\/1396\/revisions\/1398"}],"wp:attachment":[{"href":"https:\/\/paca.lpo.fr\/blogs\/nice\/wp-json\/wp\/v2\/media?parent=1396"}],"wp:term":[{"taxonomy":"category","embeddable":true,"href":"https:\/\/paca.lpo.fr\/blogs\/nice\/wp-json\/wp\/v2\/categories?post=1396"},{"taxonomy":"post_tag","embeddable":true,"href":"https:\/\/paca.lpo.fr\/blogs\/nice\/wp-json\/wp\/v2\/tags?post=1396"}],"curies":[{"name":"wp","href":"https:\/\/api.w.org\/{rel}","templated":true}]}}