{"id":1406,"date":"2016-01-02T11:40:57","date_gmt":"2016-01-02T10:40:57","guid":{"rendered":"https:\/\/paca.lpo.fr\/blogs\/nice\/?p=1406"},"modified":"2016-01-20T19:55:22","modified_gmt":"2016-01-20T18:55:22","slug":"le-film-gus-petit-oiseau-grand-voyage-de-nouveau-a-laffiche-a-nice","status":"publish","type":"post","link":"https:\/\/paca.lpo.fr\/blogs\/nice\/2016\/01\/02\/le-film-gus-petit-oiseau-grand-voyage-de-nouveau-a-laffiche-a-nice\/","title":{"rendered":"Le film GUS, PETIT OISEAU, GRAND VOYAGE de nouveau \u00e0 l\u2019affiche \u00e0 Nice"},"content":{"rendered":"<p>Dans le cadre de l\u2019\u00e9v\u00e9nement \u00ab\u00a0Les Toiles Magiques\u00a0\u00bb qui s\u2019est d\u00e9roul\u00e9 du 7 au 20 d\u00e9cembre 2015 l\u2019Espace Magnan, Centre culturel et sportif et Association loi 1901 \u00e0 Nice, a diffus\u00e9 le film aupr\u00e8s des scolaires et du public. Une b\u00e9n\u00e9vole du Groupe Local a r\u00e9alis\u00e9 des interventions p\u00e9dagogiques ludiques sur le th\u00e8me de la migration des oiseaux dans la salle apr\u00e8s les projections des 7 et 8 d\u00e9cembre.\u00a0 80 enfants de 3 classes de l\u2019\u00e9cole \u00e9l\u00e9mentaire et 60 \u00e9l\u00e8ves de coll\u00e8ge Ste Th\u00e9r\u00e8se ont \u00e9t\u00e9 sensibilis\u00e9s lors de ces animations et ont travaill\u00e9\u00a0ensuite en classe avec leurs enseignants \u00e0 l\u2019aide du jeu \u00ab\u00a0Chacun\u2026\u00a0\u00bb. \u00a0Une s\u00e9ance du film suivie d\u2019une courte animation le dimanche apr\u00e8s-midi 20 d\u00e9cembre\u00a0 a r\u00e9uni \u00a044 spectateurs publics (jeunes enfants et leurs parents).\u00a0 L\u2019exposition LPO \u00ab\u00a0Les Oiseaux d\u2019Afrique\u00a0\u00bb a \u00e9t\u00e9 pr\u00e9sent\u00e9e au public du Centre Magnan pendant toute la dur\u00e9e de l\u2019\u00e9v\u00e8nement.<\/p>\n<p><img loading=\"lazy\" decoding=\"async\" class=\"alignnone size-medium wp-image-1407\" src=\"https:\/\/paca.lpo.fr\/blogs\/nice\/files\/2016\/01\/2015-12-20Magnan-005-Copie-480x363.jpg\" alt=\"2015-12-20Magnan 005 - Copie\" width=\"480\" height=\"363\" srcset=\"https:\/\/paca.lpo.fr\/blogs\/nice\/files\/2016\/01\/2015-12-20Magnan-005-Copie-480x363.jpg 480w, https:\/\/paca.lpo.fr\/blogs\/nice\/files\/2016\/01\/2015-12-20Magnan-005-Copie-768x581.jpg 768w, https:\/\/paca.lpo.fr\/blogs\/nice\/files\/2016\/01\/2015-12-20Magnan-005-Copie-960x726.jpg 960w, https:\/\/paca.lpo.fr\/blogs\/nice\/files\/2016\/01\/2015-12-20Magnan-005-Copie-700x530.jpg 700w, https:\/\/paca.lpo.fr\/blogs\/nice\/files\/2016\/01\/2015-12-20Magnan-005-Copie-800x605.jpg 800w, https:\/\/paca.lpo.fr\/blogs\/nice\/files\/2016\/01\/2015-12-20Magnan-005-Copie.jpg 1007w\" sizes=\"auto, (max-width: 480px) 100vw, 480px\" \/><\/p>\n","protected":false},"excerpt":{"rendered":"<p>Dans le cadre de l\u2019\u00e9v\u00e9nement \u00ab\u00a0Les Toiles Magiques\u00a0\u00bb qui s\u2019est d\u00e9roul\u00e9 du 7 au 20 d\u00e9cembre 2015 l\u2019Espace Magnan, Centre culturel et sportif et Association loi 1901 \u00e0 Nice, a diffus\u00e9 le film aupr\u00e8s des scolaires et du public. Une b\u00e9n\u00e9vole du Groupe Local a r\u00e9alis\u00e9 des interventions p\u00e9dagogiques ludiques sur le th\u00e8me de la [&hellip;]<\/p>\n","protected":false},"author":15,"featured_media":0,"comment_status":"open","ping_status":"open","sticky":false,"template":"","format":"standard","meta":{"footnotes":""},"categories":[3],"tags":[],"class_list":["post-1406","post","type-post","status-publish","format-standard","hentry","category-vie-groupe"],"yoast_head":"<!-- This site is optimized with the Yoast SEO plugin v28.3 - https:\/\/yoast.com\/product\/yoast-seo-wordpress\/ -->\n<title>Le film GUS, PETIT OISEAU, GRAND VOYAGE de nouveau \u00e0 l\u2019affiche \u00e0 Nice - Groupe local Nice<\/title>\n<meta name=\"robots\" content=\"index, follow, max-snippet:-1, max-image-preview:large, max-video-preview:-1\" \/>\n<link rel=\"canonical\" href=\"https:\/\/paca.lpo.fr\/blogs\/nice\/2016\/01\/02\/le-film-gus-petit-oiseau-grand-voyage-de-nouveau-a-laffiche-a-nice\/\" \/>\n<meta property=\"og:locale\" content=\"fr_FR\" \/>\n<meta property=\"og:type\" content=\"article\" \/>\n<meta property=\"og:title\" content=\"Le film GUS, PETIT OISEAU, GRAND VOYAGE de nouveau \u00e0 l\u2019affiche \u00e0 Nice - Groupe local Nice\" \/>\n<meta property=\"og:description\" content=\"Dans le cadre de l\u2019\u00e9v\u00e9nement \u00ab\u00a0Les Toiles Magiques\u00a0\u00bb qui s\u2019est d\u00e9roul\u00e9 du 7 au 20 d\u00e9cembre 2015 l\u2019Espace Magnan, Centre culturel et sportif et Association loi 1901 \u00e0 Nice, a diffus\u00e9 le film aupr\u00e8s des scolaires et du public. Une b\u00e9n\u00e9vole du Groupe Local a r\u00e9alis\u00e9 des interventions p\u00e9dagogiques ludiques sur le th\u00e8me de la [&hellip;]\" \/>\n<meta property=\"og:url\" content=\"https:\/\/paca.lpo.fr\/blogs\/nice\/2016\/01\/02\/le-film-gus-petit-oiseau-grand-voyage-de-nouveau-a-laffiche-a-nice\/\" \/>\n<meta property=\"og:site_name\" content=\"Groupe local Nice\" \/>\n<meta property=\"article:published_time\" content=\"2016-01-02T10:40:57+00:00\" \/>\n<meta property=\"article:modified_time\" content=\"2016-01-20T18:55:22+00:00\" \/>\n<meta property=\"og:image\" content=\"https:\/\/paca.lpo.fr\/blogs\/nice\/files\/2016\/01\/2015-12-20Magnan-005-Copie-480x363.jpg\" \/>\n<meta name=\"author\" content=\"Groupe local Paillon-B\u00e9v\u00e9ra\" \/>\n<meta name=\"twitter:card\" content=\"summary_large_image\" \/>\n<meta name=\"twitter:label1\" content=\"\u00c9crit par\" \/>\n\t<meta name=\"twitter:data1\" content=\"Groupe local Paillon-B\u00e9v\u00e9ra\" \/>\n\t<meta name=\"twitter:label2\" content=\"Dur\u00e9e de lecture estim\u00e9e\" \/>\n\t<meta name=\"twitter:data2\" content=\"1 minute\" \/>\n<script type=\"application\/ld+json\" class=\"yoast-schema-graph\">{\"@context\":\"https:\\\/\\\/schema.org\",\"@graph\":[{\"@type\":\"Article\",\"@id\":\"https:\\\/\\\/paca.lpo.fr\\\/blogs\\\/nice\\\/2016\\\/01\\\/02\\\/le-film-gus-petit-oiseau-grand-voyage-de-nouveau-a-laffiche-a-nice\\\/#article\",\"isPartOf\":{\"@id\":\"https:\\\/\\\/paca.lpo.fr\\\/blogs\\\/nice\\\/2016\\\/01\\\/02\\\/le-film-gus-petit-oiseau-grand-voyage-de-nouveau-a-laffiche-a-nice\\\/\"},\"author\":{\"name\":\"Groupe local Paillon-B\u00e9v\u00e9ra\",\"@id\":\"https:\\\/\\\/paca.lpo.fr\\\/blogs\\\/nice\\\/#\\\/schema\\\/person\\\/1bda33335fb71e0b3552487db26a4c56\"},\"headline\":\"Le film GUS, PETIT OISEAU, GRAND VOYAGE de nouveau \u00e0 l\u2019affiche \u00e0 Nice\",\"datePublished\":\"2016-01-02T10:40:57+00:00\",\"dateModified\":\"2016-01-20T18:55:22+00:00\",\"mainEntityOfPage\":{\"@id\":\"https:\\\/\\\/paca.lpo.fr\\\/blogs\\\/nice\\\/2016\\\/01\\\/02\\\/le-film-gus-petit-oiseau-grand-voyage-de-nouveau-a-laffiche-a-nice\\\/\"},\"wordCount\":180,\"commentCount\":0,\"publisher\":{\"@id\":\"https:\\\/\\\/paca.lpo.fr\\\/blogs\\\/nice\\\/#organization\"},\"image\":{\"@id\":\"https:\\\/\\\/paca.lpo.fr\\\/blogs\\\/nice\\\/2016\\\/01\\\/02\\\/le-film-gus-petit-oiseau-grand-voyage-de-nouveau-a-laffiche-a-nice\\\/#primaryimage\"},\"thumbnailUrl\":\"https:\\\/\\\/paca.lpo.fr\\\/blogs\\\/nice\\\/files\\\/2016\\\/01\\\/2015-12-20Magnan-005-Copie-480x363.jpg\",\"articleSection\":[\"Vie du groupe\"],\"inLanguage\":\"fr-FR\",\"potentialAction\":[{\"@type\":\"CommentAction\",\"name\":\"Comment\",\"target\":[\"https:\\\/\\\/paca.lpo.fr\\\/blogs\\\/nice\\\/2016\\\/01\\\/02\\\/le-film-gus-petit-oiseau-grand-voyage-de-nouveau-a-laffiche-a-nice\\\/#respond\"]}]},{\"@type\":\"WebPage\",\"@id\":\"https:\\\/\\\/paca.lpo.fr\\\/blogs\\\/nice\\\/2016\\\/01\\\/02\\\/le-film-gus-petit-oiseau-grand-voyage-de-nouveau-a-laffiche-a-nice\\\/\",\"url\":\"https:\\\/\\\/paca.lpo.fr\\\/blogs\\\/nice\\\/2016\\\/01\\\/02\\\/le-film-gus-petit-oiseau-grand-voyage-de-nouveau-a-laffiche-a-nice\\\/\",\"name\":\"Le film GUS, PETIT OISEAU, GRAND VOYAGE de nouveau \u00e0 l\u2019affiche \u00e0 Nice - Groupe local Nice\",\"isPartOf\":{\"@id\":\"https:\\\/\\\/paca.lpo.fr\\\/blogs\\\/nice\\\/#website\"},\"primaryImageOfPage\":{\"@id\":\"https:\\\/\\\/paca.lpo.fr\\\/blogs\\\/nice\\\/2016\\\/01\\\/02\\\/le-film-gus-petit-oiseau-grand-voyage-de-nouveau-a-laffiche-a-nice\\\/#primaryimage\"},\"image\":{\"@id\":\"https:\\\/\\\/paca.lpo.fr\\\/blogs\\\/nice\\\/2016\\\/01\\\/02\\\/le-film-gus-petit-oiseau-grand-voyage-de-nouveau-a-laffiche-a-nice\\\/#primaryimage\"},\"thumbnailUrl\":\"https:\\\/\\\/paca.lpo.fr\\\/blogs\\\/nice\\\/files\\\/2016\\\/01\\\/2015-12-20Magnan-005-Copie-480x363.jpg\",\"datePublished\":\"2016-01-02T10:40:57+00:00\",\"dateModified\":\"2016-01-20T18:55:22+00:00\",\"breadcrumb\":{\"@id\":\"https:\\\/\\\/paca.lpo.fr\\\/blogs\\\/nice\\\/2016\\\/01\\\/02\\\/le-film-gus-petit-oiseau-grand-voyage-de-nouveau-a-laffiche-a-nice\\\/#breadcrumb\"},\"inLanguage\":\"fr-FR\",\"potentialAction\":[{\"@type\":\"ReadAction\",\"target\":[\"https:\\\/\\\/paca.lpo.fr\\\/blogs\\\/nice\\\/2016\\\/01\\\/02\\\/le-film-gus-petit-oiseau-grand-voyage-de-nouveau-a-laffiche-a-nice\\\/\"]}]},{\"@type\":\"ImageObject\",\"inLanguage\":\"fr-FR\",\"@id\":\"https:\\\/\\\/paca.lpo.fr\\\/blogs\\\/nice\\\/2016\\\/01\\\/02\\\/le-film-gus-petit-oiseau-grand-voyage-de-nouveau-a-laffiche-a-nice\\\/#primaryimage\",\"url\":\"https:\\\/\\\/paca.lpo.fr\\\/blogs\\\/nice\\\/files\\\/2016\\\/01\\\/2015-12-20Magnan-005-Copie.jpg\",\"contentUrl\":\"https:\\\/\\\/paca.lpo.fr\\\/blogs\\\/nice\\\/files\\\/2016\\\/01\\\/2015-12-20Magnan-005-Copie.jpg\",\"width\":1007,\"height\":762},{\"@type\":\"BreadcrumbList\",\"@id\":\"https:\\\/\\\/paca.lpo.fr\\\/blogs\\\/nice\\\/2016\\\/01\\\/02\\\/le-film-gus-petit-oiseau-grand-voyage-de-nouveau-a-laffiche-a-nice\\\/#breadcrumb\",\"itemListElement\":[{\"@type\":\"ListItem\",\"position\":1,\"name\":\"Accueil\",\"item\":\"https:\\\/\\\/paca.lpo.fr\\\/blogs\\\/nice\\\/\"},{\"@type\":\"ListItem\",\"position\":2,\"name\":\"Le film GUS, PETIT OISEAU, GRAND VOYAGE de nouveau \u00e0 l\u2019affiche \u00e0 Nice\"}]},{\"@type\":\"WebSite\",\"@id\":\"https:\\\/\\\/paca.lpo.fr\\\/blogs\\\/nice\\\/#website\",\"url\":\"https:\\\/\\\/paca.lpo.fr\\\/blogs\\\/nice\\\/\",\"name\":\"Groupe local Nice\",\"description\":\"Groupe local Nice\",\"publisher\":{\"@id\":\"https:\\\/\\\/paca.lpo.fr\\\/blogs\\\/nice\\\/#organization\"},\"potentialAction\":[{\"@type\":\"SearchAction\",\"target\":{\"@type\":\"EntryPoint\",\"urlTemplate\":\"https:\\\/\\\/paca.lpo.fr\\\/blogs\\\/nice\\\/?s={search_term_string}\"},\"query-input\":{\"@type\":\"PropertyValueSpecification\",\"valueRequired\":true,\"valueName\":\"search_term_string\"}}],\"inLanguage\":\"fr-FR\"},{\"@type\":\"Organization\",\"@id\":\"https:\\\/\\\/paca.lpo.fr\\\/blogs\\\/nice\\\/#organization\",\"name\":\"Groupe local Nice\",\"url\":\"https:\\\/\\\/paca.lpo.fr\\\/blogs\\\/nice\\\/\",\"logo\":{\"@type\":\"ImageObject\",\"inLanguage\":\"fr-FR\",\"@id\":\"https:\\\/\\\/paca.lpo.fr\\\/blogs\\\/nice\\\/#\\\/schema\\\/logo\\\/image\\\/\",\"url\":\"https:\\\/\\\/paca.lpo.fr\\\/blogs\\\/nice\\\/files\\\/2024\\\/01\\\/cropped-rvb-lpo-paca-logotype-signature-droite-mini-500.jpg\",\"contentUrl\":\"https:\\\/\\\/paca.lpo.fr\\\/blogs\\\/nice\\\/files\\\/2024\\\/01\\\/cropped-rvb-lpo-paca-logotype-signature-droite-mini-500.jpg\",\"width\":500,\"height\":210,\"caption\":\"Groupe local Nice\"},\"image\":{\"@id\":\"https:\\\/\\\/paca.lpo.fr\\\/blogs\\\/nice\\\/#\\\/schema\\\/logo\\\/image\\\/\"}},{\"@type\":\"Person\",\"@id\":\"https:\\\/\\\/paca.lpo.fr\\\/blogs\\\/nice\\\/#\\\/schema\\\/person\\\/1bda33335fb71e0b3552487db26a4c56\",\"name\":\"Groupe local Paillon-B\u00e9v\u00e9ra\",\"image\":{\"@type\":\"ImageObject\",\"inLanguage\":\"fr-FR\",\"@id\":\"https:\\\/\\\/secure.gravatar.com\\\/avatar\\\/b1ee285506e2cb880ec988990d360e255aecb31c77212741dace1023623610c2?s=96&d=mm&r=g\",\"url\":\"https:\\\/\\\/secure.gravatar.com\\\/avatar\\\/b1ee285506e2cb880ec988990d360e255aecb31c77212741dace1023623610c2?s=96&d=mm&r=g\",\"contentUrl\":\"https:\\\/\\\/secure.gravatar.com\\\/avatar\\\/b1ee285506e2cb880ec988990d360e255aecb31c77212741dace1023623610c2?s=96&d=mm&r=g\",\"caption\":\"Groupe local Paillon-B\u00e9v\u00e9ra\"},\"url\":\"https:\\\/\\\/paca.lpo.fr\\\/blogs\\\/nice\\\/author\\\/alpesmaritimesest\\\/\"}]}<\/script>\n<!-- \/ Yoast SEO plugin. -->","yoast_head_json":{"title":"Le film GUS, PETIT OISEAU, GRAND VOYAGE de nouveau \u00e0 l\u2019affiche \u00e0 Nice - Groupe local Nice","robots":{"index":"index","follow":"follow","max-snippet":"max-snippet:-1","max-image-preview":"max-image-preview:large","max-video-preview":"max-video-preview:-1"},"canonical":"https:\/\/paca.lpo.fr\/blogs\/nice\/2016\/01\/02\/le-film-gus-petit-oiseau-grand-voyage-de-nouveau-a-laffiche-a-nice\/","og_locale":"fr_FR","og_type":"article","og_title":"Le film GUS, PETIT OISEAU, GRAND VOYAGE de nouveau \u00e0 l\u2019affiche \u00e0 Nice - Groupe local Nice","og_description":"Dans le cadre de l\u2019\u00e9v\u00e9nement \u00ab\u00a0Les Toiles Magiques\u00a0\u00bb qui s\u2019est d\u00e9roul\u00e9 du 7 au 20 d\u00e9cembre 2015 l\u2019Espace Magnan, Centre culturel et sportif et Association loi 1901 \u00e0 Nice, a diffus\u00e9 le film aupr\u00e8s des scolaires et du public. Une b\u00e9n\u00e9vole du Groupe Local a r\u00e9alis\u00e9 des interventions p\u00e9dagogiques ludiques sur le th\u00e8me de la [&hellip;]","og_url":"https:\/\/paca.lpo.fr\/blogs\/nice\/2016\/01\/02\/le-film-gus-petit-oiseau-grand-voyage-de-nouveau-a-laffiche-a-nice\/","og_site_name":"Groupe local Nice","article_published_time":"2016-01-02T10:40:57+00:00","article_modified_time":"2016-01-20T18:55:22+00:00","og_image":[{"url":"https:\/\/paca.lpo.fr\/blogs\/nice\/files\/2016\/01\/2015-12-20Magnan-005-Copie-480x363.jpg","type":"","width":"","height":""}],"author":"Groupe local Paillon-B\u00e9v\u00e9ra","twitter_card":"summary_large_image","twitter_misc":{"\u00c9crit par":"Groupe local Paillon-B\u00e9v\u00e9ra","Dur\u00e9e de lecture estim\u00e9e":"1 minute"},"schema":{"@context":"https:\/\/schema.org","@graph":[{"@type":"Article","@id":"https:\/\/paca.lpo.fr\/blogs\/nice\/2016\/01\/02\/le-film-gus-petit-oiseau-grand-voyage-de-nouveau-a-laffiche-a-nice\/#article","isPartOf":{"@id":"https:\/\/paca.lpo.fr\/blogs\/nice\/2016\/01\/02\/le-film-gus-petit-oiseau-grand-voyage-de-nouveau-a-laffiche-a-nice\/"},"author":{"name":"Groupe local Paillon-B\u00e9v\u00e9ra","@id":"https:\/\/paca.lpo.fr\/blogs\/nice\/#\/schema\/person\/1bda33335fb71e0b3552487db26a4c56"},"headline":"Le film GUS, PETIT OISEAU, GRAND VOYAGE de nouveau \u00e0 l\u2019affiche \u00e0 Nice","datePublished":"2016-01-02T10:40:57+00:00","dateModified":"2016-01-20T18:55:22+00:00","mainEntityOfPage":{"@id":"https:\/\/paca.lpo.fr\/blogs\/nice\/2016\/01\/02\/le-film-gus-petit-oiseau-grand-voyage-de-nouveau-a-laffiche-a-nice\/"},"wordCount":180,"commentCount":0,"publisher":{"@id":"https:\/\/paca.lpo.fr\/blogs\/nice\/#organization"},"image":{"@id":"https:\/\/paca.lpo.fr\/blogs\/nice\/2016\/01\/02\/le-film-gus-petit-oiseau-grand-voyage-de-nouveau-a-laffiche-a-nice\/#primaryimage"},"thumbnailUrl":"https:\/\/paca.lpo.fr\/blogs\/nice\/files\/2016\/01\/2015-12-20Magnan-005-Copie-480x363.jpg","articleSection":["Vie du groupe"],"inLanguage":"fr-FR","potentialAction":[{"@type":"CommentAction","name":"Comment","target":["https:\/\/paca.lpo.fr\/blogs\/nice\/2016\/01\/02\/le-film-gus-petit-oiseau-grand-voyage-de-nouveau-a-laffiche-a-nice\/#respond"]}]},{"@type":"WebPage","@id":"https:\/\/paca.lpo.fr\/blogs\/nice\/2016\/01\/02\/le-film-gus-petit-oiseau-grand-voyage-de-nouveau-a-laffiche-a-nice\/","url":"https:\/\/paca.lpo.fr\/blogs\/nice\/2016\/01\/02\/le-film-gus-petit-oiseau-grand-voyage-de-nouveau-a-laffiche-a-nice\/","name":"Le film GUS, PETIT OISEAU, GRAND VOYAGE de nouveau \u00e0 l\u2019affiche \u00e0 Nice - Groupe local Nice","isPartOf":{"@id":"https:\/\/paca.lpo.fr\/blogs\/nice\/#website"},"primaryImageOfPage":{"@id":"https:\/\/paca.lpo.fr\/blogs\/nice\/2016\/01\/02\/le-film-gus-petit-oiseau-grand-voyage-de-nouveau-a-laffiche-a-nice\/#primaryimage"},"image":{"@id":"https:\/\/paca.lpo.fr\/blogs\/nice\/2016\/01\/02\/le-film-gus-petit-oiseau-grand-voyage-de-nouveau-a-laffiche-a-nice\/#primaryimage"},"thumbnailUrl":"https:\/\/paca.lpo.fr\/blogs\/nice\/files\/2016\/01\/2015-12-20Magnan-005-Copie-480x363.jpg","datePublished":"2016-01-02T10:40:57+00:00","dateModified":"2016-01-20T18:55:22+00:00","breadcrumb":{"@id":"https:\/\/paca.lpo.fr\/blogs\/nice\/2016\/01\/02\/le-film-gus-petit-oiseau-grand-voyage-de-nouveau-a-laffiche-a-nice\/#breadcrumb"},"inLanguage":"fr-FR","potentialAction":[{"@type":"ReadAction","target":["https:\/\/paca.lpo.fr\/blogs\/nice\/2016\/01\/02\/le-film-gus-petit-oiseau-grand-voyage-de-nouveau-a-laffiche-a-nice\/"]}]},{"@type":"ImageObject","inLanguage":"fr-FR","@id":"https:\/\/paca.lpo.fr\/blogs\/nice\/2016\/01\/02\/le-film-gus-petit-oiseau-grand-voyage-de-nouveau-a-laffiche-a-nice\/#primaryimage","url":"https:\/\/paca.lpo.fr\/blogs\/nice\/files\/2016\/01\/2015-12-20Magnan-005-Copie.jpg","contentUrl":"https:\/\/paca.lpo.fr\/blogs\/nice\/files\/2016\/01\/2015-12-20Magnan-005-Copie.jpg","width":1007,"height":762},{"@type":"BreadcrumbList","@id":"https:\/\/paca.lpo.fr\/blogs\/nice\/2016\/01\/02\/le-film-gus-petit-oiseau-grand-voyage-de-nouveau-a-laffiche-a-nice\/#breadcrumb","itemListElement":[{"@type":"ListItem","position":1,"name":"Accueil","item":"https:\/\/paca.lpo.fr\/blogs\/nice\/"},{"@type":"ListItem","position":2,"name":"Le film GUS, PETIT OISEAU, GRAND VOYAGE de nouveau \u00e0 l\u2019affiche \u00e0 Nice"}]},{"@type":"WebSite","@id":"https:\/\/paca.lpo.fr\/blogs\/nice\/#website","url":"https:\/\/paca.lpo.fr\/blogs\/nice\/","name":"Groupe local Nice","description":"Groupe local Nice","publisher":{"@id":"https:\/\/paca.lpo.fr\/blogs\/nice\/#organization"},"potentialAction":[{"@type":"SearchAction","target":{"@type":"EntryPoint","urlTemplate":"https:\/\/paca.lpo.fr\/blogs\/nice\/?s={search_term_string}"},"query-input":{"@type":"PropertyValueSpecification","valueRequired":true,"valueName":"search_term_string"}}],"inLanguage":"fr-FR"},{"@type":"Organization","@id":"https:\/\/paca.lpo.fr\/blogs\/nice\/#organization","name":"Groupe local Nice","url":"https:\/\/paca.lpo.fr\/blogs\/nice\/","logo":{"@type":"ImageObject","inLanguage":"fr-FR","@id":"https:\/\/paca.lpo.fr\/blogs\/nice\/#\/schema\/logo\/image\/","url":"https:\/\/paca.lpo.fr\/blogs\/nice\/files\/2024\/01\/cropped-rvb-lpo-paca-logotype-signature-droite-mini-500.jpg","contentUrl":"https:\/\/paca.lpo.fr\/blogs\/nice\/files\/2024\/01\/cropped-rvb-lpo-paca-logotype-signature-droite-mini-500.jpg","width":500,"height":210,"caption":"Groupe local Nice"},"image":{"@id":"https:\/\/paca.lpo.fr\/blogs\/nice\/#\/schema\/logo\/image\/"}},{"@type":"Person","@id":"https:\/\/paca.lpo.fr\/blogs\/nice\/#\/schema\/person\/1bda33335fb71e0b3552487db26a4c56","name":"Groupe local Paillon-B\u00e9v\u00e9ra","image":{"@type":"ImageObject","inLanguage":"fr-FR","@id":"https:\/\/secure.gravatar.com\/avatar\/b1ee285506e2cb880ec988990d360e255aecb31c77212741dace1023623610c2?s=96&d=mm&r=g","url":"https:\/\/secure.gravatar.com\/avatar\/b1ee285506e2cb880ec988990d360e255aecb31c77212741dace1023623610c2?s=96&d=mm&r=g","contentUrl":"https:\/\/secure.gravatar.com\/avatar\/b1ee285506e2cb880ec988990d360e255aecb31c77212741dace1023623610c2?s=96&d=mm&r=g","caption":"Groupe local Paillon-B\u00e9v\u00e9ra"},"url":"https:\/\/paca.lpo.fr\/blogs\/nice\/author\/alpesmaritimesest\/"}]}},"jetpack_featured_media_url":"","_links":{"self":[{"href":"https:\/\/paca.lpo.fr\/blogs\/nice\/wp-json\/wp\/v2\/posts\/1406","targetHints":{"allow":["GET"]}}],"collection":[{"href":"https:\/\/paca.lpo.fr\/blogs\/nice\/wp-json\/wp\/v2\/posts"}],"about":[{"href":"https:\/\/paca.lpo.fr\/blogs\/nice\/wp-json\/wp\/v2\/types\/post"}],"author":[{"embeddable":true,"href":"https:\/\/paca.lpo.fr\/blogs\/nice\/wp-json\/wp\/v2\/users\/15"}],"replies":[{"embeddable":true,"href":"https:\/\/paca.lpo.fr\/blogs\/nice\/wp-json\/wp\/v2\/comments?post=1406"}],"version-history":[{"count":3,"href":"https:\/\/paca.lpo.fr\/blogs\/nice\/wp-json\/wp\/v2\/posts\/1406\/revisions"}],"predecessor-version":[{"id":1426,"href":"https:\/\/paca.lpo.fr\/blogs\/nice\/wp-json\/wp\/v2\/posts\/1406\/revisions\/1426"}],"wp:attachment":[{"href":"https:\/\/paca.lpo.fr\/blogs\/nice\/wp-json\/wp\/v2\/media?parent=1406"}],"wp:term":[{"taxonomy":"category","embeddable":true,"href":"https:\/\/paca.lpo.fr\/blogs\/nice\/wp-json\/wp\/v2\/categories?post=1406"},{"taxonomy":"post_tag","embeddable":true,"href":"https:\/\/paca.lpo.fr\/blogs\/nice\/wp-json\/wp\/v2\/tags?post=1406"}],"curies":[{"name":"wp","href":"https:\/\/api.w.org\/{rel}","templated":true}]}}