{"id":141,"date":"2012-02-27T17:53:29","date_gmt":"2012-02-27T17:53:29","guid":{"rendered":"https:\/\/paca.lpo.fr\/blogs\/nice\/?p=141"},"modified":"2012-10-02T16:40:55","modified_gmt":"2012-10-02T15:40:55","slug":"formation-refuge-lpo-dans-les-alpes-maritimes","status":"publish","type":"post","link":"https:\/\/paca.lpo.fr\/blogs\/nice\/2012\/02\/27\/formation-refuge-lpo-dans-les-alpes-maritimes\/","title":{"rendered":"Formation Refuge LPO dans les Alpes Maritimes !"},"content":{"rendered":"<div>\n<figure style=\"width: 450px\" class=\"wp-caption alignnone\"><img loading=\"lazy\" decoding=\"async\" src=\"http:\/\/paca.lpo.fr\/media\/k2\/items\/cache\/ef8bd3de49a270d49d40baf602fbfad5_L.jpg\" alt=\"Formation Refuge\" width=\"450\" height=\"338\" \/><figcaption class=\"wp-caption-text\">Formation Refuge LPO &#8211; Photo de Yvonne Delepine<\/figcaption><\/figure>\n<\/div>\n<div>\n<p><span style=\"color: #000000\"><strong>Am\u00e9nager son Refuge LPO n\u2019est pas toujours chose ais\u00e9e\u00a0! C\u2019est pour cela que la LPO PACA a propos\u00e9 aux propri\u00e9taires de Refuge LPO de se r\u00e9unir pour conna\u00eetre et r\u00e9aliser un am\u00e9nagement simple\u00a0: la fabrication et la pose d\u2019un nichoir.<\/strong><\/span><\/p>\n<p><span style=\"color: #000000\"><strong>Accueilli dans le Refuge LPO de Mr et Mme SZPIRO \u00e0 La Trinit\u00e9, adultes et enfants ont pu d\u00e9couvrir les exigences \u00e9cologiques de chaque esp\u00e8ce et confectionner ainsi le nichoir le mieux adapt\u00e9 aux esp\u00e8ces qu&rsquo;ils souhaitent accueillir dans leur jardin. Equip\u00e9s de scies, marteaux, clous, vis et tournevis, chaque personne a pu repartir avec son nichoir\u00a0!<\/strong><\/span><\/p>\n<p><span style=\"color: #000000\"><strong>Pour les plus jeunes, cette journ\u00e9e a permis d\u2019initier au bricolage et pour les plus \u00e2g\u00e9s de participer activement \u00e0 l&rsquo;am\u00e9nagement de leur jardin pour bien\u00a0accueillir et mieux observer les oiseaux.<\/strong><\/span><\/p>\n<p><span style=\"color: #000000\"><strong>Merci \u00e0 nos h\u00f4tes pour leur accueil<\/strong><\/span><\/p>\n<\/div>\n","protected":false},"excerpt":{"rendered":"<p>Am\u00e9nager son Refuge LPO n\u2019est pas toujours chose ais\u00e9e\u00a0! C\u2019est pour cela que la LPO PACA a propos\u00e9 aux propri\u00e9taires de Refuge LPO de se r\u00e9unir pour conna\u00eetre et r\u00e9aliser un am\u00e9nagement simple\u00a0: la fabrication et la pose d\u2019un nichoir. Accueilli dans le Refuge LPO de Mr et Mme SZPIRO \u00e0 La Trinit\u00e9, adultes et [&hellip;]<\/p>\n","protected":false},"author":1,"featured_media":0,"comment_status":"open","ping_status":"open","sticky":false,"template":"","format":"standard","meta":{"footnotes":""},"categories":[3],"tags":[],"class_list":["post-141","post","type-post","status-publish","format-standard","hentry","category-vie-groupe"],"yoast_head":"<!-- This site is optimized with the Yoast SEO plugin v28.3 - https:\/\/yoast.com\/product\/yoast-seo-wordpress\/ -->\n<title>Formation Refuge LPO dans les Alpes Maritimes ! - Groupe local Nice<\/title>\n<meta name=\"robots\" content=\"index, follow, max-snippet:-1, max-image-preview:large, max-video-preview:-1\" \/>\n<link rel=\"canonical\" href=\"https:\/\/paca.lpo.fr\/blogs\/nice\/2012\/02\/27\/formation-refuge-lpo-dans-les-alpes-maritimes\/\" \/>\n<meta property=\"og:locale\" content=\"fr_FR\" \/>\n<meta property=\"og:type\" content=\"article\" \/>\n<meta property=\"og:title\" content=\"Formation Refuge LPO dans les Alpes Maritimes ! - Groupe local Nice\" \/>\n<meta property=\"og:description\" content=\"Am\u00e9nager son Refuge LPO n\u2019est pas toujours chose ais\u00e9e\u00a0! C\u2019est pour cela que la LPO PACA a propos\u00e9 aux propri\u00e9taires de Refuge LPO de se r\u00e9unir pour conna\u00eetre et r\u00e9aliser un am\u00e9nagement simple\u00a0: la fabrication et la pose d\u2019un nichoir. Accueilli dans le Refuge LPO de Mr et Mme SZPIRO \u00e0 La Trinit\u00e9, adultes et [&hellip;]\" \/>\n<meta property=\"og:url\" content=\"https:\/\/paca.lpo.fr\/blogs\/nice\/2012\/02\/27\/formation-refuge-lpo-dans-les-alpes-maritimes\/\" \/>\n<meta property=\"og:site_name\" content=\"Groupe local Nice\" \/>\n<meta property=\"article:published_time\" content=\"2012-02-27T17:53:29+00:00\" \/>\n<meta property=\"article:modified_time\" content=\"2012-10-02T15:40:55+00:00\" \/>\n<meta property=\"og:image\" content=\"http:\/\/paca.lpo.fr\/media\/k2\/items\/cache\/ef8bd3de49a270d49d40baf602fbfad5_L.jpg\" \/>\n<meta name=\"author\" content=\"LPOPACA\" \/>\n<meta name=\"twitter:card\" content=\"summary_large_image\" \/>\n<meta name=\"twitter:label1\" content=\"\u00c9crit par\" \/>\n\t<meta name=\"twitter:data1\" content=\"LPOPACA\" \/>\n\t<meta name=\"twitter:label2\" content=\"Dur\u00e9e de lecture estim\u00e9e\" \/>\n\t<meta name=\"twitter:data2\" content=\"1 minute\" \/>\n<script type=\"application\/ld+json\" class=\"yoast-schema-graph\">{\"@context\":\"https:\\\/\\\/schema.org\",\"@graph\":[{\"@type\":\"Article\",\"@id\":\"https:\\\/\\\/paca.lpo.fr\\\/blogs\\\/nice\\\/2012\\\/02\\\/27\\\/formation-refuge-lpo-dans-les-alpes-maritimes\\\/#article\",\"isPartOf\":{\"@id\":\"https:\\\/\\\/paca.lpo.fr\\\/blogs\\\/nice\\\/2012\\\/02\\\/27\\\/formation-refuge-lpo-dans-les-alpes-maritimes\\\/\"},\"author\":{\"name\":\"LPOPACA\",\"@id\":\"https:\\\/\\\/paca.lpo.fr\\\/blogs\\\/nice\\\/#\\\/schema\\\/person\\\/f4701c21e2e412e301d69ea575732a07\"},\"headline\":\"Formation Refuge LPO dans les Alpes Maritimes !\",\"datePublished\":\"2012-02-27T17:53:29+00:00\",\"dateModified\":\"2012-10-02T15:40:55+00:00\",\"mainEntityOfPage\":{\"@id\":\"https:\\\/\\\/paca.lpo.fr\\\/blogs\\\/nice\\\/2012\\\/02\\\/27\\\/formation-refuge-lpo-dans-les-alpes-maritimes\\\/\"},\"wordCount\":175,\"commentCount\":0,\"publisher\":{\"@id\":\"https:\\\/\\\/paca.lpo.fr\\\/blogs\\\/nice\\\/#organization\"},\"image\":{\"@id\":\"https:\\\/\\\/paca.lpo.fr\\\/blogs\\\/nice\\\/2012\\\/02\\\/27\\\/formation-refuge-lpo-dans-les-alpes-maritimes\\\/#primaryimage\"},\"thumbnailUrl\":\"http:\\\/\\\/paca.lpo.fr\\\/media\\\/k2\\\/items\\\/cache\\\/ef8bd3de49a270d49d40baf602fbfad5_L.jpg\",\"articleSection\":[\"Vie du groupe\"],\"inLanguage\":\"fr-FR\",\"potentialAction\":[{\"@type\":\"CommentAction\",\"name\":\"Comment\",\"target\":[\"https:\\\/\\\/paca.lpo.fr\\\/blogs\\\/nice\\\/2012\\\/02\\\/27\\\/formation-refuge-lpo-dans-les-alpes-maritimes\\\/#respond\"]}]},{\"@type\":\"WebPage\",\"@id\":\"https:\\\/\\\/paca.lpo.fr\\\/blogs\\\/nice\\\/2012\\\/02\\\/27\\\/formation-refuge-lpo-dans-les-alpes-maritimes\\\/\",\"url\":\"https:\\\/\\\/paca.lpo.fr\\\/blogs\\\/nice\\\/2012\\\/02\\\/27\\\/formation-refuge-lpo-dans-les-alpes-maritimes\\\/\",\"name\":\"Formation Refuge LPO dans les Alpes Maritimes ! - Groupe local Nice\",\"isPartOf\":{\"@id\":\"https:\\\/\\\/paca.lpo.fr\\\/blogs\\\/nice\\\/#website\"},\"primaryImageOfPage\":{\"@id\":\"https:\\\/\\\/paca.lpo.fr\\\/blogs\\\/nice\\\/2012\\\/02\\\/27\\\/formation-refuge-lpo-dans-les-alpes-maritimes\\\/#primaryimage\"},\"image\":{\"@id\":\"https:\\\/\\\/paca.lpo.fr\\\/blogs\\\/nice\\\/2012\\\/02\\\/27\\\/formation-refuge-lpo-dans-les-alpes-maritimes\\\/#primaryimage\"},\"thumbnailUrl\":\"http:\\\/\\\/paca.lpo.fr\\\/media\\\/k2\\\/items\\\/cache\\\/ef8bd3de49a270d49d40baf602fbfad5_L.jpg\",\"datePublished\":\"2012-02-27T17:53:29+00:00\",\"dateModified\":\"2012-10-02T15:40:55+00:00\",\"breadcrumb\":{\"@id\":\"https:\\\/\\\/paca.lpo.fr\\\/blogs\\\/nice\\\/2012\\\/02\\\/27\\\/formation-refuge-lpo-dans-les-alpes-maritimes\\\/#breadcrumb\"},\"inLanguage\":\"fr-FR\",\"potentialAction\":[{\"@type\":\"ReadAction\",\"target\":[\"https:\\\/\\\/paca.lpo.fr\\\/blogs\\\/nice\\\/2012\\\/02\\\/27\\\/formation-refuge-lpo-dans-les-alpes-maritimes\\\/\"]}]},{\"@type\":\"ImageObject\",\"inLanguage\":\"fr-FR\",\"@id\":\"https:\\\/\\\/paca.lpo.fr\\\/blogs\\\/nice\\\/2012\\\/02\\\/27\\\/formation-refuge-lpo-dans-les-alpes-maritimes\\\/#primaryimage\",\"url\":\"http:\\\/\\\/paca.lpo.fr\\\/media\\\/k2\\\/items\\\/cache\\\/ef8bd3de49a270d49d40baf602fbfad5_L.jpg\",\"contentUrl\":\"http:\\\/\\\/paca.lpo.fr\\\/media\\\/k2\\\/items\\\/cache\\\/ef8bd3de49a270d49d40baf602fbfad5_L.jpg\"},{\"@type\":\"BreadcrumbList\",\"@id\":\"https:\\\/\\\/paca.lpo.fr\\\/blogs\\\/nice\\\/2012\\\/02\\\/27\\\/formation-refuge-lpo-dans-les-alpes-maritimes\\\/#breadcrumb\",\"itemListElement\":[{\"@type\":\"ListItem\",\"position\":1,\"name\":\"Accueil\",\"item\":\"https:\\\/\\\/paca.lpo.fr\\\/blogs\\\/nice\\\/\"},{\"@type\":\"ListItem\",\"position\":2,\"name\":\"Formation Refuge LPO dans les Alpes Maritimes !\"}]},{\"@type\":\"WebSite\",\"@id\":\"https:\\\/\\\/paca.lpo.fr\\\/blogs\\\/nice\\\/#website\",\"url\":\"https:\\\/\\\/paca.lpo.fr\\\/blogs\\\/nice\\\/\",\"name\":\"Groupe local Nice\",\"description\":\"Groupe local Nice\",\"publisher\":{\"@id\":\"https:\\\/\\\/paca.lpo.fr\\\/blogs\\\/nice\\\/#organization\"},\"potentialAction\":[{\"@type\":\"SearchAction\",\"target\":{\"@type\":\"EntryPoint\",\"urlTemplate\":\"https:\\\/\\\/paca.lpo.fr\\\/blogs\\\/nice\\\/?s={search_term_string}\"},\"query-input\":{\"@type\":\"PropertyValueSpecification\",\"valueRequired\":true,\"valueName\":\"search_term_string\"}}],\"inLanguage\":\"fr-FR\"},{\"@type\":\"Organization\",\"@id\":\"https:\\\/\\\/paca.lpo.fr\\\/blogs\\\/nice\\\/#organization\",\"name\":\"Groupe local Nice\",\"url\":\"https:\\\/\\\/paca.lpo.fr\\\/blogs\\\/nice\\\/\",\"logo\":{\"@type\":\"ImageObject\",\"inLanguage\":\"fr-FR\",\"@id\":\"https:\\\/\\\/paca.lpo.fr\\\/blogs\\\/nice\\\/#\\\/schema\\\/logo\\\/image\\\/\",\"url\":\"https:\\\/\\\/paca.lpo.fr\\\/blogs\\\/nice\\\/files\\\/2024\\\/01\\\/cropped-rvb-lpo-paca-logotype-signature-droite-mini-500.jpg\",\"contentUrl\":\"https:\\\/\\\/paca.lpo.fr\\\/blogs\\\/nice\\\/files\\\/2024\\\/01\\\/cropped-rvb-lpo-paca-logotype-signature-droite-mini-500.jpg\",\"width\":500,\"height\":210,\"caption\":\"Groupe local Nice\"},\"image\":{\"@id\":\"https:\\\/\\\/paca.lpo.fr\\\/blogs\\\/nice\\\/#\\\/schema\\\/logo\\\/image\\\/\"}},{\"@type\":\"Person\",\"@id\":\"https:\\\/\\\/paca.lpo.fr\\\/blogs\\\/nice\\\/#\\\/schema\\\/person\\\/f4701c21e2e412e301d69ea575732a07\",\"name\":\"LPOPACA\",\"image\":{\"@type\":\"ImageObject\",\"inLanguage\":\"fr-FR\",\"@id\":\"https:\\\/\\\/secure.gravatar.com\\\/avatar\\\/61b4fe4aeb906264475360b018582a8a825394c21df85ee757345c68c15ddd14?s=96&d=mm&r=g\",\"url\":\"https:\\\/\\\/secure.gravatar.com\\\/avatar\\\/61b4fe4aeb906264475360b018582a8a825394c21df85ee757345c68c15ddd14?s=96&d=mm&r=g\",\"contentUrl\":\"https:\\\/\\\/secure.gravatar.com\\\/avatar\\\/61b4fe4aeb906264475360b018582a8a825394c21df85ee757345c68c15ddd14?s=96&d=mm&r=g\",\"caption\":\"LPOPACA\"},\"url\":\"https:\\\/\\\/paca.lpo.fr\\\/blogs\\\/nice\\\/author\\\/lpopaca\\\/\"}]}<\/script>\n<!-- \/ Yoast SEO plugin. -->","yoast_head_json":{"title":"Formation Refuge LPO dans les Alpes Maritimes ! - Groupe local Nice","robots":{"index":"index","follow":"follow","max-snippet":"max-snippet:-1","max-image-preview":"max-image-preview:large","max-video-preview":"max-video-preview:-1"},"canonical":"https:\/\/paca.lpo.fr\/blogs\/nice\/2012\/02\/27\/formation-refuge-lpo-dans-les-alpes-maritimes\/","og_locale":"fr_FR","og_type":"article","og_title":"Formation Refuge LPO dans les Alpes Maritimes ! - Groupe local Nice","og_description":"Am\u00e9nager son Refuge LPO n\u2019est pas toujours chose ais\u00e9e\u00a0! C\u2019est pour cela que la LPO PACA a propos\u00e9 aux propri\u00e9taires de Refuge LPO de se r\u00e9unir pour conna\u00eetre et r\u00e9aliser un am\u00e9nagement simple\u00a0: la fabrication et la pose d\u2019un nichoir. Accueilli dans le Refuge LPO de Mr et Mme SZPIRO \u00e0 La Trinit\u00e9, adultes et [&hellip;]","og_url":"https:\/\/paca.lpo.fr\/blogs\/nice\/2012\/02\/27\/formation-refuge-lpo-dans-les-alpes-maritimes\/","og_site_name":"Groupe local Nice","article_published_time":"2012-02-27T17:53:29+00:00","article_modified_time":"2012-10-02T15:40:55+00:00","og_image":[{"url":"http:\/\/paca.lpo.fr\/media\/k2\/items\/cache\/ef8bd3de49a270d49d40baf602fbfad5_L.jpg","type":"","width":"","height":""}],"author":"LPOPACA","twitter_card":"summary_large_image","twitter_misc":{"\u00c9crit par":"LPOPACA","Dur\u00e9e de lecture estim\u00e9e":"1 minute"},"schema":{"@context":"https:\/\/schema.org","@graph":[{"@type":"Article","@id":"https:\/\/paca.lpo.fr\/blogs\/nice\/2012\/02\/27\/formation-refuge-lpo-dans-les-alpes-maritimes\/#article","isPartOf":{"@id":"https:\/\/paca.lpo.fr\/blogs\/nice\/2012\/02\/27\/formation-refuge-lpo-dans-les-alpes-maritimes\/"},"author":{"name":"LPOPACA","@id":"https:\/\/paca.lpo.fr\/blogs\/nice\/#\/schema\/person\/f4701c21e2e412e301d69ea575732a07"},"headline":"Formation Refuge LPO dans les Alpes Maritimes !","datePublished":"2012-02-27T17:53:29+00:00","dateModified":"2012-10-02T15:40:55+00:00","mainEntityOfPage":{"@id":"https:\/\/paca.lpo.fr\/blogs\/nice\/2012\/02\/27\/formation-refuge-lpo-dans-les-alpes-maritimes\/"},"wordCount":175,"commentCount":0,"publisher":{"@id":"https:\/\/paca.lpo.fr\/blogs\/nice\/#organization"},"image":{"@id":"https:\/\/paca.lpo.fr\/blogs\/nice\/2012\/02\/27\/formation-refuge-lpo-dans-les-alpes-maritimes\/#primaryimage"},"thumbnailUrl":"http:\/\/paca.lpo.fr\/media\/k2\/items\/cache\/ef8bd3de49a270d49d40baf602fbfad5_L.jpg","articleSection":["Vie du groupe"],"inLanguage":"fr-FR","potentialAction":[{"@type":"CommentAction","name":"Comment","target":["https:\/\/paca.lpo.fr\/blogs\/nice\/2012\/02\/27\/formation-refuge-lpo-dans-les-alpes-maritimes\/#respond"]}]},{"@type":"WebPage","@id":"https:\/\/paca.lpo.fr\/blogs\/nice\/2012\/02\/27\/formation-refuge-lpo-dans-les-alpes-maritimes\/","url":"https:\/\/paca.lpo.fr\/blogs\/nice\/2012\/02\/27\/formation-refuge-lpo-dans-les-alpes-maritimes\/","name":"Formation Refuge LPO dans les Alpes Maritimes ! - Groupe local Nice","isPartOf":{"@id":"https:\/\/paca.lpo.fr\/blogs\/nice\/#website"},"primaryImageOfPage":{"@id":"https:\/\/paca.lpo.fr\/blogs\/nice\/2012\/02\/27\/formation-refuge-lpo-dans-les-alpes-maritimes\/#primaryimage"},"image":{"@id":"https:\/\/paca.lpo.fr\/blogs\/nice\/2012\/02\/27\/formation-refuge-lpo-dans-les-alpes-maritimes\/#primaryimage"},"thumbnailUrl":"http:\/\/paca.lpo.fr\/media\/k2\/items\/cache\/ef8bd3de49a270d49d40baf602fbfad5_L.jpg","datePublished":"2012-02-27T17:53:29+00:00","dateModified":"2012-10-02T15:40:55+00:00","breadcrumb":{"@id":"https:\/\/paca.lpo.fr\/blogs\/nice\/2012\/02\/27\/formation-refuge-lpo-dans-les-alpes-maritimes\/#breadcrumb"},"inLanguage":"fr-FR","potentialAction":[{"@type":"ReadAction","target":["https:\/\/paca.lpo.fr\/blogs\/nice\/2012\/02\/27\/formation-refuge-lpo-dans-les-alpes-maritimes\/"]}]},{"@type":"ImageObject","inLanguage":"fr-FR","@id":"https:\/\/paca.lpo.fr\/blogs\/nice\/2012\/02\/27\/formation-refuge-lpo-dans-les-alpes-maritimes\/#primaryimage","url":"http:\/\/paca.lpo.fr\/media\/k2\/items\/cache\/ef8bd3de49a270d49d40baf602fbfad5_L.jpg","contentUrl":"http:\/\/paca.lpo.fr\/media\/k2\/items\/cache\/ef8bd3de49a270d49d40baf602fbfad5_L.jpg"},{"@type":"BreadcrumbList","@id":"https:\/\/paca.lpo.fr\/blogs\/nice\/2012\/02\/27\/formation-refuge-lpo-dans-les-alpes-maritimes\/#breadcrumb","itemListElement":[{"@type":"ListItem","position":1,"name":"Accueil","item":"https:\/\/paca.lpo.fr\/blogs\/nice\/"},{"@type":"ListItem","position":2,"name":"Formation Refuge LPO dans les Alpes Maritimes !"}]},{"@type":"WebSite","@id":"https:\/\/paca.lpo.fr\/blogs\/nice\/#website","url":"https:\/\/paca.lpo.fr\/blogs\/nice\/","name":"Groupe local Nice","description":"Groupe local Nice","publisher":{"@id":"https:\/\/paca.lpo.fr\/blogs\/nice\/#organization"},"potentialAction":[{"@type":"SearchAction","target":{"@type":"EntryPoint","urlTemplate":"https:\/\/paca.lpo.fr\/blogs\/nice\/?s={search_term_string}"},"query-input":{"@type":"PropertyValueSpecification","valueRequired":true,"valueName":"search_term_string"}}],"inLanguage":"fr-FR"},{"@type":"Organization","@id":"https:\/\/paca.lpo.fr\/blogs\/nice\/#organization","name":"Groupe local Nice","url":"https:\/\/paca.lpo.fr\/blogs\/nice\/","logo":{"@type":"ImageObject","inLanguage":"fr-FR","@id":"https:\/\/paca.lpo.fr\/blogs\/nice\/#\/schema\/logo\/image\/","url":"https:\/\/paca.lpo.fr\/blogs\/nice\/files\/2024\/01\/cropped-rvb-lpo-paca-logotype-signature-droite-mini-500.jpg","contentUrl":"https:\/\/paca.lpo.fr\/blogs\/nice\/files\/2024\/01\/cropped-rvb-lpo-paca-logotype-signature-droite-mini-500.jpg","width":500,"height":210,"caption":"Groupe local Nice"},"image":{"@id":"https:\/\/paca.lpo.fr\/blogs\/nice\/#\/schema\/logo\/image\/"}},{"@type":"Person","@id":"https:\/\/paca.lpo.fr\/blogs\/nice\/#\/schema\/person\/f4701c21e2e412e301d69ea575732a07","name":"LPOPACA","image":{"@type":"ImageObject","inLanguage":"fr-FR","@id":"https:\/\/secure.gravatar.com\/avatar\/61b4fe4aeb906264475360b018582a8a825394c21df85ee757345c68c15ddd14?s=96&d=mm&r=g","url":"https:\/\/secure.gravatar.com\/avatar\/61b4fe4aeb906264475360b018582a8a825394c21df85ee757345c68c15ddd14?s=96&d=mm&r=g","contentUrl":"https:\/\/secure.gravatar.com\/avatar\/61b4fe4aeb906264475360b018582a8a825394c21df85ee757345c68c15ddd14?s=96&d=mm&r=g","caption":"LPOPACA"},"url":"https:\/\/paca.lpo.fr\/blogs\/nice\/author\/lpopaca\/"}]}},"jetpack_featured_media_url":"","_links":{"self":[{"href":"https:\/\/paca.lpo.fr\/blogs\/nice\/wp-json\/wp\/v2\/posts\/141","targetHints":{"allow":["GET"]}}],"collection":[{"href":"https:\/\/paca.lpo.fr\/blogs\/nice\/wp-json\/wp\/v2\/posts"}],"about":[{"href":"https:\/\/paca.lpo.fr\/blogs\/nice\/wp-json\/wp\/v2\/types\/post"}],"author":[{"embeddable":true,"href":"https:\/\/paca.lpo.fr\/blogs\/nice\/wp-json\/wp\/v2\/users\/1"}],"replies":[{"embeddable":true,"href":"https:\/\/paca.lpo.fr\/blogs\/nice\/wp-json\/wp\/v2\/comments?post=141"}],"version-history":[{"count":3,"href":"https:\/\/paca.lpo.fr\/blogs\/nice\/wp-json\/wp\/v2\/posts\/141\/revisions"}],"predecessor-version":[{"id":321,"href":"https:\/\/paca.lpo.fr\/blogs\/nice\/wp-json\/wp\/v2\/posts\/141\/revisions\/321"}],"wp:attachment":[{"href":"https:\/\/paca.lpo.fr\/blogs\/nice\/wp-json\/wp\/v2\/media?parent=141"}],"wp:term":[{"taxonomy":"category","embeddable":true,"href":"https:\/\/paca.lpo.fr\/blogs\/nice\/wp-json\/wp\/v2\/categories?post=141"},{"taxonomy":"post_tag","embeddable":true,"href":"https:\/\/paca.lpo.fr\/blogs\/nice\/wp-json\/wp\/v2\/tags?post=141"}],"curies":[{"name":"wp","href":"https:\/\/api.w.org\/{rel}","templated":true}]}}