{"id":1417,"date":"2016-01-18T15:48:33","date_gmt":"2016-01-18T14:48:33","guid":{"rendered":"https:\/\/paca.lpo.fr\/blogs\/nice\/?p=1417"},"modified":"2016-02-11T14:48:27","modified_gmt":"2016-02-11T13:48:27","slug":"les-oiseaux-nont-plus-de-secret-pour-les-enfants-de-la-maternelle-de-la-turbie","status":"publish","type":"post","link":"https:\/\/paca.lpo.fr\/blogs\/nice\/2016\/01\/18\/les-oiseaux-nont-plus-de-secret-pour-les-enfants-de-la-maternelle-de-la-turbie\/","title":{"rendered":"Les oiseaux n\u2019ont plus de secret pour les enfants de la maternelle de La Turbie"},"content":{"rendered":"<p>En novembre les enfants \u00e9taient d\u00e9\u00e7us quand la pluie a oblig\u00e9 notre b\u00e9n\u00e9vole \u00e0 faire l\u2019animation oiseaux en classe au lieu d\u2019aller sur le site de migration du village. Mais inspir\u00e9s par l\u2019intervention les \u00e9l\u00e8ves ont travaill\u00e9 avec leur maitresse pour cr\u00e9er des cahiers scientifiques pleins d\u2019informations, de photos, et de jolis dessins de leur animation.<\/p>\n<p><img loading=\"lazy\" decoding=\"async\" class=\" wp-image-1418\" src=\"https:\/\/paca.lpo.fr\/blogs\/nice\/files\/2016\/01\/BLOG1-421x480.jpg\" alt=\"User comments\" width=\"295\" height=\"336\" srcset=\"https:\/\/paca.lpo.fr\/blogs\/nice\/files\/2016\/01\/BLOG1-421x480.jpg 421w, https:\/\/paca.lpo.fr\/blogs\/nice\/files\/2016\/01\/BLOG1.jpg 500w\" sizes=\"auto, (max-width: 295px) 100vw, 295px\" \/><\/p>\n<p>Les enfants ont m\u00eame cr\u00e9e un livre de contes illustr\u00e9 de beaux dessins\u00a0: <em><em>Pourquoi le gros bec casse-noyaux a un bec aussi gros, Pourquoi l\u2019\u0153dicn\u00e8me criard a une t\u00e8te rigolote, Pourquoi la nette rousse a une crotte de nez&#8230;etc.<\/em><\/em> En janvier ce beau travail a \u00e9t\u00e9 fi\u00e8rement pr\u00e9sent\u00e9 \u00e0 notre b\u00e9n\u00e9vole, tr\u00e8s heureuse de recevoir un exemplaire de ce joli livre de contes.<\/p>\n<p><img loading=\"lazy\" decoding=\"async\" class=\"size-medium wp-image-1419\" src=\"https:\/\/paca.lpo.fr\/blogs\/nice\/files\/2016\/01\/20160108_113436-Copie-480x271.jpg\" alt=\"User comments\" width=\"480\" height=\"271\" srcset=\"https:\/\/paca.lpo.fr\/blogs\/nice\/files\/2016\/01\/20160108_113436-Copie-480x271.jpg 480w, https:\/\/paca.lpo.fr\/blogs\/nice\/files\/2016\/01\/20160108_113436-Copie.jpg 641w\" sizes=\"auto, (max-width: 480px) 100vw, 480px\" \/><\/p>\n","protected":false},"excerpt":{"rendered":"<p>En novembre les enfants \u00e9taient d\u00e9\u00e7us quand la pluie a oblig\u00e9 notre b\u00e9n\u00e9vole \u00e0 faire l\u2019animation oiseaux en classe au lieu d\u2019aller sur le site de migration du village. Mais inspir\u00e9s par l\u2019intervention les \u00e9l\u00e8ves ont travaill\u00e9 avec leur maitresse pour cr\u00e9er des cahiers scientifiques pleins d\u2019informations, de photos, et de jolis dessins de leur [&hellip;]<\/p>\n","protected":false},"author":15,"featured_media":1419,"comment_status":"open","ping_status":"open","sticky":false,"template":"","format":"standard","meta":{"footnotes":""},"categories":[3],"tags":[],"class_list":["post-1417","post","type-post","status-publish","format-standard","has-post-thumbnail","hentry","category-vie-groupe"],"yoast_head":"<!-- This site is optimized with the Yoast SEO plugin v28.3 - https:\/\/yoast.com\/product\/yoast-seo-wordpress\/ -->\n<title>Les oiseaux n\u2019ont plus de secret pour les enfants de la maternelle de La Turbie - Groupe local Nice<\/title>\n<meta name=\"robots\" content=\"index, follow, max-snippet:-1, max-image-preview:large, max-video-preview:-1\" \/>\n<link rel=\"canonical\" href=\"https:\/\/paca.lpo.fr\/blogs\/nice\/2016\/01\/18\/les-oiseaux-nont-plus-de-secret-pour-les-enfants-de-la-maternelle-de-la-turbie\/\" \/>\n<meta property=\"og:locale\" content=\"fr_FR\" \/>\n<meta property=\"og:type\" content=\"article\" \/>\n<meta property=\"og:title\" content=\"Les oiseaux n\u2019ont plus de secret pour les enfants de la maternelle de La Turbie - Groupe local Nice\" \/>\n<meta property=\"og:description\" content=\"En novembre les enfants \u00e9taient d\u00e9\u00e7us quand la pluie a oblig\u00e9 notre b\u00e9n\u00e9vole \u00e0 faire l\u2019animation oiseaux en classe au lieu d\u2019aller sur le site de migration du village. Mais inspir\u00e9s par l\u2019intervention les \u00e9l\u00e8ves ont travaill\u00e9 avec leur maitresse pour cr\u00e9er des cahiers scientifiques pleins d\u2019informations, de photos, et de jolis dessins de leur [&hellip;]\" \/>\n<meta property=\"og:url\" content=\"https:\/\/paca.lpo.fr\/blogs\/nice\/2016\/01\/18\/les-oiseaux-nont-plus-de-secret-pour-les-enfants-de-la-maternelle-de-la-turbie\/\" \/>\n<meta property=\"og:site_name\" content=\"Groupe local Nice\" \/>\n<meta property=\"article:published_time\" content=\"2016-01-18T14:48:33+00:00\" \/>\n<meta property=\"article:modified_time\" content=\"2016-02-11T13:48:27+00:00\" \/>\n<meta property=\"og:image\" content=\"https:\/\/paca.lpo.fr\/blogs\/nice\/files\/2016\/01\/20160108_113436-Copie.jpg\" \/>\n\t<meta property=\"og:image:width\" content=\"641\" \/>\n\t<meta property=\"og:image:height\" content=\"362\" \/>\n\t<meta property=\"og:image:type\" content=\"image\/jpeg\" \/>\n<meta name=\"author\" content=\"Groupe local Paillon-B\u00e9v\u00e9ra\" \/>\n<meta name=\"twitter:card\" content=\"summary_large_image\" \/>\n<meta name=\"twitter:label1\" content=\"\u00c9crit par\" \/>\n\t<meta name=\"twitter:data1\" content=\"Groupe local Paillon-B\u00e9v\u00e9ra\" \/>\n\t<meta name=\"twitter:label2\" content=\"Dur\u00e9e de lecture estim\u00e9e\" \/>\n\t<meta name=\"twitter:data2\" content=\"1 minute\" \/>\n<script type=\"application\/ld+json\" class=\"yoast-schema-graph\">{\"@context\":\"https:\\\/\\\/schema.org\",\"@graph\":[{\"@type\":\"Article\",\"@id\":\"https:\\\/\\\/paca.lpo.fr\\\/blogs\\\/nice\\\/2016\\\/01\\\/18\\\/les-oiseaux-nont-plus-de-secret-pour-les-enfants-de-la-maternelle-de-la-turbie\\\/#article\",\"isPartOf\":{\"@id\":\"https:\\\/\\\/paca.lpo.fr\\\/blogs\\\/nice\\\/2016\\\/01\\\/18\\\/les-oiseaux-nont-plus-de-secret-pour-les-enfants-de-la-maternelle-de-la-turbie\\\/\"},\"author\":{\"name\":\"Groupe local Paillon-B\u00e9v\u00e9ra\",\"@id\":\"https:\\\/\\\/paca.lpo.fr\\\/blogs\\\/nice\\\/#\\\/schema\\\/person\\\/1bda33335fb71e0b3552487db26a4c56\"},\"headline\":\"Les oiseaux n\u2019ont plus de secret pour les enfants de la maternelle de La Turbie\",\"datePublished\":\"2016-01-18T14:48:33+00:00\",\"dateModified\":\"2016-02-11T13:48:27+00:00\",\"mainEntityOfPage\":{\"@id\":\"https:\\\/\\\/paca.lpo.fr\\\/blogs\\\/nice\\\/2016\\\/01\\\/18\\\/les-oiseaux-nont-plus-de-secret-pour-les-enfants-de-la-maternelle-de-la-turbie\\\/\"},\"wordCount\":154,\"commentCount\":0,\"publisher\":{\"@id\":\"https:\\\/\\\/paca.lpo.fr\\\/blogs\\\/nice\\\/#organization\"},\"image\":{\"@id\":\"https:\\\/\\\/paca.lpo.fr\\\/blogs\\\/nice\\\/2016\\\/01\\\/18\\\/les-oiseaux-nont-plus-de-secret-pour-les-enfants-de-la-maternelle-de-la-turbie\\\/#primaryimage\"},\"thumbnailUrl\":\"https:\\\/\\\/paca.lpo.fr\\\/blogs\\\/nice\\\/files\\\/2016\\\/01\\\/20160108_113436-Copie.jpg\",\"articleSection\":[\"Vie du groupe\"],\"inLanguage\":\"fr-FR\",\"potentialAction\":[{\"@type\":\"CommentAction\",\"name\":\"Comment\",\"target\":[\"https:\\\/\\\/paca.lpo.fr\\\/blogs\\\/nice\\\/2016\\\/01\\\/18\\\/les-oiseaux-nont-plus-de-secret-pour-les-enfants-de-la-maternelle-de-la-turbie\\\/#respond\"]}]},{\"@type\":\"WebPage\",\"@id\":\"https:\\\/\\\/paca.lpo.fr\\\/blogs\\\/nice\\\/2016\\\/01\\\/18\\\/les-oiseaux-nont-plus-de-secret-pour-les-enfants-de-la-maternelle-de-la-turbie\\\/\",\"url\":\"https:\\\/\\\/paca.lpo.fr\\\/blogs\\\/nice\\\/2016\\\/01\\\/18\\\/les-oiseaux-nont-plus-de-secret-pour-les-enfants-de-la-maternelle-de-la-turbie\\\/\",\"name\":\"Les oiseaux n\u2019ont plus de secret pour les enfants de la maternelle de La Turbie - Groupe local Nice\",\"isPartOf\":{\"@id\":\"https:\\\/\\\/paca.lpo.fr\\\/blogs\\\/nice\\\/#website\"},\"primaryImageOfPage\":{\"@id\":\"https:\\\/\\\/paca.lpo.fr\\\/blogs\\\/nice\\\/2016\\\/01\\\/18\\\/les-oiseaux-nont-plus-de-secret-pour-les-enfants-de-la-maternelle-de-la-turbie\\\/#primaryimage\"},\"image\":{\"@id\":\"https:\\\/\\\/paca.lpo.fr\\\/blogs\\\/nice\\\/2016\\\/01\\\/18\\\/les-oiseaux-nont-plus-de-secret-pour-les-enfants-de-la-maternelle-de-la-turbie\\\/#primaryimage\"},\"thumbnailUrl\":\"https:\\\/\\\/paca.lpo.fr\\\/blogs\\\/nice\\\/files\\\/2016\\\/01\\\/20160108_113436-Copie.jpg\",\"datePublished\":\"2016-01-18T14:48:33+00:00\",\"dateModified\":\"2016-02-11T13:48:27+00:00\",\"breadcrumb\":{\"@id\":\"https:\\\/\\\/paca.lpo.fr\\\/blogs\\\/nice\\\/2016\\\/01\\\/18\\\/les-oiseaux-nont-plus-de-secret-pour-les-enfants-de-la-maternelle-de-la-turbie\\\/#breadcrumb\"},\"inLanguage\":\"fr-FR\",\"potentialAction\":[{\"@type\":\"ReadAction\",\"target\":[\"https:\\\/\\\/paca.lpo.fr\\\/blogs\\\/nice\\\/2016\\\/01\\\/18\\\/les-oiseaux-nont-plus-de-secret-pour-les-enfants-de-la-maternelle-de-la-turbie\\\/\"]}]},{\"@type\":\"ImageObject\",\"inLanguage\":\"fr-FR\",\"@id\":\"https:\\\/\\\/paca.lpo.fr\\\/blogs\\\/nice\\\/2016\\\/01\\\/18\\\/les-oiseaux-nont-plus-de-secret-pour-les-enfants-de-la-maternelle-de-la-turbie\\\/#primaryimage\",\"url\":\"https:\\\/\\\/paca.lpo.fr\\\/blogs\\\/nice\\\/files\\\/2016\\\/01\\\/20160108_113436-Copie.jpg\",\"contentUrl\":\"https:\\\/\\\/paca.lpo.fr\\\/blogs\\\/nice\\\/files\\\/2016\\\/01\\\/20160108_113436-Copie.jpg\",\"width\":641,\"height\":362,\"caption\":\"User comments\"},{\"@type\":\"BreadcrumbList\",\"@id\":\"https:\\\/\\\/paca.lpo.fr\\\/blogs\\\/nice\\\/2016\\\/01\\\/18\\\/les-oiseaux-nont-plus-de-secret-pour-les-enfants-de-la-maternelle-de-la-turbie\\\/#breadcrumb\",\"itemListElement\":[{\"@type\":\"ListItem\",\"position\":1,\"name\":\"Accueil\",\"item\":\"https:\\\/\\\/paca.lpo.fr\\\/blogs\\\/nice\\\/\"},{\"@type\":\"ListItem\",\"position\":2,\"name\":\"Les oiseaux n\u2019ont plus de secret pour les enfants de la maternelle de La Turbie\"}]},{\"@type\":\"WebSite\",\"@id\":\"https:\\\/\\\/paca.lpo.fr\\\/blogs\\\/nice\\\/#website\",\"url\":\"https:\\\/\\\/paca.lpo.fr\\\/blogs\\\/nice\\\/\",\"name\":\"Groupe local Nice\",\"description\":\"Groupe local Nice\",\"publisher\":{\"@id\":\"https:\\\/\\\/paca.lpo.fr\\\/blogs\\\/nice\\\/#organization\"},\"potentialAction\":[{\"@type\":\"SearchAction\",\"target\":{\"@type\":\"EntryPoint\",\"urlTemplate\":\"https:\\\/\\\/paca.lpo.fr\\\/blogs\\\/nice\\\/?s={search_term_string}\"},\"query-input\":{\"@type\":\"PropertyValueSpecification\",\"valueRequired\":true,\"valueName\":\"search_term_string\"}}],\"inLanguage\":\"fr-FR\"},{\"@type\":\"Organization\",\"@id\":\"https:\\\/\\\/paca.lpo.fr\\\/blogs\\\/nice\\\/#organization\",\"name\":\"Groupe local Nice\",\"url\":\"https:\\\/\\\/paca.lpo.fr\\\/blogs\\\/nice\\\/\",\"logo\":{\"@type\":\"ImageObject\",\"inLanguage\":\"fr-FR\",\"@id\":\"https:\\\/\\\/paca.lpo.fr\\\/blogs\\\/nice\\\/#\\\/schema\\\/logo\\\/image\\\/\",\"url\":\"https:\\\/\\\/paca.lpo.fr\\\/blogs\\\/nice\\\/files\\\/2024\\\/01\\\/cropped-rvb-lpo-paca-logotype-signature-droite-mini-500.jpg\",\"contentUrl\":\"https:\\\/\\\/paca.lpo.fr\\\/blogs\\\/nice\\\/files\\\/2024\\\/01\\\/cropped-rvb-lpo-paca-logotype-signature-droite-mini-500.jpg\",\"width\":500,\"height\":210,\"caption\":\"Groupe local Nice\"},\"image\":{\"@id\":\"https:\\\/\\\/paca.lpo.fr\\\/blogs\\\/nice\\\/#\\\/schema\\\/logo\\\/image\\\/\"}},{\"@type\":\"Person\",\"@id\":\"https:\\\/\\\/paca.lpo.fr\\\/blogs\\\/nice\\\/#\\\/schema\\\/person\\\/1bda33335fb71e0b3552487db26a4c56\",\"name\":\"Groupe local Paillon-B\u00e9v\u00e9ra\",\"image\":{\"@type\":\"ImageObject\",\"inLanguage\":\"fr-FR\",\"@id\":\"https:\\\/\\\/secure.gravatar.com\\\/avatar\\\/b1ee285506e2cb880ec988990d360e255aecb31c77212741dace1023623610c2?s=96&d=mm&r=g\",\"url\":\"https:\\\/\\\/secure.gravatar.com\\\/avatar\\\/b1ee285506e2cb880ec988990d360e255aecb31c77212741dace1023623610c2?s=96&d=mm&r=g\",\"contentUrl\":\"https:\\\/\\\/secure.gravatar.com\\\/avatar\\\/b1ee285506e2cb880ec988990d360e255aecb31c77212741dace1023623610c2?s=96&d=mm&r=g\",\"caption\":\"Groupe local Paillon-B\u00e9v\u00e9ra\"},\"url\":\"https:\\\/\\\/paca.lpo.fr\\\/blogs\\\/nice\\\/author\\\/alpesmaritimesest\\\/\"}]}<\/script>\n<!-- \/ Yoast SEO plugin. -->","yoast_head_json":{"title":"Les oiseaux n\u2019ont plus de secret pour les enfants de la maternelle de La Turbie - Groupe local Nice","robots":{"index":"index","follow":"follow","max-snippet":"max-snippet:-1","max-image-preview":"max-image-preview:large","max-video-preview":"max-video-preview:-1"},"canonical":"https:\/\/paca.lpo.fr\/blogs\/nice\/2016\/01\/18\/les-oiseaux-nont-plus-de-secret-pour-les-enfants-de-la-maternelle-de-la-turbie\/","og_locale":"fr_FR","og_type":"article","og_title":"Les oiseaux n\u2019ont plus de secret pour les enfants de la maternelle de La Turbie - Groupe local Nice","og_description":"En novembre les enfants \u00e9taient d\u00e9\u00e7us quand la pluie a oblig\u00e9 notre b\u00e9n\u00e9vole \u00e0 faire l\u2019animation oiseaux en classe au lieu d\u2019aller sur le site de migration du village. Mais inspir\u00e9s par l\u2019intervention les \u00e9l\u00e8ves ont travaill\u00e9 avec leur maitresse pour cr\u00e9er des cahiers scientifiques pleins d\u2019informations, de photos, et de jolis dessins de leur [&hellip;]","og_url":"https:\/\/paca.lpo.fr\/blogs\/nice\/2016\/01\/18\/les-oiseaux-nont-plus-de-secret-pour-les-enfants-de-la-maternelle-de-la-turbie\/","og_site_name":"Groupe local Nice","article_published_time":"2016-01-18T14:48:33+00:00","article_modified_time":"2016-02-11T13:48:27+00:00","og_image":[{"width":641,"height":362,"url":"https:\/\/paca.lpo.fr\/blogs\/nice\/files\/2016\/01\/20160108_113436-Copie.jpg","type":"image\/jpeg"}],"author":"Groupe local Paillon-B\u00e9v\u00e9ra","twitter_card":"summary_large_image","twitter_misc":{"\u00c9crit par":"Groupe local Paillon-B\u00e9v\u00e9ra","Dur\u00e9e de lecture estim\u00e9e":"1 minute"},"schema":{"@context":"https:\/\/schema.org","@graph":[{"@type":"Article","@id":"https:\/\/paca.lpo.fr\/blogs\/nice\/2016\/01\/18\/les-oiseaux-nont-plus-de-secret-pour-les-enfants-de-la-maternelle-de-la-turbie\/#article","isPartOf":{"@id":"https:\/\/paca.lpo.fr\/blogs\/nice\/2016\/01\/18\/les-oiseaux-nont-plus-de-secret-pour-les-enfants-de-la-maternelle-de-la-turbie\/"},"author":{"name":"Groupe local Paillon-B\u00e9v\u00e9ra","@id":"https:\/\/paca.lpo.fr\/blogs\/nice\/#\/schema\/person\/1bda33335fb71e0b3552487db26a4c56"},"headline":"Les oiseaux n\u2019ont plus de secret pour les enfants de la maternelle de La Turbie","datePublished":"2016-01-18T14:48:33+00:00","dateModified":"2016-02-11T13:48:27+00:00","mainEntityOfPage":{"@id":"https:\/\/paca.lpo.fr\/blogs\/nice\/2016\/01\/18\/les-oiseaux-nont-plus-de-secret-pour-les-enfants-de-la-maternelle-de-la-turbie\/"},"wordCount":154,"commentCount":0,"publisher":{"@id":"https:\/\/paca.lpo.fr\/blogs\/nice\/#organization"},"image":{"@id":"https:\/\/paca.lpo.fr\/blogs\/nice\/2016\/01\/18\/les-oiseaux-nont-plus-de-secret-pour-les-enfants-de-la-maternelle-de-la-turbie\/#primaryimage"},"thumbnailUrl":"https:\/\/paca.lpo.fr\/blogs\/nice\/files\/2016\/01\/20160108_113436-Copie.jpg","articleSection":["Vie du groupe"],"inLanguage":"fr-FR","potentialAction":[{"@type":"CommentAction","name":"Comment","target":["https:\/\/paca.lpo.fr\/blogs\/nice\/2016\/01\/18\/les-oiseaux-nont-plus-de-secret-pour-les-enfants-de-la-maternelle-de-la-turbie\/#respond"]}]},{"@type":"WebPage","@id":"https:\/\/paca.lpo.fr\/blogs\/nice\/2016\/01\/18\/les-oiseaux-nont-plus-de-secret-pour-les-enfants-de-la-maternelle-de-la-turbie\/","url":"https:\/\/paca.lpo.fr\/blogs\/nice\/2016\/01\/18\/les-oiseaux-nont-plus-de-secret-pour-les-enfants-de-la-maternelle-de-la-turbie\/","name":"Les oiseaux n\u2019ont plus de secret pour les enfants de la maternelle de La Turbie - Groupe local Nice","isPartOf":{"@id":"https:\/\/paca.lpo.fr\/blogs\/nice\/#website"},"primaryImageOfPage":{"@id":"https:\/\/paca.lpo.fr\/blogs\/nice\/2016\/01\/18\/les-oiseaux-nont-plus-de-secret-pour-les-enfants-de-la-maternelle-de-la-turbie\/#primaryimage"},"image":{"@id":"https:\/\/paca.lpo.fr\/blogs\/nice\/2016\/01\/18\/les-oiseaux-nont-plus-de-secret-pour-les-enfants-de-la-maternelle-de-la-turbie\/#primaryimage"},"thumbnailUrl":"https:\/\/paca.lpo.fr\/blogs\/nice\/files\/2016\/01\/20160108_113436-Copie.jpg","datePublished":"2016-01-18T14:48:33+00:00","dateModified":"2016-02-11T13:48:27+00:00","breadcrumb":{"@id":"https:\/\/paca.lpo.fr\/blogs\/nice\/2016\/01\/18\/les-oiseaux-nont-plus-de-secret-pour-les-enfants-de-la-maternelle-de-la-turbie\/#breadcrumb"},"inLanguage":"fr-FR","potentialAction":[{"@type":"ReadAction","target":["https:\/\/paca.lpo.fr\/blogs\/nice\/2016\/01\/18\/les-oiseaux-nont-plus-de-secret-pour-les-enfants-de-la-maternelle-de-la-turbie\/"]}]},{"@type":"ImageObject","inLanguage":"fr-FR","@id":"https:\/\/paca.lpo.fr\/blogs\/nice\/2016\/01\/18\/les-oiseaux-nont-plus-de-secret-pour-les-enfants-de-la-maternelle-de-la-turbie\/#primaryimage","url":"https:\/\/paca.lpo.fr\/blogs\/nice\/files\/2016\/01\/20160108_113436-Copie.jpg","contentUrl":"https:\/\/paca.lpo.fr\/blogs\/nice\/files\/2016\/01\/20160108_113436-Copie.jpg","width":641,"height":362,"caption":"User comments"},{"@type":"BreadcrumbList","@id":"https:\/\/paca.lpo.fr\/blogs\/nice\/2016\/01\/18\/les-oiseaux-nont-plus-de-secret-pour-les-enfants-de-la-maternelle-de-la-turbie\/#breadcrumb","itemListElement":[{"@type":"ListItem","position":1,"name":"Accueil","item":"https:\/\/paca.lpo.fr\/blogs\/nice\/"},{"@type":"ListItem","position":2,"name":"Les oiseaux n\u2019ont plus de secret pour les enfants de la maternelle de La Turbie"}]},{"@type":"WebSite","@id":"https:\/\/paca.lpo.fr\/blogs\/nice\/#website","url":"https:\/\/paca.lpo.fr\/blogs\/nice\/","name":"Groupe local Nice","description":"Groupe local Nice","publisher":{"@id":"https:\/\/paca.lpo.fr\/blogs\/nice\/#organization"},"potentialAction":[{"@type":"SearchAction","target":{"@type":"EntryPoint","urlTemplate":"https:\/\/paca.lpo.fr\/blogs\/nice\/?s={search_term_string}"},"query-input":{"@type":"PropertyValueSpecification","valueRequired":true,"valueName":"search_term_string"}}],"inLanguage":"fr-FR"},{"@type":"Organization","@id":"https:\/\/paca.lpo.fr\/blogs\/nice\/#organization","name":"Groupe local Nice","url":"https:\/\/paca.lpo.fr\/blogs\/nice\/","logo":{"@type":"ImageObject","inLanguage":"fr-FR","@id":"https:\/\/paca.lpo.fr\/blogs\/nice\/#\/schema\/logo\/image\/","url":"https:\/\/paca.lpo.fr\/blogs\/nice\/files\/2024\/01\/cropped-rvb-lpo-paca-logotype-signature-droite-mini-500.jpg","contentUrl":"https:\/\/paca.lpo.fr\/blogs\/nice\/files\/2024\/01\/cropped-rvb-lpo-paca-logotype-signature-droite-mini-500.jpg","width":500,"height":210,"caption":"Groupe local Nice"},"image":{"@id":"https:\/\/paca.lpo.fr\/blogs\/nice\/#\/schema\/logo\/image\/"}},{"@type":"Person","@id":"https:\/\/paca.lpo.fr\/blogs\/nice\/#\/schema\/person\/1bda33335fb71e0b3552487db26a4c56","name":"Groupe local Paillon-B\u00e9v\u00e9ra","image":{"@type":"ImageObject","inLanguage":"fr-FR","@id":"https:\/\/secure.gravatar.com\/avatar\/b1ee285506e2cb880ec988990d360e255aecb31c77212741dace1023623610c2?s=96&d=mm&r=g","url":"https:\/\/secure.gravatar.com\/avatar\/b1ee285506e2cb880ec988990d360e255aecb31c77212741dace1023623610c2?s=96&d=mm&r=g","contentUrl":"https:\/\/secure.gravatar.com\/avatar\/b1ee285506e2cb880ec988990d360e255aecb31c77212741dace1023623610c2?s=96&d=mm&r=g","caption":"Groupe local Paillon-B\u00e9v\u00e9ra"},"url":"https:\/\/paca.lpo.fr\/blogs\/nice\/author\/alpesmaritimesest\/"}]}},"jetpack_featured_media_url":"https:\/\/paca.lpo.fr\/blogs\/nice\/files\/2016\/01\/20160108_113436-Copie.jpg","_links":{"self":[{"href":"https:\/\/paca.lpo.fr\/blogs\/nice\/wp-json\/wp\/v2\/posts\/1417","targetHints":{"allow":["GET"]}}],"collection":[{"href":"https:\/\/paca.lpo.fr\/blogs\/nice\/wp-json\/wp\/v2\/posts"}],"about":[{"href":"https:\/\/paca.lpo.fr\/blogs\/nice\/wp-json\/wp\/v2\/types\/post"}],"author":[{"embeddable":true,"href":"https:\/\/paca.lpo.fr\/blogs\/nice\/wp-json\/wp\/v2\/users\/15"}],"replies":[{"embeddable":true,"href":"https:\/\/paca.lpo.fr\/blogs\/nice\/wp-json\/wp\/v2\/comments?post=1417"}],"version-history":[{"count":1,"href":"https:\/\/paca.lpo.fr\/blogs\/nice\/wp-json\/wp\/v2\/posts\/1417\/revisions"}],"predecessor-version":[{"id":1421,"href":"https:\/\/paca.lpo.fr\/blogs\/nice\/wp-json\/wp\/v2\/posts\/1417\/revisions\/1421"}],"wp:featuredmedia":[{"embeddable":true,"href":"https:\/\/paca.lpo.fr\/blogs\/nice\/wp-json\/wp\/v2\/media\/1419"}],"wp:attachment":[{"href":"https:\/\/paca.lpo.fr\/blogs\/nice\/wp-json\/wp\/v2\/media?parent=1417"}],"wp:term":[{"taxonomy":"category","embeddable":true,"href":"https:\/\/paca.lpo.fr\/blogs\/nice\/wp-json\/wp\/v2\/categories?post=1417"},{"taxonomy":"post_tag","embeddable":true,"href":"https:\/\/paca.lpo.fr\/blogs\/nice\/wp-json\/wp\/v2\/tags?post=1417"}],"curies":[{"name":"wp","href":"https:\/\/api.w.org\/{rel}","templated":true}]}}