{"id":1445,"date":"2016-02-16T12:13:32","date_gmt":"2016-02-16T11:13:32","guid":{"rendered":"https:\/\/paca.lpo.fr\/blogs\/nice\/?p=1445"},"modified":"2016-02-16T12:27:54","modified_gmt":"2016-02-16T11:27:54","slug":"protection-de-laire-de-nidification-dun-couple-de-faucon-pelerin","status":"publish","type":"post","link":"https:\/\/paca.lpo.fr\/blogs\/nice\/2016\/02\/16\/protection-de-laire-de-nidification-dun-couple-de-faucon-pelerin\/","title":{"rendered":"Protection de l&rsquo;aire de nidification d&rsquo;un couple de faucon p\u00e8lerin"},"content":{"rendered":"<p>Le couple est bien pr\u00e9sent depuis quelques semaines, visitant la cavit\u00e9 de\u00a0nidification, et des accouplements ont \u00e9t\u00e9 observ\u00e9s.\u00a0Apr\u00e8s concertation avec la FFME 06\u00a0et la FCAM 06 quatre b\u00e9n\u00e9voles du GL Littoral Ni\u00e7ois et Mentonnais ont pos\u00e9\u00a0des rubalises\u00a0et des panneaux demandant aux grimpeurs de ne pas escalader\u00a0la voie proche du nid\u00a0entre f\u00e9vrier et juillet.<\/p>\n<p><img loading=\"lazy\" decoding=\"async\" class=\"alignnone size-medium wp-image-1446\" src=\"https:\/\/paca.lpo.fr\/blogs\/nice\/files\/2016\/02\/16-02-15TdeC-003-Copie-480x365.jpg\" alt=\"16-02-15TdeC 003 - Copie\" width=\"480\" height=\"365\" srcset=\"https:\/\/paca.lpo.fr\/blogs\/nice\/files\/2016\/02\/16-02-15TdeC-003-Copie-480x365.jpg 480w, https:\/\/paca.lpo.fr\/blogs\/nice\/files\/2016\/02\/16-02-15TdeC-003-Copie-768x585.jpg 768w, https:\/\/paca.lpo.fr\/blogs\/nice\/files\/2016\/02\/16-02-15TdeC-003-Copie-700x533.jpg 700w, https:\/\/paca.lpo.fr\/blogs\/nice\/files\/2016\/02\/16-02-15TdeC-003-Copie-800x609.jpg 800w, https:\/\/paca.lpo.fr\/blogs\/nice\/files\/2016\/02\/16-02-15TdeC-003-Copie.jpg 809w\" sizes=\"auto, (max-width: 480px) 100vw, 480px\" \/><\/p>\n<p>Merci \u00e0 nos amis sportifs pour leur aimable collaboration.<\/p>\n","protected":false},"excerpt":{"rendered":"<p>Le couple est bien pr\u00e9sent depuis quelques semaines, visitant la cavit\u00e9 de\u00a0nidification, et des accouplements ont \u00e9t\u00e9 observ\u00e9s.\u00a0Apr\u00e8s concertation avec la FFME 06\u00a0et la FCAM 06 quatre b\u00e9n\u00e9voles du GL Littoral Ni\u00e7ois et Mentonnais ont pos\u00e9\u00a0des rubalises\u00a0et des panneaux demandant aux grimpeurs de ne pas escalader\u00a0la voie proche du nid\u00a0entre f\u00e9vrier et juillet. Merci \u00e0 [&hellip;]<\/p>\n","protected":false},"author":15,"featured_media":0,"comment_status":"open","ping_status":"open","sticky":false,"template":"","format":"standard","meta":{"footnotes":""},"categories":[3],"tags":[],"class_list":["post-1445","post","type-post","status-publish","format-standard","hentry","category-vie-groupe"],"yoast_head":"<!-- This site is optimized with the Yoast SEO plugin v28.3 - https:\/\/yoast.com\/product\/yoast-seo-wordpress\/ -->\n<title>Protection de l&#039;aire de nidification d&#039;un couple de faucon p\u00e8lerin - Groupe local Nice<\/title>\n<meta name=\"robots\" content=\"index, follow, max-snippet:-1, max-image-preview:large, max-video-preview:-1\" \/>\n<link rel=\"canonical\" href=\"https:\/\/paca.lpo.fr\/blogs\/nice\/2016\/02\/16\/protection-de-laire-de-nidification-dun-couple-de-faucon-pelerin\/\" \/>\n<meta property=\"og:locale\" content=\"fr_FR\" \/>\n<meta property=\"og:type\" content=\"article\" \/>\n<meta property=\"og:title\" content=\"Protection de l&#039;aire de nidification d&#039;un couple de faucon p\u00e8lerin - Groupe local Nice\" \/>\n<meta property=\"og:description\" content=\"Le couple est bien pr\u00e9sent depuis quelques semaines, visitant la cavit\u00e9 de\u00a0nidification, et des accouplements ont \u00e9t\u00e9 observ\u00e9s.\u00a0Apr\u00e8s concertation avec la FFME 06\u00a0et la FCAM 06 quatre b\u00e9n\u00e9voles du GL Littoral Ni\u00e7ois et Mentonnais ont pos\u00e9\u00a0des rubalises\u00a0et des panneaux demandant aux grimpeurs de ne pas escalader\u00a0la voie proche du nid\u00a0entre f\u00e9vrier et juillet. Merci \u00e0 [&hellip;]\" \/>\n<meta property=\"og:url\" content=\"https:\/\/paca.lpo.fr\/blogs\/nice\/2016\/02\/16\/protection-de-laire-de-nidification-dun-couple-de-faucon-pelerin\/\" \/>\n<meta property=\"og:site_name\" content=\"Groupe local Nice\" \/>\n<meta property=\"article:published_time\" content=\"2016-02-16T11:13:32+00:00\" \/>\n<meta property=\"article:modified_time\" content=\"2016-02-16T11:27:54+00:00\" \/>\n<meta property=\"og:image\" content=\"https:\/\/paca.lpo.fr\/blogs\/nice\/files\/2016\/02\/16-02-15TdeC-003-Copie-480x365.jpg\" \/>\n<meta name=\"author\" content=\"Groupe local Paillon-B\u00e9v\u00e9ra\" \/>\n<meta name=\"twitter:card\" content=\"summary_large_image\" \/>\n<meta name=\"twitter:label1\" content=\"\u00c9crit par\" \/>\n\t<meta name=\"twitter:data1\" content=\"Groupe local Paillon-B\u00e9v\u00e9ra\" \/>\n<script type=\"application\/ld+json\" class=\"yoast-schema-graph\">{\"@context\":\"https:\\\/\\\/schema.org\",\"@graph\":[{\"@type\":\"Article\",\"@id\":\"https:\\\/\\\/paca.lpo.fr\\\/blogs\\\/nice\\\/2016\\\/02\\\/16\\\/protection-de-laire-de-nidification-dun-couple-de-faucon-pelerin\\\/#article\",\"isPartOf\":{\"@id\":\"https:\\\/\\\/paca.lpo.fr\\\/blogs\\\/nice\\\/2016\\\/02\\\/16\\\/protection-de-laire-de-nidification-dun-couple-de-faucon-pelerin\\\/\"},\"author\":{\"name\":\"Groupe local Paillon-B\u00e9v\u00e9ra\",\"@id\":\"https:\\\/\\\/paca.lpo.fr\\\/blogs\\\/nice\\\/#\\\/schema\\\/person\\\/1bda33335fb71e0b3552487db26a4c56\"},\"headline\":\"Protection de l&rsquo;aire de nidification d&rsquo;un couple de faucon p\u00e8lerin\",\"datePublished\":\"2016-02-16T11:13:32+00:00\",\"dateModified\":\"2016-02-16T11:27:54+00:00\",\"mainEntityOfPage\":{\"@id\":\"https:\\\/\\\/paca.lpo.fr\\\/blogs\\\/nice\\\/2016\\\/02\\\/16\\\/protection-de-laire-de-nidification-dun-couple-de-faucon-pelerin\\\/\"},\"wordCount\":86,\"commentCount\":0,\"publisher\":{\"@id\":\"https:\\\/\\\/paca.lpo.fr\\\/blogs\\\/nice\\\/#organization\"},\"image\":{\"@id\":\"https:\\\/\\\/paca.lpo.fr\\\/blogs\\\/nice\\\/2016\\\/02\\\/16\\\/protection-de-laire-de-nidification-dun-couple-de-faucon-pelerin\\\/#primaryimage\"},\"thumbnailUrl\":\"https:\\\/\\\/paca.lpo.fr\\\/blogs\\\/nice\\\/files\\\/2016\\\/02\\\/16-02-15TdeC-003-Copie-480x365.jpg\",\"articleSection\":[\"Vie du groupe\"],\"inLanguage\":\"fr-FR\",\"potentialAction\":[{\"@type\":\"CommentAction\",\"name\":\"Comment\",\"target\":[\"https:\\\/\\\/paca.lpo.fr\\\/blogs\\\/nice\\\/2016\\\/02\\\/16\\\/protection-de-laire-de-nidification-dun-couple-de-faucon-pelerin\\\/#respond\"]}]},{\"@type\":\"WebPage\",\"@id\":\"https:\\\/\\\/paca.lpo.fr\\\/blogs\\\/nice\\\/2016\\\/02\\\/16\\\/protection-de-laire-de-nidification-dun-couple-de-faucon-pelerin\\\/\",\"url\":\"https:\\\/\\\/paca.lpo.fr\\\/blogs\\\/nice\\\/2016\\\/02\\\/16\\\/protection-de-laire-de-nidification-dun-couple-de-faucon-pelerin\\\/\",\"name\":\"Protection de l'aire de nidification d'un couple de faucon p\u00e8lerin - Groupe local Nice\",\"isPartOf\":{\"@id\":\"https:\\\/\\\/paca.lpo.fr\\\/blogs\\\/nice\\\/#website\"},\"primaryImageOfPage\":{\"@id\":\"https:\\\/\\\/paca.lpo.fr\\\/blogs\\\/nice\\\/2016\\\/02\\\/16\\\/protection-de-laire-de-nidification-dun-couple-de-faucon-pelerin\\\/#primaryimage\"},\"image\":{\"@id\":\"https:\\\/\\\/paca.lpo.fr\\\/blogs\\\/nice\\\/2016\\\/02\\\/16\\\/protection-de-laire-de-nidification-dun-couple-de-faucon-pelerin\\\/#primaryimage\"},\"thumbnailUrl\":\"https:\\\/\\\/paca.lpo.fr\\\/blogs\\\/nice\\\/files\\\/2016\\\/02\\\/16-02-15TdeC-003-Copie-480x365.jpg\",\"datePublished\":\"2016-02-16T11:13:32+00:00\",\"dateModified\":\"2016-02-16T11:27:54+00:00\",\"breadcrumb\":{\"@id\":\"https:\\\/\\\/paca.lpo.fr\\\/blogs\\\/nice\\\/2016\\\/02\\\/16\\\/protection-de-laire-de-nidification-dun-couple-de-faucon-pelerin\\\/#breadcrumb\"},\"inLanguage\":\"fr-FR\",\"potentialAction\":[{\"@type\":\"ReadAction\",\"target\":[\"https:\\\/\\\/paca.lpo.fr\\\/blogs\\\/nice\\\/2016\\\/02\\\/16\\\/protection-de-laire-de-nidification-dun-couple-de-faucon-pelerin\\\/\"]}]},{\"@type\":\"ImageObject\",\"inLanguage\":\"fr-FR\",\"@id\":\"https:\\\/\\\/paca.lpo.fr\\\/blogs\\\/nice\\\/2016\\\/02\\\/16\\\/protection-de-laire-de-nidification-dun-couple-de-faucon-pelerin\\\/#primaryimage\",\"url\":\"https:\\\/\\\/paca.lpo.fr\\\/blogs\\\/nice\\\/files\\\/2016\\\/02\\\/16-02-15TdeC-003-Copie.jpg\",\"contentUrl\":\"https:\\\/\\\/paca.lpo.fr\\\/blogs\\\/nice\\\/files\\\/2016\\\/02\\\/16-02-15TdeC-003-Copie.jpg\",\"width\":809,\"height\":616},{\"@type\":\"BreadcrumbList\",\"@id\":\"https:\\\/\\\/paca.lpo.fr\\\/blogs\\\/nice\\\/2016\\\/02\\\/16\\\/protection-de-laire-de-nidification-dun-couple-de-faucon-pelerin\\\/#breadcrumb\",\"itemListElement\":[{\"@type\":\"ListItem\",\"position\":1,\"name\":\"Accueil\",\"item\":\"https:\\\/\\\/paca.lpo.fr\\\/blogs\\\/nice\\\/\"},{\"@type\":\"ListItem\",\"position\":2,\"name\":\"Protection de l&rsquo;aire de nidification d&rsquo;un couple de faucon p\u00e8lerin\"}]},{\"@type\":\"WebSite\",\"@id\":\"https:\\\/\\\/paca.lpo.fr\\\/blogs\\\/nice\\\/#website\",\"url\":\"https:\\\/\\\/paca.lpo.fr\\\/blogs\\\/nice\\\/\",\"name\":\"Groupe local Nice\",\"description\":\"Groupe local Nice\",\"publisher\":{\"@id\":\"https:\\\/\\\/paca.lpo.fr\\\/blogs\\\/nice\\\/#organization\"},\"potentialAction\":[{\"@type\":\"SearchAction\",\"target\":{\"@type\":\"EntryPoint\",\"urlTemplate\":\"https:\\\/\\\/paca.lpo.fr\\\/blogs\\\/nice\\\/?s={search_term_string}\"},\"query-input\":{\"@type\":\"PropertyValueSpecification\",\"valueRequired\":true,\"valueName\":\"search_term_string\"}}],\"inLanguage\":\"fr-FR\"},{\"@type\":\"Organization\",\"@id\":\"https:\\\/\\\/paca.lpo.fr\\\/blogs\\\/nice\\\/#organization\",\"name\":\"Groupe local Nice\",\"url\":\"https:\\\/\\\/paca.lpo.fr\\\/blogs\\\/nice\\\/\",\"logo\":{\"@type\":\"ImageObject\",\"inLanguage\":\"fr-FR\",\"@id\":\"https:\\\/\\\/paca.lpo.fr\\\/blogs\\\/nice\\\/#\\\/schema\\\/logo\\\/image\\\/\",\"url\":\"https:\\\/\\\/paca.lpo.fr\\\/blogs\\\/nice\\\/files\\\/2024\\\/01\\\/cropped-rvb-lpo-paca-logotype-signature-droite-mini-500.jpg\",\"contentUrl\":\"https:\\\/\\\/paca.lpo.fr\\\/blogs\\\/nice\\\/files\\\/2024\\\/01\\\/cropped-rvb-lpo-paca-logotype-signature-droite-mini-500.jpg\",\"width\":500,\"height\":210,\"caption\":\"Groupe local Nice\"},\"image\":{\"@id\":\"https:\\\/\\\/paca.lpo.fr\\\/blogs\\\/nice\\\/#\\\/schema\\\/logo\\\/image\\\/\"}},{\"@type\":\"Person\",\"@id\":\"https:\\\/\\\/paca.lpo.fr\\\/blogs\\\/nice\\\/#\\\/schema\\\/person\\\/1bda33335fb71e0b3552487db26a4c56\",\"name\":\"Groupe local Paillon-B\u00e9v\u00e9ra\",\"image\":{\"@type\":\"ImageObject\",\"inLanguage\":\"fr-FR\",\"@id\":\"https:\\\/\\\/secure.gravatar.com\\\/avatar\\\/b1ee285506e2cb880ec988990d360e255aecb31c77212741dace1023623610c2?s=96&d=mm&r=g\",\"url\":\"https:\\\/\\\/secure.gravatar.com\\\/avatar\\\/b1ee285506e2cb880ec988990d360e255aecb31c77212741dace1023623610c2?s=96&d=mm&r=g\",\"contentUrl\":\"https:\\\/\\\/secure.gravatar.com\\\/avatar\\\/b1ee285506e2cb880ec988990d360e255aecb31c77212741dace1023623610c2?s=96&d=mm&r=g\",\"caption\":\"Groupe local Paillon-B\u00e9v\u00e9ra\"},\"url\":\"https:\\\/\\\/paca.lpo.fr\\\/blogs\\\/nice\\\/author\\\/alpesmaritimesest\\\/\"}]}<\/script>\n<!-- \/ Yoast SEO plugin. -->","yoast_head_json":{"title":"Protection de l'aire de nidification d'un couple de faucon p\u00e8lerin - Groupe local Nice","robots":{"index":"index","follow":"follow","max-snippet":"max-snippet:-1","max-image-preview":"max-image-preview:large","max-video-preview":"max-video-preview:-1"},"canonical":"https:\/\/paca.lpo.fr\/blogs\/nice\/2016\/02\/16\/protection-de-laire-de-nidification-dun-couple-de-faucon-pelerin\/","og_locale":"fr_FR","og_type":"article","og_title":"Protection de l'aire de nidification d'un couple de faucon p\u00e8lerin - Groupe local Nice","og_description":"Le couple est bien pr\u00e9sent depuis quelques semaines, visitant la cavit\u00e9 de\u00a0nidification, et des accouplements ont \u00e9t\u00e9 observ\u00e9s.\u00a0Apr\u00e8s concertation avec la FFME 06\u00a0et la FCAM 06 quatre b\u00e9n\u00e9voles du GL Littoral Ni\u00e7ois et Mentonnais ont pos\u00e9\u00a0des rubalises\u00a0et des panneaux demandant aux grimpeurs de ne pas escalader\u00a0la voie proche du nid\u00a0entre f\u00e9vrier et juillet. Merci \u00e0 [&hellip;]","og_url":"https:\/\/paca.lpo.fr\/blogs\/nice\/2016\/02\/16\/protection-de-laire-de-nidification-dun-couple-de-faucon-pelerin\/","og_site_name":"Groupe local Nice","article_published_time":"2016-02-16T11:13:32+00:00","article_modified_time":"2016-02-16T11:27:54+00:00","og_image":[{"url":"https:\/\/paca.lpo.fr\/blogs\/nice\/files\/2016\/02\/16-02-15TdeC-003-Copie-480x365.jpg","type":"","width":"","height":""}],"author":"Groupe local Paillon-B\u00e9v\u00e9ra","twitter_card":"summary_large_image","twitter_misc":{"\u00c9crit par":"Groupe local Paillon-B\u00e9v\u00e9ra"},"schema":{"@context":"https:\/\/schema.org","@graph":[{"@type":"Article","@id":"https:\/\/paca.lpo.fr\/blogs\/nice\/2016\/02\/16\/protection-de-laire-de-nidification-dun-couple-de-faucon-pelerin\/#article","isPartOf":{"@id":"https:\/\/paca.lpo.fr\/blogs\/nice\/2016\/02\/16\/protection-de-laire-de-nidification-dun-couple-de-faucon-pelerin\/"},"author":{"name":"Groupe local Paillon-B\u00e9v\u00e9ra","@id":"https:\/\/paca.lpo.fr\/blogs\/nice\/#\/schema\/person\/1bda33335fb71e0b3552487db26a4c56"},"headline":"Protection de l&rsquo;aire de nidification d&rsquo;un couple de faucon p\u00e8lerin","datePublished":"2016-02-16T11:13:32+00:00","dateModified":"2016-02-16T11:27:54+00:00","mainEntityOfPage":{"@id":"https:\/\/paca.lpo.fr\/blogs\/nice\/2016\/02\/16\/protection-de-laire-de-nidification-dun-couple-de-faucon-pelerin\/"},"wordCount":86,"commentCount":0,"publisher":{"@id":"https:\/\/paca.lpo.fr\/blogs\/nice\/#organization"},"image":{"@id":"https:\/\/paca.lpo.fr\/blogs\/nice\/2016\/02\/16\/protection-de-laire-de-nidification-dun-couple-de-faucon-pelerin\/#primaryimage"},"thumbnailUrl":"https:\/\/paca.lpo.fr\/blogs\/nice\/files\/2016\/02\/16-02-15TdeC-003-Copie-480x365.jpg","articleSection":["Vie du groupe"],"inLanguage":"fr-FR","potentialAction":[{"@type":"CommentAction","name":"Comment","target":["https:\/\/paca.lpo.fr\/blogs\/nice\/2016\/02\/16\/protection-de-laire-de-nidification-dun-couple-de-faucon-pelerin\/#respond"]}]},{"@type":"WebPage","@id":"https:\/\/paca.lpo.fr\/blogs\/nice\/2016\/02\/16\/protection-de-laire-de-nidification-dun-couple-de-faucon-pelerin\/","url":"https:\/\/paca.lpo.fr\/blogs\/nice\/2016\/02\/16\/protection-de-laire-de-nidification-dun-couple-de-faucon-pelerin\/","name":"Protection de l'aire de nidification d'un couple de faucon p\u00e8lerin - Groupe local Nice","isPartOf":{"@id":"https:\/\/paca.lpo.fr\/blogs\/nice\/#website"},"primaryImageOfPage":{"@id":"https:\/\/paca.lpo.fr\/blogs\/nice\/2016\/02\/16\/protection-de-laire-de-nidification-dun-couple-de-faucon-pelerin\/#primaryimage"},"image":{"@id":"https:\/\/paca.lpo.fr\/blogs\/nice\/2016\/02\/16\/protection-de-laire-de-nidification-dun-couple-de-faucon-pelerin\/#primaryimage"},"thumbnailUrl":"https:\/\/paca.lpo.fr\/blogs\/nice\/files\/2016\/02\/16-02-15TdeC-003-Copie-480x365.jpg","datePublished":"2016-02-16T11:13:32+00:00","dateModified":"2016-02-16T11:27:54+00:00","breadcrumb":{"@id":"https:\/\/paca.lpo.fr\/blogs\/nice\/2016\/02\/16\/protection-de-laire-de-nidification-dun-couple-de-faucon-pelerin\/#breadcrumb"},"inLanguage":"fr-FR","potentialAction":[{"@type":"ReadAction","target":["https:\/\/paca.lpo.fr\/blogs\/nice\/2016\/02\/16\/protection-de-laire-de-nidification-dun-couple-de-faucon-pelerin\/"]}]},{"@type":"ImageObject","inLanguage":"fr-FR","@id":"https:\/\/paca.lpo.fr\/blogs\/nice\/2016\/02\/16\/protection-de-laire-de-nidification-dun-couple-de-faucon-pelerin\/#primaryimage","url":"https:\/\/paca.lpo.fr\/blogs\/nice\/files\/2016\/02\/16-02-15TdeC-003-Copie.jpg","contentUrl":"https:\/\/paca.lpo.fr\/blogs\/nice\/files\/2016\/02\/16-02-15TdeC-003-Copie.jpg","width":809,"height":616},{"@type":"BreadcrumbList","@id":"https:\/\/paca.lpo.fr\/blogs\/nice\/2016\/02\/16\/protection-de-laire-de-nidification-dun-couple-de-faucon-pelerin\/#breadcrumb","itemListElement":[{"@type":"ListItem","position":1,"name":"Accueil","item":"https:\/\/paca.lpo.fr\/blogs\/nice\/"},{"@type":"ListItem","position":2,"name":"Protection de l&rsquo;aire de nidification d&rsquo;un couple de faucon p\u00e8lerin"}]},{"@type":"WebSite","@id":"https:\/\/paca.lpo.fr\/blogs\/nice\/#website","url":"https:\/\/paca.lpo.fr\/blogs\/nice\/","name":"Groupe local Nice","description":"Groupe local Nice","publisher":{"@id":"https:\/\/paca.lpo.fr\/blogs\/nice\/#organization"},"potentialAction":[{"@type":"SearchAction","target":{"@type":"EntryPoint","urlTemplate":"https:\/\/paca.lpo.fr\/blogs\/nice\/?s={search_term_string}"},"query-input":{"@type":"PropertyValueSpecification","valueRequired":true,"valueName":"search_term_string"}}],"inLanguage":"fr-FR"},{"@type":"Organization","@id":"https:\/\/paca.lpo.fr\/blogs\/nice\/#organization","name":"Groupe local Nice","url":"https:\/\/paca.lpo.fr\/blogs\/nice\/","logo":{"@type":"ImageObject","inLanguage":"fr-FR","@id":"https:\/\/paca.lpo.fr\/blogs\/nice\/#\/schema\/logo\/image\/","url":"https:\/\/paca.lpo.fr\/blogs\/nice\/files\/2024\/01\/cropped-rvb-lpo-paca-logotype-signature-droite-mini-500.jpg","contentUrl":"https:\/\/paca.lpo.fr\/blogs\/nice\/files\/2024\/01\/cropped-rvb-lpo-paca-logotype-signature-droite-mini-500.jpg","width":500,"height":210,"caption":"Groupe local Nice"},"image":{"@id":"https:\/\/paca.lpo.fr\/blogs\/nice\/#\/schema\/logo\/image\/"}},{"@type":"Person","@id":"https:\/\/paca.lpo.fr\/blogs\/nice\/#\/schema\/person\/1bda33335fb71e0b3552487db26a4c56","name":"Groupe local Paillon-B\u00e9v\u00e9ra","image":{"@type":"ImageObject","inLanguage":"fr-FR","@id":"https:\/\/secure.gravatar.com\/avatar\/b1ee285506e2cb880ec988990d360e255aecb31c77212741dace1023623610c2?s=96&d=mm&r=g","url":"https:\/\/secure.gravatar.com\/avatar\/b1ee285506e2cb880ec988990d360e255aecb31c77212741dace1023623610c2?s=96&d=mm&r=g","contentUrl":"https:\/\/secure.gravatar.com\/avatar\/b1ee285506e2cb880ec988990d360e255aecb31c77212741dace1023623610c2?s=96&d=mm&r=g","caption":"Groupe local Paillon-B\u00e9v\u00e9ra"},"url":"https:\/\/paca.lpo.fr\/blogs\/nice\/author\/alpesmaritimesest\/"}]}},"jetpack_featured_media_url":"","_links":{"self":[{"href":"https:\/\/paca.lpo.fr\/blogs\/nice\/wp-json\/wp\/v2\/posts\/1445","targetHints":{"allow":["GET"]}}],"collection":[{"href":"https:\/\/paca.lpo.fr\/blogs\/nice\/wp-json\/wp\/v2\/posts"}],"about":[{"href":"https:\/\/paca.lpo.fr\/blogs\/nice\/wp-json\/wp\/v2\/types\/post"}],"author":[{"embeddable":true,"href":"https:\/\/paca.lpo.fr\/blogs\/nice\/wp-json\/wp\/v2\/users\/15"}],"replies":[{"embeddable":true,"href":"https:\/\/paca.lpo.fr\/blogs\/nice\/wp-json\/wp\/v2\/comments?post=1445"}],"version-history":[{"count":1,"href":"https:\/\/paca.lpo.fr\/blogs\/nice\/wp-json\/wp\/v2\/posts\/1445\/revisions"}],"predecessor-version":[{"id":1447,"href":"https:\/\/paca.lpo.fr\/blogs\/nice\/wp-json\/wp\/v2\/posts\/1445\/revisions\/1447"}],"wp:attachment":[{"href":"https:\/\/paca.lpo.fr\/blogs\/nice\/wp-json\/wp\/v2\/media?parent=1445"}],"wp:term":[{"taxonomy":"category","embeddable":true,"href":"https:\/\/paca.lpo.fr\/blogs\/nice\/wp-json\/wp\/v2\/categories?post=1445"},{"taxonomy":"post_tag","embeddable":true,"href":"https:\/\/paca.lpo.fr\/blogs\/nice\/wp-json\/wp\/v2\/tags?post=1445"}],"curies":[{"name":"wp","href":"https:\/\/api.w.org\/{rel}","templated":true}]}}