{"id":1449,"date":"2016-02-24T17:00:28","date_gmt":"2016-02-24T16:00:28","guid":{"rendered":"https:\/\/paca.lpo.fr\/blogs\/nice\/?p=1449"},"modified":"2016-03-02T16:55:06","modified_gmt":"2016-03-02T15:55:06","slug":"il-y-a-de-la-migration-dans-lair","status":"publish","type":"post","link":"https:\/\/paca.lpo.fr\/blogs\/nice\/2016\/02\/24\/il-y-a-de-la-migration-dans-lair\/","title":{"rendered":"Il y a de la migration dans l\u2019air !"},"content":{"rendered":"<p>Quelques oiseaux commencent \u00e0 revenir de leurs lieux d\u2019hivernage. Dans les Alpes Maritimes nous avons observ\u00e9 d\u00e9j\u00e0 de beaux passages de grues cendr\u00e9es les 20 et 23 f\u00e9vrier, avec environ 5000 individus compt\u00e9s le mardi 23 au-dessus des collines de Nice et \u00e0 La Turbie. Le 24 f\u00e9vrier ce sont les premi\u00e8res hirondelles de fen\u00eatre et le tout premier circa\u00e8te jean-le-blanc qui nous ont survol\u00e9s. La migration pr\u00e9nuptiale a bien commenc\u00e9.<\/p>\n<figure id=\"attachment_1450\" aria-describedby=\"caption-attachment-1450\" style=\"width: 480px\" class=\"wp-caption alignnone\"><img loading=\"lazy\" decoding=\"async\" class=\"size-medium wp-image-1450\" src=\"https:\/\/paca.lpo.fr\/blogs\/nice\/files\/2016\/02\/13-11-03-119-Copie-480x330.jpg\" alt=\"????????????????????????????????????\" width=\"480\" height=\"330\" srcset=\"https:\/\/paca.lpo.fr\/blogs\/nice\/files\/2016\/02\/13-11-03-119-Copie-480x330.jpg 480w, https:\/\/paca.lpo.fr\/blogs\/nice\/files\/2016\/02\/13-11-03-119-Copie-768x529.jpg 768w, https:\/\/paca.lpo.fr\/blogs\/nice\/files\/2016\/02\/13-11-03-119-Copie-960x661.jpg 960w, https:\/\/paca.lpo.fr\/blogs\/nice\/files\/2016\/02\/13-11-03-119-Copie-700x482.jpg 700w, https:\/\/paca.lpo.fr\/blogs\/nice\/files\/2016\/02\/13-11-03-119-Copie-800x551.jpg 800w, https:\/\/paca.lpo.fr\/blogs\/nice\/files\/2016\/02\/13-11-03-119-Copie.jpg 1017w\" sizes=\"auto, (max-width: 480px) 100vw, 480px\" \/><figcaption id=\"caption-attachment-1450\" class=\"wp-caption-text\">Grues cendr\u00e9es en migration<\/figcaption><\/figure>\n","protected":false},"excerpt":{"rendered":"<p>Quelques oiseaux commencent \u00e0 revenir de leurs lieux d\u2019hivernage. Dans les Alpes Maritimes nous avons observ\u00e9 d\u00e9j\u00e0 de beaux passages de grues cendr\u00e9es les 20 et 23 f\u00e9vrier, avec environ 5000 individus compt\u00e9s le mardi 23 au-dessus des collines de Nice et \u00e0 La Turbie. Le 24 f\u00e9vrier ce sont les premi\u00e8res hirondelles de fen\u00eatre [&hellip;]<\/p>\n","protected":false},"author":15,"featured_media":1450,"comment_status":"open","ping_status":"open","sticky":false,"template":"","format":"standard","meta":{"footnotes":""},"categories":[3],"tags":[],"class_list":["post-1449","post","type-post","status-publish","format-standard","has-post-thumbnail","hentry","category-vie-groupe"],"yoast_head":"<!-- This site is optimized with the Yoast SEO plugin v28.3 - https:\/\/yoast.com\/product\/yoast-seo-wordpress\/ -->\n<title>Il y a de la migration dans l\u2019air ! - Groupe local Nice<\/title>\n<meta name=\"robots\" content=\"index, follow, max-snippet:-1, max-image-preview:large, max-video-preview:-1\" \/>\n<link rel=\"canonical\" href=\"https:\/\/paca.lpo.fr\/blogs\/nice\/2016\/02\/24\/il-y-a-de-la-migration-dans-lair\/\" \/>\n<meta property=\"og:locale\" content=\"fr_FR\" \/>\n<meta property=\"og:type\" content=\"article\" \/>\n<meta property=\"og:title\" content=\"Il y a de la migration dans l\u2019air ! - Groupe local Nice\" \/>\n<meta property=\"og:description\" content=\"Quelques oiseaux commencent \u00e0 revenir de leurs lieux d\u2019hivernage. Dans les Alpes Maritimes nous avons observ\u00e9 d\u00e9j\u00e0 de beaux passages de grues cendr\u00e9es les 20 et 23 f\u00e9vrier, avec environ 5000 individus compt\u00e9s le mardi 23 au-dessus des collines de Nice et \u00e0 La Turbie. Le 24 f\u00e9vrier ce sont les premi\u00e8res hirondelles de fen\u00eatre [&hellip;]\" \/>\n<meta property=\"og:url\" content=\"https:\/\/paca.lpo.fr\/blogs\/nice\/2016\/02\/24\/il-y-a-de-la-migration-dans-lair\/\" \/>\n<meta property=\"og:site_name\" content=\"Groupe local Nice\" \/>\n<meta property=\"article:published_time\" content=\"2016-02-24T16:00:28+00:00\" \/>\n<meta property=\"article:modified_time\" content=\"2016-03-02T15:55:06+00:00\" \/>\n<meta property=\"og:image\" content=\"https:\/\/paca.lpo.fr\/blogs\/nice\/files\/2016\/02\/13-11-03-119-Copie.jpg\" \/>\n\t<meta property=\"og:image:width\" content=\"1017\" \/>\n\t<meta property=\"og:image:height\" content=\"700\" \/>\n\t<meta property=\"og:image:type\" content=\"image\/jpeg\" \/>\n<meta name=\"author\" content=\"Groupe local Paillon-B\u00e9v\u00e9ra\" \/>\n<meta name=\"twitter:card\" content=\"summary_large_image\" \/>\n<meta name=\"twitter:label1\" content=\"\u00c9crit par\" \/>\n\t<meta name=\"twitter:data1\" content=\"Groupe local Paillon-B\u00e9v\u00e9ra\" \/>\n<script type=\"application\/ld+json\" class=\"yoast-schema-graph\">{\"@context\":\"https:\\\/\\\/schema.org\",\"@graph\":[{\"@type\":\"Article\",\"@id\":\"https:\\\/\\\/paca.lpo.fr\\\/blogs\\\/nice\\\/2016\\\/02\\\/24\\\/il-y-a-de-la-migration-dans-lair\\\/#article\",\"isPartOf\":{\"@id\":\"https:\\\/\\\/paca.lpo.fr\\\/blogs\\\/nice\\\/2016\\\/02\\\/24\\\/il-y-a-de-la-migration-dans-lair\\\/\"},\"author\":{\"name\":\"Groupe local Paillon-B\u00e9v\u00e9ra\",\"@id\":\"https:\\\/\\\/paca.lpo.fr\\\/blogs\\\/nice\\\/#\\\/schema\\\/person\\\/1bda33335fb71e0b3552487db26a4c56\"},\"headline\":\"Il y a de la migration dans l\u2019air !\",\"datePublished\":\"2016-02-24T16:00:28+00:00\",\"dateModified\":\"2016-03-02T15:55:06+00:00\",\"mainEntityOfPage\":{\"@id\":\"https:\\\/\\\/paca.lpo.fr\\\/blogs\\\/nice\\\/2016\\\/02\\\/24\\\/il-y-a-de-la-migration-dans-lair\\\/\"},\"wordCount\":96,\"commentCount\":0,\"publisher\":{\"@id\":\"https:\\\/\\\/paca.lpo.fr\\\/blogs\\\/nice\\\/#organization\"},\"image\":{\"@id\":\"https:\\\/\\\/paca.lpo.fr\\\/blogs\\\/nice\\\/2016\\\/02\\\/24\\\/il-y-a-de-la-migration-dans-lair\\\/#primaryimage\"},\"thumbnailUrl\":\"https:\\\/\\\/paca.lpo.fr\\\/blogs\\\/nice\\\/files\\\/2016\\\/02\\\/13-11-03-119-Copie.jpg\",\"articleSection\":[\"Vie du groupe\"],\"inLanguage\":\"fr-FR\",\"potentialAction\":[{\"@type\":\"CommentAction\",\"name\":\"Comment\",\"target\":[\"https:\\\/\\\/paca.lpo.fr\\\/blogs\\\/nice\\\/2016\\\/02\\\/24\\\/il-y-a-de-la-migration-dans-lair\\\/#respond\"]}]},{\"@type\":\"WebPage\",\"@id\":\"https:\\\/\\\/paca.lpo.fr\\\/blogs\\\/nice\\\/2016\\\/02\\\/24\\\/il-y-a-de-la-migration-dans-lair\\\/\",\"url\":\"https:\\\/\\\/paca.lpo.fr\\\/blogs\\\/nice\\\/2016\\\/02\\\/24\\\/il-y-a-de-la-migration-dans-lair\\\/\",\"name\":\"Il y a de la migration dans l\u2019air ! - Groupe local Nice\",\"isPartOf\":{\"@id\":\"https:\\\/\\\/paca.lpo.fr\\\/blogs\\\/nice\\\/#website\"},\"primaryImageOfPage\":{\"@id\":\"https:\\\/\\\/paca.lpo.fr\\\/blogs\\\/nice\\\/2016\\\/02\\\/24\\\/il-y-a-de-la-migration-dans-lair\\\/#primaryimage\"},\"image\":{\"@id\":\"https:\\\/\\\/paca.lpo.fr\\\/blogs\\\/nice\\\/2016\\\/02\\\/24\\\/il-y-a-de-la-migration-dans-lair\\\/#primaryimage\"},\"thumbnailUrl\":\"https:\\\/\\\/paca.lpo.fr\\\/blogs\\\/nice\\\/files\\\/2016\\\/02\\\/13-11-03-119-Copie.jpg\",\"datePublished\":\"2016-02-24T16:00:28+00:00\",\"dateModified\":\"2016-03-02T15:55:06+00:00\",\"breadcrumb\":{\"@id\":\"https:\\\/\\\/paca.lpo.fr\\\/blogs\\\/nice\\\/2016\\\/02\\\/24\\\/il-y-a-de-la-migration-dans-lair\\\/#breadcrumb\"},\"inLanguage\":\"fr-FR\",\"potentialAction\":[{\"@type\":\"ReadAction\",\"target\":[\"https:\\\/\\\/paca.lpo.fr\\\/blogs\\\/nice\\\/2016\\\/02\\\/24\\\/il-y-a-de-la-migration-dans-lair\\\/\"]}]},{\"@type\":\"ImageObject\",\"inLanguage\":\"fr-FR\",\"@id\":\"https:\\\/\\\/paca.lpo.fr\\\/blogs\\\/nice\\\/2016\\\/02\\\/24\\\/il-y-a-de-la-migration-dans-lair\\\/#primaryimage\",\"url\":\"https:\\\/\\\/paca.lpo.fr\\\/blogs\\\/nice\\\/files\\\/2016\\\/02\\\/13-11-03-119-Copie.jpg\",\"contentUrl\":\"https:\\\/\\\/paca.lpo.fr\\\/blogs\\\/nice\\\/files\\\/2016\\\/02\\\/13-11-03-119-Copie.jpg\",\"width\":1017,\"height\":700,\"caption\":\"????????????????????????????????????\"},{\"@type\":\"BreadcrumbList\",\"@id\":\"https:\\\/\\\/paca.lpo.fr\\\/blogs\\\/nice\\\/2016\\\/02\\\/24\\\/il-y-a-de-la-migration-dans-lair\\\/#breadcrumb\",\"itemListElement\":[{\"@type\":\"ListItem\",\"position\":1,\"name\":\"Accueil\",\"item\":\"https:\\\/\\\/paca.lpo.fr\\\/blogs\\\/nice\\\/\"},{\"@type\":\"ListItem\",\"position\":2,\"name\":\"Il y a de la migration dans l\u2019air !\"}]},{\"@type\":\"WebSite\",\"@id\":\"https:\\\/\\\/paca.lpo.fr\\\/blogs\\\/nice\\\/#website\",\"url\":\"https:\\\/\\\/paca.lpo.fr\\\/blogs\\\/nice\\\/\",\"name\":\"Groupe local Nice\",\"description\":\"Groupe local Nice\",\"publisher\":{\"@id\":\"https:\\\/\\\/paca.lpo.fr\\\/blogs\\\/nice\\\/#organization\"},\"potentialAction\":[{\"@type\":\"SearchAction\",\"target\":{\"@type\":\"EntryPoint\",\"urlTemplate\":\"https:\\\/\\\/paca.lpo.fr\\\/blogs\\\/nice\\\/?s={search_term_string}\"},\"query-input\":{\"@type\":\"PropertyValueSpecification\",\"valueRequired\":true,\"valueName\":\"search_term_string\"}}],\"inLanguage\":\"fr-FR\"},{\"@type\":\"Organization\",\"@id\":\"https:\\\/\\\/paca.lpo.fr\\\/blogs\\\/nice\\\/#organization\",\"name\":\"Groupe local Nice\",\"url\":\"https:\\\/\\\/paca.lpo.fr\\\/blogs\\\/nice\\\/\",\"logo\":{\"@type\":\"ImageObject\",\"inLanguage\":\"fr-FR\",\"@id\":\"https:\\\/\\\/paca.lpo.fr\\\/blogs\\\/nice\\\/#\\\/schema\\\/logo\\\/image\\\/\",\"url\":\"https:\\\/\\\/paca.lpo.fr\\\/blogs\\\/nice\\\/files\\\/2024\\\/01\\\/cropped-rvb-lpo-paca-logotype-signature-droite-mini-500.jpg\",\"contentUrl\":\"https:\\\/\\\/paca.lpo.fr\\\/blogs\\\/nice\\\/files\\\/2024\\\/01\\\/cropped-rvb-lpo-paca-logotype-signature-droite-mini-500.jpg\",\"width\":500,\"height\":210,\"caption\":\"Groupe local Nice\"},\"image\":{\"@id\":\"https:\\\/\\\/paca.lpo.fr\\\/blogs\\\/nice\\\/#\\\/schema\\\/logo\\\/image\\\/\"}},{\"@type\":\"Person\",\"@id\":\"https:\\\/\\\/paca.lpo.fr\\\/blogs\\\/nice\\\/#\\\/schema\\\/person\\\/1bda33335fb71e0b3552487db26a4c56\",\"name\":\"Groupe local Paillon-B\u00e9v\u00e9ra\",\"image\":{\"@type\":\"ImageObject\",\"inLanguage\":\"fr-FR\",\"@id\":\"https:\\\/\\\/secure.gravatar.com\\\/avatar\\\/b1ee285506e2cb880ec988990d360e255aecb31c77212741dace1023623610c2?s=96&d=mm&r=g\",\"url\":\"https:\\\/\\\/secure.gravatar.com\\\/avatar\\\/b1ee285506e2cb880ec988990d360e255aecb31c77212741dace1023623610c2?s=96&d=mm&r=g\",\"contentUrl\":\"https:\\\/\\\/secure.gravatar.com\\\/avatar\\\/b1ee285506e2cb880ec988990d360e255aecb31c77212741dace1023623610c2?s=96&d=mm&r=g\",\"caption\":\"Groupe local Paillon-B\u00e9v\u00e9ra\"},\"url\":\"https:\\\/\\\/paca.lpo.fr\\\/blogs\\\/nice\\\/author\\\/alpesmaritimesest\\\/\"}]}<\/script>\n<!-- \/ Yoast SEO plugin. -->","yoast_head_json":{"title":"Il y a de la migration dans l\u2019air ! - Groupe local Nice","robots":{"index":"index","follow":"follow","max-snippet":"max-snippet:-1","max-image-preview":"max-image-preview:large","max-video-preview":"max-video-preview:-1"},"canonical":"https:\/\/paca.lpo.fr\/blogs\/nice\/2016\/02\/24\/il-y-a-de-la-migration-dans-lair\/","og_locale":"fr_FR","og_type":"article","og_title":"Il y a de la migration dans l\u2019air ! - Groupe local Nice","og_description":"Quelques oiseaux commencent \u00e0 revenir de leurs lieux d\u2019hivernage. Dans les Alpes Maritimes nous avons observ\u00e9 d\u00e9j\u00e0 de beaux passages de grues cendr\u00e9es les 20 et 23 f\u00e9vrier, avec environ 5000 individus compt\u00e9s le mardi 23 au-dessus des collines de Nice et \u00e0 La Turbie. Le 24 f\u00e9vrier ce sont les premi\u00e8res hirondelles de fen\u00eatre [&hellip;]","og_url":"https:\/\/paca.lpo.fr\/blogs\/nice\/2016\/02\/24\/il-y-a-de-la-migration-dans-lair\/","og_site_name":"Groupe local Nice","article_published_time":"2016-02-24T16:00:28+00:00","article_modified_time":"2016-03-02T15:55:06+00:00","og_image":[{"width":1017,"height":700,"url":"https:\/\/paca.lpo.fr\/blogs\/nice\/files\/2016\/02\/13-11-03-119-Copie.jpg","type":"image\/jpeg"}],"author":"Groupe local Paillon-B\u00e9v\u00e9ra","twitter_card":"summary_large_image","twitter_misc":{"\u00c9crit par":"Groupe local Paillon-B\u00e9v\u00e9ra"},"schema":{"@context":"https:\/\/schema.org","@graph":[{"@type":"Article","@id":"https:\/\/paca.lpo.fr\/blogs\/nice\/2016\/02\/24\/il-y-a-de-la-migration-dans-lair\/#article","isPartOf":{"@id":"https:\/\/paca.lpo.fr\/blogs\/nice\/2016\/02\/24\/il-y-a-de-la-migration-dans-lair\/"},"author":{"name":"Groupe local Paillon-B\u00e9v\u00e9ra","@id":"https:\/\/paca.lpo.fr\/blogs\/nice\/#\/schema\/person\/1bda33335fb71e0b3552487db26a4c56"},"headline":"Il y a de la migration dans l\u2019air !","datePublished":"2016-02-24T16:00:28+00:00","dateModified":"2016-03-02T15:55:06+00:00","mainEntityOfPage":{"@id":"https:\/\/paca.lpo.fr\/blogs\/nice\/2016\/02\/24\/il-y-a-de-la-migration-dans-lair\/"},"wordCount":96,"commentCount":0,"publisher":{"@id":"https:\/\/paca.lpo.fr\/blogs\/nice\/#organization"},"image":{"@id":"https:\/\/paca.lpo.fr\/blogs\/nice\/2016\/02\/24\/il-y-a-de-la-migration-dans-lair\/#primaryimage"},"thumbnailUrl":"https:\/\/paca.lpo.fr\/blogs\/nice\/files\/2016\/02\/13-11-03-119-Copie.jpg","articleSection":["Vie du groupe"],"inLanguage":"fr-FR","potentialAction":[{"@type":"CommentAction","name":"Comment","target":["https:\/\/paca.lpo.fr\/blogs\/nice\/2016\/02\/24\/il-y-a-de-la-migration-dans-lair\/#respond"]}]},{"@type":"WebPage","@id":"https:\/\/paca.lpo.fr\/blogs\/nice\/2016\/02\/24\/il-y-a-de-la-migration-dans-lair\/","url":"https:\/\/paca.lpo.fr\/blogs\/nice\/2016\/02\/24\/il-y-a-de-la-migration-dans-lair\/","name":"Il y a de la migration dans l\u2019air ! - Groupe local Nice","isPartOf":{"@id":"https:\/\/paca.lpo.fr\/blogs\/nice\/#website"},"primaryImageOfPage":{"@id":"https:\/\/paca.lpo.fr\/blogs\/nice\/2016\/02\/24\/il-y-a-de-la-migration-dans-lair\/#primaryimage"},"image":{"@id":"https:\/\/paca.lpo.fr\/blogs\/nice\/2016\/02\/24\/il-y-a-de-la-migration-dans-lair\/#primaryimage"},"thumbnailUrl":"https:\/\/paca.lpo.fr\/blogs\/nice\/files\/2016\/02\/13-11-03-119-Copie.jpg","datePublished":"2016-02-24T16:00:28+00:00","dateModified":"2016-03-02T15:55:06+00:00","breadcrumb":{"@id":"https:\/\/paca.lpo.fr\/blogs\/nice\/2016\/02\/24\/il-y-a-de-la-migration-dans-lair\/#breadcrumb"},"inLanguage":"fr-FR","potentialAction":[{"@type":"ReadAction","target":["https:\/\/paca.lpo.fr\/blogs\/nice\/2016\/02\/24\/il-y-a-de-la-migration-dans-lair\/"]}]},{"@type":"ImageObject","inLanguage":"fr-FR","@id":"https:\/\/paca.lpo.fr\/blogs\/nice\/2016\/02\/24\/il-y-a-de-la-migration-dans-lair\/#primaryimage","url":"https:\/\/paca.lpo.fr\/blogs\/nice\/files\/2016\/02\/13-11-03-119-Copie.jpg","contentUrl":"https:\/\/paca.lpo.fr\/blogs\/nice\/files\/2016\/02\/13-11-03-119-Copie.jpg","width":1017,"height":700,"caption":"????????????????????????????????????"},{"@type":"BreadcrumbList","@id":"https:\/\/paca.lpo.fr\/blogs\/nice\/2016\/02\/24\/il-y-a-de-la-migration-dans-lair\/#breadcrumb","itemListElement":[{"@type":"ListItem","position":1,"name":"Accueil","item":"https:\/\/paca.lpo.fr\/blogs\/nice\/"},{"@type":"ListItem","position":2,"name":"Il y a de la migration dans l\u2019air !"}]},{"@type":"WebSite","@id":"https:\/\/paca.lpo.fr\/blogs\/nice\/#website","url":"https:\/\/paca.lpo.fr\/blogs\/nice\/","name":"Groupe local Nice","description":"Groupe local Nice","publisher":{"@id":"https:\/\/paca.lpo.fr\/blogs\/nice\/#organization"},"potentialAction":[{"@type":"SearchAction","target":{"@type":"EntryPoint","urlTemplate":"https:\/\/paca.lpo.fr\/blogs\/nice\/?s={search_term_string}"},"query-input":{"@type":"PropertyValueSpecification","valueRequired":true,"valueName":"search_term_string"}}],"inLanguage":"fr-FR"},{"@type":"Organization","@id":"https:\/\/paca.lpo.fr\/blogs\/nice\/#organization","name":"Groupe local Nice","url":"https:\/\/paca.lpo.fr\/blogs\/nice\/","logo":{"@type":"ImageObject","inLanguage":"fr-FR","@id":"https:\/\/paca.lpo.fr\/blogs\/nice\/#\/schema\/logo\/image\/","url":"https:\/\/paca.lpo.fr\/blogs\/nice\/files\/2024\/01\/cropped-rvb-lpo-paca-logotype-signature-droite-mini-500.jpg","contentUrl":"https:\/\/paca.lpo.fr\/blogs\/nice\/files\/2024\/01\/cropped-rvb-lpo-paca-logotype-signature-droite-mini-500.jpg","width":500,"height":210,"caption":"Groupe local Nice"},"image":{"@id":"https:\/\/paca.lpo.fr\/blogs\/nice\/#\/schema\/logo\/image\/"}},{"@type":"Person","@id":"https:\/\/paca.lpo.fr\/blogs\/nice\/#\/schema\/person\/1bda33335fb71e0b3552487db26a4c56","name":"Groupe local Paillon-B\u00e9v\u00e9ra","image":{"@type":"ImageObject","inLanguage":"fr-FR","@id":"https:\/\/secure.gravatar.com\/avatar\/b1ee285506e2cb880ec988990d360e255aecb31c77212741dace1023623610c2?s=96&d=mm&r=g","url":"https:\/\/secure.gravatar.com\/avatar\/b1ee285506e2cb880ec988990d360e255aecb31c77212741dace1023623610c2?s=96&d=mm&r=g","contentUrl":"https:\/\/secure.gravatar.com\/avatar\/b1ee285506e2cb880ec988990d360e255aecb31c77212741dace1023623610c2?s=96&d=mm&r=g","caption":"Groupe local Paillon-B\u00e9v\u00e9ra"},"url":"https:\/\/paca.lpo.fr\/blogs\/nice\/author\/alpesmaritimesest\/"}]}},"jetpack_featured_media_url":"https:\/\/paca.lpo.fr\/blogs\/nice\/files\/2016\/02\/13-11-03-119-Copie.jpg","_links":{"self":[{"href":"https:\/\/paca.lpo.fr\/blogs\/nice\/wp-json\/wp\/v2\/posts\/1449","targetHints":{"allow":["GET"]}}],"collection":[{"href":"https:\/\/paca.lpo.fr\/blogs\/nice\/wp-json\/wp\/v2\/posts"}],"about":[{"href":"https:\/\/paca.lpo.fr\/blogs\/nice\/wp-json\/wp\/v2\/types\/post"}],"author":[{"embeddable":true,"href":"https:\/\/paca.lpo.fr\/blogs\/nice\/wp-json\/wp\/v2\/users\/15"}],"replies":[{"embeddable":true,"href":"https:\/\/paca.lpo.fr\/blogs\/nice\/wp-json\/wp\/v2\/comments?post=1449"}],"version-history":[{"count":1,"href":"https:\/\/paca.lpo.fr\/blogs\/nice\/wp-json\/wp\/v2\/posts\/1449\/revisions"}],"predecessor-version":[{"id":1453,"href":"https:\/\/paca.lpo.fr\/blogs\/nice\/wp-json\/wp\/v2\/posts\/1449\/revisions\/1453"}],"wp:featuredmedia":[{"embeddable":true,"href":"https:\/\/paca.lpo.fr\/blogs\/nice\/wp-json\/wp\/v2\/media\/1450"}],"wp:attachment":[{"href":"https:\/\/paca.lpo.fr\/blogs\/nice\/wp-json\/wp\/v2\/media?parent=1449"}],"wp:term":[{"taxonomy":"category","embeddable":true,"href":"https:\/\/paca.lpo.fr\/blogs\/nice\/wp-json\/wp\/v2\/categories?post=1449"},{"taxonomy":"post_tag","embeddable":true,"href":"https:\/\/paca.lpo.fr\/blogs\/nice\/wp-json\/wp\/v2\/tags?post=1449"}],"curies":[{"name":"wp","href":"https:\/\/api.w.org\/{rel}","templated":true}]}}