{"id":1462,"date":"2016-03-29T21:30:54","date_gmt":"2016-03-29T20:30:54","guid":{"rendered":"https:\/\/paca.lpo.fr\/blogs\/nice\/?p=1462"},"modified":"2016-03-30T14:49:28","modified_gmt":"2016-03-30T13:49:28","slug":"journee-migration-prenuptiale","status":"publish","type":"post","link":"https:\/\/paca.lpo.fr\/blogs\/nice\/2016\/03\/29\/journee-migration-prenuptiale\/","title":{"rendered":"Journ\u00e9e migration pr\u00e9nuptiale"},"content":{"rendered":"<p>Une mauvaise m\u00e9t\u00e9o le 16 mars nous a oblig\u00e9s \u00e0 reporter cette sortie au 18, bien dommage pour 4 participants qui n&rsquo;ont pas pu se joindre \u00e0 nous. Depuis l&rsquo;entr\u00e9e du parc naturel au dessus de l&rsquo;Aire St Michel notre petit groupe est mont\u00e9 vers le Mont Chauve pour trouver un poste d&rsquo;observation connu pour les passages d&rsquo;oiseaux migrateurs, notamment les circa\u00e8tes \u00e0 cette \u00e9poque. 19 circa\u00e8tes seulement sont pass\u00e9s, trop loin, mais nous avons eu la chance d&rsquo;en voir un de pr\u00e8s puisqu&rsquo;il est venu se poser sur un pyl\u00f4ne tout pr\u00e8s de nous.<\/p>\n<p><img loading=\"lazy\" decoding=\"async\" class=\"size-medium wp-image-1463\" src=\"https:\/\/paca.lpo.fr\/blogs\/nice\/files\/2016\/03\/BLOG16-03-18StMichel-MontChauve-005-Copie-480x374.jpg\" alt=\"????????????????????????????????????\" width=\"480\" height=\"374\" srcset=\"https:\/\/paca.lpo.fr\/blogs\/nice\/files\/2016\/03\/BLOG16-03-18StMichel-MontChauve-005-Copie-480x374.jpg 480w, https:\/\/paca.lpo.fr\/blogs\/nice\/files\/2016\/03\/BLOG16-03-18StMichel-MontChauve-005-Copie-768x598.jpg 768w, https:\/\/paca.lpo.fr\/blogs\/nice\/files\/2016\/03\/BLOG16-03-18StMichel-MontChauve-005-Copie-960x748.jpg 960w, https:\/\/paca.lpo.fr\/blogs\/nice\/files\/2016\/03\/BLOG16-03-18StMichel-MontChauve-005-Copie-700x545.jpg 700w, https:\/\/paca.lpo.fr\/blogs\/nice\/files\/2016\/03\/BLOG16-03-18StMichel-MontChauve-005-Copie.jpg 1000w\" sizes=\"auto, (max-width: 480px) 100vw, 480px\" \/><\/p>\n<p>Des vautours tournaient et se posaient sur les murs du fort et un faucon cr\u00e9cerelle nous a permis de le regarder manger sa proie. Moins de passages de migrateurs pour notre sortie et moins de passereaux que les ann\u00e9es pr\u00e9c\u00e9dentes \u00e0 la m\u00eame \u00e9poque et au m\u00eame endroit, mais une belle\u00a0journ\u00e9e ensoleill\u00e9e.<\/p>\n<p><img loading=\"lazy\" decoding=\"async\" class=\"alignnone size-medium wp-image-1464\" src=\"https:\/\/paca.lpo.fr\/blogs\/nice\/files\/2016\/03\/BLOG16-03-18s-010-Copie-480x324.jpg\" alt=\"BLOG16-03-18s 010 - Copie\" width=\"480\" height=\"324\" srcset=\"https:\/\/paca.lpo.fr\/blogs\/nice\/files\/2016\/03\/BLOG16-03-18s-010-Copie-480x324.jpg 480w, https:\/\/paca.lpo.fr\/blogs\/nice\/files\/2016\/03\/BLOG16-03-18s-010-Copie-768x519.jpg 768w, https:\/\/paca.lpo.fr\/blogs\/nice\/files\/2016\/03\/BLOG16-03-18s-010-Copie-960x649.jpg 960w, https:\/\/paca.lpo.fr\/blogs\/nice\/files\/2016\/03\/BLOG16-03-18s-010-Copie-700x473.jpg 700w, https:\/\/paca.lpo.fr\/blogs\/nice\/files\/2016\/03\/BLOG16-03-18s-010-Copie.jpg 1000w\" sizes=\"auto, (max-width: 480px) 100vw, 480px\" \/><\/p>\n","protected":false},"excerpt":{"rendered":"<p>Une mauvaise m\u00e9t\u00e9o le 16 mars nous a oblig\u00e9s \u00e0 reporter cette sortie au 18, bien dommage pour 4 participants qui n&rsquo;ont pas pu se joindre \u00e0 nous. Depuis l&rsquo;entr\u00e9e du parc naturel au dessus de l&rsquo;Aire St Michel notre petit groupe est mont\u00e9 vers le Mont Chauve pour trouver un poste d&rsquo;observation connu pour [&hellip;]<\/p>\n","protected":false},"author":15,"featured_media":1465,"comment_status":"open","ping_status":"open","sticky":false,"template":"","format":"standard","meta":{"footnotes":""},"categories":[1],"tags":[],"class_list":["post-1462","post","type-post","status-publish","format-standard","has-post-thumbnail","hentry","category-sorties-nature"],"yoast_head":"<!-- This site is optimized with the Yoast SEO plugin v28.3 - https:\/\/yoast.com\/product\/yoast-seo-wordpress\/ -->\n<title>Journ\u00e9e migration pr\u00e9nuptiale - Groupe local Nice<\/title>\n<meta name=\"robots\" content=\"index, follow, max-snippet:-1, max-image-preview:large, max-video-preview:-1\" \/>\n<link rel=\"canonical\" href=\"https:\/\/paca.lpo.fr\/blogs\/nice\/2016\/03\/29\/journee-migration-prenuptiale\/\" \/>\n<meta property=\"og:locale\" content=\"fr_FR\" \/>\n<meta property=\"og:type\" content=\"article\" \/>\n<meta property=\"og:title\" content=\"Journ\u00e9e migration pr\u00e9nuptiale - Groupe local Nice\" \/>\n<meta property=\"og:description\" content=\"Une mauvaise m\u00e9t\u00e9o le 16 mars nous a oblig\u00e9s \u00e0 reporter cette sortie au 18, bien dommage pour 4 participants qui n&rsquo;ont pas pu se joindre \u00e0 nous. Depuis l&rsquo;entr\u00e9e du parc naturel au dessus de l&rsquo;Aire St Michel notre petit groupe est mont\u00e9 vers le Mont Chauve pour trouver un poste d&rsquo;observation connu pour [&hellip;]\" \/>\n<meta property=\"og:url\" content=\"https:\/\/paca.lpo.fr\/blogs\/nice\/2016\/03\/29\/journee-migration-prenuptiale\/\" \/>\n<meta property=\"og:site_name\" content=\"Groupe local Nice\" \/>\n<meta property=\"article:published_time\" content=\"2016-03-29T20:30:54+00:00\" \/>\n<meta property=\"article:modified_time\" content=\"2016-03-30T13:49:28+00:00\" \/>\n<meta property=\"og:image\" content=\"https:\/\/paca.lpo.fr\/blogs\/nice\/files\/2016\/03\/BLOG16-03-18StMichel-MontChauve-groupe.jpg\" \/>\n\t<meta property=\"og:image:width\" content=\"1234\" \/>\n\t<meta property=\"og:image:height\" content=\"855\" \/>\n\t<meta property=\"og:image:type\" content=\"image\/jpeg\" \/>\n<meta name=\"author\" content=\"Groupe local Paillon-B\u00e9v\u00e9ra\" \/>\n<meta name=\"twitter:card\" content=\"summary_large_image\" \/>\n<meta name=\"twitter:label1\" content=\"\u00c9crit par\" \/>\n\t<meta name=\"twitter:data1\" content=\"Groupe local Paillon-B\u00e9v\u00e9ra\" \/>\n\t<meta name=\"twitter:label2\" content=\"Dur\u00e9e de lecture estim\u00e9e\" \/>\n\t<meta name=\"twitter:data2\" content=\"1 minute\" \/>\n<script type=\"application\/ld+json\" class=\"yoast-schema-graph\">{\"@context\":\"https:\\\/\\\/schema.org\",\"@graph\":[{\"@type\":\"Article\",\"@id\":\"https:\\\/\\\/paca.lpo.fr\\\/blogs\\\/nice\\\/2016\\\/03\\\/29\\\/journee-migration-prenuptiale\\\/#article\",\"isPartOf\":{\"@id\":\"https:\\\/\\\/paca.lpo.fr\\\/blogs\\\/nice\\\/2016\\\/03\\\/29\\\/journee-migration-prenuptiale\\\/\"},\"author\":{\"name\":\"Groupe local Paillon-B\u00e9v\u00e9ra\",\"@id\":\"https:\\\/\\\/paca.lpo.fr\\\/blogs\\\/nice\\\/#\\\/schema\\\/person\\\/1bda33335fb71e0b3552487db26a4c56\"},\"headline\":\"Journ\u00e9e migration pr\u00e9nuptiale\",\"datePublished\":\"2016-03-29T20:30:54+00:00\",\"dateModified\":\"2016-03-30T13:49:28+00:00\",\"mainEntityOfPage\":{\"@id\":\"https:\\\/\\\/paca.lpo.fr\\\/blogs\\\/nice\\\/2016\\\/03\\\/29\\\/journee-migration-prenuptiale\\\/\"},\"wordCount\":170,\"commentCount\":0,\"publisher\":{\"@id\":\"https:\\\/\\\/paca.lpo.fr\\\/blogs\\\/nice\\\/#organization\"},\"image\":{\"@id\":\"https:\\\/\\\/paca.lpo.fr\\\/blogs\\\/nice\\\/2016\\\/03\\\/29\\\/journee-migration-prenuptiale\\\/#primaryimage\"},\"thumbnailUrl\":\"https:\\\/\\\/paca.lpo.fr\\\/blogs\\\/nice\\\/files\\\/2016\\\/03\\\/BLOG16-03-18StMichel-MontChauve-groupe.jpg\",\"articleSection\":[\"grands \u00e9v\u00e8nements\"],\"inLanguage\":\"fr-FR\",\"potentialAction\":[{\"@type\":\"CommentAction\",\"name\":\"Comment\",\"target\":[\"https:\\\/\\\/paca.lpo.fr\\\/blogs\\\/nice\\\/2016\\\/03\\\/29\\\/journee-migration-prenuptiale\\\/#respond\"]}]},{\"@type\":\"WebPage\",\"@id\":\"https:\\\/\\\/paca.lpo.fr\\\/blogs\\\/nice\\\/2016\\\/03\\\/29\\\/journee-migration-prenuptiale\\\/\",\"url\":\"https:\\\/\\\/paca.lpo.fr\\\/blogs\\\/nice\\\/2016\\\/03\\\/29\\\/journee-migration-prenuptiale\\\/\",\"name\":\"Journ\u00e9e migration pr\u00e9nuptiale - Groupe local Nice\",\"isPartOf\":{\"@id\":\"https:\\\/\\\/paca.lpo.fr\\\/blogs\\\/nice\\\/#website\"},\"primaryImageOfPage\":{\"@id\":\"https:\\\/\\\/paca.lpo.fr\\\/blogs\\\/nice\\\/2016\\\/03\\\/29\\\/journee-migration-prenuptiale\\\/#primaryimage\"},\"image\":{\"@id\":\"https:\\\/\\\/paca.lpo.fr\\\/blogs\\\/nice\\\/2016\\\/03\\\/29\\\/journee-migration-prenuptiale\\\/#primaryimage\"},\"thumbnailUrl\":\"https:\\\/\\\/paca.lpo.fr\\\/blogs\\\/nice\\\/files\\\/2016\\\/03\\\/BLOG16-03-18StMichel-MontChauve-groupe.jpg\",\"datePublished\":\"2016-03-29T20:30:54+00:00\",\"dateModified\":\"2016-03-30T13:49:28+00:00\",\"breadcrumb\":{\"@id\":\"https:\\\/\\\/paca.lpo.fr\\\/blogs\\\/nice\\\/2016\\\/03\\\/29\\\/journee-migration-prenuptiale\\\/#breadcrumb\"},\"inLanguage\":\"fr-FR\",\"potentialAction\":[{\"@type\":\"ReadAction\",\"target\":[\"https:\\\/\\\/paca.lpo.fr\\\/blogs\\\/nice\\\/2016\\\/03\\\/29\\\/journee-migration-prenuptiale\\\/\"]}]},{\"@type\":\"ImageObject\",\"inLanguage\":\"fr-FR\",\"@id\":\"https:\\\/\\\/paca.lpo.fr\\\/blogs\\\/nice\\\/2016\\\/03\\\/29\\\/journee-migration-prenuptiale\\\/#primaryimage\",\"url\":\"https:\\\/\\\/paca.lpo.fr\\\/blogs\\\/nice\\\/files\\\/2016\\\/03\\\/BLOG16-03-18StMichel-MontChauve-groupe.jpg\",\"contentUrl\":\"https:\\\/\\\/paca.lpo.fr\\\/blogs\\\/nice\\\/files\\\/2016\\\/03\\\/BLOG16-03-18StMichel-MontChauve-groupe.jpg\",\"width\":1234,\"height\":855,\"caption\":\"????????????????????????????????????\"},{\"@type\":\"BreadcrumbList\",\"@id\":\"https:\\\/\\\/paca.lpo.fr\\\/blogs\\\/nice\\\/2016\\\/03\\\/29\\\/journee-migration-prenuptiale\\\/#breadcrumb\",\"itemListElement\":[{\"@type\":\"ListItem\",\"position\":1,\"name\":\"Accueil\",\"item\":\"https:\\\/\\\/paca.lpo.fr\\\/blogs\\\/nice\\\/\"},{\"@type\":\"ListItem\",\"position\":2,\"name\":\"Journ\u00e9e migration pr\u00e9nuptiale\"}]},{\"@type\":\"WebSite\",\"@id\":\"https:\\\/\\\/paca.lpo.fr\\\/blogs\\\/nice\\\/#website\",\"url\":\"https:\\\/\\\/paca.lpo.fr\\\/blogs\\\/nice\\\/\",\"name\":\"Groupe local Nice\",\"description\":\"Groupe local Nice\",\"publisher\":{\"@id\":\"https:\\\/\\\/paca.lpo.fr\\\/blogs\\\/nice\\\/#organization\"},\"potentialAction\":[{\"@type\":\"SearchAction\",\"target\":{\"@type\":\"EntryPoint\",\"urlTemplate\":\"https:\\\/\\\/paca.lpo.fr\\\/blogs\\\/nice\\\/?s={search_term_string}\"},\"query-input\":{\"@type\":\"PropertyValueSpecification\",\"valueRequired\":true,\"valueName\":\"search_term_string\"}}],\"inLanguage\":\"fr-FR\"},{\"@type\":\"Organization\",\"@id\":\"https:\\\/\\\/paca.lpo.fr\\\/blogs\\\/nice\\\/#organization\",\"name\":\"Groupe local Nice\",\"url\":\"https:\\\/\\\/paca.lpo.fr\\\/blogs\\\/nice\\\/\",\"logo\":{\"@type\":\"ImageObject\",\"inLanguage\":\"fr-FR\",\"@id\":\"https:\\\/\\\/paca.lpo.fr\\\/blogs\\\/nice\\\/#\\\/schema\\\/logo\\\/image\\\/\",\"url\":\"https:\\\/\\\/paca.lpo.fr\\\/blogs\\\/nice\\\/files\\\/2024\\\/01\\\/cropped-rvb-lpo-paca-logotype-signature-droite-mini-500.jpg\",\"contentUrl\":\"https:\\\/\\\/paca.lpo.fr\\\/blogs\\\/nice\\\/files\\\/2024\\\/01\\\/cropped-rvb-lpo-paca-logotype-signature-droite-mini-500.jpg\",\"width\":500,\"height\":210,\"caption\":\"Groupe local Nice\"},\"image\":{\"@id\":\"https:\\\/\\\/paca.lpo.fr\\\/blogs\\\/nice\\\/#\\\/schema\\\/logo\\\/image\\\/\"}},{\"@type\":\"Person\",\"@id\":\"https:\\\/\\\/paca.lpo.fr\\\/blogs\\\/nice\\\/#\\\/schema\\\/person\\\/1bda33335fb71e0b3552487db26a4c56\",\"name\":\"Groupe local Paillon-B\u00e9v\u00e9ra\",\"image\":{\"@type\":\"ImageObject\",\"inLanguage\":\"fr-FR\",\"@id\":\"https:\\\/\\\/secure.gravatar.com\\\/avatar\\\/b1ee285506e2cb880ec988990d360e255aecb31c77212741dace1023623610c2?s=96&d=mm&r=g\",\"url\":\"https:\\\/\\\/secure.gravatar.com\\\/avatar\\\/b1ee285506e2cb880ec988990d360e255aecb31c77212741dace1023623610c2?s=96&d=mm&r=g\",\"contentUrl\":\"https:\\\/\\\/secure.gravatar.com\\\/avatar\\\/b1ee285506e2cb880ec988990d360e255aecb31c77212741dace1023623610c2?s=96&d=mm&r=g\",\"caption\":\"Groupe local Paillon-B\u00e9v\u00e9ra\"},\"url\":\"https:\\\/\\\/paca.lpo.fr\\\/blogs\\\/nice\\\/author\\\/alpesmaritimesest\\\/\"}]}<\/script>\n<!-- \/ Yoast SEO plugin. -->","yoast_head_json":{"title":"Journ\u00e9e migration pr\u00e9nuptiale - Groupe local Nice","robots":{"index":"index","follow":"follow","max-snippet":"max-snippet:-1","max-image-preview":"max-image-preview:large","max-video-preview":"max-video-preview:-1"},"canonical":"https:\/\/paca.lpo.fr\/blogs\/nice\/2016\/03\/29\/journee-migration-prenuptiale\/","og_locale":"fr_FR","og_type":"article","og_title":"Journ\u00e9e migration pr\u00e9nuptiale - Groupe local Nice","og_description":"Une mauvaise m\u00e9t\u00e9o le 16 mars nous a oblig\u00e9s \u00e0 reporter cette sortie au 18, bien dommage pour 4 participants qui n&rsquo;ont pas pu se joindre \u00e0 nous. Depuis l&rsquo;entr\u00e9e du parc naturel au dessus de l&rsquo;Aire St Michel notre petit groupe est mont\u00e9 vers le Mont Chauve pour trouver un poste d&rsquo;observation connu pour [&hellip;]","og_url":"https:\/\/paca.lpo.fr\/blogs\/nice\/2016\/03\/29\/journee-migration-prenuptiale\/","og_site_name":"Groupe local Nice","article_published_time":"2016-03-29T20:30:54+00:00","article_modified_time":"2016-03-30T13:49:28+00:00","og_image":[{"width":1234,"height":855,"url":"https:\/\/paca.lpo.fr\/blogs\/nice\/files\/2016\/03\/BLOG16-03-18StMichel-MontChauve-groupe.jpg","type":"image\/jpeg"}],"author":"Groupe local Paillon-B\u00e9v\u00e9ra","twitter_card":"summary_large_image","twitter_misc":{"\u00c9crit par":"Groupe local Paillon-B\u00e9v\u00e9ra","Dur\u00e9e de lecture estim\u00e9e":"1 minute"},"schema":{"@context":"https:\/\/schema.org","@graph":[{"@type":"Article","@id":"https:\/\/paca.lpo.fr\/blogs\/nice\/2016\/03\/29\/journee-migration-prenuptiale\/#article","isPartOf":{"@id":"https:\/\/paca.lpo.fr\/blogs\/nice\/2016\/03\/29\/journee-migration-prenuptiale\/"},"author":{"name":"Groupe local Paillon-B\u00e9v\u00e9ra","@id":"https:\/\/paca.lpo.fr\/blogs\/nice\/#\/schema\/person\/1bda33335fb71e0b3552487db26a4c56"},"headline":"Journ\u00e9e migration pr\u00e9nuptiale","datePublished":"2016-03-29T20:30:54+00:00","dateModified":"2016-03-30T13:49:28+00:00","mainEntityOfPage":{"@id":"https:\/\/paca.lpo.fr\/blogs\/nice\/2016\/03\/29\/journee-migration-prenuptiale\/"},"wordCount":170,"commentCount":0,"publisher":{"@id":"https:\/\/paca.lpo.fr\/blogs\/nice\/#organization"},"image":{"@id":"https:\/\/paca.lpo.fr\/blogs\/nice\/2016\/03\/29\/journee-migration-prenuptiale\/#primaryimage"},"thumbnailUrl":"https:\/\/paca.lpo.fr\/blogs\/nice\/files\/2016\/03\/BLOG16-03-18StMichel-MontChauve-groupe.jpg","articleSection":["grands \u00e9v\u00e8nements"],"inLanguage":"fr-FR","potentialAction":[{"@type":"CommentAction","name":"Comment","target":["https:\/\/paca.lpo.fr\/blogs\/nice\/2016\/03\/29\/journee-migration-prenuptiale\/#respond"]}]},{"@type":"WebPage","@id":"https:\/\/paca.lpo.fr\/blogs\/nice\/2016\/03\/29\/journee-migration-prenuptiale\/","url":"https:\/\/paca.lpo.fr\/blogs\/nice\/2016\/03\/29\/journee-migration-prenuptiale\/","name":"Journ\u00e9e migration pr\u00e9nuptiale - Groupe local Nice","isPartOf":{"@id":"https:\/\/paca.lpo.fr\/blogs\/nice\/#website"},"primaryImageOfPage":{"@id":"https:\/\/paca.lpo.fr\/blogs\/nice\/2016\/03\/29\/journee-migration-prenuptiale\/#primaryimage"},"image":{"@id":"https:\/\/paca.lpo.fr\/blogs\/nice\/2016\/03\/29\/journee-migration-prenuptiale\/#primaryimage"},"thumbnailUrl":"https:\/\/paca.lpo.fr\/blogs\/nice\/files\/2016\/03\/BLOG16-03-18StMichel-MontChauve-groupe.jpg","datePublished":"2016-03-29T20:30:54+00:00","dateModified":"2016-03-30T13:49:28+00:00","breadcrumb":{"@id":"https:\/\/paca.lpo.fr\/blogs\/nice\/2016\/03\/29\/journee-migration-prenuptiale\/#breadcrumb"},"inLanguage":"fr-FR","potentialAction":[{"@type":"ReadAction","target":["https:\/\/paca.lpo.fr\/blogs\/nice\/2016\/03\/29\/journee-migration-prenuptiale\/"]}]},{"@type":"ImageObject","inLanguage":"fr-FR","@id":"https:\/\/paca.lpo.fr\/blogs\/nice\/2016\/03\/29\/journee-migration-prenuptiale\/#primaryimage","url":"https:\/\/paca.lpo.fr\/blogs\/nice\/files\/2016\/03\/BLOG16-03-18StMichel-MontChauve-groupe.jpg","contentUrl":"https:\/\/paca.lpo.fr\/blogs\/nice\/files\/2016\/03\/BLOG16-03-18StMichel-MontChauve-groupe.jpg","width":1234,"height":855,"caption":"????????????????????????????????????"},{"@type":"BreadcrumbList","@id":"https:\/\/paca.lpo.fr\/blogs\/nice\/2016\/03\/29\/journee-migration-prenuptiale\/#breadcrumb","itemListElement":[{"@type":"ListItem","position":1,"name":"Accueil","item":"https:\/\/paca.lpo.fr\/blogs\/nice\/"},{"@type":"ListItem","position":2,"name":"Journ\u00e9e migration pr\u00e9nuptiale"}]},{"@type":"WebSite","@id":"https:\/\/paca.lpo.fr\/blogs\/nice\/#website","url":"https:\/\/paca.lpo.fr\/blogs\/nice\/","name":"Groupe local Nice","description":"Groupe local Nice","publisher":{"@id":"https:\/\/paca.lpo.fr\/blogs\/nice\/#organization"},"potentialAction":[{"@type":"SearchAction","target":{"@type":"EntryPoint","urlTemplate":"https:\/\/paca.lpo.fr\/blogs\/nice\/?s={search_term_string}"},"query-input":{"@type":"PropertyValueSpecification","valueRequired":true,"valueName":"search_term_string"}}],"inLanguage":"fr-FR"},{"@type":"Organization","@id":"https:\/\/paca.lpo.fr\/blogs\/nice\/#organization","name":"Groupe local Nice","url":"https:\/\/paca.lpo.fr\/blogs\/nice\/","logo":{"@type":"ImageObject","inLanguage":"fr-FR","@id":"https:\/\/paca.lpo.fr\/blogs\/nice\/#\/schema\/logo\/image\/","url":"https:\/\/paca.lpo.fr\/blogs\/nice\/files\/2024\/01\/cropped-rvb-lpo-paca-logotype-signature-droite-mini-500.jpg","contentUrl":"https:\/\/paca.lpo.fr\/blogs\/nice\/files\/2024\/01\/cropped-rvb-lpo-paca-logotype-signature-droite-mini-500.jpg","width":500,"height":210,"caption":"Groupe local Nice"},"image":{"@id":"https:\/\/paca.lpo.fr\/blogs\/nice\/#\/schema\/logo\/image\/"}},{"@type":"Person","@id":"https:\/\/paca.lpo.fr\/blogs\/nice\/#\/schema\/person\/1bda33335fb71e0b3552487db26a4c56","name":"Groupe local Paillon-B\u00e9v\u00e9ra","image":{"@type":"ImageObject","inLanguage":"fr-FR","@id":"https:\/\/secure.gravatar.com\/avatar\/b1ee285506e2cb880ec988990d360e255aecb31c77212741dace1023623610c2?s=96&d=mm&r=g","url":"https:\/\/secure.gravatar.com\/avatar\/b1ee285506e2cb880ec988990d360e255aecb31c77212741dace1023623610c2?s=96&d=mm&r=g","contentUrl":"https:\/\/secure.gravatar.com\/avatar\/b1ee285506e2cb880ec988990d360e255aecb31c77212741dace1023623610c2?s=96&d=mm&r=g","caption":"Groupe local Paillon-B\u00e9v\u00e9ra"},"url":"https:\/\/paca.lpo.fr\/blogs\/nice\/author\/alpesmaritimesest\/"}]}},"jetpack_featured_media_url":"https:\/\/paca.lpo.fr\/blogs\/nice\/files\/2016\/03\/BLOG16-03-18StMichel-MontChauve-groupe.jpg","_links":{"self":[{"href":"https:\/\/paca.lpo.fr\/blogs\/nice\/wp-json\/wp\/v2\/posts\/1462","targetHints":{"allow":["GET"]}}],"collection":[{"href":"https:\/\/paca.lpo.fr\/blogs\/nice\/wp-json\/wp\/v2\/posts"}],"about":[{"href":"https:\/\/paca.lpo.fr\/blogs\/nice\/wp-json\/wp\/v2\/types\/post"}],"author":[{"embeddable":true,"href":"https:\/\/paca.lpo.fr\/blogs\/nice\/wp-json\/wp\/v2\/users\/15"}],"replies":[{"embeddable":true,"href":"https:\/\/paca.lpo.fr\/blogs\/nice\/wp-json\/wp\/v2\/comments?post=1462"}],"version-history":[{"count":2,"href":"https:\/\/paca.lpo.fr\/blogs\/nice\/wp-json\/wp\/v2\/posts\/1462\/revisions"}],"predecessor-version":[{"id":1467,"href":"https:\/\/paca.lpo.fr\/blogs\/nice\/wp-json\/wp\/v2\/posts\/1462\/revisions\/1467"}],"wp:featuredmedia":[{"embeddable":true,"href":"https:\/\/paca.lpo.fr\/blogs\/nice\/wp-json\/wp\/v2\/media\/1465"}],"wp:attachment":[{"href":"https:\/\/paca.lpo.fr\/blogs\/nice\/wp-json\/wp\/v2\/media?parent=1462"}],"wp:term":[{"taxonomy":"category","embeddable":true,"href":"https:\/\/paca.lpo.fr\/blogs\/nice\/wp-json\/wp\/v2\/categories?post=1462"},{"taxonomy":"post_tag","embeddable":true,"href":"https:\/\/paca.lpo.fr\/blogs\/nice\/wp-json\/wp\/v2\/tags?post=1462"}],"curies":[{"name":"wp","href":"https:\/\/api.w.org\/{rel}","templated":true}]}}