{"id":1481,"date":"2016-06-01T10:26:25","date_gmt":"2016-06-01T09:26:25","guid":{"rendered":"https:\/\/paca.lpo.fr\/blogs\/nice\/?p=1481"},"modified":"2016-06-01T10:26:25","modified_gmt":"2016-06-01T09:26:25","slug":"mise-en-refuge-lpo-du-domaine-de-maure-vieil-a-mandelieu","status":"publish","type":"post","link":"https:\/\/paca.lpo.fr\/blogs\/nice\/2016\/06\/01\/mise-en-refuge-lpo-du-domaine-de-maure-vieil-a-mandelieu\/","title":{"rendered":"Mise en refuge LPO du Domaine de Maure Vieil \u00e0 Mandelieu"},"content":{"rendered":"<p><span style=\"color: #000000;font-family: Times New Roman;font-size: medium\">Le 30 avril nous \u00e9tions 4 b\u00e9n\u00e9voles du GL, arriv\u00e9s \u00e0 9h30 nous sommes repartis \u00e0 18h00 pour les derniers. La matin\u00e9e s&rsquo;est d\u00e9roul\u00e9e autour de l&rsquo;information sur la LPO, des \u00e9changes avec les r\u00e9sidents du domaine sur les oiseaux vus ou pr\u00e9sents sur le site, les serpents. Un power-point sur les refuges LPO a \u00e9t\u00e9 pr\u00e9sent\u00e9 au 22 adultes et 15 enfants qui sont venus nous rencontrer. L&rsquo;apr\u00e8s-midi Alain et Manon ont encadr\u00e9 une petite randonn\u00e9e de 2 heures sur le domaine avec 15 r\u00e9sidents participants\u00a0: reconnaissance des v\u00e9g\u00e9taux m\u00e9diterran\u00e9ens, des plantes envahissantes, des orchid\u00e9es, asphod\u00e8les en pleine floraison, cystes, etc. Pas beaucoup d&rsquo;observations faites mais les r\u00e9sidents disent qu&rsquo;il y a pas mal d&rsquo;esp\u00e8ces pr\u00e9sentes. Ils attendent l\u2019inventaire.<img loading=\"lazy\" decoding=\"async\" class=\"alignnone size-medium wp-image-1482\" src=\"https:\/\/paca.lpo.fr\/blogs\/nice\/files\/2016\/06\/16-04-30-008-Copie-480x341.jpg\" alt=\"16-04-30 008 - Copie\" width=\"480\" height=\"341\" srcset=\"https:\/\/paca.lpo.fr\/blogs\/nice\/files\/2016\/06\/16-04-30-008-Copie-480x341.jpg 480w, https:\/\/paca.lpo.fr\/blogs\/nice\/files\/2016\/06\/16-04-30-008-Copie-700x498.jpg 700w, https:\/\/paca.lpo.fr\/blogs\/nice\/files\/2016\/06\/16-04-30-008-Copie.jpg 702w\" sizes=\"auto, (max-width: 480px) 100vw, 480px\" \/><\/span><\/p>\n","protected":false},"excerpt":{"rendered":"<p>Le 30 avril nous \u00e9tions 4 b\u00e9n\u00e9voles du GL, arriv\u00e9s \u00e0 9h30 nous sommes repartis \u00e0 18h00 pour les derniers. La matin\u00e9e s&rsquo;est d\u00e9roul\u00e9e autour de l&rsquo;information sur la LPO, des \u00e9changes avec les r\u00e9sidents du domaine sur les oiseaux vus ou pr\u00e9sents sur le site, les serpents. Un power-point sur les refuges LPO a [&hellip;]<\/p>\n","protected":false},"author":15,"featured_media":1483,"comment_status":"open","ping_status":"open","sticky":false,"template":"","format":"standard","meta":{"footnotes":""},"categories":[3],"tags":[],"class_list":["post-1481","post","type-post","status-publish","format-standard","has-post-thumbnail","hentry","category-vie-groupe"],"yoast_head":"<!-- This site is optimized with the Yoast SEO plugin v28.3 - https:\/\/yoast.com\/product\/yoast-seo-wordpress\/ -->\n<title>Mise en refuge LPO du Domaine de Maure Vieil \u00e0 Mandelieu - Groupe local Nice<\/title>\n<meta name=\"robots\" content=\"index, follow, max-snippet:-1, max-image-preview:large, max-video-preview:-1\" \/>\n<link rel=\"canonical\" href=\"https:\/\/paca.lpo.fr\/blogs\/nice\/2016\/06\/01\/mise-en-refuge-lpo-du-domaine-de-maure-vieil-a-mandelieu\/\" \/>\n<meta property=\"og:locale\" content=\"fr_FR\" \/>\n<meta property=\"og:type\" content=\"article\" \/>\n<meta property=\"og:title\" content=\"Mise en refuge LPO du Domaine de Maure Vieil \u00e0 Mandelieu - Groupe local Nice\" \/>\n<meta property=\"og:description\" content=\"Le 30 avril nous \u00e9tions 4 b\u00e9n\u00e9voles du GL, arriv\u00e9s \u00e0 9h30 nous sommes repartis \u00e0 18h00 pour les derniers. La matin\u00e9e s&rsquo;est d\u00e9roul\u00e9e autour de l&rsquo;information sur la LPO, des \u00e9changes avec les r\u00e9sidents du domaine sur les oiseaux vus ou pr\u00e9sents sur le site, les serpents. Un power-point sur les refuges LPO a [&hellip;]\" \/>\n<meta property=\"og:url\" content=\"https:\/\/paca.lpo.fr\/blogs\/nice\/2016\/06\/01\/mise-en-refuge-lpo-du-domaine-de-maure-vieil-a-mandelieu\/\" \/>\n<meta property=\"og:site_name\" content=\"Groupe local Nice\" \/>\n<meta property=\"article:published_time\" content=\"2016-06-01T09:26:25+00:00\" \/>\n<meta property=\"og:image\" content=\"https:\/\/paca.lpo.fr\/blogs\/nice\/files\/2016\/06\/16-04-30-005-Copie.jpg\" \/>\n\t<meta property=\"og:image:width\" content=\"596\" \/>\n\t<meta property=\"og:image:height\" content=\"447\" \/>\n\t<meta property=\"og:image:type\" content=\"image\/jpeg\" \/>\n<meta name=\"author\" content=\"Groupe local Paillon-B\u00e9v\u00e9ra\" \/>\n<meta name=\"twitter:card\" content=\"summary_large_image\" \/>\n<meta name=\"twitter:label1\" content=\"\u00c9crit par\" \/>\n\t<meta name=\"twitter:data1\" content=\"Groupe local Paillon-B\u00e9v\u00e9ra\" \/>\n\t<meta name=\"twitter:label2\" content=\"Dur\u00e9e de lecture estim\u00e9e\" \/>\n\t<meta name=\"twitter:data2\" content=\"1 minute\" \/>\n<script type=\"application\/ld+json\" class=\"yoast-schema-graph\">{\"@context\":\"https:\\\/\\\/schema.org\",\"@graph\":[{\"@type\":\"Article\",\"@id\":\"https:\\\/\\\/paca.lpo.fr\\\/blogs\\\/nice\\\/2016\\\/06\\\/01\\\/mise-en-refuge-lpo-du-domaine-de-maure-vieil-a-mandelieu\\\/#article\",\"isPartOf\":{\"@id\":\"https:\\\/\\\/paca.lpo.fr\\\/blogs\\\/nice\\\/2016\\\/06\\\/01\\\/mise-en-refuge-lpo-du-domaine-de-maure-vieil-a-mandelieu\\\/\"},\"author\":{\"name\":\"Groupe local Paillon-B\u00e9v\u00e9ra\",\"@id\":\"https:\\\/\\\/paca.lpo.fr\\\/blogs\\\/nice\\\/#\\\/schema\\\/person\\\/1bda33335fb71e0b3552487db26a4c56\"},\"headline\":\"Mise en refuge LPO du Domaine de Maure Vieil \u00e0 Mandelieu\",\"datePublished\":\"2016-06-01T09:26:25+00:00\",\"mainEntityOfPage\":{\"@id\":\"https:\\\/\\\/paca.lpo.fr\\\/blogs\\\/nice\\\/2016\\\/06\\\/01\\\/mise-en-refuge-lpo-du-domaine-de-maure-vieil-a-mandelieu\\\/\"},\"wordCount\":150,\"commentCount\":0,\"publisher\":{\"@id\":\"https:\\\/\\\/paca.lpo.fr\\\/blogs\\\/nice\\\/#organization\"},\"image\":{\"@id\":\"https:\\\/\\\/paca.lpo.fr\\\/blogs\\\/nice\\\/2016\\\/06\\\/01\\\/mise-en-refuge-lpo-du-domaine-de-maure-vieil-a-mandelieu\\\/#primaryimage\"},\"thumbnailUrl\":\"https:\\\/\\\/paca.lpo.fr\\\/blogs\\\/nice\\\/files\\\/2016\\\/06\\\/16-04-30-005-Copie.jpg\",\"articleSection\":[\"Vie du groupe\"],\"inLanguage\":\"fr-FR\",\"potentialAction\":[{\"@type\":\"CommentAction\",\"name\":\"Comment\",\"target\":[\"https:\\\/\\\/paca.lpo.fr\\\/blogs\\\/nice\\\/2016\\\/06\\\/01\\\/mise-en-refuge-lpo-du-domaine-de-maure-vieil-a-mandelieu\\\/#respond\"]}]},{\"@type\":\"WebPage\",\"@id\":\"https:\\\/\\\/paca.lpo.fr\\\/blogs\\\/nice\\\/2016\\\/06\\\/01\\\/mise-en-refuge-lpo-du-domaine-de-maure-vieil-a-mandelieu\\\/\",\"url\":\"https:\\\/\\\/paca.lpo.fr\\\/blogs\\\/nice\\\/2016\\\/06\\\/01\\\/mise-en-refuge-lpo-du-domaine-de-maure-vieil-a-mandelieu\\\/\",\"name\":\"Mise en refuge LPO du Domaine de Maure Vieil \u00e0 Mandelieu - Groupe local Nice\",\"isPartOf\":{\"@id\":\"https:\\\/\\\/paca.lpo.fr\\\/blogs\\\/nice\\\/#website\"},\"primaryImageOfPage\":{\"@id\":\"https:\\\/\\\/paca.lpo.fr\\\/blogs\\\/nice\\\/2016\\\/06\\\/01\\\/mise-en-refuge-lpo-du-domaine-de-maure-vieil-a-mandelieu\\\/#primaryimage\"},\"image\":{\"@id\":\"https:\\\/\\\/paca.lpo.fr\\\/blogs\\\/nice\\\/2016\\\/06\\\/01\\\/mise-en-refuge-lpo-du-domaine-de-maure-vieil-a-mandelieu\\\/#primaryimage\"},\"thumbnailUrl\":\"https:\\\/\\\/paca.lpo.fr\\\/blogs\\\/nice\\\/files\\\/2016\\\/06\\\/16-04-30-005-Copie.jpg\",\"datePublished\":\"2016-06-01T09:26:25+00:00\",\"breadcrumb\":{\"@id\":\"https:\\\/\\\/paca.lpo.fr\\\/blogs\\\/nice\\\/2016\\\/06\\\/01\\\/mise-en-refuge-lpo-du-domaine-de-maure-vieil-a-mandelieu\\\/#breadcrumb\"},\"inLanguage\":\"fr-FR\",\"potentialAction\":[{\"@type\":\"ReadAction\",\"target\":[\"https:\\\/\\\/paca.lpo.fr\\\/blogs\\\/nice\\\/2016\\\/06\\\/01\\\/mise-en-refuge-lpo-du-domaine-de-maure-vieil-a-mandelieu\\\/\"]}]},{\"@type\":\"ImageObject\",\"inLanguage\":\"fr-FR\",\"@id\":\"https:\\\/\\\/paca.lpo.fr\\\/blogs\\\/nice\\\/2016\\\/06\\\/01\\\/mise-en-refuge-lpo-du-domaine-de-maure-vieil-a-mandelieu\\\/#primaryimage\",\"url\":\"https:\\\/\\\/paca.lpo.fr\\\/blogs\\\/nice\\\/files\\\/2016\\\/06\\\/16-04-30-005-Copie.jpg\",\"contentUrl\":\"https:\\\/\\\/paca.lpo.fr\\\/blogs\\\/nice\\\/files\\\/2016\\\/06\\\/16-04-30-005-Copie.jpg\",\"width\":596,\"height\":447},{\"@type\":\"BreadcrumbList\",\"@id\":\"https:\\\/\\\/paca.lpo.fr\\\/blogs\\\/nice\\\/2016\\\/06\\\/01\\\/mise-en-refuge-lpo-du-domaine-de-maure-vieil-a-mandelieu\\\/#breadcrumb\",\"itemListElement\":[{\"@type\":\"ListItem\",\"position\":1,\"name\":\"Accueil\",\"item\":\"https:\\\/\\\/paca.lpo.fr\\\/blogs\\\/nice\\\/\"},{\"@type\":\"ListItem\",\"position\":2,\"name\":\"Mise en refuge LPO du Domaine de Maure Vieil \u00e0 Mandelieu\"}]},{\"@type\":\"WebSite\",\"@id\":\"https:\\\/\\\/paca.lpo.fr\\\/blogs\\\/nice\\\/#website\",\"url\":\"https:\\\/\\\/paca.lpo.fr\\\/blogs\\\/nice\\\/\",\"name\":\"Groupe local Nice\",\"description\":\"Groupe local Nice\",\"publisher\":{\"@id\":\"https:\\\/\\\/paca.lpo.fr\\\/blogs\\\/nice\\\/#organization\"},\"potentialAction\":[{\"@type\":\"SearchAction\",\"target\":{\"@type\":\"EntryPoint\",\"urlTemplate\":\"https:\\\/\\\/paca.lpo.fr\\\/blogs\\\/nice\\\/?s={search_term_string}\"},\"query-input\":{\"@type\":\"PropertyValueSpecification\",\"valueRequired\":true,\"valueName\":\"search_term_string\"}}],\"inLanguage\":\"fr-FR\"},{\"@type\":\"Organization\",\"@id\":\"https:\\\/\\\/paca.lpo.fr\\\/blogs\\\/nice\\\/#organization\",\"name\":\"Groupe local Nice\",\"url\":\"https:\\\/\\\/paca.lpo.fr\\\/blogs\\\/nice\\\/\",\"logo\":{\"@type\":\"ImageObject\",\"inLanguage\":\"fr-FR\",\"@id\":\"https:\\\/\\\/paca.lpo.fr\\\/blogs\\\/nice\\\/#\\\/schema\\\/logo\\\/image\\\/\",\"url\":\"https:\\\/\\\/paca.lpo.fr\\\/blogs\\\/nice\\\/files\\\/2024\\\/01\\\/cropped-rvb-lpo-paca-logotype-signature-droite-mini-500.jpg\",\"contentUrl\":\"https:\\\/\\\/paca.lpo.fr\\\/blogs\\\/nice\\\/files\\\/2024\\\/01\\\/cropped-rvb-lpo-paca-logotype-signature-droite-mini-500.jpg\",\"width\":500,\"height\":210,\"caption\":\"Groupe local Nice\"},\"image\":{\"@id\":\"https:\\\/\\\/paca.lpo.fr\\\/blogs\\\/nice\\\/#\\\/schema\\\/logo\\\/image\\\/\"}},{\"@type\":\"Person\",\"@id\":\"https:\\\/\\\/paca.lpo.fr\\\/blogs\\\/nice\\\/#\\\/schema\\\/person\\\/1bda33335fb71e0b3552487db26a4c56\",\"name\":\"Groupe local Paillon-B\u00e9v\u00e9ra\",\"image\":{\"@type\":\"ImageObject\",\"inLanguage\":\"fr-FR\",\"@id\":\"https:\\\/\\\/secure.gravatar.com\\\/avatar\\\/b1ee285506e2cb880ec988990d360e255aecb31c77212741dace1023623610c2?s=96&d=mm&r=g\",\"url\":\"https:\\\/\\\/secure.gravatar.com\\\/avatar\\\/b1ee285506e2cb880ec988990d360e255aecb31c77212741dace1023623610c2?s=96&d=mm&r=g\",\"contentUrl\":\"https:\\\/\\\/secure.gravatar.com\\\/avatar\\\/b1ee285506e2cb880ec988990d360e255aecb31c77212741dace1023623610c2?s=96&d=mm&r=g\",\"caption\":\"Groupe local Paillon-B\u00e9v\u00e9ra\"},\"url\":\"https:\\\/\\\/paca.lpo.fr\\\/blogs\\\/nice\\\/author\\\/alpesmaritimesest\\\/\"}]}<\/script>\n<!-- \/ Yoast SEO plugin. -->","yoast_head_json":{"title":"Mise en refuge LPO du Domaine de Maure Vieil \u00e0 Mandelieu - Groupe local Nice","robots":{"index":"index","follow":"follow","max-snippet":"max-snippet:-1","max-image-preview":"max-image-preview:large","max-video-preview":"max-video-preview:-1"},"canonical":"https:\/\/paca.lpo.fr\/blogs\/nice\/2016\/06\/01\/mise-en-refuge-lpo-du-domaine-de-maure-vieil-a-mandelieu\/","og_locale":"fr_FR","og_type":"article","og_title":"Mise en refuge LPO du Domaine de Maure Vieil \u00e0 Mandelieu - Groupe local Nice","og_description":"Le 30 avril nous \u00e9tions 4 b\u00e9n\u00e9voles du GL, arriv\u00e9s \u00e0 9h30 nous sommes repartis \u00e0 18h00 pour les derniers. La matin\u00e9e s&rsquo;est d\u00e9roul\u00e9e autour de l&rsquo;information sur la LPO, des \u00e9changes avec les r\u00e9sidents du domaine sur les oiseaux vus ou pr\u00e9sents sur le site, les serpents. Un power-point sur les refuges LPO a [&hellip;]","og_url":"https:\/\/paca.lpo.fr\/blogs\/nice\/2016\/06\/01\/mise-en-refuge-lpo-du-domaine-de-maure-vieil-a-mandelieu\/","og_site_name":"Groupe local Nice","article_published_time":"2016-06-01T09:26:25+00:00","og_image":[{"width":596,"height":447,"url":"https:\/\/paca.lpo.fr\/blogs\/nice\/files\/2016\/06\/16-04-30-005-Copie.jpg","type":"image\/jpeg"}],"author":"Groupe local Paillon-B\u00e9v\u00e9ra","twitter_card":"summary_large_image","twitter_misc":{"\u00c9crit par":"Groupe local Paillon-B\u00e9v\u00e9ra","Dur\u00e9e de lecture estim\u00e9e":"1 minute"},"schema":{"@context":"https:\/\/schema.org","@graph":[{"@type":"Article","@id":"https:\/\/paca.lpo.fr\/blogs\/nice\/2016\/06\/01\/mise-en-refuge-lpo-du-domaine-de-maure-vieil-a-mandelieu\/#article","isPartOf":{"@id":"https:\/\/paca.lpo.fr\/blogs\/nice\/2016\/06\/01\/mise-en-refuge-lpo-du-domaine-de-maure-vieil-a-mandelieu\/"},"author":{"name":"Groupe local Paillon-B\u00e9v\u00e9ra","@id":"https:\/\/paca.lpo.fr\/blogs\/nice\/#\/schema\/person\/1bda33335fb71e0b3552487db26a4c56"},"headline":"Mise en refuge LPO du Domaine de Maure Vieil \u00e0 Mandelieu","datePublished":"2016-06-01T09:26:25+00:00","mainEntityOfPage":{"@id":"https:\/\/paca.lpo.fr\/blogs\/nice\/2016\/06\/01\/mise-en-refuge-lpo-du-domaine-de-maure-vieil-a-mandelieu\/"},"wordCount":150,"commentCount":0,"publisher":{"@id":"https:\/\/paca.lpo.fr\/blogs\/nice\/#organization"},"image":{"@id":"https:\/\/paca.lpo.fr\/blogs\/nice\/2016\/06\/01\/mise-en-refuge-lpo-du-domaine-de-maure-vieil-a-mandelieu\/#primaryimage"},"thumbnailUrl":"https:\/\/paca.lpo.fr\/blogs\/nice\/files\/2016\/06\/16-04-30-005-Copie.jpg","articleSection":["Vie du groupe"],"inLanguage":"fr-FR","potentialAction":[{"@type":"CommentAction","name":"Comment","target":["https:\/\/paca.lpo.fr\/blogs\/nice\/2016\/06\/01\/mise-en-refuge-lpo-du-domaine-de-maure-vieil-a-mandelieu\/#respond"]}]},{"@type":"WebPage","@id":"https:\/\/paca.lpo.fr\/blogs\/nice\/2016\/06\/01\/mise-en-refuge-lpo-du-domaine-de-maure-vieil-a-mandelieu\/","url":"https:\/\/paca.lpo.fr\/blogs\/nice\/2016\/06\/01\/mise-en-refuge-lpo-du-domaine-de-maure-vieil-a-mandelieu\/","name":"Mise en refuge LPO du Domaine de Maure Vieil \u00e0 Mandelieu - Groupe local Nice","isPartOf":{"@id":"https:\/\/paca.lpo.fr\/blogs\/nice\/#website"},"primaryImageOfPage":{"@id":"https:\/\/paca.lpo.fr\/blogs\/nice\/2016\/06\/01\/mise-en-refuge-lpo-du-domaine-de-maure-vieil-a-mandelieu\/#primaryimage"},"image":{"@id":"https:\/\/paca.lpo.fr\/blogs\/nice\/2016\/06\/01\/mise-en-refuge-lpo-du-domaine-de-maure-vieil-a-mandelieu\/#primaryimage"},"thumbnailUrl":"https:\/\/paca.lpo.fr\/blogs\/nice\/files\/2016\/06\/16-04-30-005-Copie.jpg","datePublished":"2016-06-01T09:26:25+00:00","breadcrumb":{"@id":"https:\/\/paca.lpo.fr\/blogs\/nice\/2016\/06\/01\/mise-en-refuge-lpo-du-domaine-de-maure-vieil-a-mandelieu\/#breadcrumb"},"inLanguage":"fr-FR","potentialAction":[{"@type":"ReadAction","target":["https:\/\/paca.lpo.fr\/blogs\/nice\/2016\/06\/01\/mise-en-refuge-lpo-du-domaine-de-maure-vieil-a-mandelieu\/"]}]},{"@type":"ImageObject","inLanguage":"fr-FR","@id":"https:\/\/paca.lpo.fr\/blogs\/nice\/2016\/06\/01\/mise-en-refuge-lpo-du-domaine-de-maure-vieil-a-mandelieu\/#primaryimage","url":"https:\/\/paca.lpo.fr\/blogs\/nice\/files\/2016\/06\/16-04-30-005-Copie.jpg","contentUrl":"https:\/\/paca.lpo.fr\/blogs\/nice\/files\/2016\/06\/16-04-30-005-Copie.jpg","width":596,"height":447},{"@type":"BreadcrumbList","@id":"https:\/\/paca.lpo.fr\/blogs\/nice\/2016\/06\/01\/mise-en-refuge-lpo-du-domaine-de-maure-vieil-a-mandelieu\/#breadcrumb","itemListElement":[{"@type":"ListItem","position":1,"name":"Accueil","item":"https:\/\/paca.lpo.fr\/blogs\/nice\/"},{"@type":"ListItem","position":2,"name":"Mise en refuge LPO du Domaine de Maure Vieil \u00e0 Mandelieu"}]},{"@type":"WebSite","@id":"https:\/\/paca.lpo.fr\/blogs\/nice\/#website","url":"https:\/\/paca.lpo.fr\/blogs\/nice\/","name":"Groupe local Nice","description":"Groupe local Nice","publisher":{"@id":"https:\/\/paca.lpo.fr\/blogs\/nice\/#organization"},"potentialAction":[{"@type":"SearchAction","target":{"@type":"EntryPoint","urlTemplate":"https:\/\/paca.lpo.fr\/blogs\/nice\/?s={search_term_string}"},"query-input":{"@type":"PropertyValueSpecification","valueRequired":true,"valueName":"search_term_string"}}],"inLanguage":"fr-FR"},{"@type":"Organization","@id":"https:\/\/paca.lpo.fr\/blogs\/nice\/#organization","name":"Groupe local Nice","url":"https:\/\/paca.lpo.fr\/blogs\/nice\/","logo":{"@type":"ImageObject","inLanguage":"fr-FR","@id":"https:\/\/paca.lpo.fr\/blogs\/nice\/#\/schema\/logo\/image\/","url":"https:\/\/paca.lpo.fr\/blogs\/nice\/files\/2024\/01\/cropped-rvb-lpo-paca-logotype-signature-droite-mini-500.jpg","contentUrl":"https:\/\/paca.lpo.fr\/blogs\/nice\/files\/2024\/01\/cropped-rvb-lpo-paca-logotype-signature-droite-mini-500.jpg","width":500,"height":210,"caption":"Groupe local Nice"},"image":{"@id":"https:\/\/paca.lpo.fr\/blogs\/nice\/#\/schema\/logo\/image\/"}},{"@type":"Person","@id":"https:\/\/paca.lpo.fr\/blogs\/nice\/#\/schema\/person\/1bda33335fb71e0b3552487db26a4c56","name":"Groupe local Paillon-B\u00e9v\u00e9ra","image":{"@type":"ImageObject","inLanguage":"fr-FR","@id":"https:\/\/secure.gravatar.com\/avatar\/b1ee285506e2cb880ec988990d360e255aecb31c77212741dace1023623610c2?s=96&d=mm&r=g","url":"https:\/\/secure.gravatar.com\/avatar\/b1ee285506e2cb880ec988990d360e255aecb31c77212741dace1023623610c2?s=96&d=mm&r=g","contentUrl":"https:\/\/secure.gravatar.com\/avatar\/b1ee285506e2cb880ec988990d360e255aecb31c77212741dace1023623610c2?s=96&d=mm&r=g","caption":"Groupe local Paillon-B\u00e9v\u00e9ra"},"url":"https:\/\/paca.lpo.fr\/blogs\/nice\/author\/alpesmaritimesest\/"}]}},"jetpack_featured_media_url":"https:\/\/paca.lpo.fr\/blogs\/nice\/files\/2016\/06\/16-04-30-005-Copie.jpg","_links":{"self":[{"href":"https:\/\/paca.lpo.fr\/blogs\/nice\/wp-json\/wp\/v2\/posts\/1481","targetHints":{"allow":["GET"]}}],"collection":[{"href":"https:\/\/paca.lpo.fr\/blogs\/nice\/wp-json\/wp\/v2\/posts"}],"about":[{"href":"https:\/\/paca.lpo.fr\/blogs\/nice\/wp-json\/wp\/v2\/types\/post"}],"author":[{"embeddable":true,"href":"https:\/\/paca.lpo.fr\/blogs\/nice\/wp-json\/wp\/v2\/users\/15"}],"replies":[{"embeddable":true,"href":"https:\/\/paca.lpo.fr\/blogs\/nice\/wp-json\/wp\/v2\/comments?post=1481"}],"version-history":[{"count":1,"href":"https:\/\/paca.lpo.fr\/blogs\/nice\/wp-json\/wp\/v2\/posts\/1481\/revisions"}],"predecessor-version":[{"id":1484,"href":"https:\/\/paca.lpo.fr\/blogs\/nice\/wp-json\/wp\/v2\/posts\/1481\/revisions\/1484"}],"wp:featuredmedia":[{"embeddable":true,"href":"https:\/\/paca.lpo.fr\/blogs\/nice\/wp-json\/wp\/v2\/media\/1483"}],"wp:attachment":[{"href":"https:\/\/paca.lpo.fr\/blogs\/nice\/wp-json\/wp\/v2\/media?parent=1481"}],"wp:term":[{"taxonomy":"category","embeddable":true,"href":"https:\/\/paca.lpo.fr\/blogs\/nice\/wp-json\/wp\/v2\/categories?post=1481"},{"taxonomy":"post_tag","embeddable":true,"href":"https:\/\/paca.lpo.fr\/blogs\/nice\/wp-json\/wp\/v2\/tags?post=1481"}],"curies":[{"name":"wp","href":"https:\/\/api.w.org\/{rel}","templated":true}]}}