{"id":1491,"date":"2016-07-05T08:44:48","date_gmt":"2016-07-05T07:44:48","guid":{"rendered":"https:\/\/paca.lpo.fr\/blogs\/nice\/?p=1491"},"modified":"2016-07-05T08:46:09","modified_gmt":"2016-07-05T07:46:09","slug":"sortie-a-chateauneuf-de-villevieille-le-8-juin-2016","status":"publish","type":"post","link":"https:\/\/paca.lpo.fr\/blogs\/nice\/2016\/07\/05\/sortie-a-chateauneuf-de-villevieille-le-8-juin-2016\/","title":{"rendered":"Sortie \u00e0 Ch\u00e2teauneuf de Villevieille le 8 juin 2016"},"content":{"rendered":"<p>Maguy a guid\u00e9 7 personnes pour une sortie en semaine, surtout \u00e0 l\u2019\u00e9coute des fauvettes. Les fauvettes \u00e0 t\u00eate noire,  m\u00e9lanoc\u00e9phale et passerinette se sont montr\u00e9es, ainsi qu\u2019un couple de pie gri\u00e8ches \u00e9corcheur, des merles  et plusieurs esp\u00e8ces de rapace. Notre petit groupe a pu assister \u00e0 un accouplement de verdiers. La chance \u00e9tait avec nous puisque  la pluie a commenc\u00e9 \u00e0 tomber 10 minutes apr\u00e8s notre d\u00e9part en voiture.  <\/p>\n","protected":false},"excerpt":{"rendered":"<p>Maguy a guid\u00e9 7 personnes pour une sortie en semaine, surtout \u00e0 l\u2019\u00e9coute des fauvettes. Les fauvettes \u00e0 t\u00eate noire, m\u00e9lanoc\u00e9phale et passerinette se sont montr\u00e9es, ainsi qu\u2019un couple de pie gri\u00e8ches \u00e9corcheur, des merles et plusieurs esp\u00e8ces de rapace. Notre petit groupe a pu assister \u00e0 un accouplement de verdiers. La chance \u00e9tait avec [&hellip;]<\/p>\n","protected":false},"author":15,"featured_media":1492,"comment_status":"open","ping_status":"open","sticky":false,"template":"","format":"standard","meta":{"footnotes":""},"categories":[1],"tags":[],"class_list":["post-1491","post","type-post","status-publish","format-standard","has-post-thumbnail","hentry","category-sorties-nature"],"yoast_head":"<!-- This site is optimized with the Yoast SEO plugin v28.3 - https:\/\/yoast.com\/product\/yoast-seo-wordpress\/ -->\n<title>Sortie \u00e0 Ch\u00e2teauneuf de Villevieille le 8 juin 2016 - Groupe local Nice<\/title>\n<meta name=\"robots\" content=\"index, follow, max-snippet:-1, max-image-preview:large, max-video-preview:-1\" \/>\n<link rel=\"canonical\" href=\"https:\/\/paca.lpo.fr\/blogs\/nice\/2016\/07\/05\/sortie-a-chateauneuf-de-villevieille-le-8-juin-2016\/\" \/>\n<meta property=\"og:locale\" content=\"fr_FR\" \/>\n<meta property=\"og:type\" content=\"article\" \/>\n<meta property=\"og:title\" content=\"Sortie \u00e0 Ch\u00e2teauneuf de Villevieille le 8 juin 2016 - Groupe local Nice\" \/>\n<meta property=\"og:description\" content=\"Maguy a guid\u00e9 7 personnes pour une sortie en semaine, surtout \u00e0 l\u2019\u00e9coute des fauvettes. Les fauvettes \u00e0 t\u00eate noire, m\u00e9lanoc\u00e9phale et passerinette se sont montr\u00e9es, ainsi qu\u2019un couple de pie gri\u00e8ches \u00e9corcheur, des merles et plusieurs esp\u00e8ces de rapace. Notre petit groupe a pu assister \u00e0 un accouplement de verdiers. La chance \u00e9tait avec [&hellip;]\" \/>\n<meta property=\"og:url\" content=\"https:\/\/paca.lpo.fr\/blogs\/nice\/2016\/07\/05\/sortie-a-chateauneuf-de-villevieille-le-8-juin-2016\/\" \/>\n<meta property=\"og:site_name\" content=\"Groupe local Nice\" \/>\n<meta property=\"article:published_time\" content=\"2016-07-05T07:44:48+00:00\" \/>\n<meta property=\"article:modified_time\" content=\"2016-07-05T07:46:09+00:00\" \/>\n<meta property=\"og:image\" content=\"https:\/\/paca.lpo.fr\/blogs\/nice\/files\/2016\/07\/P1380979-2-Copie.jpg\" \/>\n\t<meta property=\"og:image:width\" content=\"800\" \/>\n\t<meta property=\"og:image:height\" content=\"600\" \/>\n\t<meta property=\"og:image:type\" content=\"image\/jpeg\" \/>\n<meta name=\"author\" content=\"Groupe local Paillon-B\u00e9v\u00e9ra\" \/>\n<meta name=\"twitter:card\" content=\"summary_large_image\" \/>\n<meta name=\"twitter:label1\" content=\"\u00c9crit par\" \/>\n\t<meta name=\"twitter:data1\" content=\"Groupe local Paillon-B\u00e9v\u00e9ra\" \/>\n<script type=\"application\/ld+json\" class=\"yoast-schema-graph\">{\"@context\":\"https:\\\/\\\/schema.org\",\"@graph\":[{\"@type\":\"Article\",\"@id\":\"https:\\\/\\\/paca.lpo.fr\\\/blogs\\\/nice\\\/2016\\\/07\\\/05\\\/sortie-a-chateauneuf-de-villevieille-le-8-juin-2016\\\/#article\",\"isPartOf\":{\"@id\":\"https:\\\/\\\/paca.lpo.fr\\\/blogs\\\/nice\\\/2016\\\/07\\\/05\\\/sortie-a-chateauneuf-de-villevieille-le-8-juin-2016\\\/\"},\"author\":{\"name\":\"Groupe local Paillon-B\u00e9v\u00e9ra\",\"@id\":\"https:\\\/\\\/paca.lpo.fr\\\/blogs\\\/nice\\\/#\\\/schema\\\/person\\\/1bda33335fb71e0b3552487db26a4c56\"},\"headline\":\"Sortie \u00e0 Ch\u00e2teauneuf de Villevieille le 8 juin 2016\",\"datePublished\":\"2016-07-05T07:44:48+00:00\",\"dateModified\":\"2016-07-05T07:46:09+00:00\",\"mainEntityOfPage\":{\"@id\":\"https:\\\/\\\/paca.lpo.fr\\\/blogs\\\/nice\\\/2016\\\/07\\\/05\\\/sortie-a-chateauneuf-de-villevieille-le-8-juin-2016\\\/\"},\"wordCount\":81,\"commentCount\":0,\"publisher\":{\"@id\":\"https:\\\/\\\/paca.lpo.fr\\\/blogs\\\/nice\\\/#organization\"},\"image\":{\"@id\":\"https:\\\/\\\/paca.lpo.fr\\\/blogs\\\/nice\\\/2016\\\/07\\\/05\\\/sortie-a-chateauneuf-de-villevieille-le-8-juin-2016\\\/#primaryimage\"},\"thumbnailUrl\":\"https:\\\/\\\/paca.lpo.fr\\\/blogs\\\/nice\\\/files\\\/2016\\\/07\\\/P1380979-2-Copie.jpg\",\"articleSection\":[\"grands \u00e9v\u00e8nements\"],\"inLanguage\":\"fr-FR\",\"potentialAction\":[{\"@type\":\"CommentAction\",\"name\":\"Comment\",\"target\":[\"https:\\\/\\\/paca.lpo.fr\\\/blogs\\\/nice\\\/2016\\\/07\\\/05\\\/sortie-a-chateauneuf-de-villevieille-le-8-juin-2016\\\/#respond\"]}]},{\"@type\":\"WebPage\",\"@id\":\"https:\\\/\\\/paca.lpo.fr\\\/blogs\\\/nice\\\/2016\\\/07\\\/05\\\/sortie-a-chateauneuf-de-villevieille-le-8-juin-2016\\\/\",\"url\":\"https:\\\/\\\/paca.lpo.fr\\\/blogs\\\/nice\\\/2016\\\/07\\\/05\\\/sortie-a-chateauneuf-de-villevieille-le-8-juin-2016\\\/\",\"name\":\"Sortie \u00e0 Ch\u00e2teauneuf de Villevieille le 8 juin 2016 - Groupe local Nice\",\"isPartOf\":{\"@id\":\"https:\\\/\\\/paca.lpo.fr\\\/blogs\\\/nice\\\/#website\"},\"primaryImageOfPage\":{\"@id\":\"https:\\\/\\\/paca.lpo.fr\\\/blogs\\\/nice\\\/2016\\\/07\\\/05\\\/sortie-a-chateauneuf-de-villevieille-le-8-juin-2016\\\/#primaryimage\"},\"image\":{\"@id\":\"https:\\\/\\\/paca.lpo.fr\\\/blogs\\\/nice\\\/2016\\\/07\\\/05\\\/sortie-a-chateauneuf-de-villevieille-le-8-juin-2016\\\/#primaryimage\"},\"thumbnailUrl\":\"https:\\\/\\\/paca.lpo.fr\\\/blogs\\\/nice\\\/files\\\/2016\\\/07\\\/P1380979-2-Copie.jpg\",\"datePublished\":\"2016-07-05T07:44:48+00:00\",\"dateModified\":\"2016-07-05T07:46:09+00:00\",\"breadcrumb\":{\"@id\":\"https:\\\/\\\/paca.lpo.fr\\\/blogs\\\/nice\\\/2016\\\/07\\\/05\\\/sortie-a-chateauneuf-de-villevieille-le-8-juin-2016\\\/#breadcrumb\"},\"inLanguage\":\"fr-FR\",\"potentialAction\":[{\"@type\":\"ReadAction\",\"target\":[\"https:\\\/\\\/paca.lpo.fr\\\/blogs\\\/nice\\\/2016\\\/07\\\/05\\\/sortie-a-chateauneuf-de-villevieille-le-8-juin-2016\\\/\"]}]},{\"@type\":\"ImageObject\",\"inLanguage\":\"fr-FR\",\"@id\":\"https:\\\/\\\/paca.lpo.fr\\\/blogs\\\/nice\\\/2016\\\/07\\\/05\\\/sortie-a-chateauneuf-de-villevieille-le-8-juin-2016\\\/#primaryimage\",\"url\":\"https:\\\/\\\/paca.lpo.fr\\\/blogs\\\/nice\\\/files\\\/2016\\\/07\\\/P1380979-2-Copie.jpg\",\"contentUrl\":\"https:\\\/\\\/paca.lpo.fr\\\/blogs\\\/nice\\\/files\\\/2016\\\/07\\\/P1380979-2-Copie.jpg\",\"width\":800,\"height\":600},{\"@type\":\"BreadcrumbList\",\"@id\":\"https:\\\/\\\/paca.lpo.fr\\\/blogs\\\/nice\\\/2016\\\/07\\\/05\\\/sortie-a-chateauneuf-de-villevieille-le-8-juin-2016\\\/#breadcrumb\",\"itemListElement\":[{\"@type\":\"ListItem\",\"position\":1,\"name\":\"Accueil\",\"item\":\"https:\\\/\\\/paca.lpo.fr\\\/blogs\\\/nice\\\/\"},{\"@type\":\"ListItem\",\"position\":2,\"name\":\"Sortie \u00e0 Ch\u00e2teauneuf de Villevieille le 8 juin 2016\"}]},{\"@type\":\"WebSite\",\"@id\":\"https:\\\/\\\/paca.lpo.fr\\\/blogs\\\/nice\\\/#website\",\"url\":\"https:\\\/\\\/paca.lpo.fr\\\/blogs\\\/nice\\\/\",\"name\":\"Groupe local Nice\",\"description\":\"Groupe local Nice\",\"publisher\":{\"@id\":\"https:\\\/\\\/paca.lpo.fr\\\/blogs\\\/nice\\\/#organization\"},\"potentialAction\":[{\"@type\":\"SearchAction\",\"target\":{\"@type\":\"EntryPoint\",\"urlTemplate\":\"https:\\\/\\\/paca.lpo.fr\\\/blogs\\\/nice\\\/?s={search_term_string}\"},\"query-input\":{\"@type\":\"PropertyValueSpecification\",\"valueRequired\":true,\"valueName\":\"search_term_string\"}}],\"inLanguage\":\"fr-FR\"},{\"@type\":\"Organization\",\"@id\":\"https:\\\/\\\/paca.lpo.fr\\\/blogs\\\/nice\\\/#organization\",\"name\":\"Groupe local Nice\",\"url\":\"https:\\\/\\\/paca.lpo.fr\\\/blogs\\\/nice\\\/\",\"logo\":{\"@type\":\"ImageObject\",\"inLanguage\":\"fr-FR\",\"@id\":\"https:\\\/\\\/paca.lpo.fr\\\/blogs\\\/nice\\\/#\\\/schema\\\/logo\\\/image\\\/\",\"url\":\"https:\\\/\\\/paca.lpo.fr\\\/blogs\\\/nice\\\/files\\\/2024\\\/01\\\/cropped-rvb-lpo-paca-logotype-signature-droite-mini-500.jpg\",\"contentUrl\":\"https:\\\/\\\/paca.lpo.fr\\\/blogs\\\/nice\\\/files\\\/2024\\\/01\\\/cropped-rvb-lpo-paca-logotype-signature-droite-mini-500.jpg\",\"width\":500,\"height\":210,\"caption\":\"Groupe local Nice\"},\"image\":{\"@id\":\"https:\\\/\\\/paca.lpo.fr\\\/blogs\\\/nice\\\/#\\\/schema\\\/logo\\\/image\\\/\"}},{\"@type\":\"Person\",\"@id\":\"https:\\\/\\\/paca.lpo.fr\\\/blogs\\\/nice\\\/#\\\/schema\\\/person\\\/1bda33335fb71e0b3552487db26a4c56\",\"name\":\"Groupe local Paillon-B\u00e9v\u00e9ra\",\"image\":{\"@type\":\"ImageObject\",\"inLanguage\":\"fr-FR\",\"@id\":\"https:\\\/\\\/secure.gravatar.com\\\/avatar\\\/b1ee285506e2cb880ec988990d360e255aecb31c77212741dace1023623610c2?s=96&d=mm&r=g\",\"url\":\"https:\\\/\\\/secure.gravatar.com\\\/avatar\\\/b1ee285506e2cb880ec988990d360e255aecb31c77212741dace1023623610c2?s=96&d=mm&r=g\",\"contentUrl\":\"https:\\\/\\\/secure.gravatar.com\\\/avatar\\\/b1ee285506e2cb880ec988990d360e255aecb31c77212741dace1023623610c2?s=96&d=mm&r=g\",\"caption\":\"Groupe local Paillon-B\u00e9v\u00e9ra\"},\"url\":\"https:\\\/\\\/paca.lpo.fr\\\/blogs\\\/nice\\\/author\\\/alpesmaritimesest\\\/\"}]}<\/script>\n<!-- \/ Yoast SEO plugin. -->","yoast_head_json":{"title":"Sortie \u00e0 Ch\u00e2teauneuf de Villevieille le 8 juin 2016 - Groupe local Nice","robots":{"index":"index","follow":"follow","max-snippet":"max-snippet:-1","max-image-preview":"max-image-preview:large","max-video-preview":"max-video-preview:-1"},"canonical":"https:\/\/paca.lpo.fr\/blogs\/nice\/2016\/07\/05\/sortie-a-chateauneuf-de-villevieille-le-8-juin-2016\/","og_locale":"fr_FR","og_type":"article","og_title":"Sortie \u00e0 Ch\u00e2teauneuf de Villevieille le 8 juin 2016 - Groupe local Nice","og_description":"Maguy a guid\u00e9 7 personnes pour une sortie en semaine, surtout \u00e0 l\u2019\u00e9coute des fauvettes. Les fauvettes \u00e0 t\u00eate noire, m\u00e9lanoc\u00e9phale et passerinette se sont montr\u00e9es, ainsi qu\u2019un couple de pie gri\u00e8ches \u00e9corcheur, des merles et plusieurs esp\u00e8ces de rapace. Notre petit groupe a pu assister \u00e0 un accouplement de verdiers. La chance \u00e9tait avec [&hellip;]","og_url":"https:\/\/paca.lpo.fr\/blogs\/nice\/2016\/07\/05\/sortie-a-chateauneuf-de-villevieille-le-8-juin-2016\/","og_site_name":"Groupe local Nice","article_published_time":"2016-07-05T07:44:48+00:00","article_modified_time":"2016-07-05T07:46:09+00:00","og_image":[{"width":800,"height":600,"url":"https:\/\/paca.lpo.fr\/blogs\/nice\/files\/2016\/07\/P1380979-2-Copie.jpg","type":"image\/jpeg"}],"author":"Groupe local Paillon-B\u00e9v\u00e9ra","twitter_card":"summary_large_image","twitter_misc":{"\u00c9crit par":"Groupe local Paillon-B\u00e9v\u00e9ra"},"schema":{"@context":"https:\/\/schema.org","@graph":[{"@type":"Article","@id":"https:\/\/paca.lpo.fr\/blogs\/nice\/2016\/07\/05\/sortie-a-chateauneuf-de-villevieille-le-8-juin-2016\/#article","isPartOf":{"@id":"https:\/\/paca.lpo.fr\/blogs\/nice\/2016\/07\/05\/sortie-a-chateauneuf-de-villevieille-le-8-juin-2016\/"},"author":{"name":"Groupe local Paillon-B\u00e9v\u00e9ra","@id":"https:\/\/paca.lpo.fr\/blogs\/nice\/#\/schema\/person\/1bda33335fb71e0b3552487db26a4c56"},"headline":"Sortie \u00e0 Ch\u00e2teauneuf de Villevieille le 8 juin 2016","datePublished":"2016-07-05T07:44:48+00:00","dateModified":"2016-07-05T07:46:09+00:00","mainEntityOfPage":{"@id":"https:\/\/paca.lpo.fr\/blogs\/nice\/2016\/07\/05\/sortie-a-chateauneuf-de-villevieille-le-8-juin-2016\/"},"wordCount":81,"commentCount":0,"publisher":{"@id":"https:\/\/paca.lpo.fr\/blogs\/nice\/#organization"},"image":{"@id":"https:\/\/paca.lpo.fr\/blogs\/nice\/2016\/07\/05\/sortie-a-chateauneuf-de-villevieille-le-8-juin-2016\/#primaryimage"},"thumbnailUrl":"https:\/\/paca.lpo.fr\/blogs\/nice\/files\/2016\/07\/P1380979-2-Copie.jpg","articleSection":["grands \u00e9v\u00e8nements"],"inLanguage":"fr-FR","potentialAction":[{"@type":"CommentAction","name":"Comment","target":["https:\/\/paca.lpo.fr\/blogs\/nice\/2016\/07\/05\/sortie-a-chateauneuf-de-villevieille-le-8-juin-2016\/#respond"]}]},{"@type":"WebPage","@id":"https:\/\/paca.lpo.fr\/blogs\/nice\/2016\/07\/05\/sortie-a-chateauneuf-de-villevieille-le-8-juin-2016\/","url":"https:\/\/paca.lpo.fr\/blogs\/nice\/2016\/07\/05\/sortie-a-chateauneuf-de-villevieille-le-8-juin-2016\/","name":"Sortie \u00e0 Ch\u00e2teauneuf de Villevieille le 8 juin 2016 - Groupe local Nice","isPartOf":{"@id":"https:\/\/paca.lpo.fr\/blogs\/nice\/#website"},"primaryImageOfPage":{"@id":"https:\/\/paca.lpo.fr\/blogs\/nice\/2016\/07\/05\/sortie-a-chateauneuf-de-villevieille-le-8-juin-2016\/#primaryimage"},"image":{"@id":"https:\/\/paca.lpo.fr\/blogs\/nice\/2016\/07\/05\/sortie-a-chateauneuf-de-villevieille-le-8-juin-2016\/#primaryimage"},"thumbnailUrl":"https:\/\/paca.lpo.fr\/blogs\/nice\/files\/2016\/07\/P1380979-2-Copie.jpg","datePublished":"2016-07-05T07:44:48+00:00","dateModified":"2016-07-05T07:46:09+00:00","breadcrumb":{"@id":"https:\/\/paca.lpo.fr\/blogs\/nice\/2016\/07\/05\/sortie-a-chateauneuf-de-villevieille-le-8-juin-2016\/#breadcrumb"},"inLanguage":"fr-FR","potentialAction":[{"@type":"ReadAction","target":["https:\/\/paca.lpo.fr\/blogs\/nice\/2016\/07\/05\/sortie-a-chateauneuf-de-villevieille-le-8-juin-2016\/"]}]},{"@type":"ImageObject","inLanguage":"fr-FR","@id":"https:\/\/paca.lpo.fr\/blogs\/nice\/2016\/07\/05\/sortie-a-chateauneuf-de-villevieille-le-8-juin-2016\/#primaryimage","url":"https:\/\/paca.lpo.fr\/blogs\/nice\/files\/2016\/07\/P1380979-2-Copie.jpg","contentUrl":"https:\/\/paca.lpo.fr\/blogs\/nice\/files\/2016\/07\/P1380979-2-Copie.jpg","width":800,"height":600},{"@type":"BreadcrumbList","@id":"https:\/\/paca.lpo.fr\/blogs\/nice\/2016\/07\/05\/sortie-a-chateauneuf-de-villevieille-le-8-juin-2016\/#breadcrumb","itemListElement":[{"@type":"ListItem","position":1,"name":"Accueil","item":"https:\/\/paca.lpo.fr\/blogs\/nice\/"},{"@type":"ListItem","position":2,"name":"Sortie \u00e0 Ch\u00e2teauneuf de Villevieille le 8 juin 2016"}]},{"@type":"WebSite","@id":"https:\/\/paca.lpo.fr\/blogs\/nice\/#website","url":"https:\/\/paca.lpo.fr\/blogs\/nice\/","name":"Groupe local Nice","description":"Groupe local Nice","publisher":{"@id":"https:\/\/paca.lpo.fr\/blogs\/nice\/#organization"},"potentialAction":[{"@type":"SearchAction","target":{"@type":"EntryPoint","urlTemplate":"https:\/\/paca.lpo.fr\/blogs\/nice\/?s={search_term_string}"},"query-input":{"@type":"PropertyValueSpecification","valueRequired":true,"valueName":"search_term_string"}}],"inLanguage":"fr-FR"},{"@type":"Organization","@id":"https:\/\/paca.lpo.fr\/blogs\/nice\/#organization","name":"Groupe local Nice","url":"https:\/\/paca.lpo.fr\/blogs\/nice\/","logo":{"@type":"ImageObject","inLanguage":"fr-FR","@id":"https:\/\/paca.lpo.fr\/blogs\/nice\/#\/schema\/logo\/image\/","url":"https:\/\/paca.lpo.fr\/blogs\/nice\/files\/2024\/01\/cropped-rvb-lpo-paca-logotype-signature-droite-mini-500.jpg","contentUrl":"https:\/\/paca.lpo.fr\/blogs\/nice\/files\/2024\/01\/cropped-rvb-lpo-paca-logotype-signature-droite-mini-500.jpg","width":500,"height":210,"caption":"Groupe local Nice"},"image":{"@id":"https:\/\/paca.lpo.fr\/blogs\/nice\/#\/schema\/logo\/image\/"}},{"@type":"Person","@id":"https:\/\/paca.lpo.fr\/blogs\/nice\/#\/schema\/person\/1bda33335fb71e0b3552487db26a4c56","name":"Groupe local Paillon-B\u00e9v\u00e9ra","image":{"@type":"ImageObject","inLanguage":"fr-FR","@id":"https:\/\/secure.gravatar.com\/avatar\/b1ee285506e2cb880ec988990d360e255aecb31c77212741dace1023623610c2?s=96&d=mm&r=g","url":"https:\/\/secure.gravatar.com\/avatar\/b1ee285506e2cb880ec988990d360e255aecb31c77212741dace1023623610c2?s=96&d=mm&r=g","contentUrl":"https:\/\/secure.gravatar.com\/avatar\/b1ee285506e2cb880ec988990d360e255aecb31c77212741dace1023623610c2?s=96&d=mm&r=g","caption":"Groupe local Paillon-B\u00e9v\u00e9ra"},"url":"https:\/\/paca.lpo.fr\/blogs\/nice\/author\/alpesmaritimesest\/"}]}},"jetpack_featured_media_url":"https:\/\/paca.lpo.fr\/blogs\/nice\/files\/2016\/07\/P1380979-2-Copie.jpg","_links":{"self":[{"href":"https:\/\/paca.lpo.fr\/blogs\/nice\/wp-json\/wp\/v2\/posts\/1491","targetHints":{"allow":["GET"]}}],"collection":[{"href":"https:\/\/paca.lpo.fr\/blogs\/nice\/wp-json\/wp\/v2\/posts"}],"about":[{"href":"https:\/\/paca.lpo.fr\/blogs\/nice\/wp-json\/wp\/v2\/types\/post"}],"author":[{"embeddable":true,"href":"https:\/\/paca.lpo.fr\/blogs\/nice\/wp-json\/wp\/v2\/users\/15"}],"replies":[{"embeddable":true,"href":"https:\/\/paca.lpo.fr\/blogs\/nice\/wp-json\/wp\/v2\/comments?post=1491"}],"version-history":[{"count":1,"href":"https:\/\/paca.lpo.fr\/blogs\/nice\/wp-json\/wp\/v2\/posts\/1491\/revisions"}],"predecessor-version":[{"id":1493,"href":"https:\/\/paca.lpo.fr\/blogs\/nice\/wp-json\/wp\/v2\/posts\/1491\/revisions\/1493"}],"wp:featuredmedia":[{"embeddable":true,"href":"https:\/\/paca.lpo.fr\/blogs\/nice\/wp-json\/wp\/v2\/media\/1492"}],"wp:attachment":[{"href":"https:\/\/paca.lpo.fr\/blogs\/nice\/wp-json\/wp\/v2\/media?parent=1491"}],"wp:term":[{"taxonomy":"category","embeddable":true,"href":"https:\/\/paca.lpo.fr\/blogs\/nice\/wp-json\/wp\/v2\/categories?post=1491"},{"taxonomy":"post_tag","embeddable":true,"href":"https:\/\/paca.lpo.fr\/blogs\/nice\/wp-json\/wp\/v2\/tags?post=1491"}],"curies":[{"name":"wp","href":"https:\/\/api.w.org\/{rel}","templated":true}]}}