{"id":1494,"date":"2016-07-05T14:23:24","date_gmt":"2016-07-05T13:23:24","guid":{"rendered":"https:\/\/paca.lpo.fr\/blogs\/nice\/?p=1494"},"modified":"2017-04-20T15:22:32","modified_gmt":"2017-04-20T14:22:32","slug":"weekend-a-isola-2000-et-stanna-di-vinadio-25-et-26-juin-2016","status":"publish","type":"post","link":"https:\/\/paca.lpo.fr\/blogs\/nice\/2016\/07\/05\/weekend-a-isola-2000-et-stanna-di-vinadio-25-et-26-juin-2016\/","title":{"rendered":"Weekend \u00e0 Isola 2000 et St&rsquo;Anna di Vinadio 25 et 26 juin 2016"},"content":{"rendered":"<p>Belle r\u00e9ussite pour notre weekend en montagne, gr\u00e2ce \u00e0 Maguy qui a su nous guider dans les bons endroits. Samedi, apr\u00e8s une jolie balade le long de la rivi\u00e8re \u00e0 Isola 2000,<br \/>\net une halte observation au Col de la Lombarde, le groupe s&rsquo;est install\u00e9 au \u00ab\u00a0rifugio\u00a0\u00bb du Sanctuaire de Sainte Anne de Vinadio pour le diner et la nuit. Le dimanche, d\u00e9couverte des tr\u00e8s beaux lacs d&rsquo;altitude, dans les prairies bien fleuries \u00e0 cette \u00e9poque. Les oiseaux de montagne \u00e9taient bien pr\u00e9sents les deux jours, avec de nombreuses observations de traquet motteux, tarier des pr\u00e8s, m\u00e9sanges, pinson, cassenoix mouchet\u00e9, et la fauvette des jardins du sanctuaire nous a r\u00e9gal\u00e9s avec son joli chant. Quelques grands oiseaux ont \u00e9t\u00e9 vus, comme l&rsquo;aigle royal, les faucons p\u00e8lerin et cr\u00e9cerelle, l&rsquo;\u00e9pervier, et m\u00eame un vautour fauve lors de notre balade nocturne, \u00e0 21h45! Les bouquetins sont rest\u00e9s assez loin mais les chamois ont bien voulu poser pour les photographes. De beaux moments partag\u00e9s en montagne avec une m\u00e9t\u00e9o parfaite.<\/p>\n<figure id=\"attachment_1501\" aria-describedby=\"caption-attachment-1501\" style=\"width: 480px\" class=\"wp-caption alignnone\"><a href=\"https:\/\/paca.lpo.fr\/blogs\/nice\/files\/2016\/07\/blog3-1.jpg\"><img loading=\"lazy\" decoding=\"async\" class=\"wp-image-1501 size-medium\" src=\"https:\/\/paca.lpo.fr\/blogs\/nice\/files\/2016\/07\/blog3-1-480x272.jpg\" alt=\"?????????????\" width=\"480\" height=\"272\" srcset=\"https:\/\/paca.lpo.fr\/blogs\/nice\/files\/2016\/07\/blog3-1-480x272.jpg 480w, https:\/\/paca.lpo.fr\/blogs\/nice\/files\/2016\/07\/blog3-1-768x435.jpg 768w, https:\/\/paca.lpo.fr\/blogs\/nice\/files\/2016\/07\/blog3-1-960x543.jpg 960w, https:\/\/paca.lpo.fr\/blogs\/nice\/files\/2016\/07\/blog3-1-700x396.jpg 700w, https:\/\/paca.lpo.fr\/blogs\/nice\/files\/2016\/07\/blog3-1.jpg 1009w\" sizes=\"auto, (max-width: 480px) 100vw, 480px\" \/><\/a><figcaption id=\"caption-attachment-1501\" class=\"wp-caption-text\">?????????????<\/figcaption><\/figure>\n<figure id=\"attachment_1508\" aria-describedby=\"caption-attachment-1508\" style=\"width: 480px\" class=\"wp-caption alignnone\"><a href=\"https:\/\/paca.lpo.fr\/blogs\/nice\/files\/2016\/07\/blog5-1.jpg\"><img loading=\"lazy\" decoding=\"async\" class=\"wp-image-1508 size-medium\" src=\"https:\/\/paca.lpo.fr\/blogs\/nice\/files\/2016\/07\/blog5-1-480x270.jpg\" alt=\"?????????????\" width=\"480\" height=\"270\" srcset=\"https:\/\/paca.lpo.fr\/blogs\/nice\/files\/2016\/07\/blog5-1-480x270.jpg 480w, https:\/\/paca.lpo.fr\/blogs\/nice\/files\/2016\/07\/blog5-1-768x432.jpg 768w, https:\/\/paca.lpo.fr\/blogs\/nice\/files\/2016\/07\/blog5-1-960x540.jpg 960w, https:\/\/paca.lpo.fr\/blogs\/nice\/files\/2016\/07\/blog5-1-700x393.jpg 700w, https:\/\/paca.lpo.fr\/blogs\/nice\/files\/2016\/07\/blog5-1-800x450.jpg 800w, https:\/\/paca.lpo.fr\/blogs\/nice\/files\/2016\/07\/blog5-1.jpg 1005w\" sizes=\"auto, (max-width: 480px) 100vw, 480px\" \/><\/a><figcaption id=\"caption-attachment-1508\" class=\"wp-caption-text\">?????????????<\/figcaption><\/figure>\n<p><a href=\"https:\/\/paca.lpo.fr\/blogs\/nice\/files\/2016\/07\/blog4-1.jpg\"><img loading=\"lazy\" decoding=\"async\" class=\"alignnone wp-image-1504 size-medium\" src=\"https:\/\/paca.lpo.fr\/blogs\/nice\/files\/2016\/07\/blog4-1-480x320.jpg\" alt=\"blog4\" width=\"480\" height=\"320\" srcset=\"https:\/\/paca.lpo.fr\/blogs\/nice\/files\/2016\/07\/blog4-1-480x320.jpg 480w, https:\/\/paca.lpo.fr\/blogs\/nice\/files\/2016\/07\/blog4-1-768x512.jpg 768w, https:\/\/paca.lpo.fr\/blogs\/nice\/files\/2016\/07\/blog4-1-960x640.jpg 960w, https:\/\/paca.lpo.fr\/blogs\/nice\/files\/2016\/07\/blog4-1-700x467.jpg 700w, https:\/\/paca.lpo.fr\/blogs\/nice\/files\/2016\/07\/blog4-1.jpg 1008w\" sizes=\"auto, (max-width: 480px) 100vw, 480px\" \/><\/a><\/p>\n","protected":false},"excerpt":{"rendered":"<p>Belle r\u00e9ussite pour notre weekend en montagne, gr\u00e2ce \u00e0 Maguy qui a su nous guider dans les bons endroits. Samedi, apr\u00e8s une jolie balade le long de la rivi\u00e8re \u00e0 Isola 2000, et une halte observation au Col de la Lombarde, le groupe s&rsquo;est install\u00e9 au \u00ab\u00a0rifugio\u00a0\u00bb du Sanctuaire de Sainte Anne de Vinadio pour [&hellip;]<\/p>\n","protected":false},"author":15,"featured_media":1498,"comment_status":"open","ping_status":"open","sticky":false,"template":"","format":"standard","meta":{"footnotes":""},"categories":[1],"tags":[],"class_list":["post-1494","post","type-post","status-publish","format-standard","has-post-thumbnail","hentry","category-sorties-nature"],"yoast_head":"<!-- This site is optimized with the Yoast SEO plugin v28.3 - https:\/\/yoast.com\/product\/yoast-seo-wordpress\/ -->\n<title>Weekend \u00e0 Isola 2000 et St&#039;Anna di Vinadio 25 et 26 juin 2016 - Groupe local Nice<\/title>\n<meta name=\"robots\" content=\"index, follow, max-snippet:-1, max-image-preview:large, max-video-preview:-1\" \/>\n<link rel=\"canonical\" href=\"https:\/\/paca.lpo.fr\/blogs\/nice\/2016\/07\/05\/weekend-a-isola-2000-et-stanna-di-vinadio-25-et-26-juin-2016\/\" \/>\n<meta property=\"og:locale\" content=\"fr_FR\" \/>\n<meta property=\"og:type\" content=\"article\" \/>\n<meta property=\"og:title\" content=\"Weekend \u00e0 Isola 2000 et St&#039;Anna di Vinadio 25 et 26 juin 2016 - Groupe local Nice\" \/>\n<meta property=\"og:description\" content=\"Belle r\u00e9ussite pour notre weekend en montagne, gr\u00e2ce \u00e0 Maguy qui a su nous guider dans les bons endroits. Samedi, apr\u00e8s une jolie balade le long de la rivi\u00e8re \u00e0 Isola 2000, et une halte observation au Col de la Lombarde, le groupe s&rsquo;est install\u00e9 au \u00ab\u00a0rifugio\u00a0\u00bb du Sanctuaire de Sainte Anne de Vinadio pour [&hellip;]\" \/>\n<meta property=\"og:url\" content=\"https:\/\/paca.lpo.fr\/blogs\/nice\/2016\/07\/05\/weekend-a-isola-2000-et-stanna-di-vinadio-25-et-26-juin-2016\/\" \/>\n<meta property=\"og:site_name\" content=\"Groupe local Nice\" \/>\n<meta property=\"article:published_time\" content=\"2016-07-05T13:23:24+00:00\" \/>\n<meta property=\"article:modified_time\" content=\"2017-04-20T14:22:32+00:00\" \/>\n<meta property=\"og:image\" content=\"https:\/\/paca.lpo.fr\/blogs\/nice\/files\/2016\/07\/blog-une.jpg\" \/>\n\t<meta property=\"og:image:width\" content=\"691\" \/>\n\t<meta property=\"og:image:height\" content=\"499\" \/>\n\t<meta property=\"og:image:type\" content=\"image\/jpeg\" \/>\n<meta name=\"author\" content=\"Groupe local Paillon-B\u00e9v\u00e9ra\" \/>\n<meta name=\"twitter:card\" content=\"summary_large_image\" \/>\n<meta name=\"twitter:label1\" content=\"\u00c9crit par\" \/>\n\t<meta name=\"twitter:data1\" content=\"Groupe local Paillon-B\u00e9v\u00e9ra\" \/>\n\t<meta name=\"twitter:label2\" content=\"Dur\u00e9e de lecture estim\u00e9e\" \/>\n\t<meta name=\"twitter:data2\" content=\"1 minute\" \/>\n<script type=\"application\/ld+json\" class=\"yoast-schema-graph\">{\"@context\":\"https:\\\/\\\/schema.org\",\"@graph\":[{\"@type\":\"Article\",\"@id\":\"https:\\\/\\\/paca.lpo.fr\\\/blogs\\\/nice\\\/2016\\\/07\\\/05\\\/weekend-a-isola-2000-et-stanna-di-vinadio-25-et-26-juin-2016\\\/#article\",\"isPartOf\":{\"@id\":\"https:\\\/\\\/paca.lpo.fr\\\/blogs\\\/nice\\\/2016\\\/07\\\/05\\\/weekend-a-isola-2000-et-stanna-di-vinadio-25-et-26-juin-2016\\\/\"},\"author\":{\"name\":\"Groupe local Paillon-B\u00e9v\u00e9ra\",\"@id\":\"https:\\\/\\\/paca.lpo.fr\\\/blogs\\\/nice\\\/#\\\/schema\\\/person\\\/1bda33335fb71e0b3552487db26a4c56\"},\"headline\":\"Weekend \u00e0 Isola 2000 et St&rsquo;Anna di Vinadio 25 et 26 juin 2016\",\"datePublished\":\"2016-07-05T13:23:24+00:00\",\"dateModified\":\"2017-04-20T14:22:32+00:00\",\"mainEntityOfPage\":{\"@id\":\"https:\\\/\\\/paca.lpo.fr\\\/blogs\\\/nice\\\/2016\\\/07\\\/05\\\/weekend-a-isola-2000-et-stanna-di-vinadio-25-et-26-juin-2016\\\/\"},\"wordCount\":207,\"commentCount\":0,\"publisher\":{\"@id\":\"https:\\\/\\\/paca.lpo.fr\\\/blogs\\\/nice\\\/#organization\"},\"image\":{\"@id\":\"https:\\\/\\\/paca.lpo.fr\\\/blogs\\\/nice\\\/2016\\\/07\\\/05\\\/weekend-a-isola-2000-et-stanna-di-vinadio-25-et-26-juin-2016\\\/#primaryimage\"},\"thumbnailUrl\":\"https:\\\/\\\/paca.lpo.fr\\\/blogs\\\/nice\\\/files\\\/2016\\\/07\\\/blog-une.jpg\",\"articleSection\":[\"grands \u00e9v\u00e8nements\"],\"inLanguage\":\"fr-FR\",\"potentialAction\":[{\"@type\":\"CommentAction\",\"name\":\"Comment\",\"target\":[\"https:\\\/\\\/paca.lpo.fr\\\/blogs\\\/nice\\\/2016\\\/07\\\/05\\\/weekend-a-isola-2000-et-stanna-di-vinadio-25-et-26-juin-2016\\\/#respond\"]}]},{\"@type\":\"WebPage\",\"@id\":\"https:\\\/\\\/paca.lpo.fr\\\/blogs\\\/nice\\\/2016\\\/07\\\/05\\\/weekend-a-isola-2000-et-stanna-di-vinadio-25-et-26-juin-2016\\\/\",\"url\":\"https:\\\/\\\/paca.lpo.fr\\\/blogs\\\/nice\\\/2016\\\/07\\\/05\\\/weekend-a-isola-2000-et-stanna-di-vinadio-25-et-26-juin-2016\\\/\",\"name\":\"Weekend \u00e0 Isola 2000 et St'Anna di Vinadio 25 et 26 juin 2016 - Groupe local Nice\",\"isPartOf\":{\"@id\":\"https:\\\/\\\/paca.lpo.fr\\\/blogs\\\/nice\\\/#website\"},\"primaryImageOfPage\":{\"@id\":\"https:\\\/\\\/paca.lpo.fr\\\/blogs\\\/nice\\\/2016\\\/07\\\/05\\\/weekend-a-isola-2000-et-stanna-di-vinadio-25-et-26-juin-2016\\\/#primaryimage\"},\"image\":{\"@id\":\"https:\\\/\\\/paca.lpo.fr\\\/blogs\\\/nice\\\/2016\\\/07\\\/05\\\/weekend-a-isola-2000-et-stanna-di-vinadio-25-et-26-juin-2016\\\/#primaryimage\"},\"thumbnailUrl\":\"https:\\\/\\\/paca.lpo.fr\\\/blogs\\\/nice\\\/files\\\/2016\\\/07\\\/blog-une.jpg\",\"datePublished\":\"2016-07-05T13:23:24+00:00\",\"dateModified\":\"2017-04-20T14:22:32+00:00\",\"breadcrumb\":{\"@id\":\"https:\\\/\\\/paca.lpo.fr\\\/blogs\\\/nice\\\/2016\\\/07\\\/05\\\/weekend-a-isola-2000-et-stanna-di-vinadio-25-et-26-juin-2016\\\/#breadcrumb\"},\"inLanguage\":\"fr-FR\",\"potentialAction\":[{\"@type\":\"ReadAction\",\"target\":[\"https:\\\/\\\/paca.lpo.fr\\\/blogs\\\/nice\\\/2016\\\/07\\\/05\\\/weekend-a-isola-2000-et-stanna-di-vinadio-25-et-26-juin-2016\\\/\"]}]},{\"@type\":\"ImageObject\",\"inLanguage\":\"fr-FR\",\"@id\":\"https:\\\/\\\/paca.lpo.fr\\\/blogs\\\/nice\\\/2016\\\/07\\\/05\\\/weekend-a-isola-2000-et-stanna-di-vinadio-25-et-26-juin-2016\\\/#primaryimage\",\"url\":\"https:\\\/\\\/paca.lpo.fr\\\/blogs\\\/nice\\\/files\\\/2016\\\/07\\\/blog-une.jpg\",\"contentUrl\":\"https:\\\/\\\/paca.lpo.fr\\\/blogs\\\/nice\\\/files\\\/2016\\\/07\\\/blog-une.jpg\",\"width\":691,\"height\":499,\"caption\":\"????????????????????????????????????\"},{\"@type\":\"BreadcrumbList\",\"@id\":\"https:\\\/\\\/paca.lpo.fr\\\/blogs\\\/nice\\\/2016\\\/07\\\/05\\\/weekend-a-isola-2000-et-stanna-di-vinadio-25-et-26-juin-2016\\\/#breadcrumb\",\"itemListElement\":[{\"@type\":\"ListItem\",\"position\":1,\"name\":\"Accueil\",\"item\":\"https:\\\/\\\/paca.lpo.fr\\\/blogs\\\/nice\\\/\"},{\"@type\":\"ListItem\",\"position\":2,\"name\":\"Weekend \u00e0 Isola 2000 et St&rsquo;Anna di Vinadio 25 et 26 juin 2016\"}]},{\"@type\":\"WebSite\",\"@id\":\"https:\\\/\\\/paca.lpo.fr\\\/blogs\\\/nice\\\/#website\",\"url\":\"https:\\\/\\\/paca.lpo.fr\\\/blogs\\\/nice\\\/\",\"name\":\"Groupe local Nice\",\"description\":\"Groupe local Nice\",\"publisher\":{\"@id\":\"https:\\\/\\\/paca.lpo.fr\\\/blogs\\\/nice\\\/#organization\"},\"potentialAction\":[{\"@type\":\"SearchAction\",\"target\":{\"@type\":\"EntryPoint\",\"urlTemplate\":\"https:\\\/\\\/paca.lpo.fr\\\/blogs\\\/nice\\\/?s={search_term_string}\"},\"query-input\":{\"@type\":\"PropertyValueSpecification\",\"valueRequired\":true,\"valueName\":\"search_term_string\"}}],\"inLanguage\":\"fr-FR\"},{\"@type\":\"Organization\",\"@id\":\"https:\\\/\\\/paca.lpo.fr\\\/blogs\\\/nice\\\/#organization\",\"name\":\"Groupe local Nice\",\"url\":\"https:\\\/\\\/paca.lpo.fr\\\/blogs\\\/nice\\\/\",\"logo\":{\"@type\":\"ImageObject\",\"inLanguage\":\"fr-FR\",\"@id\":\"https:\\\/\\\/paca.lpo.fr\\\/blogs\\\/nice\\\/#\\\/schema\\\/logo\\\/image\\\/\",\"url\":\"https:\\\/\\\/paca.lpo.fr\\\/blogs\\\/nice\\\/files\\\/2024\\\/01\\\/cropped-rvb-lpo-paca-logotype-signature-droite-mini-500.jpg\",\"contentUrl\":\"https:\\\/\\\/paca.lpo.fr\\\/blogs\\\/nice\\\/files\\\/2024\\\/01\\\/cropped-rvb-lpo-paca-logotype-signature-droite-mini-500.jpg\",\"width\":500,\"height\":210,\"caption\":\"Groupe local Nice\"},\"image\":{\"@id\":\"https:\\\/\\\/paca.lpo.fr\\\/blogs\\\/nice\\\/#\\\/schema\\\/logo\\\/image\\\/\"}},{\"@type\":\"Person\",\"@id\":\"https:\\\/\\\/paca.lpo.fr\\\/blogs\\\/nice\\\/#\\\/schema\\\/person\\\/1bda33335fb71e0b3552487db26a4c56\",\"name\":\"Groupe local Paillon-B\u00e9v\u00e9ra\",\"image\":{\"@type\":\"ImageObject\",\"inLanguage\":\"fr-FR\",\"@id\":\"https:\\\/\\\/secure.gravatar.com\\\/avatar\\\/b1ee285506e2cb880ec988990d360e255aecb31c77212741dace1023623610c2?s=96&d=mm&r=g\",\"url\":\"https:\\\/\\\/secure.gravatar.com\\\/avatar\\\/b1ee285506e2cb880ec988990d360e255aecb31c77212741dace1023623610c2?s=96&d=mm&r=g\",\"contentUrl\":\"https:\\\/\\\/secure.gravatar.com\\\/avatar\\\/b1ee285506e2cb880ec988990d360e255aecb31c77212741dace1023623610c2?s=96&d=mm&r=g\",\"caption\":\"Groupe local Paillon-B\u00e9v\u00e9ra\"},\"url\":\"https:\\\/\\\/paca.lpo.fr\\\/blogs\\\/nice\\\/author\\\/alpesmaritimesest\\\/\"}]}<\/script>\n<!-- \/ Yoast SEO plugin. -->","yoast_head_json":{"title":"Weekend \u00e0 Isola 2000 et St'Anna di Vinadio 25 et 26 juin 2016 - Groupe local Nice","robots":{"index":"index","follow":"follow","max-snippet":"max-snippet:-1","max-image-preview":"max-image-preview:large","max-video-preview":"max-video-preview:-1"},"canonical":"https:\/\/paca.lpo.fr\/blogs\/nice\/2016\/07\/05\/weekend-a-isola-2000-et-stanna-di-vinadio-25-et-26-juin-2016\/","og_locale":"fr_FR","og_type":"article","og_title":"Weekend \u00e0 Isola 2000 et St'Anna di Vinadio 25 et 26 juin 2016 - Groupe local Nice","og_description":"Belle r\u00e9ussite pour notre weekend en montagne, gr\u00e2ce \u00e0 Maguy qui a su nous guider dans les bons endroits. Samedi, apr\u00e8s une jolie balade le long de la rivi\u00e8re \u00e0 Isola 2000, et une halte observation au Col de la Lombarde, le groupe s&rsquo;est install\u00e9 au \u00ab\u00a0rifugio\u00a0\u00bb du Sanctuaire de Sainte Anne de Vinadio pour [&hellip;]","og_url":"https:\/\/paca.lpo.fr\/blogs\/nice\/2016\/07\/05\/weekend-a-isola-2000-et-stanna-di-vinadio-25-et-26-juin-2016\/","og_site_name":"Groupe local Nice","article_published_time":"2016-07-05T13:23:24+00:00","article_modified_time":"2017-04-20T14:22:32+00:00","og_image":[{"width":691,"height":499,"url":"https:\/\/paca.lpo.fr\/blogs\/nice\/files\/2016\/07\/blog-une.jpg","type":"image\/jpeg"}],"author":"Groupe local Paillon-B\u00e9v\u00e9ra","twitter_card":"summary_large_image","twitter_misc":{"\u00c9crit par":"Groupe local Paillon-B\u00e9v\u00e9ra","Dur\u00e9e de lecture estim\u00e9e":"1 minute"},"schema":{"@context":"https:\/\/schema.org","@graph":[{"@type":"Article","@id":"https:\/\/paca.lpo.fr\/blogs\/nice\/2016\/07\/05\/weekend-a-isola-2000-et-stanna-di-vinadio-25-et-26-juin-2016\/#article","isPartOf":{"@id":"https:\/\/paca.lpo.fr\/blogs\/nice\/2016\/07\/05\/weekend-a-isola-2000-et-stanna-di-vinadio-25-et-26-juin-2016\/"},"author":{"name":"Groupe local Paillon-B\u00e9v\u00e9ra","@id":"https:\/\/paca.lpo.fr\/blogs\/nice\/#\/schema\/person\/1bda33335fb71e0b3552487db26a4c56"},"headline":"Weekend \u00e0 Isola 2000 et St&rsquo;Anna di Vinadio 25 et 26 juin 2016","datePublished":"2016-07-05T13:23:24+00:00","dateModified":"2017-04-20T14:22:32+00:00","mainEntityOfPage":{"@id":"https:\/\/paca.lpo.fr\/blogs\/nice\/2016\/07\/05\/weekend-a-isola-2000-et-stanna-di-vinadio-25-et-26-juin-2016\/"},"wordCount":207,"commentCount":0,"publisher":{"@id":"https:\/\/paca.lpo.fr\/blogs\/nice\/#organization"},"image":{"@id":"https:\/\/paca.lpo.fr\/blogs\/nice\/2016\/07\/05\/weekend-a-isola-2000-et-stanna-di-vinadio-25-et-26-juin-2016\/#primaryimage"},"thumbnailUrl":"https:\/\/paca.lpo.fr\/blogs\/nice\/files\/2016\/07\/blog-une.jpg","articleSection":["grands \u00e9v\u00e8nements"],"inLanguage":"fr-FR","potentialAction":[{"@type":"CommentAction","name":"Comment","target":["https:\/\/paca.lpo.fr\/blogs\/nice\/2016\/07\/05\/weekend-a-isola-2000-et-stanna-di-vinadio-25-et-26-juin-2016\/#respond"]}]},{"@type":"WebPage","@id":"https:\/\/paca.lpo.fr\/blogs\/nice\/2016\/07\/05\/weekend-a-isola-2000-et-stanna-di-vinadio-25-et-26-juin-2016\/","url":"https:\/\/paca.lpo.fr\/blogs\/nice\/2016\/07\/05\/weekend-a-isola-2000-et-stanna-di-vinadio-25-et-26-juin-2016\/","name":"Weekend \u00e0 Isola 2000 et St'Anna di Vinadio 25 et 26 juin 2016 - Groupe local Nice","isPartOf":{"@id":"https:\/\/paca.lpo.fr\/blogs\/nice\/#website"},"primaryImageOfPage":{"@id":"https:\/\/paca.lpo.fr\/blogs\/nice\/2016\/07\/05\/weekend-a-isola-2000-et-stanna-di-vinadio-25-et-26-juin-2016\/#primaryimage"},"image":{"@id":"https:\/\/paca.lpo.fr\/blogs\/nice\/2016\/07\/05\/weekend-a-isola-2000-et-stanna-di-vinadio-25-et-26-juin-2016\/#primaryimage"},"thumbnailUrl":"https:\/\/paca.lpo.fr\/blogs\/nice\/files\/2016\/07\/blog-une.jpg","datePublished":"2016-07-05T13:23:24+00:00","dateModified":"2017-04-20T14:22:32+00:00","breadcrumb":{"@id":"https:\/\/paca.lpo.fr\/blogs\/nice\/2016\/07\/05\/weekend-a-isola-2000-et-stanna-di-vinadio-25-et-26-juin-2016\/#breadcrumb"},"inLanguage":"fr-FR","potentialAction":[{"@type":"ReadAction","target":["https:\/\/paca.lpo.fr\/blogs\/nice\/2016\/07\/05\/weekend-a-isola-2000-et-stanna-di-vinadio-25-et-26-juin-2016\/"]}]},{"@type":"ImageObject","inLanguage":"fr-FR","@id":"https:\/\/paca.lpo.fr\/blogs\/nice\/2016\/07\/05\/weekend-a-isola-2000-et-stanna-di-vinadio-25-et-26-juin-2016\/#primaryimage","url":"https:\/\/paca.lpo.fr\/blogs\/nice\/files\/2016\/07\/blog-une.jpg","contentUrl":"https:\/\/paca.lpo.fr\/blogs\/nice\/files\/2016\/07\/blog-une.jpg","width":691,"height":499,"caption":"????????????????????????????????????"},{"@type":"BreadcrumbList","@id":"https:\/\/paca.lpo.fr\/blogs\/nice\/2016\/07\/05\/weekend-a-isola-2000-et-stanna-di-vinadio-25-et-26-juin-2016\/#breadcrumb","itemListElement":[{"@type":"ListItem","position":1,"name":"Accueil","item":"https:\/\/paca.lpo.fr\/blogs\/nice\/"},{"@type":"ListItem","position":2,"name":"Weekend \u00e0 Isola 2000 et St&rsquo;Anna di Vinadio 25 et 26 juin 2016"}]},{"@type":"WebSite","@id":"https:\/\/paca.lpo.fr\/blogs\/nice\/#website","url":"https:\/\/paca.lpo.fr\/blogs\/nice\/","name":"Groupe local Nice","description":"Groupe local Nice","publisher":{"@id":"https:\/\/paca.lpo.fr\/blogs\/nice\/#organization"},"potentialAction":[{"@type":"SearchAction","target":{"@type":"EntryPoint","urlTemplate":"https:\/\/paca.lpo.fr\/blogs\/nice\/?s={search_term_string}"},"query-input":{"@type":"PropertyValueSpecification","valueRequired":true,"valueName":"search_term_string"}}],"inLanguage":"fr-FR"},{"@type":"Organization","@id":"https:\/\/paca.lpo.fr\/blogs\/nice\/#organization","name":"Groupe local Nice","url":"https:\/\/paca.lpo.fr\/blogs\/nice\/","logo":{"@type":"ImageObject","inLanguage":"fr-FR","@id":"https:\/\/paca.lpo.fr\/blogs\/nice\/#\/schema\/logo\/image\/","url":"https:\/\/paca.lpo.fr\/blogs\/nice\/files\/2024\/01\/cropped-rvb-lpo-paca-logotype-signature-droite-mini-500.jpg","contentUrl":"https:\/\/paca.lpo.fr\/blogs\/nice\/files\/2024\/01\/cropped-rvb-lpo-paca-logotype-signature-droite-mini-500.jpg","width":500,"height":210,"caption":"Groupe local Nice"},"image":{"@id":"https:\/\/paca.lpo.fr\/blogs\/nice\/#\/schema\/logo\/image\/"}},{"@type":"Person","@id":"https:\/\/paca.lpo.fr\/blogs\/nice\/#\/schema\/person\/1bda33335fb71e0b3552487db26a4c56","name":"Groupe local Paillon-B\u00e9v\u00e9ra","image":{"@type":"ImageObject","inLanguage":"fr-FR","@id":"https:\/\/secure.gravatar.com\/avatar\/b1ee285506e2cb880ec988990d360e255aecb31c77212741dace1023623610c2?s=96&d=mm&r=g","url":"https:\/\/secure.gravatar.com\/avatar\/b1ee285506e2cb880ec988990d360e255aecb31c77212741dace1023623610c2?s=96&d=mm&r=g","contentUrl":"https:\/\/secure.gravatar.com\/avatar\/b1ee285506e2cb880ec988990d360e255aecb31c77212741dace1023623610c2?s=96&d=mm&r=g","caption":"Groupe local Paillon-B\u00e9v\u00e9ra"},"url":"https:\/\/paca.lpo.fr\/blogs\/nice\/author\/alpesmaritimesest\/"}]}},"jetpack_featured_media_url":"https:\/\/paca.lpo.fr\/blogs\/nice\/files\/2016\/07\/blog-une.jpg","_links":{"self":[{"href":"https:\/\/paca.lpo.fr\/blogs\/nice\/wp-json\/wp\/v2\/posts\/1494","targetHints":{"allow":["GET"]}}],"collection":[{"href":"https:\/\/paca.lpo.fr\/blogs\/nice\/wp-json\/wp\/v2\/posts"}],"about":[{"href":"https:\/\/paca.lpo.fr\/blogs\/nice\/wp-json\/wp\/v2\/types\/post"}],"author":[{"embeddable":true,"href":"https:\/\/paca.lpo.fr\/blogs\/nice\/wp-json\/wp\/v2\/users\/15"}],"replies":[{"embeddable":true,"href":"https:\/\/paca.lpo.fr\/blogs\/nice\/wp-json\/wp\/v2\/comments?post=1494"}],"version-history":[{"count":5,"href":"https:\/\/paca.lpo.fr\/blogs\/nice\/wp-json\/wp\/v2\/posts\/1494\/revisions"}],"predecessor-version":[{"id":1738,"href":"https:\/\/paca.lpo.fr\/blogs\/nice\/wp-json\/wp\/v2\/posts\/1494\/revisions\/1738"}],"wp:featuredmedia":[{"embeddable":true,"href":"https:\/\/paca.lpo.fr\/blogs\/nice\/wp-json\/wp\/v2\/media\/1498"}],"wp:attachment":[{"href":"https:\/\/paca.lpo.fr\/blogs\/nice\/wp-json\/wp\/v2\/media?parent=1494"}],"wp:term":[{"taxonomy":"category","embeddable":true,"href":"https:\/\/paca.lpo.fr\/blogs\/nice\/wp-json\/wp\/v2\/categories?post=1494"},{"taxonomy":"post_tag","embeddable":true,"href":"https:\/\/paca.lpo.fr\/blogs\/nice\/wp-json\/wp\/v2\/tags?post=1494"}],"curies":[{"name":"wp","href":"https:\/\/api.w.org\/{rel}","templated":true}]}}