{"id":1542,"date":"2016-08-24T11:32:23","date_gmt":"2016-08-24T10:32:23","guid":{"rendered":"https:\/\/paca.lpo.fr\/blogs\/nice\/?p=1542"},"modified":"2016-08-24T11:32:23","modified_gmt":"2016-08-24T10:32:23","slug":"sortie-nocturne-au-parc-du-vinaigrier-le-23-aout-2016","status":"publish","type":"post","link":"https:\/\/paca.lpo.fr\/blogs\/nice\/2016\/08\/24\/sortie-nocturne-au-parc-du-vinaigrier-le-23-aout-2016\/","title":{"rendered":"Sortie nocturne au Parc du Vinaigrier le 23 ao\u00fbt 2016"},"content":{"rendered":"<p>Les animations d&rsquo;Eve Leb\u00e8gue de la LPO PACA dans les parcs naturels du d\u00e9partement remportent toujours un vif succ\u00e8s.<br \/>\nAu Parc du Vinaigrier les nombreux participants ont beaucoup appris sur les rapaces nocturnes et une chouette hulotte a \u00e9t\u00e9 entendue \u00e0 plusieurs reprises, m\u00eame si elle est rest\u00e9e un peu loin.<br \/>\n  <img loading=\"lazy\" decoding=\"async\" src=\"https:\/\/paca.lpo.fr\/blogs\/nice\/files\/2016\/08\/blog1-960x720.jpg\" alt=\"blog1\" width=\"660\" height=\"495\" class=\"alignnone size-large wp-image-1543\" srcset=\"https:\/\/paca.lpo.fr\/blogs\/nice\/files\/2016\/08\/blog1-960x720.jpg 960w, https:\/\/paca.lpo.fr\/blogs\/nice\/files\/2016\/08\/blog1-480x360.jpg 480w, https:\/\/paca.lpo.fr\/blogs\/nice\/files\/2016\/08\/blog1-768x576.jpg 768w, https:\/\/paca.lpo.fr\/blogs\/nice\/files\/2016\/08\/blog1-700x525.jpg 700w, https:\/\/paca.lpo.fr\/blogs\/nice\/files\/2016\/08\/blog1.jpg 997w\" sizes=\"auto, (max-width: 660px) 100vw, 660px\" \/><img loading=\"lazy\" decoding=\"async\" src=\"https:\/\/paca.lpo.fr\/blogs\/nice\/files\/2016\/08\/blog2-960x720.jpg\" alt=\"blog2\" width=\"660\" height=\"495\" class=\"alignnone size-large wp-image-1544\" srcset=\"https:\/\/paca.lpo.fr\/blogs\/nice\/files\/2016\/08\/blog2-960x720.jpg 960w, https:\/\/paca.lpo.fr\/blogs\/nice\/files\/2016\/08\/blog2-480x360.jpg 480w, https:\/\/paca.lpo.fr\/blogs\/nice\/files\/2016\/08\/blog2-768x576.jpg 768w, https:\/\/paca.lpo.fr\/blogs\/nice\/files\/2016\/08\/blog2-700x525.jpg 700w, https:\/\/paca.lpo.fr\/blogs\/nice\/files\/2016\/08\/blog2.jpg 997w\" sizes=\"auto, (max-width: 660px) 100vw, 660px\" \/><img loading=\"lazy\" decoding=\"async\" src=\"https:\/\/paca.lpo.fr\/blogs\/nice\/files\/2016\/08\/blog4-960x720.jpg\" alt=\"blog4\" width=\"660\" height=\"495\" class=\"alignnone size-large wp-image-1545\" srcset=\"https:\/\/paca.lpo.fr\/blogs\/nice\/files\/2016\/08\/blog4-960x720.jpg 960w, https:\/\/paca.lpo.fr\/blogs\/nice\/files\/2016\/08\/blog4-480x360.jpg 480w, https:\/\/paca.lpo.fr\/blogs\/nice\/files\/2016\/08\/blog4-768x576.jpg 768w, https:\/\/paca.lpo.fr\/blogs\/nice\/files\/2016\/08\/blog4-700x525.jpg 700w, https:\/\/paca.lpo.fr\/blogs\/nice\/files\/2016\/08\/blog4.jpg 1094w\" sizes=\"auto, (max-width: 660px) 100vw, 660px\" \/><\/p>\n","protected":false},"excerpt":{"rendered":"<p>Les animations d&rsquo;Eve Leb\u00e8gue de la LPO PACA dans les parcs naturels du d\u00e9partement remportent toujours un vif succ\u00e8s. Au Parc du Vinaigrier les nombreux participants ont beaucoup appris sur les rapaces nocturnes et une chouette hulotte a \u00e9t\u00e9 entendue \u00e0 plusieurs reprises, m\u00eame si elle est rest\u00e9e un peu loin.<\/p>\n","protected":false},"author":15,"featured_media":1548,"comment_status":"open","ping_status":"open","sticky":false,"template":"","format":"standard","meta":{"footnotes":""},"categories":[1],"tags":[],"class_list":["post-1542","post","type-post","status-publish","format-standard","has-post-thumbnail","hentry","category-sorties-nature"],"yoast_head":"<!-- This site is optimized with the Yoast SEO plugin v28.3 - https:\/\/yoast.com\/product\/yoast-seo-wordpress\/ -->\n<title>Sortie nocturne au Parc du Vinaigrier le 23 ao\u00fbt 2016 - Groupe local Nice<\/title>\n<meta name=\"robots\" content=\"index, follow, max-snippet:-1, max-image-preview:large, max-video-preview:-1\" \/>\n<link rel=\"canonical\" href=\"https:\/\/paca.lpo.fr\/blogs\/nice\/2016\/08\/24\/sortie-nocturne-au-parc-du-vinaigrier-le-23-aout-2016\/\" \/>\n<meta property=\"og:locale\" content=\"fr_FR\" \/>\n<meta property=\"og:type\" content=\"article\" \/>\n<meta property=\"og:title\" content=\"Sortie nocturne au Parc du Vinaigrier le 23 ao\u00fbt 2016 - Groupe local Nice\" \/>\n<meta property=\"og:description\" content=\"Les animations d&rsquo;Eve Leb\u00e8gue de la LPO PACA dans les parcs naturels du d\u00e9partement remportent toujours un vif succ\u00e8s. Au Parc du Vinaigrier les nombreux participants ont beaucoup appris sur les rapaces nocturnes et une chouette hulotte a \u00e9t\u00e9 entendue \u00e0 plusieurs reprises, m\u00eame si elle est rest\u00e9e un peu loin.\" \/>\n<meta property=\"og:url\" content=\"https:\/\/paca.lpo.fr\/blogs\/nice\/2016\/08\/24\/sortie-nocturne-au-parc-du-vinaigrier-le-23-aout-2016\/\" \/>\n<meta property=\"og:site_name\" content=\"Groupe local Nice\" \/>\n<meta property=\"article:published_time\" content=\"2016-08-24T10:32:23+00:00\" \/>\n<meta property=\"og:image\" content=\"https:\/\/paca.lpo.fr\/blogs\/nice\/files\/2016\/08\/blog5-1.jpg\" \/>\n\t<meta property=\"og:image:width\" content=\"783\" \/>\n\t<meta property=\"og:image:height\" content=\"578\" \/>\n\t<meta property=\"og:image:type\" content=\"image\/jpeg\" \/>\n<meta name=\"author\" content=\"Groupe local Paillon-B\u00e9v\u00e9ra\" \/>\n<meta name=\"twitter:card\" content=\"summary_large_image\" \/>\n<meta name=\"twitter:label1\" content=\"\u00c9crit par\" \/>\n\t<meta name=\"twitter:data1\" content=\"Groupe local Paillon-B\u00e9v\u00e9ra\" \/>\n<script type=\"application\/ld+json\" class=\"yoast-schema-graph\">{\"@context\":\"https:\\\/\\\/schema.org\",\"@graph\":[{\"@type\":\"Article\",\"@id\":\"https:\\\/\\\/paca.lpo.fr\\\/blogs\\\/nice\\\/2016\\\/08\\\/24\\\/sortie-nocturne-au-parc-du-vinaigrier-le-23-aout-2016\\\/#article\",\"isPartOf\":{\"@id\":\"https:\\\/\\\/paca.lpo.fr\\\/blogs\\\/nice\\\/2016\\\/08\\\/24\\\/sortie-nocturne-au-parc-du-vinaigrier-le-23-aout-2016\\\/\"},\"author\":{\"name\":\"Groupe local Paillon-B\u00e9v\u00e9ra\",\"@id\":\"https:\\\/\\\/paca.lpo.fr\\\/blogs\\\/nice\\\/#\\\/schema\\\/person\\\/1bda33335fb71e0b3552487db26a4c56\"},\"headline\":\"Sortie nocturne au Parc du Vinaigrier le 23 ao\u00fbt 2016\",\"datePublished\":\"2016-08-24T10:32:23+00:00\",\"mainEntityOfPage\":{\"@id\":\"https:\\\/\\\/paca.lpo.fr\\\/blogs\\\/nice\\\/2016\\\/08\\\/24\\\/sortie-nocturne-au-parc-du-vinaigrier-le-23-aout-2016\\\/\"},\"wordCount\":65,\"commentCount\":0,\"publisher\":{\"@id\":\"https:\\\/\\\/paca.lpo.fr\\\/blogs\\\/nice\\\/#organization\"},\"image\":{\"@id\":\"https:\\\/\\\/paca.lpo.fr\\\/blogs\\\/nice\\\/2016\\\/08\\\/24\\\/sortie-nocturne-au-parc-du-vinaigrier-le-23-aout-2016\\\/#primaryimage\"},\"thumbnailUrl\":\"https:\\\/\\\/paca.lpo.fr\\\/blogs\\\/nice\\\/files\\\/2016\\\/08\\\/blog5-1.jpg\",\"articleSection\":[\"grands \u00e9v\u00e8nements\"],\"inLanguage\":\"fr-FR\",\"potentialAction\":[{\"@type\":\"CommentAction\",\"name\":\"Comment\",\"target\":[\"https:\\\/\\\/paca.lpo.fr\\\/blogs\\\/nice\\\/2016\\\/08\\\/24\\\/sortie-nocturne-au-parc-du-vinaigrier-le-23-aout-2016\\\/#respond\"]}]},{\"@type\":\"WebPage\",\"@id\":\"https:\\\/\\\/paca.lpo.fr\\\/blogs\\\/nice\\\/2016\\\/08\\\/24\\\/sortie-nocturne-au-parc-du-vinaigrier-le-23-aout-2016\\\/\",\"url\":\"https:\\\/\\\/paca.lpo.fr\\\/blogs\\\/nice\\\/2016\\\/08\\\/24\\\/sortie-nocturne-au-parc-du-vinaigrier-le-23-aout-2016\\\/\",\"name\":\"Sortie nocturne au Parc du Vinaigrier le 23 ao\u00fbt 2016 - Groupe local Nice\",\"isPartOf\":{\"@id\":\"https:\\\/\\\/paca.lpo.fr\\\/blogs\\\/nice\\\/#website\"},\"primaryImageOfPage\":{\"@id\":\"https:\\\/\\\/paca.lpo.fr\\\/blogs\\\/nice\\\/2016\\\/08\\\/24\\\/sortie-nocturne-au-parc-du-vinaigrier-le-23-aout-2016\\\/#primaryimage\"},\"image\":{\"@id\":\"https:\\\/\\\/paca.lpo.fr\\\/blogs\\\/nice\\\/2016\\\/08\\\/24\\\/sortie-nocturne-au-parc-du-vinaigrier-le-23-aout-2016\\\/#primaryimage\"},\"thumbnailUrl\":\"https:\\\/\\\/paca.lpo.fr\\\/blogs\\\/nice\\\/files\\\/2016\\\/08\\\/blog5-1.jpg\",\"datePublished\":\"2016-08-24T10:32:23+00:00\",\"breadcrumb\":{\"@id\":\"https:\\\/\\\/paca.lpo.fr\\\/blogs\\\/nice\\\/2016\\\/08\\\/24\\\/sortie-nocturne-au-parc-du-vinaigrier-le-23-aout-2016\\\/#breadcrumb\"},\"inLanguage\":\"fr-FR\",\"potentialAction\":[{\"@type\":\"ReadAction\",\"target\":[\"https:\\\/\\\/paca.lpo.fr\\\/blogs\\\/nice\\\/2016\\\/08\\\/24\\\/sortie-nocturne-au-parc-du-vinaigrier-le-23-aout-2016\\\/\"]}]},{\"@type\":\"ImageObject\",\"inLanguage\":\"fr-FR\",\"@id\":\"https:\\\/\\\/paca.lpo.fr\\\/blogs\\\/nice\\\/2016\\\/08\\\/24\\\/sortie-nocturne-au-parc-du-vinaigrier-le-23-aout-2016\\\/#primaryimage\",\"url\":\"https:\\\/\\\/paca.lpo.fr\\\/blogs\\\/nice\\\/files\\\/2016\\\/08\\\/blog5-1.jpg\",\"contentUrl\":\"https:\\\/\\\/paca.lpo.fr\\\/blogs\\\/nice\\\/files\\\/2016\\\/08\\\/blog5-1.jpg\",\"width\":783,\"height\":578},{\"@type\":\"BreadcrumbList\",\"@id\":\"https:\\\/\\\/paca.lpo.fr\\\/blogs\\\/nice\\\/2016\\\/08\\\/24\\\/sortie-nocturne-au-parc-du-vinaigrier-le-23-aout-2016\\\/#breadcrumb\",\"itemListElement\":[{\"@type\":\"ListItem\",\"position\":1,\"name\":\"Accueil\",\"item\":\"https:\\\/\\\/paca.lpo.fr\\\/blogs\\\/nice\\\/\"},{\"@type\":\"ListItem\",\"position\":2,\"name\":\"Sortie nocturne au Parc du Vinaigrier le 23 ao\u00fbt 2016\"}]},{\"@type\":\"WebSite\",\"@id\":\"https:\\\/\\\/paca.lpo.fr\\\/blogs\\\/nice\\\/#website\",\"url\":\"https:\\\/\\\/paca.lpo.fr\\\/blogs\\\/nice\\\/\",\"name\":\"Groupe local Nice\",\"description\":\"Groupe local Nice\",\"publisher\":{\"@id\":\"https:\\\/\\\/paca.lpo.fr\\\/blogs\\\/nice\\\/#organization\"},\"potentialAction\":[{\"@type\":\"SearchAction\",\"target\":{\"@type\":\"EntryPoint\",\"urlTemplate\":\"https:\\\/\\\/paca.lpo.fr\\\/blogs\\\/nice\\\/?s={search_term_string}\"},\"query-input\":{\"@type\":\"PropertyValueSpecification\",\"valueRequired\":true,\"valueName\":\"search_term_string\"}}],\"inLanguage\":\"fr-FR\"},{\"@type\":\"Organization\",\"@id\":\"https:\\\/\\\/paca.lpo.fr\\\/blogs\\\/nice\\\/#organization\",\"name\":\"Groupe local Nice\",\"url\":\"https:\\\/\\\/paca.lpo.fr\\\/blogs\\\/nice\\\/\",\"logo\":{\"@type\":\"ImageObject\",\"inLanguage\":\"fr-FR\",\"@id\":\"https:\\\/\\\/paca.lpo.fr\\\/blogs\\\/nice\\\/#\\\/schema\\\/logo\\\/image\\\/\",\"url\":\"https:\\\/\\\/paca.lpo.fr\\\/blogs\\\/nice\\\/files\\\/2024\\\/01\\\/cropped-rvb-lpo-paca-logotype-signature-droite-mini-500.jpg\",\"contentUrl\":\"https:\\\/\\\/paca.lpo.fr\\\/blogs\\\/nice\\\/files\\\/2024\\\/01\\\/cropped-rvb-lpo-paca-logotype-signature-droite-mini-500.jpg\",\"width\":500,\"height\":210,\"caption\":\"Groupe local Nice\"},\"image\":{\"@id\":\"https:\\\/\\\/paca.lpo.fr\\\/blogs\\\/nice\\\/#\\\/schema\\\/logo\\\/image\\\/\"}},{\"@type\":\"Person\",\"@id\":\"https:\\\/\\\/paca.lpo.fr\\\/blogs\\\/nice\\\/#\\\/schema\\\/person\\\/1bda33335fb71e0b3552487db26a4c56\",\"name\":\"Groupe local Paillon-B\u00e9v\u00e9ra\",\"image\":{\"@type\":\"ImageObject\",\"inLanguage\":\"fr-FR\",\"@id\":\"https:\\\/\\\/secure.gravatar.com\\\/avatar\\\/b1ee285506e2cb880ec988990d360e255aecb31c77212741dace1023623610c2?s=96&d=mm&r=g\",\"url\":\"https:\\\/\\\/secure.gravatar.com\\\/avatar\\\/b1ee285506e2cb880ec988990d360e255aecb31c77212741dace1023623610c2?s=96&d=mm&r=g\",\"contentUrl\":\"https:\\\/\\\/secure.gravatar.com\\\/avatar\\\/b1ee285506e2cb880ec988990d360e255aecb31c77212741dace1023623610c2?s=96&d=mm&r=g\",\"caption\":\"Groupe local Paillon-B\u00e9v\u00e9ra\"},\"url\":\"https:\\\/\\\/paca.lpo.fr\\\/blogs\\\/nice\\\/author\\\/alpesmaritimesest\\\/\"}]}<\/script>\n<!-- \/ Yoast SEO plugin. -->","yoast_head_json":{"title":"Sortie nocturne au Parc du Vinaigrier le 23 ao\u00fbt 2016 - Groupe local Nice","robots":{"index":"index","follow":"follow","max-snippet":"max-snippet:-1","max-image-preview":"max-image-preview:large","max-video-preview":"max-video-preview:-1"},"canonical":"https:\/\/paca.lpo.fr\/blogs\/nice\/2016\/08\/24\/sortie-nocturne-au-parc-du-vinaigrier-le-23-aout-2016\/","og_locale":"fr_FR","og_type":"article","og_title":"Sortie nocturne au Parc du Vinaigrier le 23 ao\u00fbt 2016 - Groupe local Nice","og_description":"Les animations d&rsquo;Eve Leb\u00e8gue de la LPO PACA dans les parcs naturels du d\u00e9partement remportent toujours un vif succ\u00e8s. Au Parc du Vinaigrier les nombreux participants ont beaucoup appris sur les rapaces nocturnes et une chouette hulotte a \u00e9t\u00e9 entendue \u00e0 plusieurs reprises, m\u00eame si elle est rest\u00e9e un peu loin.","og_url":"https:\/\/paca.lpo.fr\/blogs\/nice\/2016\/08\/24\/sortie-nocturne-au-parc-du-vinaigrier-le-23-aout-2016\/","og_site_name":"Groupe local Nice","article_published_time":"2016-08-24T10:32:23+00:00","og_image":[{"width":783,"height":578,"url":"https:\/\/paca.lpo.fr\/blogs\/nice\/files\/2016\/08\/blog5-1.jpg","type":"image\/jpeg"}],"author":"Groupe local Paillon-B\u00e9v\u00e9ra","twitter_card":"summary_large_image","twitter_misc":{"\u00c9crit par":"Groupe local Paillon-B\u00e9v\u00e9ra"},"schema":{"@context":"https:\/\/schema.org","@graph":[{"@type":"Article","@id":"https:\/\/paca.lpo.fr\/blogs\/nice\/2016\/08\/24\/sortie-nocturne-au-parc-du-vinaigrier-le-23-aout-2016\/#article","isPartOf":{"@id":"https:\/\/paca.lpo.fr\/blogs\/nice\/2016\/08\/24\/sortie-nocturne-au-parc-du-vinaigrier-le-23-aout-2016\/"},"author":{"name":"Groupe local Paillon-B\u00e9v\u00e9ra","@id":"https:\/\/paca.lpo.fr\/blogs\/nice\/#\/schema\/person\/1bda33335fb71e0b3552487db26a4c56"},"headline":"Sortie nocturne au Parc du Vinaigrier le 23 ao\u00fbt 2016","datePublished":"2016-08-24T10:32:23+00:00","mainEntityOfPage":{"@id":"https:\/\/paca.lpo.fr\/blogs\/nice\/2016\/08\/24\/sortie-nocturne-au-parc-du-vinaigrier-le-23-aout-2016\/"},"wordCount":65,"commentCount":0,"publisher":{"@id":"https:\/\/paca.lpo.fr\/blogs\/nice\/#organization"},"image":{"@id":"https:\/\/paca.lpo.fr\/blogs\/nice\/2016\/08\/24\/sortie-nocturne-au-parc-du-vinaigrier-le-23-aout-2016\/#primaryimage"},"thumbnailUrl":"https:\/\/paca.lpo.fr\/blogs\/nice\/files\/2016\/08\/blog5-1.jpg","articleSection":["grands \u00e9v\u00e8nements"],"inLanguage":"fr-FR","potentialAction":[{"@type":"CommentAction","name":"Comment","target":["https:\/\/paca.lpo.fr\/blogs\/nice\/2016\/08\/24\/sortie-nocturne-au-parc-du-vinaigrier-le-23-aout-2016\/#respond"]}]},{"@type":"WebPage","@id":"https:\/\/paca.lpo.fr\/blogs\/nice\/2016\/08\/24\/sortie-nocturne-au-parc-du-vinaigrier-le-23-aout-2016\/","url":"https:\/\/paca.lpo.fr\/blogs\/nice\/2016\/08\/24\/sortie-nocturne-au-parc-du-vinaigrier-le-23-aout-2016\/","name":"Sortie nocturne au Parc du Vinaigrier le 23 ao\u00fbt 2016 - Groupe local Nice","isPartOf":{"@id":"https:\/\/paca.lpo.fr\/blogs\/nice\/#website"},"primaryImageOfPage":{"@id":"https:\/\/paca.lpo.fr\/blogs\/nice\/2016\/08\/24\/sortie-nocturne-au-parc-du-vinaigrier-le-23-aout-2016\/#primaryimage"},"image":{"@id":"https:\/\/paca.lpo.fr\/blogs\/nice\/2016\/08\/24\/sortie-nocturne-au-parc-du-vinaigrier-le-23-aout-2016\/#primaryimage"},"thumbnailUrl":"https:\/\/paca.lpo.fr\/blogs\/nice\/files\/2016\/08\/blog5-1.jpg","datePublished":"2016-08-24T10:32:23+00:00","breadcrumb":{"@id":"https:\/\/paca.lpo.fr\/blogs\/nice\/2016\/08\/24\/sortie-nocturne-au-parc-du-vinaigrier-le-23-aout-2016\/#breadcrumb"},"inLanguage":"fr-FR","potentialAction":[{"@type":"ReadAction","target":["https:\/\/paca.lpo.fr\/blogs\/nice\/2016\/08\/24\/sortie-nocturne-au-parc-du-vinaigrier-le-23-aout-2016\/"]}]},{"@type":"ImageObject","inLanguage":"fr-FR","@id":"https:\/\/paca.lpo.fr\/blogs\/nice\/2016\/08\/24\/sortie-nocturne-au-parc-du-vinaigrier-le-23-aout-2016\/#primaryimage","url":"https:\/\/paca.lpo.fr\/blogs\/nice\/files\/2016\/08\/blog5-1.jpg","contentUrl":"https:\/\/paca.lpo.fr\/blogs\/nice\/files\/2016\/08\/blog5-1.jpg","width":783,"height":578},{"@type":"BreadcrumbList","@id":"https:\/\/paca.lpo.fr\/blogs\/nice\/2016\/08\/24\/sortie-nocturne-au-parc-du-vinaigrier-le-23-aout-2016\/#breadcrumb","itemListElement":[{"@type":"ListItem","position":1,"name":"Accueil","item":"https:\/\/paca.lpo.fr\/blogs\/nice\/"},{"@type":"ListItem","position":2,"name":"Sortie nocturne au Parc du Vinaigrier le 23 ao\u00fbt 2016"}]},{"@type":"WebSite","@id":"https:\/\/paca.lpo.fr\/blogs\/nice\/#website","url":"https:\/\/paca.lpo.fr\/blogs\/nice\/","name":"Groupe local Nice","description":"Groupe local Nice","publisher":{"@id":"https:\/\/paca.lpo.fr\/blogs\/nice\/#organization"},"potentialAction":[{"@type":"SearchAction","target":{"@type":"EntryPoint","urlTemplate":"https:\/\/paca.lpo.fr\/blogs\/nice\/?s={search_term_string}"},"query-input":{"@type":"PropertyValueSpecification","valueRequired":true,"valueName":"search_term_string"}}],"inLanguage":"fr-FR"},{"@type":"Organization","@id":"https:\/\/paca.lpo.fr\/blogs\/nice\/#organization","name":"Groupe local Nice","url":"https:\/\/paca.lpo.fr\/blogs\/nice\/","logo":{"@type":"ImageObject","inLanguage":"fr-FR","@id":"https:\/\/paca.lpo.fr\/blogs\/nice\/#\/schema\/logo\/image\/","url":"https:\/\/paca.lpo.fr\/blogs\/nice\/files\/2024\/01\/cropped-rvb-lpo-paca-logotype-signature-droite-mini-500.jpg","contentUrl":"https:\/\/paca.lpo.fr\/blogs\/nice\/files\/2024\/01\/cropped-rvb-lpo-paca-logotype-signature-droite-mini-500.jpg","width":500,"height":210,"caption":"Groupe local Nice"},"image":{"@id":"https:\/\/paca.lpo.fr\/blogs\/nice\/#\/schema\/logo\/image\/"}},{"@type":"Person","@id":"https:\/\/paca.lpo.fr\/blogs\/nice\/#\/schema\/person\/1bda33335fb71e0b3552487db26a4c56","name":"Groupe local Paillon-B\u00e9v\u00e9ra","image":{"@type":"ImageObject","inLanguage":"fr-FR","@id":"https:\/\/secure.gravatar.com\/avatar\/b1ee285506e2cb880ec988990d360e255aecb31c77212741dace1023623610c2?s=96&d=mm&r=g","url":"https:\/\/secure.gravatar.com\/avatar\/b1ee285506e2cb880ec988990d360e255aecb31c77212741dace1023623610c2?s=96&d=mm&r=g","contentUrl":"https:\/\/secure.gravatar.com\/avatar\/b1ee285506e2cb880ec988990d360e255aecb31c77212741dace1023623610c2?s=96&d=mm&r=g","caption":"Groupe local Paillon-B\u00e9v\u00e9ra"},"url":"https:\/\/paca.lpo.fr\/blogs\/nice\/author\/alpesmaritimesest\/"}]}},"jetpack_featured_media_url":"https:\/\/paca.lpo.fr\/blogs\/nice\/files\/2016\/08\/blog5-1.jpg","_links":{"self":[{"href":"https:\/\/paca.lpo.fr\/blogs\/nice\/wp-json\/wp\/v2\/posts\/1542","targetHints":{"allow":["GET"]}}],"collection":[{"href":"https:\/\/paca.lpo.fr\/blogs\/nice\/wp-json\/wp\/v2\/posts"}],"about":[{"href":"https:\/\/paca.lpo.fr\/blogs\/nice\/wp-json\/wp\/v2\/types\/post"}],"author":[{"embeddable":true,"href":"https:\/\/paca.lpo.fr\/blogs\/nice\/wp-json\/wp\/v2\/users\/15"}],"replies":[{"embeddable":true,"href":"https:\/\/paca.lpo.fr\/blogs\/nice\/wp-json\/wp\/v2\/comments?post=1542"}],"version-history":[{"count":1,"href":"https:\/\/paca.lpo.fr\/blogs\/nice\/wp-json\/wp\/v2\/posts\/1542\/revisions"}],"predecessor-version":[{"id":1547,"href":"https:\/\/paca.lpo.fr\/blogs\/nice\/wp-json\/wp\/v2\/posts\/1542\/revisions\/1547"}],"wp:featuredmedia":[{"embeddable":true,"href":"https:\/\/paca.lpo.fr\/blogs\/nice\/wp-json\/wp\/v2\/media\/1548"}],"wp:attachment":[{"href":"https:\/\/paca.lpo.fr\/blogs\/nice\/wp-json\/wp\/v2\/media?parent=1542"}],"wp:term":[{"taxonomy":"category","embeddable":true,"href":"https:\/\/paca.lpo.fr\/blogs\/nice\/wp-json\/wp\/v2\/categories?post=1542"},{"taxonomy":"post_tag","embeddable":true,"href":"https:\/\/paca.lpo.fr\/blogs\/nice\/wp-json\/wp\/v2\/tags?post=1542"}],"curies":[{"name":"wp","href":"https:\/\/api.w.org\/{rel}","templated":true}]}}