{"id":1585,"date":"2016-10-24T16:06:30","date_gmt":"2016-10-24T15:06:30","guid":{"rendered":"https:\/\/paca.lpo.fr\/blogs\/nice\/?p=1585"},"modified":"2016-10-24T16:06:30","modified_gmt":"2016-10-24T15:06:30","slug":"sortie-a-salese-le-16-octobre-2016","status":"publish","type":"post","link":"https:\/\/paca.lpo.fr\/blogs\/nice\/2016\/10\/24\/sortie-a-salese-le-16-octobre-2016\/","title":{"rendered":"Sortie \u00e0 Sal\u00e8se le 16 octobre 2016"},"content":{"rendered":"<p>Profitant du beau temps, la sortie a \u00e9t\u00e9 maintenue. Nous r\u00e9ussissons un rendez vous \u00e0 Carrefour Lingosti\u00e8re impeccable. Tous les participants sont l\u00e0, et nous voila partis pour notre V\u00e9subie, notre mont\u00e9e au Bor\u00e9on, et enfin, au parking du Vallon de Sal\u00e8se, point de d\u00e9part p\u00e9destre. Bien s\u00fbr, en chemin, divers oiseaux ont \u00e9t\u00e9 observ\u00e9s : Canard Colvert \u00e0 Lingosti\u00e8re, en roulant quelques Merle noir et Troglodyte Mignons\u2026 Cette ann\u00e9e, dans un ordre parfait, aucune voiture ne s\u2019est \u00e9gar\u00e9e, la discipline a \u00e9t\u00e9 impeccable !<\/p>\n<p>D\u00e8s le d\u00e9part, les plus nombreuses, sont nos petites M\u00e9sanges Noires, ainsi qu\u2019une M\u00e9sange bleue, une Bor\u00e9ale et un Rouge Gorge. Un Roitelet fait une br\u00e8ve apparition, mais sa rapidit\u00e9 \u00e0 dispara\u00eetre ne nous permet pas de savoir si c\u2019est un Hupp\u00e9 ou un triple bandeau. Au deuxi\u00e8me lacet de la piste un premier Casse Noix est observ\u00e9. De m\u00eame qu\u2019un Chamois sur les hauteurs avec sa belle robe fonc\u00e9e pour l\u2019hiver et la parade : s\u00fbrement qu\u2019il aura du succ\u00e8s !<\/p>\n<p>Nous progressons, et sont aper\u00e7u \u00e0 deux reprises une Buse Variable, sinon beaucoup les m\u00eames : M\u00e9sange Noire, Rouge George, mais aussi quelques nouveaux : Bouvreuil pivoine, Grimpereau des Arbres. Et encore 2 Casses Noix, qui en fait se font bien rare cette ann\u00e9e.<\/p>\n<p>Nous pouvons nous rafra\u00eechir \u00e0 la Source Chardol, peu avant d\u2019arriver au Col de Sal\u00e8se, but de notre sortie. Avant d\u2019arriver \u00e0 cette Fontaine, nous apercevons encore quelques chamois sur les flancs de la montagne. Dans les derniers m\u00e8tres, nous voil\u00e0 dans un joli d\u00e9cor de paysage saupoudr\u00e9 de neige blanche. Au Col m\u00eame, tr\u00e8s belle vue sur la Montagne du Gien, la Vallon de Moli\u00e8re, et les montagnes derri\u00e8re le Lac N\u00e8gre. Pour manger, nous trouvons un petit bout de versant sud avec un peu d\u2019herbe, sans neige, et notre repas prend sa forme habituelle avec socca, et diverses g\u00e2teries. Certains font une petite sieste pendant que d\u2019autres continue l\u2019exploration des lieux.<\/p>\n<p>A la descente, sont vus un groupe de Chocards \u00e0 bec jaune, ainsi que 2 Aigles royaux, un Faucon cr\u00e9cerelle, un Pic Epeiche et un Casse Noix. \u00c7a c\u2019est pour la partie du groupe qui est redescendue par la piste. Ceux qui ont pris le chemin, ont pu distinguer dans les bois quelques biches.<\/p>\n<p>Au total, une journ\u00e9e parfaite, avec de tr\u00e8s beaux paysages et une bonne convivialit\u00e9.<br \/>\nMais pour nous une interrogation : quel est le nouveau calendrier de r\u00e9colte des graines d\u2019Arole pour nos Casse noix ? Voil\u00e0 une nouvelle \u00e9nigme \u00e0 \u00e9claircir.<\/p>\n<p>A bient\u00f4t<\/p>\n<p>Bernard<br \/>\n<img loading=\"lazy\" decoding=\"async\" src=\"https:\/\/paca.lpo.fr\/blogs\/nice\/files\/2016\/10\/DSC09567-Copie.jpg\" alt=\"dsc09567-copie\" width=\"903\" height=\"676\" class=\"alignnone size-full wp-image-1586\" srcset=\"https:\/\/paca.lpo.fr\/blogs\/nice\/files\/2016\/10\/DSC09567-Copie.jpg 903w, https:\/\/paca.lpo.fr\/blogs\/nice\/files\/2016\/10\/DSC09567-Copie-480x359.jpg 480w, https:\/\/paca.lpo.fr\/blogs\/nice\/files\/2016\/10\/DSC09567-Copie-768x575.jpg 768w, https:\/\/paca.lpo.fr\/blogs\/nice\/files\/2016\/10\/DSC09567-Copie-700x524.jpg 700w\" sizes=\"auto, (max-width: 903px) 100vw, 903px\" \/><img loading=\"lazy\" decoding=\"async\" src=\"https:\/\/paca.lpo.fr\/blogs\/nice\/files\/2016\/10\/16-10-16s-028-Copie.jpg\" alt=\"16-10-16s-028-copie\" width=\"812\" height=\"603\" class=\"alignnone size-full wp-image-1587\" srcset=\"https:\/\/paca.lpo.fr\/blogs\/nice\/files\/2016\/10\/16-10-16s-028-Copie.jpg 812w, https:\/\/paca.lpo.fr\/blogs\/nice\/files\/2016\/10\/16-10-16s-028-Copie-480x356.jpg 480w, https:\/\/paca.lpo.fr\/blogs\/nice\/files\/2016\/10\/16-10-16s-028-Copie-768x570.jpg 768w, https:\/\/paca.lpo.fr\/blogs\/nice\/files\/2016\/10\/16-10-16s-028-Copie-700x520.jpg 700w\" sizes=\"auto, (max-width: 812px) 100vw, 812px\" \/><\/p>\n","protected":false},"excerpt":{"rendered":"<p>Profitant du beau temps, la sortie a \u00e9t\u00e9 maintenue. Nous r\u00e9ussissons un rendez vous \u00e0 Carrefour Lingosti\u00e8re impeccable. Tous les participants sont l\u00e0, et nous voila partis pour notre V\u00e9subie, notre mont\u00e9e au Bor\u00e9on, et enfin, au parking du Vallon de Sal\u00e8se, point de d\u00e9part p\u00e9destre. Bien s\u00fbr, en chemin, divers oiseaux ont \u00e9t\u00e9 observ\u00e9s [&hellip;]<\/p>\n","protected":false},"author":15,"featured_media":1588,"comment_status":"open","ping_status":"open","sticky":false,"template":"","format":"standard","meta":{"footnotes":""},"categories":[1],"tags":[],"class_list":["post-1585","post","type-post","status-publish","format-standard","has-post-thumbnail","hentry","category-sorties-nature"],"yoast_head":"<!-- This site is optimized with the Yoast SEO plugin v28.3 - https:\/\/yoast.com\/product\/yoast-seo-wordpress\/ -->\n<title>Sortie \u00e0 Sal\u00e8se le 16 octobre 2016 - Groupe local Nice<\/title>\n<meta name=\"robots\" content=\"index, follow, max-snippet:-1, max-image-preview:large, max-video-preview:-1\" \/>\n<link rel=\"canonical\" href=\"https:\/\/paca.lpo.fr\/blogs\/nice\/2016\/10\/24\/sortie-a-salese-le-16-octobre-2016\/\" \/>\n<meta property=\"og:locale\" content=\"fr_FR\" \/>\n<meta property=\"og:type\" content=\"article\" \/>\n<meta property=\"og:title\" content=\"Sortie \u00e0 Sal\u00e8se le 16 octobre 2016 - Groupe local Nice\" \/>\n<meta property=\"og:description\" content=\"Profitant du beau temps, la sortie a \u00e9t\u00e9 maintenue. Nous r\u00e9ussissons un rendez vous \u00e0 Carrefour Lingosti\u00e8re impeccable. Tous les participants sont l\u00e0, et nous voila partis pour notre V\u00e9subie, notre mont\u00e9e au Bor\u00e9on, et enfin, au parking du Vallon de Sal\u00e8se, point de d\u00e9part p\u00e9destre. Bien s\u00fbr, en chemin, divers oiseaux ont \u00e9t\u00e9 observ\u00e9s [&hellip;]\" \/>\n<meta property=\"og:url\" content=\"https:\/\/paca.lpo.fr\/blogs\/nice\/2016\/10\/24\/sortie-a-salese-le-16-octobre-2016\/\" \/>\n<meta property=\"og:site_name\" content=\"Groupe local Nice\" \/>\n<meta property=\"article:published_time\" content=\"2016-10-24T15:06:30+00:00\" \/>\n<meta property=\"og:image\" content=\"https:\/\/paca.lpo.fr\/blogs\/nice\/files\/2016\/10\/16-10-16-031-Copie.jpg\" \/>\n\t<meta property=\"og:image:width\" content=\"800\" \/>\n\t<meta property=\"og:image:height\" content=\"530\" \/>\n\t<meta property=\"og:image:type\" content=\"image\/jpeg\" \/>\n<meta name=\"author\" content=\"Groupe local Paillon-B\u00e9v\u00e9ra\" \/>\n<meta name=\"twitter:card\" content=\"summary_large_image\" \/>\n<meta name=\"twitter:label1\" content=\"\u00c9crit par\" \/>\n\t<meta name=\"twitter:data1\" content=\"Groupe local Paillon-B\u00e9v\u00e9ra\" \/>\n\t<meta name=\"twitter:label2\" content=\"Dur\u00e9e de lecture estim\u00e9e\" \/>\n\t<meta name=\"twitter:data2\" content=\"2 minutes\" \/>\n<script type=\"application\/ld+json\" class=\"yoast-schema-graph\">{\"@context\":\"https:\\\/\\\/schema.org\",\"@graph\":[{\"@type\":\"Article\",\"@id\":\"https:\\\/\\\/paca.lpo.fr\\\/blogs\\\/nice\\\/2016\\\/10\\\/24\\\/sortie-a-salese-le-16-octobre-2016\\\/#article\",\"isPartOf\":{\"@id\":\"https:\\\/\\\/paca.lpo.fr\\\/blogs\\\/nice\\\/2016\\\/10\\\/24\\\/sortie-a-salese-le-16-octobre-2016\\\/\"},\"author\":{\"name\":\"Groupe local Paillon-B\u00e9v\u00e9ra\",\"@id\":\"https:\\\/\\\/paca.lpo.fr\\\/blogs\\\/nice\\\/#\\\/schema\\\/person\\\/1bda33335fb71e0b3552487db26a4c56\"},\"headline\":\"Sortie \u00e0 Sal\u00e8se le 16 octobre 2016\",\"datePublished\":\"2016-10-24T15:06:30+00:00\",\"mainEntityOfPage\":{\"@id\":\"https:\\\/\\\/paca.lpo.fr\\\/blogs\\\/nice\\\/2016\\\/10\\\/24\\\/sortie-a-salese-le-16-octobre-2016\\\/\"},\"wordCount\":466,\"commentCount\":0,\"publisher\":{\"@id\":\"https:\\\/\\\/paca.lpo.fr\\\/blogs\\\/nice\\\/#organization\"},\"image\":{\"@id\":\"https:\\\/\\\/paca.lpo.fr\\\/blogs\\\/nice\\\/2016\\\/10\\\/24\\\/sortie-a-salese-le-16-octobre-2016\\\/#primaryimage\"},\"thumbnailUrl\":\"https:\\\/\\\/paca.lpo.fr\\\/blogs\\\/nice\\\/files\\\/2016\\\/10\\\/16-10-16-031-Copie.jpg\",\"articleSection\":[\"grands \u00e9v\u00e8nements\"],\"inLanguage\":\"fr-FR\",\"potentialAction\":[{\"@type\":\"CommentAction\",\"name\":\"Comment\",\"target\":[\"https:\\\/\\\/paca.lpo.fr\\\/blogs\\\/nice\\\/2016\\\/10\\\/24\\\/sortie-a-salese-le-16-octobre-2016\\\/#respond\"]}]},{\"@type\":\"WebPage\",\"@id\":\"https:\\\/\\\/paca.lpo.fr\\\/blogs\\\/nice\\\/2016\\\/10\\\/24\\\/sortie-a-salese-le-16-octobre-2016\\\/\",\"url\":\"https:\\\/\\\/paca.lpo.fr\\\/blogs\\\/nice\\\/2016\\\/10\\\/24\\\/sortie-a-salese-le-16-octobre-2016\\\/\",\"name\":\"Sortie \u00e0 Sal\u00e8se le 16 octobre 2016 - Groupe local Nice\",\"isPartOf\":{\"@id\":\"https:\\\/\\\/paca.lpo.fr\\\/blogs\\\/nice\\\/#website\"},\"primaryImageOfPage\":{\"@id\":\"https:\\\/\\\/paca.lpo.fr\\\/blogs\\\/nice\\\/2016\\\/10\\\/24\\\/sortie-a-salese-le-16-octobre-2016\\\/#primaryimage\"},\"image\":{\"@id\":\"https:\\\/\\\/paca.lpo.fr\\\/blogs\\\/nice\\\/2016\\\/10\\\/24\\\/sortie-a-salese-le-16-octobre-2016\\\/#primaryimage\"},\"thumbnailUrl\":\"https:\\\/\\\/paca.lpo.fr\\\/blogs\\\/nice\\\/files\\\/2016\\\/10\\\/16-10-16-031-Copie.jpg\",\"datePublished\":\"2016-10-24T15:06:30+00:00\",\"breadcrumb\":{\"@id\":\"https:\\\/\\\/paca.lpo.fr\\\/blogs\\\/nice\\\/2016\\\/10\\\/24\\\/sortie-a-salese-le-16-octobre-2016\\\/#breadcrumb\"},\"inLanguage\":\"fr-FR\",\"potentialAction\":[{\"@type\":\"ReadAction\",\"target\":[\"https:\\\/\\\/paca.lpo.fr\\\/blogs\\\/nice\\\/2016\\\/10\\\/24\\\/sortie-a-salese-le-16-octobre-2016\\\/\"]}]},{\"@type\":\"ImageObject\",\"inLanguage\":\"fr-FR\",\"@id\":\"https:\\\/\\\/paca.lpo.fr\\\/blogs\\\/nice\\\/2016\\\/10\\\/24\\\/sortie-a-salese-le-16-octobre-2016\\\/#primaryimage\",\"url\":\"https:\\\/\\\/paca.lpo.fr\\\/blogs\\\/nice\\\/files\\\/2016\\\/10\\\/16-10-16-031-Copie.jpg\",\"contentUrl\":\"https:\\\/\\\/paca.lpo.fr\\\/blogs\\\/nice\\\/files\\\/2016\\\/10\\\/16-10-16-031-Copie.jpg\",\"width\":800,\"height\":530,\"caption\":\"????????????????????????????????????\"},{\"@type\":\"BreadcrumbList\",\"@id\":\"https:\\\/\\\/paca.lpo.fr\\\/blogs\\\/nice\\\/2016\\\/10\\\/24\\\/sortie-a-salese-le-16-octobre-2016\\\/#breadcrumb\",\"itemListElement\":[{\"@type\":\"ListItem\",\"position\":1,\"name\":\"Accueil\",\"item\":\"https:\\\/\\\/paca.lpo.fr\\\/blogs\\\/nice\\\/\"},{\"@type\":\"ListItem\",\"position\":2,\"name\":\"Sortie \u00e0 Sal\u00e8se le 16 octobre 2016\"}]},{\"@type\":\"WebSite\",\"@id\":\"https:\\\/\\\/paca.lpo.fr\\\/blogs\\\/nice\\\/#website\",\"url\":\"https:\\\/\\\/paca.lpo.fr\\\/blogs\\\/nice\\\/\",\"name\":\"Groupe local Nice\",\"description\":\"Groupe local Nice\",\"publisher\":{\"@id\":\"https:\\\/\\\/paca.lpo.fr\\\/blogs\\\/nice\\\/#organization\"},\"potentialAction\":[{\"@type\":\"SearchAction\",\"target\":{\"@type\":\"EntryPoint\",\"urlTemplate\":\"https:\\\/\\\/paca.lpo.fr\\\/blogs\\\/nice\\\/?s={search_term_string}\"},\"query-input\":{\"@type\":\"PropertyValueSpecification\",\"valueRequired\":true,\"valueName\":\"search_term_string\"}}],\"inLanguage\":\"fr-FR\"},{\"@type\":\"Organization\",\"@id\":\"https:\\\/\\\/paca.lpo.fr\\\/blogs\\\/nice\\\/#organization\",\"name\":\"Groupe local Nice\",\"url\":\"https:\\\/\\\/paca.lpo.fr\\\/blogs\\\/nice\\\/\",\"logo\":{\"@type\":\"ImageObject\",\"inLanguage\":\"fr-FR\",\"@id\":\"https:\\\/\\\/paca.lpo.fr\\\/blogs\\\/nice\\\/#\\\/schema\\\/logo\\\/image\\\/\",\"url\":\"https:\\\/\\\/paca.lpo.fr\\\/blogs\\\/nice\\\/files\\\/2024\\\/01\\\/cropped-rvb-lpo-paca-logotype-signature-droite-mini-500.jpg\",\"contentUrl\":\"https:\\\/\\\/paca.lpo.fr\\\/blogs\\\/nice\\\/files\\\/2024\\\/01\\\/cropped-rvb-lpo-paca-logotype-signature-droite-mini-500.jpg\",\"width\":500,\"height\":210,\"caption\":\"Groupe local Nice\"},\"image\":{\"@id\":\"https:\\\/\\\/paca.lpo.fr\\\/blogs\\\/nice\\\/#\\\/schema\\\/logo\\\/image\\\/\"}},{\"@type\":\"Person\",\"@id\":\"https:\\\/\\\/paca.lpo.fr\\\/blogs\\\/nice\\\/#\\\/schema\\\/person\\\/1bda33335fb71e0b3552487db26a4c56\",\"name\":\"Groupe local Paillon-B\u00e9v\u00e9ra\",\"image\":{\"@type\":\"ImageObject\",\"inLanguage\":\"fr-FR\",\"@id\":\"https:\\\/\\\/secure.gravatar.com\\\/avatar\\\/b1ee285506e2cb880ec988990d360e255aecb31c77212741dace1023623610c2?s=96&d=mm&r=g\",\"url\":\"https:\\\/\\\/secure.gravatar.com\\\/avatar\\\/b1ee285506e2cb880ec988990d360e255aecb31c77212741dace1023623610c2?s=96&d=mm&r=g\",\"contentUrl\":\"https:\\\/\\\/secure.gravatar.com\\\/avatar\\\/b1ee285506e2cb880ec988990d360e255aecb31c77212741dace1023623610c2?s=96&d=mm&r=g\",\"caption\":\"Groupe local Paillon-B\u00e9v\u00e9ra\"},\"url\":\"https:\\\/\\\/paca.lpo.fr\\\/blogs\\\/nice\\\/author\\\/alpesmaritimesest\\\/\"}]}<\/script>\n<!-- \/ Yoast SEO plugin. -->","yoast_head_json":{"title":"Sortie \u00e0 Sal\u00e8se le 16 octobre 2016 - Groupe local Nice","robots":{"index":"index","follow":"follow","max-snippet":"max-snippet:-1","max-image-preview":"max-image-preview:large","max-video-preview":"max-video-preview:-1"},"canonical":"https:\/\/paca.lpo.fr\/blogs\/nice\/2016\/10\/24\/sortie-a-salese-le-16-octobre-2016\/","og_locale":"fr_FR","og_type":"article","og_title":"Sortie \u00e0 Sal\u00e8se le 16 octobre 2016 - Groupe local Nice","og_description":"Profitant du beau temps, la sortie a \u00e9t\u00e9 maintenue. Nous r\u00e9ussissons un rendez vous \u00e0 Carrefour Lingosti\u00e8re impeccable. Tous les participants sont l\u00e0, et nous voila partis pour notre V\u00e9subie, notre mont\u00e9e au Bor\u00e9on, et enfin, au parking du Vallon de Sal\u00e8se, point de d\u00e9part p\u00e9destre. Bien s\u00fbr, en chemin, divers oiseaux ont \u00e9t\u00e9 observ\u00e9s [&hellip;]","og_url":"https:\/\/paca.lpo.fr\/blogs\/nice\/2016\/10\/24\/sortie-a-salese-le-16-octobre-2016\/","og_site_name":"Groupe local Nice","article_published_time":"2016-10-24T15:06:30+00:00","og_image":[{"width":800,"height":530,"url":"https:\/\/paca.lpo.fr\/blogs\/nice\/files\/2016\/10\/16-10-16-031-Copie.jpg","type":"image\/jpeg"}],"author":"Groupe local Paillon-B\u00e9v\u00e9ra","twitter_card":"summary_large_image","twitter_misc":{"\u00c9crit par":"Groupe local Paillon-B\u00e9v\u00e9ra","Dur\u00e9e de lecture estim\u00e9e":"2 minutes"},"schema":{"@context":"https:\/\/schema.org","@graph":[{"@type":"Article","@id":"https:\/\/paca.lpo.fr\/blogs\/nice\/2016\/10\/24\/sortie-a-salese-le-16-octobre-2016\/#article","isPartOf":{"@id":"https:\/\/paca.lpo.fr\/blogs\/nice\/2016\/10\/24\/sortie-a-salese-le-16-octobre-2016\/"},"author":{"name":"Groupe local Paillon-B\u00e9v\u00e9ra","@id":"https:\/\/paca.lpo.fr\/blogs\/nice\/#\/schema\/person\/1bda33335fb71e0b3552487db26a4c56"},"headline":"Sortie \u00e0 Sal\u00e8se le 16 octobre 2016","datePublished":"2016-10-24T15:06:30+00:00","mainEntityOfPage":{"@id":"https:\/\/paca.lpo.fr\/blogs\/nice\/2016\/10\/24\/sortie-a-salese-le-16-octobre-2016\/"},"wordCount":466,"commentCount":0,"publisher":{"@id":"https:\/\/paca.lpo.fr\/blogs\/nice\/#organization"},"image":{"@id":"https:\/\/paca.lpo.fr\/blogs\/nice\/2016\/10\/24\/sortie-a-salese-le-16-octobre-2016\/#primaryimage"},"thumbnailUrl":"https:\/\/paca.lpo.fr\/blogs\/nice\/files\/2016\/10\/16-10-16-031-Copie.jpg","articleSection":["grands \u00e9v\u00e8nements"],"inLanguage":"fr-FR","potentialAction":[{"@type":"CommentAction","name":"Comment","target":["https:\/\/paca.lpo.fr\/blogs\/nice\/2016\/10\/24\/sortie-a-salese-le-16-octobre-2016\/#respond"]}]},{"@type":"WebPage","@id":"https:\/\/paca.lpo.fr\/blogs\/nice\/2016\/10\/24\/sortie-a-salese-le-16-octobre-2016\/","url":"https:\/\/paca.lpo.fr\/blogs\/nice\/2016\/10\/24\/sortie-a-salese-le-16-octobre-2016\/","name":"Sortie \u00e0 Sal\u00e8se le 16 octobre 2016 - Groupe local Nice","isPartOf":{"@id":"https:\/\/paca.lpo.fr\/blogs\/nice\/#website"},"primaryImageOfPage":{"@id":"https:\/\/paca.lpo.fr\/blogs\/nice\/2016\/10\/24\/sortie-a-salese-le-16-octobre-2016\/#primaryimage"},"image":{"@id":"https:\/\/paca.lpo.fr\/blogs\/nice\/2016\/10\/24\/sortie-a-salese-le-16-octobre-2016\/#primaryimage"},"thumbnailUrl":"https:\/\/paca.lpo.fr\/blogs\/nice\/files\/2016\/10\/16-10-16-031-Copie.jpg","datePublished":"2016-10-24T15:06:30+00:00","breadcrumb":{"@id":"https:\/\/paca.lpo.fr\/blogs\/nice\/2016\/10\/24\/sortie-a-salese-le-16-octobre-2016\/#breadcrumb"},"inLanguage":"fr-FR","potentialAction":[{"@type":"ReadAction","target":["https:\/\/paca.lpo.fr\/blogs\/nice\/2016\/10\/24\/sortie-a-salese-le-16-octobre-2016\/"]}]},{"@type":"ImageObject","inLanguage":"fr-FR","@id":"https:\/\/paca.lpo.fr\/blogs\/nice\/2016\/10\/24\/sortie-a-salese-le-16-octobre-2016\/#primaryimage","url":"https:\/\/paca.lpo.fr\/blogs\/nice\/files\/2016\/10\/16-10-16-031-Copie.jpg","contentUrl":"https:\/\/paca.lpo.fr\/blogs\/nice\/files\/2016\/10\/16-10-16-031-Copie.jpg","width":800,"height":530,"caption":"????????????????????????????????????"},{"@type":"BreadcrumbList","@id":"https:\/\/paca.lpo.fr\/blogs\/nice\/2016\/10\/24\/sortie-a-salese-le-16-octobre-2016\/#breadcrumb","itemListElement":[{"@type":"ListItem","position":1,"name":"Accueil","item":"https:\/\/paca.lpo.fr\/blogs\/nice\/"},{"@type":"ListItem","position":2,"name":"Sortie \u00e0 Sal\u00e8se le 16 octobre 2016"}]},{"@type":"WebSite","@id":"https:\/\/paca.lpo.fr\/blogs\/nice\/#website","url":"https:\/\/paca.lpo.fr\/blogs\/nice\/","name":"Groupe local Nice","description":"Groupe local Nice","publisher":{"@id":"https:\/\/paca.lpo.fr\/blogs\/nice\/#organization"},"potentialAction":[{"@type":"SearchAction","target":{"@type":"EntryPoint","urlTemplate":"https:\/\/paca.lpo.fr\/blogs\/nice\/?s={search_term_string}"},"query-input":{"@type":"PropertyValueSpecification","valueRequired":true,"valueName":"search_term_string"}}],"inLanguage":"fr-FR"},{"@type":"Organization","@id":"https:\/\/paca.lpo.fr\/blogs\/nice\/#organization","name":"Groupe local Nice","url":"https:\/\/paca.lpo.fr\/blogs\/nice\/","logo":{"@type":"ImageObject","inLanguage":"fr-FR","@id":"https:\/\/paca.lpo.fr\/blogs\/nice\/#\/schema\/logo\/image\/","url":"https:\/\/paca.lpo.fr\/blogs\/nice\/files\/2024\/01\/cropped-rvb-lpo-paca-logotype-signature-droite-mini-500.jpg","contentUrl":"https:\/\/paca.lpo.fr\/blogs\/nice\/files\/2024\/01\/cropped-rvb-lpo-paca-logotype-signature-droite-mini-500.jpg","width":500,"height":210,"caption":"Groupe local Nice"},"image":{"@id":"https:\/\/paca.lpo.fr\/blogs\/nice\/#\/schema\/logo\/image\/"}},{"@type":"Person","@id":"https:\/\/paca.lpo.fr\/blogs\/nice\/#\/schema\/person\/1bda33335fb71e0b3552487db26a4c56","name":"Groupe local Paillon-B\u00e9v\u00e9ra","image":{"@type":"ImageObject","inLanguage":"fr-FR","@id":"https:\/\/secure.gravatar.com\/avatar\/b1ee285506e2cb880ec988990d360e255aecb31c77212741dace1023623610c2?s=96&d=mm&r=g","url":"https:\/\/secure.gravatar.com\/avatar\/b1ee285506e2cb880ec988990d360e255aecb31c77212741dace1023623610c2?s=96&d=mm&r=g","contentUrl":"https:\/\/secure.gravatar.com\/avatar\/b1ee285506e2cb880ec988990d360e255aecb31c77212741dace1023623610c2?s=96&d=mm&r=g","caption":"Groupe local Paillon-B\u00e9v\u00e9ra"},"url":"https:\/\/paca.lpo.fr\/blogs\/nice\/author\/alpesmaritimesest\/"}]}},"jetpack_featured_media_url":"https:\/\/paca.lpo.fr\/blogs\/nice\/files\/2016\/10\/16-10-16-031-Copie.jpg","_links":{"self":[{"href":"https:\/\/paca.lpo.fr\/blogs\/nice\/wp-json\/wp\/v2\/posts\/1585","targetHints":{"allow":["GET"]}}],"collection":[{"href":"https:\/\/paca.lpo.fr\/blogs\/nice\/wp-json\/wp\/v2\/posts"}],"about":[{"href":"https:\/\/paca.lpo.fr\/blogs\/nice\/wp-json\/wp\/v2\/types\/post"}],"author":[{"embeddable":true,"href":"https:\/\/paca.lpo.fr\/blogs\/nice\/wp-json\/wp\/v2\/users\/15"}],"replies":[{"embeddable":true,"href":"https:\/\/paca.lpo.fr\/blogs\/nice\/wp-json\/wp\/v2\/comments?post=1585"}],"version-history":[{"count":1,"href":"https:\/\/paca.lpo.fr\/blogs\/nice\/wp-json\/wp\/v2\/posts\/1585\/revisions"}],"predecessor-version":[{"id":1589,"href":"https:\/\/paca.lpo.fr\/blogs\/nice\/wp-json\/wp\/v2\/posts\/1585\/revisions\/1589"}],"wp:featuredmedia":[{"embeddable":true,"href":"https:\/\/paca.lpo.fr\/blogs\/nice\/wp-json\/wp\/v2\/media\/1588"}],"wp:attachment":[{"href":"https:\/\/paca.lpo.fr\/blogs\/nice\/wp-json\/wp\/v2\/media?parent=1585"}],"wp:term":[{"taxonomy":"category","embeddable":true,"href":"https:\/\/paca.lpo.fr\/blogs\/nice\/wp-json\/wp\/v2\/categories?post=1585"},{"taxonomy":"post_tag","embeddable":true,"href":"https:\/\/paca.lpo.fr\/blogs\/nice\/wp-json\/wp\/v2\/tags?post=1585"}],"curies":[{"name":"wp","href":"https:\/\/api.w.org\/{rel}","templated":true}]}}