{"id":1591,"date":"2016-11-14T16:28:08","date_gmt":"2016-11-14T15:28:08","guid":{"rendered":"https:\/\/paca.lpo.fr\/blogs\/nice\/?p=1591"},"modified":"2016-11-19T09:00:32","modified_gmt":"2016-11-19T08:00:32","slug":"camp-de-migration-du-fort-de-la-revere-fermeture-le-6-novembre-2016","status":"publish","type":"post","link":"https:\/\/paca.lpo.fr\/blogs\/nice\/2016\/11\/14\/camp-de-migration-du-fort-de-la-revere-fermeture-le-6-novembre-2016\/","title":{"rendered":"Camp de migration du Fort de la Rev\u00e8re, fermeture le 6 novembre 2016"},"content":{"rendered":"<p>Du 3 septembre au 6 novembre 2016 nous avons propos\u00e9 15 jours de suivi de la migration. 1012 visiteurs de plusieurs nationalit\u00e9s ont \u00e9t\u00e9 accueillis, et 19 136 oiseaux migrateurs d\u00e9nombr\u00e9s (65 esp\u00e8ces). Cette ann\u00e9e le camp a b\u00e9n\u00e9fici\u00e9 de belles journ\u00e9es ensoleill\u00e9es, avec une seule annulation le 5 novembre. Malheureusement les gros vols de grues cendr\u00e9es n\u2019\u00e9taient pas au rendez-vous pour le dernier jour, le 6 novembre, mais 7 aigles bott\u00e9s (photo) ont survol\u00e9 le camp, ainsi que de nombreux pinsons et pigeons ramiers. <\/p>\n<p>Rendez-vous en septembre2017 pour la prochaine \u00e9dition.<br \/>\n<img loading=\"lazy\" decoding=\"async\" src=\"https:\/\/paca.lpo.fr\/blogs\/nice\/files\/2016\/11\/Blog3.jpg\" alt=\"blog3\" width=\"807\" height=\"590\" class=\"alignnone size-full wp-image-1592\" srcset=\"https:\/\/paca.lpo.fr\/blogs\/nice\/files\/2016\/11\/Blog3.jpg 807w, https:\/\/paca.lpo.fr\/blogs\/nice\/files\/2016\/11\/Blog3-480x351.jpg 480w, https:\/\/paca.lpo.fr\/blogs\/nice\/files\/2016\/11\/Blog3-768x561.jpg 768w, https:\/\/paca.lpo.fr\/blogs\/nice\/files\/2016\/11\/Blog3-700x512.jpg 700w\" sizes=\"auto, (max-width: 807px) 100vw, 807px\" \/><figure id=\"attachment_1593\" aria-describedby=\"caption-attachment-1593\" style=\"width: 707px\" class=\"wp-caption alignnone\"><img loading=\"lazy\" decoding=\"async\" src=\"https:\/\/paca.lpo.fr\/blogs\/nice\/files\/2016\/11\/Blog4.jpg\" alt=\"dav\" width=\"707\" height=\"530\" class=\"size-full wp-image-1593\" srcset=\"https:\/\/paca.lpo.fr\/blogs\/nice\/files\/2016\/11\/Blog4.jpg 707w, https:\/\/paca.lpo.fr\/blogs\/nice\/files\/2016\/11\/Blog4-480x360.jpg 480w, https:\/\/paca.lpo.fr\/blogs\/nice\/files\/2016\/11\/Blog4-700x525.jpg 700w\" sizes=\"auto, (max-width: 707px) 100vw, 707px\" \/><figcaption id=\"caption-attachment-1593\" class=\"wp-caption-text\">dav<\/figcaption><\/figure><img loading=\"lazy\" decoding=\"async\" src=\"https:\/\/paca.lpo.fr\/blogs\/nice\/files\/2016\/11\/2016-10-15-5.jpg\" alt=\"2016-10-15-5\" width=\"803\" height=\"592\" class=\"alignnone size-full wp-image-1594\" srcset=\"https:\/\/paca.lpo.fr\/blogs\/nice\/files\/2016\/11\/2016-10-15-5.jpg 803w, https:\/\/paca.lpo.fr\/blogs\/nice\/files\/2016\/11\/2016-10-15-5-480x354.jpg 480w, https:\/\/paca.lpo.fr\/blogs\/nice\/files\/2016\/11\/2016-10-15-5-768x566.jpg 768w, https:\/\/paca.lpo.fr\/blogs\/nice\/files\/2016\/11\/2016-10-15-5-700x516.jpg 700w\" sizes=\"auto, (max-width: 803px) 100vw, 803px\" \/><\/p>\n","protected":false},"excerpt":{"rendered":"<p>Du 3 septembre au 6 novembre 2016 nous avons propos\u00e9 15 jours de suivi de la migration. 1012 visiteurs de plusieurs nationalit\u00e9s ont \u00e9t\u00e9 accueillis, et 19 136 oiseaux migrateurs d\u00e9nombr\u00e9s (65 esp\u00e8ces). Cette ann\u00e9e le camp a b\u00e9n\u00e9fici\u00e9 de belles journ\u00e9es ensoleill\u00e9es, avec une seule annulation le 5 novembre. Malheureusement les gros vols de [&hellip;]<\/p>\n","protected":false},"author":15,"featured_media":1597,"comment_status":"open","ping_status":"open","sticky":false,"template":"","format":"standard","meta":{"footnotes":""},"categories":[1,3],"tags":[],"class_list":["post-1591","post","type-post","status-publish","format-standard","has-post-thumbnail","hentry","category-sorties-nature","category-vie-groupe"],"yoast_head":"<!-- This site is optimized with the Yoast SEO plugin v28.3 - https:\/\/yoast.com\/product\/yoast-seo-wordpress\/ -->\n<title>Camp de migration du Fort de la Rev\u00e8re, fermeture le 6 novembre 2016 - Groupe local Nice<\/title>\n<meta name=\"robots\" content=\"index, follow, max-snippet:-1, max-image-preview:large, max-video-preview:-1\" \/>\n<link rel=\"canonical\" href=\"https:\/\/paca.lpo.fr\/blogs\/nice\/2016\/11\/14\/camp-de-migration-du-fort-de-la-revere-fermeture-le-6-novembre-2016\/\" \/>\n<meta property=\"og:locale\" content=\"fr_FR\" \/>\n<meta property=\"og:type\" content=\"article\" \/>\n<meta property=\"og:title\" content=\"Camp de migration du Fort de la Rev\u00e8re, fermeture le 6 novembre 2016 - Groupe local Nice\" \/>\n<meta property=\"og:description\" content=\"Du 3 septembre au 6 novembre 2016 nous avons propos\u00e9 15 jours de suivi de la migration. 1012 visiteurs de plusieurs nationalit\u00e9s ont \u00e9t\u00e9 accueillis, et 19 136 oiseaux migrateurs d\u00e9nombr\u00e9s (65 esp\u00e8ces). Cette ann\u00e9e le camp a b\u00e9n\u00e9fici\u00e9 de belles journ\u00e9es ensoleill\u00e9es, avec une seule annulation le 5 novembre. Malheureusement les gros vols de [&hellip;]\" \/>\n<meta property=\"og:url\" content=\"https:\/\/paca.lpo.fr\/blogs\/nice\/2016\/11\/14\/camp-de-migration-du-fort-de-la-revere-fermeture-le-6-novembre-2016\/\" \/>\n<meta property=\"og:site_name\" content=\"Groupe local Nice\" \/>\n<meta property=\"article:published_time\" content=\"2016-11-14T15:28:08+00:00\" \/>\n<meta property=\"article:modified_time\" content=\"2016-11-19T08:00:32+00:00\" \/>\n<meta property=\"og:image\" content=\"https:\/\/paca.lpo.fr\/blogs\/nice\/files\/2016\/11\/BlogY.jpg\" \/>\n\t<meta property=\"og:image:width\" content=\"702\" \/>\n\t<meta property=\"og:image:height\" content=\"434\" \/>\n\t<meta property=\"og:image:type\" content=\"image\/jpeg\" \/>\n<meta name=\"author\" content=\"Groupe local Paillon-B\u00e9v\u00e9ra\" \/>\n<meta name=\"twitter:card\" content=\"summary_large_image\" \/>\n<meta name=\"twitter:label1\" content=\"\u00c9crit par\" \/>\n\t<meta name=\"twitter:data1\" content=\"Groupe local Paillon-B\u00e9v\u00e9ra\" \/>\n\t<meta name=\"twitter:label2\" content=\"Dur\u00e9e de lecture estim\u00e9e\" \/>\n\t<meta name=\"twitter:data2\" content=\"1 minute\" \/>\n<script type=\"application\/ld+json\" class=\"yoast-schema-graph\">{\"@context\":\"https:\\\/\\\/schema.org\",\"@graph\":[{\"@type\":\"Article\",\"@id\":\"https:\\\/\\\/paca.lpo.fr\\\/blogs\\\/nice\\\/2016\\\/11\\\/14\\\/camp-de-migration-du-fort-de-la-revere-fermeture-le-6-novembre-2016\\\/#article\",\"isPartOf\":{\"@id\":\"https:\\\/\\\/paca.lpo.fr\\\/blogs\\\/nice\\\/2016\\\/11\\\/14\\\/camp-de-migration-du-fort-de-la-revere-fermeture-le-6-novembre-2016\\\/\"},\"author\":{\"name\":\"Groupe local Paillon-B\u00e9v\u00e9ra\",\"@id\":\"https:\\\/\\\/paca.lpo.fr\\\/blogs\\\/nice\\\/#\\\/schema\\\/person\\\/1bda33335fb71e0b3552487db26a4c56\"},\"headline\":\"Camp de migration du Fort de la Rev\u00e8re, fermeture le 6 novembre 2016\",\"datePublished\":\"2016-11-14T15:28:08+00:00\",\"dateModified\":\"2016-11-19T08:00:32+00:00\",\"mainEntityOfPage\":{\"@id\":\"https:\\\/\\\/paca.lpo.fr\\\/blogs\\\/nice\\\/2016\\\/11\\\/14\\\/camp-de-migration-du-fort-de-la-revere-fermeture-le-6-novembre-2016\\\/\"},\"wordCount\":113,\"commentCount\":0,\"publisher\":{\"@id\":\"https:\\\/\\\/paca.lpo.fr\\\/blogs\\\/nice\\\/#organization\"},\"image\":{\"@id\":\"https:\\\/\\\/paca.lpo.fr\\\/blogs\\\/nice\\\/2016\\\/11\\\/14\\\/camp-de-migration-du-fort-de-la-revere-fermeture-le-6-novembre-2016\\\/#primaryimage\"},\"thumbnailUrl\":\"https:\\\/\\\/paca.lpo.fr\\\/blogs\\\/nice\\\/files\\\/2016\\\/11\\\/BlogY.jpg\",\"articleSection\":[\"grands \u00e9v\u00e8nements\",\"Vie du groupe\"],\"inLanguage\":\"fr-FR\",\"potentialAction\":[{\"@type\":\"CommentAction\",\"name\":\"Comment\",\"target\":[\"https:\\\/\\\/paca.lpo.fr\\\/blogs\\\/nice\\\/2016\\\/11\\\/14\\\/camp-de-migration-du-fort-de-la-revere-fermeture-le-6-novembre-2016\\\/#respond\"]}]},{\"@type\":\"WebPage\",\"@id\":\"https:\\\/\\\/paca.lpo.fr\\\/blogs\\\/nice\\\/2016\\\/11\\\/14\\\/camp-de-migration-du-fort-de-la-revere-fermeture-le-6-novembre-2016\\\/\",\"url\":\"https:\\\/\\\/paca.lpo.fr\\\/blogs\\\/nice\\\/2016\\\/11\\\/14\\\/camp-de-migration-du-fort-de-la-revere-fermeture-le-6-novembre-2016\\\/\",\"name\":\"Camp de migration du Fort de la Rev\u00e8re, fermeture le 6 novembre 2016 - Groupe local Nice\",\"isPartOf\":{\"@id\":\"https:\\\/\\\/paca.lpo.fr\\\/blogs\\\/nice\\\/#website\"},\"primaryImageOfPage\":{\"@id\":\"https:\\\/\\\/paca.lpo.fr\\\/blogs\\\/nice\\\/2016\\\/11\\\/14\\\/camp-de-migration-du-fort-de-la-revere-fermeture-le-6-novembre-2016\\\/#primaryimage\"},\"image\":{\"@id\":\"https:\\\/\\\/paca.lpo.fr\\\/blogs\\\/nice\\\/2016\\\/11\\\/14\\\/camp-de-migration-du-fort-de-la-revere-fermeture-le-6-novembre-2016\\\/#primaryimage\"},\"thumbnailUrl\":\"https:\\\/\\\/paca.lpo.fr\\\/blogs\\\/nice\\\/files\\\/2016\\\/11\\\/BlogY.jpg\",\"datePublished\":\"2016-11-14T15:28:08+00:00\",\"dateModified\":\"2016-11-19T08:00:32+00:00\",\"breadcrumb\":{\"@id\":\"https:\\\/\\\/paca.lpo.fr\\\/blogs\\\/nice\\\/2016\\\/11\\\/14\\\/camp-de-migration-du-fort-de-la-revere-fermeture-le-6-novembre-2016\\\/#breadcrumb\"},\"inLanguage\":\"fr-FR\",\"potentialAction\":[{\"@type\":\"ReadAction\",\"target\":[\"https:\\\/\\\/paca.lpo.fr\\\/blogs\\\/nice\\\/2016\\\/11\\\/14\\\/camp-de-migration-du-fort-de-la-revere-fermeture-le-6-novembre-2016\\\/\"]}]},{\"@type\":\"ImageObject\",\"inLanguage\":\"fr-FR\",\"@id\":\"https:\\\/\\\/paca.lpo.fr\\\/blogs\\\/nice\\\/2016\\\/11\\\/14\\\/camp-de-migration-du-fort-de-la-revere-fermeture-le-6-novembre-2016\\\/#primaryimage\",\"url\":\"https:\\\/\\\/paca.lpo.fr\\\/blogs\\\/nice\\\/files\\\/2016\\\/11\\\/BlogY.jpg\",\"contentUrl\":\"https:\\\/\\\/paca.lpo.fr\\\/blogs\\\/nice\\\/files\\\/2016\\\/11\\\/BlogY.jpg\",\"width\":702,\"height\":434,\"caption\":\"????????????????????????????????????\"},{\"@type\":\"BreadcrumbList\",\"@id\":\"https:\\\/\\\/paca.lpo.fr\\\/blogs\\\/nice\\\/2016\\\/11\\\/14\\\/camp-de-migration-du-fort-de-la-revere-fermeture-le-6-novembre-2016\\\/#breadcrumb\",\"itemListElement\":[{\"@type\":\"ListItem\",\"position\":1,\"name\":\"Accueil\",\"item\":\"https:\\\/\\\/paca.lpo.fr\\\/blogs\\\/nice\\\/\"},{\"@type\":\"ListItem\",\"position\":2,\"name\":\"Camp de migration du Fort de la Rev\u00e8re, fermeture le 6 novembre 2016\"}]},{\"@type\":\"WebSite\",\"@id\":\"https:\\\/\\\/paca.lpo.fr\\\/blogs\\\/nice\\\/#website\",\"url\":\"https:\\\/\\\/paca.lpo.fr\\\/blogs\\\/nice\\\/\",\"name\":\"Groupe local Nice\",\"description\":\"Groupe local Nice\",\"publisher\":{\"@id\":\"https:\\\/\\\/paca.lpo.fr\\\/blogs\\\/nice\\\/#organization\"},\"potentialAction\":[{\"@type\":\"SearchAction\",\"target\":{\"@type\":\"EntryPoint\",\"urlTemplate\":\"https:\\\/\\\/paca.lpo.fr\\\/blogs\\\/nice\\\/?s={search_term_string}\"},\"query-input\":{\"@type\":\"PropertyValueSpecification\",\"valueRequired\":true,\"valueName\":\"search_term_string\"}}],\"inLanguage\":\"fr-FR\"},{\"@type\":\"Organization\",\"@id\":\"https:\\\/\\\/paca.lpo.fr\\\/blogs\\\/nice\\\/#organization\",\"name\":\"Groupe local Nice\",\"url\":\"https:\\\/\\\/paca.lpo.fr\\\/blogs\\\/nice\\\/\",\"logo\":{\"@type\":\"ImageObject\",\"inLanguage\":\"fr-FR\",\"@id\":\"https:\\\/\\\/paca.lpo.fr\\\/blogs\\\/nice\\\/#\\\/schema\\\/logo\\\/image\\\/\",\"url\":\"https:\\\/\\\/paca.lpo.fr\\\/blogs\\\/nice\\\/files\\\/2024\\\/01\\\/cropped-rvb-lpo-paca-logotype-signature-droite-mini-500.jpg\",\"contentUrl\":\"https:\\\/\\\/paca.lpo.fr\\\/blogs\\\/nice\\\/files\\\/2024\\\/01\\\/cropped-rvb-lpo-paca-logotype-signature-droite-mini-500.jpg\",\"width\":500,\"height\":210,\"caption\":\"Groupe local Nice\"},\"image\":{\"@id\":\"https:\\\/\\\/paca.lpo.fr\\\/blogs\\\/nice\\\/#\\\/schema\\\/logo\\\/image\\\/\"}},{\"@type\":\"Person\",\"@id\":\"https:\\\/\\\/paca.lpo.fr\\\/blogs\\\/nice\\\/#\\\/schema\\\/person\\\/1bda33335fb71e0b3552487db26a4c56\",\"name\":\"Groupe local Paillon-B\u00e9v\u00e9ra\",\"image\":{\"@type\":\"ImageObject\",\"inLanguage\":\"fr-FR\",\"@id\":\"https:\\\/\\\/secure.gravatar.com\\\/avatar\\\/b1ee285506e2cb880ec988990d360e255aecb31c77212741dace1023623610c2?s=96&d=mm&r=g\",\"url\":\"https:\\\/\\\/secure.gravatar.com\\\/avatar\\\/b1ee285506e2cb880ec988990d360e255aecb31c77212741dace1023623610c2?s=96&d=mm&r=g\",\"contentUrl\":\"https:\\\/\\\/secure.gravatar.com\\\/avatar\\\/b1ee285506e2cb880ec988990d360e255aecb31c77212741dace1023623610c2?s=96&d=mm&r=g\",\"caption\":\"Groupe local Paillon-B\u00e9v\u00e9ra\"},\"url\":\"https:\\\/\\\/paca.lpo.fr\\\/blogs\\\/nice\\\/author\\\/alpesmaritimesest\\\/\"}]}<\/script>\n<!-- \/ Yoast SEO plugin. -->","yoast_head_json":{"title":"Camp de migration du Fort de la Rev\u00e8re, fermeture le 6 novembre 2016 - Groupe local Nice","robots":{"index":"index","follow":"follow","max-snippet":"max-snippet:-1","max-image-preview":"max-image-preview:large","max-video-preview":"max-video-preview:-1"},"canonical":"https:\/\/paca.lpo.fr\/blogs\/nice\/2016\/11\/14\/camp-de-migration-du-fort-de-la-revere-fermeture-le-6-novembre-2016\/","og_locale":"fr_FR","og_type":"article","og_title":"Camp de migration du Fort de la Rev\u00e8re, fermeture le 6 novembre 2016 - Groupe local Nice","og_description":"Du 3 septembre au 6 novembre 2016 nous avons propos\u00e9 15 jours de suivi de la migration. 1012 visiteurs de plusieurs nationalit\u00e9s ont \u00e9t\u00e9 accueillis, et 19 136 oiseaux migrateurs d\u00e9nombr\u00e9s (65 esp\u00e8ces). Cette ann\u00e9e le camp a b\u00e9n\u00e9fici\u00e9 de belles journ\u00e9es ensoleill\u00e9es, avec une seule annulation le 5 novembre. Malheureusement les gros vols de [&hellip;]","og_url":"https:\/\/paca.lpo.fr\/blogs\/nice\/2016\/11\/14\/camp-de-migration-du-fort-de-la-revere-fermeture-le-6-novembre-2016\/","og_site_name":"Groupe local Nice","article_published_time":"2016-11-14T15:28:08+00:00","article_modified_time":"2016-11-19T08:00:32+00:00","og_image":[{"width":702,"height":434,"url":"https:\/\/paca.lpo.fr\/blogs\/nice\/files\/2016\/11\/BlogY.jpg","type":"image\/jpeg"}],"author":"Groupe local Paillon-B\u00e9v\u00e9ra","twitter_card":"summary_large_image","twitter_misc":{"\u00c9crit par":"Groupe local Paillon-B\u00e9v\u00e9ra","Dur\u00e9e de lecture estim\u00e9e":"1 minute"},"schema":{"@context":"https:\/\/schema.org","@graph":[{"@type":"Article","@id":"https:\/\/paca.lpo.fr\/blogs\/nice\/2016\/11\/14\/camp-de-migration-du-fort-de-la-revere-fermeture-le-6-novembre-2016\/#article","isPartOf":{"@id":"https:\/\/paca.lpo.fr\/blogs\/nice\/2016\/11\/14\/camp-de-migration-du-fort-de-la-revere-fermeture-le-6-novembre-2016\/"},"author":{"name":"Groupe local Paillon-B\u00e9v\u00e9ra","@id":"https:\/\/paca.lpo.fr\/blogs\/nice\/#\/schema\/person\/1bda33335fb71e0b3552487db26a4c56"},"headline":"Camp de migration du Fort de la Rev\u00e8re, fermeture le 6 novembre 2016","datePublished":"2016-11-14T15:28:08+00:00","dateModified":"2016-11-19T08:00:32+00:00","mainEntityOfPage":{"@id":"https:\/\/paca.lpo.fr\/blogs\/nice\/2016\/11\/14\/camp-de-migration-du-fort-de-la-revere-fermeture-le-6-novembre-2016\/"},"wordCount":113,"commentCount":0,"publisher":{"@id":"https:\/\/paca.lpo.fr\/blogs\/nice\/#organization"},"image":{"@id":"https:\/\/paca.lpo.fr\/blogs\/nice\/2016\/11\/14\/camp-de-migration-du-fort-de-la-revere-fermeture-le-6-novembre-2016\/#primaryimage"},"thumbnailUrl":"https:\/\/paca.lpo.fr\/blogs\/nice\/files\/2016\/11\/BlogY.jpg","articleSection":["grands \u00e9v\u00e8nements","Vie du groupe"],"inLanguage":"fr-FR","potentialAction":[{"@type":"CommentAction","name":"Comment","target":["https:\/\/paca.lpo.fr\/blogs\/nice\/2016\/11\/14\/camp-de-migration-du-fort-de-la-revere-fermeture-le-6-novembre-2016\/#respond"]}]},{"@type":"WebPage","@id":"https:\/\/paca.lpo.fr\/blogs\/nice\/2016\/11\/14\/camp-de-migration-du-fort-de-la-revere-fermeture-le-6-novembre-2016\/","url":"https:\/\/paca.lpo.fr\/blogs\/nice\/2016\/11\/14\/camp-de-migration-du-fort-de-la-revere-fermeture-le-6-novembre-2016\/","name":"Camp de migration du Fort de la Rev\u00e8re, fermeture le 6 novembre 2016 - Groupe local Nice","isPartOf":{"@id":"https:\/\/paca.lpo.fr\/blogs\/nice\/#website"},"primaryImageOfPage":{"@id":"https:\/\/paca.lpo.fr\/blogs\/nice\/2016\/11\/14\/camp-de-migration-du-fort-de-la-revere-fermeture-le-6-novembre-2016\/#primaryimage"},"image":{"@id":"https:\/\/paca.lpo.fr\/blogs\/nice\/2016\/11\/14\/camp-de-migration-du-fort-de-la-revere-fermeture-le-6-novembre-2016\/#primaryimage"},"thumbnailUrl":"https:\/\/paca.lpo.fr\/blogs\/nice\/files\/2016\/11\/BlogY.jpg","datePublished":"2016-11-14T15:28:08+00:00","dateModified":"2016-11-19T08:00:32+00:00","breadcrumb":{"@id":"https:\/\/paca.lpo.fr\/blogs\/nice\/2016\/11\/14\/camp-de-migration-du-fort-de-la-revere-fermeture-le-6-novembre-2016\/#breadcrumb"},"inLanguage":"fr-FR","potentialAction":[{"@type":"ReadAction","target":["https:\/\/paca.lpo.fr\/blogs\/nice\/2016\/11\/14\/camp-de-migration-du-fort-de-la-revere-fermeture-le-6-novembre-2016\/"]}]},{"@type":"ImageObject","inLanguage":"fr-FR","@id":"https:\/\/paca.lpo.fr\/blogs\/nice\/2016\/11\/14\/camp-de-migration-du-fort-de-la-revere-fermeture-le-6-novembre-2016\/#primaryimage","url":"https:\/\/paca.lpo.fr\/blogs\/nice\/files\/2016\/11\/BlogY.jpg","contentUrl":"https:\/\/paca.lpo.fr\/blogs\/nice\/files\/2016\/11\/BlogY.jpg","width":702,"height":434,"caption":"????????????????????????????????????"},{"@type":"BreadcrumbList","@id":"https:\/\/paca.lpo.fr\/blogs\/nice\/2016\/11\/14\/camp-de-migration-du-fort-de-la-revere-fermeture-le-6-novembre-2016\/#breadcrumb","itemListElement":[{"@type":"ListItem","position":1,"name":"Accueil","item":"https:\/\/paca.lpo.fr\/blogs\/nice\/"},{"@type":"ListItem","position":2,"name":"Camp de migration du Fort de la Rev\u00e8re, fermeture le 6 novembre 2016"}]},{"@type":"WebSite","@id":"https:\/\/paca.lpo.fr\/blogs\/nice\/#website","url":"https:\/\/paca.lpo.fr\/blogs\/nice\/","name":"Groupe local Nice","description":"Groupe local Nice","publisher":{"@id":"https:\/\/paca.lpo.fr\/blogs\/nice\/#organization"},"potentialAction":[{"@type":"SearchAction","target":{"@type":"EntryPoint","urlTemplate":"https:\/\/paca.lpo.fr\/blogs\/nice\/?s={search_term_string}"},"query-input":{"@type":"PropertyValueSpecification","valueRequired":true,"valueName":"search_term_string"}}],"inLanguage":"fr-FR"},{"@type":"Organization","@id":"https:\/\/paca.lpo.fr\/blogs\/nice\/#organization","name":"Groupe local Nice","url":"https:\/\/paca.lpo.fr\/blogs\/nice\/","logo":{"@type":"ImageObject","inLanguage":"fr-FR","@id":"https:\/\/paca.lpo.fr\/blogs\/nice\/#\/schema\/logo\/image\/","url":"https:\/\/paca.lpo.fr\/blogs\/nice\/files\/2024\/01\/cropped-rvb-lpo-paca-logotype-signature-droite-mini-500.jpg","contentUrl":"https:\/\/paca.lpo.fr\/blogs\/nice\/files\/2024\/01\/cropped-rvb-lpo-paca-logotype-signature-droite-mini-500.jpg","width":500,"height":210,"caption":"Groupe local Nice"},"image":{"@id":"https:\/\/paca.lpo.fr\/blogs\/nice\/#\/schema\/logo\/image\/"}},{"@type":"Person","@id":"https:\/\/paca.lpo.fr\/blogs\/nice\/#\/schema\/person\/1bda33335fb71e0b3552487db26a4c56","name":"Groupe local Paillon-B\u00e9v\u00e9ra","image":{"@type":"ImageObject","inLanguage":"fr-FR","@id":"https:\/\/secure.gravatar.com\/avatar\/b1ee285506e2cb880ec988990d360e255aecb31c77212741dace1023623610c2?s=96&d=mm&r=g","url":"https:\/\/secure.gravatar.com\/avatar\/b1ee285506e2cb880ec988990d360e255aecb31c77212741dace1023623610c2?s=96&d=mm&r=g","contentUrl":"https:\/\/secure.gravatar.com\/avatar\/b1ee285506e2cb880ec988990d360e255aecb31c77212741dace1023623610c2?s=96&d=mm&r=g","caption":"Groupe local Paillon-B\u00e9v\u00e9ra"},"url":"https:\/\/paca.lpo.fr\/blogs\/nice\/author\/alpesmaritimesest\/"}]}},"jetpack_featured_media_url":"https:\/\/paca.lpo.fr\/blogs\/nice\/files\/2016\/11\/BlogY.jpg","_links":{"self":[{"href":"https:\/\/paca.lpo.fr\/blogs\/nice\/wp-json\/wp\/v2\/posts\/1591","targetHints":{"allow":["GET"]}}],"collection":[{"href":"https:\/\/paca.lpo.fr\/blogs\/nice\/wp-json\/wp\/v2\/posts"}],"about":[{"href":"https:\/\/paca.lpo.fr\/blogs\/nice\/wp-json\/wp\/v2\/types\/post"}],"author":[{"embeddable":true,"href":"https:\/\/paca.lpo.fr\/blogs\/nice\/wp-json\/wp\/v2\/users\/15"}],"replies":[{"embeddable":true,"href":"https:\/\/paca.lpo.fr\/blogs\/nice\/wp-json\/wp\/v2\/comments?post=1591"}],"version-history":[{"count":3,"href":"https:\/\/paca.lpo.fr\/blogs\/nice\/wp-json\/wp\/v2\/posts\/1591\/revisions"}],"predecessor-version":[{"id":1599,"href":"https:\/\/paca.lpo.fr\/blogs\/nice\/wp-json\/wp\/v2\/posts\/1591\/revisions\/1599"}],"wp:featuredmedia":[{"embeddable":true,"href":"https:\/\/paca.lpo.fr\/blogs\/nice\/wp-json\/wp\/v2\/media\/1597"}],"wp:attachment":[{"href":"https:\/\/paca.lpo.fr\/blogs\/nice\/wp-json\/wp\/v2\/media?parent=1591"}],"wp:term":[{"taxonomy":"category","embeddable":true,"href":"https:\/\/paca.lpo.fr\/blogs\/nice\/wp-json\/wp\/v2\/categories?post=1591"},{"taxonomy":"post_tag","embeddable":true,"href":"https:\/\/paca.lpo.fr\/blogs\/nice\/wp-json\/wp\/v2\/tags?post=1591"}],"curies":[{"name":"wp","href":"https:\/\/api.w.org\/{rel}","templated":true}]}}