{"id":1608,"date":"2016-12-07T18:59:12","date_gmt":"2016-12-07T17:59:12","guid":{"rendered":"https:\/\/paca.lpo.fr\/blogs\/nice\/?p=1608"},"modified":"2017-04-20T15:25:37","modified_gmt":"2017-04-20T14:25:37","slug":"animation-lpo-paca-filmee-par-fr3","status":"publish","type":"post","link":"https:\/\/paca.lpo.fr\/blogs\/nice\/2016\/12\/07\/animation-lpo-paca-filmee-par-fr3\/","title":{"rendered":"Animation LPO PACA film\u00e9e par FR3"},"content":{"rendered":"<p><a href=\"https:\/\/paca.lpo.fr\/blogs\/nice\/files\/2016\/12\/blog1.jpg\"><img loading=\"lazy\" decoding=\"async\" class=\"alignleft size-full wp-image-1612\" src=\"https:\/\/paca.lpo.fr\/blogs\/nice\/files\/2016\/12\/blog1.jpg\" alt=\"\" width=\"862\" height=\"541\" srcset=\"https:\/\/paca.lpo.fr\/blogs\/nice\/files\/2016\/12\/blog1.jpg 862w, https:\/\/paca.lpo.fr\/blogs\/nice\/files\/2016\/12\/blog1-480x301.jpg 480w, https:\/\/paca.lpo.fr\/blogs\/nice\/files\/2016\/12\/blog1-768x482.jpg 768w, https:\/\/paca.lpo.fr\/blogs\/nice\/files\/2016\/12\/blog1-700x439.jpg 700w\" sizes=\"auto, (max-width: 862px) 100vw, 862px\" \/><\/a>La sortie anim\u00e9e par Eve Leb\u00e8gue et Lucie Pichot \u00e0 l&rsquo;\u00e9tang de Fontmerle ce mercredi 7 d\u00e9cembre a \u00e9t\u00e9 suivie et film\u00e9e par une \u00e9quipe de FR3. Le reportage sera diffus\u00e9e au mois de f\u00e9vrier 2017 dans le cadre de l&rsquo;\u00e9mission \u00ab\u00a0Prioriterre\u00a0\u00bb, le magazine du d\u00e9veloppement durable de FR3 C\u00f4te d&rsquo;Azur. Une belle journ\u00e9e ensoleill\u00e9e pour cette balade nature autour de l&rsquo;\u00e9tang.<\/p>\n<p><a href=\"https:\/\/paca.lpo.fr\/blogs\/nice\/files\/2016\/12\/blog2.jpg\"><img loading=\"lazy\" decoding=\"async\" class=\"alignnone wp-image-1609 size-large\" src=\"https:\/\/paca.lpo.fr\/blogs\/nice\/files\/2016\/12\/blog2-960x713.jpg\" alt=\"blog2\" width=\"660\" height=\"490\" srcset=\"https:\/\/paca.lpo.fr\/blogs\/nice\/files\/2016\/12\/blog2-960x713.jpg 960w, https:\/\/paca.lpo.fr\/blogs\/nice\/files\/2016\/12\/blog2-480x356.jpg 480w, https:\/\/paca.lpo.fr\/blogs\/nice\/files\/2016\/12\/blog2-768x570.jpg 768w, https:\/\/paca.lpo.fr\/blogs\/nice\/files\/2016\/12\/blog2-700x520.jpg 700w, https:\/\/paca.lpo.fr\/blogs\/nice\/files\/2016\/12\/blog2.jpg 991w\" sizes=\"auto, (max-width: 660px) 100vw, 660px\" \/><\/a><\/p>\n<p><a href=\"https:\/\/paca.lpo.fr\/blogs\/nice\/files\/2016\/12\/blog3.jpg\"><img loading=\"lazy\" decoding=\"async\" class=\"alignnone wp-image-1610 size-thumbnail\" src=\"https:\/\/paca.lpo.fr\/blogs\/nice\/files\/2016\/12\/blog3-150x150.jpg\" alt=\"blog3\" width=\"150\" height=\"150\" srcset=\"https:\/\/paca.lpo.fr\/blogs\/nice\/files\/2016\/12\/blog3-150x150.jpg 150w, https:\/\/paca.lpo.fr\/blogs\/nice\/files\/2016\/12\/blog3-144x144.jpg 144w, https:\/\/paca.lpo.fr\/blogs\/nice\/files\/2016\/12\/blog3-432x432.jpg 432w, https:\/\/paca.lpo.fr\/blogs\/nice\/files\/2016\/12\/blog3-268x268.jpg 268w\" sizes=\"auto, (max-width: 150px) 100vw, 150px\" \/><\/a><a href=\"https:\/\/paca.lpo.fr\/blogs\/nice\/files\/2016\/12\/blog4.jpg\"><img loading=\"lazy\" decoding=\"async\" class=\"alignnone wp-image-1611 size-full\" src=\"https:\/\/paca.lpo.fr\/blogs\/nice\/files\/2016\/12\/blog4.jpg\" alt=\"blog4\" width=\"914\" height=\"685\" srcset=\"https:\/\/paca.lpo.fr\/blogs\/nice\/files\/2016\/12\/blog4.jpg 914w, https:\/\/paca.lpo.fr\/blogs\/nice\/files\/2016\/12\/blog4-480x360.jpg 480w, https:\/\/paca.lpo.fr\/blogs\/nice\/files\/2016\/12\/blog4-768x576.jpg 768w, https:\/\/paca.lpo.fr\/blogs\/nice\/files\/2016\/12\/blog4-700x525.jpg 700w\" sizes=\"auto, (max-width: 914px) 100vw, 914px\" \/><\/a><\/p>\n","protected":false},"excerpt":{"rendered":"<p>La sortie anim\u00e9e par Eve Leb\u00e8gue et Lucie Pichot \u00e0 l&rsquo;\u00e9tang de Fontmerle ce mercredi 7 d\u00e9cembre a \u00e9t\u00e9 suivie et film\u00e9e par une \u00e9quipe de FR3. Le reportage sera diffus\u00e9e au mois de f\u00e9vrier 2017 dans le cadre de l&rsquo;\u00e9mission \u00ab\u00a0Prioriterre\u00a0\u00bb, le magazine du d\u00e9veloppement durable de FR3 C\u00f4te d&rsquo;Azur. Une belle journ\u00e9e ensoleill\u00e9e [&hellip;]<\/p>\n","protected":false},"author":15,"featured_media":1612,"comment_status":"open","ping_status":"open","sticky":false,"template":"","format":"standard","meta":{"footnotes":""},"categories":[1,3],"tags":[],"class_list":["post-1608","post","type-post","status-publish","format-standard","has-post-thumbnail","hentry","category-sorties-nature","category-vie-groupe"],"yoast_head":"<!-- This site is optimized with the Yoast SEO plugin v28.3 - https:\/\/yoast.com\/product\/yoast-seo-wordpress\/ -->\n<title>Animation LPO PACA film\u00e9e par FR3 - Groupe local Nice<\/title>\n<meta name=\"robots\" content=\"index, follow, max-snippet:-1, max-image-preview:large, max-video-preview:-1\" \/>\n<link rel=\"canonical\" href=\"https:\/\/paca.lpo.fr\/blogs\/nice\/2016\/12\/07\/animation-lpo-paca-filmee-par-fr3\/\" \/>\n<meta property=\"og:locale\" content=\"fr_FR\" \/>\n<meta property=\"og:type\" content=\"article\" \/>\n<meta property=\"og:title\" content=\"Animation LPO PACA film\u00e9e par FR3 - Groupe local Nice\" \/>\n<meta property=\"og:description\" content=\"La sortie anim\u00e9e par Eve Leb\u00e8gue et Lucie Pichot \u00e0 l&rsquo;\u00e9tang de Fontmerle ce mercredi 7 d\u00e9cembre a \u00e9t\u00e9 suivie et film\u00e9e par une \u00e9quipe de FR3. Le reportage sera diffus\u00e9e au mois de f\u00e9vrier 2017 dans le cadre de l&rsquo;\u00e9mission \u00ab\u00a0Prioriterre\u00a0\u00bb, le magazine du d\u00e9veloppement durable de FR3 C\u00f4te d&rsquo;Azur. Une belle journ\u00e9e ensoleill\u00e9e [&hellip;]\" \/>\n<meta property=\"og:url\" content=\"https:\/\/paca.lpo.fr\/blogs\/nice\/2016\/12\/07\/animation-lpo-paca-filmee-par-fr3\/\" \/>\n<meta property=\"og:site_name\" content=\"Groupe local Nice\" \/>\n<meta property=\"article:published_time\" content=\"2016-12-07T17:59:12+00:00\" \/>\n<meta property=\"article:modified_time\" content=\"2017-04-20T14:25:37+00:00\" \/>\n<meta property=\"og:image\" content=\"https:\/\/paca.lpo.fr\/blogs\/nice\/files\/2016\/12\/blog1.jpg\" \/>\n\t<meta property=\"og:image:width\" content=\"862\" \/>\n\t<meta property=\"og:image:height\" content=\"541\" \/>\n\t<meta property=\"og:image:type\" content=\"image\/jpeg\" \/>\n<meta name=\"author\" content=\"Groupe local Paillon-B\u00e9v\u00e9ra\" \/>\n<meta name=\"twitter:card\" content=\"summary_large_image\" \/>\n<meta name=\"twitter:label1\" content=\"\u00c9crit par\" \/>\n\t<meta name=\"twitter:data1\" content=\"Groupe local Paillon-B\u00e9v\u00e9ra\" \/>\n<script type=\"application\/ld+json\" class=\"yoast-schema-graph\">{\"@context\":\"https:\\\/\\\/schema.org\",\"@graph\":[{\"@type\":\"Article\",\"@id\":\"https:\\\/\\\/paca.lpo.fr\\\/blogs\\\/nice\\\/2016\\\/12\\\/07\\\/animation-lpo-paca-filmee-par-fr3\\\/#article\",\"isPartOf\":{\"@id\":\"https:\\\/\\\/paca.lpo.fr\\\/blogs\\\/nice\\\/2016\\\/12\\\/07\\\/animation-lpo-paca-filmee-par-fr3\\\/\"},\"author\":{\"name\":\"Groupe local Paillon-B\u00e9v\u00e9ra\",\"@id\":\"https:\\\/\\\/paca.lpo.fr\\\/blogs\\\/nice\\\/#\\\/schema\\\/person\\\/1bda33335fb71e0b3552487db26a4c56\"},\"headline\":\"Animation LPO PACA film\u00e9e par FR3\",\"datePublished\":\"2016-12-07T17:59:12+00:00\",\"dateModified\":\"2017-04-20T14:25:37+00:00\",\"mainEntityOfPage\":{\"@id\":\"https:\\\/\\\/paca.lpo.fr\\\/blogs\\\/nice\\\/2016\\\/12\\\/07\\\/animation-lpo-paca-filmee-par-fr3\\\/\"},\"wordCount\":80,\"commentCount\":0,\"publisher\":{\"@id\":\"https:\\\/\\\/paca.lpo.fr\\\/blogs\\\/nice\\\/#organization\"},\"image\":{\"@id\":\"https:\\\/\\\/paca.lpo.fr\\\/blogs\\\/nice\\\/2016\\\/12\\\/07\\\/animation-lpo-paca-filmee-par-fr3\\\/#primaryimage\"},\"thumbnailUrl\":\"https:\\\/\\\/paca.lpo.fr\\\/blogs\\\/nice\\\/files\\\/2016\\\/12\\\/blog1.jpg\",\"articleSection\":[\"grands \u00e9v\u00e8nements\",\"Vie du groupe\"],\"inLanguage\":\"fr-FR\",\"potentialAction\":[{\"@type\":\"CommentAction\",\"name\":\"Comment\",\"target\":[\"https:\\\/\\\/paca.lpo.fr\\\/blogs\\\/nice\\\/2016\\\/12\\\/07\\\/animation-lpo-paca-filmee-par-fr3\\\/#respond\"]}]},{\"@type\":\"WebPage\",\"@id\":\"https:\\\/\\\/paca.lpo.fr\\\/blogs\\\/nice\\\/2016\\\/12\\\/07\\\/animation-lpo-paca-filmee-par-fr3\\\/\",\"url\":\"https:\\\/\\\/paca.lpo.fr\\\/blogs\\\/nice\\\/2016\\\/12\\\/07\\\/animation-lpo-paca-filmee-par-fr3\\\/\",\"name\":\"Animation LPO PACA film\u00e9e par FR3 - Groupe local Nice\",\"isPartOf\":{\"@id\":\"https:\\\/\\\/paca.lpo.fr\\\/blogs\\\/nice\\\/#website\"},\"primaryImageOfPage\":{\"@id\":\"https:\\\/\\\/paca.lpo.fr\\\/blogs\\\/nice\\\/2016\\\/12\\\/07\\\/animation-lpo-paca-filmee-par-fr3\\\/#primaryimage\"},\"image\":{\"@id\":\"https:\\\/\\\/paca.lpo.fr\\\/blogs\\\/nice\\\/2016\\\/12\\\/07\\\/animation-lpo-paca-filmee-par-fr3\\\/#primaryimage\"},\"thumbnailUrl\":\"https:\\\/\\\/paca.lpo.fr\\\/blogs\\\/nice\\\/files\\\/2016\\\/12\\\/blog1.jpg\",\"datePublished\":\"2016-12-07T17:59:12+00:00\",\"dateModified\":\"2017-04-20T14:25:37+00:00\",\"breadcrumb\":{\"@id\":\"https:\\\/\\\/paca.lpo.fr\\\/blogs\\\/nice\\\/2016\\\/12\\\/07\\\/animation-lpo-paca-filmee-par-fr3\\\/#breadcrumb\"},\"inLanguage\":\"fr-FR\",\"potentialAction\":[{\"@type\":\"ReadAction\",\"target\":[\"https:\\\/\\\/paca.lpo.fr\\\/blogs\\\/nice\\\/2016\\\/12\\\/07\\\/animation-lpo-paca-filmee-par-fr3\\\/\"]}]},{\"@type\":\"ImageObject\",\"inLanguage\":\"fr-FR\",\"@id\":\"https:\\\/\\\/paca.lpo.fr\\\/blogs\\\/nice\\\/2016\\\/12\\\/07\\\/animation-lpo-paca-filmee-par-fr3\\\/#primaryimage\",\"url\":\"https:\\\/\\\/paca.lpo.fr\\\/blogs\\\/nice\\\/files\\\/2016\\\/12\\\/blog1.jpg\",\"contentUrl\":\"https:\\\/\\\/paca.lpo.fr\\\/blogs\\\/nice\\\/files\\\/2016\\\/12\\\/blog1.jpg\",\"width\":862,\"height\":541},{\"@type\":\"BreadcrumbList\",\"@id\":\"https:\\\/\\\/paca.lpo.fr\\\/blogs\\\/nice\\\/2016\\\/12\\\/07\\\/animation-lpo-paca-filmee-par-fr3\\\/#breadcrumb\",\"itemListElement\":[{\"@type\":\"ListItem\",\"position\":1,\"name\":\"Accueil\",\"item\":\"https:\\\/\\\/paca.lpo.fr\\\/blogs\\\/nice\\\/\"},{\"@type\":\"ListItem\",\"position\":2,\"name\":\"Animation LPO PACA film\u00e9e par FR3\"}]},{\"@type\":\"WebSite\",\"@id\":\"https:\\\/\\\/paca.lpo.fr\\\/blogs\\\/nice\\\/#website\",\"url\":\"https:\\\/\\\/paca.lpo.fr\\\/blogs\\\/nice\\\/\",\"name\":\"Groupe local Nice\",\"description\":\"Groupe local Nice\",\"publisher\":{\"@id\":\"https:\\\/\\\/paca.lpo.fr\\\/blogs\\\/nice\\\/#organization\"},\"potentialAction\":[{\"@type\":\"SearchAction\",\"target\":{\"@type\":\"EntryPoint\",\"urlTemplate\":\"https:\\\/\\\/paca.lpo.fr\\\/blogs\\\/nice\\\/?s={search_term_string}\"},\"query-input\":{\"@type\":\"PropertyValueSpecification\",\"valueRequired\":true,\"valueName\":\"search_term_string\"}}],\"inLanguage\":\"fr-FR\"},{\"@type\":\"Organization\",\"@id\":\"https:\\\/\\\/paca.lpo.fr\\\/blogs\\\/nice\\\/#organization\",\"name\":\"Groupe local Nice\",\"url\":\"https:\\\/\\\/paca.lpo.fr\\\/blogs\\\/nice\\\/\",\"logo\":{\"@type\":\"ImageObject\",\"inLanguage\":\"fr-FR\",\"@id\":\"https:\\\/\\\/paca.lpo.fr\\\/blogs\\\/nice\\\/#\\\/schema\\\/logo\\\/image\\\/\",\"url\":\"https:\\\/\\\/paca.lpo.fr\\\/blogs\\\/nice\\\/files\\\/2024\\\/01\\\/cropped-rvb-lpo-paca-logotype-signature-droite-mini-500.jpg\",\"contentUrl\":\"https:\\\/\\\/paca.lpo.fr\\\/blogs\\\/nice\\\/files\\\/2024\\\/01\\\/cropped-rvb-lpo-paca-logotype-signature-droite-mini-500.jpg\",\"width\":500,\"height\":210,\"caption\":\"Groupe local Nice\"},\"image\":{\"@id\":\"https:\\\/\\\/paca.lpo.fr\\\/blogs\\\/nice\\\/#\\\/schema\\\/logo\\\/image\\\/\"}},{\"@type\":\"Person\",\"@id\":\"https:\\\/\\\/paca.lpo.fr\\\/blogs\\\/nice\\\/#\\\/schema\\\/person\\\/1bda33335fb71e0b3552487db26a4c56\",\"name\":\"Groupe local Paillon-B\u00e9v\u00e9ra\",\"image\":{\"@type\":\"ImageObject\",\"inLanguage\":\"fr-FR\",\"@id\":\"https:\\\/\\\/secure.gravatar.com\\\/avatar\\\/b1ee285506e2cb880ec988990d360e255aecb31c77212741dace1023623610c2?s=96&d=mm&r=g\",\"url\":\"https:\\\/\\\/secure.gravatar.com\\\/avatar\\\/b1ee285506e2cb880ec988990d360e255aecb31c77212741dace1023623610c2?s=96&d=mm&r=g\",\"contentUrl\":\"https:\\\/\\\/secure.gravatar.com\\\/avatar\\\/b1ee285506e2cb880ec988990d360e255aecb31c77212741dace1023623610c2?s=96&d=mm&r=g\",\"caption\":\"Groupe local Paillon-B\u00e9v\u00e9ra\"},\"url\":\"https:\\\/\\\/paca.lpo.fr\\\/blogs\\\/nice\\\/author\\\/alpesmaritimesest\\\/\"}]}<\/script>\n<!-- \/ Yoast SEO plugin. -->","yoast_head_json":{"title":"Animation LPO PACA film\u00e9e par FR3 - Groupe local Nice","robots":{"index":"index","follow":"follow","max-snippet":"max-snippet:-1","max-image-preview":"max-image-preview:large","max-video-preview":"max-video-preview:-1"},"canonical":"https:\/\/paca.lpo.fr\/blogs\/nice\/2016\/12\/07\/animation-lpo-paca-filmee-par-fr3\/","og_locale":"fr_FR","og_type":"article","og_title":"Animation LPO PACA film\u00e9e par FR3 - Groupe local Nice","og_description":"La sortie anim\u00e9e par Eve Leb\u00e8gue et Lucie Pichot \u00e0 l&rsquo;\u00e9tang de Fontmerle ce mercredi 7 d\u00e9cembre a \u00e9t\u00e9 suivie et film\u00e9e par une \u00e9quipe de FR3. Le reportage sera diffus\u00e9e au mois de f\u00e9vrier 2017 dans le cadre de l&rsquo;\u00e9mission \u00ab\u00a0Prioriterre\u00a0\u00bb, le magazine du d\u00e9veloppement durable de FR3 C\u00f4te d&rsquo;Azur. Une belle journ\u00e9e ensoleill\u00e9e [&hellip;]","og_url":"https:\/\/paca.lpo.fr\/blogs\/nice\/2016\/12\/07\/animation-lpo-paca-filmee-par-fr3\/","og_site_name":"Groupe local Nice","article_published_time":"2016-12-07T17:59:12+00:00","article_modified_time":"2017-04-20T14:25:37+00:00","og_image":[{"width":862,"height":541,"url":"https:\/\/paca.lpo.fr\/blogs\/nice\/files\/2016\/12\/blog1.jpg","type":"image\/jpeg"}],"author":"Groupe local Paillon-B\u00e9v\u00e9ra","twitter_card":"summary_large_image","twitter_misc":{"\u00c9crit par":"Groupe local Paillon-B\u00e9v\u00e9ra"},"schema":{"@context":"https:\/\/schema.org","@graph":[{"@type":"Article","@id":"https:\/\/paca.lpo.fr\/blogs\/nice\/2016\/12\/07\/animation-lpo-paca-filmee-par-fr3\/#article","isPartOf":{"@id":"https:\/\/paca.lpo.fr\/blogs\/nice\/2016\/12\/07\/animation-lpo-paca-filmee-par-fr3\/"},"author":{"name":"Groupe local Paillon-B\u00e9v\u00e9ra","@id":"https:\/\/paca.lpo.fr\/blogs\/nice\/#\/schema\/person\/1bda33335fb71e0b3552487db26a4c56"},"headline":"Animation LPO PACA film\u00e9e par FR3","datePublished":"2016-12-07T17:59:12+00:00","dateModified":"2017-04-20T14:25:37+00:00","mainEntityOfPage":{"@id":"https:\/\/paca.lpo.fr\/blogs\/nice\/2016\/12\/07\/animation-lpo-paca-filmee-par-fr3\/"},"wordCount":80,"commentCount":0,"publisher":{"@id":"https:\/\/paca.lpo.fr\/blogs\/nice\/#organization"},"image":{"@id":"https:\/\/paca.lpo.fr\/blogs\/nice\/2016\/12\/07\/animation-lpo-paca-filmee-par-fr3\/#primaryimage"},"thumbnailUrl":"https:\/\/paca.lpo.fr\/blogs\/nice\/files\/2016\/12\/blog1.jpg","articleSection":["grands \u00e9v\u00e8nements","Vie du groupe"],"inLanguage":"fr-FR","potentialAction":[{"@type":"CommentAction","name":"Comment","target":["https:\/\/paca.lpo.fr\/blogs\/nice\/2016\/12\/07\/animation-lpo-paca-filmee-par-fr3\/#respond"]}]},{"@type":"WebPage","@id":"https:\/\/paca.lpo.fr\/blogs\/nice\/2016\/12\/07\/animation-lpo-paca-filmee-par-fr3\/","url":"https:\/\/paca.lpo.fr\/blogs\/nice\/2016\/12\/07\/animation-lpo-paca-filmee-par-fr3\/","name":"Animation LPO PACA film\u00e9e par FR3 - Groupe local Nice","isPartOf":{"@id":"https:\/\/paca.lpo.fr\/blogs\/nice\/#website"},"primaryImageOfPage":{"@id":"https:\/\/paca.lpo.fr\/blogs\/nice\/2016\/12\/07\/animation-lpo-paca-filmee-par-fr3\/#primaryimage"},"image":{"@id":"https:\/\/paca.lpo.fr\/blogs\/nice\/2016\/12\/07\/animation-lpo-paca-filmee-par-fr3\/#primaryimage"},"thumbnailUrl":"https:\/\/paca.lpo.fr\/blogs\/nice\/files\/2016\/12\/blog1.jpg","datePublished":"2016-12-07T17:59:12+00:00","dateModified":"2017-04-20T14:25:37+00:00","breadcrumb":{"@id":"https:\/\/paca.lpo.fr\/blogs\/nice\/2016\/12\/07\/animation-lpo-paca-filmee-par-fr3\/#breadcrumb"},"inLanguage":"fr-FR","potentialAction":[{"@type":"ReadAction","target":["https:\/\/paca.lpo.fr\/blogs\/nice\/2016\/12\/07\/animation-lpo-paca-filmee-par-fr3\/"]}]},{"@type":"ImageObject","inLanguage":"fr-FR","@id":"https:\/\/paca.lpo.fr\/blogs\/nice\/2016\/12\/07\/animation-lpo-paca-filmee-par-fr3\/#primaryimage","url":"https:\/\/paca.lpo.fr\/blogs\/nice\/files\/2016\/12\/blog1.jpg","contentUrl":"https:\/\/paca.lpo.fr\/blogs\/nice\/files\/2016\/12\/blog1.jpg","width":862,"height":541},{"@type":"BreadcrumbList","@id":"https:\/\/paca.lpo.fr\/blogs\/nice\/2016\/12\/07\/animation-lpo-paca-filmee-par-fr3\/#breadcrumb","itemListElement":[{"@type":"ListItem","position":1,"name":"Accueil","item":"https:\/\/paca.lpo.fr\/blogs\/nice\/"},{"@type":"ListItem","position":2,"name":"Animation LPO PACA film\u00e9e par FR3"}]},{"@type":"WebSite","@id":"https:\/\/paca.lpo.fr\/blogs\/nice\/#website","url":"https:\/\/paca.lpo.fr\/blogs\/nice\/","name":"Groupe local Nice","description":"Groupe local Nice","publisher":{"@id":"https:\/\/paca.lpo.fr\/blogs\/nice\/#organization"},"potentialAction":[{"@type":"SearchAction","target":{"@type":"EntryPoint","urlTemplate":"https:\/\/paca.lpo.fr\/blogs\/nice\/?s={search_term_string}"},"query-input":{"@type":"PropertyValueSpecification","valueRequired":true,"valueName":"search_term_string"}}],"inLanguage":"fr-FR"},{"@type":"Organization","@id":"https:\/\/paca.lpo.fr\/blogs\/nice\/#organization","name":"Groupe local Nice","url":"https:\/\/paca.lpo.fr\/blogs\/nice\/","logo":{"@type":"ImageObject","inLanguage":"fr-FR","@id":"https:\/\/paca.lpo.fr\/blogs\/nice\/#\/schema\/logo\/image\/","url":"https:\/\/paca.lpo.fr\/blogs\/nice\/files\/2024\/01\/cropped-rvb-lpo-paca-logotype-signature-droite-mini-500.jpg","contentUrl":"https:\/\/paca.lpo.fr\/blogs\/nice\/files\/2024\/01\/cropped-rvb-lpo-paca-logotype-signature-droite-mini-500.jpg","width":500,"height":210,"caption":"Groupe local Nice"},"image":{"@id":"https:\/\/paca.lpo.fr\/blogs\/nice\/#\/schema\/logo\/image\/"}},{"@type":"Person","@id":"https:\/\/paca.lpo.fr\/blogs\/nice\/#\/schema\/person\/1bda33335fb71e0b3552487db26a4c56","name":"Groupe local Paillon-B\u00e9v\u00e9ra","image":{"@type":"ImageObject","inLanguage":"fr-FR","@id":"https:\/\/secure.gravatar.com\/avatar\/b1ee285506e2cb880ec988990d360e255aecb31c77212741dace1023623610c2?s=96&d=mm&r=g","url":"https:\/\/secure.gravatar.com\/avatar\/b1ee285506e2cb880ec988990d360e255aecb31c77212741dace1023623610c2?s=96&d=mm&r=g","contentUrl":"https:\/\/secure.gravatar.com\/avatar\/b1ee285506e2cb880ec988990d360e255aecb31c77212741dace1023623610c2?s=96&d=mm&r=g","caption":"Groupe local Paillon-B\u00e9v\u00e9ra"},"url":"https:\/\/paca.lpo.fr\/blogs\/nice\/author\/alpesmaritimesest\/"}]}},"jetpack_featured_media_url":"https:\/\/paca.lpo.fr\/blogs\/nice\/files\/2016\/12\/blog1.jpg","_links":{"self":[{"href":"https:\/\/paca.lpo.fr\/blogs\/nice\/wp-json\/wp\/v2\/posts\/1608","targetHints":{"allow":["GET"]}}],"collection":[{"href":"https:\/\/paca.lpo.fr\/blogs\/nice\/wp-json\/wp\/v2\/posts"}],"about":[{"href":"https:\/\/paca.lpo.fr\/blogs\/nice\/wp-json\/wp\/v2\/types\/post"}],"author":[{"embeddable":true,"href":"https:\/\/paca.lpo.fr\/blogs\/nice\/wp-json\/wp\/v2\/users\/15"}],"replies":[{"embeddable":true,"href":"https:\/\/paca.lpo.fr\/blogs\/nice\/wp-json\/wp\/v2\/comments?post=1608"}],"version-history":[{"count":2,"href":"https:\/\/paca.lpo.fr\/blogs\/nice\/wp-json\/wp\/v2\/posts\/1608\/revisions"}],"predecessor-version":[{"id":1739,"href":"https:\/\/paca.lpo.fr\/blogs\/nice\/wp-json\/wp\/v2\/posts\/1608\/revisions\/1739"}],"wp:featuredmedia":[{"embeddable":true,"href":"https:\/\/paca.lpo.fr\/blogs\/nice\/wp-json\/wp\/v2\/media\/1612"}],"wp:attachment":[{"href":"https:\/\/paca.lpo.fr\/blogs\/nice\/wp-json\/wp\/v2\/media?parent=1608"}],"wp:term":[{"taxonomy":"category","embeddable":true,"href":"https:\/\/paca.lpo.fr\/blogs\/nice\/wp-json\/wp\/v2\/categories?post=1608"},{"taxonomy":"post_tag","embeddable":true,"href":"https:\/\/paca.lpo.fr\/blogs\/nice\/wp-json\/wp\/v2\/tags?post=1608"}],"curies":[{"name":"wp","href":"https:\/\/api.w.org\/{rel}","templated":true}]}}