{"id":1645,"date":"2017-02-17T17:49:56","date_gmt":"2017-02-17T16:49:56","guid":{"rendered":"https:\/\/paca.lpo.fr\/blogs\/nice\/?p=1645"},"modified":"2017-02-17T18:13:11","modified_gmt":"2017-02-17T17:13:11","slug":"protection-dun-nid-de-faucon-pelerin","status":"publish","type":"post","link":"https:\/\/paca.lpo.fr\/blogs\/nice\/2017\/02\/17\/protection-dun-nid-de-faucon-pelerin\/","title":{"rendered":"Protection d&rsquo;un nid de faucon p\u00e8lerin"},"content":{"rendered":"<p>En accord avec nos amis de la F\u00e9d\u00e9ration Fran\u00e7aise Montagne Escalade deux b\u00e9n\u00e9voles de notre groupe sont all\u00e9s le 2 f\u00e9vrier poser rubalises et panneaux demandant aux grimpeurs de ne pas utiliser la voie d&rsquo;escalade \u00ab\u00a0Mongolita\u00a0\u00bb pendant la p\u00e9riode de nidification d&rsquo;un couple de faucons p\u00e8lerin. Le couple niche depuis plusieurs ann\u00e9es sur cette falaise situ\u00e9e sur la commune de Cap d&rsquo;Ail. <figure id=\"attachment_1646\" aria-describedby=\"caption-attachment-1646\" style=\"width: 879px\" class=\"wp-caption alignnone\"><img loading=\"lazy\" decoding=\"async\" src=\"https:\/\/paca.lpo.fr\/blogs\/nice\/files\/2017\/02\/2017-02-02-5-Copie.jpg\" alt=\"\" width=\"879\" height=\"660\" class=\"size-full wp-image-1646\" srcset=\"https:\/\/paca.lpo.fr\/blogs\/nice\/files\/2017\/02\/2017-02-02-5-Copie.jpg 879w, https:\/\/paca.lpo.fr\/blogs\/nice\/files\/2017\/02\/2017-02-02-5-Copie-480x360.jpg 480w, https:\/\/paca.lpo.fr\/blogs\/nice\/files\/2017\/02\/2017-02-02-5-Copie-768x577.jpg 768w, https:\/\/paca.lpo.fr\/blogs\/nice\/files\/2017\/02\/2017-02-02-5-Copie-700x526.jpg 700w\" sizes=\"auto, (max-width: 879px) 100vw, 879px\" \/><figcaption id=\"caption-attachment-1646\" class=\"wp-caption-text\">dav<\/figcaption><\/figure>&lt; <\/p>\n<p><img loading=\"lazy\" decoding=\"async\" src=\"https:\/\/paca.lpo.fr\/blogs\/nice\/files\/2017\/02\/1-Guy-George-14222-Copie-611x800.jpg\" alt=\"\" width=\"611\" height=\"800\" class=\"alignnone size-large wp-image-1648\" srcset=\"https:\/\/paca.lpo.fr\/blogs\/nice\/files\/2017\/02\/1-Guy-George-14222-Copie-611x800.jpg 611w, https:\/\/paca.lpo.fr\/blogs\/nice\/files\/2017\/02\/1-Guy-George-14222-Copie-366x480.jpg 366w, https:\/\/paca.lpo.fr\/blogs\/nice\/files\/2017\/02\/1-Guy-George-14222-Copie-700x917.jpg 700w, https:\/\/paca.lpo.fr\/blogs\/nice\/files\/2017\/02\/1-Guy-George-14222-Copie.jpg 703w\" sizes=\"auto, (max-width: 611px) 100vw, 611px\" \/><br \/>\nNos remerciements \u00e0 Guy George pour cette photo d&rsquo;un jeune mangeant une proie<\/p>\n","protected":false},"excerpt":{"rendered":"<p>En accord avec nos amis de la F\u00e9d\u00e9ration Fran\u00e7aise Montagne Escalade deux b\u00e9n\u00e9voles de notre groupe sont all\u00e9s le 2 f\u00e9vrier poser rubalises et panneaux demandant aux grimpeurs de ne pas utiliser la voie d&rsquo;escalade \u00ab\u00a0Mongolita\u00a0\u00bb pendant la p\u00e9riode de nidification d&rsquo;un couple de faucons p\u00e8lerin. Le couple niche depuis plusieurs ann\u00e9es sur cette falaise [&hellip;]<\/p>\n","protected":false},"author":15,"featured_media":1654,"comment_status":"open","ping_status":"open","sticky":false,"template":"","format":"standard","meta":{"footnotes":""},"categories":[3],"tags":[],"class_list":["post-1645","post","type-post","status-publish","format-standard","has-post-thumbnail","hentry","category-vie-groupe"],"yoast_head":"<!-- This site is optimized with the Yoast SEO plugin v28.3 - https:\/\/yoast.com\/product\/yoast-seo-wordpress\/ -->\n<title>Protection d&#039;un nid de faucon p\u00e8lerin - Groupe local Nice<\/title>\n<meta name=\"robots\" content=\"index, follow, max-snippet:-1, max-image-preview:large, max-video-preview:-1\" \/>\n<link rel=\"canonical\" href=\"https:\/\/paca.lpo.fr\/blogs\/nice\/2017\/02\/17\/protection-dun-nid-de-faucon-pelerin\/\" \/>\n<meta property=\"og:locale\" content=\"fr_FR\" \/>\n<meta property=\"og:type\" content=\"article\" \/>\n<meta property=\"og:title\" content=\"Protection d&#039;un nid de faucon p\u00e8lerin - Groupe local Nice\" \/>\n<meta property=\"og:description\" content=\"En accord avec nos amis de la F\u00e9d\u00e9ration Fran\u00e7aise Montagne Escalade deux b\u00e9n\u00e9voles de notre groupe sont all\u00e9s le 2 f\u00e9vrier poser rubalises et panneaux demandant aux grimpeurs de ne pas utiliser la voie d&rsquo;escalade \u00ab\u00a0Mongolita\u00a0\u00bb pendant la p\u00e9riode de nidification d&rsquo;un couple de faucons p\u00e8lerin. Le couple niche depuis plusieurs ann\u00e9es sur cette falaise [&hellip;]\" \/>\n<meta property=\"og:url\" content=\"https:\/\/paca.lpo.fr\/blogs\/nice\/2017\/02\/17\/protection-dun-nid-de-faucon-pelerin\/\" \/>\n<meta property=\"og:site_name\" content=\"Groupe local Nice\" \/>\n<meta property=\"article:published_time\" content=\"2017-02-17T16:49:56+00:00\" \/>\n<meta property=\"article:modified_time\" content=\"2017-02-17T17:13:11+00:00\" \/>\n<meta property=\"og:image\" content=\"https:\/\/paca.lpo.fr\/blogs\/nice\/files\/2017\/02\/2956962171840-faucon-jpg-696x492-Copie-1.jpg\" \/>\n\t<meta property=\"og:image:width\" content=\"422\" \/>\n\t<meta property=\"og:image:height\" content=\"298\" \/>\n\t<meta property=\"og:image:type\" content=\"image\/jpeg\" \/>\n<meta name=\"author\" content=\"Groupe local Paillon-B\u00e9v\u00e9ra\" \/>\n<meta name=\"twitter:card\" content=\"summary_large_image\" \/>\n<meta name=\"twitter:label1\" content=\"\u00c9crit par\" \/>\n\t<meta name=\"twitter:data1\" content=\"Groupe local Paillon-B\u00e9v\u00e9ra\" \/>\n<script type=\"application\/ld+json\" class=\"yoast-schema-graph\">{\"@context\":\"https:\\\/\\\/schema.org\",\"@graph\":[{\"@type\":\"Article\",\"@id\":\"https:\\\/\\\/paca.lpo.fr\\\/blogs\\\/nice\\\/2017\\\/02\\\/17\\\/protection-dun-nid-de-faucon-pelerin\\\/#article\",\"isPartOf\":{\"@id\":\"https:\\\/\\\/paca.lpo.fr\\\/blogs\\\/nice\\\/2017\\\/02\\\/17\\\/protection-dun-nid-de-faucon-pelerin\\\/\"},\"author\":{\"name\":\"Groupe local Paillon-B\u00e9v\u00e9ra\",\"@id\":\"https:\\\/\\\/paca.lpo.fr\\\/blogs\\\/nice\\\/#\\\/schema\\\/person\\\/1bda33335fb71e0b3552487db26a4c56\"},\"headline\":\"Protection d&rsquo;un nid de faucon p\u00e8lerin\",\"datePublished\":\"2017-02-17T16:49:56+00:00\",\"dateModified\":\"2017-02-17T17:13:11+00:00\",\"mainEntityOfPage\":{\"@id\":\"https:\\\/\\\/paca.lpo.fr\\\/blogs\\\/nice\\\/2017\\\/02\\\/17\\\/protection-dun-nid-de-faucon-pelerin\\\/\"},\"wordCount\":105,\"commentCount\":0,\"publisher\":{\"@id\":\"https:\\\/\\\/paca.lpo.fr\\\/blogs\\\/nice\\\/#organization\"},\"image\":{\"@id\":\"https:\\\/\\\/paca.lpo.fr\\\/blogs\\\/nice\\\/2017\\\/02\\\/17\\\/protection-dun-nid-de-faucon-pelerin\\\/#primaryimage\"},\"thumbnailUrl\":\"https:\\\/\\\/paca.lpo.fr\\\/blogs\\\/nice\\\/files\\\/2017\\\/02\\\/2956962171840-faucon-jpg-696x492-Copie-1.jpg\",\"articleSection\":[\"Vie du groupe\"],\"inLanguage\":\"fr-FR\",\"potentialAction\":[{\"@type\":\"CommentAction\",\"name\":\"Comment\",\"target\":[\"https:\\\/\\\/paca.lpo.fr\\\/blogs\\\/nice\\\/2017\\\/02\\\/17\\\/protection-dun-nid-de-faucon-pelerin\\\/#respond\"]}]},{\"@type\":\"WebPage\",\"@id\":\"https:\\\/\\\/paca.lpo.fr\\\/blogs\\\/nice\\\/2017\\\/02\\\/17\\\/protection-dun-nid-de-faucon-pelerin\\\/\",\"url\":\"https:\\\/\\\/paca.lpo.fr\\\/blogs\\\/nice\\\/2017\\\/02\\\/17\\\/protection-dun-nid-de-faucon-pelerin\\\/\",\"name\":\"Protection d'un nid de faucon p\u00e8lerin - Groupe local Nice\",\"isPartOf\":{\"@id\":\"https:\\\/\\\/paca.lpo.fr\\\/blogs\\\/nice\\\/#website\"},\"primaryImageOfPage\":{\"@id\":\"https:\\\/\\\/paca.lpo.fr\\\/blogs\\\/nice\\\/2017\\\/02\\\/17\\\/protection-dun-nid-de-faucon-pelerin\\\/#primaryimage\"},\"image\":{\"@id\":\"https:\\\/\\\/paca.lpo.fr\\\/blogs\\\/nice\\\/2017\\\/02\\\/17\\\/protection-dun-nid-de-faucon-pelerin\\\/#primaryimage\"},\"thumbnailUrl\":\"https:\\\/\\\/paca.lpo.fr\\\/blogs\\\/nice\\\/files\\\/2017\\\/02\\\/2956962171840-faucon-jpg-696x492-Copie-1.jpg\",\"datePublished\":\"2017-02-17T16:49:56+00:00\",\"dateModified\":\"2017-02-17T17:13:11+00:00\",\"breadcrumb\":{\"@id\":\"https:\\\/\\\/paca.lpo.fr\\\/blogs\\\/nice\\\/2017\\\/02\\\/17\\\/protection-dun-nid-de-faucon-pelerin\\\/#breadcrumb\"},\"inLanguage\":\"fr-FR\",\"potentialAction\":[{\"@type\":\"ReadAction\",\"target\":[\"https:\\\/\\\/paca.lpo.fr\\\/blogs\\\/nice\\\/2017\\\/02\\\/17\\\/protection-dun-nid-de-faucon-pelerin\\\/\"]}]},{\"@type\":\"ImageObject\",\"inLanguage\":\"fr-FR\",\"@id\":\"https:\\\/\\\/paca.lpo.fr\\\/blogs\\\/nice\\\/2017\\\/02\\\/17\\\/protection-dun-nid-de-faucon-pelerin\\\/#primaryimage\",\"url\":\"https:\\\/\\\/paca.lpo.fr\\\/blogs\\\/nice\\\/files\\\/2017\\\/02\\\/2956962171840-faucon-jpg-696x492-Copie-1.jpg\",\"contentUrl\":\"https:\\\/\\\/paca.lpo.fr\\\/blogs\\\/nice\\\/files\\\/2017\\\/02\\\/2956962171840-faucon-jpg-696x492-Copie-1.jpg\",\"width\":422,\"height\":298,\"caption\":\"Panneau\"},{\"@type\":\"BreadcrumbList\",\"@id\":\"https:\\\/\\\/paca.lpo.fr\\\/blogs\\\/nice\\\/2017\\\/02\\\/17\\\/protection-dun-nid-de-faucon-pelerin\\\/#breadcrumb\",\"itemListElement\":[{\"@type\":\"ListItem\",\"position\":1,\"name\":\"Accueil\",\"item\":\"https:\\\/\\\/paca.lpo.fr\\\/blogs\\\/nice\\\/\"},{\"@type\":\"ListItem\",\"position\":2,\"name\":\"Protection d&rsquo;un nid de faucon p\u00e8lerin\"}]},{\"@type\":\"WebSite\",\"@id\":\"https:\\\/\\\/paca.lpo.fr\\\/blogs\\\/nice\\\/#website\",\"url\":\"https:\\\/\\\/paca.lpo.fr\\\/blogs\\\/nice\\\/\",\"name\":\"Groupe local Nice\",\"description\":\"Groupe local Nice\",\"publisher\":{\"@id\":\"https:\\\/\\\/paca.lpo.fr\\\/blogs\\\/nice\\\/#organization\"},\"potentialAction\":[{\"@type\":\"SearchAction\",\"target\":{\"@type\":\"EntryPoint\",\"urlTemplate\":\"https:\\\/\\\/paca.lpo.fr\\\/blogs\\\/nice\\\/?s={search_term_string}\"},\"query-input\":{\"@type\":\"PropertyValueSpecification\",\"valueRequired\":true,\"valueName\":\"search_term_string\"}}],\"inLanguage\":\"fr-FR\"},{\"@type\":\"Organization\",\"@id\":\"https:\\\/\\\/paca.lpo.fr\\\/blogs\\\/nice\\\/#organization\",\"name\":\"Groupe local Nice\",\"url\":\"https:\\\/\\\/paca.lpo.fr\\\/blogs\\\/nice\\\/\",\"logo\":{\"@type\":\"ImageObject\",\"inLanguage\":\"fr-FR\",\"@id\":\"https:\\\/\\\/paca.lpo.fr\\\/blogs\\\/nice\\\/#\\\/schema\\\/logo\\\/image\\\/\",\"url\":\"https:\\\/\\\/paca.lpo.fr\\\/blogs\\\/nice\\\/files\\\/2024\\\/01\\\/cropped-rvb-lpo-paca-logotype-signature-droite-mini-500.jpg\",\"contentUrl\":\"https:\\\/\\\/paca.lpo.fr\\\/blogs\\\/nice\\\/files\\\/2024\\\/01\\\/cropped-rvb-lpo-paca-logotype-signature-droite-mini-500.jpg\",\"width\":500,\"height\":210,\"caption\":\"Groupe local Nice\"},\"image\":{\"@id\":\"https:\\\/\\\/paca.lpo.fr\\\/blogs\\\/nice\\\/#\\\/schema\\\/logo\\\/image\\\/\"}},{\"@type\":\"Person\",\"@id\":\"https:\\\/\\\/paca.lpo.fr\\\/blogs\\\/nice\\\/#\\\/schema\\\/person\\\/1bda33335fb71e0b3552487db26a4c56\",\"name\":\"Groupe local Paillon-B\u00e9v\u00e9ra\",\"image\":{\"@type\":\"ImageObject\",\"inLanguage\":\"fr-FR\",\"@id\":\"https:\\\/\\\/secure.gravatar.com\\\/avatar\\\/b1ee285506e2cb880ec988990d360e255aecb31c77212741dace1023623610c2?s=96&d=mm&r=g\",\"url\":\"https:\\\/\\\/secure.gravatar.com\\\/avatar\\\/b1ee285506e2cb880ec988990d360e255aecb31c77212741dace1023623610c2?s=96&d=mm&r=g\",\"contentUrl\":\"https:\\\/\\\/secure.gravatar.com\\\/avatar\\\/b1ee285506e2cb880ec988990d360e255aecb31c77212741dace1023623610c2?s=96&d=mm&r=g\",\"caption\":\"Groupe local Paillon-B\u00e9v\u00e9ra\"},\"url\":\"https:\\\/\\\/paca.lpo.fr\\\/blogs\\\/nice\\\/author\\\/alpesmaritimesest\\\/\"}]}<\/script>\n<!-- \/ Yoast SEO plugin. -->","yoast_head_json":{"title":"Protection d'un nid de faucon p\u00e8lerin - Groupe local Nice","robots":{"index":"index","follow":"follow","max-snippet":"max-snippet:-1","max-image-preview":"max-image-preview:large","max-video-preview":"max-video-preview:-1"},"canonical":"https:\/\/paca.lpo.fr\/blogs\/nice\/2017\/02\/17\/protection-dun-nid-de-faucon-pelerin\/","og_locale":"fr_FR","og_type":"article","og_title":"Protection d'un nid de faucon p\u00e8lerin - Groupe local Nice","og_description":"En accord avec nos amis de la F\u00e9d\u00e9ration Fran\u00e7aise Montagne Escalade deux b\u00e9n\u00e9voles de notre groupe sont all\u00e9s le 2 f\u00e9vrier poser rubalises et panneaux demandant aux grimpeurs de ne pas utiliser la voie d&rsquo;escalade \u00ab\u00a0Mongolita\u00a0\u00bb pendant la p\u00e9riode de nidification d&rsquo;un couple de faucons p\u00e8lerin. Le couple niche depuis plusieurs ann\u00e9es sur cette falaise [&hellip;]","og_url":"https:\/\/paca.lpo.fr\/blogs\/nice\/2017\/02\/17\/protection-dun-nid-de-faucon-pelerin\/","og_site_name":"Groupe local Nice","article_published_time":"2017-02-17T16:49:56+00:00","article_modified_time":"2017-02-17T17:13:11+00:00","og_image":[{"width":422,"height":298,"url":"https:\/\/paca.lpo.fr\/blogs\/nice\/files\/2017\/02\/2956962171840-faucon-jpg-696x492-Copie-1.jpg","type":"image\/jpeg"}],"author":"Groupe local Paillon-B\u00e9v\u00e9ra","twitter_card":"summary_large_image","twitter_misc":{"\u00c9crit par":"Groupe local Paillon-B\u00e9v\u00e9ra"},"schema":{"@context":"https:\/\/schema.org","@graph":[{"@type":"Article","@id":"https:\/\/paca.lpo.fr\/blogs\/nice\/2017\/02\/17\/protection-dun-nid-de-faucon-pelerin\/#article","isPartOf":{"@id":"https:\/\/paca.lpo.fr\/blogs\/nice\/2017\/02\/17\/protection-dun-nid-de-faucon-pelerin\/"},"author":{"name":"Groupe local Paillon-B\u00e9v\u00e9ra","@id":"https:\/\/paca.lpo.fr\/blogs\/nice\/#\/schema\/person\/1bda33335fb71e0b3552487db26a4c56"},"headline":"Protection d&rsquo;un nid de faucon p\u00e8lerin","datePublished":"2017-02-17T16:49:56+00:00","dateModified":"2017-02-17T17:13:11+00:00","mainEntityOfPage":{"@id":"https:\/\/paca.lpo.fr\/blogs\/nice\/2017\/02\/17\/protection-dun-nid-de-faucon-pelerin\/"},"wordCount":105,"commentCount":0,"publisher":{"@id":"https:\/\/paca.lpo.fr\/blogs\/nice\/#organization"},"image":{"@id":"https:\/\/paca.lpo.fr\/blogs\/nice\/2017\/02\/17\/protection-dun-nid-de-faucon-pelerin\/#primaryimage"},"thumbnailUrl":"https:\/\/paca.lpo.fr\/blogs\/nice\/files\/2017\/02\/2956962171840-faucon-jpg-696x492-Copie-1.jpg","articleSection":["Vie du groupe"],"inLanguage":"fr-FR","potentialAction":[{"@type":"CommentAction","name":"Comment","target":["https:\/\/paca.lpo.fr\/blogs\/nice\/2017\/02\/17\/protection-dun-nid-de-faucon-pelerin\/#respond"]}]},{"@type":"WebPage","@id":"https:\/\/paca.lpo.fr\/blogs\/nice\/2017\/02\/17\/protection-dun-nid-de-faucon-pelerin\/","url":"https:\/\/paca.lpo.fr\/blogs\/nice\/2017\/02\/17\/protection-dun-nid-de-faucon-pelerin\/","name":"Protection d'un nid de faucon p\u00e8lerin - Groupe local Nice","isPartOf":{"@id":"https:\/\/paca.lpo.fr\/blogs\/nice\/#website"},"primaryImageOfPage":{"@id":"https:\/\/paca.lpo.fr\/blogs\/nice\/2017\/02\/17\/protection-dun-nid-de-faucon-pelerin\/#primaryimage"},"image":{"@id":"https:\/\/paca.lpo.fr\/blogs\/nice\/2017\/02\/17\/protection-dun-nid-de-faucon-pelerin\/#primaryimage"},"thumbnailUrl":"https:\/\/paca.lpo.fr\/blogs\/nice\/files\/2017\/02\/2956962171840-faucon-jpg-696x492-Copie-1.jpg","datePublished":"2017-02-17T16:49:56+00:00","dateModified":"2017-02-17T17:13:11+00:00","breadcrumb":{"@id":"https:\/\/paca.lpo.fr\/blogs\/nice\/2017\/02\/17\/protection-dun-nid-de-faucon-pelerin\/#breadcrumb"},"inLanguage":"fr-FR","potentialAction":[{"@type":"ReadAction","target":["https:\/\/paca.lpo.fr\/blogs\/nice\/2017\/02\/17\/protection-dun-nid-de-faucon-pelerin\/"]}]},{"@type":"ImageObject","inLanguage":"fr-FR","@id":"https:\/\/paca.lpo.fr\/blogs\/nice\/2017\/02\/17\/protection-dun-nid-de-faucon-pelerin\/#primaryimage","url":"https:\/\/paca.lpo.fr\/blogs\/nice\/files\/2017\/02\/2956962171840-faucon-jpg-696x492-Copie-1.jpg","contentUrl":"https:\/\/paca.lpo.fr\/blogs\/nice\/files\/2017\/02\/2956962171840-faucon-jpg-696x492-Copie-1.jpg","width":422,"height":298,"caption":"Panneau"},{"@type":"BreadcrumbList","@id":"https:\/\/paca.lpo.fr\/blogs\/nice\/2017\/02\/17\/protection-dun-nid-de-faucon-pelerin\/#breadcrumb","itemListElement":[{"@type":"ListItem","position":1,"name":"Accueil","item":"https:\/\/paca.lpo.fr\/blogs\/nice\/"},{"@type":"ListItem","position":2,"name":"Protection d&rsquo;un nid de faucon p\u00e8lerin"}]},{"@type":"WebSite","@id":"https:\/\/paca.lpo.fr\/blogs\/nice\/#website","url":"https:\/\/paca.lpo.fr\/blogs\/nice\/","name":"Groupe local Nice","description":"Groupe local Nice","publisher":{"@id":"https:\/\/paca.lpo.fr\/blogs\/nice\/#organization"},"potentialAction":[{"@type":"SearchAction","target":{"@type":"EntryPoint","urlTemplate":"https:\/\/paca.lpo.fr\/blogs\/nice\/?s={search_term_string}"},"query-input":{"@type":"PropertyValueSpecification","valueRequired":true,"valueName":"search_term_string"}}],"inLanguage":"fr-FR"},{"@type":"Organization","@id":"https:\/\/paca.lpo.fr\/blogs\/nice\/#organization","name":"Groupe local Nice","url":"https:\/\/paca.lpo.fr\/blogs\/nice\/","logo":{"@type":"ImageObject","inLanguage":"fr-FR","@id":"https:\/\/paca.lpo.fr\/blogs\/nice\/#\/schema\/logo\/image\/","url":"https:\/\/paca.lpo.fr\/blogs\/nice\/files\/2024\/01\/cropped-rvb-lpo-paca-logotype-signature-droite-mini-500.jpg","contentUrl":"https:\/\/paca.lpo.fr\/blogs\/nice\/files\/2024\/01\/cropped-rvb-lpo-paca-logotype-signature-droite-mini-500.jpg","width":500,"height":210,"caption":"Groupe local Nice"},"image":{"@id":"https:\/\/paca.lpo.fr\/blogs\/nice\/#\/schema\/logo\/image\/"}},{"@type":"Person","@id":"https:\/\/paca.lpo.fr\/blogs\/nice\/#\/schema\/person\/1bda33335fb71e0b3552487db26a4c56","name":"Groupe local Paillon-B\u00e9v\u00e9ra","image":{"@type":"ImageObject","inLanguage":"fr-FR","@id":"https:\/\/secure.gravatar.com\/avatar\/b1ee285506e2cb880ec988990d360e255aecb31c77212741dace1023623610c2?s=96&d=mm&r=g","url":"https:\/\/secure.gravatar.com\/avatar\/b1ee285506e2cb880ec988990d360e255aecb31c77212741dace1023623610c2?s=96&d=mm&r=g","contentUrl":"https:\/\/secure.gravatar.com\/avatar\/b1ee285506e2cb880ec988990d360e255aecb31c77212741dace1023623610c2?s=96&d=mm&r=g","caption":"Groupe local Paillon-B\u00e9v\u00e9ra"},"url":"https:\/\/paca.lpo.fr\/blogs\/nice\/author\/alpesmaritimesest\/"}]}},"jetpack_featured_media_url":"https:\/\/paca.lpo.fr\/blogs\/nice\/files\/2017\/02\/2956962171840-faucon-jpg-696x492-Copie-1.jpg","_links":{"self":[{"href":"https:\/\/paca.lpo.fr\/blogs\/nice\/wp-json\/wp\/v2\/posts\/1645","targetHints":{"allow":["GET"]}}],"collection":[{"href":"https:\/\/paca.lpo.fr\/blogs\/nice\/wp-json\/wp\/v2\/posts"}],"about":[{"href":"https:\/\/paca.lpo.fr\/blogs\/nice\/wp-json\/wp\/v2\/types\/post"}],"author":[{"embeddable":true,"href":"https:\/\/paca.lpo.fr\/blogs\/nice\/wp-json\/wp\/v2\/users\/15"}],"replies":[{"embeddable":true,"href":"https:\/\/paca.lpo.fr\/blogs\/nice\/wp-json\/wp\/v2\/comments?post=1645"}],"version-history":[{"count":4,"href":"https:\/\/paca.lpo.fr\/blogs\/nice\/wp-json\/wp\/v2\/posts\/1645\/revisions"}],"predecessor-version":[{"id":1651,"href":"https:\/\/paca.lpo.fr\/blogs\/nice\/wp-json\/wp\/v2\/posts\/1645\/revisions\/1651"}],"wp:featuredmedia":[{"embeddable":true,"href":"https:\/\/paca.lpo.fr\/blogs\/nice\/wp-json\/wp\/v2\/media\/1654"}],"wp:attachment":[{"href":"https:\/\/paca.lpo.fr\/blogs\/nice\/wp-json\/wp\/v2\/media?parent=1645"}],"wp:term":[{"taxonomy":"category","embeddable":true,"href":"https:\/\/paca.lpo.fr\/blogs\/nice\/wp-json\/wp\/v2\/categories?post=1645"},{"taxonomy":"post_tag","embeddable":true,"href":"https:\/\/paca.lpo.fr\/blogs\/nice\/wp-json\/wp\/v2\/tags?post=1645"}],"curies":[{"name":"wp","href":"https:\/\/api.w.org\/{rel}","templated":true}]}}