{"id":1676,"date":"2017-03-20T18:31:08","date_gmt":"2017-03-20T17:31:08","guid":{"rendered":"https:\/\/paca.lpo.fr\/blogs\/nice\/?p=1676"},"modified":"2017-03-20T18:35:39","modified_gmt":"2017-03-20T17:35:39","slug":"1676","status":"publish","type":"post","link":"https:\/\/paca.lpo.fr\/blogs\/nice\/2017\/03\/20\/1676\/","title":{"rendered":"Sorties migration \u00ab\u00a0le retour d&rsquo;Afrique\u00a0\u00bb"},"content":{"rendered":"<p>Deux journ\u00e9es d&rsquo;observation de la migration pr\u00e9nuptiale ont \u00e9t\u00e9 propos\u00e9es, le 15 mars \u00e0 Falicon sur les flancs du Mont Chauve, et le 18 mars \u00e0 Ch\u00e2teauneuf de Villevieille &#8211; Mont Macaron. Apr\u00e8s une heure de marche environ les petits groupes tr\u00e8s motiv\u00e9s se sont post\u00e9s avec jumelles et longue-vue pour scruter le ciel \u00e0 la recherche des rapaces de retour d&rsquo;Afrique.<br \/>\nPeu de passage au Mont Chauve, mais un circa\u00e8te qui a visiblement d\u00e9j\u00e0 trouv\u00e9 son lieu de nidification a assur\u00e9 le spectacle tout au long de la journ\u00e9e, en vol autour du camp et pos\u00e9 sur un pyl\u00f4ne.<br \/>\n<figure id=\"attachment_1677\" aria-describedby=\"caption-attachment-1677\" style=\"width: 796px\" class=\"wp-caption alignnone\"><img loading=\"lazy\" decoding=\"async\" src=\"https:\/\/paca.lpo.fr\/blogs\/nice\/files\/2017\/03\/Circa\u00e8te-Jean-le-Blanc-1.jpg\" alt=\"\" width=\"796\" height=\"644\" class=\"size-full wp-image-1677\" srcset=\"https:\/\/paca.lpo.fr\/blogs\/nice\/files\/2017\/03\/Circa\u00e8te-Jean-le-Blanc-1.jpg 796w, https:\/\/paca.lpo.fr\/blogs\/nice\/files\/2017\/03\/Circa\u00e8te-Jean-le-Blanc-1-480x388.jpg 480w, https:\/\/paca.lpo.fr\/blogs\/nice\/files\/2017\/03\/Circa\u00e8te-Jean-le-Blanc-1-768x621.jpg 768w, https:\/\/paca.lpo.fr\/blogs\/nice\/files\/2017\/03\/Circa\u00e8te-Jean-le-Blanc-1-700x566.jpg 700w\" sizes=\"auto, (max-width: 796px) 100vw, 796px\" \/><figcaption id=\"caption-attachment-1677\" class=\"wp-caption-text\">circa\u00e8te jean-le-blanc<\/figcaption><\/figure><\/p>\n<figure id=\"attachment_1678\" aria-describedby=\"caption-attachment-1678\" style=\"width: 616px\" class=\"wp-caption alignnone\"><img loading=\"lazy\" decoding=\"async\" src=\"https:\/\/paca.lpo.fr\/blogs\/nice\/files\/2017\/03\/IMG_20170315_144607-Copie.jpg\" alt=\"\" width=\"616\" height=\"675\" class=\"size-full wp-image-1678\" srcset=\"https:\/\/paca.lpo.fr\/blogs\/nice\/files\/2017\/03\/IMG_20170315_144607-Copie.jpg 616w, https:\/\/paca.lpo.fr\/blogs\/nice\/files\/2017\/03\/IMG_20170315_144607-Copie-438x480.jpg 438w\" sizes=\"auto, (max-width: 616px) 100vw, 616px\" \/><figcaption id=\"caption-attachment-1678\" class=\"wp-caption-text\">quelques spotteurs au soleil<\/figcaption><\/figure>\n<p>Samedi 18 ont \u00e9t\u00e9 observ\u00e9s en migration des hirondelles, martinets \u00e0 ventre blanc, busards des roseaux, circa\u00e8tes, milans noirs, aigles bott\u00e9s et le tout premier balbuzard p\u00eacheur de la saison. Parmi les participants \u00e0 cette sortie un ornithologue canadien qui nous a parl\u00e9 des camps de migration dans son pays.<br \/>\n<figure id=\"attachment_1679\" aria-describedby=\"caption-attachment-1679\" style=\"width: 807px\" class=\"wp-caption alignnone\"><img loading=\"lazy\" decoding=\"async\" src=\"https:\/\/paca.lpo.fr\/blogs\/nice\/files\/2017\/03\/IMG_20170318_154703_1-Copie.jpg\" alt=\"\" width=\"807\" height=\"564\" class=\"size-full wp-image-1679\" srcset=\"https:\/\/paca.lpo.fr\/blogs\/nice\/files\/2017\/03\/IMG_20170318_154703_1-Copie.jpg 807w, https:\/\/paca.lpo.fr\/blogs\/nice\/files\/2017\/03\/IMG_20170318_154703_1-Copie-480x335.jpg 480w, https:\/\/paca.lpo.fr\/blogs\/nice\/files\/2017\/03\/IMG_20170318_154703_1-Copie-768x537.jpg 768w, https:\/\/paca.lpo.fr\/blogs\/nice\/files\/2017\/03\/IMG_20170318_154703_1-Copie-700x489.jpg 700w\" sizes=\"auto, (max-width: 807px) 100vw, 807px\" \/><figcaption id=\"caption-attachment-1679\" class=\"wp-caption-text\">dav<\/figcaption><\/figure><figure id=\"attachment_1680\" aria-describedby=\"caption-attachment-1680\" style=\"width: 709px\" class=\"wp-caption alignnone\"><img loading=\"lazy\" decoding=\"async\" src=\"https:\/\/paca.lpo.fr\/blogs\/nice\/files\/2017\/03\/IMG_20170318_154739-Copie.jpg\" alt=\"\" width=\"709\" height=\"509\" class=\"size-full wp-image-1680\" srcset=\"https:\/\/paca.lpo.fr\/blogs\/nice\/files\/2017\/03\/IMG_20170318_154739-Copie.jpg 709w, https:\/\/paca.lpo.fr\/blogs\/nice\/files\/2017\/03\/IMG_20170318_154739-Copie-480x345.jpg 480w, https:\/\/paca.lpo.fr\/blogs\/nice\/files\/2017\/03\/IMG_20170318_154739-Copie-700x503.jpg 700w\" sizes=\"auto, (max-width: 709px) 100vw, 709px\" \/><figcaption id=\"caption-attachment-1680\" class=\"wp-caption-text\">une partie du groupe de spotteurs<\/figcaption><\/figure><\/p>\n","protected":false},"excerpt":{"rendered":"<p>Deux journ\u00e9es d&rsquo;observation de la migration pr\u00e9nuptiale ont \u00e9t\u00e9 propos\u00e9es, le 15 mars \u00e0 Falicon sur les flancs du Mont Chauve, et le 18 mars \u00e0 Ch\u00e2teauneuf de Villevieille &#8211; Mont Macaron. Apr\u00e8s une heure de marche environ les petits groupes tr\u00e8s motiv\u00e9s se sont post\u00e9s avec jumelles et longue-vue pour scruter le ciel \u00e0 [&hellip;]<\/p>\n","protected":false},"author":15,"featured_media":1681,"comment_status":"open","ping_status":"open","sticky":false,"template":"","format":"standard","meta":{"footnotes":""},"categories":[1],"tags":[],"class_list":["post-1676","post","type-post","status-publish","format-standard","has-post-thumbnail","hentry","category-sorties-nature"],"yoast_head":"<!-- This site is optimized with the Yoast SEO plugin v28.3 - https:\/\/yoast.com\/product\/yoast-seo-wordpress\/ -->\n<title>Sorties migration &quot;le retour d&#039;Afrique&quot; - Groupe local Nice<\/title>\n<meta name=\"robots\" content=\"index, follow, max-snippet:-1, max-image-preview:large, max-video-preview:-1\" \/>\n<link rel=\"canonical\" href=\"https:\/\/paca.lpo.fr\/blogs\/nice\/2017\/03\/20\/1676\/\" \/>\n<meta property=\"og:locale\" content=\"fr_FR\" \/>\n<meta property=\"og:type\" content=\"article\" \/>\n<meta property=\"og:title\" content=\"Sorties migration &quot;le retour d&#039;Afrique&quot; - Groupe local Nice\" \/>\n<meta property=\"og:description\" content=\"Deux journ\u00e9es d&rsquo;observation de la migration pr\u00e9nuptiale ont \u00e9t\u00e9 propos\u00e9es, le 15 mars \u00e0 Falicon sur les flancs du Mont Chauve, et le 18 mars \u00e0 Ch\u00e2teauneuf de Villevieille &#8211; Mont Macaron. Apr\u00e8s une heure de marche environ les petits groupes tr\u00e8s motiv\u00e9s se sont post\u00e9s avec jumelles et longue-vue pour scruter le ciel \u00e0 [&hellip;]\" \/>\n<meta property=\"og:url\" content=\"https:\/\/paca.lpo.fr\/blogs\/nice\/2017\/03\/20\/1676\/\" \/>\n<meta property=\"og:site_name\" content=\"Groupe local Nice\" \/>\n<meta property=\"article:published_time\" content=\"2017-03-20T17:31:08+00:00\" \/>\n<meta property=\"article:modified_time\" content=\"2017-03-20T17:35:39+00:00\" \/>\n<meta property=\"og:image\" content=\"https:\/\/paca.lpo.fr\/blogs\/nice\/files\/2017\/03\/Circa\u00e8te-Jean-le-Blanc-2.jpg\" \/>\n\t<meta property=\"og:image:width\" content=\"800\" \/>\n\t<meta property=\"og:image:height\" content=\"448\" \/>\n\t<meta property=\"og:image:type\" content=\"image\/jpeg\" \/>\n<meta name=\"author\" content=\"Groupe local Paillon-B\u00e9v\u00e9ra\" \/>\n<meta name=\"twitter:card\" content=\"summary_large_image\" \/>\n<meta name=\"twitter:label1\" content=\"\u00c9crit par\" \/>\n\t<meta name=\"twitter:data1\" content=\"Groupe local Paillon-B\u00e9v\u00e9ra\" \/>\n\t<meta name=\"twitter:label2\" content=\"Dur\u00e9e de lecture estim\u00e9e\" \/>\n\t<meta name=\"twitter:data2\" content=\"1 minute\" \/>\n<script type=\"application\/ld+json\" class=\"yoast-schema-graph\">{\"@context\":\"https:\\\/\\\/schema.org\",\"@graph\":[{\"@type\":\"Article\",\"@id\":\"https:\\\/\\\/paca.lpo.fr\\\/blogs\\\/nice\\\/2017\\\/03\\\/20\\\/1676\\\/#article\",\"isPartOf\":{\"@id\":\"https:\\\/\\\/paca.lpo.fr\\\/blogs\\\/nice\\\/2017\\\/03\\\/20\\\/1676\\\/\"},\"author\":{\"name\":\"Groupe local Paillon-B\u00e9v\u00e9ra\",\"@id\":\"https:\\\/\\\/paca.lpo.fr\\\/blogs\\\/nice\\\/#\\\/schema\\\/person\\\/1bda33335fb71e0b3552487db26a4c56\"},\"headline\":\"Sorties migration \u00ab\u00a0le retour d&rsquo;Afrique\u00a0\u00bb\",\"datePublished\":\"2017-03-20T17:31:08+00:00\",\"dateModified\":\"2017-03-20T17:35:39+00:00\",\"mainEntityOfPage\":{\"@id\":\"https:\\\/\\\/paca.lpo.fr\\\/blogs\\\/nice\\\/2017\\\/03\\\/20\\\/1676\\\/\"},\"wordCount\":208,\"commentCount\":0,\"publisher\":{\"@id\":\"https:\\\/\\\/paca.lpo.fr\\\/blogs\\\/nice\\\/#organization\"},\"image\":{\"@id\":\"https:\\\/\\\/paca.lpo.fr\\\/blogs\\\/nice\\\/2017\\\/03\\\/20\\\/1676\\\/#primaryimage\"},\"thumbnailUrl\":\"https:\\\/\\\/paca.lpo.fr\\\/blogs\\\/nice\\\/files\\\/2017\\\/03\\\/Circa\u00e8te-Jean-le-Blanc-2.jpg\",\"articleSection\":[\"grands \u00e9v\u00e8nements\"],\"inLanguage\":\"fr-FR\",\"potentialAction\":[{\"@type\":\"CommentAction\",\"name\":\"Comment\",\"target\":[\"https:\\\/\\\/paca.lpo.fr\\\/blogs\\\/nice\\\/2017\\\/03\\\/20\\\/1676\\\/#respond\"]}]},{\"@type\":\"WebPage\",\"@id\":\"https:\\\/\\\/paca.lpo.fr\\\/blogs\\\/nice\\\/2017\\\/03\\\/20\\\/1676\\\/\",\"url\":\"https:\\\/\\\/paca.lpo.fr\\\/blogs\\\/nice\\\/2017\\\/03\\\/20\\\/1676\\\/\",\"name\":\"Sorties migration \\\"le retour d'Afrique\\\" - Groupe local Nice\",\"isPartOf\":{\"@id\":\"https:\\\/\\\/paca.lpo.fr\\\/blogs\\\/nice\\\/#website\"},\"primaryImageOfPage\":{\"@id\":\"https:\\\/\\\/paca.lpo.fr\\\/blogs\\\/nice\\\/2017\\\/03\\\/20\\\/1676\\\/#primaryimage\"},\"image\":{\"@id\":\"https:\\\/\\\/paca.lpo.fr\\\/blogs\\\/nice\\\/2017\\\/03\\\/20\\\/1676\\\/#primaryimage\"},\"thumbnailUrl\":\"https:\\\/\\\/paca.lpo.fr\\\/blogs\\\/nice\\\/files\\\/2017\\\/03\\\/Circa\u00e8te-Jean-le-Blanc-2.jpg\",\"datePublished\":\"2017-03-20T17:31:08+00:00\",\"dateModified\":\"2017-03-20T17:35:39+00:00\",\"breadcrumb\":{\"@id\":\"https:\\\/\\\/paca.lpo.fr\\\/blogs\\\/nice\\\/2017\\\/03\\\/20\\\/1676\\\/#breadcrumb\"},\"inLanguage\":\"fr-FR\",\"potentialAction\":[{\"@type\":\"ReadAction\",\"target\":[\"https:\\\/\\\/paca.lpo.fr\\\/blogs\\\/nice\\\/2017\\\/03\\\/20\\\/1676\\\/\"]}]},{\"@type\":\"ImageObject\",\"inLanguage\":\"fr-FR\",\"@id\":\"https:\\\/\\\/paca.lpo.fr\\\/blogs\\\/nice\\\/2017\\\/03\\\/20\\\/1676\\\/#primaryimage\",\"url\":\"https:\\\/\\\/paca.lpo.fr\\\/blogs\\\/nice\\\/files\\\/2017\\\/03\\\/Circa\u00e8te-Jean-le-Blanc-2.jpg\",\"contentUrl\":\"https:\\\/\\\/paca.lpo.fr\\\/blogs\\\/nice\\\/files\\\/2017\\\/03\\\/Circa\u00e8te-Jean-le-Blanc-2.jpg\",\"width\":800,\"height\":448,\"caption\":\"????????????????????????????????????\"},{\"@type\":\"BreadcrumbList\",\"@id\":\"https:\\\/\\\/paca.lpo.fr\\\/blogs\\\/nice\\\/2017\\\/03\\\/20\\\/1676\\\/#breadcrumb\",\"itemListElement\":[{\"@type\":\"ListItem\",\"position\":1,\"name\":\"Accueil\",\"item\":\"https:\\\/\\\/paca.lpo.fr\\\/blogs\\\/nice\\\/\"},{\"@type\":\"ListItem\",\"position\":2,\"name\":\"Sorties migration \u00ab\u00a0le retour d&rsquo;Afrique\u00a0\u00bb\"}]},{\"@type\":\"WebSite\",\"@id\":\"https:\\\/\\\/paca.lpo.fr\\\/blogs\\\/nice\\\/#website\",\"url\":\"https:\\\/\\\/paca.lpo.fr\\\/blogs\\\/nice\\\/\",\"name\":\"Groupe local Nice\",\"description\":\"Groupe local Nice\",\"publisher\":{\"@id\":\"https:\\\/\\\/paca.lpo.fr\\\/blogs\\\/nice\\\/#organization\"},\"potentialAction\":[{\"@type\":\"SearchAction\",\"target\":{\"@type\":\"EntryPoint\",\"urlTemplate\":\"https:\\\/\\\/paca.lpo.fr\\\/blogs\\\/nice\\\/?s={search_term_string}\"},\"query-input\":{\"@type\":\"PropertyValueSpecification\",\"valueRequired\":true,\"valueName\":\"search_term_string\"}}],\"inLanguage\":\"fr-FR\"},{\"@type\":\"Organization\",\"@id\":\"https:\\\/\\\/paca.lpo.fr\\\/blogs\\\/nice\\\/#organization\",\"name\":\"Groupe local Nice\",\"url\":\"https:\\\/\\\/paca.lpo.fr\\\/blogs\\\/nice\\\/\",\"logo\":{\"@type\":\"ImageObject\",\"inLanguage\":\"fr-FR\",\"@id\":\"https:\\\/\\\/paca.lpo.fr\\\/blogs\\\/nice\\\/#\\\/schema\\\/logo\\\/image\\\/\",\"url\":\"https:\\\/\\\/paca.lpo.fr\\\/blogs\\\/nice\\\/files\\\/2024\\\/01\\\/cropped-rvb-lpo-paca-logotype-signature-droite-mini-500.jpg\",\"contentUrl\":\"https:\\\/\\\/paca.lpo.fr\\\/blogs\\\/nice\\\/files\\\/2024\\\/01\\\/cropped-rvb-lpo-paca-logotype-signature-droite-mini-500.jpg\",\"width\":500,\"height\":210,\"caption\":\"Groupe local Nice\"},\"image\":{\"@id\":\"https:\\\/\\\/paca.lpo.fr\\\/blogs\\\/nice\\\/#\\\/schema\\\/logo\\\/image\\\/\"}},{\"@type\":\"Person\",\"@id\":\"https:\\\/\\\/paca.lpo.fr\\\/blogs\\\/nice\\\/#\\\/schema\\\/person\\\/1bda33335fb71e0b3552487db26a4c56\",\"name\":\"Groupe local Paillon-B\u00e9v\u00e9ra\",\"image\":{\"@type\":\"ImageObject\",\"inLanguage\":\"fr-FR\",\"@id\":\"https:\\\/\\\/secure.gravatar.com\\\/avatar\\\/b1ee285506e2cb880ec988990d360e255aecb31c77212741dace1023623610c2?s=96&d=mm&r=g\",\"url\":\"https:\\\/\\\/secure.gravatar.com\\\/avatar\\\/b1ee285506e2cb880ec988990d360e255aecb31c77212741dace1023623610c2?s=96&d=mm&r=g\",\"contentUrl\":\"https:\\\/\\\/secure.gravatar.com\\\/avatar\\\/b1ee285506e2cb880ec988990d360e255aecb31c77212741dace1023623610c2?s=96&d=mm&r=g\",\"caption\":\"Groupe local Paillon-B\u00e9v\u00e9ra\"},\"url\":\"https:\\\/\\\/paca.lpo.fr\\\/blogs\\\/nice\\\/author\\\/alpesmaritimesest\\\/\"}]}<\/script>\n<!-- \/ Yoast SEO plugin. -->","yoast_head_json":{"title":"Sorties migration \"le retour d'Afrique\" - Groupe local Nice","robots":{"index":"index","follow":"follow","max-snippet":"max-snippet:-1","max-image-preview":"max-image-preview:large","max-video-preview":"max-video-preview:-1"},"canonical":"https:\/\/paca.lpo.fr\/blogs\/nice\/2017\/03\/20\/1676\/","og_locale":"fr_FR","og_type":"article","og_title":"Sorties migration \"le retour d'Afrique\" - Groupe local Nice","og_description":"Deux journ\u00e9es d&rsquo;observation de la migration pr\u00e9nuptiale ont \u00e9t\u00e9 propos\u00e9es, le 15 mars \u00e0 Falicon sur les flancs du Mont Chauve, et le 18 mars \u00e0 Ch\u00e2teauneuf de Villevieille &#8211; Mont Macaron. Apr\u00e8s une heure de marche environ les petits groupes tr\u00e8s motiv\u00e9s se sont post\u00e9s avec jumelles et longue-vue pour scruter le ciel \u00e0 [&hellip;]","og_url":"https:\/\/paca.lpo.fr\/blogs\/nice\/2017\/03\/20\/1676\/","og_site_name":"Groupe local Nice","article_published_time":"2017-03-20T17:31:08+00:00","article_modified_time":"2017-03-20T17:35:39+00:00","og_image":[{"width":800,"height":448,"url":"https:\/\/paca.lpo.fr\/blogs\/nice\/files\/2017\/03\/Circa\u00e8te-Jean-le-Blanc-2.jpg","type":"image\/jpeg"}],"author":"Groupe local Paillon-B\u00e9v\u00e9ra","twitter_card":"summary_large_image","twitter_misc":{"\u00c9crit par":"Groupe local Paillon-B\u00e9v\u00e9ra","Dur\u00e9e de lecture estim\u00e9e":"1 minute"},"schema":{"@context":"https:\/\/schema.org","@graph":[{"@type":"Article","@id":"https:\/\/paca.lpo.fr\/blogs\/nice\/2017\/03\/20\/1676\/#article","isPartOf":{"@id":"https:\/\/paca.lpo.fr\/blogs\/nice\/2017\/03\/20\/1676\/"},"author":{"name":"Groupe local Paillon-B\u00e9v\u00e9ra","@id":"https:\/\/paca.lpo.fr\/blogs\/nice\/#\/schema\/person\/1bda33335fb71e0b3552487db26a4c56"},"headline":"Sorties migration \u00ab\u00a0le retour d&rsquo;Afrique\u00a0\u00bb","datePublished":"2017-03-20T17:31:08+00:00","dateModified":"2017-03-20T17:35:39+00:00","mainEntityOfPage":{"@id":"https:\/\/paca.lpo.fr\/blogs\/nice\/2017\/03\/20\/1676\/"},"wordCount":208,"commentCount":0,"publisher":{"@id":"https:\/\/paca.lpo.fr\/blogs\/nice\/#organization"},"image":{"@id":"https:\/\/paca.lpo.fr\/blogs\/nice\/2017\/03\/20\/1676\/#primaryimage"},"thumbnailUrl":"https:\/\/paca.lpo.fr\/blogs\/nice\/files\/2017\/03\/Circa\u00e8te-Jean-le-Blanc-2.jpg","articleSection":["grands \u00e9v\u00e8nements"],"inLanguage":"fr-FR","potentialAction":[{"@type":"CommentAction","name":"Comment","target":["https:\/\/paca.lpo.fr\/blogs\/nice\/2017\/03\/20\/1676\/#respond"]}]},{"@type":"WebPage","@id":"https:\/\/paca.lpo.fr\/blogs\/nice\/2017\/03\/20\/1676\/","url":"https:\/\/paca.lpo.fr\/blogs\/nice\/2017\/03\/20\/1676\/","name":"Sorties migration \"le retour d'Afrique\" - Groupe local Nice","isPartOf":{"@id":"https:\/\/paca.lpo.fr\/blogs\/nice\/#website"},"primaryImageOfPage":{"@id":"https:\/\/paca.lpo.fr\/blogs\/nice\/2017\/03\/20\/1676\/#primaryimage"},"image":{"@id":"https:\/\/paca.lpo.fr\/blogs\/nice\/2017\/03\/20\/1676\/#primaryimage"},"thumbnailUrl":"https:\/\/paca.lpo.fr\/blogs\/nice\/files\/2017\/03\/Circa\u00e8te-Jean-le-Blanc-2.jpg","datePublished":"2017-03-20T17:31:08+00:00","dateModified":"2017-03-20T17:35:39+00:00","breadcrumb":{"@id":"https:\/\/paca.lpo.fr\/blogs\/nice\/2017\/03\/20\/1676\/#breadcrumb"},"inLanguage":"fr-FR","potentialAction":[{"@type":"ReadAction","target":["https:\/\/paca.lpo.fr\/blogs\/nice\/2017\/03\/20\/1676\/"]}]},{"@type":"ImageObject","inLanguage":"fr-FR","@id":"https:\/\/paca.lpo.fr\/blogs\/nice\/2017\/03\/20\/1676\/#primaryimage","url":"https:\/\/paca.lpo.fr\/blogs\/nice\/files\/2017\/03\/Circa\u00e8te-Jean-le-Blanc-2.jpg","contentUrl":"https:\/\/paca.lpo.fr\/blogs\/nice\/files\/2017\/03\/Circa\u00e8te-Jean-le-Blanc-2.jpg","width":800,"height":448,"caption":"????????????????????????????????????"},{"@type":"BreadcrumbList","@id":"https:\/\/paca.lpo.fr\/blogs\/nice\/2017\/03\/20\/1676\/#breadcrumb","itemListElement":[{"@type":"ListItem","position":1,"name":"Accueil","item":"https:\/\/paca.lpo.fr\/blogs\/nice\/"},{"@type":"ListItem","position":2,"name":"Sorties migration \u00ab\u00a0le retour d&rsquo;Afrique\u00a0\u00bb"}]},{"@type":"WebSite","@id":"https:\/\/paca.lpo.fr\/blogs\/nice\/#website","url":"https:\/\/paca.lpo.fr\/blogs\/nice\/","name":"Groupe local Nice","description":"Groupe local Nice","publisher":{"@id":"https:\/\/paca.lpo.fr\/blogs\/nice\/#organization"},"potentialAction":[{"@type":"SearchAction","target":{"@type":"EntryPoint","urlTemplate":"https:\/\/paca.lpo.fr\/blogs\/nice\/?s={search_term_string}"},"query-input":{"@type":"PropertyValueSpecification","valueRequired":true,"valueName":"search_term_string"}}],"inLanguage":"fr-FR"},{"@type":"Organization","@id":"https:\/\/paca.lpo.fr\/blogs\/nice\/#organization","name":"Groupe local Nice","url":"https:\/\/paca.lpo.fr\/blogs\/nice\/","logo":{"@type":"ImageObject","inLanguage":"fr-FR","@id":"https:\/\/paca.lpo.fr\/blogs\/nice\/#\/schema\/logo\/image\/","url":"https:\/\/paca.lpo.fr\/blogs\/nice\/files\/2024\/01\/cropped-rvb-lpo-paca-logotype-signature-droite-mini-500.jpg","contentUrl":"https:\/\/paca.lpo.fr\/blogs\/nice\/files\/2024\/01\/cropped-rvb-lpo-paca-logotype-signature-droite-mini-500.jpg","width":500,"height":210,"caption":"Groupe local Nice"},"image":{"@id":"https:\/\/paca.lpo.fr\/blogs\/nice\/#\/schema\/logo\/image\/"}},{"@type":"Person","@id":"https:\/\/paca.lpo.fr\/blogs\/nice\/#\/schema\/person\/1bda33335fb71e0b3552487db26a4c56","name":"Groupe local Paillon-B\u00e9v\u00e9ra","image":{"@type":"ImageObject","inLanguage":"fr-FR","@id":"https:\/\/secure.gravatar.com\/avatar\/b1ee285506e2cb880ec988990d360e255aecb31c77212741dace1023623610c2?s=96&d=mm&r=g","url":"https:\/\/secure.gravatar.com\/avatar\/b1ee285506e2cb880ec988990d360e255aecb31c77212741dace1023623610c2?s=96&d=mm&r=g","contentUrl":"https:\/\/secure.gravatar.com\/avatar\/b1ee285506e2cb880ec988990d360e255aecb31c77212741dace1023623610c2?s=96&d=mm&r=g","caption":"Groupe local Paillon-B\u00e9v\u00e9ra"},"url":"https:\/\/paca.lpo.fr\/blogs\/nice\/author\/alpesmaritimesest\/"}]}},"jetpack_featured_media_url":"https:\/\/paca.lpo.fr\/blogs\/nice\/files\/2017\/03\/Circa\u00e8te-Jean-le-Blanc-2.jpg","_links":{"self":[{"href":"https:\/\/paca.lpo.fr\/blogs\/nice\/wp-json\/wp\/v2\/posts\/1676","targetHints":{"allow":["GET"]}}],"collection":[{"href":"https:\/\/paca.lpo.fr\/blogs\/nice\/wp-json\/wp\/v2\/posts"}],"about":[{"href":"https:\/\/paca.lpo.fr\/blogs\/nice\/wp-json\/wp\/v2\/types\/post"}],"author":[{"embeddable":true,"href":"https:\/\/paca.lpo.fr\/blogs\/nice\/wp-json\/wp\/v2\/users\/15"}],"replies":[{"embeddable":true,"href":"https:\/\/paca.lpo.fr\/blogs\/nice\/wp-json\/wp\/v2\/comments?post=1676"}],"version-history":[{"count":4,"href":"https:\/\/paca.lpo.fr\/blogs\/nice\/wp-json\/wp\/v2\/posts\/1676\/revisions"}],"predecessor-version":[{"id":1690,"href":"https:\/\/paca.lpo.fr\/blogs\/nice\/wp-json\/wp\/v2\/posts\/1676\/revisions\/1690"}],"wp:featuredmedia":[{"embeddable":true,"href":"https:\/\/paca.lpo.fr\/blogs\/nice\/wp-json\/wp\/v2\/media\/1681"}],"wp:attachment":[{"href":"https:\/\/paca.lpo.fr\/blogs\/nice\/wp-json\/wp\/v2\/media?parent=1676"}],"wp:term":[{"taxonomy":"category","embeddable":true,"href":"https:\/\/paca.lpo.fr\/blogs\/nice\/wp-json\/wp\/v2\/categories?post=1676"},{"taxonomy":"post_tag","embeddable":true,"href":"https:\/\/paca.lpo.fr\/blogs\/nice\/wp-json\/wp\/v2\/tags?post=1676"}],"curies":[{"name":"wp","href":"https:\/\/api.w.org\/{rel}","templated":true}]}}