{"id":1724,"date":"2017-04-10T17:59:44","date_gmt":"2017-04-10T16:59:44","guid":{"rendered":"https:\/\/paca.lpo.fr\/blogs\/nice\/?p=1724"},"modified":"2017-04-11T08:41:09","modified_gmt":"2017-04-11T07:41:09","slug":"lancement-du-depliant-les-oiseaux-de-nice-le-10-avril-2017","status":"publish","type":"post","link":"https:\/\/paca.lpo.fr\/blogs\/nice\/2017\/04\/10\/lancement-du-depliant-les-oiseaux-de-nice-le-10-avril-2017\/","title":{"rendered":"Lancement du d\u00e9pliant \u00ab\u00a0Les Oiseaux de Nice\u00a0\u00bb le 10 avril 2017"},"content":{"rendered":"<p>Voici les premi\u00e8res images de l&rsquo;\u00e9v\u00e8nement qui a eu lieu dans le jardin de la Maison de l&rsquo;Environnement de Nice (refuge LPO) cet apr\u00e8s-midi, en pr\u00e9sence d&rsquo;\u00e9lus de la ville et du directeur d&rsquo;Enedis PACA. Allain Bougrain-Dubourg, notre pr\u00e9sident national nous a fait le plaisir d&rsquo;une visite dans le 06 pour participer au lancement de notre nouveau d\u00e9pliant.<br \/>\nDiscours d&rsquo;Allain, du directeur d&rsquo;Enedis et de Monsieur Bernard Baudin, qui repr\u00e9sentait le maire, Monsieur Pradal.<br \/>\n <img loading=\"lazy\" decoding=\"async\" src=\"https:\/\/paca.lpo.fr\/blogs\/nice\/files\/2017\/04\/blog1-1-960x722.jpg\" alt=\"\" width=\"660\" height=\"496\" class=\"alignnone size-large wp-image-1725\" srcset=\"https:\/\/paca.lpo.fr\/blogs\/nice\/files\/2017\/04\/blog1-1-960x722.jpg 960w, https:\/\/paca.lpo.fr\/blogs\/nice\/files\/2017\/04\/blog1-1-480x361.jpg 480w, https:\/\/paca.lpo.fr\/blogs\/nice\/files\/2017\/04\/blog1-1-768x578.jpg 768w, https:\/\/paca.lpo.fr\/blogs\/nice\/files\/2017\/04\/blog1-1-700x527.jpg 700w, https:\/\/paca.lpo.fr\/blogs\/nice\/files\/2017\/04\/blog1-1.jpg 997w\" sizes=\"auto, (max-width: 660px) 100vw, 660px\" \/><br \/>\n<img loading=\"lazy\" decoding=\"async\" src=\"https:\/\/paca.lpo.fr\/blogs\/nice\/files\/2017\/04\/blog4-960x733.jpg\" alt=\"\" width=\"660\" height=\"504\" class=\"alignnone size-large wp-image-1726\" srcset=\"https:\/\/paca.lpo.fr\/blogs\/nice\/files\/2017\/04\/blog4-960x733.jpg 960w, https:\/\/paca.lpo.fr\/blogs\/nice\/files\/2017\/04\/blog4-480x366.jpg 480w, https:\/\/paca.lpo.fr\/blogs\/nice\/files\/2017\/04\/blog4-768x586.jpg 768w, https:\/\/paca.lpo.fr\/blogs\/nice\/files\/2017\/04\/blog4-700x534.jpg 700w, https:\/\/paca.lpo.fr\/blogs\/nice\/files\/2017\/04\/blog4.jpg 992w\" sizes=\"auto, (max-width: 660px) 100vw, 660px\" \/><br \/>\n<img loading=\"lazy\" decoding=\"async\" src=\"https:\/\/paca.lpo.fr\/blogs\/nice\/files\/2017\/04\/blog5-960x720.jpg\" alt=\"\" width=\"660\" height=\"495\" class=\"alignnone size-large wp-image-1727\" srcset=\"https:\/\/paca.lpo.fr\/blogs\/nice\/files\/2017\/04\/blog5-960x720.jpg 960w, https:\/\/paca.lpo.fr\/blogs\/nice\/files\/2017\/04\/blog5-480x360.jpg 480w, https:\/\/paca.lpo.fr\/blogs\/nice\/files\/2017\/04\/blog5-768x576.jpg 768w, https:\/\/paca.lpo.fr\/blogs\/nice\/files\/2017\/04\/blog5-700x525.jpg 700w, https:\/\/paca.lpo.fr\/blogs\/nice\/files\/2017\/04\/blog5.jpg 1000w\" sizes=\"auto, (max-width: 660px) 100vw, 660px\" \/><\/p>\n<p>Gilles Viricel a fait le d\u00e9placement pour \u00eatre pr\u00e9sent avec Benjamin Kabouche, les salari\u00e9s de l&rsquo;Antenne 06 et quelques b\u00e9n\u00e9voles du Groupe Local.<\/p>\n<p><img loading=\"lazy\" decoding=\"async\" src=\"https:\/\/paca.lpo.fr\/blogs\/nice\/files\/2017\/04\/blogAnne2-960x635.jpg\" alt=\"\" width=\"660\" height=\"437\" class=\"alignnone size-large wp-image-1734\" srcset=\"https:\/\/paca.lpo.fr\/blogs\/nice\/files\/2017\/04\/blogAnne2-960x635.jpg 960w, https:\/\/paca.lpo.fr\/blogs\/nice\/files\/2017\/04\/blogAnne2-480x317.jpg 480w, https:\/\/paca.lpo.fr\/blogs\/nice\/files\/2017\/04\/blogAnne2-768x508.jpg 768w, https:\/\/paca.lpo.fr\/blogs\/nice\/files\/2017\/04\/blogAnne2-700x463.jpg 700w, https:\/\/paca.lpo.fr\/blogs\/nice\/files\/2017\/04\/blogAnne2.jpg 983w\" sizes=\"auto, (max-width: 660px) 100vw, 660px\" \/><\/p>\n<p>Nos remerciements \u00e0 la ville de Nice et aux responsables de la maison de l&rsquo;Environnement qui ont eu la gentillesse d&rsquo;ouvrir leur locaux pour l&rsquo;occasion.<img loading=\"lazy\" decoding=\"async\" src=\"https:\/\/paca.lpo.fr\/blogs\/nice\/files\/2017\/04\/blog2-1.jpg\" alt=\"\" width=\"900\" height=\"636\" class=\"alignnone size-full wp-image-1730\" srcset=\"https:\/\/paca.lpo.fr\/blogs\/nice\/files\/2017\/04\/blog2-1.jpg 900w, https:\/\/paca.lpo.fr\/blogs\/nice\/files\/2017\/04\/blog2-1-480x339.jpg 480w, https:\/\/paca.lpo.fr\/blogs\/nice\/files\/2017\/04\/blog2-1-768x543.jpg 768w, https:\/\/paca.lpo.fr\/blogs\/nice\/files\/2017\/04\/blog2-1-700x495.jpg 700w\" sizes=\"auto, (max-width: 900px) 100vw, 900px\" \/><\/p>\n","protected":false},"excerpt":{"rendered":"<p>Voici les premi\u00e8res images de l&rsquo;\u00e9v\u00e8nement qui a eu lieu dans le jardin de la Maison de l&rsquo;Environnement de Nice (refuge LPO) cet apr\u00e8s-midi, en pr\u00e9sence d&rsquo;\u00e9lus de la ville et du directeur d&rsquo;Enedis PACA. Allain Bougrain-Dubourg, notre pr\u00e9sident national nous a fait le plaisir d&rsquo;une visite dans le 06 pour participer au lancement de [&hellip;]<\/p>\n","protected":false},"author":15,"featured_media":1735,"comment_status":"open","ping_status":"open","sticky":false,"template":"","format":"standard","meta":{"footnotes":""},"categories":[3],"tags":[],"class_list":["post-1724","post","type-post","status-publish","format-standard","has-post-thumbnail","hentry","category-vie-groupe"],"yoast_head":"<!-- This site is optimized with the Yoast SEO plugin v28.3 - https:\/\/yoast.com\/product\/yoast-seo-wordpress\/ -->\n<title>Lancement du d\u00e9pliant &quot;Les Oiseaux de Nice&quot; le 10 avril 2017 - Groupe local Nice<\/title>\n<meta name=\"robots\" content=\"index, follow, max-snippet:-1, max-image-preview:large, max-video-preview:-1\" \/>\n<link rel=\"canonical\" href=\"https:\/\/paca.lpo.fr\/blogs\/nice\/2017\/04\/10\/lancement-du-depliant-les-oiseaux-de-nice-le-10-avril-2017\/\" \/>\n<meta property=\"og:locale\" content=\"fr_FR\" \/>\n<meta property=\"og:type\" content=\"article\" \/>\n<meta property=\"og:title\" content=\"Lancement du d\u00e9pliant &quot;Les Oiseaux de Nice&quot; le 10 avril 2017 - Groupe local Nice\" \/>\n<meta property=\"og:description\" content=\"Voici les premi\u00e8res images de l&rsquo;\u00e9v\u00e8nement qui a eu lieu dans le jardin de la Maison de l&rsquo;Environnement de Nice (refuge LPO) cet apr\u00e8s-midi, en pr\u00e9sence d&rsquo;\u00e9lus de la ville et du directeur d&rsquo;Enedis PACA. Allain Bougrain-Dubourg, notre pr\u00e9sident national nous a fait le plaisir d&rsquo;une visite dans le 06 pour participer au lancement de [&hellip;]\" \/>\n<meta property=\"og:url\" content=\"https:\/\/paca.lpo.fr\/blogs\/nice\/2017\/04\/10\/lancement-du-depliant-les-oiseaux-de-nice-le-10-avril-2017\/\" \/>\n<meta property=\"og:site_name\" content=\"Groupe local Nice\" \/>\n<meta property=\"article:published_time\" content=\"2017-04-10T16:59:44+00:00\" \/>\n<meta property=\"article:modified_time\" content=\"2017-04-11T07:41:09+00:00\" \/>\n<meta property=\"og:image\" content=\"https:\/\/paca.lpo.fr\/blogs\/nice\/files\/2017\/04\/blogAnne.jpg\" \/>\n\t<meta property=\"og:image:width\" content=\"922\" \/>\n\t<meta property=\"og:image:height\" content=\"574\" \/>\n\t<meta property=\"og:image:type\" content=\"image\/jpeg\" \/>\n<meta name=\"author\" content=\"Groupe local Paillon-B\u00e9v\u00e9ra\" \/>\n<meta name=\"twitter:card\" content=\"summary_large_image\" \/>\n<meta name=\"twitter:label1\" content=\"\u00c9crit par\" \/>\n\t<meta name=\"twitter:data1\" content=\"Groupe local Paillon-B\u00e9v\u00e9ra\" \/>\n\t<meta name=\"twitter:label2\" content=\"Dur\u00e9e de lecture estim\u00e9e\" \/>\n\t<meta name=\"twitter:data2\" content=\"1 minute\" \/>\n<script type=\"application\/ld+json\" class=\"yoast-schema-graph\">{\"@context\":\"https:\\\/\\\/schema.org\",\"@graph\":[{\"@type\":\"Article\",\"@id\":\"https:\\\/\\\/paca.lpo.fr\\\/blogs\\\/nice\\\/2017\\\/04\\\/10\\\/lancement-du-depliant-les-oiseaux-de-nice-le-10-avril-2017\\\/#article\",\"isPartOf\":{\"@id\":\"https:\\\/\\\/paca.lpo.fr\\\/blogs\\\/nice\\\/2017\\\/04\\\/10\\\/lancement-du-depliant-les-oiseaux-de-nice-le-10-avril-2017\\\/\"},\"author\":{\"name\":\"Groupe local Paillon-B\u00e9v\u00e9ra\",\"@id\":\"https:\\\/\\\/paca.lpo.fr\\\/blogs\\\/nice\\\/#\\\/schema\\\/person\\\/1bda33335fb71e0b3552487db26a4c56\"},\"headline\":\"Lancement du d\u00e9pliant \u00ab\u00a0Les Oiseaux de Nice\u00a0\u00bb le 10 avril 2017\",\"datePublished\":\"2017-04-10T16:59:44+00:00\",\"dateModified\":\"2017-04-11T07:41:09+00:00\",\"mainEntityOfPage\":{\"@id\":\"https:\\\/\\\/paca.lpo.fr\\\/blogs\\\/nice\\\/2017\\\/04\\\/10\\\/lancement-du-depliant-les-oiseaux-de-nice-le-10-avril-2017\\\/\"},\"wordCount\":152,\"commentCount\":0,\"publisher\":{\"@id\":\"https:\\\/\\\/paca.lpo.fr\\\/blogs\\\/nice\\\/#organization\"},\"image\":{\"@id\":\"https:\\\/\\\/paca.lpo.fr\\\/blogs\\\/nice\\\/2017\\\/04\\\/10\\\/lancement-du-depliant-les-oiseaux-de-nice-le-10-avril-2017\\\/#primaryimage\"},\"thumbnailUrl\":\"https:\\\/\\\/paca.lpo.fr\\\/blogs\\\/nice\\\/files\\\/2017\\\/04\\\/blogAnne.jpg\",\"articleSection\":[\"Vie du groupe\"],\"inLanguage\":\"fr-FR\",\"potentialAction\":[{\"@type\":\"CommentAction\",\"name\":\"Comment\",\"target\":[\"https:\\\/\\\/paca.lpo.fr\\\/blogs\\\/nice\\\/2017\\\/04\\\/10\\\/lancement-du-depliant-les-oiseaux-de-nice-le-10-avril-2017\\\/#respond\"]}]},{\"@type\":\"WebPage\",\"@id\":\"https:\\\/\\\/paca.lpo.fr\\\/blogs\\\/nice\\\/2017\\\/04\\\/10\\\/lancement-du-depliant-les-oiseaux-de-nice-le-10-avril-2017\\\/\",\"url\":\"https:\\\/\\\/paca.lpo.fr\\\/blogs\\\/nice\\\/2017\\\/04\\\/10\\\/lancement-du-depliant-les-oiseaux-de-nice-le-10-avril-2017\\\/\",\"name\":\"Lancement du d\u00e9pliant \\\"Les Oiseaux de Nice\\\" le 10 avril 2017 - Groupe local Nice\",\"isPartOf\":{\"@id\":\"https:\\\/\\\/paca.lpo.fr\\\/blogs\\\/nice\\\/#website\"},\"primaryImageOfPage\":{\"@id\":\"https:\\\/\\\/paca.lpo.fr\\\/blogs\\\/nice\\\/2017\\\/04\\\/10\\\/lancement-du-depliant-les-oiseaux-de-nice-le-10-avril-2017\\\/#primaryimage\"},\"image\":{\"@id\":\"https:\\\/\\\/paca.lpo.fr\\\/blogs\\\/nice\\\/2017\\\/04\\\/10\\\/lancement-du-depliant-les-oiseaux-de-nice-le-10-avril-2017\\\/#primaryimage\"},\"thumbnailUrl\":\"https:\\\/\\\/paca.lpo.fr\\\/blogs\\\/nice\\\/files\\\/2017\\\/04\\\/blogAnne.jpg\",\"datePublished\":\"2017-04-10T16:59:44+00:00\",\"dateModified\":\"2017-04-11T07:41:09+00:00\",\"breadcrumb\":{\"@id\":\"https:\\\/\\\/paca.lpo.fr\\\/blogs\\\/nice\\\/2017\\\/04\\\/10\\\/lancement-du-depliant-les-oiseaux-de-nice-le-10-avril-2017\\\/#breadcrumb\"},\"inLanguage\":\"fr-FR\",\"potentialAction\":[{\"@type\":\"ReadAction\",\"target\":[\"https:\\\/\\\/paca.lpo.fr\\\/blogs\\\/nice\\\/2017\\\/04\\\/10\\\/lancement-du-depliant-les-oiseaux-de-nice-le-10-avril-2017\\\/\"]}]},{\"@type\":\"ImageObject\",\"inLanguage\":\"fr-FR\",\"@id\":\"https:\\\/\\\/paca.lpo.fr\\\/blogs\\\/nice\\\/2017\\\/04\\\/10\\\/lancement-du-depliant-les-oiseaux-de-nice-le-10-avril-2017\\\/#primaryimage\",\"url\":\"https:\\\/\\\/paca.lpo.fr\\\/blogs\\\/nice\\\/files\\\/2017\\\/04\\\/blogAnne.jpg\",\"contentUrl\":\"https:\\\/\\\/paca.lpo.fr\\\/blogs\\\/nice\\\/files\\\/2017\\\/04\\\/blogAnne.jpg\",\"width\":922,\"height\":574},{\"@type\":\"BreadcrumbList\",\"@id\":\"https:\\\/\\\/paca.lpo.fr\\\/blogs\\\/nice\\\/2017\\\/04\\\/10\\\/lancement-du-depliant-les-oiseaux-de-nice-le-10-avril-2017\\\/#breadcrumb\",\"itemListElement\":[{\"@type\":\"ListItem\",\"position\":1,\"name\":\"Accueil\",\"item\":\"https:\\\/\\\/paca.lpo.fr\\\/blogs\\\/nice\\\/\"},{\"@type\":\"ListItem\",\"position\":2,\"name\":\"Lancement du d\u00e9pliant \u00ab\u00a0Les Oiseaux de Nice\u00a0\u00bb le 10 avril 2017\"}]},{\"@type\":\"WebSite\",\"@id\":\"https:\\\/\\\/paca.lpo.fr\\\/blogs\\\/nice\\\/#website\",\"url\":\"https:\\\/\\\/paca.lpo.fr\\\/blogs\\\/nice\\\/\",\"name\":\"Groupe local Nice\",\"description\":\"Groupe local Nice\",\"publisher\":{\"@id\":\"https:\\\/\\\/paca.lpo.fr\\\/blogs\\\/nice\\\/#organization\"},\"potentialAction\":[{\"@type\":\"SearchAction\",\"target\":{\"@type\":\"EntryPoint\",\"urlTemplate\":\"https:\\\/\\\/paca.lpo.fr\\\/blogs\\\/nice\\\/?s={search_term_string}\"},\"query-input\":{\"@type\":\"PropertyValueSpecification\",\"valueRequired\":true,\"valueName\":\"search_term_string\"}}],\"inLanguage\":\"fr-FR\"},{\"@type\":\"Organization\",\"@id\":\"https:\\\/\\\/paca.lpo.fr\\\/blogs\\\/nice\\\/#organization\",\"name\":\"Groupe local Nice\",\"url\":\"https:\\\/\\\/paca.lpo.fr\\\/blogs\\\/nice\\\/\",\"logo\":{\"@type\":\"ImageObject\",\"inLanguage\":\"fr-FR\",\"@id\":\"https:\\\/\\\/paca.lpo.fr\\\/blogs\\\/nice\\\/#\\\/schema\\\/logo\\\/image\\\/\",\"url\":\"https:\\\/\\\/paca.lpo.fr\\\/blogs\\\/nice\\\/files\\\/2024\\\/01\\\/cropped-rvb-lpo-paca-logotype-signature-droite-mini-500.jpg\",\"contentUrl\":\"https:\\\/\\\/paca.lpo.fr\\\/blogs\\\/nice\\\/files\\\/2024\\\/01\\\/cropped-rvb-lpo-paca-logotype-signature-droite-mini-500.jpg\",\"width\":500,\"height\":210,\"caption\":\"Groupe local Nice\"},\"image\":{\"@id\":\"https:\\\/\\\/paca.lpo.fr\\\/blogs\\\/nice\\\/#\\\/schema\\\/logo\\\/image\\\/\"}},{\"@type\":\"Person\",\"@id\":\"https:\\\/\\\/paca.lpo.fr\\\/blogs\\\/nice\\\/#\\\/schema\\\/person\\\/1bda33335fb71e0b3552487db26a4c56\",\"name\":\"Groupe local Paillon-B\u00e9v\u00e9ra\",\"image\":{\"@type\":\"ImageObject\",\"inLanguage\":\"fr-FR\",\"@id\":\"https:\\\/\\\/secure.gravatar.com\\\/avatar\\\/b1ee285506e2cb880ec988990d360e255aecb31c77212741dace1023623610c2?s=96&d=mm&r=g\",\"url\":\"https:\\\/\\\/secure.gravatar.com\\\/avatar\\\/b1ee285506e2cb880ec988990d360e255aecb31c77212741dace1023623610c2?s=96&d=mm&r=g\",\"contentUrl\":\"https:\\\/\\\/secure.gravatar.com\\\/avatar\\\/b1ee285506e2cb880ec988990d360e255aecb31c77212741dace1023623610c2?s=96&d=mm&r=g\",\"caption\":\"Groupe local Paillon-B\u00e9v\u00e9ra\"},\"url\":\"https:\\\/\\\/paca.lpo.fr\\\/blogs\\\/nice\\\/author\\\/alpesmaritimesest\\\/\"}]}<\/script>\n<!-- \/ Yoast SEO plugin. -->","yoast_head_json":{"title":"Lancement du d\u00e9pliant \"Les Oiseaux de Nice\" le 10 avril 2017 - Groupe local Nice","robots":{"index":"index","follow":"follow","max-snippet":"max-snippet:-1","max-image-preview":"max-image-preview:large","max-video-preview":"max-video-preview:-1"},"canonical":"https:\/\/paca.lpo.fr\/blogs\/nice\/2017\/04\/10\/lancement-du-depliant-les-oiseaux-de-nice-le-10-avril-2017\/","og_locale":"fr_FR","og_type":"article","og_title":"Lancement du d\u00e9pliant \"Les Oiseaux de Nice\" le 10 avril 2017 - Groupe local Nice","og_description":"Voici les premi\u00e8res images de l&rsquo;\u00e9v\u00e8nement qui a eu lieu dans le jardin de la Maison de l&rsquo;Environnement de Nice (refuge LPO) cet apr\u00e8s-midi, en pr\u00e9sence d&rsquo;\u00e9lus de la ville et du directeur d&rsquo;Enedis PACA. Allain Bougrain-Dubourg, notre pr\u00e9sident national nous a fait le plaisir d&rsquo;une visite dans le 06 pour participer au lancement de [&hellip;]","og_url":"https:\/\/paca.lpo.fr\/blogs\/nice\/2017\/04\/10\/lancement-du-depliant-les-oiseaux-de-nice-le-10-avril-2017\/","og_site_name":"Groupe local Nice","article_published_time":"2017-04-10T16:59:44+00:00","article_modified_time":"2017-04-11T07:41:09+00:00","og_image":[{"width":922,"height":574,"url":"https:\/\/paca.lpo.fr\/blogs\/nice\/files\/2017\/04\/blogAnne.jpg","type":"image\/jpeg"}],"author":"Groupe local Paillon-B\u00e9v\u00e9ra","twitter_card":"summary_large_image","twitter_misc":{"\u00c9crit par":"Groupe local Paillon-B\u00e9v\u00e9ra","Dur\u00e9e de lecture estim\u00e9e":"1 minute"},"schema":{"@context":"https:\/\/schema.org","@graph":[{"@type":"Article","@id":"https:\/\/paca.lpo.fr\/blogs\/nice\/2017\/04\/10\/lancement-du-depliant-les-oiseaux-de-nice-le-10-avril-2017\/#article","isPartOf":{"@id":"https:\/\/paca.lpo.fr\/blogs\/nice\/2017\/04\/10\/lancement-du-depliant-les-oiseaux-de-nice-le-10-avril-2017\/"},"author":{"name":"Groupe local Paillon-B\u00e9v\u00e9ra","@id":"https:\/\/paca.lpo.fr\/blogs\/nice\/#\/schema\/person\/1bda33335fb71e0b3552487db26a4c56"},"headline":"Lancement du d\u00e9pliant \u00ab\u00a0Les Oiseaux de Nice\u00a0\u00bb le 10 avril 2017","datePublished":"2017-04-10T16:59:44+00:00","dateModified":"2017-04-11T07:41:09+00:00","mainEntityOfPage":{"@id":"https:\/\/paca.lpo.fr\/blogs\/nice\/2017\/04\/10\/lancement-du-depliant-les-oiseaux-de-nice-le-10-avril-2017\/"},"wordCount":152,"commentCount":0,"publisher":{"@id":"https:\/\/paca.lpo.fr\/blogs\/nice\/#organization"},"image":{"@id":"https:\/\/paca.lpo.fr\/blogs\/nice\/2017\/04\/10\/lancement-du-depliant-les-oiseaux-de-nice-le-10-avril-2017\/#primaryimage"},"thumbnailUrl":"https:\/\/paca.lpo.fr\/blogs\/nice\/files\/2017\/04\/blogAnne.jpg","articleSection":["Vie du groupe"],"inLanguage":"fr-FR","potentialAction":[{"@type":"CommentAction","name":"Comment","target":["https:\/\/paca.lpo.fr\/blogs\/nice\/2017\/04\/10\/lancement-du-depliant-les-oiseaux-de-nice-le-10-avril-2017\/#respond"]}]},{"@type":"WebPage","@id":"https:\/\/paca.lpo.fr\/blogs\/nice\/2017\/04\/10\/lancement-du-depliant-les-oiseaux-de-nice-le-10-avril-2017\/","url":"https:\/\/paca.lpo.fr\/blogs\/nice\/2017\/04\/10\/lancement-du-depliant-les-oiseaux-de-nice-le-10-avril-2017\/","name":"Lancement du d\u00e9pliant \"Les Oiseaux de Nice\" le 10 avril 2017 - Groupe local Nice","isPartOf":{"@id":"https:\/\/paca.lpo.fr\/blogs\/nice\/#website"},"primaryImageOfPage":{"@id":"https:\/\/paca.lpo.fr\/blogs\/nice\/2017\/04\/10\/lancement-du-depliant-les-oiseaux-de-nice-le-10-avril-2017\/#primaryimage"},"image":{"@id":"https:\/\/paca.lpo.fr\/blogs\/nice\/2017\/04\/10\/lancement-du-depliant-les-oiseaux-de-nice-le-10-avril-2017\/#primaryimage"},"thumbnailUrl":"https:\/\/paca.lpo.fr\/blogs\/nice\/files\/2017\/04\/blogAnne.jpg","datePublished":"2017-04-10T16:59:44+00:00","dateModified":"2017-04-11T07:41:09+00:00","breadcrumb":{"@id":"https:\/\/paca.lpo.fr\/blogs\/nice\/2017\/04\/10\/lancement-du-depliant-les-oiseaux-de-nice-le-10-avril-2017\/#breadcrumb"},"inLanguage":"fr-FR","potentialAction":[{"@type":"ReadAction","target":["https:\/\/paca.lpo.fr\/blogs\/nice\/2017\/04\/10\/lancement-du-depliant-les-oiseaux-de-nice-le-10-avril-2017\/"]}]},{"@type":"ImageObject","inLanguage":"fr-FR","@id":"https:\/\/paca.lpo.fr\/blogs\/nice\/2017\/04\/10\/lancement-du-depliant-les-oiseaux-de-nice-le-10-avril-2017\/#primaryimage","url":"https:\/\/paca.lpo.fr\/blogs\/nice\/files\/2017\/04\/blogAnne.jpg","contentUrl":"https:\/\/paca.lpo.fr\/blogs\/nice\/files\/2017\/04\/blogAnne.jpg","width":922,"height":574},{"@type":"BreadcrumbList","@id":"https:\/\/paca.lpo.fr\/blogs\/nice\/2017\/04\/10\/lancement-du-depliant-les-oiseaux-de-nice-le-10-avril-2017\/#breadcrumb","itemListElement":[{"@type":"ListItem","position":1,"name":"Accueil","item":"https:\/\/paca.lpo.fr\/blogs\/nice\/"},{"@type":"ListItem","position":2,"name":"Lancement du d\u00e9pliant \u00ab\u00a0Les Oiseaux de Nice\u00a0\u00bb le 10 avril 2017"}]},{"@type":"WebSite","@id":"https:\/\/paca.lpo.fr\/blogs\/nice\/#website","url":"https:\/\/paca.lpo.fr\/blogs\/nice\/","name":"Groupe local Nice","description":"Groupe local Nice","publisher":{"@id":"https:\/\/paca.lpo.fr\/blogs\/nice\/#organization"},"potentialAction":[{"@type":"SearchAction","target":{"@type":"EntryPoint","urlTemplate":"https:\/\/paca.lpo.fr\/blogs\/nice\/?s={search_term_string}"},"query-input":{"@type":"PropertyValueSpecification","valueRequired":true,"valueName":"search_term_string"}}],"inLanguage":"fr-FR"},{"@type":"Organization","@id":"https:\/\/paca.lpo.fr\/blogs\/nice\/#organization","name":"Groupe local Nice","url":"https:\/\/paca.lpo.fr\/blogs\/nice\/","logo":{"@type":"ImageObject","inLanguage":"fr-FR","@id":"https:\/\/paca.lpo.fr\/blogs\/nice\/#\/schema\/logo\/image\/","url":"https:\/\/paca.lpo.fr\/blogs\/nice\/files\/2024\/01\/cropped-rvb-lpo-paca-logotype-signature-droite-mini-500.jpg","contentUrl":"https:\/\/paca.lpo.fr\/blogs\/nice\/files\/2024\/01\/cropped-rvb-lpo-paca-logotype-signature-droite-mini-500.jpg","width":500,"height":210,"caption":"Groupe local Nice"},"image":{"@id":"https:\/\/paca.lpo.fr\/blogs\/nice\/#\/schema\/logo\/image\/"}},{"@type":"Person","@id":"https:\/\/paca.lpo.fr\/blogs\/nice\/#\/schema\/person\/1bda33335fb71e0b3552487db26a4c56","name":"Groupe local Paillon-B\u00e9v\u00e9ra","image":{"@type":"ImageObject","inLanguage":"fr-FR","@id":"https:\/\/secure.gravatar.com\/avatar\/b1ee285506e2cb880ec988990d360e255aecb31c77212741dace1023623610c2?s=96&d=mm&r=g","url":"https:\/\/secure.gravatar.com\/avatar\/b1ee285506e2cb880ec988990d360e255aecb31c77212741dace1023623610c2?s=96&d=mm&r=g","contentUrl":"https:\/\/secure.gravatar.com\/avatar\/b1ee285506e2cb880ec988990d360e255aecb31c77212741dace1023623610c2?s=96&d=mm&r=g","caption":"Groupe local Paillon-B\u00e9v\u00e9ra"},"url":"https:\/\/paca.lpo.fr\/blogs\/nice\/author\/alpesmaritimesest\/"}]}},"jetpack_featured_media_url":"https:\/\/paca.lpo.fr\/blogs\/nice\/files\/2017\/04\/blogAnne.jpg","_links":{"self":[{"href":"https:\/\/paca.lpo.fr\/blogs\/nice\/wp-json\/wp\/v2\/posts\/1724","targetHints":{"allow":["GET"]}}],"collection":[{"href":"https:\/\/paca.lpo.fr\/blogs\/nice\/wp-json\/wp\/v2\/posts"}],"about":[{"href":"https:\/\/paca.lpo.fr\/blogs\/nice\/wp-json\/wp\/v2\/types\/post"}],"author":[{"embeddable":true,"href":"https:\/\/paca.lpo.fr\/blogs\/nice\/wp-json\/wp\/v2\/users\/15"}],"replies":[{"embeddable":true,"href":"https:\/\/paca.lpo.fr\/blogs\/nice\/wp-json\/wp\/v2\/comments?post=1724"}],"version-history":[{"count":4,"href":"https:\/\/paca.lpo.fr\/blogs\/nice\/wp-json\/wp\/v2\/posts\/1724\/revisions"}],"predecessor-version":[{"id":1737,"href":"https:\/\/paca.lpo.fr\/blogs\/nice\/wp-json\/wp\/v2\/posts\/1724\/revisions\/1737"}],"wp:featuredmedia":[{"embeddable":true,"href":"https:\/\/paca.lpo.fr\/blogs\/nice\/wp-json\/wp\/v2\/media\/1735"}],"wp:attachment":[{"href":"https:\/\/paca.lpo.fr\/blogs\/nice\/wp-json\/wp\/v2\/media?parent=1724"}],"wp:term":[{"taxonomy":"category","embeddable":true,"href":"https:\/\/paca.lpo.fr\/blogs\/nice\/wp-json\/wp\/v2\/categories?post=1724"},{"taxonomy":"post_tag","embeddable":true,"href":"https:\/\/paca.lpo.fr\/blogs\/nice\/wp-json\/wp\/v2\/tags?post=1724"}],"curies":[{"name":"wp","href":"https:\/\/api.w.org\/{rel}","templated":true}]}}