{"id":1757,"date":"2017-05-15T10:46:48","date_gmt":"2017-05-15T09:46:48","guid":{"rendered":"https:\/\/paca.lpo.fr\/blogs\/nice\/?p=1757"},"modified":"2017-05-15T10:55:18","modified_gmt":"2017-05-15T09:55:18","slug":"balade-nature-entre-le-col-des-banquettes-et-la-pointe-siricocca","status":"publish","type":"post","link":"https:\/\/paca.lpo.fr\/blogs\/nice\/2017\/05\/15\/balade-nature-entre-le-col-des-banquettes-et-la-pointe-siricocca\/","title":{"rendered":"balade \u00ab\u00a0nature\u00a0\u00bb entre le Col des Banquettes et la pointe Siricocca"},"content":{"rendered":"<p><img loading=\"lazy\" decoding=\"async\" src=\"https:\/\/paca.lpo.fr\/blogs\/nice\/files\/2017\/05\/Bolg-Mont-Razet-Mulaci\u00e9-Gramondo-PF.jpg\" alt=\"\" width=\"792\" height=\"594\" class=\"alignnone size-full wp-image-1759\" srcset=\"https:\/\/paca.lpo.fr\/blogs\/nice\/files\/2017\/05\/Bolg-Mont-Razet-Mulaci\u00e9-Gramondo-PF.jpg 792w, https:\/\/paca.lpo.fr\/blogs\/nice\/files\/2017\/05\/Bolg-Mont-Razet-Mulaci\u00e9-Gramondo-PF-480x360.jpg 480w, https:\/\/paca.lpo.fr\/blogs\/nice\/files\/2017\/05\/Bolg-Mont-Razet-Mulaci\u00e9-Gramondo-PF-768x576.jpg 768w, https:\/\/paca.lpo.fr\/blogs\/nice\/files\/2017\/05\/Bolg-Mont-Razet-Mulaci\u00e9-Gramondo-PF-700x525.jpg 700w\" sizes=\"auto, (max-width: 792px) 100vw, 792px\" \/><\/p>\n<p><img loading=\"lazy\" decoding=\"async\" src=\"https:\/\/paca.lpo.fr\/blogs\/nice\/files\/2017\/05\/blog-Vue-Cime-de-Baudon-Anne.jpg\" alt=\"\" width=\"660\" height=\"483\" class=\"alignnone size-large wp-image-1760\" srcset=\"https:\/\/paca.lpo.fr\/blogs\/nice\/files\/2017\/05\/blog-Vue-Cime-de-Baudon-Anne.jpg 792w, https:\/\/paca.lpo.fr\/blogs\/nice\/files\/2017\/05\/blog-Vue-Cime-de-Baudon-Anne-480x351.jpg 480w, https:\/\/paca.lpo.fr\/blogs\/nice\/files\/2017\/05\/blog-Vue-Cime-de-Baudon-Anne-768x561.jpg 768w, https:\/\/paca.lpo.fr\/blogs\/nice\/files\/2017\/05\/blog-Vue-Cime-de-Baudon-Anne-700x512.jpg 700w\" sizes=\"auto, (max-width: 660px) 100vw, 660px\" \/>Pour cette sortie le 7 mai nous avons invit\u00e9 le public \u00e0 d\u00e9couvrir les beaux paysages de l&rsquo;arri\u00e8re pays mentonnais sur le carr\u00e9 actuellement en cours de prospection dans le cadre de  l\u2019Observatoire rapaces diurnes nicheurs 2017. De belles observations de rapaces, de papillons et m\u00eame d\u2019un essaim d\u2019abeilles, et un tr\u00e8s beau temps juste agr\u00e9ment\u00e9 d&rsquo;une courte ond\u00e9e.<\/p>\n<p>Chaque ann\u00e9e le CNRS (Centre d&rsquo;Etudes Biologiques) de Chiz\u00e9 et la Ligue pour la Protection des Oiseaux (LPO PACA) organisent une enqu\u00eate ou observatoire des rapaces nicheurs. Un observatoire pour quoi faire ? C\u2019est un bio-indicateur, un dispositif national de suivi par \u00e9chantillonnage annuel. Le suivi annuel des rapaces doit permettre d\u2019accro\u00eetre et d\u2019affiner les connaissances sur l\u2019\u00e9tat des populations et de d\u00e9gager les tendances et \u00e9volutions des rapaces nicheurs de France. Il est donc un fabuleux outil de connaissance au service de la conservation des rapaces.<\/p>\n<p>Cinq carr\u00e9s de 5km x 5km sont tir\u00e9s au sort par d\u00e9partement fran\u00e7ais, et en 2017, entre mars et juillet, Anne, Philippe, Letizia et Yvonne, b\u00e9n\u00e9voles de la LPO PACA, prospectent dans un secteur situ\u00e9 entre Castillon, Castellar, Sainte Agn\u00e8s et Peille. Une tr\u00e8s belle zone de prospection.<br \/>\n<img loading=\"lazy\" decoding=\"async\" src=\"https:\/\/paca.lpo.fr\/blogs\/nice\/files\/2017\/05\/Blog2.jpg\" alt=\"\" width=\"797\" height=\"705\" class=\"size-full wp-image-1758\" srcset=\"https:\/\/paca.lpo.fr\/blogs\/nice\/files\/2017\/05\/Blog2.jpg 797w, https:\/\/paca.lpo.fr\/blogs\/nice\/files\/2017\/05\/Blog2-480x425.jpg 480w, https:\/\/paca.lpo.fr\/blogs\/nice\/files\/2017\/05\/Blog2-768x679.jpg 768w, https:\/\/paca.lpo.fr\/blogs\/nice\/files\/2017\/05\/Blog2-700x619.jpg 700w\" sizes=\"auto, (max-width: 797px) 100vw, 797px\" \/><br \/>\n<img loading=\"lazy\" decoding=\"async\" src=\"https:\/\/paca.lpo.fr\/blogs\/nice\/files\/2017\/05\/blog1-Menton-Corse.jpg\" alt=\"\" width=\"792\" height=\"594\" class=\"alignnone size-full wp-image-1761\" srcset=\"https:\/\/paca.lpo.fr\/blogs\/nice\/files\/2017\/05\/blog1-Menton-Corse.jpg 792w, https:\/\/paca.lpo.fr\/blogs\/nice\/files\/2017\/05\/blog1-Menton-Corse-480x360.jpg 480w, https:\/\/paca.lpo.fr\/blogs\/nice\/files\/2017\/05\/blog1-Menton-Corse-768x576.jpg 768w, https:\/\/paca.lpo.fr\/blogs\/nice\/files\/2017\/05\/blog1-Menton-Corse-700x525.jpg 700w\" sizes=\"auto, (max-width: 792px) 100vw, 792px\" \/><\/p>\n<img loading=\"lazy\" decoding=\"async\" src=\"https:\/\/paca.lpo.fr\/blogs\/nice\/files\/2017\/05\/blog-une2.jpg\" alt=\"\" width=\"709\" height=\"433\" class=\"size-full wp-image-1762\" srcset=\"https:\/\/paca.lpo.fr\/blogs\/nice\/files\/2017\/05\/blog-une2.jpg 709w, https:\/\/paca.lpo.fr\/blogs\/nice\/files\/2017\/05\/blog-une2-480x293.jpg 480w, https:\/\/paca.lpo.fr\/blogs\/nice\/files\/2017\/05\/blog-une2-268x164.jpg 268w, https:\/\/paca.lpo.fr\/blogs\/nice\/files\/2017\/05\/blog-une2-700x428.jpg 700w\" sizes=\"auto, (max-width: 709px) 100vw, 709px\" \/>\n","protected":false},"excerpt":{"rendered":"<p>Pour cette sortie le 7 mai nous avons invit\u00e9 le public \u00e0 d\u00e9couvrir les beaux paysages de l&rsquo;arri\u00e8re pays mentonnais sur le carr\u00e9 actuellement en cours de prospection dans le cadre de l\u2019Observatoire rapaces diurnes nicheurs 2017. De belles observations de rapaces, de papillons et m\u00eame d\u2019un essaim d\u2019abeilles, et un tr\u00e8s beau temps juste [&hellip;]<\/p>\n","protected":false},"author":15,"featured_media":1762,"comment_status":"open","ping_status":"open","sticky":false,"template":"","format":"standard","meta":{"footnotes":""},"categories":[1,3],"tags":[],"class_list":["post-1757","post","type-post","status-publish","format-standard","has-post-thumbnail","hentry","category-sorties-nature","category-vie-groupe"],"yoast_head":"<!-- This site is optimized with the Yoast SEO plugin v28.3 - https:\/\/yoast.com\/product\/yoast-seo-wordpress\/ -->\n<title>balade &quot;nature&quot; entre le Col des Banquettes et la pointe Siricocca - Groupe local Nice<\/title>\n<meta name=\"robots\" content=\"index, follow, max-snippet:-1, max-image-preview:large, max-video-preview:-1\" \/>\n<link rel=\"canonical\" href=\"https:\/\/paca.lpo.fr\/blogs\/nice\/2017\/05\/15\/balade-nature-entre-le-col-des-banquettes-et-la-pointe-siricocca\/\" \/>\n<meta property=\"og:locale\" content=\"fr_FR\" \/>\n<meta property=\"og:type\" content=\"article\" \/>\n<meta property=\"og:title\" content=\"balade &quot;nature&quot; entre le Col des Banquettes et la pointe Siricocca - Groupe local Nice\" \/>\n<meta property=\"og:description\" content=\"Pour cette sortie le 7 mai nous avons invit\u00e9 le public \u00e0 d\u00e9couvrir les beaux paysages de l&rsquo;arri\u00e8re pays mentonnais sur le carr\u00e9 actuellement en cours de prospection dans le cadre de l\u2019Observatoire rapaces diurnes nicheurs 2017. De belles observations de rapaces, de papillons et m\u00eame d\u2019un essaim d\u2019abeilles, et un tr\u00e8s beau temps juste [&hellip;]\" \/>\n<meta property=\"og:url\" content=\"https:\/\/paca.lpo.fr\/blogs\/nice\/2017\/05\/15\/balade-nature-entre-le-col-des-banquettes-et-la-pointe-siricocca\/\" \/>\n<meta property=\"og:site_name\" content=\"Groupe local Nice\" \/>\n<meta property=\"article:published_time\" content=\"2017-05-15T09:46:48+00:00\" \/>\n<meta property=\"article:modified_time\" content=\"2017-05-15T09:55:18+00:00\" \/>\n<meta property=\"og:image\" content=\"https:\/\/paca.lpo.fr\/blogs\/nice\/files\/2017\/05\/blog-une2.jpg\" \/>\n\t<meta property=\"og:image:width\" content=\"709\" \/>\n\t<meta property=\"og:image:height\" content=\"433\" \/>\n\t<meta property=\"og:image:type\" content=\"image\/jpeg\" \/>\n<meta name=\"author\" content=\"Groupe local Paillon-B\u00e9v\u00e9ra\" \/>\n<meta name=\"twitter:card\" content=\"summary_large_image\" \/>\n<meta name=\"twitter:label1\" content=\"\u00c9crit par\" \/>\n\t<meta name=\"twitter:data1\" content=\"Groupe local Paillon-B\u00e9v\u00e9ra\" \/>\n\t<meta name=\"twitter:label2\" content=\"Dur\u00e9e de lecture estim\u00e9e\" \/>\n\t<meta name=\"twitter:data2\" content=\"1 minute\" \/>\n<script type=\"application\/ld+json\" class=\"yoast-schema-graph\">{\"@context\":\"https:\\\/\\\/schema.org\",\"@graph\":[{\"@type\":\"Article\",\"@id\":\"https:\\\/\\\/paca.lpo.fr\\\/blogs\\\/nice\\\/2017\\\/05\\\/15\\\/balade-nature-entre-le-col-des-banquettes-et-la-pointe-siricocca\\\/#article\",\"isPartOf\":{\"@id\":\"https:\\\/\\\/paca.lpo.fr\\\/blogs\\\/nice\\\/2017\\\/05\\\/15\\\/balade-nature-entre-le-col-des-banquettes-et-la-pointe-siricocca\\\/\"},\"author\":{\"name\":\"Groupe local Paillon-B\u00e9v\u00e9ra\",\"@id\":\"https:\\\/\\\/paca.lpo.fr\\\/blogs\\\/nice\\\/#\\\/schema\\\/person\\\/1bda33335fb71e0b3552487db26a4c56\"},\"headline\":\"balade \u00ab\u00a0nature\u00a0\u00bb entre le Col des Banquettes et la pointe Siricocca\",\"datePublished\":\"2017-05-15T09:46:48+00:00\",\"dateModified\":\"2017-05-15T09:55:18+00:00\",\"mainEntityOfPage\":{\"@id\":\"https:\\\/\\\/paca.lpo.fr\\\/blogs\\\/nice\\\/2017\\\/05\\\/15\\\/balade-nature-entre-le-col-des-banquettes-et-la-pointe-siricocca\\\/\"},\"wordCount\":242,\"commentCount\":0,\"publisher\":{\"@id\":\"https:\\\/\\\/paca.lpo.fr\\\/blogs\\\/nice\\\/#organization\"},\"image\":{\"@id\":\"https:\\\/\\\/paca.lpo.fr\\\/blogs\\\/nice\\\/2017\\\/05\\\/15\\\/balade-nature-entre-le-col-des-banquettes-et-la-pointe-siricocca\\\/#primaryimage\"},\"thumbnailUrl\":\"https:\\\/\\\/paca.lpo.fr\\\/blogs\\\/nice\\\/files\\\/2017\\\/05\\\/blog-une2.jpg\",\"articleSection\":[\"grands \u00e9v\u00e8nements\",\"Vie du groupe\"],\"inLanguage\":\"fr-FR\",\"potentialAction\":[{\"@type\":\"CommentAction\",\"name\":\"Comment\",\"target\":[\"https:\\\/\\\/paca.lpo.fr\\\/blogs\\\/nice\\\/2017\\\/05\\\/15\\\/balade-nature-entre-le-col-des-banquettes-et-la-pointe-siricocca\\\/#respond\"]}]},{\"@type\":\"WebPage\",\"@id\":\"https:\\\/\\\/paca.lpo.fr\\\/blogs\\\/nice\\\/2017\\\/05\\\/15\\\/balade-nature-entre-le-col-des-banquettes-et-la-pointe-siricocca\\\/\",\"url\":\"https:\\\/\\\/paca.lpo.fr\\\/blogs\\\/nice\\\/2017\\\/05\\\/15\\\/balade-nature-entre-le-col-des-banquettes-et-la-pointe-siricocca\\\/\",\"name\":\"balade \\\"nature\\\" entre le Col des Banquettes et la pointe Siricocca - Groupe local Nice\",\"isPartOf\":{\"@id\":\"https:\\\/\\\/paca.lpo.fr\\\/blogs\\\/nice\\\/#website\"},\"primaryImageOfPage\":{\"@id\":\"https:\\\/\\\/paca.lpo.fr\\\/blogs\\\/nice\\\/2017\\\/05\\\/15\\\/balade-nature-entre-le-col-des-banquettes-et-la-pointe-siricocca\\\/#primaryimage\"},\"image\":{\"@id\":\"https:\\\/\\\/paca.lpo.fr\\\/blogs\\\/nice\\\/2017\\\/05\\\/15\\\/balade-nature-entre-le-col-des-banquettes-et-la-pointe-siricocca\\\/#primaryimage\"},\"thumbnailUrl\":\"https:\\\/\\\/paca.lpo.fr\\\/blogs\\\/nice\\\/files\\\/2017\\\/05\\\/blog-une2.jpg\",\"datePublished\":\"2017-05-15T09:46:48+00:00\",\"dateModified\":\"2017-05-15T09:55:18+00:00\",\"breadcrumb\":{\"@id\":\"https:\\\/\\\/paca.lpo.fr\\\/blogs\\\/nice\\\/2017\\\/05\\\/15\\\/balade-nature-entre-le-col-des-banquettes-et-la-pointe-siricocca\\\/#breadcrumb\"},\"inLanguage\":\"fr-FR\",\"potentialAction\":[{\"@type\":\"ReadAction\",\"target\":[\"https:\\\/\\\/paca.lpo.fr\\\/blogs\\\/nice\\\/2017\\\/05\\\/15\\\/balade-nature-entre-le-col-des-banquettes-et-la-pointe-siricocca\\\/\"]}]},{\"@type\":\"ImageObject\",\"inLanguage\":\"fr-FR\",\"@id\":\"https:\\\/\\\/paca.lpo.fr\\\/blogs\\\/nice\\\/2017\\\/05\\\/15\\\/balade-nature-entre-le-col-des-banquettes-et-la-pointe-siricocca\\\/#primaryimage\",\"url\":\"https:\\\/\\\/paca.lpo.fr\\\/blogs\\\/nice\\\/files\\\/2017\\\/05\\\/blog-une2.jpg\",\"contentUrl\":\"https:\\\/\\\/paca.lpo.fr\\\/blogs\\\/nice\\\/files\\\/2017\\\/05\\\/blog-une2.jpg\",\"width\":709,\"height\":433,\"caption\":\"dav\"},{\"@type\":\"BreadcrumbList\",\"@id\":\"https:\\\/\\\/paca.lpo.fr\\\/blogs\\\/nice\\\/2017\\\/05\\\/15\\\/balade-nature-entre-le-col-des-banquettes-et-la-pointe-siricocca\\\/#breadcrumb\",\"itemListElement\":[{\"@type\":\"ListItem\",\"position\":1,\"name\":\"Accueil\",\"item\":\"https:\\\/\\\/paca.lpo.fr\\\/blogs\\\/nice\\\/\"},{\"@type\":\"ListItem\",\"position\":2,\"name\":\"balade \u00ab\u00a0nature\u00a0\u00bb entre le Col des Banquettes et la pointe Siricocca\"}]},{\"@type\":\"WebSite\",\"@id\":\"https:\\\/\\\/paca.lpo.fr\\\/blogs\\\/nice\\\/#website\",\"url\":\"https:\\\/\\\/paca.lpo.fr\\\/blogs\\\/nice\\\/\",\"name\":\"Groupe local Nice\",\"description\":\"Groupe local Nice\",\"publisher\":{\"@id\":\"https:\\\/\\\/paca.lpo.fr\\\/blogs\\\/nice\\\/#organization\"},\"potentialAction\":[{\"@type\":\"SearchAction\",\"target\":{\"@type\":\"EntryPoint\",\"urlTemplate\":\"https:\\\/\\\/paca.lpo.fr\\\/blogs\\\/nice\\\/?s={search_term_string}\"},\"query-input\":{\"@type\":\"PropertyValueSpecification\",\"valueRequired\":true,\"valueName\":\"search_term_string\"}}],\"inLanguage\":\"fr-FR\"},{\"@type\":\"Organization\",\"@id\":\"https:\\\/\\\/paca.lpo.fr\\\/blogs\\\/nice\\\/#organization\",\"name\":\"Groupe local Nice\",\"url\":\"https:\\\/\\\/paca.lpo.fr\\\/blogs\\\/nice\\\/\",\"logo\":{\"@type\":\"ImageObject\",\"inLanguage\":\"fr-FR\",\"@id\":\"https:\\\/\\\/paca.lpo.fr\\\/blogs\\\/nice\\\/#\\\/schema\\\/logo\\\/image\\\/\",\"url\":\"https:\\\/\\\/paca.lpo.fr\\\/blogs\\\/nice\\\/files\\\/2024\\\/01\\\/cropped-rvb-lpo-paca-logotype-signature-droite-mini-500.jpg\",\"contentUrl\":\"https:\\\/\\\/paca.lpo.fr\\\/blogs\\\/nice\\\/files\\\/2024\\\/01\\\/cropped-rvb-lpo-paca-logotype-signature-droite-mini-500.jpg\",\"width\":500,\"height\":210,\"caption\":\"Groupe local Nice\"},\"image\":{\"@id\":\"https:\\\/\\\/paca.lpo.fr\\\/blogs\\\/nice\\\/#\\\/schema\\\/logo\\\/image\\\/\"}},{\"@type\":\"Person\",\"@id\":\"https:\\\/\\\/paca.lpo.fr\\\/blogs\\\/nice\\\/#\\\/schema\\\/person\\\/1bda33335fb71e0b3552487db26a4c56\",\"name\":\"Groupe local Paillon-B\u00e9v\u00e9ra\",\"image\":{\"@type\":\"ImageObject\",\"inLanguage\":\"fr-FR\",\"@id\":\"https:\\\/\\\/secure.gravatar.com\\\/avatar\\\/b1ee285506e2cb880ec988990d360e255aecb31c77212741dace1023623610c2?s=96&d=mm&r=g\",\"url\":\"https:\\\/\\\/secure.gravatar.com\\\/avatar\\\/b1ee285506e2cb880ec988990d360e255aecb31c77212741dace1023623610c2?s=96&d=mm&r=g\",\"contentUrl\":\"https:\\\/\\\/secure.gravatar.com\\\/avatar\\\/b1ee285506e2cb880ec988990d360e255aecb31c77212741dace1023623610c2?s=96&d=mm&r=g\",\"caption\":\"Groupe local Paillon-B\u00e9v\u00e9ra\"},\"url\":\"https:\\\/\\\/paca.lpo.fr\\\/blogs\\\/nice\\\/author\\\/alpesmaritimesest\\\/\"}]}<\/script>\n<!-- \/ Yoast SEO plugin. -->","yoast_head_json":{"title":"balade \"nature\" entre le Col des Banquettes et la pointe Siricocca - Groupe local Nice","robots":{"index":"index","follow":"follow","max-snippet":"max-snippet:-1","max-image-preview":"max-image-preview:large","max-video-preview":"max-video-preview:-1"},"canonical":"https:\/\/paca.lpo.fr\/blogs\/nice\/2017\/05\/15\/balade-nature-entre-le-col-des-banquettes-et-la-pointe-siricocca\/","og_locale":"fr_FR","og_type":"article","og_title":"balade \"nature\" entre le Col des Banquettes et la pointe Siricocca - Groupe local Nice","og_description":"Pour cette sortie le 7 mai nous avons invit\u00e9 le public \u00e0 d\u00e9couvrir les beaux paysages de l&rsquo;arri\u00e8re pays mentonnais sur le carr\u00e9 actuellement en cours de prospection dans le cadre de l\u2019Observatoire rapaces diurnes nicheurs 2017. De belles observations de rapaces, de papillons et m\u00eame d\u2019un essaim d\u2019abeilles, et un tr\u00e8s beau temps juste [&hellip;]","og_url":"https:\/\/paca.lpo.fr\/blogs\/nice\/2017\/05\/15\/balade-nature-entre-le-col-des-banquettes-et-la-pointe-siricocca\/","og_site_name":"Groupe local Nice","article_published_time":"2017-05-15T09:46:48+00:00","article_modified_time":"2017-05-15T09:55:18+00:00","og_image":[{"width":709,"height":433,"url":"https:\/\/paca.lpo.fr\/blogs\/nice\/files\/2017\/05\/blog-une2.jpg","type":"image\/jpeg"}],"author":"Groupe local Paillon-B\u00e9v\u00e9ra","twitter_card":"summary_large_image","twitter_misc":{"\u00c9crit par":"Groupe local Paillon-B\u00e9v\u00e9ra","Dur\u00e9e de lecture estim\u00e9e":"1 minute"},"schema":{"@context":"https:\/\/schema.org","@graph":[{"@type":"Article","@id":"https:\/\/paca.lpo.fr\/blogs\/nice\/2017\/05\/15\/balade-nature-entre-le-col-des-banquettes-et-la-pointe-siricocca\/#article","isPartOf":{"@id":"https:\/\/paca.lpo.fr\/blogs\/nice\/2017\/05\/15\/balade-nature-entre-le-col-des-banquettes-et-la-pointe-siricocca\/"},"author":{"name":"Groupe local Paillon-B\u00e9v\u00e9ra","@id":"https:\/\/paca.lpo.fr\/blogs\/nice\/#\/schema\/person\/1bda33335fb71e0b3552487db26a4c56"},"headline":"balade \u00ab\u00a0nature\u00a0\u00bb entre le Col des Banquettes et la pointe Siricocca","datePublished":"2017-05-15T09:46:48+00:00","dateModified":"2017-05-15T09:55:18+00:00","mainEntityOfPage":{"@id":"https:\/\/paca.lpo.fr\/blogs\/nice\/2017\/05\/15\/balade-nature-entre-le-col-des-banquettes-et-la-pointe-siricocca\/"},"wordCount":242,"commentCount":0,"publisher":{"@id":"https:\/\/paca.lpo.fr\/blogs\/nice\/#organization"},"image":{"@id":"https:\/\/paca.lpo.fr\/blogs\/nice\/2017\/05\/15\/balade-nature-entre-le-col-des-banquettes-et-la-pointe-siricocca\/#primaryimage"},"thumbnailUrl":"https:\/\/paca.lpo.fr\/blogs\/nice\/files\/2017\/05\/blog-une2.jpg","articleSection":["grands \u00e9v\u00e8nements","Vie du groupe"],"inLanguage":"fr-FR","potentialAction":[{"@type":"CommentAction","name":"Comment","target":["https:\/\/paca.lpo.fr\/blogs\/nice\/2017\/05\/15\/balade-nature-entre-le-col-des-banquettes-et-la-pointe-siricocca\/#respond"]}]},{"@type":"WebPage","@id":"https:\/\/paca.lpo.fr\/blogs\/nice\/2017\/05\/15\/balade-nature-entre-le-col-des-banquettes-et-la-pointe-siricocca\/","url":"https:\/\/paca.lpo.fr\/blogs\/nice\/2017\/05\/15\/balade-nature-entre-le-col-des-banquettes-et-la-pointe-siricocca\/","name":"balade \"nature\" entre le Col des Banquettes et la pointe Siricocca - Groupe local Nice","isPartOf":{"@id":"https:\/\/paca.lpo.fr\/blogs\/nice\/#website"},"primaryImageOfPage":{"@id":"https:\/\/paca.lpo.fr\/blogs\/nice\/2017\/05\/15\/balade-nature-entre-le-col-des-banquettes-et-la-pointe-siricocca\/#primaryimage"},"image":{"@id":"https:\/\/paca.lpo.fr\/blogs\/nice\/2017\/05\/15\/balade-nature-entre-le-col-des-banquettes-et-la-pointe-siricocca\/#primaryimage"},"thumbnailUrl":"https:\/\/paca.lpo.fr\/blogs\/nice\/files\/2017\/05\/blog-une2.jpg","datePublished":"2017-05-15T09:46:48+00:00","dateModified":"2017-05-15T09:55:18+00:00","breadcrumb":{"@id":"https:\/\/paca.lpo.fr\/blogs\/nice\/2017\/05\/15\/balade-nature-entre-le-col-des-banquettes-et-la-pointe-siricocca\/#breadcrumb"},"inLanguage":"fr-FR","potentialAction":[{"@type":"ReadAction","target":["https:\/\/paca.lpo.fr\/blogs\/nice\/2017\/05\/15\/balade-nature-entre-le-col-des-banquettes-et-la-pointe-siricocca\/"]}]},{"@type":"ImageObject","inLanguage":"fr-FR","@id":"https:\/\/paca.lpo.fr\/blogs\/nice\/2017\/05\/15\/balade-nature-entre-le-col-des-banquettes-et-la-pointe-siricocca\/#primaryimage","url":"https:\/\/paca.lpo.fr\/blogs\/nice\/files\/2017\/05\/blog-une2.jpg","contentUrl":"https:\/\/paca.lpo.fr\/blogs\/nice\/files\/2017\/05\/blog-une2.jpg","width":709,"height":433,"caption":"dav"},{"@type":"BreadcrumbList","@id":"https:\/\/paca.lpo.fr\/blogs\/nice\/2017\/05\/15\/balade-nature-entre-le-col-des-banquettes-et-la-pointe-siricocca\/#breadcrumb","itemListElement":[{"@type":"ListItem","position":1,"name":"Accueil","item":"https:\/\/paca.lpo.fr\/blogs\/nice\/"},{"@type":"ListItem","position":2,"name":"balade \u00ab\u00a0nature\u00a0\u00bb entre le Col des Banquettes et la pointe Siricocca"}]},{"@type":"WebSite","@id":"https:\/\/paca.lpo.fr\/blogs\/nice\/#website","url":"https:\/\/paca.lpo.fr\/blogs\/nice\/","name":"Groupe local Nice","description":"Groupe local Nice","publisher":{"@id":"https:\/\/paca.lpo.fr\/blogs\/nice\/#organization"},"potentialAction":[{"@type":"SearchAction","target":{"@type":"EntryPoint","urlTemplate":"https:\/\/paca.lpo.fr\/blogs\/nice\/?s={search_term_string}"},"query-input":{"@type":"PropertyValueSpecification","valueRequired":true,"valueName":"search_term_string"}}],"inLanguage":"fr-FR"},{"@type":"Organization","@id":"https:\/\/paca.lpo.fr\/blogs\/nice\/#organization","name":"Groupe local Nice","url":"https:\/\/paca.lpo.fr\/blogs\/nice\/","logo":{"@type":"ImageObject","inLanguage":"fr-FR","@id":"https:\/\/paca.lpo.fr\/blogs\/nice\/#\/schema\/logo\/image\/","url":"https:\/\/paca.lpo.fr\/blogs\/nice\/files\/2024\/01\/cropped-rvb-lpo-paca-logotype-signature-droite-mini-500.jpg","contentUrl":"https:\/\/paca.lpo.fr\/blogs\/nice\/files\/2024\/01\/cropped-rvb-lpo-paca-logotype-signature-droite-mini-500.jpg","width":500,"height":210,"caption":"Groupe local Nice"},"image":{"@id":"https:\/\/paca.lpo.fr\/blogs\/nice\/#\/schema\/logo\/image\/"}},{"@type":"Person","@id":"https:\/\/paca.lpo.fr\/blogs\/nice\/#\/schema\/person\/1bda33335fb71e0b3552487db26a4c56","name":"Groupe local Paillon-B\u00e9v\u00e9ra","image":{"@type":"ImageObject","inLanguage":"fr-FR","@id":"https:\/\/secure.gravatar.com\/avatar\/b1ee285506e2cb880ec988990d360e255aecb31c77212741dace1023623610c2?s=96&d=mm&r=g","url":"https:\/\/secure.gravatar.com\/avatar\/b1ee285506e2cb880ec988990d360e255aecb31c77212741dace1023623610c2?s=96&d=mm&r=g","contentUrl":"https:\/\/secure.gravatar.com\/avatar\/b1ee285506e2cb880ec988990d360e255aecb31c77212741dace1023623610c2?s=96&d=mm&r=g","caption":"Groupe local Paillon-B\u00e9v\u00e9ra"},"url":"https:\/\/paca.lpo.fr\/blogs\/nice\/author\/alpesmaritimesest\/"}]}},"jetpack_featured_media_url":"https:\/\/paca.lpo.fr\/blogs\/nice\/files\/2017\/05\/blog-une2.jpg","_links":{"self":[{"href":"https:\/\/paca.lpo.fr\/blogs\/nice\/wp-json\/wp\/v2\/posts\/1757","targetHints":{"allow":["GET"]}}],"collection":[{"href":"https:\/\/paca.lpo.fr\/blogs\/nice\/wp-json\/wp\/v2\/posts"}],"about":[{"href":"https:\/\/paca.lpo.fr\/blogs\/nice\/wp-json\/wp\/v2\/types\/post"}],"author":[{"embeddable":true,"href":"https:\/\/paca.lpo.fr\/blogs\/nice\/wp-json\/wp\/v2\/users\/15"}],"replies":[{"embeddable":true,"href":"https:\/\/paca.lpo.fr\/blogs\/nice\/wp-json\/wp\/v2\/comments?post=1757"}],"version-history":[{"count":4,"href":"https:\/\/paca.lpo.fr\/blogs\/nice\/wp-json\/wp\/v2\/posts\/1757\/revisions"}],"predecessor-version":[{"id":1768,"href":"https:\/\/paca.lpo.fr\/blogs\/nice\/wp-json\/wp\/v2\/posts\/1757\/revisions\/1768"}],"wp:featuredmedia":[{"embeddable":true,"href":"https:\/\/paca.lpo.fr\/blogs\/nice\/wp-json\/wp\/v2\/media\/1762"}],"wp:attachment":[{"href":"https:\/\/paca.lpo.fr\/blogs\/nice\/wp-json\/wp\/v2\/media?parent=1757"}],"wp:term":[{"taxonomy":"category","embeddable":true,"href":"https:\/\/paca.lpo.fr\/blogs\/nice\/wp-json\/wp\/v2\/categories?post=1757"},{"taxonomy":"post_tag","embeddable":true,"href":"https:\/\/paca.lpo.fr\/blogs\/nice\/wp-json\/wp\/v2\/tags?post=1757"}],"curies":[{"name":"wp","href":"https:\/\/api.w.org\/{rel}","templated":true}]}}