{"id":1770,"date":"2017-05-20T13:48:25","date_gmt":"2017-05-20T12:48:25","guid":{"rendered":"https:\/\/paca.lpo.fr\/blogs\/nice\/?p=1770"},"modified":"2017-05-20T13:52:32","modified_gmt":"2017-05-20T12:52:32","slug":"3eme-sortie-migration-prenuptiale-pour-la-journee-mondiale-des-oiseaux-migrateurs","status":"publish","type":"post","link":"https:\/\/paca.lpo.fr\/blogs\/nice\/2017\/05\/20\/3eme-sortie-migration-prenuptiale-pour-la-journee-mondiale-des-oiseaux-migrateurs\/","title":{"rendered":"3\u00e8me sortie migration pr\u00e9nuptiale pour la Journ\u00e9e Mondiale des Oiseaux Migrateurs"},"content":{"rendered":"<p>Cette journ\u00e9e d&rsquo;observation de la migration \u00e0 La Turbie a \u00e9t\u00e9 programm\u00e9e dans le cadre de l&rsquo;\u00e9v\u00e8nement mondiale \u00ab\u00a0World Migratory Bird Day\u00a0\u00bb, en 2017 fix\u00e9e au 10 mai.  A cette p\u00e9riode les derniers oiseaux migrateurs survolent notre d\u00e9partement, revenant d&rsquo;Afrique o\u00f9 ils ont pass\u00e9 l&rsquo;hiver. C&rsquo;est normalement le moment des passages des bondr\u00e9es apivores et des gu\u00eapiers d&rsquo;Europe notamment, mais cette ann\u00e9e peu de migrateurs ont \u00e9t\u00e9 observ\u00e9s, une seule bondr\u00e9e apivore, et une trentaine de gu\u00eapiers! Le beau temps ensoleill\u00e9 du matin a vite laiss\u00e9 place \u00e0 des entr\u00e9es maritimes qui emp\u00eachaient toute observation \u00e0 partir de la fin de la matin\u00e9e sur le Mont de la Bataille, un des meilleurs sites de la r\u00e9gion pour les passages de la migration pr\u00e9nuptiale. La \u00ab\u00a0T\u00eate de Chien\u00a0\u00bb, plus proche de la c\u00f4te n&rsquo;a pas donn\u00e9 plus de r\u00e9sultat l&rsquo;apr\u00e8s-midi. Mais quelques oiseaux locaux : circa\u00e8te, faucon p\u00e8lerin, \u00e9pervier, faucon cr\u00e9cerelle, traquet motteux, fauvettes, merles et de nombreux martinets et hirondelles, ont \u00e9gay\u00e9 notre journ\u00e9e.<\/p>\n<p>Qu&rsquo;est-ce que la Journ\u00e9e mondiale des oiseaux migrateurs, \u00ab\u00a0World Migratory Bird Day\u00a0\u00bb ?<br \/>\nLanc\u00e9e en 2006, la Journ\u00e9e mondiale des oiseaux migrateurs (JMOM) est une campagne de sensibilisation annuelle et mondiale qui informe le public sur le besoin de prot\u00e9ger les oiseaux migrateurs et leurs habitats. Cette campagne est organis\u00e9e conjointement par les Secr\u00e9tariats de la Convention sur la conservation des esp\u00e8ces migratrices appartenant \u00e0 la faune sauvage (CMS) et de l\u2019Accord sur la conservation des oiseaux d\u2019eau migrateurs d\u2019Afrique-Eurasie (AEWA), deux trait\u00e9s internationaux administr\u00e9s par le Programme des Nations Unies pour l\u2019environnement (PNUE) \u2013 et est soutenue par un nombre croissant de partenaires.<\/p>\n<p>Plus dinfos : www.worldmigratorybirdday.org<br \/>\n<a href=\"https:\/\/paca.lpo.fr\/blogs\/nice\/files\/2017\/05\/wmbd2017_flyer_fr.pdf\">wmbd2017_flyer_fr<\/a><\/p>\n<p><img loading=\"lazy\" decoding=\"async\" src=\"https:\/\/paca.lpo.fr\/blogs\/nice\/files\/2017\/05\/blog1-Josiane.jpg\" alt=\"\" width=\"902\" height=\"671\" class=\"alignnone size-full wp-image-1772\" srcset=\"https:\/\/paca.lpo.fr\/blogs\/nice\/files\/2017\/05\/blog1-Josiane.jpg 902w, https:\/\/paca.lpo.fr\/blogs\/nice\/files\/2017\/05\/blog1-Josiane-480x357.jpg 480w, https:\/\/paca.lpo.fr\/blogs\/nice\/files\/2017\/05\/blog1-Josiane-768x571.jpg 768w, https:\/\/paca.lpo.fr\/blogs\/nice\/files\/2017\/05\/blog1-Josiane-700x521.jpg 700w\" sizes=\"auto, (max-width: 902px) 100vw, 902px\" \/><br \/>\n<img loading=\"lazy\" decoding=\"async\" src=\"https:\/\/paca.lpo.fr\/blogs\/nice\/files\/2017\/05\/2017-05-13groupe-Copie.jpg\" alt=\"\" width=\"900\" height=\"632\" class=\"alignnone size-full wp-image-1773\" srcset=\"https:\/\/paca.lpo.fr\/blogs\/nice\/files\/2017\/05\/2017-05-13groupe-Copie.jpg 900w, https:\/\/paca.lpo.fr\/blogs\/nice\/files\/2017\/05\/2017-05-13groupe-Copie-480x337.jpg 480w, https:\/\/paca.lpo.fr\/blogs\/nice\/files\/2017\/05\/2017-05-13groupe-Copie-768x539.jpg 768w, https:\/\/paca.lpo.fr\/blogs\/nice\/files\/2017\/05\/2017-05-13groupe-Copie-700x492.jpg 700w\" sizes=\"auto, (max-width: 900px) 100vw, 900px\" \/><figure id=\"attachment_1774\" aria-describedby=\"caption-attachment-1774\" style=\"width: 804px\" class=\"wp-caption alignnone\"><img loading=\"lazy\" decoding=\"async\" src=\"https:\/\/paca.lpo.fr\/blogs\/nice\/files\/2017\/05\/Blog-une.jpg\" alt=\"\" width=\"804\" height=\"439\" class=\"size-full wp-image-1774\" srcset=\"https:\/\/paca.lpo.fr\/blogs\/nice\/files\/2017\/05\/Blog-une.jpg 804w, https:\/\/paca.lpo.fr\/blogs\/nice\/files\/2017\/05\/Blog-une-480x262.jpg 480w, https:\/\/paca.lpo.fr\/blogs\/nice\/files\/2017\/05\/Blog-une-768x419.jpg 768w, https:\/\/paca.lpo.fr\/blogs\/nice\/files\/2017\/05\/Blog-une-700x382.jpg 700w\" sizes=\"auto, (max-width: 804px) 100vw, 804px\" \/><figcaption id=\"caption-attachment-1774\" class=\"wp-caption-text\">????????????????????????????????????<\/figcaption><\/figure><\/p>\n","protected":false},"excerpt":{"rendered":"<p>Cette journ\u00e9e d&rsquo;observation de la migration \u00e0 La Turbie a \u00e9t\u00e9 programm\u00e9e dans le cadre de l&rsquo;\u00e9v\u00e8nement mondiale \u00ab\u00a0World Migratory Bird Day\u00a0\u00bb, en 2017 fix\u00e9e au 10 mai. A cette p\u00e9riode les derniers oiseaux migrateurs survolent notre d\u00e9partement, revenant d&rsquo;Afrique o\u00f9 ils ont pass\u00e9 l&rsquo;hiver. C&rsquo;est normalement le moment des passages des bondr\u00e9es apivores et [&hellip;]<\/p>\n","protected":false},"author":15,"featured_media":1774,"comment_status":"open","ping_status":"open","sticky":false,"template":"","format":"standard","meta":{"footnotes":""},"categories":[1],"tags":[],"class_list":["post-1770","post","type-post","status-publish","format-standard","has-post-thumbnail","hentry","category-sorties-nature"],"yoast_head":"<!-- This site is optimized with the Yoast SEO plugin v28.3 - https:\/\/yoast.com\/product\/yoast-seo-wordpress\/ -->\n<title>3\u00e8me sortie migration pr\u00e9nuptiale pour la Journ\u00e9e Mondiale des Oiseaux Migrateurs - Groupe local Nice<\/title>\n<meta name=\"robots\" content=\"index, follow, max-snippet:-1, max-image-preview:large, max-video-preview:-1\" \/>\n<link rel=\"canonical\" href=\"https:\/\/paca.lpo.fr\/blogs\/nice\/2017\/05\/20\/3eme-sortie-migration-prenuptiale-pour-la-journee-mondiale-des-oiseaux-migrateurs\/\" \/>\n<meta property=\"og:locale\" content=\"fr_FR\" \/>\n<meta property=\"og:type\" content=\"article\" \/>\n<meta property=\"og:title\" content=\"3\u00e8me sortie migration pr\u00e9nuptiale pour la Journ\u00e9e Mondiale des Oiseaux Migrateurs - Groupe local Nice\" \/>\n<meta property=\"og:description\" content=\"Cette journ\u00e9e d&rsquo;observation de la migration \u00e0 La Turbie a \u00e9t\u00e9 programm\u00e9e dans le cadre de l&rsquo;\u00e9v\u00e8nement mondiale \u00ab\u00a0World Migratory Bird Day\u00a0\u00bb, en 2017 fix\u00e9e au 10 mai. A cette p\u00e9riode les derniers oiseaux migrateurs survolent notre d\u00e9partement, revenant d&rsquo;Afrique o\u00f9 ils ont pass\u00e9 l&rsquo;hiver. C&rsquo;est normalement le moment des passages des bondr\u00e9es apivores et [&hellip;]\" \/>\n<meta property=\"og:url\" content=\"https:\/\/paca.lpo.fr\/blogs\/nice\/2017\/05\/20\/3eme-sortie-migration-prenuptiale-pour-la-journee-mondiale-des-oiseaux-migrateurs\/\" \/>\n<meta property=\"og:site_name\" content=\"Groupe local Nice\" \/>\n<meta property=\"article:published_time\" content=\"2017-05-20T12:48:25+00:00\" \/>\n<meta property=\"article:modified_time\" content=\"2017-05-20T12:52:32+00:00\" \/>\n<meta property=\"og:image\" content=\"https:\/\/paca.lpo.fr\/blogs\/nice\/files\/2017\/05\/Blog-une.jpg\" \/>\n\t<meta property=\"og:image:width\" content=\"804\" \/>\n\t<meta property=\"og:image:height\" content=\"439\" \/>\n\t<meta property=\"og:image:type\" content=\"image\/jpeg\" \/>\n<meta name=\"author\" content=\"Groupe local Paillon-B\u00e9v\u00e9ra\" \/>\n<meta name=\"twitter:card\" content=\"summary_large_image\" \/>\n<meta name=\"twitter:label1\" content=\"\u00c9crit par\" \/>\n\t<meta name=\"twitter:data1\" content=\"Groupe local Paillon-B\u00e9v\u00e9ra\" \/>\n\t<meta name=\"twitter:label2\" content=\"Dur\u00e9e de lecture estim\u00e9e\" \/>\n\t<meta name=\"twitter:data2\" content=\"2 minutes\" \/>\n<script type=\"application\/ld+json\" class=\"yoast-schema-graph\">{\"@context\":\"https:\\\/\\\/schema.org\",\"@graph\":[{\"@type\":\"Article\",\"@id\":\"https:\\\/\\\/paca.lpo.fr\\\/blogs\\\/nice\\\/2017\\\/05\\\/20\\\/3eme-sortie-migration-prenuptiale-pour-la-journee-mondiale-des-oiseaux-migrateurs\\\/#article\",\"isPartOf\":{\"@id\":\"https:\\\/\\\/paca.lpo.fr\\\/blogs\\\/nice\\\/2017\\\/05\\\/20\\\/3eme-sortie-migration-prenuptiale-pour-la-journee-mondiale-des-oiseaux-migrateurs\\\/\"},\"author\":{\"name\":\"Groupe local Paillon-B\u00e9v\u00e9ra\",\"@id\":\"https:\\\/\\\/paca.lpo.fr\\\/blogs\\\/nice\\\/#\\\/schema\\\/person\\\/1bda33335fb71e0b3552487db26a4c56\"},\"headline\":\"3\u00e8me sortie migration pr\u00e9nuptiale pour la Journ\u00e9e Mondiale des Oiseaux Migrateurs\",\"datePublished\":\"2017-05-20T12:48:25+00:00\",\"dateModified\":\"2017-05-20T12:52:32+00:00\",\"mainEntityOfPage\":{\"@id\":\"https:\\\/\\\/paca.lpo.fr\\\/blogs\\\/nice\\\/2017\\\/05\\\/20\\\/3eme-sortie-migration-prenuptiale-pour-la-journee-mondiale-des-oiseaux-migrateurs\\\/\"},\"wordCount\":333,\"commentCount\":0,\"publisher\":{\"@id\":\"https:\\\/\\\/paca.lpo.fr\\\/blogs\\\/nice\\\/#organization\"},\"image\":{\"@id\":\"https:\\\/\\\/paca.lpo.fr\\\/blogs\\\/nice\\\/2017\\\/05\\\/20\\\/3eme-sortie-migration-prenuptiale-pour-la-journee-mondiale-des-oiseaux-migrateurs\\\/#primaryimage\"},\"thumbnailUrl\":\"https:\\\/\\\/paca.lpo.fr\\\/blogs\\\/nice\\\/files\\\/2017\\\/05\\\/Blog-une.jpg\",\"articleSection\":[\"grands \u00e9v\u00e8nements\"],\"inLanguage\":\"fr-FR\",\"potentialAction\":[{\"@type\":\"CommentAction\",\"name\":\"Comment\",\"target\":[\"https:\\\/\\\/paca.lpo.fr\\\/blogs\\\/nice\\\/2017\\\/05\\\/20\\\/3eme-sortie-migration-prenuptiale-pour-la-journee-mondiale-des-oiseaux-migrateurs\\\/#respond\"]}]},{\"@type\":\"WebPage\",\"@id\":\"https:\\\/\\\/paca.lpo.fr\\\/blogs\\\/nice\\\/2017\\\/05\\\/20\\\/3eme-sortie-migration-prenuptiale-pour-la-journee-mondiale-des-oiseaux-migrateurs\\\/\",\"url\":\"https:\\\/\\\/paca.lpo.fr\\\/blogs\\\/nice\\\/2017\\\/05\\\/20\\\/3eme-sortie-migration-prenuptiale-pour-la-journee-mondiale-des-oiseaux-migrateurs\\\/\",\"name\":\"3\u00e8me sortie migration pr\u00e9nuptiale pour la Journ\u00e9e Mondiale des Oiseaux Migrateurs - Groupe local Nice\",\"isPartOf\":{\"@id\":\"https:\\\/\\\/paca.lpo.fr\\\/blogs\\\/nice\\\/#website\"},\"primaryImageOfPage\":{\"@id\":\"https:\\\/\\\/paca.lpo.fr\\\/blogs\\\/nice\\\/2017\\\/05\\\/20\\\/3eme-sortie-migration-prenuptiale-pour-la-journee-mondiale-des-oiseaux-migrateurs\\\/#primaryimage\"},\"image\":{\"@id\":\"https:\\\/\\\/paca.lpo.fr\\\/blogs\\\/nice\\\/2017\\\/05\\\/20\\\/3eme-sortie-migration-prenuptiale-pour-la-journee-mondiale-des-oiseaux-migrateurs\\\/#primaryimage\"},\"thumbnailUrl\":\"https:\\\/\\\/paca.lpo.fr\\\/blogs\\\/nice\\\/files\\\/2017\\\/05\\\/Blog-une.jpg\",\"datePublished\":\"2017-05-20T12:48:25+00:00\",\"dateModified\":\"2017-05-20T12:52:32+00:00\",\"breadcrumb\":{\"@id\":\"https:\\\/\\\/paca.lpo.fr\\\/blogs\\\/nice\\\/2017\\\/05\\\/20\\\/3eme-sortie-migration-prenuptiale-pour-la-journee-mondiale-des-oiseaux-migrateurs\\\/#breadcrumb\"},\"inLanguage\":\"fr-FR\",\"potentialAction\":[{\"@type\":\"ReadAction\",\"target\":[\"https:\\\/\\\/paca.lpo.fr\\\/blogs\\\/nice\\\/2017\\\/05\\\/20\\\/3eme-sortie-migration-prenuptiale-pour-la-journee-mondiale-des-oiseaux-migrateurs\\\/\"]}]},{\"@type\":\"ImageObject\",\"inLanguage\":\"fr-FR\",\"@id\":\"https:\\\/\\\/paca.lpo.fr\\\/blogs\\\/nice\\\/2017\\\/05\\\/20\\\/3eme-sortie-migration-prenuptiale-pour-la-journee-mondiale-des-oiseaux-migrateurs\\\/#primaryimage\",\"url\":\"https:\\\/\\\/paca.lpo.fr\\\/blogs\\\/nice\\\/files\\\/2017\\\/05\\\/Blog-une.jpg\",\"contentUrl\":\"https:\\\/\\\/paca.lpo.fr\\\/blogs\\\/nice\\\/files\\\/2017\\\/05\\\/Blog-une.jpg\",\"width\":804,\"height\":439,\"caption\":\"Bondr\u00e9e apivore en migration\"},{\"@type\":\"BreadcrumbList\",\"@id\":\"https:\\\/\\\/paca.lpo.fr\\\/blogs\\\/nice\\\/2017\\\/05\\\/20\\\/3eme-sortie-migration-prenuptiale-pour-la-journee-mondiale-des-oiseaux-migrateurs\\\/#breadcrumb\",\"itemListElement\":[{\"@type\":\"ListItem\",\"position\":1,\"name\":\"Accueil\",\"item\":\"https:\\\/\\\/paca.lpo.fr\\\/blogs\\\/nice\\\/\"},{\"@type\":\"ListItem\",\"position\":2,\"name\":\"3\u00e8me sortie migration pr\u00e9nuptiale pour la Journ\u00e9e Mondiale des Oiseaux Migrateurs\"}]},{\"@type\":\"WebSite\",\"@id\":\"https:\\\/\\\/paca.lpo.fr\\\/blogs\\\/nice\\\/#website\",\"url\":\"https:\\\/\\\/paca.lpo.fr\\\/blogs\\\/nice\\\/\",\"name\":\"Groupe local Nice\",\"description\":\"Groupe local Nice\",\"publisher\":{\"@id\":\"https:\\\/\\\/paca.lpo.fr\\\/blogs\\\/nice\\\/#organization\"},\"potentialAction\":[{\"@type\":\"SearchAction\",\"target\":{\"@type\":\"EntryPoint\",\"urlTemplate\":\"https:\\\/\\\/paca.lpo.fr\\\/blogs\\\/nice\\\/?s={search_term_string}\"},\"query-input\":{\"@type\":\"PropertyValueSpecification\",\"valueRequired\":true,\"valueName\":\"search_term_string\"}}],\"inLanguage\":\"fr-FR\"},{\"@type\":\"Organization\",\"@id\":\"https:\\\/\\\/paca.lpo.fr\\\/blogs\\\/nice\\\/#organization\",\"name\":\"Groupe local Nice\",\"url\":\"https:\\\/\\\/paca.lpo.fr\\\/blogs\\\/nice\\\/\",\"logo\":{\"@type\":\"ImageObject\",\"inLanguage\":\"fr-FR\",\"@id\":\"https:\\\/\\\/paca.lpo.fr\\\/blogs\\\/nice\\\/#\\\/schema\\\/logo\\\/image\\\/\",\"url\":\"https:\\\/\\\/paca.lpo.fr\\\/blogs\\\/nice\\\/files\\\/2024\\\/01\\\/cropped-rvb-lpo-paca-logotype-signature-droite-mini-500.jpg\",\"contentUrl\":\"https:\\\/\\\/paca.lpo.fr\\\/blogs\\\/nice\\\/files\\\/2024\\\/01\\\/cropped-rvb-lpo-paca-logotype-signature-droite-mini-500.jpg\",\"width\":500,\"height\":210,\"caption\":\"Groupe local Nice\"},\"image\":{\"@id\":\"https:\\\/\\\/paca.lpo.fr\\\/blogs\\\/nice\\\/#\\\/schema\\\/logo\\\/image\\\/\"}},{\"@type\":\"Person\",\"@id\":\"https:\\\/\\\/paca.lpo.fr\\\/blogs\\\/nice\\\/#\\\/schema\\\/person\\\/1bda33335fb71e0b3552487db26a4c56\",\"name\":\"Groupe local Paillon-B\u00e9v\u00e9ra\",\"image\":{\"@type\":\"ImageObject\",\"inLanguage\":\"fr-FR\",\"@id\":\"https:\\\/\\\/secure.gravatar.com\\\/avatar\\\/b1ee285506e2cb880ec988990d360e255aecb31c77212741dace1023623610c2?s=96&d=mm&r=g\",\"url\":\"https:\\\/\\\/secure.gravatar.com\\\/avatar\\\/b1ee285506e2cb880ec988990d360e255aecb31c77212741dace1023623610c2?s=96&d=mm&r=g\",\"contentUrl\":\"https:\\\/\\\/secure.gravatar.com\\\/avatar\\\/b1ee285506e2cb880ec988990d360e255aecb31c77212741dace1023623610c2?s=96&d=mm&r=g\",\"caption\":\"Groupe local Paillon-B\u00e9v\u00e9ra\"},\"url\":\"https:\\\/\\\/paca.lpo.fr\\\/blogs\\\/nice\\\/author\\\/alpesmaritimesest\\\/\"}]}<\/script>\n<!-- \/ Yoast SEO plugin. -->","yoast_head_json":{"title":"3\u00e8me sortie migration pr\u00e9nuptiale pour la Journ\u00e9e Mondiale des Oiseaux Migrateurs - Groupe local Nice","robots":{"index":"index","follow":"follow","max-snippet":"max-snippet:-1","max-image-preview":"max-image-preview:large","max-video-preview":"max-video-preview:-1"},"canonical":"https:\/\/paca.lpo.fr\/blogs\/nice\/2017\/05\/20\/3eme-sortie-migration-prenuptiale-pour-la-journee-mondiale-des-oiseaux-migrateurs\/","og_locale":"fr_FR","og_type":"article","og_title":"3\u00e8me sortie migration pr\u00e9nuptiale pour la Journ\u00e9e Mondiale des Oiseaux Migrateurs - Groupe local Nice","og_description":"Cette journ\u00e9e d&rsquo;observation de la migration \u00e0 La Turbie a \u00e9t\u00e9 programm\u00e9e dans le cadre de l&rsquo;\u00e9v\u00e8nement mondiale \u00ab\u00a0World Migratory Bird Day\u00a0\u00bb, en 2017 fix\u00e9e au 10 mai. A cette p\u00e9riode les derniers oiseaux migrateurs survolent notre d\u00e9partement, revenant d&rsquo;Afrique o\u00f9 ils ont pass\u00e9 l&rsquo;hiver. C&rsquo;est normalement le moment des passages des bondr\u00e9es apivores et [&hellip;]","og_url":"https:\/\/paca.lpo.fr\/blogs\/nice\/2017\/05\/20\/3eme-sortie-migration-prenuptiale-pour-la-journee-mondiale-des-oiseaux-migrateurs\/","og_site_name":"Groupe local Nice","article_published_time":"2017-05-20T12:48:25+00:00","article_modified_time":"2017-05-20T12:52:32+00:00","og_image":[{"width":804,"height":439,"url":"https:\/\/paca.lpo.fr\/blogs\/nice\/files\/2017\/05\/Blog-une.jpg","type":"image\/jpeg"}],"author":"Groupe local Paillon-B\u00e9v\u00e9ra","twitter_card":"summary_large_image","twitter_misc":{"\u00c9crit par":"Groupe local Paillon-B\u00e9v\u00e9ra","Dur\u00e9e de lecture estim\u00e9e":"2 minutes"},"schema":{"@context":"https:\/\/schema.org","@graph":[{"@type":"Article","@id":"https:\/\/paca.lpo.fr\/blogs\/nice\/2017\/05\/20\/3eme-sortie-migration-prenuptiale-pour-la-journee-mondiale-des-oiseaux-migrateurs\/#article","isPartOf":{"@id":"https:\/\/paca.lpo.fr\/blogs\/nice\/2017\/05\/20\/3eme-sortie-migration-prenuptiale-pour-la-journee-mondiale-des-oiseaux-migrateurs\/"},"author":{"name":"Groupe local Paillon-B\u00e9v\u00e9ra","@id":"https:\/\/paca.lpo.fr\/blogs\/nice\/#\/schema\/person\/1bda33335fb71e0b3552487db26a4c56"},"headline":"3\u00e8me sortie migration pr\u00e9nuptiale pour la Journ\u00e9e Mondiale des Oiseaux Migrateurs","datePublished":"2017-05-20T12:48:25+00:00","dateModified":"2017-05-20T12:52:32+00:00","mainEntityOfPage":{"@id":"https:\/\/paca.lpo.fr\/blogs\/nice\/2017\/05\/20\/3eme-sortie-migration-prenuptiale-pour-la-journee-mondiale-des-oiseaux-migrateurs\/"},"wordCount":333,"commentCount":0,"publisher":{"@id":"https:\/\/paca.lpo.fr\/blogs\/nice\/#organization"},"image":{"@id":"https:\/\/paca.lpo.fr\/blogs\/nice\/2017\/05\/20\/3eme-sortie-migration-prenuptiale-pour-la-journee-mondiale-des-oiseaux-migrateurs\/#primaryimage"},"thumbnailUrl":"https:\/\/paca.lpo.fr\/blogs\/nice\/files\/2017\/05\/Blog-une.jpg","articleSection":["grands \u00e9v\u00e8nements"],"inLanguage":"fr-FR","potentialAction":[{"@type":"CommentAction","name":"Comment","target":["https:\/\/paca.lpo.fr\/blogs\/nice\/2017\/05\/20\/3eme-sortie-migration-prenuptiale-pour-la-journee-mondiale-des-oiseaux-migrateurs\/#respond"]}]},{"@type":"WebPage","@id":"https:\/\/paca.lpo.fr\/blogs\/nice\/2017\/05\/20\/3eme-sortie-migration-prenuptiale-pour-la-journee-mondiale-des-oiseaux-migrateurs\/","url":"https:\/\/paca.lpo.fr\/blogs\/nice\/2017\/05\/20\/3eme-sortie-migration-prenuptiale-pour-la-journee-mondiale-des-oiseaux-migrateurs\/","name":"3\u00e8me sortie migration pr\u00e9nuptiale pour la Journ\u00e9e Mondiale des Oiseaux Migrateurs - Groupe local Nice","isPartOf":{"@id":"https:\/\/paca.lpo.fr\/blogs\/nice\/#website"},"primaryImageOfPage":{"@id":"https:\/\/paca.lpo.fr\/blogs\/nice\/2017\/05\/20\/3eme-sortie-migration-prenuptiale-pour-la-journee-mondiale-des-oiseaux-migrateurs\/#primaryimage"},"image":{"@id":"https:\/\/paca.lpo.fr\/blogs\/nice\/2017\/05\/20\/3eme-sortie-migration-prenuptiale-pour-la-journee-mondiale-des-oiseaux-migrateurs\/#primaryimage"},"thumbnailUrl":"https:\/\/paca.lpo.fr\/blogs\/nice\/files\/2017\/05\/Blog-une.jpg","datePublished":"2017-05-20T12:48:25+00:00","dateModified":"2017-05-20T12:52:32+00:00","breadcrumb":{"@id":"https:\/\/paca.lpo.fr\/blogs\/nice\/2017\/05\/20\/3eme-sortie-migration-prenuptiale-pour-la-journee-mondiale-des-oiseaux-migrateurs\/#breadcrumb"},"inLanguage":"fr-FR","potentialAction":[{"@type":"ReadAction","target":["https:\/\/paca.lpo.fr\/blogs\/nice\/2017\/05\/20\/3eme-sortie-migration-prenuptiale-pour-la-journee-mondiale-des-oiseaux-migrateurs\/"]}]},{"@type":"ImageObject","inLanguage":"fr-FR","@id":"https:\/\/paca.lpo.fr\/blogs\/nice\/2017\/05\/20\/3eme-sortie-migration-prenuptiale-pour-la-journee-mondiale-des-oiseaux-migrateurs\/#primaryimage","url":"https:\/\/paca.lpo.fr\/blogs\/nice\/files\/2017\/05\/Blog-une.jpg","contentUrl":"https:\/\/paca.lpo.fr\/blogs\/nice\/files\/2017\/05\/Blog-une.jpg","width":804,"height":439,"caption":"Bondr\u00e9e apivore en migration"},{"@type":"BreadcrumbList","@id":"https:\/\/paca.lpo.fr\/blogs\/nice\/2017\/05\/20\/3eme-sortie-migration-prenuptiale-pour-la-journee-mondiale-des-oiseaux-migrateurs\/#breadcrumb","itemListElement":[{"@type":"ListItem","position":1,"name":"Accueil","item":"https:\/\/paca.lpo.fr\/blogs\/nice\/"},{"@type":"ListItem","position":2,"name":"3\u00e8me sortie migration pr\u00e9nuptiale pour la Journ\u00e9e Mondiale des Oiseaux Migrateurs"}]},{"@type":"WebSite","@id":"https:\/\/paca.lpo.fr\/blogs\/nice\/#website","url":"https:\/\/paca.lpo.fr\/blogs\/nice\/","name":"Groupe local Nice","description":"Groupe local Nice","publisher":{"@id":"https:\/\/paca.lpo.fr\/blogs\/nice\/#organization"},"potentialAction":[{"@type":"SearchAction","target":{"@type":"EntryPoint","urlTemplate":"https:\/\/paca.lpo.fr\/blogs\/nice\/?s={search_term_string}"},"query-input":{"@type":"PropertyValueSpecification","valueRequired":true,"valueName":"search_term_string"}}],"inLanguage":"fr-FR"},{"@type":"Organization","@id":"https:\/\/paca.lpo.fr\/blogs\/nice\/#organization","name":"Groupe local Nice","url":"https:\/\/paca.lpo.fr\/blogs\/nice\/","logo":{"@type":"ImageObject","inLanguage":"fr-FR","@id":"https:\/\/paca.lpo.fr\/blogs\/nice\/#\/schema\/logo\/image\/","url":"https:\/\/paca.lpo.fr\/blogs\/nice\/files\/2024\/01\/cropped-rvb-lpo-paca-logotype-signature-droite-mini-500.jpg","contentUrl":"https:\/\/paca.lpo.fr\/blogs\/nice\/files\/2024\/01\/cropped-rvb-lpo-paca-logotype-signature-droite-mini-500.jpg","width":500,"height":210,"caption":"Groupe local Nice"},"image":{"@id":"https:\/\/paca.lpo.fr\/blogs\/nice\/#\/schema\/logo\/image\/"}},{"@type":"Person","@id":"https:\/\/paca.lpo.fr\/blogs\/nice\/#\/schema\/person\/1bda33335fb71e0b3552487db26a4c56","name":"Groupe local Paillon-B\u00e9v\u00e9ra","image":{"@type":"ImageObject","inLanguage":"fr-FR","@id":"https:\/\/secure.gravatar.com\/avatar\/b1ee285506e2cb880ec988990d360e255aecb31c77212741dace1023623610c2?s=96&d=mm&r=g","url":"https:\/\/secure.gravatar.com\/avatar\/b1ee285506e2cb880ec988990d360e255aecb31c77212741dace1023623610c2?s=96&d=mm&r=g","contentUrl":"https:\/\/secure.gravatar.com\/avatar\/b1ee285506e2cb880ec988990d360e255aecb31c77212741dace1023623610c2?s=96&d=mm&r=g","caption":"Groupe local Paillon-B\u00e9v\u00e9ra"},"url":"https:\/\/paca.lpo.fr\/blogs\/nice\/author\/alpesmaritimesest\/"}]}},"jetpack_featured_media_url":"https:\/\/paca.lpo.fr\/blogs\/nice\/files\/2017\/05\/Blog-une.jpg","_links":{"self":[{"href":"https:\/\/paca.lpo.fr\/blogs\/nice\/wp-json\/wp\/v2\/posts\/1770","targetHints":{"allow":["GET"]}}],"collection":[{"href":"https:\/\/paca.lpo.fr\/blogs\/nice\/wp-json\/wp\/v2\/posts"}],"about":[{"href":"https:\/\/paca.lpo.fr\/blogs\/nice\/wp-json\/wp\/v2\/types\/post"}],"author":[{"embeddable":true,"href":"https:\/\/paca.lpo.fr\/blogs\/nice\/wp-json\/wp\/v2\/users\/15"}],"replies":[{"embeddable":true,"href":"https:\/\/paca.lpo.fr\/blogs\/nice\/wp-json\/wp\/v2\/comments?post=1770"}],"version-history":[{"count":4,"href":"https:\/\/paca.lpo.fr\/blogs\/nice\/wp-json\/wp\/v2\/posts\/1770\/revisions"}],"predecessor-version":[{"id":1778,"href":"https:\/\/paca.lpo.fr\/blogs\/nice\/wp-json\/wp\/v2\/posts\/1770\/revisions\/1778"}],"wp:featuredmedia":[{"embeddable":true,"href":"https:\/\/paca.lpo.fr\/blogs\/nice\/wp-json\/wp\/v2\/media\/1774"}],"wp:attachment":[{"href":"https:\/\/paca.lpo.fr\/blogs\/nice\/wp-json\/wp\/v2\/media?parent=1770"}],"wp:term":[{"taxonomy":"category","embeddable":true,"href":"https:\/\/paca.lpo.fr\/blogs\/nice\/wp-json\/wp\/v2\/categories?post=1770"},{"taxonomy":"post_tag","embeddable":true,"href":"https:\/\/paca.lpo.fr\/blogs\/nice\/wp-json\/wp\/v2\/tags?post=1770"}],"curies":[{"name":"wp","href":"https:\/\/api.w.org\/{rel}","templated":true}]}}