{"id":178,"date":"2012-07-23T14:04:09","date_gmt":"2012-07-23T13:04:09","guid":{"rendered":"https:\/\/paca.lpo.fr\/blogs\/nice\/?p=178"},"modified":"2014-10-07T15:33:54","modified_gmt":"2014-10-07T14:33:54","slug":"sortie-a-isola-2000-le-1er-juillet-2012","status":"publish","type":"post","link":"https:\/\/paca.lpo.fr\/blogs\/nice\/2012\/07\/23\/sortie-a-isola-2000-le-1er-juillet-2012\/","title":{"rendered":"Sortie \u00e0 Isola 2000 le 1er juillet 2012"},"content":{"rendered":"<p><a href=\"https:\/\/paca.lpo.fr\/blogs\/nice\/2012\/07\/23\/sortie-a-isola-2000-le-1er-juillet-2012\/p1140644-copie-2\/\" rel=\"attachment wp-att-186\"><img loading=\"lazy\" decoding=\"async\" class=\"alignnone size-full wp-image-186\" src=\"https:\/\/paca.lpo.fr\/blogs\/nice\/files\/2012\/07\/P1140644-Copie1.jpg\" alt=\"\" width=\"960\" height=\"606\" srcset=\"https:\/\/paca.lpo.fr\/blogs\/nice\/files\/2012\/07\/P1140644-Copie1.jpg 960w, https:\/\/paca.lpo.fr\/blogs\/nice\/files\/2012\/07\/P1140644-Copie1-480x303.jpg 480w, https:\/\/paca.lpo.fr\/blogs\/nice\/files\/2012\/07\/P1140644-Copie1-800x505.jpg 800w\" sizes=\"auto, (max-width: 960px) 100vw, 960px\" \/><\/a><span style=\"color: #000000;\"><strong>Ils sont venus de Nice, de Cannes, d\u2019Antibes, du Cannet, de la Turbie&#8230;.pour partager leur passion ! Ornithos chevronn\u00e9s et d\u00e9butants se sont lev\u00e9s t\u00f4t pour venir observer en montagne tout ce qui vole \u2026 oiseaux migrateurs et s\u00e9dentaires d\u2019altitude. Le soleil a fait la grasse matin\u00e9e, mais les passereaux \u00e9taient bien l\u00e0 : serin cini, linotte m\u00e9lodieuse, traquets motteux, tarier des pr\u00e8s, cincle,\u2026.et m\u00eame un faucon cr\u00e9cerelle qui nous a fait l\u2019amiti\u00e9 de se poser pr\u00e9s du groupe.<\/strong><\/span><br \/>\n<span style=\"color: #000000;\"><strong> Les plus exp\u00e9riment\u00e9s ne s\u2019en lassent pas et les d\u00e9butants se sont \u00e9merveill\u00e9s :<\/strong><\/span><br \/>\n<span style=\"color: #000000;\"><strong> &#8211; \u00ab C\u2019est un vrai canari \u00bb ?<\/strong><\/span><br \/>\n<span style=\"color: #000000;\"><strong> &#8211; Le serin cini est le plus petit de la famille des fringillid\u00e9s. Avec sa t\u00eate, son croupion et sa poitrine d\u2019un jaune vif teint\u00e9s de reflets verd\u00e2tres, il ressemble fortement aux \u00ab canaries \u00bb qui sont la forme domestiqu\u00e9e du serin cini .<\/strong><\/span><\/p>\n<p><span style=\"color: #000000;\"><strong>Tout au long de la journ\u00e9e les surprises n\u2019ont pas manqu\u00e9es, et si le casse noix ne s\u2019est pas montr\u00e9 les becs -crois\u00e9s des sapins nous ont accompagn\u00e9s un long moment :<\/strong><\/span><\/p>\n<p><span style=\"color: #000000;\"><strong>&#8211; \u00ab je ne pensais pas voir des perroquets en libert\u00e9 devant ma fen\u00eatre \u00bb ?<\/strong><\/span><br \/>\n<span style=\"color: #000000;\"><strong> &#8211; Son bec \u00ab crois\u00e9 \u00bb le fait ressembler \u00e0 un petit perroquet. Robe rouge pour le m\u00e2le, jaune -vert pour la femelle et gris stri\u00e9 de sombre pour le jeune : une famille haute en couleur surprenante !<\/strong><\/span><\/p>\n<p><span style=\"color: #000000;\"><strong>Une journ\u00e9e o\u00f9 chacun y a trouv\u00e9 du plaisir, soit pour partager ses connaissances, soit pour d\u00e9couvrir et apprendre. Ensemble dans la d\u00e9lectation ou l\u2019\u00e9motion de d\u00e9couvrir dans la lunette ces oiseaux que l\u2019on ne connait pas car ils passent trop loin de nous et qui pourtant, discr\u00e8tement, font partie de notre environnement.<\/strong><\/span><\/p>\n<p><span style=\"color: #000000;\"><strong>Maguy Belia<\/strong><\/span><\/p>\n","protected":false},"excerpt":{"rendered":"<p>Ils sont venus de Nice, de Cannes, d\u2019Antibes, du Cannet, de la Turbie&#8230;.pour partager leur passion ! Ornithos chevronn\u00e9s et d\u00e9butants se sont lev\u00e9s t\u00f4t pour venir observer en montagne tout ce qui vole \u2026 oiseaux migrateurs et s\u00e9dentaires d\u2019altitude. Le soleil a fait la grasse matin\u00e9e, mais les passereaux \u00e9taient bien l\u00e0 : serin [&hellip;]<\/p>\n","protected":false},"author":15,"featured_media":182,"comment_status":"open","ping_status":"open","sticky":false,"template":"","format":"standard","meta":{"footnotes":""},"categories":[1],"tags":[],"class_list":["post-178","post","type-post","status-publish","format-standard","has-post-thumbnail","hentry","category-sorties-nature"],"yoast_head":"<!-- This site is optimized with the Yoast SEO plugin v28.3 - https:\/\/yoast.com\/product\/yoast-seo-wordpress\/ -->\n<title>Sortie \u00e0 Isola 2000 le 1er juillet 2012 - Groupe local Nice<\/title>\n<meta name=\"robots\" content=\"index, follow, max-snippet:-1, max-image-preview:large, max-video-preview:-1\" \/>\n<link rel=\"canonical\" href=\"https:\/\/paca.lpo.fr\/blogs\/nice\/2012\/07\/23\/sortie-a-isola-2000-le-1er-juillet-2012\/\" \/>\n<meta property=\"og:locale\" content=\"fr_FR\" \/>\n<meta property=\"og:type\" content=\"article\" \/>\n<meta property=\"og:title\" content=\"Sortie \u00e0 Isola 2000 le 1er juillet 2012 - Groupe local Nice\" \/>\n<meta property=\"og:description\" content=\"Ils sont venus de Nice, de Cannes, d\u2019Antibes, du Cannet, de la Turbie&#8230;.pour partager leur passion ! Ornithos chevronn\u00e9s et d\u00e9butants se sont lev\u00e9s t\u00f4t pour venir observer en montagne tout ce qui vole \u2026 oiseaux migrateurs et s\u00e9dentaires d\u2019altitude. Le soleil a fait la grasse matin\u00e9e, mais les passereaux \u00e9taient bien l\u00e0 : serin [&hellip;]\" \/>\n<meta property=\"og:url\" content=\"https:\/\/paca.lpo.fr\/blogs\/nice\/2012\/07\/23\/sortie-a-isola-2000-le-1er-juillet-2012\/\" \/>\n<meta property=\"og:site_name\" content=\"Groupe local Nice\" \/>\n<meta property=\"article:published_time\" content=\"2012-07-23T13:04:09+00:00\" \/>\n<meta property=\"article:modified_time\" content=\"2014-10-07T14:33:54+00:00\" \/>\n<meta property=\"og:image\" content=\"https:\/\/paca.lpo.fr\/blogs\/nice\/files\/2012\/07\/P1140644-Copie.jpg\" \/>\n\t<meta property=\"og:image:width\" content=\"960\" \/>\n\t<meta property=\"og:image:height\" content=\"606\" \/>\n\t<meta property=\"og:image:type\" content=\"image\/jpeg\" \/>\n<meta name=\"author\" content=\"Groupe local Paillon-B\u00e9v\u00e9ra\" \/>\n<meta name=\"twitter:card\" content=\"summary_large_image\" \/>\n<meta name=\"twitter:label1\" content=\"\u00c9crit par\" \/>\n\t<meta name=\"twitter:data1\" content=\"Groupe local Paillon-B\u00e9v\u00e9ra\" \/>\n\t<meta name=\"twitter:label2\" content=\"Dur\u00e9e de lecture estim\u00e9e\" \/>\n\t<meta name=\"twitter:data2\" content=\"2 minutes\" \/>\n<script type=\"application\/ld+json\" class=\"yoast-schema-graph\">{\"@context\":\"https:\\\/\\\/schema.org\",\"@graph\":[{\"@type\":\"Article\",\"@id\":\"https:\\\/\\\/paca.lpo.fr\\\/blogs\\\/nice\\\/2012\\\/07\\\/23\\\/sortie-a-isola-2000-le-1er-juillet-2012\\\/#article\",\"isPartOf\":{\"@id\":\"https:\\\/\\\/paca.lpo.fr\\\/blogs\\\/nice\\\/2012\\\/07\\\/23\\\/sortie-a-isola-2000-le-1er-juillet-2012\\\/\"},\"author\":{\"name\":\"Groupe local Paillon-B\u00e9v\u00e9ra\",\"@id\":\"https:\\\/\\\/paca.lpo.fr\\\/blogs\\\/nice\\\/#\\\/schema\\\/person\\\/1bda33335fb71e0b3552487db26a4c56\"},\"headline\":\"Sortie \u00e0 Isola 2000 le 1er juillet 2012\",\"datePublished\":\"2012-07-23T13:04:09+00:00\",\"dateModified\":\"2014-10-07T14:33:54+00:00\",\"mainEntityOfPage\":{\"@id\":\"https:\\\/\\\/paca.lpo.fr\\\/blogs\\\/nice\\\/2012\\\/07\\\/23\\\/sortie-a-isola-2000-le-1er-juillet-2012\\\/\"},\"wordCount\":316,\"commentCount\":0,\"publisher\":{\"@id\":\"https:\\\/\\\/paca.lpo.fr\\\/blogs\\\/nice\\\/#organization\"},\"image\":{\"@id\":\"https:\\\/\\\/paca.lpo.fr\\\/blogs\\\/nice\\\/2012\\\/07\\\/23\\\/sortie-a-isola-2000-le-1er-juillet-2012\\\/#primaryimage\"},\"thumbnailUrl\":\"https:\\\/\\\/paca.lpo.fr\\\/blogs\\\/nice\\\/files\\\/2012\\\/07\\\/P1140644-Copie.jpg\",\"articleSection\":[\"grands \u00e9v\u00e8nements\"],\"inLanguage\":\"fr-FR\",\"potentialAction\":[{\"@type\":\"CommentAction\",\"name\":\"Comment\",\"target\":[\"https:\\\/\\\/paca.lpo.fr\\\/blogs\\\/nice\\\/2012\\\/07\\\/23\\\/sortie-a-isola-2000-le-1er-juillet-2012\\\/#respond\"]}]},{\"@type\":\"WebPage\",\"@id\":\"https:\\\/\\\/paca.lpo.fr\\\/blogs\\\/nice\\\/2012\\\/07\\\/23\\\/sortie-a-isola-2000-le-1er-juillet-2012\\\/\",\"url\":\"https:\\\/\\\/paca.lpo.fr\\\/blogs\\\/nice\\\/2012\\\/07\\\/23\\\/sortie-a-isola-2000-le-1er-juillet-2012\\\/\",\"name\":\"Sortie \u00e0 Isola 2000 le 1er juillet 2012 - Groupe local Nice\",\"isPartOf\":{\"@id\":\"https:\\\/\\\/paca.lpo.fr\\\/blogs\\\/nice\\\/#website\"},\"primaryImageOfPage\":{\"@id\":\"https:\\\/\\\/paca.lpo.fr\\\/blogs\\\/nice\\\/2012\\\/07\\\/23\\\/sortie-a-isola-2000-le-1er-juillet-2012\\\/#primaryimage\"},\"image\":{\"@id\":\"https:\\\/\\\/paca.lpo.fr\\\/blogs\\\/nice\\\/2012\\\/07\\\/23\\\/sortie-a-isola-2000-le-1er-juillet-2012\\\/#primaryimage\"},\"thumbnailUrl\":\"https:\\\/\\\/paca.lpo.fr\\\/blogs\\\/nice\\\/files\\\/2012\\\/07\\\/P1140644-Copie.jpg\",\"datePublished\":\"2012-07-23T13:04:09+00:00\",\"dateModified\":\"2014-10-07T14:33:54+00:00\",\"breadcrumb\":{\"@id\":\"https:\\\/\\\/paca.lpo.fr\\\/blogs\\\/nice\\\/2012\\\/07\\\/23\\\/sortie-a-isola-2000-le-1er-juillet-2012\\\/#breadcrumb\"},\"inLanguage\":\"fr-FR\",\"potentialAction\":[{\"@type\":\"ReadAction\",\"target\":[\"https:\\\/\\\/paca.lpo.fr\\\/blogs\\\/nice\\\/2012\\\/07\\\/23\\\/sortie-a-isola-2000-le-1er-juillet-2012\\\/\"]}]},{\"@type\":\"ImageObject\",\"inLanguage\":\"fr-FR\",\"@id\":\"https:\\\/\\\/paca.lpo.fr\\\/blogs\\\/nice\\\/2012\\\/07\\\/23\\\/sortie-a-isola-2000-le-1er-juillet-2012\\\/#primaryimage\",\"url\":\"https:\\\/\\\/paca.lpo.fr\\\/blogs\\\/nice\\\/files\\\/2012\\\/07\\\/P1140644-Copie.jpg\",\"contentUrl\":\"https:\\\/\\\/paca.lpo.fr\\\/blogs\\\/nice\\\/files\\\/2012\\\/07\\\/P1140644-Copie.jpg\",\"width\":\"960\",\"height\":\"606\"},{\"@type\":\"BreadcrumbList\",\"@id\":\"https:\\\/\\\/paca.lpo.fr\\\/blogs\\\/nice\\\/2012\\\/07\\\/23\\\/sortie-a-isola-2000-le-1er-juillet-2012\\\/#breadcrumb\",\"itemListElement\":[{\"@type\":\"ListItem\",\"position\":1,\"name\":\"Accueil\",\"item\":\"https:\\\/\\\/paca.lpo.fr\\\/blogs\\\/nice\\\/\"},{\"@type\":\"ListItem\",\"position\":2,\"name\":\"Sortie \u00e0 Isola 2000 le 1er juillet 2012\"}]},{\"@type\":\"WebSite\",\"@id\":\"https:\\\/\\\/paca.lpo.fr\\\/blogs\\\/nice\\\/#website\",\"url\":\"https:\\\/\\\/paca.lpo.fr\\\/blogs\\\/nice\\\/\",\"name\":\"Groupe local Nice\",\"description\":\"Groupe local Nice\",\"publisher\":{\"@id\":\"https:\\\/\\\/paca.lpo.fr\\\/blogs\\\/nice\\\/#organization\"},\"potentialAction\":[{\"@type\":\"SearchAction\",\"target\":{\"@type\":\"EntryPoint\",\"urlTemplate\":\"https:\\\/\\\/paca.lpo.fr\\\/blogs\\\/nice\\\/?s={search_term_string}\"},\"query-input\":{\"@type\":\"PropertyValueSpecification\",\"valueRequired\":true,\"valueName\":\"search_term_string\"}}],\"inLanguage\":\"fr-FR\"},{\"@type\":\"Organization\",\"@id\":\"https:\\\/\\\/paca.lpo.fr\\\/blogs\\\/nice\\\/#organization\",\"name\":\"Groupe local Nice\",\"url\":\"https:\\\/\\\/paca.lpo.fr\\\/blogs\\\/nice\\\/\",\"logo\":{\"@type\":\"ImageObject\",\"inLanguage\":\"fr-FR\",\"@id\":\"https:\\\/\\\/paca.lpo.fr\\\/blogs\\\/nice\\\/#\\\/schema\\\/logo\\\/image\\\/\",\"url\":\"https:\\\/\\\/paca.lpo.fr\\\/blogs\\\/nice\\\/files\\\/2024\\\/01\\\/cropped-rvb-lpo-paca-logotype-signature-droite-mini-500.jpg\",\"contentUrl\":\"https:\\\/\\\/paca.lpo.fr\\\/blogs\\\/nice\\\/files\\\/2024\\\/01\\\/cropped-rvb-lpo-paca-logotype-signature-droite-mini-500.jpg\",\"width\":500,\"height\":210,\"caption\":\"Groupe local Nice\"},\"image\":{\"@id\":\"https:\\\/\\\/paca.lpo.fr\\\/blogs\\\/nice\\\/#\\\/schema\\\/logo\\\/image\\\/\"}},{\"@type\":\"Person\",\"@id\":\"https:\\\/\\\/paca.lpo.fr\\\/blogs\\\/nice\\\/#\\\/schema\\\/person\\\/1bda33335fb71e0b3552487db26a4c56\",\"name\":\"Groupe local Paillon-B\u00e9v\u00e9ra\",\"image\":{\"@type\":\"ImageObject\",\"inLanguage\":\"fr-FR\",\"@id\":\"https:\\\/\\\/secure.gravatar.com\\\/avatar\\\/b1ee285506e2cb880ec988990d360e255aecb31c77212741dace1023623610c2?s=96&d=mm&r=g\",\"url\":\"https:\\\/\\\/secure.gravatar.com\\\/avatar\\\/b1ee285506e2cb880ec988990d360e255aecb31c77212741dace1023623610c2?s=96&d=mm&r=g\",\"contentUrl\":\"https:\\\/\\\/secure.gravatar.com\\\/avatar\\\/b1ee285506e2cb880ec988990d360e255aecb31c77212741dace1023623610c2?s=96&d=mm&r=g\",\"caption\":\"Groupe local Paillon-B\u00e9v\u00e9ra\"},\"url\":\"https:\\\/\\\/paca.lpo.fr\\\/blogs\\\/nice\\\/author\\\/alpesmaritimesest\\\/\"}]}<\/script>\n<!-- \/ Yoast SEO plugin. -->","yoast_head_json":{"title":"Sortie \u00e0 Isola 2000 le 1er juillet 2012 - Groupe local Nice","robots":{"index":"index","follow":"follow","max-snippet":"max-snippet:-1","max-image-preview":"max-image-preview:large","max-video-preview":"max-video-preview:-1"},"canonical":"https:\/\/paca.lpo.fr\/blogs\/nice\/2012\/07\/23\/sortie-a-isola-2000-le-1er-juillet-2012\/","og_locale":"fr_FR","og_type":"article","og_title":"Sortie \u00e0 Isola 2000 le 1er juillet 2012 - Groupe local Nice","og_description":"Ils sont venus de Nice, de Cannes, d\u2019Antibes, du Cannet, de la Turbie&#8230;.pour partager leur passion ! Ornithos chevronn\u00e9s et d\u00e9butants se sont lev\u00e9s t\u00f4t pour venir observer en montagne tout ce qui vole \u2026 oiseaux migrateurs et s\u00e9dentaires d\u2019altitude. Le soleil a fait la grasse matin\u00e9e, mais les passereaux \u00e9taient bien l\u00e0 : serin [&hellip;]","og_url":"https:\/\/paca.lpo.fr\/blogs\/nice\/2012\/07\/23\/sortie-a-isola-2000-le-1er-juillet-2012\/","og_site_name":"Groupe local Nice","article_published_time":"2012-07-23T13:04:09+00:00","article_modified_time":"2014-10-07T14:33:54+00:00","og_image":[{"width":960,"height":606,"url":"https:\/\/paca.lpo.fr\/blogs\/nice\/files\/2012\/07\/P1140644-Copie.jpg","type":"image\/jpeg"}],"author":"Groupe local Paillon-B\u00e9v\u00e9ra","twitter_card":"summary_large_image","twitter_misc":{"\u00c9crit par":"Groupe local Paillon-B\u00e9v\u00e9ra","Dur\u00e9e de lecture estim\u00e9e":"2 minutes"},"schema":{"@context":"https:\/\/schema.org","@graph":[{"@type":"Article","@id":"https:\/\/paca.lpo.fr\/blogs\/nice\/2012\/07\/23\/sortie-a-isola-2000-le-1er-juillet-2012\/#article","isPartOf":{"@id":"https:\/\/paca.lpo.fr\/blogs\/nice\/2012\/07\/23\/sortie-a-isola-2000-le-1er-juillet-2012\/"},"author":{"name":"Groupe local Paillon-B\u00e9v\u00e9ra","@id":"https:\/\/paca.lpo.fr\/blogs\/nice\/#\/schema\/person\/1bda33335fb71e0b3552487db26a4c56"},"headline":"Sortie \u00e0 Isola 2000 le 1er juillet 2012","datePublished":"2012-07-23T13:04:09+00:00","dateModified":"2014-10-07T14:33:54+00:00","mainEntityOfPage":{"@id":"https:\/\/paca.lpo.fr\/blogs\/nice\/2012\/07\/23\/sortie-a-isola-2000-le-1er-juillet-2012\/"},"wordCount":316,"commentCount":0,"publisher":{"@id":"https:\/\/paca.lpo.fr\/blogs\/nice\/#organization"},"image":{"@id":"https:\/\/paca.lpo.fr\/blogs\/nice\/2012\/07\/23\/sortie-a-isola-2000-le-1er-juillet-2012\/#primaryimage"},"thumbnailUrl":"https:\/\/paca.lpo.fr\/blogs\/nice\/files\/2012\/07\/P1140644-Copie.jpg","articleSection":["grands \u00e9v\u00e8nements"],"inLanguage":"fr-FR","potentialAction":[{"@type":"CommentAction","name":"Comment","target":["https:\/\/paca.lpo.fr\/blogs\/nice\/2012\/07\/23\/sortie-a-isola-2000-le-1er-juillet-2012\/#respond"]}]},{"@type":"WebPage","@id":"https:\/\/paca.lpo.fr\/blogs\/nice\/2012\/07\/23\/sortie-a-isola-2000-le-1er-juillet-2012\/","url":"https:\/\/paca.lpo.fr\/blogs\/nice\/2012\/07\/23\/sortie-a-isola-2000-le-1er-juillet-2012\/","name":"Sortie \u00e0 Isola 2000 le 1er juillet 2012 - Groupe local Nice","isPartOf":{"@id":"https:\/\/paca.lpo.fr\/blogs\/nice\/#website"},"primaryImageOfPage":{"@id":"https:\/\/paca.lpo.fr\/blogs\/nice\/2012\/07\/23\/sortie-a-isola-2000-le-1er-juillet-2012\/#primaryimage"},"image":{"@id":"https:\/\/paca.lpo.fr\/blogs\/nice\/2012\/07\/23\/sortie-a-isola-2000-le-1er-juillet-2012\/#primaryimage"},"thumbnailUrl":"https:\/\/paca.lpo.fr\/blogs\/nice\/files\/2012\/07\/P1140644-Copie.jpg","datePublished":"2012-07-23T13:04:09+00:00","dateModified":"2014-10-07T14:33:54+00:00","breadcrumb":{"@id":"https:\/\/paca.lpo.fr\/blogs\/nice\/2012\/07\/23\/sortie-a-isola-2000-le-1er-juillet-2012\/#breadcrumb"},"inLanguage":"fr-FR","potentialAction":[{"@type":"ReadAction","target":["https:\/\/paca.lpo.fr\/blogs\/nice\/2012\/07\/23\/sortie-a-isola-2000-le-1er-juillet-2012\/"]}]},{"@type":"ImageObject","inLanguage":"fr-FR","@id":"https:\/\/paca.lpo.fr\/blogs\/nice\/2012\/07\/23\/sortie-a-isola-2000-le-1er-juillet-2012\/#primaryimage","url":"https:\/\/paca.lpo.fr\/blogs\/nice\/files\/2012\/07\/P1140644-Copie.jpg","contentUrl":"https:\/\/paca.lpo.fr\/blogs\/nice\/files\/2012\/07\/P1140644-Copie.jpg","width":"960","height":"606"},{"@type":"BreadcrumbList","@id":"https:\/\/paca.lpo.fr\/blogs\/nice\/2012\/07\/23\/sortie-a-isola-2000-le-1er-juillet-2012\/#breadcrumb","itemListElement":[{"@type":"ListItem","position":1,"name":"Accueil","item":"https:\/\/paca.lpo.fr\/blogs\/nice\/"},{"@type":"ListItem","position":2,"name":"Sortie \u00e0 Isola 2000 le 1er juillet 2012"}]},{"@type":"WebSite","@id":"https:\/\/paca.lpo.fr\/blogs\/nice\/#website","url":"https:\/\/paca.lpo.fr\/blogs\/nice\/","name":"Groupe local Nice","description":"Groupe local Nice","publisher":{"@id":"https:\/\/paca.lpo.fr\/blogs\/nice\/#organization"},"potentialAction":[{"@type":"SearchAction","target":{"@type":"EntryPoint","urlTemplate":"https:\/\/paca.lpo.fr\/blogs\/nice\/?s={search_term_string}"},"query-input":{"@type":"PropertyValueSpecification","valueRequired":true,"valueName":"search_term_string"}}],"inLanguage":"fr-FR"},{"@type":"Organization","@id":"https:\/\/paca.lpo.fr\/blogs\/nice\/#organization","name":"Groupe local Nice","url":"https:\/\/paca.lpo.fr\/blogs\/nice\/","logo":{"@type":"ImageObject","inLanguage":"fr-FR","@id":"https:\/\/paca.lpo.fr\/blogs\/nice\/#\/schema\/logo\/image\/","url":"https:\/\/paca.lpo.fr\/blogs\/nice\/files\/2024\/01\/cropped-rvb-lpo-paca-logotype-signature-droite-mini-500.jpg","contentUrl":"https:\/\/paca.lpo.fr\/blogs\/nice\/files\/2024\/01\/cropped-rvb-lpo-paca-logotype-signature-droite-mini-500.jpg","width":500,"height":210,"caption":"Groupe local Nice"},"image":{"@id":"https:\/\/paca.lpo.fr\/blogs\/nice\/#\/schema\/logo\/image\/"}},{"@type":"Person","@id":"https:\/\/paca.lpo.fr\/blogs\/nice\/#\/schema\/person\/1bda33335fb71e0b3552487db26a4c56","name":"Groupe local Paillon-B\u00e9v\u00e9ra","image":{"@type":"ImageObject","inLanguage":"fr-FR","@id":"https:\/\/secure.gravatar.com\/avatar\/b1ee285506e2cb880ec988990d360e255aecb31c77212741dace1023623610c2?s=96&d=mm&r=g","url":"https:\/\/secure.gravatar.com\/avatar\/b1ee285506e2cb880ec988990d360e255aecb31c77212741dace1023623610c2?s=96&d=mm&r=g","contentUrl":"https:\/\/secure.gravatar.com\/avatar\/b1ee285506e2cb880ec988990d360e255aecb31c77212741dace1023623610c2?s=96&d=mm&r=g","caption":"Groupe local Paillon-B\u00e9v\u00e9ra"},"url":"https:\/\/paca.lpo.fr\/blogs\/nice\/author\/alpesmaritimesest\/"}]}},"jetpack_featured_media_url":"https:\/\/paca.lpo.fr\/blogs\/nice\/files\/2012\/07\/P1140644-Copie.jpg","_links":{"self":[{"href":"https:\/\/paca.lpo.fr\/blogs\/nice\/wp-json\/wp\/v2\/posts\/178","targetHints":{"allow":["GET"]}}],"collection":[{"href":"https:\/\/paca.lpo.fr\/blogs\/nice\/wp-json\/wp\/v2\/posts"}],"about":[{"href":"https:\/\/paca.lpo.fr\/blogs\/nice\/wp-json\/wp\/v2\/types\/post"}],"author":[{"embeddable":true,"href":"https:\/\/paca.lpo.fr\/blogs\/nice\/wp-json\/wp\/v2\/users\/15"}],"replies":[{"embeddable":true,"href":"https:\/\/paca.lpo.fr\/blogs\/nice\/wp-json\/wp\/v2\/comments?post=178"}],"version-history":[{"count":4,"href":"https:\/\/paca.lpo.fr\/blogs\/nice\/wp-json\/wp\/v2\/posts\/178\/revisions"}],"predecessor-version":[{"id":1149,"href":"https:\/\/paca.lpo.fr\/blogs\/nice\/wp-json\/wp\/v2\/posts\/178\/revisions\/1149"}],"wp:featuredmedia":[{"embeddable":true,"href":"https:\/\/paca.lpo.fr\/blogs\/nice\/wp-json\/wp\/v2\/media\/182"}],"wp:attachment":[{"href":"https:\/\/paca.lpo.fr\/blogs\/nice\/wp-json\/wp\/v2\/media?parent=178"}],"wp:term":[{"taxonomy":"category","embeddable":true,"href":"https:\/\/paca.lpo.fr\/blogs\/nice\/wp-json\/wp\/v2\/categories?post=178"},{"taxonomy":"post_tag","embeddable":true,"href":"https:\/\/paca.lpo.fr\/blogs\/nice\/wp-json\/wp\/v2\/tags?post=178"}],"curies":[{"name":"wp","href":"https:\/\/api.w.org\/{rel}","templated":true}]}}