{"id":1797,"date":"2017-06-14T15:06:55","date_gmt":"2017-06-14T14:06:55","guid":{"rendered":"https:\/\/paca.lpo.fr\/blogs\/nice\/?p=1797"},"modified":"2017-06-14T15:35:34","modified_gmt":"2017-06-14T14:35:34","slug":"les-journees-nature-au-pnd-de-la-grande-corniche","status":"publish","type":"post","link":"https:\/\/paca.lpo.fr\/blogs\/nice\/2017\/06\/14\/les-journees-nature-au-pnd-de-la-grande-corniche\/","title":{"rendered":"Les Journ\u00e9es Nature au PND de la Grande Corniche"},"content":{"rendered":"<p>La derni\u00e8re semaine de mai Anouck et Lucie, salari\u00e9es de l&rsquo;Antenne 06, ont r\u00e9alis\u00e9 plusieurs journ\u00e9es d&rsquo;animations pour les enfants dans la Parc naturel D\u00e9partemental de la Grande Corniche, pr\u00e8s du Fort de la Rev\u00e8re.<figure id=\"attachment_1798\" aria-describedby=\"caption-attachment-1798\" style=\"width: 832px\" class=\"wp-caption alignnone\"><img loading=\"lazy\" decoding=\"async\" src=\"https:\/\/paca.lpo.fr\/blogs\/nice\/files\/2017\/06\/IMG_20170529_113447-Copie.jpg\" alt=\"\" width=\"832\" height=\"624\" class=\"size-full wp-image-1798\" srcset=\"https:\/\/paca.lpo.fr\/blogs\/nice\/files\/2017\/06\/IMG_20170529_113447-Copie.jpg 832w, https:\/\/paca.lpo.fr\/blogs\/nice\/files\/2017\/06\/IMG_20170529_113447-Copie-480x360.jpg 480w, https:\/\/paca.lpo.fr\/blogs\/nice\/files\/2017\/06\/IMG_20170529_113447-Copie-768x576.jpg 768w, https:\/\/paca.lpo.fr\/blogs\/nice\/files\/2017\/06\/IMG_20170529_113447-Copie-700x525.jpg 700w\" sizes=\"auto, (max-width: 832px) 100vw, 832px\" \/><figcaption id=\"caption-attachment-1798\" class=\"wp-caption-text\">dav<\/figcaption><\/figure><figure id=\"attachment_1799\" aria-describedby=\"caption-attachment-1799\" style=\"width: 819px\" class=\"wp-caption alignnone\"><img loading=\"lazy\" decoding=\"async\" src=\"https:\/\/paca.lpo.fr\/blogs\/nice\/files\/2017\/06\/IMG_20170529_113539-Copie.jpg\" alt=\"\" width=\"819\" height=\"614\" class=\"size-full wp-image-1799\" srcset=\"https:\/\/paca.lpo.fr\/blogs\/nice\/files\/2017\/06\/IMG_20170529_113539-Copie.jpg 819w, https:\/\/paca.lpo.fr\/blogs\/nice\/files\/2017\/06\/IMG_20170529_113539-Copie-480x360.jpg 480w, https:\/\/paca.lpo.fr\/blogs\/nice\/files\/2017\/06\/IMG_20170529_113539-Copie-768x576.jpg 768w, https:\/\/paca.lpo.fr\/blogs\/nice\/files\/2017\/06\/IMG_20170529_113539-Copie-700x525.jpg 700w\" sizes=\"auto, (max-width: 819px) 100vw, 819px\" \/><figcaption id=\"caption-attachment-1799\" class=\"wp-caption-text\">sdr<\/figcaption><\/figure><figure id=\"attachment_1800\" aria-describedby=\"caption-attachment-1800\" style=\"width: 819px\" class=\"wp-caption alignnone\"><img loading=\"lazy\" decoding=\"async\" src=\"https:\/\/paca.lpo.fr\/blogs\/nice\/files\/2017\/06\/IMG_20170529_113623-Copie.jpg\" alt=\"\" width=\"819\" height=\"614\" class=\"size-full wp-image-1800\" srcset=\"https:\/\/paca.lpo.fr\/blogs\/nice\/files\/2017\/06\/IMG_20170529_113623-Copie.jpg 819w, https:\/\/paca.lpo.fr\/blogs\/nice\/files\/2017\/06\/IMG_20170529_113623-Copie-480x360.jpg 480w, https:\/\/paca.lpo.fr\/blogs\/nice\/files\/2017\/06\/IMG_20170529_113623-Copie-768x576.jpg 768w, https:\/\/paca.lpo.fr\/blogs\/nice\/files\/2017\/06\/IMG_20170529_113623-Copie-700x525.jpg 700w\" sizes=\"auto, (max-width: 819px) 100vw, 819px\" \/><figcaption id=\"caption-attachment-1800\" class=\"wp-caption-text\">dav<\/figcaption><\/figure><\/p>\n","protected":false},"excerpt":{"rendered":"<p>La derni\u00e8re semaine de mai Anouck et Lucie, salari\u00e9es de l&rsquo;Antenne 06, ont r\u00e9alis\u00e9 plusieurs journ\u00e9es d&rsquo;animations pour les enfants dans la Parc naturel D\u00e9partemental de la Grande Corniche, pr\u00e8s du Fort de la Rev\u00e8re.<\/p>\n","protected":false},"author":15,"featured_media":0,"comment_status":"open","ping_status":"open","sticky":false,"template":"","format":"standard","meta":{"footnotes":""},"categories":[1],"tags":[],"class_list":["post-1797","post","type-post","status-publish","format-standard","hentry","category-sorties-nature"],"yoast_head":"<!-- This site is optimized with the Yoast SEO plugin v28.3 - https:\/\/yoast.com\/product\/yoast-seo-wordpress\/ -->\n<title>Les Journ\u00e9es Nature au PND de la Grande Corniche - Groupe local Nice<\/title>\n<meta name=\"robots\" content=\"index, follow, max-snippet:-1, max-image-preview:large, max-video-preview:-1\" \/>\n<link rel=\"canonical\" href=\"https:\/\/paca.lpo.fr\/blogs\/nice\/2017\/06\/14\/les-journees-nature-au-pnd-de-la-grande-corniche\/\" \/>\n<meta property=\"og:locale\" content=\"fr_FR\" \/>\n<meta property=\"og:type\" content=\"article\" \/>\n<meta property=\"og:title\" content=\"Les Journ\u00e9es Nature au PND de la Grande Corniche - Groupe local Nice\" \/>\n<meta property=\"og:description\" content=\"La derni\u00e8re semaine de mai Anouck et Lucie, salari\u00e9es de l&rsquo;Antenne 06, ont r\u00e9alis\u00e9 plusieurs journ\u00e9es d&rsquo;animations pour les enfants dans la Parc naturel D\u00e9partemental de la Grande Corniche, pr\u00e8s du Fort de la Rev\u00e8re.\" \/>\n<meta property=\"og:url\" content=\"https:\/\/paca.lpo.fr\/blogs\/nice\/2017\/06\/14\/les-journees-nature-au-pnd-de-la-grande-corniche\/\" \/>\n<meta property=\"og:site_name\" content=\"Groupe local Nice\" \/>\n<meta property=\"article:published_time\" content=\"2017-06-14T14:06:55+00:00\" \/>\n<meta property=\"article:modified_time\" content=\"2017-06-14T14:35:34+00:00\" \/>\n<meta property=\"og:image\" content=\"https:\/\/paca.lpo.fr\/blogs\/nice\/files\/2017\/06\/IMG_20170529_113447-Copie.jpg\" \/>\n<meta name=\"author\" content=\"Groupe local Paillon-B\u00e9v\u00e9ra\" \/>\n<meta name=\"twitter:card\" content=\"summary_large_image\" \/>\n<meta name=\"twitter:label1\" content=\"\u00c9crit par\" \/>\n\t<meta name=\"twitter:data1\" content=\"Groupe local Paillon-B\u00e9v\u00e9ra\" \/>\n<script type=\"application\/ld+json\" class=\"yoast-schema-graph\">{\"@context\":\"https:\\\/\\\/schema.org\",\"@graph\":[{\"@type\":\"Article\",\"@id\":\"https:\\\/\\\/paca.lpo.fr\\\/blogs\\\/nice\\\/2017\\\/06\\\/14\\\/les-journees-nature-au-pnd-de-la-grande-corniche\\\/#article\",\"isPartOf\":{\"@id\":\"https:\\\/\\\/paca.lpo.fr\\\/blogs\\\/nice\\\/2017\\\/06\\\/14\\\/les-journees-nature-au-pnd-de-la-grande-corniche\\\/\"},\"author\":{\"name\":\"Groupe local Paillon-B\u00e9v\u00e9ra\",\"@id\":\"https:\\\/\\\/paca.lpo.fr\\\/blogs\\\/nice\\\/#\\\/schema\\\/person\\\/1bda33335fb71e0b3552487db26a4c56\"},\"headline\":\"Les Journ\u00e9es Nature au PND de la Grande Corniche\",\"datePublished\":\"2017-06-14T14:06:55+00:00\",\"dateModified\":\"2017-06-14T14:35:34+00:00\",\"mainEntityOfPage\":{\"@id\":\"https:\\\/\\\/paca.lpo.fr\\\/blogs\\\/nice\\\/2017\\\/06\\\/14\\\/les-journees-nature-au-pnd-de-la-grande-corniche\\\/\"},\"wordCount\":77,\"commentCount\":0,\"publisher\":{\"@id\":\"https:\\\/\\\/paca.lpo.fr\\\/blogs\\\/nice\\\/#organization\"},\"image\":{\"@id\":\"https:\\\/\\\/paca.lpo.fr\\\/blogs\\\/nice\\\/2017\\\/06\\\/14\\\/les-journees-nature-au-pnd-de-la-grande-corniche\\\/#primaryimage\"},\"thumbnailUrl\":\"https:\\\/\\\/paca.lpo.fr\\\/blogs\\\/nice\\\/files\\\/2017\\\/06\\\/IMG_20170529_113447-Copie.jpg\",\"articleSection\":[\"grands \u00e9v\u00e8nements\"],\"inLanguage\":\"fr-FR\",\"potentialAction\":[{\"@type\":\"CommentAction\",\"name\":\"Comment\",\"target\":[\"https:\\\/\\\/paca.lpo.fr\\\/blogs\\\/nice\\\/2017\\\/06\\\/14\\\/les-journees-nature-au-pnd-de-la-grande-corniche\\\/#respond\"]}]},{\"@type\":\"WebPage\",\"@id\":\"https:\\\/\\\/paca.lpo.fr\\\/blogs\\\/nice\\\/2017\\\/06\\\/14\\\/les-journees-nature-au-pnd-de-la-grande-corniche\\\/\",\"url\":\"https:\\\/\\\/paca.lpo.fr\\\/blogs\\\/nice\\\/2017\\\/06\\\/14\\\/les-journees-nature-au-pnd-de-la-grande-corniche\\\/\",\"name\":\"Les Journ\u00e9es Nature au PND de la Grande Corniche - Groupe local Nice\",\"isPartOf\":{\"@id\":\"https:\\\/\\\/paca.lpo.fr\\\/blogs\\\/nice\\\/#website\"},\"primaryImageOfPage\":{\"@id\":\"https:\\\/\\\/paca.lpo.fr\\\/blogs\\\/nice\\\/2017\\\/06\\\/14\\\/les-journees-nature-au-pnd-de-la-grande-corniche\\\/#primaryimage\"},\"image\":{\"@id\":\"https:\\\/\\\/paca.lpo.fr\\\/blogs\\\/nice\\\/2017\\\/06\\\/14\\\/les-journees-nature-au-pnd-de-la-grande-corniche\\\/#primaryimage\"},\"thumbnailUrl\":\"https:\\\/\\\/paca.lpo.fr\\\/blogs\\\/nice\\\/files\\\/2017\\\/06\\\/IMG_20170529_113447-Copie.jpg\",\"datePublished\":\"2017-06-14T14:06:55+00:00\",\"dateModified\":\"2017-06-14T14:35:34+00:00\",\"breadcrumb\":{\"@id\":\"https:\\\/\\\/paca.lpo.fr\\\/blogs\\\/nice\\\/2017\\\/06\\\/14\\\/les-journees-nature-au-pnd-de-la-grande-corniche\\\/#breadcrumb\"},\"inLanguage\":\"fr-FR\",\"potentialAction\":[{\"@type\":\"ReadAction\",\"target\":[\"https:\\\/\\\/paca.lpo.fr\\\/blogs\\\/nice\\\/2017\\\/06\\\/14\\\/les-journees-nature-au-pnd-de-la-grande-corniche\\\/\"]}]},{\"@type\":\"ImageObject\",\"inLanguage\":\"fr-FR\",\"@id\":\"https:\\\/\\\/paca.lpo.fr\\\/blogs\\\/nice\\\/2017\\\/06\\\/14\\\/les-journees-nature-au-pnd-de-la-grande-corniche\\\/#primaryimage\",\"url\":\"https:\\\/\\\/paca.lpo.fr\\\/blogs\\\/nice\\\/files\\\/2017\\\/06\\\/IMG_20170529_113447-Copie.jpg\",\"contentUrl\":\"https:\\\/\\\/paca.lpo.fr\\\/blogs\\\/nice\\\/files\\\/2017\\\/06\\\/IMG_20170529_113447-Copie.jpg\",\"width\":832,\"height\":624,\"caption\":\"dav\"},{\"@type\":\"BreadcrumbList\",\"@id\":\"https:\\\/\\\/paca.lpo.fr\\\/blogs\\\/nice\\\/2017\\\/06\\\/14\\\/les-journees-nature-au-pnd-de-la-grande-corniche\\\/#breadcrumb\",\"itemListElement\":[{\"@type\":\"ListItem\",\"position\":1,\"name\":\"Accueil\",\"item\":\"https:\\\/\\\/paca.lpo.fr\\\/blogs\\\/nice\\\/\"},{\"@type\":\"ListItem\",\"position\":2,\"name\":\"Les Journ\u00e9es Nature au PND de la Grande Corniche\"}]},{\"@type\":\"WebSite\",\"@id\":\"https:\\\/\\\/paca.lpo.fr\\\/blogs\\\/nice\\\/#website\",\"url\":\"https:\\\/\\\/paca.lpo.fr\\\/blogs\\\/nice\\\/\",\"name\":\"Groupe local Nice\",\"description\":\"Groupe local Nice\",\"publisher\":{\"@id\":\"https:\\\/\\\/paca.lpo.fr\\\/blogs\\\/nice\\\/#organization\"},\"potentialAction\":[{\"@type\":\"SearchAction\",\"target\":{\"@type\":\"EntryPoint\",\"urlTemplate\":\"https:\\\/\\\/paca.lpo.fr\\\/blogs\\\/nice\\\/?s={search_term_string}\"},\"query-input\":{\"@type\":\"PropertyValueSpecification\",\"valueRequired\":true,\"valueName\":\"search_term_string\"}}],\"inLanguage\":\"fr-FR\"},{\"@type\":\"Organization\",\"@id\":\"https:\\\/\\\/paca.lpo.fr\\\/blogs\\\/nice\\\/#organization\",\"name\":\"Groupe local Nice\",\"url\":\"https:\\\/\\\/paca.lpo.fr\\\/blogs\\\/nice\\\/\",\"logo\":{\"@type\":\"ImageObject\",\"inLanguage\":\"fr-FR\",\"@id\":\"https:\\\/\\\/paca.lpo.fr\\\/blogs\\\/nice\\\/#\\\/schema\\\/logo\\\/image\\\/\",\"url\":\"https:\\\/\\\/paca.lpo.fr\\\/blogs\\\/nice\\\/files\\\/2024\\\/01\\\/cropped-rvb-lpo-paca-logotype-signature-droite-mini-500.jpg\",\"contentUrl\":\"https:\\\/\\\/paca.lpo.fr\\\/blogs\\\/nice\\\/files\\\/2024\\\/01\\\/cropped-rvb-lpo-paca-logotype-signature-droite-mini-500.jpg\",\"width\":500,\"height\":210,\"caption\":\"Groupe local Nice\"},\"image\":{\"@id\":\"https:\\\/\\\/paca.lpo.fr\\\/blogs\\\/nice\\\/#\\\/schema\\\/logo\\\/image\\\/\"}},{\"@type\":\"Person\",\"@id\":\"https:\\\/\\\/paca.lpo.fr\\\/blogs\\\/nice\\\/#\\\/schema\\\/person\\\/1bda33335fb71e0b3552487db26a4c56\",\"name\":\"Groupe local Paillon-B\u00e9v\u00e9ra\",\"image\":{\"@type\":\"ImageObject\",\"inLanguage\":\"fr-FR\",\"@id\":\"https:\\\/\\\/secure.gravatar.com\\\/avatar\\\/b1ee285506e2cb880ec988990d360e255aecb31c77212741dace1023623610c2?s=96&d=mm&r=g\",\"url\":\"https:\\\/\\\/secure.gravatar.com\\\/avatar\\\/b1ee285506e2cb880ec988990d360e255aecb31c77212741dace1023623610c2?s=96&d=mm&r=g\",\"contentUrl\":\"https:\\\/\\\/secure.gravatar.com\\\/avatar\\\/b1ee285506e2cb880ec988990d360e255aecb31c77212741dace1023623610c2?s=96&d=mm&r=g\",\"caption\":\"Groupe local Paillon-B\u00e9v\u00e9ra\"},\"url\":\"https:\\\/\\\/paca.lpo.fr\\\/blogs\\\/nice\\\/author\\\/alpesmaritimesest\\\/\"}]}<\/script>\n<!-- \/ Yoast SEO plugin. -->","yoast_head_json":{"title":"Les Journ\u00e9es Nature au PND de la Grande Corniche - Groupe local Nice","robots":{"index":"index","follow":"follow","max-snippet":"max-snippet:-1","max-image-preview":"max-image-preview:large","max-video-preview":"max-video-preview:-1"},"canonical":"https:\/\/paca.lpo.fr\/blogs\/nice\/2017\/06\/14\/les-journees-nature-au-pnd-de-la-grande-corniche\/","og_locale":"fr_FR","og_type":"article","og_title":"Les Journ\u00e9es Nature au PND de la Grande Corniche - Groupe local Nice","og_description":"La derni\u00e8re semaine de mai Anouck et Lucie, salari\u00e9es de l&rsquo;Antenne 06, ont r\u00e9alis\u00e9 plusieurs journ\u00e9es d&rsquo;animations pour les enfants dans la Parc naturel D\u00e9partemental de la Grande Corniche, pr\u00e8s du Fort de la Rev\u00e8re.","og_url":"https:\/\/paca.lpo.fr\/blogs\/nice\/2017\/06\/14\/les-journees-nature-au-pnd-de-la-grande-corniche\/","og_site_name":"Groupe local Nice","article_published_time":"2017-06-14T14:06:55+00:00","article_modified_time":"2017-06-14T14:35:34+00:00","og_image":[{"url":"https:\/\/paca.lpo.fr\/blogs\/nice\/files\/2017\/06\/IMG_20170529_113447-Copie.jpg","type":"","width":"","height":""}],"author":"Groupe local Paillon-B\u00e9v\u00e9ra","twitter_card":"summary_large_image","twitter_misc":{"\u00c9crit par":"Groupe local Paillon-B\u00e9v\u00e9ra"},"schema":{"@context":"https:\/\/schema.org","@graph":[{"@type":"Article","@id":"https:\/\/paca.lpo.fr\/blogs\/nice\/2017\/06\/14\/les-journees-nature-au-pnd-de-la-grande-corniche\/#article","isPartOf":{"@id":"https:\/\/paca.lpo.fr\/blogs\/nice\/2017\/06\/14\/les-journees-nature-au-pnd-de-la-grande-corniche\/"},"author":{"name":"Groupe local Paillon-B\u00e9v\u00e9ra","@id":"https:\/\/paca.lpo.fr\/blogs\/nice\/#\/schema\/person\/1bda33335fb71e0b3552487db26a4c56"},"headline":"Les Journ\u00e9es Nature au PND de la Grande Corniche","datePublished":"2017-06-14T14:06:55+00:00","dateModified":"2017-06-14T14:35:34+00:00","mainEntityOfPage":{"@id":"https:\/\/paca.lpo.fr\/blogs\/nice\/2017\/06\/14\/les-journees-nature-au-pnd-de-la-grande-corniche\/"},"wordCount":77,"commentCount":0,"publisher":{"@id":"https:\/\/paca.lpo.fr\/blogs\/nice\/#organization"},"image":{"@id":"https:\/\/paca.lpo.fr\/blogs\/nice\/2017\/06\/14\/les-journees-nature-au-pnd-de-la-grande-corniche\/#primaryimage"},"thumbnailUrl":"https:\/\/paca.lpo.fr\/blogs\/nice\/files\/2017\/06\/IMG_20170529_113447-Copie.jpg","articleSection":["grands \u00e9v\u00e8nements"],"inLanguage":"fr-FR","potentialAction":[{"@type":"CommentAction","name":"Comment","target":["https:\/\/paca.lpo.fr\/blogs\/nice\/2017\/06\/14\/les-journees-nature-au-pnd-de-la-grande-corniche\/#respond"]}]},{"@type":"WebPage","@id":"https:\/\/paca.lpo.fr\/blogs\/nice\/2017\/06\/14\/les-journees-nature-au-pnd-de-la-grande-corniche\/","url":"https:\/\/paca.lpo.fr\/blogs\/nice\/2017\/06\/14\/les-journees-nature-au-pnd-de-la-grande-corniche\/","name":"Les Journ\u00e9es Nature au PND de la Grande Corniche - Groupe local Nice","isPartOf":{"@id":"https:\/\/paca.lpo.fr\/blogs\/nice\/#website"},"primaryImageOfPage":{"@id":"https:\/\/paca.lpo.fr\/blogs\/nice\/2017\/06\/14\/les-journees-nature-au-pnd-de-la-grande-corniche\/#primaryimage"},"image":{"@id":"https:\/\/paca.lpo.fr\/blogs\/nice\/2017\/06\/14\/les-journees-nature-au-pnd-de-la-grande-corniche\/#primaryimage"},"thumbnailUrl":"https:\/\/paca.lpo.fr\/blogs\/nice\/files\/2017\/06\/IMG_20170529_113447-Copie.jpg","datePublished":"2017-06-14T14:06:55+00:00","dateModified":"2017-06-14T14:35:34+00:00","breadcrumb":{"@id":"https:\/\/paca.lpo.fr\/blogs\/nice\/2017\/06\/14\/les-journees-nature-au-pnd-de-la-grande-corniche\/#breadcrumb"},"inLanguage":"fr-FR","potentialAction":[{"@type":"ReadAction","target":["https:\/\/paca.lpo.fr\/blogs\/nice\/2017\/06\/14\/les-journees-nature-au-pnd-de-la-grande-corniche\/"]}]},{"@type":"ImageObject","inLanguage":"fr-FR","@id":"https:\/\/paca.lpo.fr\/blogs\/nice\/2017\/06\/14\/les-journees-nature-au-pnd-de-la-grande-corniche\/#primaryimage","url":"https:\/\/paca.lpo.fr\/blogs\/nice\/files\/2017\/06\/IMG_20170529_113447-Copie.jpg","contentUrl":"https:\/\/paca.lpo.fr\/blogs\/nice\/files\/2017\/06\/IMG_20170529_113447-Copie.jpg","width":832,"height":624,"caption":"dav"},{"@type":"BreadcrumbList","@id":"https:\/\/paca.lpo.fr\/blogs\/nice\/2017\/06\/14\/les-journees-nature-au-pnd-de-la-grande-corniche\/#breadcrumb","itemListElement":[{"@type":"ListItem","position":1,"name":"Accueil","item":"https:\/\/paca.lpo.fr\/blogs\/nice\/"},{"@type":"ListItem","position":2,"name":"Les Journ\u00e9es Nature au PND de la Grande Corniche"}]},{"@type":"WebSite","@id":"https:\/\/paca.lpo.fr\/blogs\/nice\/#website","url":"https:\/\/paca.lpo.fr\/blogs\/nice\/","name":"Groupe local Nice","description":"Groupe local Nice","publisher":{"@id":"https:\/\/paca.lpo.fr\/blogs\/nice\/#organization"},"potentialAction":[{"@type":"SearchAction","target":{"@type":"EntryPoint","urlTemplate":"https:\/\/paca.lpo.fr\/blogs\/nice\/?s={search_term_string}"},"query-input":{"@type":"PropertyValueSpecification","valueRequired":true,"valueName":"search_term_string"}}],"inLanguage":"fr-FR"},{"@type":"Organization","@id":"https:\/\/paca.lpo.fr\/blogs\/nice\/#organization","name":"Groupe local Nice","url":"https:\/\/paca.lpo.fr\/blogs\/nice\/","logo":{"@type":"ImageObject","inLanguage":"fr-FR","@id":"https:\/\/paca.lpo.fr\/blogs\/nice\/#\/schema\/logo\/image\/","url":"https:\/\/paca.lpo.fr\/blogs\/nice\/files\/2024\/01\/cropped-rvb-lpo-paca-logotype-signature-droite-mini-500.jpg","contentUrl":"https:\/\/paca.lpo.fr\/blogs\/nice\/files\/2024\/01\/cropped-rvb-lpo-paca-logotype-signature-droite-mini-500.jpg","width":500,"height":210,"caption":"Groupe local Nice"},"image":{"@id":"https:\/\/paca.lpo.fr\/blogs\/nice\/#\/schema\/logo\/image\/"}},{"@type":"Person","@id":"https:\/\/paca.lpo.fr\/blogs\/nice\/#\/schema\/person\/1bda33335fb71e0b3552487db26a4c56","name":"Groupe local Paillon-B\u00e9v\u00e9ra","image":{"@type":"ImageObject","inLanguage":"fr-FR","@id":"https:\/\/secure.gravatar.com\/avatar\/b1ee285506e2cb880ec988990d360e255aecb31c77212741dace1023623610c2?s=96&d=mm&r=g","url":"https:\/\/secure.gravatar.com\/avatar\/b1ee285506e2cb880ec988990d360e255aecb31c77212741dace1023623610c2?s=96&d=mm&r=g","contentUrl":"https:\/\/secure.gravatar.com\/avatar\/b1ee285506e2cb880ec988990d360e255aecb31c77212741dace1023623610c2?s=96&d=mm&r=g","caption":"Groupe local Paillon-B\u00e9v\u00e9ra"},"url":"https:\/\/paca.lpo.fr\/blogs\/nice\/author\/alpesmaritimesest\/"}]}},"jetpack_featured_media_url":"","_links":{"self":[{"href":"https:\/\/paca.lpo.fr\/blogs\/nice\/wp-json\/wp\/v2\/posts\/1797","targetHints":{"allow":["GET"]}}],"collection":[{"href":"https:\/\/paca.lpo.fr\/blogs\/nice\/wp-json\/wp\/v2\/posts"}],"about":[{"href":"https:\/\/paca.lpo.fr\/blogs\/nice\/wp-json\/wp\/v2\/types\/post"}],"author":[{"embeddable":true,"href":"https:\/\/paca.lpo.fr\/blogs\/nice\/wp-json\/wp\/v2\/users\/15"}],"replies":[{"embeddable":true,"href":"https:\/\/paca.lpo.fr\/blogs\/nice\/wp-json\/wp\/v2\/comments?post=1797"}],"version-history":[{"count":4,"href":"https:\/\/paca.lpo.fr\/blogs\/nice\/wp-json\/wp\/v2\/posts\/1797\/revisions"}],"predecessor-version":[{"id":1815,"href":"https:\/\/paca.lpo.fr\/blogs\/nice\/wp-json\/wp\/v2\/posts\/1797\/revisions\/1815"}],"wp:attachment":[{"href":"https:\/\/paca.lpo.fr\/blogs\/nice\/wp-json\/wp\/v2\/media?parent=1797"}],"wp:term":[{"taxonomy":"category","embeddable":true,"href":"https:\/\/paca.lpo.fr\/blogs\/nice\/wp-json\/wp\/v2\/categories?post=1797"},{"taxonomy":"post_tag","embeddable":true,"href":"https:\/\/paca.lpo.fr\/blogs\/nice\/wp-json\/wp\/v2\/tags?post=1797"}],"curies":[{"name":"wp","href":"https:\/\/api.w.org\/{rel}","templated":true}]}}