{"id":1805,"date":"2017-06-14T15:21:16","date_gmt":"2017-06-14T14:21:16","guid":{"rendered":"https:\/\/paca.lpo.fr\/blogs\/nice\/?p=1805"},"modified":"2017-06-14T15:21:16","modified_gmt":"2017-06-14T14:21:16","slug":"les-rendez-vous-de-lenvironnement-sur-la-promenade-du-paillon-nice","status":"publish","type":"post","link":"https:\/\/paca.lpo.fr\/blogs\/nice\/2017\/06\/14\/les-rendez-vous-de-lenvironnement-sur-la-promenade-du-paillon-nice\/","title":{"rendered":"Les rendez-vous de l&rsquo;environnement sur la promenade du Paillon, Nice"},"content":{"rendered":"<p>Notre Groupe Local participe \u00e0 ces journ\u00e9es d\u00e9di\u00e9es \u00e0 la nature, rencontrant le public et r\u00e9alisant des mini animations pour les enfants sur 3 dates cet \u00e9t\u00e9, le 2 juin, le 12 juillet et le 6 septembre. Le 2 juin Bernard et Yvonne ont assur\u00e9 l&rsquo;apr\u00e8s-midi de sensibilisation.<br \/>\n  <figure id=\"attachment_1806\" aria-describedby=\"caption-attachment-1806\" style=\"width: 832px\" class=\"wp-caption alignnone\"><img loading=\"lazy\" decoding=\"async\" src=\"https:\/\/paca.lpo.fr\/blogs\/nice\/files\/2017\/06\/IMG_20170602_144424-Copie.jpg\" alt=\"\" width=\"832\" height=\"624\" class=\"size-full wp-image-1806\" srcset=\"https:\/\/paca.lpo.fr\/blogs\/nice\/files\/2017\/06\/IMG_20170602_144424-Copie.jpg 832w, https:\/\/paca.lpo.fr\/blogs\/nice\/files\/2017\/06\/IMG_20170602_144424-Copie-480x360.jpg 480w, https:\/\/paca.lpo.fr\/blogs\/nice\/files\/2017\/06\/IMG_20170602_144424-Copie-768x576.jpg 768w, https:\/\/paca.lpo.fr\/blogs\/nice\/files\/2017\/06\/IMG_20170602_144424-Copie-700x525.jpg 700w\" sizes=\"auto, (max-width: 832px) 100vw, 832px\" \/><figcaption id=\"caption-attachment-1806\" class=\"wp-caption-text\">dav<\/figcaption><\/figure><figure id=\"attachment_1807\" aria-describedby=\"caption-attachment-1807\" style=\"width: 839px\" class=\"wp-caption alignnone\"><img loading=\"lazy\" decoding=\"async\" src=\"https:\/\/paca.lpo.fr\/blogs\/nice\/files\/2017\/06\/IMG_20170602_164019-Copie.jpg\" alt=\"\" width=\"839\" height=\"603\" class=\"size-full wp-image-1807\" srcset=\"https:\/\/paca.lpo.fr\/blogs\/nice\/files\/2017\/06\/IMG_20170602_164019-Copie.jpg 839w, https:\/\/paca.lpo.fr\/blogs\/nice\/files\/2017\/06\/IMG_20170602_164019-Copie-480x345.jpg 480w, https:\/\/paca.lpo.fr\/blogs\/nice\/files\/2017\/06\/IMG_20170602_164019-Copie-768x552.jpg 768w, https:\/\/paca.lpo.fr\/blogs\/nice\/files\/2017\/06\/IMG_20170602_164019-Copie-700x503.jpg 700w\" sizes=\"auto, (max-width: 839px) 100vw, 839px\" \/><figcaption id=\"caption-attachment-1807\" class=\"wp-caption-text\">dav<\/figcaption><\/figure><\/p>\n","protected":false},"excerpt":{"rendered":"<p>Notre Groupe Local participe \u00e0 ces journ\u00e9es d\u00e9di\u00e9es \u00e0 la nature, rencontrant le public et r\u00e9alisant des mini animations pour les enfants sur 3 dates cet \u00e9t\u00e9, le 2 juin, le 12 juillet et le 6 septembre. Le 2 juin Bernard et Yvonne ont assur\u00e9 l&rsquo;apr\u00e8s-midi de sensibilisation.<\/p>\n","protected":false},"author":15,"featured_media":1807,"comment_status":"open","ping_status":"open","sticky":false,"template":"","format":"standard","meta":{"footnotes":""},"categories":[3],"tags":[],"class_list":["post-1805","post","type-post","status-publish","format-standard","has-post-thumbnail","hentry","category-vie-groupe"],"yoast_head":"<!-- This site is optimized with the Yoast SEO plugin v28.3 - https:\/\/yoast.com\/product\/yoast-seo-wordpress\/ -->\n<title>Les rendez-vous de l&#039;environnement sur la promenade du Paillon, Nice - Groupe local Nice<\/title>\n<meta name=\"robots\" content=\"index, follow, max-snippet:-1, max-image-preview:large, max-video-preview:-1\" \/>\n<link rel=\"canonical\" href=\"https:\/\/paca.lpo.fr\/blogs\/nice\/2017\/06\/14\/les-rendez-vous-de-lenvironnement-sur-la-promenade-du-paillon-nice\/\" \/>\n<meta property=\"og:locale\" content=\"fr_FR\" \/>\n<meta property=\"og:type\" content=\"article\" \/>\n<meta property=\"og:title\" content=\"Les rendez-vous de l&#039;environnement sur la promenade du Paillon, Nice - Groupe local Nice\" \/>\n<meta property=\"og:description\" content=\"Notre Groupe Local participe \u00e0 ces journ\u00e9es d\u00e9di\u00e9es \u00e0 la nature, rencontrant le public et r\u00e9alisant des mini animations pour les enfants sur 3 dates cet \u00e9t\u00e9, le 2 juin, le 12 juillet et le 6 septembre. Le 2 juin Bernard et Yvonne ont assur\u00e9 l&rsquo;apr\u00e8s-midi de sensibilisation.\" \/>\n<meta property=\"og:url\" content=\"https:\/\/paca.lpo.fr\/blogs\/nice\/2017\/06\/14\/les-rendez-vous-de-lenvironnement-sur-la-promenade-du-paillon-nice\/\" \/>\n<meta property=\"og:site_name\" content=\"Groupe local Nice\" \/>\n<meta property=\"article:published_time\" content=\"2017-06-14T14:21:16+00:00\" \/>\n<meta property=\"og:image\" content=\"https:\/\/paca.lpo.fr\/blogs\/nice\/files\/2017\/06\/IMG_20170602_164019-Copie.jpg\" \/>\n\t<meta property=\"og:image:width\" content=\"839\" \/>\n\t<meta property=\"og:image:height\" content=\"603\" \/>\n\t<meta property=\"og:image:type\" content=\"image\/jpeg\" \/>\n<meta name=\"author\" content=\"Groupe local Paillon-B\u00e9v\u00e9ra\" \/>\n<meta name=\"twitter:card\" content=\"summary_large_image\" \/>\n<meta name=\"twitter:label1\" content=\"\u00c9crit par\" \/>\n\t<meta name=\"twitter:data1\" content=\"Groupe local Paillon-B\u00e9v\u00e9ra\" \/>\n<script type=\"application\/ld+json\" class=\"yoast-schema-graph\">{\"@context\":\"https:\\\/\\\/schema.org\",\"@graph\":[{\"@type\":\"Article\",\"@id\":\"https:\\\/\\\/paca.lpo.fr\\\/blogs\\\/nice\\\/2017\\\/06\\\/14\\\/les-rendez-vous-de-lenvironnement-sur-la-promenade-du-paillon-nice\\\/#article\",\"isPartOf\":{\"@id\":\"https:\\\/\\\/paca.lpo.fr\\\/blogs\\\/nice\\\/2017\\\/06\\\/14\\\/les-rendez-vous-de-lenvironnement-sur-la-promenade-du-paillon-nice\\\/\"},\"author\":{\"name\":\"Groupe local Paillon-B\u00e9v\u00e9ra\",\"@id\":\"https:\\\/\\\/paca.lpo.fr\\\/blogs\\\/nice\\\/#\\\/schema\\\/person\\\/1bda33335fb71e0b3552487db26a4c56\"},\"headline\":\"Les rendez-vous de l&rsquo;environnement sur la promenade du Paillon, Nice\",\"datePublished\":\"2017-06-14T14:21:16+00:00\",\"mainEntityOfPage\":{\"@id\":\"https:\\\/\\\/paca.lpo.fr\\\/blogs\\\/nice\\\/2017\\\/06\\\/14\\\/les-rendez-vous-de-lenvironnement-sur-la-promenade-du-paillon-nice\\\/\"},\"wordCount\":74,\"commentCount\":0,\"publisher\":{\"@id\":\"https:\\\/\\\/paca.lpo.fr\\\/blogs\\\/nice\\\/#organization\"},\"image\":{\"@id\":\"https:\\\/\\\/paca.lpo.fr\\\/blogs\\\/nice\\\/2017\\\/06\\\/14\\\/les-rendez-vous-de-lenvironnement-sur-la-promenade-du-paillon-nice\\\/#primaryimage\"},\"thumbnailUrl\":\"https:\\\/\\\/paca.lpo.fr\\\/blogs\\\/nice\\\/files\\\/2017\\\/06\\\/IMG_20170602_164019-Copie.jpg\",\"articleSection\":[\"Vie du groupe\"],\"inLanguage\":\"fr-FR\",\"potentialAction\":[{\"@type\":\"CommentAction\",\"name\":\"Comment\",\"target\":[\"https:\\\/\\\/paca.lpo.fr\\\/blogs\\\/nice\\\/2017\\\/06\\\/14\\\/les-rendez-vous-de-lenvironnement-sur-la-promenade-du-paillon-nice\\\/#respond\"]}]},{\"@type\":\"WebPage\",\"@id\":\"https:\\\/\\\/paca.lpo.fr\\\/blogs\\\/nice\\\/2017\\\/06\\\/14\\\/les-rendez-vous-de-lenvironnement-sur-la-promenade-du-paillon-nice\\\/\",\"url\":\"https:\\\/\\\/paca.lpo.fr\\\/blogs\\\/nice\\\/2017\\\/06\\\/14\\\/les-rendez-vous-de-lenvironnement-sur-la-promenade-du-paillon-nice\\\/\",\"name\":\"Les rendez-vous de l'environnement sur la promenade du Paillon, Nice - Groupe local Nice\",\"isPartOf\":{\"@id\":\"https:\\\/\\\/paca.lpo.fr\\\/blogs\\\/nice\\\/#website\"},\"primaryImageOfPage\":{\"@id\":\"https:\\\/\\\/paca.lpo.fr\\\/blogs\\\/nice\\\/2017\\\/06\\\/14\\\/les-rendez-vous-de-lenvironnement-sur-la-promenade-du-paillon-nice\\\/#primaryimage\"},\"image\":{\"@id\":\"https:\\\/\\\/paca.lpo.fr\\\/blogs\\\/nice\\\/2017\\\/06\\\/14\\\/les-rendez-vous-de-lenvironnement-sur-la-promenade-du-paillon-nice\\\/#primaryimage\"},\"thumbnailUrl\":\"https:\\\/\\\/paca.lpo.fr\\\/blogs\\\/nice\\\/files\\\/2017\\\/06\\\/IMG_20170602_164019-Copie.jpg\",\"datePublished\":\"2017-06-14T14:21:16+00:00\",\"breadcrumb\":{\"@id\":\"https:\\\/\\\/paca.lpo.fr\\\/blogs\\\/nice\\\/2017\\\/06\\\/14\\\/les-rendez-vous-de-lenvironnement-sur-la-promenade-du-paillon-nice\\\/#breadcrumb\"},\"inLanguage\":\"fr-FR\",\"potentialAction\":[{\"@type\":\"ReadAction\",\"target\":[\"https:\\\/\\\/paca.lpo.fr\\\/blogs\\\/nice\\\/2017\\\/06\\\/14\\\/les-rendez-vous-de-lenvironnement-sur-la-promenade-du-paillon-nice\\\/\"]}]},{\"@type\":\"ImageObject\",\"inLanguage\":\"fr-FR\",\"@id\":\"https:\\\/\\\/paca.lpo.fr\\\/blogs\\\/nice\\\/2017\\\/06\\\/14\\\/les-rendez-vous-de-lenvironnement-sur-la-promenade-du-paillon-nice\\\/#primaryimage\",\"url\":\"https:\\\/\\\/paca.lpo.fr\\\/blogs\\\/nice\\\/files\\\/2017\\\/06\\\/IMG_20170602_164019-Copie.jpg\",\"contentUrl\":\"https:\\\/\\\/paca.lpo.fr\\\/blogs\\\/nice\\\/files\\\/2017\\\/06\\\/IMG_20170602_164019-Copie.jpg\",\"width\":839,\"height\":603,\"caption\":\"Petits et grands autour des diff\u00e9rents stands\"},{\"@type\":\"BreadcrumbList\",\"@id\":\"https:\\\/\\\/paca.lpo.fr\\\/blogs\\\/nice\\\/2017\\\/06\\\/14\\\/les-rendez-vous-de-lenvironnement-sur-la-promenade-du-paillon-nice\\\/#breadcrumb\",\"itemListElement\":[{\"@type\":\"ListItem\",\"position\":1,\"name\":\"Accueil\",\"item\":\"https:\\\/\\\/paca.lpo.fr\\\/blogs\\\/nice\\\/\"},{\"@type\":\"ListItem\",\"position\":2,\"name\":\"Les rendez-vous de l&rsquo;environnement sur la promenade du Paillon, Nice\"}]},{\"@type\":\"WebSite\",\"@id\":\"https:\\\/\\\/paca.lpo.fr\\\/blogs\\\/nice\\\/#website\",\"url\":\"https:\\\/\\\/paca.lpo.fr\\\/blogs\\\/nice\\\/\",\"name\":\"Groupe local Nice\",\"description\":\"Groupe local Nice\",\"publisher\":{\"@id\":\"https:\\\/\\\/paca.lpo.fr\\\/blogs\\\/nice\\\/#organization\"},\"potentialAction\":[{\"@type\":\"SearchAction\",\"target\":{\"@type\":\"EntryPoint\",\"urlTemplate\":\"https:\\\/\\\/paca.lpo.fr\\\/blogs\\\/nice\\\/?s={search_term_string}\"},\"query-input\":{\"@type\":\"PropertyValueSpecification\",\"valueRequired\":true,\"valueName\":\"search_term_string\"}}],\"inLanguage\":\"fr-FR\"},{\"@type\":\"Organization\",\"@id\":\"https:\\\/\\\/paca.lpo.fr\\\/blogs\\\/nice\\\/#organization\",\"name\":\"Groupe local Nice\",\"url\":\"https:\\\/\\\/paca.lpo.fr\\\/blogs\\\/nice\\\/\",\"logo\":{\"@type\":\"ImageObject\",\"inLanguage\":\"fr-FR\",\"@id\":\"https:\\\/\\\/paca.lpo.fr\\\/blogs\\\/nice\\\/#\\\/schema\\\/logo\\\/image\\\/\",\"url\":\"https:\\\/\\\/paca.lpo.fr\\\/blogs\\\/nice\\\/files\\\/2024\\\/01\\\/cropped-rvb-lpo-paca-logotype-signature-droite-mini-500.jpg\",\"contentUrl\":\"https:\\\/\\\/paca.lpo.fr\\\/blogs\\\/nice\\\/files\\\/2024\\\/01\\\/cropped-rvb-lpo-paca-logotype-signature-droite-mini-500.jpg\",\"width\":500,\"height\":210,\"caption\":\"Groupe local Nice\"},\"image\":{\"@id\":\"https:\\\/\\\/paca.lpo.fr\\\/blogs\\\/nice\\\/#\\\/schema\\\/logo\\\/image\\\/\"}},{\"@type\":\"Person\",\"@id\":\"https:\\\/\\\/paca.lpo.fr\\\/blogs\\\/nice\\\/#\\\/schema\\\/person\\\/1bda33335fb71e0b3552487db26a4c56\",\"name\":\"Groupe local Paillon-B\u00e9v\u00e9ra\",\"image\":{\"@type\":\"ImageObject\",\"inLanguage\":\"fr-FR\",\"@id\":\"https:\\\/\\\/secure.gravatar.com\\\/avatar\\\/b1ee285506e2cb880ec988990d360e255aecb31c77212741dace1023623610c2?s=96&d=mm&r=g\",\"url\":\"https:\\\/\\\/secure.gravatar.com\\\/avatar\\\/b1ee285506e2cb880ec988990d360e255aecb31c77212741dace1023623610c2?s=96&d=mm&r=g\",\"contentUrl\":\"https:\\\/\\\/secure.gravatar.com\\\/avatar\\\/b1ee285506e2cb880ec988990d360e255aecb31c77212741dace1023623610c2?s=96&d=mm&r=g\",\"caption\":\"Groupe local Paillon-B\u00e9v\u00e9ra\"},\"url\":\"https:\\\/\\\/paca.lpo.fr\\\/blogs\\\/nice\\\/author\\\/alpesmaritimesest\\\/\"}]}<\/script>\n<!-- \/ Yoast SEO plugin. -->","yoast_head_json":{"title":"Les rendez-vous de l'environnement sur la promenade du Paillon, Nice - Groupe local Nice","robots":{"index":"index","follow":"follow","max-snippet":"max-snippet:-1","max-image-preview":"max-image-preview:large","max-video-preview":"max-video-preview:-1"},"canonical":"https:\/\/paca.lpo.fr\/blogs\/nice\/2017\/06\/14\/les-rendez-vous-de-lenvironnement-sur-la-promenade-du-paillon-nice\/","og_locale":"fr_FR","og_type":"article","og_title":"Les rendez-vous de l'environnement sur la promenade du Paillon, Nice - Groupe local Nice","og_description":"Notre Groupe Local participe \u00e0 ces journ\u00e9es d\u00e9di\u00e9es \u00e0 la nature, rencontrant le public et r\u00e9alisant des mini animations pour les enfants sur 3 dates cet \u00e9t\u00e9, le 2 juin, le 12 juillet et le 6 septembre. Le 2 juin Bernard et Yvonne ont assur\u00e9 l&rsquo;apr\u00e8s-midi de sensibilisation.","og_url":"https:\/\/paca.lpo.fr\/blogs\/nice\/2017\/06\/14\/les-rendez-vous-de-lenvironnement-sur-la-promenade-du-paillon-nice\/","og_site_name":"Groupe local Nice","article_published_time":"2017-06-14T14:21:16+00:00","og_image":[{"width":839,"height":603,"url":"https:\/\/paca.lpo.fr\/blogs\/nice\/files\/2017\/06\/IMG_20170602_164019-Copie.jpg","type":"image\/jpeg"}],"author":"Groupe local Paillon-B\u00e9v\u00e9ra","twitter_card":"summary_large_image","twitter_misc":{"\u00c9crit par":"Groupe local Paillon-B\u00e9v\u00e9ra"},"schema":{"@context":"https:\/\/schema.org","@graph":[{"@type":"Article","@id":"https:\/\/paca.lpo.fr\/blogs\/nice\/2017\/06\/14\/les-rendez-vous-de-lenvironnement-sur-la-promenade-du-paillon-nice\/#article","isPartOf":{"@id":"https:\/\/paca.lpo.fr\/blogs\/nice\/2017\/06\/14\/les-rendez-vous-de-lenvironnement-sur-la-promenade-du-paillon-nice\/"},"author":{"name":"Groupe local Paillon-B\u00e9v\u00e9ra","@id":"https:\/\/paca.lpo.fr\/blogs\/nice\/#\/schema\/person\/1bda33335fb71e0b3552487db26a4c56"},"headline":"Les rendez-vous de l&rsquo;environnement sur la promenade du Paillon, Nice","datePublished":"2017-06-14T14:21:16+00:00","mainEntityOfPage":{"@id":"https:\/\/paca.lpo.fr\/blogs\/nice\/2017\/06\/14\/les-rendez-vous-de-lenvironnement-sur-la-promenade-du-paillon-nice\/"},"wordCount":74,"commentCount":0,"publisher":{"@id":"https:\/\/paca.lpo.fr\/blogs\/nice\/#organization"},"image":{"@id":"https:\/\/paca.lpo.fr\/blogs\/nice\/2017\/06\/14\/les-rendez-vous-de-lenvironnement-sur-la-promenade-du-paillon-nice\/#primaryimage"},"thumbnailUrl":"https:\/\/paca.lpo.fr\/blogs\/nice\/files\/2017\/06\/IMG_20170602_164019-Copie.jpg","articleSection":["Vie du groupe"],"inLanguage":"fr-FR","potentialAction":[{"@type":"CommentAction","name":"Comment","target":["https:\/\/paca.lpo.fr\/blogs\/nice\/2017\/06\/14\/les-rendez-vous-de-lenvironnement-sur-la-promenade-du-paillon-nice\/#respond"]}]},{"@type":"WebPage","@id":"https:\/\/paca.lpo.fr\/blogs\/nice\/2017\/06\/14\/les-rendez-vous-de-lenvironnement-sur-la-promenade-du-paillon-nice\/","url":"https:\/\/paca.lpo.fr\/blogs\/nice\/2017\/06\/14\/les-rendez-vous-de-lenvironnement-sur-la-promenade-du-paillon-nice\/","name":"Les rendez-vous de l'environnement sur la promenade du Paillon, Nice - Groupe local Nice","isPartOf":{"@id":"https:\/\/paca.lpo.fr\/blogs\/nice\/#website"},"primaryImageOfPage":{"@id":"https:\/\/paca.lpo.fr\/blogs\/nice\/2017\/06\/14\/les-rendez-vous-de-lenvironnement-sur-la-promenade-du-paillon-nice\/#primaryimage"},"image":{"@id":"https:\/\/paca.lpo.fr\/blogs\/nice\/2017\/06\/14\/les-rendez-vous-de-lenvironnement-sur-la-promenade-du-paillon-nice\/#primaryimage"},"thumbnailUrl":"https:\/\/paca.lpo.fr\/blogs\/nice\/files\/2017\/06\/IMG_20170602_164019-Copie.jpg","datePublished":"2017-06-14T14:21:16+00:00","breadcrumb":{"@id":"https:\/\/paca.lpo.fr\/blogs\/nice\/2017\/06\/14\/les-rendez-vous-de-lenvironnement-sur-la-promenade-du-paillon-nice\/#breadcrumb"},"inLanguage":"fr-FR","potentialAction":[{"@type":"ReadAction","target":["https:\/\/paca.lpo.fr\/blogs\/nice\/2017\/06\/14\/les-rendez-vous-de-lenvironnement-sur-la-promenade-du-paillon-nice\/"]}]},{"@type":"ImageObject","inLanguage":"fr-FR","@id":"https:\/\/paca.lpo.fr\/blogs\/nice\/2017\/06\/14\/les-rendez-vous-de-lenvironnement-sur-la-promenade-du-paillon-nice\/#primaryimage","url":"https:\/\/paca.lpo.fr\/blogs\/nice\/files\/2017\/06\/IMG_20170602_164019-Copie.jpg","contentUrl":"https:\/\/paca.lpo.fr\/blogs\/nice\/files\/2017\/06\/IMG_20170602_164019-Copie.jpg","width":839,"height":603,"caption":"Petits et grands autour des diff\u00e9rents stands"},{"@type":"BreadcrumbList","@id":"https:\/\/paca.lpo.fr\/blogs\/nice\/2017\/06\/14\/les-rendez-vous-de-lenvironnement-sur-la-promenade-du-paillon-nice\/#breadcrumb","itemListElement":[{"@type":"ListItem","position":1,"name":"Accueil","item":"https:\/\/paca.lpo.fr\/blogs\/nice\/"},{"@type":"ListItem","position":2,"name":"Les rendez-vous de l&rsquo;environnement sur la promenade du Paillon, Nice"}]},{"@type":"WebSite","@id":"https:\/\/paca.lpo.fr\/blogs\/nice\/#website","url":"https:\/\/paca.lpo.fr\/blogs\/nice\/","name":"Groupe local Nice","description":"Groupe local Nice","publisher":{"@id":"https:\/\/paca.lpo.fr\/blogs\/nice\/#organization"},"potentialAction":[{"@type":"SearchAction","target":{"@type":"EntryPoint","urlTemplate":"https:\/\/paca.lpo.fr\/blogs\/nice\/?s={search_term_string}"},"query-input":{"@type":"PropertyValueSpecification","valueRequired":true,"valueName":"search_term_string"}}],"inLanguage":"fr-FR"},{"@type":"Organization","@id":"https:\/\/paca.lpo.fr\/blogs\/nice\/#organization","name":"Groupe local Nice","url":"https:\/\/paca.lpo.fr\/blogs\/nice\/","logo":{"@type":"ImageObject","inLanguage":"fr-FR","@id":"https:\/\/paca.lpo.fr\/blogs\/nice\/#\/schema\/logo\/image\/","url":"https:\/\/paca.lpo.fr\/blogs\/nice\/files\/2024\/01\/cropped-rvb-lpo-paca-logotype-signature-droite-mini-500.jpg","contentUrl":"https:\/\/paca.lpo.fr\/blogs\/nice\/files\/2024\/01\/cropped-rvb-lpo-paca-logotype-signature-droite-mini-500.jpg","width":500,"height":210,"caption":"Groupe local Nice"},"image":{"@id":"https:\/\/paca.lpo.fr\/blogs\/nice\/#\/schema\/logo\/image\/"}},{"@type":"Person","@id":"https:\/\/paca.lpo.fr\/blogs\/nice\/#\/schema\/person\/1bda33335fb71e0b3552487db26a4c56","name":"Groupe local Paillon-B\u00e9v\u00e9ra","image":{"@type":"ImageObject","inLanguage":"fr-FR","@id":"https:\/\/secure.gravatar.com\/avatar\/b1ee285506e2cb880ec988990d360e255aecb31c77212741dace1023623610c2?s=96&d=mm&r=g","url":"https:\/\/secure.gravatar.com\/avatar\/b1ee285506e2cb880ec988990d360e255aecb31c77212741dace1023623610c2?s=96&d=mm&r=g","contentUrl":"https:\/\/secure.gravatar.com\/avatar\/b1ee285506e2cb880ec988990d360e255aecb31c77212741dace1023623610c2?s=96&d=mm&r=g","caption":"Groupe local Paillon-B\u00e9v\u00e9ra"},"url":"https:\/\/paca.lpo.fr\/blogs\/nice\/author\/alpesmaritimesest\/"}]}},"jetpack_featured_media_url":"https:\/\/paca.lpo.fr\/blogs\/nice\/files\/2017\/06\/IMG_20170602_164019-Copie.jpg","_links":{"self":[{"href":"https:\/\/paca.lpo.fr\/blogs\/nice\/wp-json\/wp\/v2\/posts\/1805","targetHints":{"allow":["GET"]}}],"collection":[{"href":"https:\/\/paca.lpo.fr\/blogs\/nice\/wp-json\/wp\/v2\/posts"}],"about":[{"href":"https:\/\/paca.lpo.fr\/blogs\/nice\/wp-json\/wp\/v2\/types\/post"}],"author":[{"embeddable":true,"href":"https:\/\/paca.lpo.fr\/blogs\/nice\/wp-json\/wp\/v2\/users\/15"}],"replies":[{"embeddable":true,"href":"https:\/\/paca.lpo.fr\/blogs\/nice\/wp-json\/wp\/v2\/comments?post=1805"}],"version-history":[{"count":1,"href":"https:\/\/paca.lpo.fr\/blogs\/nice\/wp-json\/wp\/v2\/posts\/1805\/revisions"}],"predecessor-version":[{"id":1808,"href":"https:\/\/paca.lpo.fr\/blogs\/nice\/wp-json\/wp\/v2\/posts\/1805\/revisions\/1808"}],"wp:featuredmedia":[{"embeddable":true,"href":"https:\/\/paca.lpo.fr\/blogs\/nice\/wp-json\/wp\/v2\/media\/1807"}],"wp:attachment":[{"href":"https:\/\/paca.lpo.fr\/blogs\/nice\/wp-json\/wp\/v2\/media?parent=1805"}],"wp:term":[{"taxonomy":"category","embeddable":true,"href":"https:\/\/paca.lpo.fr\/blogs\/nice\/wp-json\/wp\/v2\/categories?post=1805"},{"taxonomy":"post_tag","embeddable":true,"href":"https:\/\/paca.lpo.fr\/blogs\/nice\/wp-json\/wp\/v2\/tags?post=1805"}],"curies":[{"name":"wp","href":"https:\/\/api.w.org\/{rel}","templated":true}]}}