{"id":1809,"date":"2017-06-14T15:34:04","date_gmt":"2017-06-14T14:34:04","guid":{"rendered":"https:\/\/paca.lpo.fr\/blogs\/nice\/?p=1809"},"modified":"2017-06-14T15:34:04","modified_gmt":"2017-06-14T14:34:04","slug":"sortie-dobservation-au-col-de-brouis-le-11-juin-2017","status":"publish","type":"post","link":"https:\/\/paca.lpo.fr\/blogs\/nice\/2017\/06\/14\/sortie-dobservation-au-col-de-brouis-le-11-juin-2017\/","title":{"rendered":"Sortie d&rsquo;observation au Col de Brouis le 11 juin 2017"},"content":{"rendered":"<p><figure id=\"attachment_1811\" aria-describedby=\"caption-attachment-1811\" style=\"width: 832px\" class=\"wp-caption alignnone\"><img loading=\"lazy\" decoding=\"async\" src=\"https:\/\/paca.lpo.fr\/blogs\/nice\/files\/2017\/06\/IMG_20170611_102906.jpg\" alt=\"\" width=\"832\" height=\"467\" class=\"size-full wp-image-1811\" srcset=\"https:\/\/paca.lpo.fr\/blogs\/nice\/files\/2017\/06\/IMG_20170611_102906.jpg 832w, https:\/\/paca.lpo.fr\/blogs\/nice\/files\/2017\/06\/IMG_20170611_102906-480x269.jpg 480w, https:\/\/paca.lpo.fr\/blogs\/nice\/files\/2017\/06\/IMG_20170611_102906-768x431.jpg 768w, https:\/\/paca.lpo.fr\/blogs\/nice\/files\/2017\/06\/IMG_20170611_102906-700x393.jpg 700w\" sizes=\"auto, (max-width: 832px) 100vw, 832px\" \/><figcaption id=\"caption-attachment-1811\" class=\"wp-caption-text\">All-focus<\/figcaption><\/figure>Anne a conduit un sympathique groupe d&rsquo;observateurs au Col de Brouis, \u00e0 l&rsquo;extr\u00eame est du d\u00e9partement. 3 enfants tr\u00e8s sages faisaient partie des participants.<br \/>\nBelles observations de vautours, aigles, circa\u00e8tes, un \u00e9pervier et une bondr\u00e9e apivore. Les passereaux se cachaient volontiers dans les arbres mais tout le monde a bien entendu leurs chants.<br \/>\n<figure id=\"attachment_1810\" aria-describedby=\"caption-attachment-1810\" style=\"width: 824px\" class=\"wp-caption alignnone\"><img loading=\"lazy\" decoding=\"async\" src=\"https:\/\/paca.lpo.fr\/blogs\/nice\/files\/2017\/06\/IMG_20170611_092920.jpg\" alt=\"\" width=\"824\" height=\"618\" class=\"size-full wp-image-1810\" srcset=\"https:\/\/paca.lpo.fr\/blogs\/nice\/files\/2017\/06\/IMG_20170611_092920.jpg 824w, https:\/\/paca.lpo.fr\/blogs\/nice\/files\/2017\/06\/IMG_20170611_092920-480x360.jpg 480w, https:\/\/paca.lpo.fr\/blogs\/nice\/files\/2017\/06\/IMG_20170611_092920-768x576.jpg 768w, https:\/\/paca.lpo.fr\/blogs\/nice\/files\/2017\/06\/IMG_20170611_092920-700x525.jpg 700w\" sizes=\"auto, (max-width: 824px) 100vw, 824px\" \/><figcaption id=\"caption-attachment-1810\" class=\"wp-caption-text\">dav<\/figcaption><\/figure><figure id=\"attachment_1812\" aria-describedby=\"caption-attachment-1812\" style=\"width: 815px\" class=\"wp-caption alignnone\"><img loading=\"lazy\" decoding=\"async\" src=\"https:\/\/paca.lpo.fr\/blogs\/nice\/files\/2017\/06\/IMG_20170611_134520_2.jpg\" alt=\"\" width=\"815\" height=\"612\" class=\"size-full wp-image-1812\" srcset=\"https:\/\/paca.lpo.fr\/blogs\/nice\/files\/2017\/06\/IMG_20170611_134520_2.jpg 815w, https:\/\/paca.lpo.fr\/blogs\/nice\/files\/2017\/06\/IMG_20170611_134520_2-480x360.jpg 480w, https:\/\/paca.lpo.fr\/blogs\/nice\/files\/2017\/06\/IMG_20170611_134520_2-768x577.jpg 768w, https:\/\/paca.lpo.fr\/blogs\/nice\/files\/2017\/06\/IMG_20170611_134520_2-700x526.jpg 700w\" sizes=\"auto, (max-width: 815px) 100vw, 815px\" \/><figcaption id=\"caption-attachment-1812\" class=\"wp-caption-text\">dav<\/figcaption><\/figure><\/p>\n<figure id=\"attachment_1813\" aria-describedby=\"caption-attachment-1813\" style=\"width: 660px\" class=\"wp-caption alignnone\"><img loading=\"lazy\" decoding=\"async\" src=\"https:\/\/paca.lpo.fr\/blogs\/nice\/files\/2017\/06\/IMG_20170611_102726.jpg\" alt=\"\" width=\"660\" height=\"334\" class=\"size-large wp-image-1813\" srcset=\"https:\/\/paca.lpo.fr\/blogs\/nice\/files\/2017\/06\/IMG_20170611_102726.jpg 807w, https:\/\/paca.lpo.fr\/blogs\/nice\/files\/2017\/06\/IMG_20170611_102726-480x243.jpg 480w, https:\/\/paca.lpo.fr\/blogs\/nice\/files\/2017\/06\/IMG_20170611_102726-768x388.jpg 768w, https:\/\/paca.lpo.fr\/blogs\/nice\/files\/2017\/06\/IMG_20170611_102726-700x354.jpg 700w\" sizes=\"auto, (max-width: 660px) 100vw, 660px\" \/><figcaption id=\"caption-attachment-1813\" class=\"wp-caption-text\">All-focus<\/figcaption><\/figure>\n","protected":false},"excerpt":{"rendered":"<p>Anne a conduit un sympathique groupe d&rsquo;observateurs au Col de Brouis, \u00e0 l&rsquo;extr\u00eame est du d\u00e9partement. 3 enfants tr\u00e8s sages faisaient partie des participants. Belles observations de vautours, aigles, circa\u00e8tes, un \u00e9pervier et une bondr\u00e9e apivore. Les passereaux se cachaient volontiers dans les arbres mais tout le monde a bien entendu leurs chants.<\/p>\n","protected":false},"author":15,"featured_media":1813,"comment_status":"open","ping_status":"open","sticky":false,"template":"","format":"standard","meta":{"footnotes":""},"categories":[1],"tags":[],"class_list":["post-1809","post","type-post","status-publish","format-standard","has-post-thumbnail","hentry","category-sorties-nature"],"yoast_head":"<!-- This site is optimized with the Yoast SEO plugin v28.3 - https:\/\/yoast.com\/product\/yoast-seo-wordpress\/ -->\n<title>Sortie d&#039;observation au Col de Brouis le 11 juin 2017 - Groupe local Nice<\/title>\n<meta name=\"robots\" content=\"index, follow, max-snippet:-1, max-image-preview:large, max-video-preview:-1\" \/>\n<link rel=\"canonical\" href=\"https:\/\/paca.lpo.fr\/blogs\/nice\/2017\/06\/14\/sortie-dobservation-au-col-de-brouis-le-11-juin-2017\/\" \/>\n<meta property=\"og:locale\" content=\"fr_FR\" \/>\n<meta property=\"og:type\" content=\"article\" \/>\n<meta property=\"og:title\" content=\"Sortie d&#039;observation au Col de Brouis le 11 juin 2017 - Groupe local Nice\" \/>\n<meta property=\"og:description\" content=\"Anne a conduit un sympathique groupe d&rsquo;observateurs au Col de Brouis, \u00e0 l&rsquo;extr\u00eame est du d\u00e9partement. 3 enfants tr\u00e8s sages faisaient partie des participants. Belles observations de vautours, aigles, circa\u00e8tes, un \u00e9pervier et une bondr\u00e9e apivore. Les passereaux se cachaient volontiers dans les arbres mais tout le monde a bien entendu leurs chants.\" \/>\n<meta property=\"og:url\" content=\"https:\/\/paca.lpo.fr\/blogs\/nice\/2017\/06\/14\/sortie-dobservation-au-col-de-brouis-le-11-juin-2017\/\" \/>\n<meta property=\"og:site_name\" content=\"Groupe local Nice\" \/>\n<meta property=\"article:published_time\" content=\"2017-06-14T14:34:04+00:00\" \/>\n<meta property=\"og:image\" content=\"https:\/\/paca.lpo.fr\/blogs\/nice\/files\/2017\/06\/IMG_20170611_102726.jpg\" \/>\n\t<meta property=\"og:image:width\" content=\"807\" \/>\n\t<meta property=\"og:image:height\" content=\"408\" \/>\n\t<meta property=\"og:image:type\" content=\"image\/jpeg\" \/>\n<meta name=\"author\" content=\"Groupe local Paillon-B\u00e9v\u00e9ra\" \/>\n<meta name=\"twitter:card\" content=\"summary_large_image\" \/>\n<meta name=\"twitter:label1\" content=\"\u00c9crit par\" \/>\n\t<meta name=\"twitter:data1\" content=\"Groupe local Paillon-B\u00e9v\u00e9ra\" \/>\n<script type=\"application\/ld+json\" class=\"yoast-schema-graph\">{\"@context\":\"https:\\\/\\\/schema.org\",\"@graph\":[{\"@type\":\"Article\",\"@id\":\"https:\\\/\\\/paca.lpo.fr\\\/blogs\\\/nice\\\/2017\\\/06\\\/14\\\/sortie-dobservation-au-col-de-brouis-le-11-juin-2017\\\/#article\",\"isPartOf\":{\"@id\":\"https:\\\/\\\/paca.lpo.fr\\\/blogs\\\/nice\\\/2017\\\/06\\\/14\\\/sortie-dobservation-au-col-de-brouis-le-11-juin-2017\\\/\"},\"author\":{\"name\":\"Groupe local Paillon-B\u00e9v\u00e9ra\",\"@id\":\"https:\\\/\\\/paca.lpo.fr\\\/blogs\\\/nice\\\/#\\\/schema\\\/person\\\/1bda33335fb71e0b3552487db26a4c56\"},\"headline\":\"Sortie d&rsquo;observation au Col de Brouis le 11 juin 2017\",\"datePublished\":\"2017-06-14T14:34:04+00:00\",\"mainEntityOfPage\":{\"@id\":\"https:\\\/\\\/paca.lpo.fr\\\/blogs\\\/nice\\\/2017\\\/06\\\/14\\\/sortie-dobservation-au-col-de-brouis-le-11-juin-2017\\\/\"},\"wordCount\":99,\"commentCount\":0,\"publisher\":{\"@id\":\"https:\\\/\\\/paca.lpo.fr\\\/blogs\\\/nice\\\/#organization\"},\"image\":{\"@id\":\"https:\\\/\\\/paca.lpo.fr\\\/blogs\\\/nice\\\/2017\\\/06\\\/14\\\/sortie-dobservation-au-col-de-brouis-le-11-juin-2017\\\/#primaryimage\"},\"thumbnailUrl\":\"https:\\\/\\\/paca.lpo.fr\\\/blogs\\\/nice\\\/files\\\/2017\\\/06\\\/IMG_20170611_102726.jpg\",\"articleSection\":[\"grands \u00e9v\u00e8nements\"],\"inLanguage\":\"fr-FR\",\"potentialAction\":[{\"@type\":\"CommentAction\",\"name\":\"Comment\",\"target\":[\"https:\\\/\\\/paca.lpo.fr\\\/blogs\\\/nice\\\/2017\\\/06\\\/14\\\/sortie-dobservation-au-col-de-brouis-le-11-juin-2017\\\/#respond\"]}]},{\"@type\":\"WebPage\",\"@id\":\"https:\\\/\\\/paca.lpo.fr\\\/blogs\\\/nice\\\/2017\\\/06\\\/14\\\/sortie-dobservation-au-col-de-brouis-le-11-juin-2017\\\/\",\"url\":\"https:\\\/\\\/paca.lpo.fr\\\/blogs\\\/nice\\\/2017\\\/06\\\/14\\\/sortie-dobservation-au-col-de-brouis-le-11-juin-2017\\\/\",\"name\":\"Sortie d'observation au Col de Brouis le 11 juin 2017 - Groupe local Nice\",\"isPartOf\":{\"@id\":\"https:\\\/\\\/paca.lpo.fr\\\/blogs\\\/nice\\\/#website\"},\"primaryImageOfPage\":{\"@id\":\"https:\\\/\\\/paca.lpo.fr\\\/blogs\\\/nice\\\/2017\\\/06\\\/14\\\/sortie-dobservation-au-col-de-brouis-le-11-juin-2017\\\/#primaryimage\"},\"image\":{\"@id\":\"https:\\\/\\\/paca.lpo.fr\\\/blogs\\\/nice\\\/2017\\\/06\\\/14\\\/sortie-dobservation-au-col-de-brouis-le-11-juin-2017\\\/#primaryimage\"},\"thumbnailUrl\":\"https:\\\/\\\/paca.lpo.fr\\\/blogs\\\/nice\\\/files\\\/2017\\\/06\\\/IMG_20170611_102726.jpg\",\"datePublished\":\"2017-06-14T14:34:04+00:00\",\"breadcrumb\":{\"@id\":\"https:\\\/\\\/paca.lpo.fr\\\/blogs\\\/nice\\\/2017\\\/06\\\/14\\\/sortie-dobservation-au-col-de-brouis-le-11-juin-2017\\\/#breadcrumb\"},\"inLanguage\":\"fr-FR\",\"potentialAction\":[{\"@type\":\"ReadAction\",\"target\":[\"https:\\\/\\\/paca.lpo.fr\\\/blogs\\\/nice\\\/2017\\\/06\\\/14\\\/sortie-dobservation-au-col-de-brouis-le-11-juin-2017\\\/\"]}]},{\"@type\":\"ImageObject\",\"inLanguage\":\"fr-FR\",\"@id\":\"https:\\\/\\\/paca.lpo.fr\\\/blogs\\\/nice\\\/2017\\\/06\\\/14\\\/sortie-dobservation-au-col-de-brouis-le-11-juin-2017\\\/#primaryimage\",\"url\":\"https:\\\/\\\/paca.lpo.fr\\\/blogs\\\/nice\\\/files\\\/2017\\\/06\\\/IMG_20170611_102726.jpg\",\"contentUrl\":\"https:\\\/\\\/paca.lpo.fr\\\/blogs\\\/nice\\\/files\\\/2017\\\/06\\\/IMG_20170611_102726.jpg\",\"width\":807,\"height\":408,\"caption\":\"All-focus\"},{\"@type\":\"BreadcrumbList\",\"@id\":\"https:\\\/\\\/paca.lpo.fr\\\/blogs\\\/nice\\\/2017\\\/06\\\/14\\\/sortie-dobservation-au-col-de-brouis-le-11-juin-2017\\\/#breadcrumb\",\"itemListElement\":[{\"@type\":\"ListItem\",\"position\":1,\"name\":\"Accueil\",\"item\":\"https:\\\/\\\/paca.lpo.fr\\\/blogs\\\/nice\\\/\"},{\"@type\":\"ListItem\",\"position\":2,\"name\":\"Sortie d&rsquo;observation au Col de Brouis le 11 juin 2017\"}]},{\"@type\":\"WebSite\",\"@id\":\"https:\\\/\\\/paca.lpo.fr\\\/blogs\\\/nice\\\/#website\",\"url\":\"https:\\\/\\\/paca.lpo.fr\\\/blogs\\\/nice\\\/\",\"name\":\"Groupe local Nice\",\"description\":\"Groupe local Nice\",\"publisher\":{\"@id\":\"https:\\\/\\\/paca.lpo.fr\\\/blogs\\\/nice\\\/#organization\"},\"potentialAction\":[{\"@type\":\"SearchAction\",\"target\":{\"@type\":\"EntryPoint\",\"urlTemplate\":\"https:\\\/\\\/paca.lpo.fr\\\/blogs\\\/nice\\\/?s={search_term_string}\"},\"query-input\":{\"@type\":\"PropertyValueSpecification\",\"valueRequired\":true,\"valueName\":\"search_term_string\"}}],\"inLanguage\":\"fr-FR\"},{\"@type\":\"Organization\",\"@id\":\"https:\\\/\\\/paca.lpo.fr\\\/blogs\\\/nice\\\/#organization\",\"name\":\"Groupe local Nice\",\"url\":\"https:\\\/\\\/paca.lpo.fr\\\/blogs\\\/nice\\\/\",\"logo\":{\"@type\":\"ImageObject\",\"inLanguage\":\"fr-FR\",\"@id\":\"https:\\\/\\\/paca.lpo.fr\\\/blogs\\\/nice\\\/#\\\/schema\\\/logo\\\/image\\\/\",\"url\":\"https:\\\/\\\/paca.lpo.fr\\\/blogs\\\/nice\\\/files\\\/2024\\\/01\\\/cropped-rvb-lpo-paca-logotype-signature-droite-mini-500.jpg\",\"contentUrl\":\"https:\\\/\\\/paca.lpo.fr\\\/blogs\\\/nice\\\/files\\\/2024\\\/01\\\/cropped-rvb-lpo-paca-logotype-signature-droite-mini-500.jpg\",\"width\":500,\"height\":210,\"caption\":\"Groupe local Nice\"},\"image\":{\"@id\":\"https:\\\/\\\/paca.lpo.fr\\\/blogs\\\/nice\\\/#\\\/schema\\\/logo\\\/image\\\/\"}},{\"@type\":\"Person\",\"@id\":\"https:\\\/\\\/paca.lpo.fr\\\/blogs\\\/nice\\\/#\\\/schema\\\/person\\\/1bda33335fb71e0b3552487db26a4c56\",\"name\":\"Groupe local Paillon-B\u00e9v\u00e9ra\",\"image\":{\"@type\":\"ImageObject\",\"inLanguage\":\"fr-FR\",\"@id\":\"https:\\\/\\\/secure.gravatar.com\\\/avatar\\\/b1ee285506e2cb880ec988990d360e255aecb31c77212741dace1023623610c2?s=96&d=mm&r=g\",\"url\":\"https:\\\/\\\/secure.gravatar.com\\\/avatar\\\/b1ee285506e2cb880ec988990d360e255aecb31c77212741dace1023623610c2?s=96&d=mm&r=g\",\"contentUrl\":\"https:\\\/\\\/secure.gravatar.com\\\/avatar\\\/b1ee285506e2cb880ec988990d360e255aecb31c77212741dace1023623610c2?s=96&d=mm&r=g\",\"caption\":\"Groupe local Paillon-B\u00e9v\u00e9ra\"},\"url\":\"https:\\\/\\\/paca.lpo.fr\\\/blogs\\\/nice\\\/author\\\/alpesmaritimesest\\\/\"}]}<\/script>\n<!-- \/ Yoast SEO plugin. -->","yoast_head_json":{"title":"Sortie d'observation au Col de Brouis le 11 juin 2017 - Groupe local Nice","robots":{"index":"index","follow":"follow","max-snippet":"max-snippet:-1","max-image-preview":"max-image-preview:large","max-video-preview":"max-video-preview:-1"},"canonical":"https:\/\/paca.lpo.fr\/blogs\/nice\/2017\/06\/14\/sortie-dobservation-au-col-de-brouis-le-11-juin-2017\/","og_locale":"fr_FR","og_type":"article","og_title":"Sortie d'observation au Col de Brouis le 11 juin 2017 - Groupe local Nice","og_description":"Anne a conduit un sympathique groupe d&rsquo;observateurs au Col de Brouis, \u00e0 l&rsquo;extr\u00eame est du d\u00e9partement. 3 enfants tr\u00e8s sages faisaient partie des participants. Belles observations de vautours, aigles, circa\u00e8tes, un \u00e9pervier et une bondr\u00e9e apivore. Les passereaux se cachaient volontiers dans les arbres mais tout le monde a bien entendu leurs chants.","og_url":"https:\/\/paca.lpo.fr\/blogs\/nice\/2017\/06\/14\/sortie-dobservation-au-col-de-brouis-le-11-juin-2017\/","og_site_name":"Groupe local Nice","article_published_time":"2017-06-14T14:34:04+00:00","og_image":[{"width":807,"height":408,"url":"https:\/\/paca.lpo.fr\/blogs\/nice\/files\/2017\/06\/IMG_20170611_102726.jpg","type":"image\/jpeg"}],"author":"Groupe local Paillon-B\u00e9v\u00e9ra","twitter_card":"summary_large_image","twitter_misc":{"\u00c9crit par":"Groupe local Paillon-B\u00e9v\u00e9ra"},"schema":{"@context":"https:\/\/schema.org","@graph":[{"@type":"Article","@id":"https:\/\/paca.lpo.fr\/blogs\/nice\/2017\/06\/14\/sortie-dobservation-au-col-de-brouis-le-11-juin-2017\/#article","isPartOf":{"@id":"https:\/\/paca.lpo.fr\/blogs\/nice\/2017\/06\/14\/sortie-dobservation-au-col-de-brouis-le-11-juin-2017\/"},"author":{"name":"Groupe local Paillon-B\u00e9v\u00e9ra","@id":"https:\/\/paca.lpo.fr\/blogs\/nice\/#\/schema\/person\/1bda33335fb71e0b3552487db26a4c56"},"headline":"Sortie d&rsquo;observation au Col de Brouis le 11 juin 2017","datePublished":"2017-06-14T14:34:04+00:00","mainEntityOfPage":{"@id":"https:\/\/paca.lpo.fr\/blogs\/nice\/2017\/06\/14\/sortie-dobservation-au-col-de-brouis-le-11-juin-2017\/"},"wordCount":99,"commentCount":0,"publisher":{"@id":"https:\/\/paca.lpo.fr\/blogs\/nice\/#organization"},"image":{"@id":"https:\/\/paca.lpo.fr\/blogs\/nice\/2017\/06\/14\/sortie-dobservation-au-col-de-brouis-le-11-juin-2017\/#primaryimage"},"thumbnailUrl":"https:\/\/paca.lpo.fr\/blogs\/nice\/files\/2017\/06\/IMG_20170611_102726.jpg","articleSection":["grands \u00e9v\u00e8nements"],"inLanguage":"fr-FR","potentialAction":[{"@type":"CommentAction","name":"Comment","target":["https:\/\/paca.lpo.fr\/blogs\/nice\/2017\/06\/14\/sortie-dobservation-au-col-de-brouis-le-11-juin-2017\/#respond"]}]},{"@type":"WebPage","@id":"https:\/\/paca.lpo.fr\/blogs\/nice\/2017\/06\/14\/sortie-dobservation-au-col-de-brouis-le-11-juin-2017\/","url":"https:\/\/paca.lpo.fr\/blogs\/nice\/2017\/06\/14\/sortie-dobservation-au-col-de-brouis-le-11-juin-2017\/","name":"Sortie d'observation au Col de Brouis le 11 juin 2017 - Groupe local Nice","isPartOf":{"@id":"https:\/\/paca.lpo.fr\/blogs\/nice\/#website"},"primaryImageOfPage":{"@id":"https:\/\/paca.lpo.fr\/blogs\/nice\/2017\/06\/14\/sortie-dobservation-au-col-de-brouis-le-11-juin-2017\/#primaryimage"},"image":{"@id":"https:\/\/paca.lpo.fr\/blogs\/nice\/2017\/06\/14\/sortie-dobservation-au-col-de-brouis-le-11-juin-2017\/#primaryimage"},"thumbnailUrl":"https:\/\/paca.lpo.fr\/blogs\/nice\/files\/2017\/06\/IMG_20170611_102726.jpg","datePublished":"2017-06-14T14:34:04+00:00","breadcrumb":{"@id":"https:\/\/paca.lpo.fr\/blogs\/nice\/2017\/06\/14\/sortie-dobservation-au-col-de-brouis-le-11-juin-2017\/#breadcrumb"},"inLanguage":"fr-FR","potentialAction":[{"@type":"ReadAction","target":["https:\/\/paca.lpo.fr\/blogs\/nice\/2017\/06\/14\/sortie-dobservation-au-col-de-brouis-le-11-juin-2017\/"]}]},{"@type":"ImageObject","inLanguage":"fr-FR","@id":"https:\/\/paca.lpo.fr\/blogs\/nice\/2017\/06\/14\/sortie-dobservation-au-col-de-brouis-le-11-juin-2017\/#primaryimage","url":"https:\/\/paca.lpo.fr\/blogs\/nice\/files\/2017\/06\/IMG_20170611_102726.jpg","contentUrl":"https:\/\/paca.lpo.fr\/blogs\/nice\/files\/2017\/06\/IMG_20170611_102726.jpg","width":807,"height":408,"caption":"All-focus"},{"@type":"BreadcrumbList","@id":"https:\/\/paca.lpo.fr\/blogs\/nice\/2017\/06\/14\/sortie-dobservation-au-col-de-brouis-le-11-juin-2017\/#breadcrumb","itemListElement":[{"@type":"ListItem","position":1,"name":"Accueil","item":"https:\/\/paca.lpo.fr\/blogs\/nice\/"},{"@type":"ListItem","position":2,"name":"Sortie d&rsquo;observation au Col de Brouis le 11 juin 2017"}]},{"@type":"WebSite","@id":"https:\/\/paca.lpo.fr\/blogs\/nice\/#website","url":"https:\/\/paca.lpo.fr\/blogs\/nice\/","name":"Groupe local Nice","description":"Groupe local Nice","publisher":{"@id":"https:\/\/paca.lpo.fr\/blogs\/nice\/#organization"},"potentialAction":[{"@type":"SearchAction","target":{"@type":"EntryPoint","urlTemplate":"https:\/\/paca.lpo.fr\/blogs\/nice\/?s={search_term_string}"},"query-input":{"@type":"PropertyValueSpecification","valueRequired":true,"valueName":"search_term_string"}}],"inLanguage":"fr-FR"},{"@type":"Organization","@id":"https:\/\/paca.lpo.fr\/blogs\/nice\/#organization","name":"Groupe local Nice","url":"https:\/\/paca.lpo.fr\/blogs\/nice\/","logo":{"@type":"ImageObject","inLanguage":"fr-FR","@id":"https:\/\/paca.lpo.fr\/blogs\/nice\/#\/schema\/logo\/image\/","url":"https:\/\/paca.lpo.fr\/blogs\/nice\/files\/2024\/01\/cropped-rvb-lpo-paca-logotype-signature-droite-mini-500.jpg","contentUrl":"https:\/\/paca.lpo.fr\/blogs\/nice\/files\/2024\/01\/cropped-rvb-lpo-paca-logotype-signature-droite-mini-500.jpg","width":500,"height":210,"caption":"Groupe local Nice"},"image":{"@id":"https:\/\/paca.lpo.fr\/blogs\/nice\/#\/schema\/logo\/image\/"}},{"@type":"Person","@id":"https:\/\/paca.lpo.fr\/blogs\/nice\/#\/schema\/person\/1bda33335fb71e0b3552487db26a4c56","name":"Groupe local Paillon-B\u00e9v\u00e9ra","image":{"@type":"ImageObject","inLanguage":"fr-FR","@id":"https:\/\/secure.gravatar.com\/avatar\/b1ee285506e2cb880ec988990d360e255aecb31c77212741dace1023623610c2?s=96&d=mm&r=g","url":"https:\/\/secure.gravatar.com\/avatar\/b1ee285506e2cb880ec988990d360e255aecb31c77212741dace1023623610c2?s=96&d=mm&r=g","contentUrl":"https:\/\/secure.gravatar.com\/avatar\/b1ee285506e2cb880ec988990d360e255aecb31c77212741dace1023623610c2?s=96&d=mm&r=g","caption":"Groupe local Paillon-B\u00e9v\u00e9ra"},"url":"https:\/\/paca.lpo.fr\/blogs\/nice\/author\/alpesmaritimesest\/"}]}},"jetpack_featured_media_url":"https:\/\/paca.lpo.fr\/blogs\/nice\/files\/2017\/06\/IMG_20170611_102726.jpg","_links":{"self":[{"href":"https:\/\/paca.lpo.fr\/blogs\/nice\/wp-json\/wp\/v2\/posts\/1809","targetHints":{"allow":["GET"]}}],"collection":[{"href":"https:\/\/paca.lpo.fr\/blogs\/nice\/wp-json\/wp\/v2\/posts"}],"about":[{"href":"https:\/\/paca.lpo.fr\/blogs\/nice\/wp-json\/wp\/v2\/types\/post"}],"author":[{"embeddable":true,"href":"https:\/\/paca.lpo.fr\/blogs\/nice\/wp-json\/wp\/v2\/users\/15"}],"replies":[{"embeddable":true,"href":"https:\/\/paca.lpo.fr\/blogs\/nice\/wp-json\/wp\/v2\/comments?post=1809"}],"version-history":[{"count":1,"href":"https:\/\/paca.lpo.fr\/blogs\/nice\/wp-json\/wp\/v2\/posts\/1809\/revisions"}],"predecessor-version":[{"id":1814,"href":"https:\/\/paca.lpo.fr\/blogs\/nice\/wp-json\/wp\/v2\/posts\/1809\/revisions\/1814"}],"wp:featuredmedia":[{"embeddable":true,"href":"https:\/\/paca.lpo.fr\/blogs\/nice\/wp-json\/wp\/v2\/media\/1813"}],"wp:attachment":[{"href":"https:\/\/paca.lpo.fr\/blogs\/nice\/wp-json\/wp\/v2\/media?parent=1809"}],"wp:term":[{"taxonomy":"category","embeddable":true,"href":"https:\/\/paca.lpo.fr\/blogs\/nice\/wp-json\/wp\/v2\/categories?post=1809"},{"taxonomy":"post_tag","embeddable":true,"href":"https:\/\/paca.lpo.fr\/blogs\/nice\/wp-json\/wp\/v2\/tags?post=1809"}],"curies":[{"name":"wp","href":"https:\/\/api.w.org\/{rel}","templated":true}]}}