{"id":19,"date":"2010-11-14T12:03:28","date_gmt":"2010-11-14T12:03:28","guid":{"rendered":"https:\/\/paca.lpo.fr\/blogs\/nice\/?p=19"},"modified":"2010-11-14T12:03:28","modified_gmt":"2010-11-14T12:03:28","slug":"les-rapaces-une-passion-partagee","status":"publish","type":"post","link":"https:\/\/paca.lpo.fr\/blogs\/nice\/2010\/11\/14\/les-rapaces-une-passion-partagee\/","title":{"rendered":"Les Rapaces: une passion partag\u00e9e"},"content":{"rendered":"<p><img loading=\"lazy\" decoding=\"async\" src=\"http:\/\/www.image-upload.ch\/upload\/LPO_BLOG\/00_01_31_1_10__Buse_Mt_Gros.jpg\" alt=\"une buse variable avec pour d\u00e9cor la ville de Nice\" width=\"500\" height=\"333\" border=\"0\" \/><\/p>\n<p>Des b\u00e9n\u00e9voles du groupe Alpes-Maritimes Est de la LPO sont pass\u00e9s de la simple observation \u00e0 la v\u00e9ritable enqu\u00eate, de la passion individuelle pour les rapaces au partage de donn\u00e9es ornithologiques.<\/p>\n<p>Avec l&rsquo;aide d&rsquo;experts, ils ont r\u00e9alis\u00e9 un suivi ornithologique sur Nice et ses environs. Cette enqu\u00eate s&rsquo;inscrit dans\u00a0un cadre national dont les donn\u00e9es seront analys\u00e9es par le CNRS de Chiz\u00e9.<\/p>\n<p>Vous \u00eates passionn\u00e9s par les rapaces ? Vous voulez conna\u00eetre le\u00a0 d\u00e9roulement\u00a0d&rsquo;une enqu\u00eate ornithologique ? Ou tout simplement vous avez envie de conna\u00eetre ces oiseaux pr\u00e9sents au coeur de votre ville ?<\/p>\n<p>L&rsquo;un de ces b\u00e9n\u00e9voles, Fr\u00e9d\u00e9ric Scoffier, va vous faire partager sa passion lors d&rsquo;une conf\u00e9rence, le vendredi 19 novembre. Comment de cette passion, au fil de ses observations, il est parvenu \u00e0 r\u00e9aliser cette enqu\u00eate sur les rapaces diurnes.<\/p>\n<p>Passionn\u00e9s et curieux, ornithologues confirm\u00e9s et observateurs d\u00e9butants, vous \u00eates tous convi\u00e9s \u00e0 cette conf\u00e9rence.<\/p>\n<p><strong>\u00a0<img loading=\"lazy\" decoding=\"async\" src=\"http:\/\/www.image-upload.ch\/upload\/LPO_BLOG\/%21cid_75635FFC_AF44_4082_90C2_1D2A860939D1.jpg\" alt=\"observation \u00e0 La Trinit\u00e9\" width=\"500\" height=\"333\" border=\"0\" \/><\/strong><\/p>\n<p><strong>\u00ab\u00a0Des Rapaces dans la ville ?\u00a0\u00bb<\/strong> (R\u00e9sultat de l&rsquo;observatoire rapaces diurnes 2010 sur Nice et ses environs):<br \/>\nVendredi 19 novembre 2010 \u00e0 18h30<br \/>\nMaison de l&rsquo;Environnement &#8211; 31 avenue Castellane &#8211; Nice<br \/>\nAcc\u00e8s: Tramway arr\u00eat Gorbella (5 min \u00e0 pied)<br \/>\nGRATUIT et ouvert \u00e0 tous sur r\u00e9servation (t\u00e9l. : 04.97.07.24.60)<strong><strong> <\/strong><\/strong><\/p>\n","protected":false},"excerpt":{"rendered":"<p>Des b\u00e9n\u00e9voles du groupe Alpes-Maritimes Est de la LPO sont pass\u00e9s de la simple observation \u00e0 la v\u00e9ritable enqu\u00eate, de la passion individuelle pour les rapaces au partage de donn\u00e9es ornithologiques. Avec l&rsquo;aide d&rsquo;experts, ils ont r\u00e9alis\u00e9 un suivi ornithologique sur Nice et ses environs. Cette enqu\u00eate s&rsquo;inscrit dans\u00a0un cadre national dont les donn\u00e9es seront [&hellip;]<\/p>\n","protected":false},"author":1,"featured_media":0,"comment_status":"open","ping_status":"open","sticky":false,"template":"","format":"standard","meta":{"footnotes":""},"categories":[3],"tags":[10,18,20,46,50,57,58,73],"class_list":["post-19","post","type-post","status-publish","format-standard","hentry","category-vie-groupe","tag-benevoles","tag-conference","tag-enquete","tag-nice","tag-observation","tag-rapaces","tag-rapaces-diurnes","tag-ville"],"yoast_head":"<!-- This site is optimized with the Yoast SEO plugin v28.3 - https:\/\/yoast.com\/product\/yoast-seo-wordpress\/ -->\n<title>Les Rapaces: une passion partag\u00e9e  - Groupe local Nice<\/title>\n<meta name=\"robots\" content=\"index, follow, max-snippet:-1, max-image-preview:large, max-video-preview:-1\" \/>\n<link rel=\"canonical\" href=\"https:\/\/paca.lpo.fr\/blogs\/nice\/2010\/11\/14\/les-rapaces-une-passion-partagee\/\" \/>\n<meta property=\"og:locale\" content=\"fr_FR\" \/>\n<meta property=\"og:type\" content=\"article\" \/>\n<meta property=\"og:title\" content=\"Les Rapaces: une passion partag\u00e9e  - Groupe local Nice\" \/>\n<meta property=\"og:description\" content=\"Des b\u00e9n\u00e9voles du groupe Alpes-Maritimes Est de la LPO sont pass\u00e9s de la simple observation \u00e0 la v\u00e9ritable enqu\u00eate, de la passion individuelle pour les rapaces au partage de donn\u00e9es ornithologiques. Avec l&rsquo;aide d&rsquo;experts, ils ont r\u00e9alis\u00e9 un suivi ornithologique sur Nice et ses environs. Cette enqu\u00eate s&rsquo;inscrit dans\u00a0un cadre national dont les donn\u00e9es seront [&hellip;]\" \/>\n<meta property=\"og:url\" content=\"https:\/\/paca.lpo.fr\/blogs\/nice\/2010\/11\/14\/les-rapaces-une-passion-partagee\/\" \/>\n<meta property=\"og:site_name\" content=\"Groupe local Nice\" \/>\n<meta property=\"article:published_time\" content=\"2010-11-14T12:03:28+00:00\" \/>\n<meta property=\"og:image\" content=\"http:\/\/www.image-upload.ch\/upload\/LPO_BLOG\/00_01_31_1_10__Buse_Mt_Gros.jpg\" \/>\n<meta name=\"author\" content=\"LPOPACA\" \/>\n<meta name=\"twitter:card\" content=\"summary_large_image\" \/>\n<meta name=\"twitter:label1\" content=\"\u00c9crit par\" \/>\n\t<meta name=\"twitter:data1\" content=\"LPOPACA\" \/>\n\t<meta name=\"twitter:label2\" content=\"Dur\u00e9e de lecture estim\u00e9e\" \/>\n\t<meta name=\"twitter:data2\" content=\"1 minute\" \/>\n<script type=\"application\/ld+json\" class=\"yoast-schema-graph\">{\"@context\":\"https:\\\/\\\/schema.org\",\"@graph\":[{\"@type\":\"Article\",\"@id\":\"https:\\\/\\\/paca.lpo.fr\\\/blogs\\\/nice\\\/2010\\\/11\\\/14\\\/les-rapaces-une-passion-partagee\\\/#article\",\"isPartOf\":{\"@id\":\"https:\\\/\\\/paca.lpo.fr\\\/blogs\\\/nice\\\/2010\\\/11\\\/14\\\/les-rapaces-une-passion-partagee\\\/\"},\"author\":{\"name\":\"LPOPACA\",\"@id\":\"https:\\\/\\\/paca.lpo.fr\\\/blogs\\\/nice\\\/#\\\/schema\\\/person\\\/f4701c21e2e412e301d69ea575732a07\"},\"headline\":\"Les Rapaces: une passion partag\u00e9e\",\"datePublished\":\"2010-11-14T12:03:28+00:00\",\"mainEntityOfPage\":{\"@id\":\"https:\\\/\\\/paca.lpo.fr\\\/blogs\\\/nice\\\/2010\\\/11\\\/14\\\/les-rapaces-une-passion-partagee\\\/\"},\"wordCount\":228,\"commentCount\":0,\"publisher\":{\"@id\":\"https:\\\/\\\/paca.lpo.fr\\\/blogs\\\/nice\\\/#organization\"},\"image\":{\"@id\":\"https:\\\/\\\/paca.lpo.fr\\\/blogs\\\/nice\\\/2010\\\/11\\\/14\\\/les-rapaces-une-passion-partagee\\\/#primaryimage\"},\"thumbnailUrl\":\"http:\\\/\\\/www.image-upload.ch\\\/upload\\\/LPO_BLOG\\\/00_01_31_1_10__Buse_Mt_Gros.jpg\",\"keywords\":[\"b\u00e9n\u00e9voles\",\"conf\u00e9rence\",\"enqu\u00eate\",\"nice\",\"observation\",\"rapaces\",\"rapaces diurnes\",\"ville\"],\"articleSection\":[\"Vie du groupe\"],\"inLanguage\":\"fr-FR\",\"potentialAction\":[{\"@type\":\"CommentAction\",\"name\":\"Comment\",\"target\":[\"https:\\\/\\\/paca.lpo.fr\\\/blogs\\\/nice\\\/2010\\\/11\\\/14\\\/les-rapaces-une-passion-partagee\\\/#respond\"]}]},{\"@type\":\"WebPage\",\"@id\":\"https:\\\/\\\/paca.lpo.fr\\\/blogs\\\/nice\\\/2010\\\/11\\\/14\\\/les-rapaces-une-passion-partagee\\\/\",\"url\":\"https:\\\/\\\/paca.lpo.fr\\\/blogs\\\/nice\\\/2010\\\/11\\\/14\\\/les-rapaces-une-passion-partagee\\\/\",\"name\":\"Les Rapaces: une passion partag\u00e9e - Groupe local Nice\",\"isPartOf\":{\"@id\":\"https:\\\/\\\/paca.lpo.fr\\\/blogs\\\/nice\\\/#website\"},\"primaryImageOfPage\":{\"@id\":\"https:\\\/\\\/paca.lpo.fr\\\/blogs\\\/nice\\\/2010\\\/11\\\/14\\\/les-rapaces-une-passion-partagee\\\/#primaryimage\"},\"image\":{\"@id\":\"https:\\\/\\\/paca.lpo.fr\\\/blogs\\\/nice\\\/2010\\\/11\\\/14\\\/les-rapaces-une-passion-partagee\\\/#primaryimage\"},\"thumbnailUrl\":\"http:\\\/\\\/www.image-upload.ch\\\/upload\\\/LPO_BLOG\\\/00_01_31_1_10__Buse_Mt_Gros.jpg\",\"datePublished\":\"2010-11-14T12:03:28+00:00\",\"breadcrumb\":{\"@id\":\"https:\\\/\\\/paca.lpo.fr\\\/blogs\\\/nice\\\/2010\\\/11\\\/14\\\/les-rapaces-une-passion-partagee\\\/#breadcrumb\"},\"inLanguage\":\"fr-FR\",\"potentialAction\":[{\"@type\":\"ReadAction\",\"target\":[\"https:\\\/\\\/paca.lpo.fr\\\/blogs\\\/nice\\\/2010\\\/11\\\/14\\\/les-rapaces-une-passion-partagee\\\/\"]}]},{\"@type\":\"ImageObject\",\"inLanguage\":\"fr-FR\",\"@id\":\"https:\\\/\\\/paca.lpo.fr\\\/blogs\\\/nice\\\/2010\\\/11\\\/14\\\/les-rapaces-une-passion-partagee\\\/#primaryimage\",\"url\":\"http:\\\/\\\/www.image-upload.ch\\\/upload\\\/LPO_BLOG\\\/00_01_31_1_10__Buse_Mt_Gros.jpg\",\"contentUrl\":\"http:\\\/\\\/www.image-upload.ch\\\/upload\\\/LPO_BLOG\\\/00_01_31_1_10__Buse_Mt_Gros.jpg\"},{\"@type\":\"BreadcrumbList\",\"@id\":\"https:\\\/\\\/paca.lpo.fr\\\/blogs\\\/nice\\\/2010\\\/11\\\/14\\\/les-rapaces-une-passion-partagee\\\/#breadcrumb\",\"itemListElement\":[{\"@type\":\"ListItem\",\"position\":1,\"name\":\"Accueil\",\"item\":\"https:\\\/\\\/paca.lpo.fr\\\/blogs\\\/nice\\\/\"},{\"@type\":\"ListItem\",\"position\":2,\"name\":\"Les Rapaces: une passion partag\u00e9e\"}]},{\"@type\":\"WebSite\",\"@id\":\"https:\\\/\\\/paca.lpo.fr\\\/blogs\\\/nice\\\/#website\",\"url\":\"https:\\\/\\\/paca.lpo.fr\\\/blogs\\\/nice\\\/\",\"name\":\"Groupe local Nice\",\"description\":\"Groupe local Nice\",\"publisher\":{\"@id\":\"https:\\\/\\\/paca.lpo.fr\\\/blogs\\\/nice\\\/#organization\"},\"potentialAction\":[{\"@type\":\"SearchAction\",\"target\":{\"@type\":\"EntryPoint\",\"urlTemplate\":\"https:\\\/\\\/paca.lpo.fr\\\/blogs\\\/nice\\\/?s={search_term_string}\"},\"query-input\":{\"@type\":\"PropertyValueSpecification\",\"valueRequired\":true,\"valueName\":\"search_term_string\"}}],\"inLanguage\":\"fr-FR\"},{\"@type\":\"Organization\",\"@id\":\"https:\\\/\\\/paca.lpo.fr\\\/blogs\\\/nice\\\/#organization\",\"name\":\"Groupe local Nice\",\"url\":\"https:\\\/\\\/paca.lpo.fr\\\/blogs\\\/nice\\\/\",\"logo\":{\"@type\":\"ImageObject\",\"inLanguage\":\"fr-FR\",\"@id\":\"https:\\\/\\\/paca.lpo.fr\\\/blogs\\\/nice\\\/#\\\/schema\\\/logo\\\/image\\\/\",\"url\":\"https:\\\/\\\/paca.lpo.fr\\\/blogs\\\/nice\\\/files\\\/2024\\\/01\\\/cropped-rvb-lpo-paca-logotype-signature-droite-mini-500.jpg\",\"contentUrl\":\"https:\\\/\\\/paca.lpo.fr\\\/blogs\\\/nice\\\/files\\\/2024\\\/01\\\/cropped-rvb-lpo-paca-logotype-signature-droite-mini-500.jpg\",\"width\":500,\"height\":210,\"caption\":\"Groupe local Nice\"},\"image\":{\"@id\":\"https:\\\/\\\/paca.lpo.fr\\\/blogs\\\/nice\\\/#\\\/schema\\\/logo\\\/image\\\/\"}},{\"@type\":\"Person\",\"@id\":\"https:\\\/\\\/paca.lpo.fr\\\/blogs\\\/nice\\\/#\\\/schema\\\/person\\\/f4701c21e2e412e301d69ea575732a07\",\"name\":\"LPOPACA\",\"image\":{\"@type\":\"ImageObject\",\"inLanguage\":\"fr-FR\",\"@id\":\"https:\\\/\\\/secure.gravatar.com\\\/avatar\\\/61b4fe4aeb906264475360b018582a8a825394c21df85ee757345c68c15ddd14?s=96&d=mm&r=g\",\"url\":\"https:\\\/\\\/secure.gravatar.com\\\/avatar\\\/61b4fe4aeb906264475360b018582a8a825394c21df85ee757345c68c15ddd14?s=96&d=mm&r=g\",\"contentUrl\":\"https:\\\/\\\/secure.gravatar.com\\\/avatar\\\/61b4fe4aeb906264475360b018582a8a825394c21df85ee757345c68c15ddd14?s=96&d=mm&r=g\",\"caption\":\"LPOPACA\"},\"url\":\"https:\\\/\\\/paca.lpo.fr\\\/blogs\\\/nice\\\/author\\\/lpopaca\\\/\"}]}<\/script>\n<!-- \/ Yoast SEO plugin. -->","yoast_head_json":{"title":"Les Rapaces: une passion partag\u00e9e  - Groupe local Nice","robots":{"index":"index","follow":"follow","max-snippet":"max-snippet:-1","max-image-preview":"max-image-preview:large","max-video-preview":"max-video-preview:-1"},"canonical":"https:\/\/paca.lpo.fr\/blogs\/nice\/2010\/11\/14\/les-rapaces-une-passion-partagee\/","og_locale":"fr_FR","og_type":"article","og_title":"Les Rapaces: une passion partag\u00e9e  - Groupe local Nice","og_description":"Des b\u00e9n\u00e9voles du groupe Alpes-Maritimes Est de la LPO sont pass\u00e9s de la simple observation \u00e0 la v\u00e9ritable enqu\u00eate, de la passion individuelle pour les rapaces au partage de donn\u00e9es ornithologiques. Avec l&rsquo;aide d&rsquo;experts, ils ont r\u00e9alis\u00e9 un suivi ornithologique sur Nice et ses environs. Cette enqu\u00eate s&rsquo;inscrit dans\u00a0un cadre national dont les donn\u00e9es seront [&hellip;]","og_url":"https:\/\/paca.lpo.fr\/blogs\/nice\/2010\/11\/14\/les-rapaces-une-passion-partagee\/","og_site_name":"Groupe local Nice","article_published_time":"2010-11-14T12:03:28+00:00","og_image":[{"url":"http:\/\/www.image-upload.ch\/upload\/LPO_BLOG\/00_01_31_1_10__Buse_Mt_Gros.jpg","type":"","width":"","height":""}],"author":"LPOPACA","twitter_card":"summary_large_image","twitter_misc":{"\u00c9crit par":"LPOPACA","Dur\u00e9e de lecture estim\u00e9e":"1 minute"},"schema":{"@context":"https:\/\/schema.org","@graph":[{"@type":"Article","@id":"https:\/\/paca.lpo.fr\/blogs\/nice\/2010\/11\/14\/les-rapaces-une-passion-partagee\/#article","isPartOf":{"@id":"https:\/\/paca.lpo.fr\/blogs\/nice\/2010\/11\/14\/les-rapaces-une-passion-partagee\/"},"author":{"name":"LPOPACA","@id":"https:\/\/paca.lpo.fr\/blogs\/nice\/#\/schema\/person\/f4701c21e2e412e301d69ea575732a07"},"headline":"Les Rapaces: une passion partag\u00e9e","datePublished":"2010-11-14T12:03:28+00:00","mainEntityOfPage":{"@id":"https:\/\/paca.lpo.fr\/blogs\/nice\/2010\/11\/14\/les-rapaces-une-passion-partagee\/"},"wordCount":228,"commentCount":0,"publisher":{"@id":"https:\/\/paca.lpo.fr\/blogs\/nice\/#organization"},"image":{"@id":"https:\/\/paca.lpo.fr\/blogs\/nice\/2010\/11\/14\/les-rapaces-une-passion-partagee\/#primaryimage"},"thumbnailUrl":"http:\/\/www.image-upload.ch\/upload\/LPO_BLOG\/00_01_31_1_10__Buse_Mt_Gros.jpg","keywords":["b\u00e9n\u00e9voles","conf\u00e9rence","enqu\u00eate","nice","observation","rapaces","rapaces diurnes","ville"],"articleSection":["Vie du groupe"],"inLanguage":"fr-FR","potentialAction":[{"@type":"CommentAction","name":"Comment","target":["https:\/\/paca.lpo.fr\/blogs\/nice\/2010\/11\/14\/les-rapaces-une-passion-partagee\/#respond"]}]},{"@type":"WebPage","@id":"https:\/\/paca.lpo.fr\/blogs\/nice\/2010\/11\/14\/les-rapaces-une-passion-partagee\/","url":"https:\/\/paca.lpo.fr\/blogs\/nice\/2010\/11\/14\/les-rapaces-une-passion-partagee\/","name":"Les Rapaces: une passion partag\u00e9e - Groupe local Nice","isPartOf":{"@id":"https:\/\/paca.lpo.fr\/blogs\/nice\/#website"},"primaryImageOfPage":{"@id":"https:\/\/paca.lpo.fr\/blogs\/nice\/2010\/11\/14\/les-rapaces-une-passion-partagee\/#primaryimage"},"image":{"@id":"https:\/\/paca.lpo.fr\/blogs\/nice\/2010\/11\/14\/les-rapaces-une-passion-partagee\/#primaryimage"},"thumbnailUrl":"http:\/\/www.image-upload.ch\/upload\/LPO_BLOG\/00_01_31_1_10__Buse_Mt_Gros.jpg","datePublished":"2010-11-14T12:03:28+00:00","breadcrumb":{"@id":"https:\/\/paca.lpo.fr\/blogs\/nice\/2010\/11\/14\/les-rapaces-une-passion-partagee\/#breadcrumb"},"inLanguage":"fr-FR","potentialAction":[{"@type":"ReadAction","target":["https:\/\/paca.lpo.fr\/blogs\/nice\/2010\/11\/14\/les-rapaces-une-passion-partagee\/"]}]},{"@type":"ImageObject","inLanguage":"fr-FR","@id":"https:\/\/paca.lpo.fr\/blogs\/nice\/2010\/11\/14\/les-rapaces-une-passion-partagee\/#primaryimage","url":"http:\/\/www.image-upload.ch\/upload\/LPO_BLOG\/00_01_31_1_10__Buse_Mt_Gros.jpg","contentUrl":"http:\/\/www.image-upload.ch\/upload\/LPO_BLOG\/00_01_31_1_10__Buse_Mt_Gros.jpg"},{"@type":"BreadcrumbList","@id":"https:\/\/paca.lpo.fr\/blogs\/nice\/2010\/11\/14\/les-rapaces-une-passion-partagee\/#breadcrumb","itemListElement":[{"@type":"ListItem","position":1,"name":"Accueil","item":"https:\/\/paca.lpo.fr\/blogs\/nice\/"},{"@type":"ListItem","position":2,"name":"Les Rapaces: une passion partag\u00e9e"}]},{"@type":"WebSite","@id":"https:\/\/paca.lpo.fr\/blogs\/nice\/#website","url":"https:\/\/paca.lpo.fr\/blogs\/nice\/","name":"Groupe local Nice","description":"Groupe local Nice","publisher":{"@id":"https:\/\/paca.lpo.fr\/blogs\/nice\/#organization"},"potentialAction":[{"@type":"SearchAction","target":{"@type":"EntryPoint","urlTemplate":"https:\/\/paca.lpo.fr\/blogs\/nice\/?s={search_term_string}"},"query-input":{"@type":"PropertyValueSpecification","valueRequired":true,"valueName":"search_term_string"}}],"inLanguage":"fr-FR"},{"@type":"Organization","@id":"https:\/\/paca.lpo.fr\/blogs\/nice\/#organization","name":"Groupe local Nice","url":"https:\/\/paca.lpo.fr\/blogs\/nice\/","logo":{"@type":"ImageObject","inLanguage":"fr-FR","@id":"https:\/\/paca.lpo.fr\/blogs\/nice\/#\/schema\/logo\/image\/","url":"https:\/\/paca.lpo.fr\/blogs\/nice\/files\/2024\/01\/cropped-rvb-lpo-paca-logotype-signature-droite-mini-500.jpg","contentUrl":"https:\/\/paca.lpo.fr\/blogs\/nice\/files\/2024\/01\/cropped-rvb-lpo-paca-logotype-signature-droite-mini-500.jpg","width":500,"height":210,"caption":"Groupe local Nice"},"image":{"@id":"https:\/\/paca.lpo.fr\/blogs\/nice\/#\/schema\/logo\/image\/"}},{"@type":"Person","@id":"https:\/\/paca.lpo.fr\/blogs\/nice\/#\/schema\/person\/f4701c21e2e412e301d69ea575732a07","name":"LPOPACA","image":{"@type":"ImageObject","inLanguage":"fr-FR","@id":"https:\/\/secure.gravatar.com\/avatar\/61b4fe4aeb906264475360b018582a8a825394c21df85ee757345c68c15ddd14?s=96&d=mm&r=g","url":"https:\/\/secure.gravatar.com\/avatar\/61b4fe4aeb906264475360b018582a8a825394c21df85ee757345c68c15ddd14?s=96&d=mm&r=g","contentUrl":"https:\/\/secure.gravatar.com\/avatar\/61b4fe4aeb906264475360b018582a8a825394c21df85ee757345c68c15ddd14?s=96&d=mm&r=g","caption":"LPOPACA"},"url":"https:\/\/paca.lpo.fr\/blogs\/nice\/author\/lpopaca\/"}]}},"jetpack_featured_media_url":"","_links":{"self":[{"href":"https:\/\/paca.lpo.fr\/blogs\/nice\/wp-json\/wp\/v2\/posts\/19","targetHints":{"allow":["GET"]}}],"collection":[{"href":"https:\/\/paca.lpo.fr\/blogs\/nice\/wp-json\/wp\/v2\/posts"}],"about":[{"href":"https:\/\/paca.lpo.fr\/blogs\/nice\/wp-json\/wp\/v2\/types\/post"}],"author":[{"embeddable":true,"href":"https:\/\/paca.lpo.fr\/blogs\/nice\/wp-json\/wp\/v2\/users\/1"}],"replies":[{"embeddable":true,"href":"https:\/\/paca.lpo.fr\/blogs\/nice\/wp-json\/wp\/v2\/comments?post=19"}],"version-history":[{"count":0,"href":"https:\/\/paca.lpo.fr\/blogs\/nice\/wp-json\/wp\/v2\/posts\/19\/revisions"}],"wp:attachment":[{"href":"https:\/\/paca.lpo.fr\/blogs\/nice\/wp-json\/wp\/v2\/media?parent=19"}],"wp:term":[{"taxonomy":"category","embeddable":true,"href":"https:\/\/paca.lpo.fr\/blogs\/nice\/wp-json\/wp\/v2\/categories?post=19"},{"taxonomy":"post_tag","embeddable":true,"href":"https:\/\/paca.lpo.fr\/blogs\/nice\/wp-json\/wp\/v2\/tags?post=19"}],"curies":[{"name":"wp","href":"https:\/\/api.w.org\/{rel}","templated":true}]}}