{"id":1914,"date":"2017-09-27T08:53:53","date_gmt":"2017-09-27T07:53:53","guid":{"rendered":"https:\/\/paca.lpo.fr\/blogs\/nice\/?p=1914"},"modified":"2017-09-29T14:22:39","modified_gmt":"2017-09-29T13:22:39","slug":"le-groupe-local-aupres-du-public-avec-les-forums-des-associations","status":"publish","type":"post","link":"https:\/\/paca.lpo.fr\/blogs\/nice\/2017\/09\/27\/le-groupe-local-aupres-du-public-avec-les-forums-des-associations\/","title":{"rendered":"Le Groupe Local aupr\u00e8s du public avec les Forums des Associations"},"content":{"rendered":"<p><figure id=\"attachment_1915\" aria-describedby=\"caption-attachment-1915\" style=\"width: 932px\" class=\"wp-caption alignnone\"><img loading=\"lazy\" decoding=\"async\" src=\"https:\/\/paca.lpo.fr\/blogs\/nice\/files\/2017\/09\/2017-09-09forummenton-002-copie.jpg\" alt=\"\" width=\"932\" height=\"644\" class=\"size-full wp-image-1915\" srcset=\"https:\/\/paca.lpo.fr\/blogs\/nice\/files\/2017\/09\/2017-09-09forummenton-002-copie.jpg 932w, https:\/\/paca.lpo.fr\/blogs\/nice\/files\/2017\/09\/2017-09-09forummenton-002-copie-480x332.jpg 480w, https:\/\/paca.lpo.fr\/blogs\/nice\/files\/2017\/09\/2017-09-09forummenton-002-copie-768x531.jpg 768w, https:\/\/paca.lpo.fr\/blogs\/nice\/files\/2017\/09\/2017-09-09forummenton-002-copie-700x484.jpg 700w\" sizes=\"auto, (max-width: 932px) 100vw, 932px\" \/><figcaption id=\"caption-attachment-1915\" class=\"wp-caption-text\">Forum des Associations \u00e0 Menton le 9 septembre 2017<\/figcaption><\/figure><br \/>\n<figure id=\"attachment_1916\" aria-describedby=\"caption-attachment-1916\" style=\"width: 935px\" class=\"wp-caption alignnone\"><img loading=\"lazy\" decoding=\"async\" src=\"https:\/\/paca.lpo.fr\/blogs\/nice\/files\/2017\/09\/2017-09-09-074-copie.jpg\" alt=\"\" width=\"935\" height=\"444\" class=\"size-full wp-image-1916\" srcset=\"https:\/\/paca.lpo.fr\/blogs\/nice\/files\/2017\/09\/2017-09-09-074-copie.jpg 935w, https:\/\/paca.lpo.fr\/blogs\/nice\/files\/2017\/09\/2017-09-09-074-copie-480x228.jpg 480w, https:\/\/paca.lpo.fr\/blogs\/nice\/files\/2017\/09\/2017-09-09-074-copie-768x365.jpg 768w, https:\/\/paca.lpo.fr\/blogs\/nice\/files\/2017\/09\/2017-09-09-074-copie-700x332.jpg 700w\" sizes=\"auto, (max-width: 935px) 100vw, 935px\" \/><figcaption id=\"caption-attachment-1916\" class=\"wp-caption-text\">Beaucoup de visiteurs \u00e0 notre stand le matin, mais la pluie a mis fin au forum en tout d\u00e9but d&rsquo;apr\u00e8s-midi.<\/figcaption><\/figure><br \/>\n<figure id=\"attachment_1919\" aria-describedby=\"caption-attachment-1919\" style=\"width: 720px\" class=\"wp-caption alignnone\"><img loading=\"lazy\" decoding=\"async\" src=\"https:\/\/paca.lpo.fr\/blogs\/nice\/files\/2017\/09\/af-1-copie.jpeg\" alt=\"\" width=\"720\" height=\"774\" class=\"size-full wp-image-1919\" srcset=\"https:\/\/paca.lpo.fr\/blogs\/nice\/files\/2017\/09\/af-1-copie.jpeg 720w, https:\/\/paca.lpo.fr\/blogs\/nice\/files\/2017\/09\/af-1-copie-447x480.jpeg 447w, https:\/\/paca.lpo.fr\/blogs\/nice\/files\/2017\/09\/af-1-copie-700x753.jpeg 700w\" sizes=\"auto, (max-width: 720px) 100vw, 720px\" \/><figcaption id=\"caption-attachment-1919\" class=\"wp-caption-text\">Forum des Associations de Nice le 16 septembre 2017<\/figcaption><\/figure><figure id=\"attachment_1920\" aria-describedby=\"caption-attachment-1920\" style=\"width: 954px\" class=\"wp-caption alignnone\"><img loading=\"lazy\" decoding=\"async\" src=\"https:\/\/paca.lpo.fr\/blogs\/nice\/files\/2017\/09\/ccf-2-copie.jpg\" alt=\"\" width=\"954\" height=\"686\" class=\"size-full wp-image-1920\" srcset=\"https:\/\/paca.lpo.fr\/blogs\/nice\/files\/2017\/09\/ccf-2-copie.jpg 954w, https:\/\/paca.lpo.fr\/blogs\/nice\/files\/2017\/09\/ccf-2-copie-480x345.jpg 480w, https:\/\/paca.lpo.fr\/blogs\/nice\/files\/2017\/09\/ccf-2-copie-768x552.jpg 768w, https:\/\/paca.lpo.fr\/blogs\/nice\/files\/2017\/09\/ccf-2-copie-700x503.jpg 700w\" sizes=\"auto, (max-width: 954px) 100vw, 954px\" \/><figcaption id=\"caption-attachment-1920\" class=\"wp-caption-text\">Les b\u00e9n\u00e9voles aupr\u00e8s du public<\/figcaption><\/figure><\/p>\n","protected":false},"excerpt":{"rendered":"","protected":false},"author":15,"featured_media":1915,"comment_status":"open","ping_status":"open","sticky":false,"template":"","format":"standard","meta":{"footnotes":""},"categories":[3],"tags":[],"class_list":["post-1914","post","type-post","status-publish","format-standard","has-post-thumbnail","hentry","category-vie-groupe"],"yoast_head":"<!-- This site is optimized with the Yoast SEO plugin v28.3 - https:\/\/yoast.com\/product\/yoast-seo-wordpress\/ -->\n<title>Le Groupe Local aupr\u00e8s du public avec les Forums des Associations - Groupe local Nice<\/title>\n<meta name=\"robots\" content=\"index, follow, max-snippet:-1, max-image-preview:large, max-video-preview:-1\" \/>\n<link rel=\"canonical\" href=\"https:\/\/paca.lpo.fr\/blogs\/nice\/2017\/09\/27\/le-groupe-local-aupres-du-public-avec-les-forums-des-associations\/\" \/>\n<meta property=\"og:locale\" content=\"fr_FR\" \/>\n<meta property=\"og:type\" content=\"article\" \/>\n<meta property=\"og:title\" content=\"Le Groupe Local aupr\u00e8s du public avec les Forums des Associations - Groupe local Nice\" \/>\n<meta property=\"og:url\" content=\"https:\/\/paca.lpo.fr\/blogs\/nice\/2017\/09\/27\/le-groupe-local-aupres-du-public-avec-les-forums-des-associations\/\" \/>\n<meta property=\"og:site_name\" content=\"Groupe local Nice\" \/>\n<meta property=\"article:published_time\" content=\"2017-09-27T07:53:53+00:00\" \/>\n<meta property=\"article:modified_time\" content=\"2017-09-29T13:22:39+00:00\" \/>\n<meta property=\"og:image\" content=\"https:\/\/paca.lpo.fr\/blogs\/nice\/files\/2017\/09\/2017-09-09forummenton-002-copie.jpg\" \/>\n\t<meta property=\"og:image:width\" content=\"932\" \/>\n\t<meta property=\"og:image:height\" content=\"644\" \/>\n\t<meta property=\"og:image:type\" content=\"image\/jpeg\" \/>\n<meta name=\"author\" content=\"Groupe local Paillon-B\u00e9v\u00e9ra\" \/>\n<meta name=\"twitter:card\" content=\"summary_large_image\" \/>\n<meta name=\"twitter:label1\" content=\"\u00c9crit par\" \/>\n\t<meta name=\"twitter:data1\" content=\"Groupe local Paillon-B\u00e9v\u00e9ra\" \/>\n<script type=\"application\/ld+json\" class=\"yoast-schema-graph\">{\"@context\":\"https:\\\/\\\/schema.org\",\"@graph\":[{\"@type\":\"Article\",\"@id\":\"https:\\\/\\\/paca.lpo.fr\\\/blogs\\\/nice\\\/2017\\\/09\\\/27\\\/le-groupe-local-aupres-du-public-avec-les-forums-des-associations\\\/#article\",\"isPartOf\":{\"@id\":\"https:\\\/\\\/paca.lpo.fr\\\/blogs\\\/nice\\\/2017\\\/09\\\/27\\\/le-groupe-local-aupres-du-public-avec-les-forums-des-associations\\\/\"},\"author\":{\"name\":\"Groupe local Paillon-B\u00e9v\u00e9ra\",\"@id\":\"https:\\\/\\\/paca.lpo.fr\\\/blogs\\\/nice\\\/#\\\/schema\\\/person\\\/1bda33335fb71e0b3552487db26a4c56\"},\"headline\":\"Le Groupe Local aupr\u00e8s du public avec les Forums des Associations\",\"datePublished\":\"2017-09-27T07:53:53+00:00\",\"dateModified\":\"2017-09-29T13:22:39+00:00\",\"mainEntityOfPage\":{\"@id\":\"https:\\\/\\\/paca.lpo.fr\\\/blogs\\\/nice\\\/2017\\\/09\\\/27\\\/le-groupe-local-aupres-du-public-avec-les-forums-des-associations\\\/\"},\"wordCount\":83,\"commentCount\":0,\"publisher\":{\"@id\":\"https:\\\/\\\/paca.lpo.fr\\\/blogs\\\/nice\\\/#organization\"},\"image\":{\"@id\":\"https:\\\/\\\/paca.lpo.fr\\\/blogs\\\/nice\\\/2017\\\/09\\\/27\\\/le-groupe-local-aupres-du-public-avec-les-forums-des-associations\\\/#primaryimage\"},\"thumbnailUrl\":\"https:\\\/\\\/paca.lpo.fr\\\/blogs\\\/nice\\\/files\\\/2017\\\/09\\\/2017-09-09forummenton-002-copie.jpg\",\"articleSection\":[\"Vie du groupe\"],\"inLanguage\":\"fr-FR\",\"potentialAction\":[{\"@type\":\"CommentAction\",\"name\":\"Comment\",\"target\":[\"https:\\\/\\\/paca.lpo.fr\\\/blogs\\\/nice\\\/2017\\\/09\\\/27\\\/le-groupe-local-aupres-du-public-avec-les-forums-des-associations\\\/#respond\"]}]},{\"@type\":\"WebPage\",\"@id\":\"https:\\\/\\\/paca.lpo.fr\\\/blogs\\\/nice\\\/2017\\\/09\\\/27\\\/le-groupe-local-aupres-du-public-avec-les-forums-des-associations\\\/\",\"url\":\"https:\\\/\\\/paca.lpo.fr\\\/blogs\\\/nice\\\/2017\\\/09\\\/27\\\/le-groupe-local-aupres-du-public-avec-les-forums-des-associations\\\/\",\"name\":\"Le Groupe Local aupr\u00e8s du public avec les Forums des Associations - Groupe local Nice\",\"isPartOf\":{\"@id\":\"https:\\\/\\\/paca.lpo.fr\\\/blogs\\\/nice\\\/#website\"},\"primaryImageOfPage\":{\"@id\":\"https:\\\/\\\/paca.lpo.fr\\\/blogs\\\/nice\\\/2017\\\/09\\\/27\\\/le-groupe-local-aupres-du-public-avec-les-forums-des-associations\\\/#primaryimage\"},\"image\":{\"@id\":\"https:\\\/\\\/paca.lpo.fr\\\/blogs\\\/nice\\\/2017\\\/09\\\/27\\\/le-groupe-local-aupres-du-public-avec-les-forums-des-associations\\\/#primaryimage\"},\"thumbnailUrl\":\"https:\\\/\\\/paca.lpo.fr\\\/blogs\\\/nice\\\/files\\\/2017\\\/09\\\/2017-09-09forummenton-002-copie.jpg\",\"datePublished\":\"2017-09-27T07:53:53+00:00\",\"dateModified\":\"2017-09-29T13:22:39+00:00\",\"breadcrumb\":{\"@id\":\"https:\\\/\\\/paca.lpo.fr\\\/blogs\\\/nice\\\/2017\\\/09\\\/27\\\/le-groupe-local-aupres-du-public-avec-les-forums-des-associations\\\/#breadcrumb\"},\"inLanguage\":\"fr-FR\",\"potentialAction\":[{\"@type\":\"ReadAction\",\"target\":[\"https:\\\/\\\/paca.lpo.fr\\\/blogs\\\/nice\\\/2017\\\/09\\\/27\\\/le-groupe-local-aupres-du-public-avec-les-forums-des-associations\\\/\"]}]},{\"@type\":\"ImageObject\",\"inLanguage\":\"fr-FR\",\"@id\":\"https:\\\/\\\/paca.lpo.fr\\\/blogs\\\/nice\\\/2017\\\/09\\\/27\\\/le-groupe-local-aupres-du-public-avec-les-forums-des-associations\\\/#primaryimage\",\"url\":\"https:\\\/\\\/paca.lpo.fr\\\/blogs\\\/nice\\\/files\\\/2017\\\/09\\\/2017-09-09forummenton-002-copie.jpg\",\"contentUrl\":\"https:\\\/\\\/paca.lpo.fr\\\/blogs\\\/nice\\\/files\\\/2017\\\/09\\\/2017-09-09forummenton-002-copie.jpg\",\"width\":932,\"height\":644,\"caption\":\"Forum des Associations \u00e0 Menton le 9 septembre 2017\"},{\"@type\":\"BreadcrumbList\",\"@id\":\"https:\\\/\\\/paca.lpo.fr\\\/blogs\\\/nice\\\/2017\\\/09\\\/27\\\/le-groupe-local-aupres-du-public-avec-les-forums-des-associations\\\/#breadcrumb\",\"itemListElement\":[{\"@type\":\"ListItem\",\"position\":1,\"name\":\"Accueil\",\"item\":\"https:\\\/\\\/paca.lpo.fr\\\/blogs\\\/nice\\\/\"},{\"@type\":\"ListItem\",\"position\":2,\"name\":\"Le Groupe Local aupr\u00e8s du public avec les Forums des Associations\"}]},{\"@type\":\"WebSite\",\"@id\":\"https:\\\/\\\/paca.lpo.fr\\\/blogs\\\/nice\\\/#website\",\"url\":\"https:\\\/\\\/paca.lpo.fr\\\/blogs\\\/nice\\\/\",\"name\":\"Groupe local Nice\",\"description\":\"Groupe local Nice\",\"publisher\":{\"@id\":\"https:\\\/\\\/paca.lpo.fr\\\/blogs\\\/nice\\\/#organization\"},\"potentialAction\":[{\"@type\":\"SearchAction\",\"target\":{\"@type\":\"EntryPoint\",\"urlTemplate\":\"https:\\\/\\\/paca.lpo.fr\\\/blogs\\\/nice\\\/?s={search_term_string}\"},\"query-input\":{\"@type\":\"PropertyValueSpecification\",\"valueRequired\":true,\"valueName\":\"search_term_string\"}}],\"inLanguage\":\"fr-FR\"},{\"@type\":\"Organization\",\"@id\":\"https:\\\/\\\/paca.lpo.fr\\\/blogs\\\/nice\\\/#organization\",\"name\":\"Groupe local Nice\",\"url\":\"https:\\\/\\\/paca.lpo.fr\\\/blogs\\\/nice\\\/\",\"logo\":{\"@type\":\"ImageObject\",\"inLanguage\":\"fr-FR\",\"@id\":\"https:\\\/\\\/paca.lpo.fr\\\/blogs\\\/nice\\\/#\\\/schema\\\/logo\\\/image\\\/\",\"url\":\"https:\\\/\\\/paca.lpo.fr\\\/blogs\\\/nice\\\/files\\\/2024\\\/01\\\/cropped-rvb-lpo-paca-logotype-signature-droite-mini-500.jpg\",\"contentUrl\":\"https:\\\/\\\/paca.lpo.fr\\\/blogs\\\/nice\\\/files\\\/2024\\\/01\\\/cropped-rvb-lpo-paca-logotype-signature-droite-mini-500.jpg\",\"width\":500,\"height\":210,\"caption\":\"Groupe local Nice\"},\"image\":{\"@id\":\"https:\\\/\\\/paca.lpo.fr\\\/blogs\\\/nice\\\/#\\\/schema\\\/logo\\\/image\\\/\"}},{\"@type\":\"Person\",\"@id\":\"https:\\\/\\\/paca.lpo.fr\\\/blogs\\\/nice\\\/#\\\/schema\\\/person\\\/1bda33335fb71e0b3552487db26a4c56\",\"name\":\"Groupe local Paillon-B\u00e9v\u00e9ra\",\"image\":{\"@type\":\"ImageObject\",\"inLanguage\":\"fr-FR\",\"@id\":\"https:\\\/\\\/secure.gravatar.com\\\/avatar\\\/b1ee285506e2cb880ec988990d360e255aecb31c77212741dace1023623610c2?s=96&d=mm&r=g\",\"url\":\"https:\\\/\\\/secure.gravatar.com\\\/avatar\\\/b1ee285506e2cb880ec988990d360e255aecb31c77212741dace1023623610c2?s=96&d=mm&r=g\",\"contentUrl\":\"https:\\\/\\\/secure.gravatar.com\\\/avatar\\\/b1ee285506e2cb880ec988990d360e255aecb31c77212741dace1023623610c2?s=96&d=mm&r=g\",\"caption\":\"Groupe local Paillon-B\u00e9v\u00e9ra\"},\"url\":\"https:\\\/\\\/paca.lpo.fr\\\/blogs\\\/nice\\\/author\\\/alpesmaritimesest\\\/\"}]}<\/script>\n<!-- \/ Yoast SEO plugin. -->","yoast_head_json":{"title":"Le Groupe Local aupr\u00e8s du public avec les Forums des Associations - Groupe local Nice","robots":{"index":"index","follow":"follow","max-snippet":"max-snippet:-1","max-image-preview":"max-image-preview:large","max-video-preview":"max-video-preview:-1"},"canonical":"https:\/\/paca.lpo.fr\/blogs\/nice\/2017\/09\/27\/le-groupe-local-aupres-du-public-avec-les-forums-des-associations\/","og_locale":"fr_FR","og_type":"article","og_title":"Le Groupe Local aupr\u00e8s du public avec les Forums des Associations - Groupe local Nice","og_url":"https:\/\/paca.lpo.fr\/blogs\/nice\/2017\/09\/27\/le-groupe-local-aupres-du-public-avec-les-forums-des-associations\/","og_site_name":"Groupe local Nice","article_published_time":"2017-09-27T07:53:53+00:00","article_modified_time":"2017-09-29T13:22:39+00:00","og_image":[{"width":932,"height":644,"url":"https:\/\/paca.lpo.fr\/blogs\/nice\/files\/2017\/09\/2017-09-09forummenton-002-copie.jpg","type":"image\/jpeg"}],"author":"Groupe local Paillon-B\u00e9v\u00e9ra","twitter_card":"summary_large_image","twitter_misc":{"\u00c9crit par":"Groupe local Paillon-B\u00e9v\u00e9ra"},"schema":{"@context":"https:\/\/schema.org","@graph":[{"@type":"Article","@id":"https:\/\/paca.lpo.fr\/blogs\/nice\/2017\/09\/27\/le-groupe-local-aupres-du-public-avec-les-forums-des-associations\/#article","isPartOf":{"@id":"https:\/\/paca.lpo.fr\/blogs\/nice\/2017\/09\/27\/le-groupe-local-aupres-du-public-avec-les-forums-des-associations\/"},"author":{"name":"Groupe local Paillon-B\u00e9v\u00e9ra","@id":"https:\/\/paca.lpo.fr\/blogs\/nice\/#\/schema\/person\/1bda33335fb71e0b3552487db26a4c56"},"headline":"Le Groupe Local aupr\u00e8s du public avec les Forums des Associations","datePublished":"2017-09-27T07:53:53+00:00","dateModified":"2017-09-29T13:22:39+00:00","mainEntityOfPage":{"@id":"https:\/\/paca.lpo.fr\/blogs\/nice\/2017\/09\/27\/le-groupe-local-aupres-du-public-avec-les-forums-des-associations\/"},"wordCount":83,"commentCount":0,"publisher":{"@id":"https:\/\/paca.lpo.fr\/blogs\/nice\/#organization"},"image":{"@id":"https:\/\/paca.lpo.fr\/blogs\/nice\/2017\/09\/27\/le-groupe-local-aupres-du-public-avec-les-forums-des-associations\/#primaryimage"},"thumbnailUrl":"https:\/\/paca.lpo.fr\/blogs\/nice\/files\/2017\/09\/2017-09-09forummenton-002-copie.jpg","articleSection":["Vie du groupe"],"inLanguage":"fr-FR","potentialAction":[{"@type":"CommentAction","name":"Comment","target":["https:\/\/paca.lpo.fr\/blogs\/nice\/2017\/09\/27\/le-groupe-local-aupres-du-public-avec-les-forums-des-associations\/#respond"]}]},{"@type":"WebPage","@id":"https:\/\/paca.lpo.fr\/blogs\/nice\/2017\/09\/27\/le-groupe-local-aupres-du-public-avec-les-forums-des-associations\/","url":"https:\/\/paca.lpo.fr\/blogs\/nice\/2017\/09\/27\/le-groupe-local-aupres-du-public-avec-les-forums-des-associations\/","name":"Le Groupe Local aupr\u00e8s du public avec les Forums des Associations - Groupe local Nice","isPartOf":{"@id":"https:\/\/paca.lpo.fr\/blogs\/nice\/#website"},"primaryImageOfPage":{"@id":"https:\/\/paca.lpo.fr\/blogs\/nice\/2017\/09\/27\/le-groupe-local-aupres-du-public-avec-les-forums-des-associations\/#primaryimage"},"image":{"@id":"https:\/\/paca.lpo.fr\/blogs\/nice\/2017\/09\/27\/le-groupe-local-aupres-du-public-avec-les-forums-des-associations\/#primaryimage"},"thumbnailUrl":"https:\/\/paca.lpo.fr\/blogs\/nice\/files\/2017\/09\/2017-09-09forummenton-002-copie.jpg","datePublished":"2017-09-27T07:53:53+00:00","dateModified":"2017-09-29T13:22:39+00:00","breadcrumb":{"@id":"https:\/\/paca.lpo.fr\/blogs\/nice\/2017\/09\/27\/le-groupe-local-aupres-du-public-avec-les-forums-des-associations\/#breadcrumb"},"inLanguage":"fr-FR","potentialAction":[{"@type":"ReadAction","target":["https:\/\/paca.lpo.fr\/blogs\/nice\/2017\/09\/27\/le-groupe-local-aupres-du-public-avec-les-forums-des-associations\/"]}]},{"@type":"ImageObject","inLanguage":"fr-FR","@id":"https:\/\/paca.lpo.fr\/blogs\/nice\/2017\/09\/27\/le-groupe-local-aupres-du-public-avec-les-forums-des-associations\/#primaryimage","url":"https:\/\/paca.lpo.fr\/blogs\/nice\/files\/2017\/09\/2017-09-09forummenton-002-copie.jpg","contentUrl":"https:\/\/paca.lpo.fr\/blogs\/nice\/files\/2017\/09\/2017-09-09forummenton-002-copie.jpg","width":932,"height":644,"caption":"Forum des Associations \u00e0 Menton le 9 septembre 2017"},{"@type":"BreadcrumbList","@id":"https:\/\/paca.lpo.fr\/blogs\/nice\/2017\/09\/27\/le-groupe-local-aupres-du-public-avec-les-forums-des-associations\/#breadcrumb","itemListElement":[{"@type":"ListItem","position":1,"name":"Accueil","item":"https:\/\/paca.lpo.fr\/blogs\/nice\/"},{"@type":"ListItem","position":2,"name":"Le Groupe Local aupr\u00e8s du public avec les Forums des Associations"}]},{"@type":"WebSite","@id":"https:\/\/paca.lpo.fr\/blogs\/nice\/#website","url":"https:\/\/paca.lpo.fr\/blogs\/nice\/","name":"Groupe local Nice","description":"Groupe local Nice","publisher":{"@id":"https:\/\/paca.lpo.fr\/blogs\/nice\/#organization"},"potentialAction":[{"@type":"SearchAction","target":{"@type":"EntryPoint","urlTemplate":"https:\/\/paca.lpo.fr\/blogs\/nice\/?s={search_term_string}"},"query-input":{"@type":"PropertyValueSpecification","valueRequired":true,"valueName":"search_term_string"}}],"inLanguage":"fr-FR"},{"@type":"Organization","@id":"https:\/\/paca.lpo.fr\/blogs\/nice\/#organization","name":"Groupe local Nice","url":"https:\/\/paca.lpo.fr\/blogs\/nice\/","logo":{"@type":"ImageObject","inLanguage":"fr-FR","@id":"https:\/\/paca.lpo.fr\/blogs\/nice\/#\/schema\/logo\/image\/","url":"https:\/\/paca.lpo.fr\/blogs\/nice\/files\/2024\/01\/cropped-rvb-lpo-paca-logotype-signature-droite-mini-500.jpg","contentUrl":"https:\/\/paca.lpo.fr\/blogs\/nice\/files\/2024\/01\/cropped-rvb-lpo-paca-logotype-signature-droite-mini-500.jpg","width":500,"height":210,"caption":"Groupe local Nice"},"image":{"@id":"https:\/\/paca.lpo.fr\/blogs\/nice\/#\/schema\/logo\/image\/"}},{"@type":"Person","@id":"https:\/\/paca.lpo.fr\/blogs\/nice\/#\/schema\/person\/1bda33335fb71e0b3552487db26a4c56","name":"Groupe local Paillon-B\u00e9v\u00e9ra","image":{"@type":"ImageObject","inLanguage":"fr-FR","@id":"https:\/\/secure.gravatar.com\/avatar\/b1ee285506e2cb880ec988990d360e255aecb31c77212741dace1023623610c2?s=96&d=mm&r=g","url":"https:\/\/secure.gravatar.com\/avatar\/b1ee285506e2cb880ec988990d360e255aecb31c77212741dace1023623610c2?s=96&d=mm&r=g","contentUrl":"https:\/\/secure.gravatar.com\/avatar\/b1ee285506e2cb880ec988990d360e255aecb31c77212741dace1023623610c2?s=96&d=mm&r=g","caption":"Groupe local Paillon-B\u00e9v\u00e9ra"},"url":"https:\/\/paca.lpo.fr\/blogs\/nice\/author\/alpesmaritimesest\/"}]}},"jetpack_featured_media_url":"https:\/\/paca.lpo.fr\/blogs\/nice\/files\/2017\/09\/2017-09-09forummenton-002-copie.jpg","_links":{"self":[{"href":"https:\/\/paca.lpo.fr\/blogs\/nice\/wp-json\/wp\/v2\/posts\/1914","targetHints":{"allow":["GET"]}}],"collection":[{"href":"https:\/\/paca.lpo.fr\/blogs\/nice\/wp-json\/wp\/v2\/posts"}],"about":[{"href":"https:\/\/paca.lpo.fr\/blogs\/nice\/wp-json\/wp\/v2\/types\/post"}],"author":[{"embeddable":true,"href":"https:\/\/paca.lpo.fr\/blogs\/nice\/wp-json\/wp\/v2\/users\/15"}],"replies":[{"embeddable":true,"href":"https:\/\/paca.lpo.fr\/blogs\/nice\/wp-json\/wp\/v2\/comments?post=1914"}],"version-history":[{"count":3,"href":"https:\/\/paca.lpo.fr\/blogs\/nice\/wp-json\/wp\/v2\/posts\/1914\/revisions"}],"predecessor-version":[{"id":1921,"href":"https:\/\/paca.lpo.fr\/blogs\/nice\/wp-json\/wp\/v2\/posts\/1914\/revisions\/1921"}],"wp:featuredmedia":[{"embeddable":true,"href":"https:\/\/paca.lpo.fr\/blogs\/nice\/wp-json\/wp\/v2\/media\/1915"}],"wp:attachment":[{"href":"https:\/\/paca.lpo.fr\/blogs\/nice\/wp-json\/wp\/v2\/media?parent=1914"}],"wp:term":[{"taxonomy":"category","embeddable":true,"href":"https:\/\/paca.lpo.fr\/blogs\/nice\/wp-json\/wp\/v2\/categories?post=1914"},{"taxonomy":"post_tag","embeddable":true,"href":"https:\/\/paca.lpo.fr\/blogs\/nice\/wp-json\/wp\/v2\/tags?post=1914"}],"curies":[{"name":"wp","href":"https:\/\/api.w.org\/{rel}","templated":true}]}}