{"id":1937,"date":"2017-10-03T13:50:45","date_gmt":"2017-10-03T12:50:45","guid":{"rendered":"https:\/\/paca.lpo.fr\/blogs\/nice\/?p=1937"},"modified":"2017-10-05T07:35:16","modified_gmt":"2017-10-05T06:35:16","slug":"une-seconde-chance-pour-un-grand-duc-deurope","status":"publish","type":"post","link":"https:\/\/paca.lpo.fr\/blogs\/nice\/2017\/10\/03\/une-seconde-chance-pour-un-grand-duc-deurope\/","title":{"rendered":"Une seconde chance pour un grand-duc d&rsquo;Europe"},"content":{"rendered":"<p>Le 11 juillet \u00e0 Saint-Andr\u00e9-de-la-Roche, les b\u00e9n\u00e9voles de la LPO PACA 06 ont \u00e9t\u00e9 avertis de la pr\u00e9sence au sol d\u2019un Grand-duc rest\u00e9 l\u00e0 plusieurs jours \u00e0 s\u2019affaiblir. Une b\u00e9n\u00e9vole du r\u00e9seau de collecte a organis\u00e9 sa capture afin de l\u2019amener chez le v\u00e9t\u00e9rinaire pour lui faire une radio des ailes. L&rsquo;oiseau avait une fracture \u00e0 l\u2019aile droite, de cause inconnue. il \u00e9tait affaibli et maigre. Arriv\u00e9 au centre r\u00e9gional de sauvegarde de la faune sauvage de la LPO \u00e0 Buoux dans le Vaucluse, le Grand-duc a pass\u00e9 10 jours en stabilisation en salle puis a \u00e9t\u00e9 plac\u00e9 en voli\u00e8re 2 mois pour la r\u00e9\u00e9ducation.<br \/>\nGrace \u00e0 l\u2019intervention et \u00e0 une prise en charge efficace des b\u00e9n\u00e9voles, l\u2019oiseau a pu retrouver sa libert\u00e9 et son territoire ce vendredi 29 septembre, en pr\u00e9sence d\u2019\u00e9lus de la ville de St Andr\u00e9 la Roche, de repr\u00e9sentants de la Metropole Nice C\u00f4te d\u2019Azur et des b\u00e9n\u00e9voles de la LPO PACA. Etaient \u00e9galement pr\u00e9sents les voisins du rapace, des familles habitu\u00e9es \u00e0 \u00e9couter son chant et \u00e0 qui il avait manqu\u00e9 pendant son absence.<br \/>\nIl s\u2019agit d\u2019un grand-duc de petite taille, on peut supposer que c\u2019est un m\u00e2le.<br \/>\nSouhaitons lui de retrouver sa compagne et une belle et longue vie dans son milieu d&rsquo;origine.<br \/>\n<img loading=\"lazy\" decoding=\"async\" src=\"https:\/\/paca.lpo.fr\/blogs\/nice\/files\/2017\/10\/blog2.jpg\" alt=\"\" width=\"872\" height=\"649\" class=\"alignnone size-full wp-image-1939\" srcset=\"https:\/\/paca.lpo.fr\/blogs\/nice\/files\/2017\/10\/blog2.jpg 872w, https:\/\/paca.lpo.fr\/blogs\/nice\/files\/2017\/10\/blog2-480x357.jpg 480w, https:\/\/paca.lpo.fr\/blogs\/nice\/files\/2017\/10\/blog2-768x572.jpg 768w, https:\/\/paca.lpo.fr\/blogs\/nice\/files\/2017\/10\/blog2-700x521.jpg 700w\" sizes=\"auto, (max-width: 872px) 100vw, 872px\" \/><img loading=\"lazy\" decoding=\"async\" src=\"https:\/\/paca.lpo.fr\/blogs\/nice\/files\/2017\/10\/blog3.jpg\" alt=\"\" width=\"900\" height=\"675\" class=\"alignnone size-full wp-image-1940\" srcset=\"https:\/\/paca.lpo.fr\/blogs\/nice\/files\/2017\/10\/blog3.jpg 900w, https:\/\/paca.lpo.fr\/blogs\/nice\/files\/2017\/10\/blog3-480x360.jpg 480w, https:\/\/paca.lpo.fr\/blogs\/nice\/files\/2017\/10\/blog3-768x576.jpg 768w, https:\/\/paca.lpo.fr\/blogs\/nice\/files\/2017\/10\/blog3-700x525.jpg 700w\" sizes=\"auto, (max-width: 900px) 100vw, 900px\" \/><br \/>\n<figure id=\"attachment_1941\" aria-describedby=\"caption-attachment-1941\" style=\"width: 660px\" class=\"wp-caption alignnone\"><img loading=\"lazy\" decoding=\"async\" src=\"https:\/\/paca.lpo.fr\/blogs\/nice\/files\/2017\/10\/gilles-nunes-2-960x641.jpg\" alt=\"\" width=\"660\" height=\"441\" class=\"size-large wp-image-1941\" srcset=\"https:\/\/paca.lpo.fr\/blogs\/nice\/files\/2017\/10\/gilles-nunes-2-960x641.jpg 960w, https:\/\/paca.lpo.fr\/blogs\/nice\/files\/2017\/10\/gilles-nunes-2-480x320.jpg 480w, https:\/\/paca.lpo.fr\/blogs\/nice\/files\/2017\/10\/gilles-nunes-2-768x513.jpg 768w, https:\/\/paca.lpo.fr\/blogs\/nice\/files\/2017\/10\/gilles-nunes-2-700x467.jpg 700w, https:\/\/paca.lpo.fr\/blogs\/nice\/files\/2017\/10\/gilles-nunes-2.jpg 974w\" sizes=\"auto, (max-width: 660px) 100vw, 660px\" \/><figcaption id=\"caption-attachment-1941\" class=\"wp-caption-text\">Merci \u00e0 Gilles NUNES pour les photos de l&rsquo;envol<\/figcaption><\/figure><br \/>\n<img loading=\"lazy\" decoding=\"async\" src=\"https:\/\/paca.lpo.fr\/blogs\/nice\/files\/2017\/10\/gilles-nunes-960x640.jpg\" alt=\"\" width=\"660\" height=\"440\" class=\"alignnone size-large wp-image-1942\" srcset=\"https:\/\/paca.lpo.fr\/blogs\/nice\/files\/2017\/10\/gilles-nunes-960x640.jpg 960w, https:\/\/paca.lpo.fr\/blogs\/nice\/files\/2017\/10\/gilles-nunes-480x320.jpg 480w, https:\/\/paca.lpo.fr\/blogs\/nice\/files\/2017\/10\/gilles-nunes-768x512.jpg 768w, https:\/\/paca.lpo.fr\/blogs\/nice\/files\/2017\/10\/gilles-nunes-700x467.jpg 700w, https:\/\/paca.lpo.fr\/blogs\/nice\/files\/2017\/10\/gilles-nunes.jpg 966w\" sizes=\"auto, (max-width: 660px) 100vw, 660px\" \/><\/p>\n","protected":false},"excerpt":{"rendered":"<p>Le 11 juillet \u00e0 Saint-Andr\u00e9-de-la-Roche, les b\u00e9n\u00e9voles de la LPO PACA 06 ont \u00e9t\u00e9 avertis de la pr\u00e9sence au sol d\u2019un Grand-duc rest\u00e9 l\u00e0 plusieurs jours \u00e0 s\u2019affaiblir. Une b\u00e9n\u00e9vole du r\u00e9seau de collecte a organis\u00e9 sa capture afin de l\u2019amener chez le v\u00e9t\u00e9rinaire pour lui faire une radio des ailes. L&rsquo;oiseau avait une fracture [&hellip;]<\/p>\n","protected":false},"author":15,"featured_media":1938,"comment_status":"open","ping_status":"open","sticky":false,"template":"","format":"standard","meta":{"footnotes":""},"categories":[3],"tags":[],"class_list":["post-1937","post","type-post","status-publish","format-standard","has-post-thumbnail","hentry","category-vie-groupe"],"yoast_head":"<!-- This site is optimized with the Yoast SEO plugin v28.3 - https:\/\/yoast.com\/product\/yoast-seo-wordpress\/ -->\n<title>Une seconde chance pour un grand-duc d&#039;Europe - Groupe local Nice<\/title>\n<meta name=\"robots\" content=\"index, follow, max-snippet:-1, max-image-preview:large, max-video-preview:-1\" \/>\n<link rel=\"canonical\" href=\"https:\/\/paca.lpo.fr\/blogs\/nice\/2017\/10\/03\/une-seconde-chance-pour-un-grand-duc-deurope\/\" \/>\n<meta property=\"og:locale\" content=\"fr_FR\" \/>\n<meta property=\"og:type\" content=\"article\" \/>\n<meta property=\"og:title\" content=\"Une seconde chance pour un grand-duc d&#039;Europe - Groupe local Nice\" \/>\n<meta property=\"og:description\" content=\"Le 11 juillet \u00e0 Saint-Andr\u00e9-de-la-Roche, les b\u00e9n\u00e9voles de la LPO PACA 06 ont \u00e9t\u00e9 avertis de la pr\u00e9sence au sol d\u2019un Grand-duc rest\u00e9 l\u00e0 plusieurs jours \u00e0 s\u2019affaiblir. Une b\u00e9n\u00e9vole du r\u00e9seau de collecte a organis\u00e9 sa capture afin de l\u2019amener chez le v\u00e9t\u00e9rinaire pour lui faire une radio des ailes. L&rsquo;oiseau avait une fracture [&hellip;]\" \/>\n<meta property=\"og:url\" content=\"https:\/\/paca.lpo.fr\/blogs\/nice\/2017\/10\/03\/une-seconde-chance-pour-un-grand-duc-deurope\/\" \/>\n<meta property=\"og:site_name\" content=\"Groupe local Nice\" \/>\n<meta property=\"article:published_time\" content=\"2017-10-03T12:50:45+00:00\" \/>\n<meta property=\"article:modified_time\" content=\"2017-10-05T06:35:16+00:00\" \/>\n<meta property=\"og:image\" content=\"https:\/\/paca.lpo.fr\/blogs\/nice\/files\/2017\/10\/blog1.jpg\" \/>\n\t<meta property=\"og:image:width\" content=\"792\" \/>\n\t<meta property=\"og:image:height\" content=\"554\" \/>\n\t<meta property=\"og:image:type\" content=\"image\/jpeg\" \/>\n<meta name=\"author\" content=\"Groupe local Paillon-B\u00e9v\u00e9ra\" \/>\n<meta name=\"twitter:card\" content=\"summary_large_image\" \/>\n<meta name=\"twitter:label1\" content=\"\u00c9crit par\" \/>\n\t<meta name=\"twitter:data1\" content=\"Groupe local Paillon-B\u00e9v\u00e9ra\" \/>\n\t<meta name=\"twitter:label2\" content=\"Dur\u00e9e de lecture estim\u00e9e\" \/>\n\t<meta name=\"twitter:data2\" content=\"1 minute\" \/>\n<script type=\"application\/ld+json\" class=\"yoast-schema-graph\">{\"@context\":\"https:\\\/\\\/schema.org\",\"@graph\":[{\"@type\":\"Article\",\"@id\":\"https:\\\/\\\/paca.lpo.fr\\\/blogs\\\/nice\\\/2017\\\/10\\\/03\\\/une-seconde-chance-pour-un-grand-duc-deurope\\\/#article\",\"isPartOf\":{\"@id\":\"https:\\\/\\\/paca.lpo.fr\\\/blogs\\\/nice\\\/2017\\\/10\\\/03\\\/une-seconde-chance-pour-un-grand-duc-deurope\\\/\"},\"author\":{\"name\":\"Groupe local Paillon-B\u00e9v\u00e9ra\",\"@id\":\"https:\\\/\\\/paca.lpo.fr\\\/blogs\\\/nice\\\/#\\\/schema\\\/person\\\/1bda33335fb71e0b3552487db26a4c56\"},\"headline\":\"Une seconde chance pour un grand-duc d&rsquo;Europe\",\"datePublished\":\"2017-10-03T12:50:45+00:00\",\"dateModified\":\"2017-10-05T06:35:16+00:00\",\"mainEntityOfPage\":{\"@id\":\"https:\\\/\\\/paca.lpo.fr\\\/blogs\\\/nice\\\/2017\\\/10\\\/03\\\/une-seconde-chance-pour-un-grand-duc-deurope\\\/\"},\"wordCount\":255,\"commentCount\":0,\"publisher\":{\"@id\":\"https:\\\/\\\/paca.lpo.fr\\\/blogs\\\/nice\\\/#organization\"},\"image\":{\"@id\":\"https:\\\/\\\/paca.lpo.fr\\\/blogs\\\/nice\\\/2017\\\/10\\\/03\\\/une-seconde-chance-pour-un-grand-duc-deurope\\\/#primaryimage\"},\"thumbnailUrl\":\"https:\\\/\\\/paca.lpo.fr\\\/blogs\\\/nice\\\/files\\\/2017\\\/10\\\/blog1.jpg\",\"articleSection\":[\"Vie du groupe\"],\"inLanguage\":\"fr-FR\",\"potentialAction\":[{\"@type\":\"CommentAction\",\"name\":\"Comment\",\"target\":[\"https:\\\/\\\/paca.lpo.fr\\\/blogs\\\/nice\\\/2017\\\/10\\\/03\\\/une-seconde-chance-pour-un-grand-duc-deurope\\\/#respond\"]}]},{\"@type\":\"WebPage\",\"@id\":\"https:\\\/\\\/paca.lpo.fr\\\/blogs\\\/nice\\\/2017\\\/10\\\/03\\\/une-seconde-chance-pour-un-grand-duc-deurope\\\/\",\"url\":\"https:\\\/\\\/paca.lpo.fr\\\/blogs\\\/nice\\\/2017\\\/10\\\/03\\\/une-seconde-chance-pour-un-grand-duc-deurope\\\/\",\"name\":\"Une seconde chance pour un grand-duc d'Europe - Groupe local Nice\",\"isPartOf\":{\"@id\":\"https:\\\/\\\/paca.lpo.fr\\\/blogs\\\/nice\\\/#website\"},\"primaryImageOfPage\":{\"@id\":\"https:\\\/\\\/paca.lpo.fr\\\/blogs\\\/nice\\\/2017\\\/10\\\/03\\\/une-seconde-chance-pour-un-grand-duc-deurope\\\/#primaryimage\"},\"image\":{\"@id\":\"https:\\\/\\\/paca.lpo.fr\\\/blogs\\\/nice\\\/2017\\\/10\\\/03\\\/une-seconde-chance-pour-un-grand-duc-deurope\\\/#primaryimage\"},\"thumbnailUrl\":\"https:\\\/\\\/paca.lpo.fr\\\/blogs\\\/nice\\\/files\\\/2017\\\/10\\\/blog1.jpg\",\"datePublished\":\"2017-10-03T12:50:45+00:00\",\"dateModified\":\"2017-10-05T06:35:16+00:00\",\"breadcrumb\":{\"@id\":\"https:\\\/\\\/paca.lpo.fr\\\/blogs\\\/nice\\\/2017\\\/10\\\/03\\\/une-seconde-chance-pour-un-grand-duc-deurope\\\/#breadcrumb\"},\"inLanguage\":\"fr-FR\",\"potentialAction\":[{\"@type\":\"ReadAction\",\"target\":[\"https:\\\/\\\/paca.lpo.fr\\\/blogs\\\/nice\\\/2017\\\/10\\\/03\\\/une-seconde-chance-pour-un-grand-duc-deurope\\\/\"]}]},{\"@type\":\"ImageObject\",\"inLanguage\":\"fr-FR\",\"@id\":\"https:\\\/\\\/paca.lpo.fr\\\/blogs\\\/nice\\\/2017\\\/10\\\/03\\\/une-seconde-chance-pour-un-grand-duc-deurope\\\/#primaryimage\",\"url\":\"https:\\\/\\\/paca.lpo.fr\\\/blogs\\\/nice\\\/files\\\/2017\\\/10\\\/blog1.jpg\",\"contentUrl\":\"https:\\\/\\\/paca.lpo.fr\\\/blogs\\\/nice\\\/files\\\/2017\\\/10\\\/blog1.jpg\",\"width\":792,\"height\":554,\"caption\":\"Arriv\u00e9e de l'oiseau dans sa caisse\"},{\"@type\":\"BreadcrumbList\",\"@id\":\"https:\\\/\\\/paca.lpo.fr\\\/blogs\\\/nice\\\/2017\\\/10\\\/03\\\/une-seconde-chance-pour-un-grand-duc-deurope\\\/#breadcrumb\",\"itemListElement\":[{\"@type\":\"ListItem\",\"position\":1,\"name\":\"Accueil\",\"item\":\"https:\\\/\\\/paca.lpo.fr\\\/blogs\\\/nice\\\/\"},{\"@type\":\"ListItem\",\"position\":2,\"name\":\"Une seconde chance pour un grand-duc d&rsquo;Europe\"}]},{\"@type\":\"WebSite\",\"@id\":\"https:\\\/\\\/paca.lpo.fr\\\/blogs\\\/nice\\\/#website\",\"url\":\"https:\\\/\\\/paca.lpo.fr\\\/blogs\\\/nice\\\/\",\"name\":\"Groupe local Nice\",\"description\":\"Groupe local Nice\",\"publisher\":{\"@id\":\"https:\\\/\\\/paca.lpo.fr\\\/blogs\\\/nice\\\/#organization\"},\"potentialAction\":[{\"@type\":\"SearchAction\",\"target\":{\"@type\":\"EntryPoint\",\"urlTemplate\":\"https:\\\/\\\/paca.lpo.fr\\\/blogs\\\/nice\\\/?s={search_term_string}\"},\"query-input\":{\"@type\":\"PropertyValueSpecification\",\"valueRequired\":true,\"valueName\":\"search_term_string\"}}],\"inLanguage\":\"fr-FR\"},{\"@type\":\"Organization\",\"@id\":\"https:\\\/\\\/paca.lpo.fr\\\/blogs\\\/nice\\\/#organization\",\"name\":\"Groupe local Nice\",\"url\":\"https:\\\/\\\/paca.lpo.fr\\\/blogs\\\/nice\\\/\",\"logo\":{\"@type\":\"ImageObject\",\"inLanguage\":\"fr-FR\",\"@id\":\"https:\\\/\\\/paca.lpo.fr\\\/blogs\\\/nice\\\/#\\\/schema\\\/logo\\\/image\\\/\",\"url\":\"https:\\\/\\\/paca.lpo.fr\\\/blogs\\\/nice\\\/files\\\/2024\\\/01\\\/cropped-rvb-lpo-paca-logotype-signature-droite-mini-500.jpg\",\"contentUrl\":\"https:\\\/\\\/paca.lpo.fr\\\/blogs\\\/nice\\\/files\\\/2024\\\/01\\\/cropped-rvb-lpo-paca-logotype-signature-droite-mini-500.jpg\",\"width\":500,\"height\":210,\"caption\":\"Groupe local Nice\"},\"image\":{\"@id\":\"https:\\\/\\\/paca.lpo.fr\\\/blogs\\\/nice\\\/#\\\/schema\\\/logo\\\/image\\\/\"}},{\"@type\":\"Person\",\"@id\":\"https:\\\/\\\/paca.lpo.fr\\\/blogs\\\/nice\\\/#\\\/schema\\\/person\\\/1bda33335fb71e0b3552487db26a4c56\",\"name\":\"Groupe local Paillon-B\u00e9v\u00e9ra\",\"image\":{\"@type\":\"ImageObject\",\"inLanguage\":\"fr-FR\",\"@id\":\"https:\\\/\\\/secure.gravatar.com\\\/avatar\\\/b1ee285506e2cb880ec988990d360e255aecb31c77212741dace1023623610c2?s=96&d=mm&r=g\",\"url\":\"https:\\\/\\\/secure.gravatar.com\\\/avatar\\\/b1ee285506e2cb880ec988990d360e255aecb31c77212741dace1023623610c2?s=96&d=mm&r=g\",\"contentUrl\":\"https:\\\/\\\/secure.gravatar.com\\\/avatar\\\/b1ee285506e2cb880ec988990d360e255aecb31c77212741dace1023623610c2?s=96&d=mm&r=g\",\"caption\":\"Groupe local Paillon-B\u00e9v\u00e9ra\"},\"url\":\"https:\\\/\\\/paca.lpo.fr\\\/blogs\\\/nice\\\/author\\\/alpesmaritimesest\\\/\"}]}<\/script>\n<!-- \/ Yoast SEO plugin. -->","yoast_head_json":{"title":"Une seconde chance pour un grand-duc d'Europe - Groupe local Nice","robots":{"index":"index","follow":"follow","max-snippet":"max-snippet:-1","max-image-preview":"max-image-preview:large","max-video-preview":"max-video-preview:-1"},"canonical":"https:\/\/paca.lpo.fr\/blogs\/nice\/2017\/10\/03\/une-seconde-chance-pour-un-grand-duc-deurope\/","og_locale":"fr_FR","og_type":"article","og_title":"Une seconde chance pour un grand-duc d'Europe - Groupe local Nice","og_description":"Le 11 juillet \u00e0 Saint-Andr\u00e9-de-la-Roche, les b\u00e9n\u00e9voles de la LPO PACA 06 ont \u00e9t\u00e9 avertis de la pr\u00e9sence au sol d\u2019un Grand-duc rest\u00e9 l\u00e0 plusieurs jours \u00e0 s\u2019affaiblir. Une b\u00e9n\u00e9vole du r\u00e9seau de collecte a organis\u00e9 sa capture afin de l\u2019amener chez le v\u00e9t\u00e9rinaire pour lui faire une radio des ailes. L&rsquo;oiseau avait une fracture [&hellip;]","og_url":"https:\/\/paca.lpo.fr\/blogs\/nice\/2017\/10\/03\/une-seconde-chance-pour-un-grand-duc-deurope\/","og_site_name":"Groupe local Nice","article_published_time":"2017-10-03T12:50:45+00:00","article_modified_time":"2017-10-05T06:35:16+00:00","og_image":[{"width":792,"height":554,"url":"https:\/\/paca.lpo.fr\/blogs\/nice\/files\/2017\/10\/blog1.jpg","type":"image\/jpeg"}],"author":"Groupe local Paillon-B\u00e9v\u00e9ra","twitter_card":"summary_large_image","twitter_misc":{"\u00c9crit par":"Groupe local Paillon-B\u00e9v\u00e9ra","Dur\u00e9e de lecture estim\u00e9e":"1 minute"},"schema":{"@context":"https:\/\/schema.org","@graph":[{"@type":"Article","@id":"https:\/\/paca.lpo.fr\/blogs\/nice\/2017\/10\/03\/une-seconde-chance-pour-un-grand-duc-deurope\/#article","isPartOf":{"@id":"https:\/\/paca.lpo.fr\/blogs\/nice\/2017\/10\/03\/une-seconde-chance-pour-un-grand-duc-deurope\/"},"author":{"name":"Groupe local Paillon-B\u00e9v\u00e9ra","@id":"https:\/\/paca.lpo.fr\/blogs\/nice\/#\/schema\/person\/1bda33335fb71e0b3552487db26a4c56"},"headline":"Une seconde chance pour un grand-duc d&rsquo;Europe","datePublished":"2017-10-03T12:50:45+00:00","dateModified":"2017-10-05T06:35:16+00:00","mainEntityOfPage":{"@id":"https:\/\/paca.lpo.fr\/blogs\/nice\/2017\/10\/03\/une-seconde-chance-pour-un-grand-duc-deurope\/"},"wordCount":255,"commentCount":0,"publisher":{"@id":"https:\/\/paca.lpo.fr\/blogs\/nice\/#organization"},"image":{"@id":"https:\/\/paca.lpo.fr\/blogs\/nice\/2017\/10\/03\/une-seconde-chance-pour-un-grand-duc-deurope\/#primaryimage"},"thumbnailUrl":"https:\/\/paca.lpo.fr\/blogs\/nice\/files\/2017\/10\/blog1.jpg","articleSection":["Vie du groupe"],"inLanguage":"fr-FR","potentialAction":[{"@type":"CommentAction","name":"Comment","target":["https:\/\/paca.lpo.fr\/blogs\/nice\/2017\/10\/03\/une-seconde-chance-pour-un-grand-duc-deurope\/#respond"]}]},{"@type":"WebPage","@id":"https:\/\/paca.lpo.fr\/blogs\/nice\/2017\/10\/03\/une-seconde-chance-pour-un-grand-duc-deurope\/","url":"https:\/\/paca.lpo.fr\/blogs\/nice\/2017\/10\/03\/une-seconde-chance-pour-un-grand-duc-deurope\/","name":"Une seconde chance pour un grand-duc d'Europe - Groupe local Nice","isPartOf":{"@id":"https:\/\/paca.lpo.fr\/blogs\/nice\/#website"},"primaryImageOfPage":{"@id":"https:\/\/paca.lpo.fr\/blogs\/nice\/2017\/10\/03\/une-seconde-chance-pour-un-grand-duc-deurope\/#primaryimage"},"image":{"@id":"https:\/\/paca.lpo.fr\/blogs\/nice\/2017\/10\/03\/une-seconde-chance-pour-un-grand-duc-deurope\/#primaryimage"},"thumbnailUrl":"https:\/\/paca.lpo.fr\/blogs\/nice\/files\/2017\/10\/blog1.jpg","datePublished":"2017-10-03T12:50:45+00:00","dateModified":"2017-10-05T06:35:16+00:00","breadcrumb":{"@id":"https:\/\/paca.lpo.fr\/blogs\/nice\/2017\/10\/03\/une-seconde-chance-pour-un-grand-duc-deurope\/#breadcrumb"},"inLanguage":"fr-FR","potentialAction":[{"@type":"ReadAction","target":["https:\/\/paca.lpo.fr\/blogs\/nice\/2017\/10\/03\/une-seconde-chance-pour-un-grand-duc-deurope\/"]}]},{"@type":"ImageObject","inLanguage":"fr-FR","@id":"https:\/\/paca.lpo.fr\/blogs\/nice\/2017\/10\/03\/une-seconde-chance-pour-un-grand-duc-deurope\/#primaryimage","url":"https:\/\/paca.lpo.fr\/blogs\/nice\/files\/2017\/10\/blog1.jpg","contentUrl":"https:\/\/paca.lpo.fr\/blogs\/nice\/files\/2017\/10\/blog1.jpg","width":792,"height":554,"caption":"Arriv\u00e9e de l'oiseau dans sa caisse"},{"@type":"BreadcrumbList","@id":"https:\/\/paca.lpo.fr\/blogs\/nice\/2017\/10\/03\/une-seconde-chance-pour-un-grand-duc-deurope\/#breadcrumb","itemListElement":[{"@type":"ListItem","position":1,"name":"Accueil","item":"https:\/\/paca.lpo.fr\/blogs\/nice\/"},{"@type":"ListItem","position":2,"name":"Une seconde chance pour un grand-duc d&rsquo;Europe"}]},{"@type":"WebSite","@id":"https:\/\/paca.lpo.fr\/blogs\/nice\/#website","url":"https:\/\/paca.lpo.fr\/blogs\/nice\/","name":"Groupe local Nice","description":"Groupe local Nice","publisher":{"@id":"https:\/\/paca.lpo.fr\/blogs\/nice\/#organization"},"potentialAction":[{"@type":"SearchAction","target":{"@type":"EntryPoint","urlTemplate":"https:\/\/paca.lpo.fr\/blogs\/nice\/?s={search_term_string}"},"query-input":{"@type":"PropertyValueSpecification","valueRequired":true,"valueName":"search_term_string"}}],"inLanguage":"fr-FR"},{"@type":"Organization","@id":"https:\/\/paca.lpo.fr\/blogs\/nice\/#organization","name":"Groupe local Nice","url":"https:\/\/paca.lpo.fr\/blogs\/nice\/","logo":{"@type":"ImageObject","inLanguage":"fr-FR","@id":"https:\/\/paca.lpo.fr\/blogs\/nice\/#\/schema\/logo\/image\/","url":"https:\/\/paca.lpo.fr\/blogs\/nice\/files\/2024\/01\/cropped-rvb-lpo-paca-logotype-signature-droite-mini-500.jpg","contentUrl":"https:\/\/paca.lpo.fr\/blogs\/nice\/files\/2024\/01\/cropped-rvb-lpo-paca-logotype-signature-droite-mini-500.jpg","width":500,"height":210,"caption":"Groupe local Nice"},"image":{"@id":"https:\/\/paca.lpo.fr\/blogs\/nice\/#\/schema\/logo\/image\/"}},{"@type":"Person","@id":"https:\/\/paca.lpo.fr\/blogs\/nice\/#\/schema\/person\/1bda33335fb71e0b3552487db26a4c56","name":"Groupe local Paillon-B\u00e9v\u00e9ra","image":{"@type":"ImageObject","inLanguage":"fr-FR","@id":"https:\/\/secure.gravatar.com\/avatar\/b1ee285506e2cb880ec988990d360e255aecb31c77212741dace1023623610c2?s=96&d=mm&r=g","url":"https:\/\/secure.gravatar.com\/avatar\/b1ee285506e2cb880ec988990d360e255aecb31c77212741dace1023623610c2?s=96&d=mm&r=g","contentUrl":"https:\/\/secure.gravatar.com\/avatar\/b1ee285506e2cb880ec988990d360e255aecb31c77212741dace1023623610c2?s=96&d=mm&r=g","caption":"Groupe local Paillon-B\u00e9v\u00e9ra"},"url":"https:\/\/paca.lpo.fr\/blogs\/nice\/author\/alpesmaritimesest\/"}]}},"jetpack_featured_media_url":"https:\/\/paca.lpo.fr\/blogs\/nice\/files\/2017\/10\/blog1.jpg","_links":{"self":[{"href":"https:\/\/paca.lpo.fr\/blogs\/nice\/wp-json\/wp\/v2\/posts\/1937","targetHints":{"allow":["GET"]}}],"collection":[{"href":"https:\/\/paca.lpo.fr\/blogs\/nice\/wp-json\/wp\/v2\/posts"}],"about":[{"href":"https:\/\/paca.lpo.fr\/blogs\/nice\/wp-json\/wp\/v2\/types\/post"}],"author":[{"embeddable":true,"href":"https:\/\/paca.lpo.fr\/blogs\/nice\/wp-json\/wp\/v2\/users\/15"}],"replies":[{"embeddable":true,"href":"https:\/\/paca.lpo.fr\/blogs\/nice\/wp-json\/wp\/v2\/comments?post=1937"}],"version-history":[{"count":4,"href":"https:\/\/paca.lpo.fr\/blogs\/nice\/wp-json\/wp\/v2\/posts\/1937\/revisions"}],"predecessor-version":[{"id":1947,"href":"https:\/\/paca.lpo.fr\/blogs\/nice\/wp-json\/wp\/v2\/posts\/1937\/revisions\/1947"}],"wp:featuredmedia":[{"embeddable":true,"href":"https:\/\/paca.lpo.fr\/blogs\/nice\/wp-json\/wp\/v2\/media\/1938"}],"wp:attachment":[{"href":"https:\/\/paca.lpo.fr\/blogs\/nice\/wp-json\/wp\/v2\/media?parent=1937"}],"wp:term":[{"taxonomy":"category","embeddable":true,"href":"https:\/\/paca.lpo.fr\/blogs\/nice\/wp-json\/wp\/v2\/categories?post=1937"},{"taxonomy":"post_tag","embeddable":true,"href":"https:\/\/paca.lpo.fr\/blogs\/nice\/wp-json\/wp\/v2\/tags?post=1937"}],"curies":[{"name":"wp","href":"https:\/\/api.w.org\/{rel}","templated":true}]}}