{"id":1950,"date":"2017-10-18T16:47:56","date_gmt":"2017-10-18T15:47:56","guid":{"rendered":"https:\/\/paca.lpo.fr\/blogs\/nice\/?p=1950"},"modified":"2017-10-18T16:51:51","modified_gmt":"2017-10-18T15:51:51","slug":"forum-participatif-a-monaco-quelle-place-pour-la-faune-sauvage-dans-notre-societe-actuelle","status":"publish","type":"post","link":"https:\/\/paca.lpo.fr\/blogs\/nice\/2017\/10\/18\/forum-participatif-a-monaco-quelle-place-pour-la-faune-sauvage-dans-notre-societe-actuelle\/","title":{"rendered":"Forum participatif \u00e0 Monaco \u00ab\u00a0Quelle place pour la faune sauvage dans notre soci\u00e9t\u00e9 actuelle ?\u00a0\u00bb"},"content":{"rendered":"<p>La Fondation Prince Albert II de Monaco a organis\u00e9 ce forum participatif sur le th\u00e8me \u00ab Quelle place pour la faune sauvage dans notre soci\u00e9t\u00e9 actuelle ?\u00a0\u00bb qui a r\u00e9uni des acteurs de terrain, des scientifiques, des repr\u00e9sentants d\u2019institutions concern\u00e9es par le sujet, des repr\u00e9sentants d\u2019organisations nationales et locales, des APN, les 12 et 13 octobre 2017 au Novotel, Monaco. L&rsquo;objectif du forum \u00e9tait de faire \u00e9merger des propositions innovantes et des recommandations concr\u00e8tes sur la question d\u2019une meilleure prise en compte de la grande faune dans la gestion d\u2019un territoire. Benjamin Kabouche et Yvonne Delepine ont particip\u00e9 pour la LPO. Les travaux ont abouti \u00e0 une s\u00e9rie de pr\u00e9conisations qui ont \u00e9t\u00e9 discut\u00e9es en table ronde vendredi apr\u00e8s midi, avec la participation d&rsquo;Allain Bougrain Dubourg. Son Altesse S\u00e9r\u00e9nissime le Prince Albert de Monaco \u00e0 fait une allocution pour cl\u00f4turer les travaux.<br \/>\n<figure id=\"attachment_1952\" aria-describedby=\"caption-attachment-1952\" style=\"width: 905px\" class=\"wp-caption alignnone\"><img loading=\"lazy\" decoding=\"async\" src=\"https:\/\/paca.lpo.fr\/blogs\/nice\/files\/2017\/10\/blog-2.jpg\" alt=\"\" width=\"905\" height=\"705\" class=\"size-full wp-image-1952\" srcset=\"https:\/\/paca.lpo.fr\/blogs\/nice\/files\/2017\/10\/blog-2.jpg 905w, https:\/\/paca.lpo.fr\/blogs\/nice\/files\/2017\/10\/blog-2-480x374.jpg 480w, https:\/\/paca.lpo.fr\/blogs\/nice\/files\/2017\/10\/blog-2-768x598.jpg 768w, https:\/\/paca.lpo.fr\/blogs\/nice\/files\/2017\/10\/blog-2-700x545.jpg 700w\" sizes=\"auto, (max-width: 905px) 100vw, 905px\" \/><figcaption id=\"caption-attachment-1952\" class=\"wp-caption-text\">Table ronde<\/figcaption><\/figure><br \/>\n<figure id=\"attachment_1953\" aria-describedby=\"caption-attachment-1953\" style=\"width: 904px\" class=\"wp-caption alignnone\"><img loading=\"lazy\" decoding=\"async\" src=\"https:\/\/paca.lpo.fr\/blogs\/nice\/files\/2017\/10\/blog-1.jpg\" alt=\"\" width=\"904\" height=\"675\" class=\"size-full wp-image-1953\" srcset=\"https:\/\/paca.lpo.fr\/blogs\/nice\/files\/2017\/10\/blog-1.jpg 904w, https:\/\/paca.lpo.fr\/blogs\/nice\/files\/2017\/10\/blog-1-480x358.jpg 480w, https:\/\/paca.lpo.fr\/blogs\/nice\/files\/2017\/10\/blog-1-768x573.jpg 768w, https:\/\/paca.lpo.fr\/blogs\/nice\/files\/2017\/10\/blog-1-700x523.jpg 700w\" sizes=\"auto, (max-width: 904px) 100vw, 904px\" \/><figcaption id=\"caption-attachment-1953\" class=\"wp-caption-text\">ABD en discussion avec SAS le Prince Albert<\/figcaption><\/figure><\/p>\n","protected":false},"excerpt":{"rendered":"<p>La Fondation Prince Albert II de Monaco a organis\u00e9 ce forum participatif sur le th\u00e8me \u00ab Quelle place pour la faune sauvage dans notre soci\u00e9t\u00e9 actuelle ?\u00a0\u00bb qui a r\u00e9uni des acteurs de terrain, des scientifiques, des repr\u00e9sentants d\u2019institutions concern\u00e9es par le sujet, des repr\u00e9sentants d\u2019organisations nationales et locales, des APN, les 12 et 13 [&hellip;]<\/p>\n","protected":false},"author":15,"featured_media":1955,"comment_status":"open","ping_status":"open","sticky":false,"template":"","format":"standard","meta":{"footnotes":""},"categories":[1],"tags":[],"class_list":["post-1950","post","type-post","status-publish","format-standard","has-post-thumbnail","hentry","category-sorties-nature"],"yoast_head":"<!-- This site is optimized with the Yoast SEO plugin v28.3 - https:\/\/yoast.com\/product\/yoast-seo-wordpress\/ -->\n<title>Forum participatif \u00e0 Monaco &quot;Quelle place pour la faune sauvage dans notre soci\u00e9t\u00e9 actuelle ?&quot; - Groupe local Nice<\/title>\n<meta name=\"robots\" content=\"index, follow, max-snippet:-1, max-image-preview:large, max-video-preview:-1\" \/>\n<link rel=\"canonical\" href=\"https:\/\/paca.lpo.fr\/blogs\/nice\/2017\/10\/18\/forum-participatif-a-monaco-quelle-place-pour-la-faune-sauvage-dans-notre-societe-actuelle\/\" \/>\n<meta property=\"og:locale\" content=\"fr_FR\" \/>\n<meta property=\"og:type\" content=\"article\" \/>\n<meta property=\"og:title\" content=\"Forum participatif \u00e0 Monaco &quot;Quelle place pour la faune sauvage dans notre soci\u00e9t\u00e9 actuelle ?&quot; - Groupe local Nice\" \/>\n<meta property=\"og:description\" content=\"La Fondation Prince Albert II de Monaco a organis\u00e9 ce forum participatif sur le th\u00e8me \u00ab Quelle place pour la faune sauvage dans notre soci\u00e9t\u00e9 actuelle ?\u00a0\u00bb qui a r\u00e9uni des acteurs de terrain, des scientifiques, des repr\u00e9sentants d\u2019institutions concern\u00e9es par le sujet, des repr\u00e9sentants d\u2019organisations nationales et locales, des APN, les 12 et 13 [&hellip;]\" \/>\n<meta property=\"og:url\" content=\"https:\/\/paca.lpo.fr\/blogs\/nice\/2017\/10\/18\/forum-participatif-a-monaco-quelle-place-pour-la-faune-sauvage-dans-notre-societe-actuelle\/\" \/>\n<meta property=\"og:site_name\" content=\"Groupe local Nice\" \/>\n<meta property=\"article:published_time\" content=\"2017-10-18T15:47:56+00:00\" \/>\n<meta property=\"article:modified_time\" content=\"2017-10-18T15:51:51+00:00\" \/>\n<meta property=\"og:image\" content=\"https:\/\/paca.lpo.fr\/blogs\/nice\/files\/2017\/10\/blog-une-1.jpg\" \/>\n\t<meta property=\"og:image:width\" content=\"697\" \/>\n\t<meta property=\"og:image:height\" content=\"397\" \/>\n\t<meta property=\"og:image:type\" content=\"image\/jpeg\" \/>\n<meta name=\"author\" content=\"Groupe local Paillon-B\u00e9v\u00e9ra\" \/>\n<meta name=\"twitter:card\" content=\"summary_large_image\" \/>\n<meta name=\"twitter:label1\" content=\"\u00c9crit par\" \/>\n\t<meta name=\"twitter:data1\" content=\"Groupe local Paillon-B\u00e9v\u00e9ra\" \/>\n\t<meta name=\"twitter:label2\" content=\"Dur\u00e9e de lecture estim\u00e9e\" \/>\n\t<meta name=\"twitter:data2\" content=\"1 minute\" \/>\n<script type=\"application\/ld+json\" class=\"yoast-schema-graph\">{\"@context\":\"https:\\\/\\\/schema.org\",\"@graph\":[{\"@type\":\"Article\",\"@id\":\"https:\\\/\\\/paca.lpo.fr\\\/blogs\\\/nice\\\/2017\\\/10\\\/18\\\/forum-participatif-a-monaco-quelle-place-pour-la-faune-sauvage-dans-notre-societe-actuelle\\\/#article\",\"isPartOf\":{\"@id\":\"https:\\\/\\\/paca.lpo.fr\\\/blogs\\\/nice\\\/2017\\\/10\\\/18\\\/forum-participatif-a-monaco-quelle-place-pour-la-faune-sauvage-dans-notre-societe-actuelle\\\/\"},\"author\":{\"name\":\"Groupe local Paillon-B\u00e9v\u00e9ra\",\"@id\":\"https:\\\/\\\/paca.lpo.fr\\\/blogs\\\/nice\\\/#\\\/schema\\\/person\\\/1bda33335fb71e0b3552487db26a4c56\"},\"headline\":\"Forum participatif \u00e0 Monaco \u00ab\u00a0Quelle place pour la faune sauvage dans notre soci\u00e9t\u00e9 actuelle ?\u00a0\u00bb\",\"datePublished\":\"2017-10-18T15:47:56+00:00\",\"dateModified\":\"2017-10-18T15:51:51+00:00\",\"mainEntityOfPage\":{\"@id\":\"https:\\\/\\\/paca.lpo.fr\\\/blogs\\\/nice\\\/2017\\\/10\\\/18\\\/forum-participatif-a-monaco-quelle-place-pour-la-faune-sauvage-dans-notre-societe-actuelle\\\/\"},\"wordCount\":193,\"commentCount\":0,\"publisher\":{\"@id\":\"https:\\\/\\\/paca.lpo.fr\\\/blogs\\\/nice\\\/#organization\"},\"image\":{\"@id\":\"https:\\\/\\\/paca.lpo.fr\\\/blogs\\\/nice\\\/2017\\\/10\\\/18\\\/forum-participatif-a-monaco-quelle-place-pour-la-faune-sauvage-dans-notre-societe-actuelle\\\/#primaryimage\"},\"thumbnailUrl\":\"https:\\\/\\\/paca.lpo.fr\\\/blogs\\\/nice\\\/files\\\/2017\\\/10\\\/blog-une-1.jpg\",\"articleSection\":[\"grands \u00e9v\u00e8nements\"],\"inLanguage\":\"fr-FR\",\"potentialAction\":[{\"@type\":\"CommentAction\",\"name\":\"Comment\",\"target\":[\"https:\\\/\\\/paca.lpo.fr\\\/blogs\\\/nice\\\/2017\\\/10\\\/18\\\/forum-participatif-a-monaco-quelle-place-pour-la-faune-sauvage-dans-notre-societe-actuelle\\\/#respond\"]}]},{\"@type\":\"WebPage\",\"@id\":\"https:\\\/\\\/paca.lpo.fr\\\/blogs\\\/nice\\\/2017\\\/10\\\/18\\\/forum-participatif-a-monaco-quelle-place-pour-la-faune-sauvage-dans-notre-societe-actuelle\\\/\",\"url\":\"https:\\\/\\\/paca.lpo.fr\\\/blogs\\\/nice\\\/2017\\\/10\\\/18\\\/forum-participatif-a-monaco-quelle-place-pour-la-faune-sauvage-dans-notre-societe-actuelle\\\/\",\"name\":\"Forum participatif \u00e0 Monaco \\\"Quelle place pour la faune sauvage dans notre soci\u00e9t\u00e9 actuelle ?\\\" - Groupe local Nice\",\"isPartOf\":{\"@id\":\"https:\\\/\\\/paca.lpo.fr\\\/blogs\\\/nice\\\/#website\"},\"primaryImageOfPage\":{\"@id\":\"https:\\\/\\\/paca.lpo.fr\\\/blogs\\\/nice\\\/2017\\\/10\\\/18\\\/forum-participatif-a-monaco-quelle-place-pour-la-faune-sauvage-dans-notre-societe-actuelle\\\/#primaryimage\"},\"image\":{\"@id\":\"https:\\\/\\\/paca.lpo.fr\\\/blogs\\\/nice\\\/2017\\\/10\\\/18\\\/forum-participatif-a-monaco-quelle-place-pour-la-faune-sauvage-dans-notre-societe-actuelle\\\/#primaryimage\"},\"thumbnailUrl\":\"https:\\\/\\\/paca.lpo.fr\\\/blogs\\\/nice\\\/files\\\/2017\\\/10\\\/blog-une-1.jpg\",\"datePublished\":\"2017-10-18T15:47:56+00:00\",\"dateModified\":\"2017-10-18T15:51:51+00:00\",\"breadcrumb\":{\"@id\":\"https:\\\/\\\/paca.lpo.fr\\\/blogs\\\/nice\\\/2017\\\/10\\\/18\\\/forum-participatif-a-monaco-quelle-place-pour-la-faune-sauvage-dans-notre-societe-actuelle\\\/#breadcrumb\"},\"inLanguage\":\"fr-FR\",\"potentialAction\":[{\"@type\":\"ReadAction\",\"target\":[\"https:\\\/\\\/paca.lpo.fr\\\/blogs\\\/nice\\\/2017\\\/10\\\/18\\\/forum-participatif-a-monaco-quelle-place-pour-la-faune-sauvage-dans-notre-societe-actuelle\\\/\"]}]},{\"@type\":\"ImageObject\",\"inLanguage\":\"fr-FR\",\"@id\":\"https:\\\/\\\/paca.lpo.fr\\\/blogs\\\/nice\\\/2017\\\/10\\\/18\\\/forum-participatif-a-monaco-quelle-place-pour-la-faune-sauvage-dans-notre-societe-actuelle\\\/#primaryimage\",\"url\":\"https:\\\/\\\/paca.lpo.fr\\\/blogs\\\/nice\\\/files\\\/2017\\\/10\\\/blog-une-1.jpg\",\"contentUrl\":\"https:\\\/\\\/paca.lpo.fr\\\/blogs\\\/nice\\\/files\\\/2017\\\/10\\\/blog-une-1.jpg\",\"width\":697,\"height\":397},{\"@type\":\"BreadcrumbList\",\"@id\":\"https:\\\/\\\/paca.lpo.fr\\\/blogs\\\/nice\\\/2017\\\/10\\\/18\\\/forum-participatif-a-monaco-quelle-place-pour-la-faune-sauvage-dans-notre-societe-actuelle\\\/#breadcrumb\",\"itemListElement\":[{\"@type\":\"ListItem\",\"position\":1,\"name\":\"Accueil\",\"item\":\"https:\\\/\\\/paca.lpo.fr\\\/blogs\\\/nice\\\/\"},{\"@type\":\"ListItem\",\"position\":2,\"name\":\"Forum participatif \u00e0 Monaco \u00ab\u00a0Quelle place pour la faune sauvage dans notre soci\u00e9t\u00e9 actuelle ?\u00a0\u00bb\"}]},{\"@type\":\"WebSite\",\"@id\":\"https:\\\/\\\/paca.lpo.fr\\\/blogs\\\/nice\\\/#website\",\"url\":\"https:\\\/\\\/paca.lpo.fr\\\/blogs\\\/nice\\\/\",\"name\":\"Groupe local Nice\",\"description\":\"Groupe local Nice\",\"publisher\":{\"@id\":\"https:\\\/\\\/paca.lpo.fr\\\/blogs\\\/nice\\\/#organization\"},\"potentialAction\":[{\"@type\":\"SearchAction\",\"target\":{\"@type\":\"EntryPoint\",\"urlTemplate\":\"https:\\\/\\\/paca.lpo.fr\\\/blogs\\\/nice\\\/?s={search_term_string}\"},\"query-input\":{\"@type\":\"PropertyValueSpecification\",\"valueRequired\":true,\"valueName\":\"search_term_string\"}}],\"inLanguage\":\"fr-FR\"},{\"@type\":\"Organization\",\"@id\":\"https:\\\/\\\/paca.lpo.fr\\\/blogs\\\/nice\\\/#organization\",\"name\":\"Groupe local Nice\",\"url\":\"https:\\\/\\\/paca.lpo.fr\\\/blogs\\\/nice\\\/\",\"logo\":{\"@type\":\"ImageObject\",\"inLanguage\":\"fr-FR\",\"@id\":\"https:\\\/\\\/paca.lpo.fr\\\/blogs\\\/nice\\\/#\\\/schema\\\/logo\\\/image\\\/\",\"url\":\"https:\\\/\\\/paca.lpo.fr\\\/blogs\\\/nice\\\/files\\\/2024\\\/01\\\/cropped-rvb-lpo-paca-logotype-signature-droite-mini-500.jpg\",\"contentUrl\":\"https:\\\/\\\/paca.lpo.fr\\\/blogs\\\/nice\\\/files\\\/2024\\\/01\\\/cropped-rvb-lpo-paca-logotype-signature-droite-mini-500.jpg\",\"width\":500,\"height\":210,\"caption\":\"Groupe local Nice\"},\"image\":{\"@id\":\"https:\\\/\\\/paca.lpo.fr\\\/blogs\\\/nice\\\/#\\\/schema\\\/logo\\\/image\\\/\"}},{\"@type\":\"Person\",\"@id\":\"https:\\\/\\\/paca.lpo.fr\\\/blogs\\\/nice\\\/#\\\/schema\\\/person\\\/1bda33335fb71e0b3552487db26a4c56\",\"name\":\"Groupe local Paillon-B\u00e9v\u00e9ra\",\"image\":{\"@type\":\"ImageObject\",\"inLanguage\":\"fr-FR\",\"@id\":\"https:\\\/\\\/secure.gravatar.com\\\/avatar\\\/b1ee285506e2cb880ec988990d360e255aecb31c77212741dace1023623610c2?s=96&d=mm&r=g\",\"url\":\"https:\\\/\\\/secure.gravatar.com\\\/avatar\\\/b1ee285506e2cb880ec988990d360e255aecb31c77212741dace1023623610c2?s=96&d=mm&r=g\",\"contentUrl\":\"https:\\\/\\\/secure.gravatar.com\\\/avatar\\\/b1ee285506e2cb880ec988990d360e255aecb31c77212741dace1023623610c2?s=96&d=mm&r=g\",\"caption\":\"Groupe local Paillon-B\u00e9v\u00e9ra\"},\"url\":\"https:\\\/\\\/paca.lpo.fr\\\/blogs\\\/nice\\\/author\\\/alpesmaritimesest\\\/\"}]}<\/script>\n<!-- \/ Yoast SEO plugin. -->","yoast_head_json":{"title":"Forum participatif \u00e0 Monaco \"Quelle place pour la faune sauvage dans notre soci\u00e9t\u00e9 actuelle ?\" - Groupe local Nice","robots":{"index":"index","follow":"follow","max-snippet":"max-snippet:-1","max-image-preview":"max-image-preview:large","max-video-preview":"max-video-preview:-1"},"canonical":"https:\/\/paca.lpo.fr\/blogs\/nice\/2017\/10\/18\/forum-participatif-a-monaco-quelle-place-pour-la-faune-sauvage-dans-notre-societe-actuelle\/","og_locale":"fr_FR","og_type":"article","og_title":"Forum participatif \u00e0 Monaco \"Quelle place pour la faune sauvage dans notre soci\u00e9t\u00e9 actuelle ?\" - Groupe local Nice","og_description":"La Fondation Prince Albert II de Monaco a organis\u00e9 ce forum participatif sur le th\u00e8me \u00ab Quelle place pour la faune sauvage dans notre soci\u00e9t\u00e9 actuelle ?\u00a0\u00bb qui a r\u00e9uni des acteurs de terrain, des scientifiques, des repr\u00e9sentants d\u2019institutions concern\u00e9es par le sujet, des repr\u00e9sentants d\u2019organisations nationales et locales, des APN, les 12 et 13 [&hellip;]","og_url":"https:\/\/paca.lpo.fr\/blogs\/nice\/2017\/10\/18\/forum-participatif-a-monaco-quelle-place-pour-la-faune-sauvage-dans-notre-societe-actuelle\/","og_site_name":"Groupe local Nice","article_published_time":"2017-10-18T15:47:56+00:00","article_modified_time":"2017-10-18T15:51:51+00:00","og_image":[{"width":697,"height":397,"url":"https:\/\/paca.lpo.fr\/blogs\/nice\/files\/2017\/10\/blog-une-1.jpg","type":"image\/jpeg"}],"author":"Groupe local Paillon-B\u00e9v\u00e9ra","twitter_card":"summary_large_image","twitter_misc":{"\u00c9crit par":"Groupe local Paillon-B\u00e9v\u00e9ra","Dur\u00e9e de lecture estim\u00e9e":"1 minute"},"schema":{"@context":"https:\/\/schema.org","@graph":[{"@type":"Article","@id":"https:\/\/paca.lpo.fr\/blogs\/nice\/2017\/10\/18\/forum-participatif-a-monaco-quelle-place-pour-la-faune-sauvage-dans-notre-societe-actuelle\/#article","isPartOf":{"@id":"https:\/\/paca.lpo.fr\/blogs\/nice\/2017\/10\/18\/forum-participatif-a-monaco-quelle-place-pour-la-faune-sauvage-dans-notre-societe-actuelle\/"},"author":{"name":"Groupe local Paillon-B\u00e9v\u00e9ra","@id":"https:\/\/paca.lpo.fr\/blogs\/nice\/#\/schema\/person\/1bda33335fb71e0b3552487db26a4c56"},"headline":"Forum participatif \u00e0 Monaco \u00ab\u00a0Quelle place pour la faune sauvage dans notre soci\u00e9t\u00e9 actuelle ?\u00a0\u00bb","datePublished":"2017-10-18T15:47:56+00:00","dateModified":"2017-10-18T15:51:51+00:00","mainEntityOfPage":{"@id":"https:\/\/paca.lpo.fr\/blogs\/nice\/2017\/10\/18\/forum-participatif-a-monaco-quelle-place-pour-la-faune-sauvage-dans-notre-societe-actuelle\/"},"wordCount":193,"commentCount":0,"publisher":{"@id":"https:\/\/paca.lpo.fr\/blogs\/nice\/#organization"},"image":{"@id":"https:\/\/paca.lpo.fr\/blogs\/nice\/2017\/10\/18\/forum-participatif-a-monaco-quelle-place-pour-la-faune-sauvage-dans-notre-societe-actuelle\/#primaryimage"},"thumbnailUrl":"https:\/\/paca.lpo.fr\/blogs\/nice\/files\/2017\/10\/blog-une-1.jpg","articleSection":["grands \u00e9v\u00e8nements"],"inLanguage":"fr-FR","potentialAction":[{"@type":"CommentAction","name":"Comment","target":["https:\/\/paca.lpo.fr\/blogs\/nice\/2017\/10\/18\/forum-participatif-a-monaco-quelle-place-pour-la-faune-sauvage-dans-notre-societe-actuelle\/#respond"]}]},{"@type":"WebPage","@id":"https:\/\/paca.lpo.fr\/blogs\/nice\/2017\/10\/18\/forum-participatif-a-monaco-quelle-place-pour-la-faune-sauvage-dans-notre-societe-actuelle\/","url":"https:\/\/paca.lpo.fr\/blogs\/nice\/2017\/10\/18\/forum-participatif-a-monaco-quelle-place-pour-la-faune-sauvage-dans-notre-societe-actuelle\/","name":"Forum participatif \u00e0 Monaco \"Quelle place pour la faune sauvage dans notre soci\u00e9t\u00e9 actuelle ?\" - Groupe local Nice","isPartOf":{"@id":"https:\/\/paca.lpo.fr\/blogs\/nice\/#website"},"primaryImageOfPage":{"@id":"https:\/\/paca.lpo.fr\/blogs\/nice\/2017\/10\/18\/forum-participatif-a-monaco-quelle-place-pour-la-faune-sauvage-dans-notre-societe-actuelle\/#primaryimage"},"image":{"@id":"https:\/\/paca.lpo.fr\/blogs\/nice\/2017\/10\/18\/forum-participatif-a-monaco-quelle-place-pour-la-faune-sauvage-dans-notre-societe-actuelle\/#primaryimage"},"thumbnailUrl":"https:\/\/paca.lpo.fr\/blogs\/nice\/files\/2017\/10\/blog-une-1.jpg","datePublished":"2017-10-18T15:47:56+00:00","dateModified":"2017-10-18T15:51:51+00:00","breadcrumb":{"@id":"https:\/\/paca.lpo.fr\/blogs\/nice\/2017\/10\/18\/forum-participatif-a-monaco-quelle-place-pour-la-faune-sauvage-dans-notre-societe-actuelle\/#breadcrumb"},"inLanguage":"fr-FR","potentialAction":[{"@type":"ReadAction","target":["https:\/\/paca.lpo.fr\/blogs\/nice\/2017\/10\/18\/forum-participatif-a-monaco-quelle-place-pour-la-faune-sauvage-dans-notre-societe-actuelle\/"]}]},{"@type":"ImageObject","inLanguage":"fr-FR","@id":"https:\/\/paca.lpo.fr\/blogs\/nice\/2017\/10\/18\/forum-participatif-a-monaco-quelle-place-pour-la-faune-sauvage-dans-notre-societe-actuelle\/#primaryimage","url":"https:\/\/paca.lpo.fr\/blogs\/nice\/files\/2017\/10\/blog-une-1.jpg","contentUrl":"https:\/\/paca.lpo.fr\/blogs\/nice\/files\/2017\/10\/blog-une-1.jpg","width":697,"height":397},{"@type":"BreadcrumbList","@id":"https:\/\/paca.lpo.fr\/blogs\/nice\/2017\/10\/18\/forum-participatif-a-monaco-quelle-place-pour-la-faune-sauvage-dans-notre-societe-actuelle\/#breadcrumb","itemListElement":[{"@type":"ListItem","position":1,"name":"Accueil","item":"https:\/\/paca.lpo.fr\/blogs\/nice\/"},{"@type":"ListItem","position":2,"name":"Forum participatif \u00e0 Monaco \u00ab\u00a0Quelle place pour la faune sauvage dans notre soci\u00e9t\u00e9 actuelle ?\u00a0\u00bb"}]},{"@type":"WebSite","@id":"https:\/\/paca.lpo.fr\/blogs\/nice\/#website","url":"https:\/\/paca.lpo.fr\/blogs\/nice\/","name":"Groupe local Nice","description":"Groupe local Nice","publisher":{"@id":"https:\/\/paca.lpo.fr\/blogs\/nice\/#organization"},"potentialAction":[{"@type":"SearchAction","target":{"@type":"EntryPoint","urlTemplate":"https:\/\/paca.lpo.fr\/blogs\/nice\/?s={search_term_string}"},"query-input":{"@type":"PropertyValueSpecification","valueRequired":true,"valueName":"search_term_string"}}],"inLanguage":"fr-FR"},{"@type":"Organization","@id":"https:\/\/paca.lpo.fr\/blogs\/nice\/#organization","name":"Groupe local Nice","url":"https:\/\/paca.lpo.fr\/blogs\/nice\/","logo":{"@type":"ImageObject","inLanguage":"fr-FR","@id":"https:\/\/paca.lpo.fr\/blogs\/nice\/#\/schema\/logo\/image\/","url":"https:\/\/paca.lpo.fr\/blogs\/nice\/files\/2024\/01\/cropped-rvb-lpo-paca-logotype-signature-droite-mini-500.jpg","contentUrl":"https:\/\/paca.lpo.fr\/blogs\/nice\/files\/2024\/01\/cropped-rvb-lpo-paca-logotype-signature-droite-mini-500.jpg","width":500,"height":210,"caption":"Groupe local Nice"},"image":{"@id":"https:\/\/paca.lpo.fr\/blogs\/nice\/#\/schema\/logo\/image\/"}},{"@type":"Person","@id":"https:\/\/paca.lpo.fr\/blogs\/nice\/#\/schema\/person\/1bda33335fb71e0b3552487db26a4c56","name":"Groupe local Paillon-B\u00e9v\u00e9ra","image":{"@type":"ImageObject","inLanguage":"fr-FR","@id":"https:\/\/secure.gravatar.com\/avatar\/b1ee285506e2cb880ec988990d360e255aecb31c77212741dace1023623610c2?s=96&d=mm&r=g","url":"https:\/\/secure.gravatar.com\/avatar\/b1ee285506e2cb880ec988990d360e255aecb31c77212741dace1023623610c2?s=96&d=mm&r=g","contentUrl":"https:\/\/secure.gravatar.com\/avatar\/b1ee285506e2cb880ec988990d360e255aecb31c77212741dace1023623610c2?s=96&d=mm&r=g","caption":"Groupe local Paillon-B\u00e9v\u00e9ra"},"url":"https:\/\/paca.lpo.fr\/blogs\/nice\/author\/alpesmaritimesest\/"}]}},"jetpack_featured_media_url":"https:\/\/paca.lpo.fr\/blogs\/nice\/files\/2017\/10\/blog-une-1.jpg","_links":{"self":[{"href":"https:\/\/paca.lpo.fr\/blogs\/nice\/wp-json\/wp\/v2\/posts\/1950","targetHints":{"allow":["GET"]}}],"collection":[{"href":"https:\/\/paca.lpo.fr\/blogs\/nice\/wp-json\/wp\/v2\/posts"}],"about":[{"href":"https:\/\/paca.lpo.fr\/blogs\/nice\/wp-json\/wp\/v2\/types\/post"}],"author":[{"embeddable":true,"href":"https:\/\/paca.lpo.fr\/blogs\/nice\/wp-json\/wp\/v2\/users\/15"}],"replies":[{"embeddable":true,"href":"https:\/\/paca.lpo.fr\/blogs\/nice\/wp-json\/wp\/v2\/comments?post=1950"}],"version-history":[{"count":1,"href":"https:\/\/paca.lpo.fr\/blogs\/nice\/wp-json\/wp\/v2\/posts\/1950\/revisions"}],"predecessor-version":[{"id":1954,"href":"https:\/\/paca.lpo.fr\/blogs\/nice\/wp-json\/wp\/v2\/posts\/1950\/revisions\/1954"}],"wp:featuredmedia":[{"embeddable":true,"href":"https:\/\/paca.lpo.fr\/blogs\/nice\/wp-json\/wp\/v2\/media\/1955"}],"wp:attachment":[{"href":"https:\/\/paca.lpo.fr\/blogs\/nice\/wp-json\/wp\/v2\/media?parent=1950"}],"wp:term":[{"taxonomy":"category","embeddable":true,"href":"https:\/\/paca.lpo.fr\/blogs\/nice\/wp-json\/wp\/v2\/categories?post=1950"},{"taxonomy":"post_tag","embeddable":true,"href":"https:\/\/paca.lpo.fr\/blogs\/nice\/wp-json\/wp\/v2\/tags?post=1950"}],"curies":[{"name":"wp","href":"https:\/\/api.w.org\/{rel}","templated":true}]}}