{"id":1975,"date":"2017-11-06T17:47:21","date_gmt":"2017-11-06T16:47:21","guid":{"rendered":"https:\/\/paca.lpo.fr\/blogs\/nice\/?p=1975"},"modified":"2017-11-06T18:23:11","modified_gmt":"2017-11-06T17:23:11","slug":"fermeture-du-camp-de-migration-du-fort-de-la-revere-2017","status":"publish","type":"post","link":"https:\/\/paca.lpo.fr\/blogs\/nice\/2017\/11\/06\/fermeture-du-camp-de-migration-du-fort-de-la-revere-2017\/","title":{"rendered":"Fermeture du camp de migration du Fort de la Rev\u00e8re 2017"},"content":{"rendered":"<p>Apr\u00e8s un temps quasi estival pendant toute la dur\u00e9e de l&rsquo;\u00e9dition 2017 les vents froids, la pluie et le brouillard ont fait leur apparition pour ce dernier weekend d&rsquo;observation des oiseaux migrateurs. Les grues cendr\u00e9es n&rsquo;\u00e9taient pas au rendez-vous mais les deux derni\u00e8res journ\u00e9es se sont bien d\u00e9roul\u00e9es dans une ambiance conviviale.<br \/>\n<figure id=\"attachment_1976\" aria-describedby=\"caption-attachment-1976\" style=\"width: 899px\" class=\"wp-caption alignnone\"><img loading=\"lazy\" decoding=\"async\" src=\"https:\/\/paca.lpo.fr\/blogs\/nice\/files\/2017\/11\/blog.jpg\" alt=\"\" width=\"899\" height=\"670\" class=\"size-full wp-image-1976\" srcset=\"https:\/\/paca.lpo.fr\/blogs\/nice\/files\/2017\/11\/blog.jpg 899w, https:\/\/paca.lpo.fr\/blogs\/nice\/files\/2017\/11\/blog-480x358.jpg 480w, https:\/\/paca.lpo.fr\/blogs\/nice\/files\/2017\/11\/blog-768x572.jpg 768w, https:\/\/paca.lpo.fr\/blogs\/nice\/files\/2017\/11\/blog-700x522.jpg 700w\" sizes=\"auto, (max-width: 899px) 100vw, 899px\" \/><figcaption id=\"caption-attachment-1976\" class=\"wp-caption-text\">Des visiteurs sympathiques et int\u00e9ress\u00e9s pour la derni\u00e8re journ\u00e9e<\/figcaption><\/figure><br \/>\n<figure id=\"attachment_1977\" aria-describedby=\"caption-attachment-1977\" style=\"width: 889px\" class=\"wp-caption alignnone\"><img loading=\"lazy\" decoding=\"async\" src=\"https:\/\/paca.lpo.fr\/blogs\/nice\/files\/2017\/11\/blog2-1.jpg\" alt=\"\" width=\"889\" height=\"582\" class=\"size-full wp-image-1977\" srcset=\"https:\/\/paca.lpo.fr\/blogs\/nice\/files\/2017\/11\/blog2-1.jpg 889w, https:\/\/paca.lpo.fr\/blogs\/nice\/files\/2017\/11\/blog2-1-480x314.jpg 480w, https:\/\/paca.lpo.fr\/blogs\/nice\/files\/2017\/11\/blog2-1-768x503.jpg 768w, https:\/\/paca.lpo.fr\/blogs\/nice\/files\/2017\/11\/blog2-1-700x458.jpg 700w\" sizes=\"auto, (max-width: 889px) 100vw, 889px\" \/><figcaption id=\"caption-attachment-1977\" class=\"wp-caption-text\">Les premi\u00e8res neiges \u00e9taient bien visibles \u00e0 travers les nuages<\/figcaption><\/figure><br \/>\n<figure id=\"attachment_1978\" aria-describedby=\"caption-attachment-1978\" style=\"width: 904px\" class=\"wp-caption alignnone\"><img loading=\"lazy\" decoding=\"async\" src=\"https:\/\/paca.lpo.fr\/blogs\/nice\/files\/2017\/11\/blog1-2.jpg\" alt=\"\" width=\"904\" height=\"674\" class=\"size-full wp-image-1978\" srcset=\"https:\/\/paca.lpo.fr\/blogs\/nice\/files\/2017\/11\/blog1-2.jpg 904w, https:\/\/paca.lpo.fr\/blogs\/nice\/files\/2017\/11\/blog1-2-480x358.jpg 480w, https:\/\/paca.lpo.fr\/blogs\/nice\/files\/2017\/11\/blog1-2-768x573.jpg 768w, https:\/\/paca.lpo.fr\/blogs\/nice\/files\/2017\/11\/blog1-2-700x522.jpg 700w\" sizes=\"auto, (max-width: 904px) 100vw, 904px\" \/><figcaption id=\"caption-attachment-1978\" class=\"wp-caption-text\">D\u00e9montage et rangement du mat\u00e9riel dans le brouillard<\/figcaption><\/figure><\/p>\n","protected":false},"excerpt":{"rendered":"<p>Apr\u00e8s un temps quasi estival pendant toute la dur\u00e9e de l&rsquo;\u00e9dition 2017 les vents froids, la pluie et le brouillard ont fait leur apparition pour ce dernier weekend d&rsquo;observation des oiseaux migrateurs. Les grues cendr\u00e9es n&rsquo;\u00e9taient pas au rendez-vous mais les deux derni\u00e8res journ\u00e9es se sont bien d\u00e9roul\u00e9es dans une ambiance conviviale.<\/p>\n","protected":false},"author":15,"featured_media":1979,"comment_status":"open","ping_status":"open","sticky":false,"template":"","format":"standard","meta":{"footnotes":""},"categories":[1,77,3],"tags":[],"class_list":["post-1975","post","type-post","status-publish","format-standard","has-post-thumbnail","hentry","category-sorties-nature","category-grands-evenements","category-vie-groupe"],"yoast_head":"<!-- This site is optimized with the Yoast SEO plugin v28.3 - https:\/\/yoast.com\/product\/yoast-seo-wordpress\/ -->\n<title>Fermeture du camp de migration du Fort de la Rev\u00e8re 2017 - Groupe local Nice<\/title>\n<meta name=\"robots\" content=\"index, follow, max-snippet:-1, max-image-preview:large, max-video-preview:-1\" \/>\n<link rel=\"canonical\" href=\"https:\/\/paca.lpo.fr\/blogs\/nice\/2017\/11\/06\/fermeture-du-camp-de-migration-du-fort-de-la-revere-2017\/\" \/>\n<meta property=\"og:locale\" content=\"fr_FR\" \/>\n<meta property=\"og:type\" content=\"article\" \/>\n<meta property=\"og:title\" content=\"Fermeture du camp de migration du Fort de la Rev\u00e8re 2017 - Groupe local Nice\" \/>\n<meta property=\"og:description\" content=\"Apr\u00e8s un temps quasi estival pendant toute la dur\u00e9e de l&rsquo;\u00e9dition 2017 les vents froids, la pluie et le brouillard ont fait leur apparition pour ce dernier weekend d&rsquo;observation des oiseaux migrateurs. Les grues cendr\u00e9es n&rsquo;\u00e9taient pas au rendez-vous mais les deux derni\u00e8res journ\u00e9es se sont bien d\u00e9roul\u00e9es dans une ambiance conviviale.\" \/>\n<meta property=\"og:url\" content=\"https:\/\/paca.lpo.fr\/blogs\/nice\/2017\/11\/06\/fermeture-du-camp-de-migration-du-fort-de-la-revere-2017\/\" \/>\n<meta property=\"og:site_name\" content=\"Groupe local Nice\" \/>\n<meta property=\"article:published_time\" content=\"2017-11-06T16:47:21+00:00\" \/>\n<meta property=\"article:modified_time\" content=\"2017-11-06T17:23:11+00:00\" \/>\n<meta property=\"og:image\" content=\"https:\/\/paca.lpo.fr\/blogs\/nice\/files\/2017\/11\/blog-une-1.jpg\" \/>\n\t<meta property=\"og:image:width\" content=\"687\" \/>\n\t<meta property=\"og:image:height\" content=\"419\" \/>\n\t<meta property=\"og:image:type\" content=\"image\/jpeg\" \/>\n<meta name=\"author\" content=\"Groupe local Paillon-B\u00e9v\u00e9ra\" \/>\n<meta name=\"twitter:card\" content=\"summary_large_image\" \/>\n<meta name=\"twitter:label1\" content=\"\u00c9crit par\" \/>\n\t<meta name=\"twitter:data1\" content=\"Groupe local Paillon-B\u00e9v\u00e9ra\" \/>\n\t<meta name=\"twitter:label2\" content=\"Dur\u00e9e de lecture estim\u00e9e\" \/>\n\t<meta name=\"twitter:data2\" content=\"1 minute\" \/>\n<script type=\"application\/ld+json\" class=\"yoast-schema-graph\">{\"@context\":\"https:\\\/\\\/schema.org\",\"@graph\":[{\"@type\":\"Article\",\"@id\":\"https:\\\/\\\/paca.lpo.fr\\\/blogs\\\/nice\\\/2017\\\/11\\\/06\\\/fermeture-du-camp-de-migration-du-fort-de-la-revere-2017\\\/#article\",\"isPartOf\":{\"@id\":\"https:\\\/\\\/paca.lpo.fr\\\/blogs\\\/nice\\\/2017\\\/11\\\/06\\\/fermeture-du-camp-de-migration-du-fort-de-la-revere-2017\\\/\"},\"author\":{\"name\":\"Groupe local Paillon-B\u00e9v\u00e9ra\",\"@id\":\"https:\\\/\\\/paca.lpo.fr\\\/blogs\\\/nice\\\/#\\\/schema\\\/person\\\/1bda33335fb71e0b3552487db26a4c56\"},\"headline\":\"Fermeture du camp de migration du Fort de la Rev\u00e8re 2017\",\"datePublished\":\"2017-11-06T16:47:21+00:00\",\"dateModified\":\"2017-11-06T17:23:11+00:00\",\"mainEntityOfPage\":{\"@id\":\"https:\\\/\\\/paca.lpo.fr\\\/blogs\\\/nice\\\/2017\\\/11\\\/06\\\/fermeture-du-camp-de-migration-du-fort-de-la-revere-2017\\\/\"},\"wordCount\":126,\"commentCount\":0,\"publisher\":{\"@id\":\"https:\\\/\\\/paca.lpo.fr\\\/blogs\\\/nice\\\/#organization\"},\"image\":{\"@id\":\"https:\\\/\\\/paca.lpo.fr\\\/blogs\\\/nice\\\/2017\\\/11\\\/06\\\/fermeture-du-camp-de-migration-du-fort-de-la-revere-2017\\\/#primaryimage\"},\"thumbnailUrl\":\"https:\\\/\\\/paca.lpo.fr\\\/blogs\\\/nice\\\/files\\\/2017\\\/11\\\/blog-une-1.jpg\",\"articleSection\":[\"grands \u00e9v\u00e8nements\",\"Grands \u00e9v\u00e8nements\",\"Vie du groupe\"],\"inLanguage\":\"fr-FR\",\"potentialAction\":[{\"@type\":\"CommentAction\",\"name\":\"Comment\",\"target\":[\"https:\\\/\\\/paca.lpo.fr\\\/blogs\\\/nice\\\/2017\\\/11\\\/06\\\/fermeture-du-camp-de-migration-du-fort-de-la-revere-2017\\\/#respond\"]}]},{\"@type\":\"WebPage\",\"@id\":\"https:\\\/\\\/paca.lpo.fr\\\/blogs\\\/nice\\\/2017\\\/11\\\/06\\\/fermeture-du-camp-de-migration-du-fort-de-la-revere-2017\\\/\",\"url\":\"https:\\\/\\\/paca.lpo.fr\\\/blogs\\\/nice\\\/2017\\\/11\\\/06\\\/fermeture-du-camp-de-migration-du-fort-de-la-revere-2017\\\/\",\"name\":\"Fermeture du camp de migration du Fort de la Rev\u00e8re 2017 - Groupe local Nice\",\"isPartOf\":{\"@id\":\"https:\\\/\\\/paca.lpo.fr\\\/blogs\\\/nice\\\/#website\"},\"primaryImageOfPage\":{\"@id\":\"https:\\\/\\\/paca.lpo.fr\\\/blogs\\\/nice\\\/2017\\\/11\\\/06\\\/fermeture-du-camp-de-migration-du-fort-de-la-revere-2017\\\/#primaryimage\"},\"image\":{\"@id\":\"https:\\\/\\\/paca.lpo.fr\\\/blogs\\\/nice\\\/2017\\\/11\\\/06\\\/fermeture-du-camp-de-migration-du-fort-de-la-revere-2017\\\/#primaryimage\"},\"thumbnailUrl\":\"https:\\\/\\\/paca.lpo.fr\\\/blogs\\\/nice\\\/files\\\/2017\\\/11\\\/blog-une-1.jpg\",\"datePublished\":\"2017-11-06T16:47:21+00:00\",\"dateModified\":\"2017-11-06T17:23:11+00:00\",\"breadcrumb\":{\"@id\":\"https:\\\/\\\/paca.lpo.fr\\\/blogs\\\/nice\\\/2017\\\/11\\\/06\\\/fermeture-du-camp-de-migration-du-fort-de-la-revere-2017\\\/#breadcrumb\"},\"inLanguage\":\"fr-FR\",\"potentialAction\":[{\"@type\":\"ReadAction\",\"target\":[\"https:\\\/\\\/paca.lpo.fr\\\/blogs\\\/nice\\\/2017\\\/11\\\/06\\\/fermeture-du-camp-de-migration-du-fort-de-la-revere-2017\\\/\"]}]},{\"@type\":\"ImageObject\",\"inLanguage\":\"fr-FR\",\"@id\":\"https:\\\/\\\/paca.lpo.fr\\\/blogs\\\/nice\\\/2017\\\/11\\\/06\\\/fermeture-du-camp-de-migration-du-fort-de-la-revere-2017\\\/#primaryimage\",\"url\":\"https:\\\/\\\/paca.lpo.fr\\\/blogs\\\/nice\\\/files\\\/2017\\\/11\\\/blog-une-1.jpg\",\"contentUrl\":\"https:\\\/\\\/paca.lpo.fr\\\/blogs\\\/nice\\\/files\\\/2017\\\/11\\\/blog-une-1.jpg\",\"width\":687,\"height\":419,\"caption\":\"C\u00e9cile Lemarchand et l'\u00e9quipe de b\u00e9n\u00e9voles du dimanche 5 novembre\"},{\"@type\":\"BreadcrumbList\",\"@id\":\"https:\\\/\\\/paca.lpo.fr\\\/blogs\\\/nice\\\/2017\\\/11\\\/06\\\/fermeture-du-camp-de-migration-du-fort-de-la-revere-2017\\\/#breadcrumb\",\"itemListElement\":[{\"@type\":\"ListItem\",\"position\":1,\"name\":\"Accueil\",\"item\":\"https:\\\/\\\/paca.lpo.fr\\\/blogs\\\/nice\\\/\"},{\"@type\":\"ListItem\",\"position\":2,\"name\":\"Fermeture du camp de migration du Fort de la Rev\u00e8re 2017\"}]},{\"@type\":\"WebSite\",\"@id\":\"https:\\\/\\\/paca.lpo.fr\\\/blogs\\\/nice\\\/#website\",\"url\":\"https:\\\/\\\/paca.lpo.fr\\\/blogs\\\/nice\\\/\",\"name\":\"Groupe local Nice\",\"description\":\"Groupe local Nice\",\"publisher\":{\"@id\":\"https:\\\/\\\/paca.lpo.fr\\\/blogs\\\/nice\\\/#organization\"},\"potentialAction\":[{\"@type\":\"SearchAction\",\"target\":{\"@type\":\"EntryPoint\",\"urlTemplate\":\"https:\\\/\\\/paca.lpo.fr\\\/blogs\\\/nice\\\/?s={search_term_string}\"},\"query-input\":{\"@type\":\"PropertyValueSpecification\",\"valueRequired\":true,\"valueName\":\"search_term_string\"}}],\"inLanguage\":\"fr-FR\"},{\"@type\":\"Organization\",\"@id\":\"https:\\\/\\\/paca.lpo.fr\\\/blogs\\\/nice\\\/#organization\",\"name\":\"Groupe local Nice\",\"url\":\"https:\\\/\\\/paca.lpo.fr\\\/blogs\\\/nice\\\/\",\"logo\":{\"@type\":\"ImageObject\",\"inLanguage\":\"fr-FR\",\"@id\":\"https:\\\/\\\/paca.lpo.fr\\\/blogs\\\/nice\\\/#\\\/schema\\\/logo\\\/image\\\/\",\"url\":\"https:\\\/\\\/paca.lpo.fr\\\/blogs\\\/nice\\\/files\\\/2024\\\/01\\\/cropped-rvb-lpo-paca-logotype-signature-droite-mini-500.jpg\",\"contentUrl\":\"https:\\\/\\\/paca.lpo.fr\\\/blogs\\\/nice\\\/files\\\/2024\\\/01\\\/cropped-rvb-lpo-paca-logotype-signature-droite-mini-500.jpg\",\"width\":500,\"height\":210,\"caption\":\"Groupe local Nice\"},\"image\":{\"@id\":\"https:\\\/\\\/paca.lpo.fr\\\/blogs\\\/nice\\\/#\\\/schema\\\/logo\\\/image\\\/\"}},{\"@type\":\"Person\",\"@id\":\"https:\\\/\\\/paca.lpo.fr\\\/blogs\\\/nice\\\/#\\\/schema\\\/person\\\/1bda33335fb71e0b3552487db26a4c56\",\"name\":\"Groupe local Paillon-B\u00e9v\u00e9ra\",\"image\":{\"@type\":\"ImageObject\",\"inLanguage\":\"fr-FR\",\"@id\":\"https:\\\/\\\/secure.gravatar.com\\\/avatar\\\/b1ee285506e2cb880ec988990d360e255aecb31c77212741dace1023623610c2?s=96&d=mm&r=g\",\"url\":\"https:\\\/\\\/secure.gravatar.com\\\/avatar\\\/b1ee285506e2cb880ec988990d360e255aecb31c77212741dace1023623610c2?s=96&d=mm&r=g\",\"contentUrl\":\"https:\\\/\\\/secure.gravatar.com\\\/avatar\\\/b1ee285506e2cb880ec988990d360e255aecb31c77212741dace1023623610c2?s=96&d=mm&r=g\",\"caption\":\"Groupe local Paillon-B\u00e9v\u00e9ra\"},\"url\":\"https:\\\/\\\/paca.lpo.fr\\\/blogs\\\/nice\\\/author\\\/alpesmaritimesest\\\/\"}]}<\/script>\n<!-- \/ Yoast SEO plugin. -->","yoast_head_json":{"title":"Fermeture du camp de migration du Fort de la Rev\u00e8re 2017 - Groupe local Nice","robots":{"index":"index","follow":"follow","max-snippet":"max-snippet:-1","max-image-preview":"max-image-preview:large","max-video-preview":"max-video-preview:-1"},"canonical":"https:\/\/paca.lpo.fr\/blogs\/nice\/2017\/11\/06\/fermeture-du-camp-de-migration-du-fort-de-la-revere-2017\/","og_locale":"fr_FR","og_type":"article","og_title":"Fermeture du camp de migration du Fort de la Rev\u00e8re 2017 - Groupe local Nice","og_description":"Apr\u00e8s un temps quasi estival pendant toute la dur\u00e9e de l&rsquo;\u00e9dition 2017 les vents froids, la pluie et le brouillard ont fait leur apparition pour ce dernier weekend d&rsquo;observation des oiseaux migrateurs. Les grues cendr\u00e9es n&rsquo;\u00e9taient pas au rendez-vous mais les deux derni\u00e8res journ\u00e9es se sont bien d\u00e9roul\u00e9es dans une ambiance conviviale.","og_url":"https:\/\/paca.lpo.fr\/blogs\/nice\/2017\/11\/06\/fermeture-du-camp-de-migration-du-fort-de-la-revere-2017\/","og_site_name":"Groupe local Nice","article_published_time":"2017-11-06T16:47:21+00:00","article_modified_time":"2017-11-06T17:23:11+00:00","og_image":[{"width":687,"height":419,"url":"https:\/\/paca.lpo.fr\/blogs\/nice\/files\/2017\/11\/blog-une-1.jpg","type":"image\/jpeg"}],"author":"Groupe local Paillon-B\u00e9v\u00e9ra","twitter_card":"summary_large_image","twitter_misc":{"\u00c9crit par":"Groupe local Paillon-B\u00e9v\u00e9ra","Dur\u00e9e de lecture estim\u00e9e":"1 minute"},"schema":{"@context":"https:\/\/schema.org","@graph":[{"@type":"Article","@id":"https:\/\/paca.lpo.fr\/blogs\/nice\/2017\/11\/06\/fermeture-du-camp-de-migration-du-fort-de-la-revere-2017\/#article","isPartOf":{"@id":"https:\/\/paca.lpo.fr\/blogs\/nice\/2017\/11\/06\/fermeture-du-camp-de-migration-du-fort-de-la-revere-2017\/"},"author":{"name":"Groupe local Paillon-B\u00e9v\u00e9ra","@id":"https:\/\/paca.lpo.fr\/blogs\/nice\/#\/schema\/person\/1bda33335fb71e0b3552487db26a4c56"},"headline":"Fermeture du camp de migration du Fort de la Rev\u00e8re 2017","datePublished":"2017-11-06T16:47:21+00:00","dateModified":"2017-11-06T17:23:11+00:00","mainEntityOfPage":{"@id":"https:\/\/paca.lpo.fr\/blogs\/nice\/2017\/11\/06\/fermeture-du-camp-de-migration-du-fort-de-la-revere-2017\/"},"wordCount":126,"commentCount":0,"publisher":{"@id":"https:\/\/paca.lpo.fr\/blogs\/nice\/#organization"},"image":{"@id":"https:\/\/paca.lpo.fr\/blogs\/nice\/2017\/11\/06\/fermeture-du-camp-de-migration-du-fort-de-la-revere-2017\/#primaryimage"},"thumbnailUrl":"https:\/\/paca.lpo.fr\/blogs\/nice\/files\/2017\/11\/blog-une-1.jpg","articleSection":["grands \u00e9v\u00e8nements","Grands \u00e9v\u00e8nements","Vie du groupe"],"inLanguage":"fr-FR","potentialAction":[{"@type":"CommentAction","name":"Comment","target":["https:\/\/paca.lpo.fr\/blogs\/nice\/2017\/11\/06\/fermeture-du-camp-de-migration-du-fort-de-la-revere-2017\/#respond"]}]},{"@type":"WebPage","@id":"https:\/\/paca.lpo.fr\/blogs\/nice\/2017\/11\/06\/fermeture-du-camp-de-migration-du-fort-de-la-revere-2017\/","url":"https:\/\/paca.lpo.fr\/blogs\/nice\/2017\/11\/06\/fermeture-du-camp-de-migration-du-fort-de-la-revere-2017\/","name":"Fermeture du camp de migration du Fort de la Rev\u00e8re 2017 - Groupe local Nice","isPartOf":{"@id":"https:\/\/paca.lpo.fr\/blogs\/nice\/#website"},"primaryImageOfPage":{"@id":"https:\/\/paca.lpo.fr\/blogs\/nice\/2017\/11\/06\/fermeture-du-camp-de-migration-du-fort-de-la-revere-2017\/#primaryimage"},"image":{"@id":"https:\/\/paca.lpo.fr\/blogs\/nice\/2017\/11\/06\/fermeture-du-camp-de-migration-du-fort-de-la-revere-2017\/#primaryimage"},"thumbnailUrl":"https:\/\/paca.lpo.fr\/blogs\/nice\/files\/2017\/11\/blog-une-1.jpg","datePublished":"2017-11-06T16:47:21+00:00","dateModified":"2017-11-06T17:23:11+00:00","breadcrumb":{"@id":"https:\/\/paca.lpo.fr\/blogs\/nice\/2017\/11\/06\/fermeture-du-camp-de-migration-du-fort-de-la-revere-2017\/#breadcrumb"},"inLanguage":"fr-FR","potentialAction":[{"@type":"ReadAction","target":["https:\/\/paca.lpo.fr\/blogs\/nice\/2017\/11\/06\/fermeture-du-camp-de-migration-du-fort-de-la-revere-2017\/"]}]},{"@type":"ImageObject","inLanguage":"fr-FR","@id":"https:\/\/paca.lpo.fr\/blogs\/nice\/2017\/11\/06\/fermeture-du-camp-de-migration-du-fort-de-la-revere-2017\/#primaryimage","url":"https:\/\/paca.lpo.fr\/blogs\/nice\/files\/2017\/11\/blog-une-1.jpg","contentUrl":"https:\/\/paca.lpo.fr\/blogs\/nice\/files\/2017\/11\/blog-une-1.jpg","width":687,"height":419,"caption":"C\u00e9cile Lemarchand et l'\u00e9quipe de b\u00e9n\u00e9voles du dimanche 5 novembre"},{"@type":"BreadcrumbList","@id":"https:\/\/paca.lpo.fr\/blogs\/nice\/2017\/11\/06\/fermeture-du-camp-de-migration-du-fort-de-la-revere-2017\/#breadcrumb","itemListElement":[{"@type":"ListItem","position":1,"name":"Accueil","item":"https:\/\/paca.lpo.fr\/blogs\/nice\/"},{"@type":"ListItem","position":2,"name":"Fermeture du camp de migration du Fort de la Rev\u00e8re 2017"}]},{"@type":"WebSite","@id":"https:\/\/paca.lpo.fr\/blogs\/nice\/#website","url":"https:\/\/paca.lpo.fr\/blogs\/nice\/","name":"Groupe local Nice","description":"Groupe local Nice","publisher":{"@id":"https:\/\/paca.lpo.fr\/blogs\/nice\/#organization"},"potentialAction":[{"@type":"SearchAction","target":{"@type":"EntryPoint","urlTemplate":"https:\/\/paca.lpo.fr\/blogs\/nice\/?s={search_term_string}"},"query-input":{"@type":"PropertyValueSpecification","valueRequired":true,"valueName":"search_term_string"}}],"inLanguage":"fr-FR"},{"@type":"Organization","@id":"https:\/\/paca.lpo.fr\/blogs\/nice\/#organization","name":"Groupe local Nice","url":"https:\/\/paca.lpo.fr\/blogs\/nice\/","logo":{"@type":"ImageObject","inLanguage":"fr-FR","@id":"https:\/\/paca.lpo.fr\/blogs\/nice\/#\/schema\/logo\/image\/","url":"https:\/\/paca.lpo.fr\/blogs\/nice\/files\/2024\/01\/cropped-rvb-lpo-paca-logotype-signature-droite-mini-500.jpg","contentUrl":"https:\/\/paca.lpo.fr\/blogs\/nice\/files\/2024\/01\/cropped-rvb-lpo-paca-logotype-signature-droite-mini-500.jpg","width":500,"height":210,"caption":"Groupe local Nice"},"image":{"@id":"https:\/\/paca.lpo.fr\/blogs\/nice\/#\/schema\/logo\/image\/"}},{"@type":"Person","@id":"https:\/\/paca.lpo.fr\/blogs\/nice\/#\/schema\/person\/1bda33335fb71e0b3552487db26a4c56","name":"Groupe local Paillon-B\u00e9v\u00e9ra","image":{"@type":"ImageObject","inLanguage":"fr-FR","@id":"https:\/\/secure.gravatar.com\/avatar\/b1ee285506e2cb880ec988990d360e255aecb31c77212741dace1023623610c2?s=96&d=mm&r=g","url":"https:\/\/secure.gravatar.com\/avatar\/b1ee285506e2cb880ec988990d360e255aecb31c77212741dace1023623610c2?s=96&d=mm&r=g","contentUrl":"https:\/\/secure.gravatar.com\/avatar\/b1ee285506e2cb880ec988990d360e255aecb31c77212741dace1023623610c2?s=96&d=mm&r=g","caption":"Groupe local Paillon-B\u00e9v\u00e9ra"},"url":"https:\/\/paca.lpo.fr\/blogs\/nice\/author\/alpesmaritimesest\/"}]}},"jetpack_featured_media_url":"https:\/\/paca.lpo.fr\/blogs\/nice\/files\/2017\/11\/blog-une-1.jpg","_links":{"self":[{"href":"https:\/\/paca.lpo.fr\/blogs\/nice\/wp-json\/wp\/v2\/posts\/1975","targetHints":{"allow":["GET"]}}],"collection":[{"href":"https:\/\/paca.lpo.fr\/blogs\/nice\/wp-json\/wp\/v2\/posts"}],"about":[{"href":"https:\/\/paca.lpo.fr\/blogs\/nice\/wp-json\/wp\/v2\/types\/post"}],"author":[{"embeddable":true,"href":"https:\/\/paca.lpo.fr\/blogs\/nice\/wp-json\/wp\/v2\/users\/15"}],"replies":[{"embeddable":true,"href":"https:\/\/paca.lpo.fr\/blogs\/nice\/wp-json\/wp\/v2\/comments?post=1975"}],"version-history":[{"count":2,"href":"https:\/\/paca.lpo.fr\/blogs\/nice\/wp-json\/wp\/v2\/posts\/1975\/revisions"}],"predecessor-version":[{"id":1981,"href":"https:\/\/paca.lpo.fr\/blogs\/nice\/wp-json\/wp\/v2\/posts\/1975\/revisions\/1981"}],"wp:featuredmedia":[{"embeddable":true,"href":"https:\/\/paca.lpo.fr\/blogs\/nice\/wp-json\/wp\/v2\/media\/1979"}],"wp:attachment":[{"href":"https:\/\/paca.lpo.fr\/blogs\/nice\/wp-json\/wp\/v2\/media?parent=1975"}],"wp:term":[{"taxonomy":"category","embeddable":true,"href":"https:\/\/paca.lpo.fr\/blogs\/nice\/wp-json\/wp\/v2\/categories?post=1975"},{"taxonomy":"post_tag","embeddable":true,"href":"https:\/\/paca.lpo.fr\/blogs\/nice\/wp-json\/wp\/v2\/tags?post=1975"}],"curies":[{"name":"wp","href":"https:\/\/api.w.org\/{rel}","templated":true}]}}