{"id":2002,"date":"2017-12-06T09:32:35","date_gmt":"2017-12-06T08:32:35","guid":{"rendered":"https:\/\/paca.lpo.fr\/blogs\/nice\/?p=2002"},"modified":"2017-12-06T09:37:12","modified_gmt":"2017-12-06T08:37:12","slug":"un-heron-gardeboeufs-victime-de-tir-illegal-a-gorbio","status":"publish","type":"post","link":"https:\/\/paca.lpo.fr\/blogs\/nice\/2017\/12\/06\/un-heron-gardeboeufs-victime-de-tir-illegal-a-gorbio\/","title":{"rendered":"Un h\u00e9ron gardeboeufs victime de tir ill\u00e9gal \u00e0 Gorbio"},"content":{"rendered":"<p>Ce bel oiseau blanc a \u00e9t\u00e9 trouv\u00e9 agonisant lundi 4 d\u00e9cembre, une balle ayant travers\u00e9 sa poitrine. Il est mort peu apr\u00e8s d&rsquo;une h\u00e9morragie interne, apr\u00e8s une longue souffrance.<br \/>\nLe h\u00e9ron gardeboeufs est un oiseau prot\u00e9g\u00e9, non chassable, et avec son beau plumage blanc pur il ne peut pas \u00eatre confondu avec des esp\u00e8ces dites \u00ab\u00a0gibier\u00a0\u00bb.<br \/>\nEncore une destruction d\u00e9lib\u00e9r\u00e9e, acte barbare qui n&rsquo;avait d&rsquo;autre but que la cruaut\u00e9.<br \/>\n<figure id=\"attachment_2004\" aria-describedby=\"caption-attachment-2004\" style=\"width: 660px\" class=\"wp-caption alignnone\"><img loading=\"lazy\" decoding=\"async\" src=\"https:\/\/paca.lpo.fr\/blogs\/nice\/files\/2017\/12\/1-corps-entier-lateral-copie-960x363.jpg\" alt=\"\" width=\"660\" height=\"250\" class=\"size-large wp-image-2004\" srcset=\"https:\/\/paca.lpo.fr\/blogs\/nice\/files\/2017\/12\/1-corps-entier-lateral-copie-960x363.jpg 960w, https:\/\/paca.lpo.fr\/blogs\/nice\/files\/2017\/12\/1-corps-entier-lateral-copie-480x182.jpg 480w, https:\/\/paca.lpo.fr\/blogs\/nice\/files\/2017\/12\/1-corps-entier-lateral-copie-768x291.jpg 768w, https:\/\/paca.lpo.fr\/blogs\/nice\/files\/2017\/12\/1-corps-entier-lateral-copie-700x265.jpg 700w, https:\/\/paca.lpo.fr\/blogs\/nice\/files\/2017\/12\/1-corps-entier-lateral-copie.jpg 994w\" sizes=\"auto, (max-width: 660px) 100vw, 660px\" \/><figcaption id=\"caption-attachment-2004\" class=\"wp-caption-text\">Radio<\/figcaption><\/figure><br \/>\n<figure id=\"attachment_2005\" aria-describedby=\"caption-attachment-2005\" style=\"width: 600px\" class=\"wp-caption alignnone\"><img loading=\"lazy\" decoding=\"async\" src=\"https:\/\/paca.lpo.fr\/blogs\/nice\/files\/2017\/12\/img-20171204-193933-copie-600x800.jpg\" alt=\"\" width=\"600\" height=\"800\" class=\"size-large wp-image-2005\" srcset=\"https:\/\/paca.lpo.fr\/blogs\/nice\/files\/2017\/12\/img-20171204-193933-copie-600x800.jpg 600w, https:\/\/paca.lpo.fr\/blogs\/nice\/files\/2017\/12\/img-20171204-193933-copie-360x480.jpg 360w, https:\/\/paca.lpo.fr\/blogs\/nice\/files\/2017\/12\/img-20171204-193933-copie.jpg 669w\" sizes=\"auto, (max-width: 600px) 100vw, 600px\" \/><figcaption id=\"caption-attachment-2005\" class=\"wp-caption-text\">dav<\/figcaption><\/figure><\/p>\n","protected":false},"excerpt":{"rendered":"<p>Ce bel oiseau blanc a \u00e9t\u00e9 trouv\u00e9 agonisant lundi 4 d\u00e9cembre, une balle ayant travers\u00e9 sa poitrine. Il est mort peu apr\u00e8s d&rsquo;une h\u00e9morragie interne, apr\u00e8s une longue souffrance. Le h\u00e9ron gardeboeufs est un oiseau prot\u00e9g\u00e9, non chassable, et avec son beau plumage blanc pur il ne peut pas \u00eatre confondu avec des esp\u00e8ces dites [&hellip;]<\/p>\n","protected":false},"author":15,"featured_media":2007,"comment_status":"open","ping_status":"open","sticky":false,"template":"","format":"standard","meta":{"footnotes":""},"categories":[3],"tags":[],"class_list":["post-2002","post","type-post","status-publish","format-standard","has-post-thumbnail","hentry","category-vie-groupe"],"yoast_head":"<!-- This site is optimized with the Yoast SEO plugin v28.3 - https:\/\/yoast.com\/product\/yoast-seo-wordpress\/ -->\n<title>Un h\u00e9ron gardeboeufs victime de tir ill\u00e9gal \u00e0 Gorbio - Groupe local Nice<\/title>\n<meta name=\"robots\" content=\"index, follow, max-snippet:-1, max-image-preview:large, max-video-preview:-1\" \/>\n<link rel=\"canonical\" href=\"https:\/\/paca.lpo.fr\/blogs\/nice\/2017\/12\/06\/un-heron-gardeboeufs-victime-de-tir-illegal-a-gorbio\/\" \/>\n<meta property=\"og:locale\" content=\"fr_FR\" \/>\n<meta property=\"og:type\" content=\"article\" \/>\n<meta property=\"og:title\" content=\"Un h\u00e9ron gardeboeufs victime de tir ill\u00e9gal \u00e0 Gorbio - Groupe local Nice\" \/>\n<meta property=\"og:description\" content=\"Ce bel oiseau blanc a \u00e9t\u00e9 trouv\u00e9 agonisant lundi 4 d\u00e9cembre, une balle ayant travers\u00e9 sa poitrine. Il est mort peu apr\u00e8s d&rsquo;une h\u00e9morragie interne, apr\u00e8s une longue souffrance. Le h\u00e9ron gardeboeufs est un oiseau prot\u00e9g\u00e9, non chassable, et avec son beau plumage blanc pur il ne peut pas \u00eatre confondu avec des esp\u00e8ces dites [&hellip;]\" \/>\n<meta property=\"og:url\" content=\"https:\/\/paca.lpo.fr\/blogs\/nice\/2017\/12\/06\/un-heron-gardeboeufs-victime-de-tir-illegal-a-gorbio\/\" \/>\n<meta property=\"og:site_name\" content=\"Groupe local Nice\" \/>\n<meta property=\"article:published_time\" content=\"2017-12-06T08:32:35+00:00\" \/>\n<meta property=\"article:modified_time\" content=\"2017-12-06T08:37:12+00:00\" \/>\n<meta property=\"og:image\" content=\"https:\/\/paca.lpo.fr\/blogs\/nice\/files\/2017\/12\/img-20171204-194012-copie-1.jpg\" \/>\n\t<meta property=\"og:image:width\" content=\"674\" \/>\n\t<meta property=\"og:image:height\" content=\"456\" \/>\n\t<meta property=\"og:image:type\" content=\"image\/jpeg\" \/>\n<meta name=\"author\" content=\"Groupe local Paillon-B\u00e9v\u00e9ra\" \/>\n<meta name=\"twitter:card\" content=\"summary_large_image\" \/>\n<meta name=\"twitter:label1\" content=\"\u00c9crit par\" \/>\n\t<meta name=\"twitter:data1\" content=\"Groupe local Paillon-B\u00e9v\u00e9ra\" \/>\n<script type=\"application\/ld+json\" class=\"yoast-schema-graph\">{\"@context\":\"https:\\\/\\\/schema.org\",\"@graph\":[{\"@type\":\"Article\",\"@id\":\"https:\\\/\\\/paca.lpo.fr\\\/blogs\\\/nice\\\/2017\\\/12\\\/06\\\/un-heron-gardeboeufs-victime-de-tir-illegal-a-gorbio\\\/#article\",\"isPartOf\":{\"@id\":\"https:\\\/\\\/paca.lpo.fr\\\/blogs\\\/nice\\\/2017\\\/12\\\/06\\\/un-heron-gardeboeufs-victime-de-tir-illegal-a-gorbio\\\/\"},\"author\":{\"name\":\"Groupe local Paillon-B\u00e9v\u00e9ra\",\"@id\":\"https:\\\/\\\/paca.lpo.fr\\\/blogs\\\/nice\\\/#\\\/schema\\\/person\\\/1bda33335fb71e0b3552487db26a4c56\"},\"headline\":\"Un h\u00e9ron gardeboeufs victime de tir ill\u00e9gal \u00e0 Gorbio\",\"datePublished\":\"2017-12-06T08:32:35+00:00\",\"dateModified\":\"2017-12-06T08:37:12+00:00\",\"mainEntityOfPage\":{\"@id\":\"https:\\\/\\\/paca.lpo.fr\\\/blogs\\\/nice\\\/2017\\\/12\\\/06\\\/un-heron-gardeboeufs-victime-de-tir-illegal-a-gorbio\\\/\"},\"wordCount\":107,\"commentCount\":0,\"publisher\":{\"@id\":\"https:\\\/\\\/paca.lpo.fr\\\/blogs\\\/nice\\\/#organization\"},\"image\":{\"@id\":\"https:\\\/\\\/paca.lpo.fr\\\/blogs\\\/nice\\\/2017\\\/12\\\/06\\\/un-heron-gardeboeufs-victime-de-tir-illegal-a-gorbio\\\/#primaryimage\"},\"thumbnailUrl\":\"https:\\\/\\\/paca.lpo.fr\\\/blogs\\\/nice\\\/files\\\/2017\\\/12\\\/img-20171204-194012-copie-1.jpg\",\"articleSection\":[\"Vie du groupe\"],\"inLanguage\":\"fr-FR\",\"potentialAction\":[{\"@type\":\"CommentAction\",\"name\":\"Comment\",\"target\":[\"https:\\\/\\\/paca.lpo.fr\\\/blogs\\\/nice\\\/2017\\\/12\\\/06\\\/un-heron-gardeboeufs-victime-de-tir-illegal-a-gorbio\\\/#respond\"]}]},{\"@type\":\"WebPage\",\"@id\":\"https:\\\/\\\/paca.lpo.fr\\\/blogs\\\/nice\\\/2017\\\/12\\\/06\\\/un-heron-gardeboeufs-victime-de-tir-illegal-a-gorbio\\\/\",\"url\":\"https:\\\/\\\/paca.lpo.fr\\\/blogs\\\/nice\\\/2017\\\/12\\\/06\\\/un-heron-gardeboeufs-victime-de-tir-illegal-a-gorbio\\\/\",\"name\":\"Un h\u00e9ron gardeboeufs victime de tir ill\u00e9gal \u00e0 Gorbio - Groupe local Nice\",\"isPartOf\":{\"@id\":\"https:\\\/\\\/paca.lpo.fr\\\/blogs\\\/nice\\\/#website\"},\"primaryImageOfPage\":{\"@id\":\"https:\\\/\\\/paca.lpo.fr\\\/blogs\\\/nice\\\/2017\\\/12\\\/06\\\/un-heron-gardeboeufs-victime-de-tir-illegal-a-gorbio\\\/#primaryimage\"},\"image\":{\"@id\":\"https:\\\/\\\/paca.lpo.fr\\\/blogs\\\/nice\\\/2017\\\/12\\\/06\\\/un-heron-gardeboeufs-victime-de-tir-illegal-a-gorbio\\\/#primaryimage\"},\"thumbnailUrl\":\"https:\\\/\\\/paca.lpo.fr\\\/blogs\\\/nice\\\/files\\\/2017\\\/12\\\/img-20171204-194012-copie-1.jpg\",\"datePublished\":\"2017-12-06T08:32:35+00:00\",\"dateModified\":\"2017-12-06T08:37:12+00:00\",\"breadcrumb\":{\"@id\":\"https:\\\/\\\/paca.lpo.fr\\\/blogs\\\/nice\\\/2017\\\/12\\\/06\\\/un-heron-gardeboeufs-victime-de-tir-illegal-a-gorbio\\\/#breadcrumb\"},\"inLanguage\":\"fr-FR\",\"potentialAction\":[{\"@type\":\"ReadAction\",\"target\":[\"https:\\\/\\\/paca.lpo.fr\\\/blogs\\\/nice\\\/2017\\\/12\\\/06\\\/un-heron-gardeboeufs-victime-de-tir-illegal-a-gorbio\\\/\"]}]},{\"@type\":\"ImageObject\",\"inLanguage\":\"fr-FR\",\"@id\":\"https:\\\/\\\/paca.lpo.fr\\\/blogs\\\/nice\\\/2017\\\/12\\\/06\\\/un-heron-gardeboeufs-victime-de-tir-illegal-a-gorbio\\\/#primaryimage\",\"url\":\"https:\\\/\\\/paca.lpo.fr\\\/blogs\\\/nice\\\/files\\\/2017\\\/12\\\/img-20171204-194012-copie-1.jpg\",\"contentUrl\":\"https:\\\/\\\/paca.lpo.fr\\\/blogs\\\/nice\\\/files\\\/2017\\\/12\\\/img-20171204-194012-copie-1.jpg\",\"width\":674,\"height\":456,\"caption\":\"L'oiseau bless\u00e9\"},{\"@type\":\"BreadcrumbList\",\"@id\":\"https:\\\/\\\/paca.lpo.fr\\\/blogs\\\/nice\\\/2017\\\/12\\\/06\\\/un-heron-gardeboeufs-victime-de-tir-illegal-a-gorbio\\\/#breadcrumb\",\"itemListElement\":[{\"@type\":\"ListItem\",\"position\":1,\"name\":\"Accueil\",\"item\":\"https:\\\/\\\/paca.lpo.fr\\\/blogs\\\/nice\\\/\"},{\"@type\":\"ListItem\",\"position\":2,\"name\":\"Un h\u00e9ron gardeboeufs victime de tir ill\u00e9gal \u00e0 Gorbio\"}]},{\"@type\":\"WebSite\",\"@id\":\"https:\\\/\\\/paca.lpo.fr\\\/blogs\\\/nice\\\/#website\",\"url\":\"https:\\\/\\\/paca.lpo.fr\\\/blogs\\\/nice\\\/\",\"name\":\"Groupe local Nice\",\"description\":\"Groupe local Nice\",\"publisher\":{\"@id\":\"https:\\\/\\\/paca.lpo.fr\\\/blogs\\\/nice\\\/#organization\"},\"potentialAction\":[{\"@type\":\"SearchAction\",\"target\":{\"@type\":\"EntryPoint\",\"urlTemplate\":\"https:\\\/\\\/paca.lpo.fr\\\/blogs\\\/nice\\\/?s={search_term_string}\"},\"query-input\":{\"@type\":\"PropertyValueSpecification\",\"valueRequired\":true,\"valueName\":\"search_term_string\"}}],\"inLanguage\":\"fr-FR\"},{\"@type\":\"Organization\",\"@id\":\"https:\\\/\\\/paca.lpo.fr\\\/blogs\\\/nice\\\/#organization\",\"name\":\"Groupe local Nice\",\"url\":\"https:\\\/\\\/paca.lpo.fr\\\/blogs\\\/nice\\\/\",\"logo\":{\"@type\":\"ImageObject\",\"inLanguage\":\"fr-FR\",\"@id\":\"https:\\\/\\\/paca.lpo.fr\\\/blogs\\\/nice\\\/#\\\/schema\\\/logo\\\/image\\\/\",\"url\":\"https:\\\/\\\/paca.lpo.fr\\\/blogs\\\/nice\\\/files\\\/2024\\\/01\\\/cropped-rvb-lpo-paca-logotype-signature-droite-mini-500.jpg\",\"contentUrl\":\"https:\\\/\\\/paca.lpo.fr\\\/blogs\\\/nice\\\/files\\\/2024\\\/01\\\/cropped-rvb-lpo-paca-logotype-signature-droite-mini-500.jpg\",\"width\":500,\"height\":210,\"caption\":\"Groupe local Nice\"},\"image\":{\"@id\":\"https:\\\/\\\/paca.lpo.fr\\\/blogs\\\/nice\\\/#\\\/schema\\\/logo\\\/image\\\/\"}},{\"@type\":\"Person\",\"@id\":\"https:\\\/\\\/paca.lpo.fr\\\/blogs\\\/nice\\\/#\\\/schema\\\/person\\\/1bda33335fb71e0b3552487db26a4c56\",\"name\":\"Groupe local Paillon-B\u00e9v\u00e9ra\",\"image\":{\"@type\":\"ImageObject\",\"inLanguage\":\"fr-FR\",\"@id\":\"https:\\\/\\\/secure.gravatar.com\\\/avatar\\\/b1ee285506e2cb880ec988990d360e255aecb31c77212741dace1023623610c2?s=96&d=mm&r=g\",\"url\":\"https:\\\/\\\/secure.gravatar.com\\\/avatar\\\/b1ee285506e2cb880ec988990d360e255aecb31c77212741dace1023623610c2?s=96&d=mm&r=g\",\"contentUrl\":\"https:\\\/\\\/secure.gravatar.com\\\/avatar\\\/b1ee285506e2cb880ec988990d360e255aecb31c77212741dace1023623610c2?s=96&d=mm&r=g\",\"caption\":\"Groupe local Paillon-B\u00e9v\u00e9ra\"},\"url\":\"https:\\\/\\\/paca.lpo.fr\\\/blogs\\\/nice\\\/author\\\/alpesmaritimesest\\\/\"}]}<\/script>\n<!-- \/ Yoast SEO plugin. -->","yoast_head_json":{"title":"Un h\u00e9ron gardeboeufs victime de tir ill\u00e9gal \u00e0 Gorbio - Groupe local Nice","robots":{"index":"index","follow":"follow","max-snippet":"max-snippet:-1","max-image-preview":"max-image-preview:large","max-video-preview":"max-video-preview:-1"},"canonical":"https:\/\/paca.lpo.fr\/blogs\/nice\/2017\/12\/06\/un-heron-gardeboeufs-victime-de-tir-illegal-a-gorbio\/","og_locale":"fr_FR","og_type":"article","og_title":"Un h\u00e9ron gardeboeufs victime de tir ill\u00e9gal \u00e0 Gorbio - Groupe local Nice","og_description":"Ce bel oiseau blanc a \u00e9t\u00e9 trouv\u00e9 agonisant lundi 4 d\u00e9cembre, une balle ayant travers\u00e9 sa poitrine. Il est mort peu apr\u00e8s d&rsquo;une h\u00e9morragie interne, apr\u00e8s une longue souffrance. Le h\u00e9ron gardeboeufs est un oiseau prot\u00e9g\u00e9, non chassable, et avec son beau plumage blanc pur il ne peut pas \u00eatre confondu avec des esp\u00e8ces dites [&hellip;]","og_url":"https:\/\/paca.lpo.fr\/blogs\/nice\/2017\/12\/06\/un-heron-gardeboeufs-victime-de-tir-illegal-a-gorbio\/","og_site_name":"Groupe local Nice","article_published_time":"2017-12-06T08:32:35+00:00","article_modified_time":"2017-12-06T08:37:12+00:00","og_image":[{"width":674,"height":456,"url":"https:\/\/paca.lpo.fr\/blogs\/nice\/files\/2017\/12\/img-20171204-194012-copie-1.jpg","type":"image\/jpeg"}],"author":"Groupe local Paillon-B\u00e9v\u00e9ra","twitter_card":"summary_large_image","twitter_misc":{"\u00c9crit par":"Groupe local Paillon-B\u00e9v\u00e9ra"},"schema":{"@context":"https:\/\/schema.org","@graph":[{"@type":"Article","@id":"https:\/\/paca.lpo.fr\/blogs\/nice\/2017\/12\/06\/un-heron-gardeboeufs-victime-de-tir-illegal-a-gorbio\/#article","isPartOf":{"@id":"https:\/\/paca.lpo.fr\/blogs\/nice\/2017\/12\/06\/un-heron-gardeboeufs-victime-de-tir-illegal-a-gorbio\/"},"author":{"name":"Groupe local Paillon-B\u00e9v\u00e9ra","@id":"https:\/\/paca.lpo.fr\/blogs\/nice\/#\/schema\/person\/1bda33335fb71e0b3552487db26a4c56"},"headline":"Un h\u00e9ron gardeboeufs victime de tir ill\u00e9gal \u00e0 Gorbio","datePublished":"2017-12-06T08:32:35+00:00","dateModified":"2017-12-06T08:37:12+00:00","mainEntityOfPage":{"@id":"https:\/\/paca.lpo.fr\/blogs\/nice\/2017\/12\/06\/un-heron-gardeboeufs-victime-de-tir-illegal-a-gorbio\/"},"wordCount":107,"commentCount":0,"publisher":{"@id":"https:\/\/paca.lpo.fr\/blogs\/nice\/#organization"},"image":{"@id":"https:\/\/paca.lpo.fr\/blogs\/nice\/2017\/12\/06\/un-heron-gardeboeufs-victime-de-tir-illegal-a-gorbio\/#primaryimage"},"thumbnailUrl":"https:\/\/paca.lpo.fr\/blogs\/nice\/files\/2017\/12\/img-20171204-194012-copie-1.jpg","articleSection":["Vie du groupe"],"inLanguage":"fr-FR","potentialAction":[{"@type":"CommentAction","name":"Comment","target":["https:\/\/paca.lpo.fr\/blogs\/nice\/2017\/12\/06\/un-heron-gardeboeufs-victime-de-tir-illegal-a-gorbio\/#respond"]}]},{"@type":"WebPage","@id":"https:\/\/paca.lpo.fr\/blogs\/nice\/2017\/12\/06\/un-heron-gardeboeufs-victime-de-tir-illegal-a-gorbio\/","url":"https:\/\/paca.lpo.fr\/blogs\/nice\/2017\/12\/06\/un-heron-gardeboeufs-victime-de-tir-illegal-a-gorbio\/","name":"Un h\u00e9ron gardeboeufs victime de tir ill\u00e9gal \u00e0 Gorbio - Groupe local Nice","isPartOf":{"@id":"https:\/\/paca.lpo.fr\/blogs\/nice\/#website"},"primaryImageOfPage":{"@id":"https:\/\/paca.lpo.fr\/blogs\/nice\/2017\/12\/06\/un-heron-gardeboeufs-victime-de-tir-illegal-a-gorbio\/#primaryimage"},"image":{"@id":"https:\/\/paca.lpo.fr\/blogs\/nice\/2017\/12\/06\/un-heron-gardeboeufs-victime-de-tir-illegal-a-gorbio\/#primaryimage"},"thumbnailUrl":"https:\/\/paca.lpo.fr\/blogs\/nice\/files\/2017\/12\/img-20171204-194012-copie-1.jpg","datePublished":"2017-12-06T08:32:35+00:00","dateModified":"2017-12-06T08:37:12+00:00","breadcrumb":{"@id":"https:\/\/paca.lpo.fr\/blogs\/nice\/2017\/12\/06\/un-heron-gardeboeufs-victime-de-tir-illegal-a-gorbio\/#breadcrumb"},"inLanguage":"fr-FR","potentialAction":[{"@type":"ReadAction","target":["https:\/\/paca.lpo.fr\/blogs\/nice\/2017\/12\/06\/un-heron-gardeboeufs-victime-de-tir-illegal-a-gorbio\/"]}]},{"@type":"ImageObject","inLanguage":"fr-FR","@id":"https:\/\/paca.lpo.fr\/blogs\/nice\/2017\/12\/06\/un-heron-gardeboeufs-victime-de-tir-illegal-a-gorbio\/#primaryimage","url":"https:\/\/paca.lpo.fr\/blogs\/nice\/files\/2017\/12\/img-20171204-194012-copie-1.jpg","contentUrl":"https:\/\/paca.lpo.fr\/blogs\/nice\/files\/2017\/12\/img-20171204-194012-copie-1.jpg","width":674,"height":456,"caption":"L'oiseau bless\u00e9"},{"@type":"BreadcrumbList","@id":"https:\/\/paca.lpo.fr\/blogs\/nice\/2017\/12\/06\/un-heron-gardeboeufs-victime-de-tir-illegal-a-gorbio\/#breadcrumb","itemListElement":[{"@type":"ListItem","position":1,"name":"Accueil","item":"https:\/\/paca.lpo.fr\/blogs\/nice\/"},{"@type":"ListItem","position":2,"name":"Un h\u00e9ron gardeboeufs victime de tir ill\u00e9gal \u00e0 Gorbio"}]},{"@type":"WebSite","@id":"https:\/\/paca.lpo.fr\/blogs\/nice\/#website","url":"https:\/\/paca.lpo.fr\/blogs\/nice\/","name":"Groupe local Nice","description":"Groupe local Nice","publisher":{"@id":"https:\/\/paca.lpo.fr\/blogs\/nice\/#organization"},"potentialAction":[{"@type":"SearchAction","target":{"@type":"EntryPoint","urlTemplate":"https:\/\/paca.lpo.fr\/blogs\/nice\/?s={search_term_string}"},"query-input":{"@type":"PropertyValueSpecification","valueRequired":true,"valueName":"search_term_string"}}],"inLanguage":"fr-FR"},{"@type":"Organization","@id":"https:\/\/paca.lpo.fr\/blogs\/nice\/#organization","name":"Groupe local Nice","url":"https:\/\/paca.lpo.fr\/blogs\/nice\/","logo":{"@type":"ImageObject","inLanguage":"fr-FR","@id":"https:\/\/paca.lpo.fr\/blogs\/nice\/#\/schema\/logo\/image\/","url":"https:\/\/paca.lpo.fr\/blogs\/nice\/files\/2024\/01\/cropped-rvb-lpo-paca-logotype-signature-droite-mini-500.jpg","contentUrl":"https:\/\/paca.lpo.fr\/blogs\/nice\/files\/2024\/01\/cropped-rvb-lpo-paca-logotype-signature-droite-mini-500.jpg","width":500,"height":210,"caption":"Groupe local Nice"},"image":{"@id":"https:\/\/paca.lpo.fr\/blogs\/nice\/#\/schema\/logo\/image\/"}},{"@type":"Person","@id":"https:\/\/paca.lpo.fr\/blogs\/nice\/#\/schema\/person\/1bda33335fb71e0b3552487db26a4c56","name":"Groupe local Paillon-B\u00e9v\u00e9ra","image":{"@type":"ImageObject","inLanguage":"fr-FR","@id":"https:\/\/secure.gravatar.com\/avatar\/b1ee285506e2cb880ec988990d360e255aecb31c77212741dace1023623610c2?s=96&d=mm&r=g","url":"https:\/\/secure.gravatar.com\/avatar\/b1ee285506e2cb880ec988990d360e255aecb31c77212741dace1023623610c2?s=96&d=mm&r=g","contentUrl":"https:\/\/secure.gravatar.com\/avatar\/b1ee285506e2cb880ec988990d360e255aecb31c77212741dace1023623610c2?s=96&d=mm&r=g","caption":"Groupe local Paillon-B\u00e9v\u00e9ra"},"url":"https:\/\/paca.lpo.fr\/blogs\/nice\/author\/alpesmaritimesest\/"}]}},"jetpack_featured_media_url":"https:\/\/paca.lpo.fr\/blogs\/nice\/files\/2017\/12\/img-20171204-194012-copie-1.jpg","_links":{"self":[{"href":"https:\/\/paca.lpo.fr\/blogs\/nice\/wp-json\/wp\/v2\/posts\/2002","targetHints":{"allow":["GET"]}}],"collection":[{"href":"https:\/\/paca.lpo.fr\/blogs\/nice\/wp-json\/wp\/v2\/posts"}],"about":[{"href":"https:\/\/paca.lpo.fr\/blogs\/nice\/wp-json\/wp\/v2\/types\/post"}],"author":[{"embeddable":true,"href":"https:\/\/paca.lpo.fr\/blogs\/nice\/wp-json\/wp\/v2\/users\/15"}],"replies":[{"embeddable":true,"href":"https:\/\/paca.lpo.fr\/blogs\/nice\/wp-json\/wp\/v2\/comments?post=2002"}],"version-history":[{"count":1,"href":"https:\/\/paca.lpo.fr\/blogs\/nice\/wp-json\/wp\/v2\/posts\/2002\/revisions"}],"predecessor-version":[{"id":2006,"href":"https:\/\/paca.lpo.fr\/blogs\/nice\/wp-json\/wp\/v2\/posts\/2002\/revisions\/2006"}],"wp:featuredmedia":[{"embeddable":true,"href":"https:\/\/paca.lpo.fr\/blogs\/nice\/wp-json\/wp\/v2\/media\/2007"}],"wp:attachment":[{"href":"https:\/\/paca.lpo.fr\/blogs\/nice\/wp-json\/wp\/v2\/media?parent=2002"}],"wp:term":[{"taxonomy":"category","embeddable":true,"href":"https:\/\/paca.lpo.fr\/blogs\/nice\/wp-json\/wp\/v2\/categories?post=2002"},{"taxonomy":"post_tag","embeddable":true,"href":"https:\/\/paca.lpo.fr\/blogs\/nice\/wp-json\/wp\/v2\/tags?post=2002"}],"curies":[{"name":"wp","href":"https:\/\/api.w.org\/{rel}","templated":true}]}}