{"id":2014,"date":"2017-12-20T11:29:38","date_gmt":"2017-12-20T10:29:38","guid":{"rendered":"https:\/\/paca.lpo.fr\/blogs\/nice\/?p=2014"},"modified":"2017-12-20T11:29:38","modified_gmt":"2017-12-20T10:29:38","slug":"formation-refuges-lpo-a-la-maison-de-lenvironnement-nice","status":"publish","type":"post","link":"https:\/\/paca.lpo.fr\/blogs\/nice\/2017\/12\/20\/formation-refuges-lpo-a-la-maison-de-lenvironnement-nice\/","title":{"rendered":"Formation \u00ab\u00a0Refuges LPO\u00a0\u00bb \u00e0 la Maison de l&rsquo;Environnement, Nice"},"content":{"rendered":"<p>Les nouveaux propri\u00e9taires de Refuges LPO ont assist\u00e9 ce samedi 16 f\u00e9vrier \u00e0 une formation \u00ab\u00a0Am\u00e9nager et entretenir son jardin afin d&rsquo;en faire un refuge pour la nature\u00a0\u00bb.<br \/>\nLa formation d&rsquo;une dur\u00e9e de 3h avait pour objectif d&rsquo;apprendre les m\u00e9thodes pour accueillir la biodiversit\u00e9, la d\u00e9finition d&rsquo;un refuge pour la faune et la flore, les techniques pour reconna\u00eetre les esp\u00e8ces communes des jardins, la connaissance de leur milieu et mode de vie.<br \/>\n<img loading=\"lazy\" decoding=\"async\" src=\"https:\/\/paca.lpo.fr\/blogs\/nice\/files\/2017\/12\/blog1-960x713.jpg\" alt=\"\" width=\"660\" height=\"490\" class=\"alignnone size-large wp-image-2016\" srcset=\"https:\/\/paca.lpo.fr\/blogs\/nice\/files\/2017\/12\/blog1-960x713.jpg 960w, https:\/\/paca.lpo.fr\/blogs\/nice\/files\/2017\/12\/blog1-480x356.jpg 480w, https:\/\/paca.lpo.fr\/blogs\/nice\/files\/2017\/12\/blog1-768x570.jpg 768w, https:\/\/paca.lpo.fr\/blogs\/nice\/files\/2017\/12\/blog1-700x520.jpg 700w, https:\/\/paca.lpo.fr\/blogs\/nice\/files\/2017\/12\/blog1.jpg 990w\" sizes=\"auto, (max-width: 660px) 100vw, 660px\" \/><br \/>\n<img loading=\"lazy\" decoding=\"async\" src=\"https:\/\/paca.lpo.fr\/blogs\/nice\/files\/2017\/12\/blog-960x720.jpg\" alt=\"\" width=\"660\" height=\"495\" class=\"alignnone size-large wp-image-2017\" srcset=\"https:\/\/paca.lpo.fr\/blogs\/nice\/files\/2017\/12\/blog-960x720.jpg 960w, https:\/\/paca.lpo.fr\/blogs\/nice\/files\/2017\/12\/blog-480x360.jpg 480w, https:\/\/paca.lpo.fr\/blogs\/nice\/files\/2017\/12\/blog-768x576.jpg 768w, https:\/\/paca.lpo.fr\/blogs\/nice\/files\/2017\/12\/blog-700x525.jpg 700w, https:\/\/paca.lpo.fr\/blogs\/nice\/files\/2017\/12\/blog.jpg 1000w\" sizes=\"auto, (max-width: 660px) 100vw, 660px\" \/><br \/>\n<img loading=\"lazy\" decoding=\"async\" src=\"https:\/\/paca.lpo.fr\/blogs\/nice\/files\/2017\/12\/blog3-960x709.jpg\" alt=\"\" width=\"660\" height=\"487\" class=\"alignnone size-large wp-image-2018\" srcset=\"https:\/\/paca.lpo.fr\/blogs\/nice\/files\/2017\/12\/blog3-960x709.jpg 960w, https:\/\/paca.lpo.fr\/blogs\/nice\/files\/2017\/12\/blog3-480x354.jpg 480w, https:\/\/paca.lpo.fr\/blogs\/nice\/files\/2017\/12\/blog3-768x567.jpg 768w, https:\/\/paca.lpo.fr\/blogs\/nice\/files\/2017\/12\/blog3-700x517.jpg 700w, https:\/\/paca.lpo.fr\/blogs\/nice\/files\/2017\/12\/blog3.jpg 990w\" sizes=\"auto, (max-width: 660px) 100vw, 660px\" \/><\/p>\n","protected":false},"excerpt":{"rendered":"<p>Les nouveaux propri\u00e9taires de Refuges LPO ont assist\u00e9 ce samedi 16 f\u00e9vrier \u00e0 une formation \u00ab\u00a0Am\u00e9nager et entretenir son jardin afin d&rsquo;en faire un refuge pour la nature\u00a0\u00bb. La formation d&rsquo;une dur\u00e9e de 3h avait pour objectif d&rsquo;apprendre les m\u00e9thodes pour accueillir la biodiversit\u00e9, la d\u00e9finition d&rsquo;un refuge pour la faune et la flore, les [&hellip;]<\/p>\n","protected":false},"author":15,"featured_media":2015,"comment_status":"open","ping_status":"open","sticky":false,"template":"","format":"standard","meta":{"footnotes":""},"categories":[77,3],"tags":[],"class_list":["post-2014","post","type-post","status-publish","format-standard","has-post-thumbnail","hentry","category-grands-evenements","category-vie-groupe"],"yoast_head":"<!-- This site is optimized with the Yoast SEO plugin v28.3 - https:\/\/yoast.com\/product\/yoast-seo-wordpress\/ -->\n<title>Formation &quot;Refuges LPO&quot; \u00e0 la Maison de l&#039;Environnement, Nice - Groupe local Nice<\/title>\n<meta name=\"robots\" content=\"index, follow, max-snippet:-1, max-image-preview:large, max-video-preview:-1\" \/>\n<link rel=\"canonical\" href=\"https:\/\/paca.lpo.fr\/blogs\/nice\/2017\/12\/20\/formation-refuges-lpo-a-la-maison-de-lenvironnement-nice\/\" \/>\n<meta property=\"og:locale\" content=\"fr_FR\" \/>\n<meta property=\"og:type\" content=\"article\" \/>\n<meta property=\"og:title\" content=\"Formation &quot;Refuges LPO&quot; \u00e0 la Maison de l&#039;Environnement, Nice - Groupe local Nice\" \/>\n<meta property=\"og:description\" content=\"Les nouveaux propri\u00e9taires de Refuges LPO ont assist\u00e9 ce samedi 16 f\u00e9vrier \u00e0 une formation \u00ab\u00a0Am\u00e9nager et entretenir son jardin afin d&rsquo;en faire un refuge pour la nature\u00a0\u00bb. La formation d&rsquo;une dur\u00e9e de 3h avait pour objectif d&rsquo;apprendre les m\u00e9thodes pour accueillir la biodiversit\u00e9, la d\u00e9finition d&rsquo;un refuge pour la faune et la flore, les [&hellip;]\" \/>\n<meta property=\"og:url\" content=\"https:\/\/paca.lpo.fr\/blogs\/nice\/2017\/12\/20\/formation-refuges-lpo-a-la-maison-de-lenvironnement-nice\/\" \/>\n<meta property=\"og:site_name\" content=\"Groupe local Nice\" \/>\n<meta property=\"article:published_time\" content=\"2017-12-20T10:29:38+00:00\" \/>\n<meta property=\"og:image\" content=\"https:\/\/paca.lpo.fr\/blogs\/nice\/files\/2017\/12\/blog-une.jpg\" \/>\n\t<meta property=\"og:image:width\" content=\"818\" \/>\n\t<meta property=\"og:image:height\" content=\"573\" \/>\n\t<meta property=\"og:image:type\" content=\"image\/jpeg\" \/>\n<meta name=\"author\" content=\"Groupe local Paillon-B\u00e9v\u00e9ra\" \/>\n<meta name=\"twitter:card\" content=\"summary_large_image\" \/>\n<meta name=\"twitter:label1\" content=\"\u00c9crit par\" \/>\n\t<meta name=\"twitter:data1\" content=\"Groupe local Paillon-B\u00e9v\u00e9ra\" \/>\n<script type=\"application\/ld+json\" class=\"yoast-schema-graph\">{\"@context\":\"https:\\\/\\\/schema.org\",\"@graph\":[{\"@type\":\"Article\",\"@id\":\"https:\\\/\\\/paca.lpo.fr\\\/blogs\\\/nice\\\/2017\\\/12\\\/20\\\/formation-refuges-lpo-a-la-maison-de-lenvironnement-nice\\\/#article\",\"isPartOf\":{\"@id\":\"https:\\\/\\\/paca.lpo.fr\\\/blogs\\\/nice\\\/2017\\\/12\\\/20\\\/formation-refuges-lpo-a-la-maison-de-lenvironnement-nice\\\/\"},\"author\":{\"name\":\"Groupe local Paillon-B\u00e9v\u00e9ra\",\"@id\":\"https:\\\/\\\/paca.lpo.fr\\\/blogs\\\/nice\\\/#\\\/schema\\\/person\\\/1bda33335fb71e0b3552487db26a4c56\"},\"headline\":\"Formation \u00ab\u00a0Refuges LPO\u00a0\u00bb \u00e0 la Maison de l&rsquo;Environnement, Nice\",\"datePublished\":\"2017-12-20T10:29:38+00:00\",\"mainEntityOfPage\":{\"@id\":\"https:\\\/\\\/paca.lpo.fr\\\/blogs\\\/nice\\\/2017\\\/12\\\/20\\\/formation-refuges-lpo-a-la-maison-de-lenvironnement-nice\\\/\"},\"wordCount\":91,\"commentCount\":0,\"publisher\":{\"@id\":\"https:\\\/\\\/paca.lpo.fr\\\/blogs\\\/nice\\\/#organization\"},\"image\":{\"@id\":\"https:\\\/\\\/paca.lpo.fr\\\/blogs\\\/nice\\\/2017\\\/12\\\/20\\\/formation-refuges-lpo-a-la-maison-de-lenvironnement-nice\\\/#primaryimage\"},\"thumbnailUrl\":\"https:\\\/\\\/paca.lpo.fr\\\/blogs\\\/nice\\\/files\\\/2017\\\/12\\\/blog-une.jpg\",\"articleSection\":[\"Grands \u00e9v\u00e8nements\",\"Vie du groupe\"],\"inLanguage\":\"fr-FR\",\"potentialAction\":[{\"@type\":\"CommentAction\",\"name\":\"Comment\",\"target\":[\"https:\\\/\\\/paca.lpo.fr\\\/blogs\\\/nice\\\/2017\\\/12\\\/20\\\/formation-refuges-lpo-a-la-maison-de-lenvironnement-nice\\\/#respond\"]}]},{\"@type\":\"WebPage\",\"@id\":\"https:\\\/\\\/paca.lpo.fr\\\/blogs\\\/nice\\\/2017\\\/12\\\/20\\\/formation-refuges-lpo-a-la-maison-de-lenvironnement-nice\\\/\",\"url\":\"https:\\\/\\\/paca.lpo.fr\\\/blogs\\\/nice\\\/2017\\\/12\\\/20\\\/formation-refuges-lpo-a-la-maison-de-lenvironnement-nice\\\/\",\"name\":\"Formation \\\"Refuges LPO\\\" \u00e0 la Maison de l'Environnement, Nice - Groupe local Nice\",\"isPartOf\":{\"@id\":\"https:\\\/\\\/paca.lpo.fr\\\/blogs\\\/nice\\\/#website\"},\"primaryImageOfPage\":{\"@id\":\"https:\\\/\\\/paca.lpo.fr\\\/blogs\\\/nice\\\/2017\\\/12\\\/20\\\/formation-refuges-lpo-a-la-maison-de-lenvironnement-nice\\\/#primaryimage\"},\"image\":{\"@id\":\"https:\\\/\\\/paca.lpo.fr\\\/blogs\\\/nice\\\/2017\\\/12\\\/20\\\/formation-refuges-lpo-a-la-maison-de-lenvironnement-nice\\\/#primaryimage\"},\"thumbnailUrl\":\"https:\\\/\\\/paca.lpo.fr\\\/blogs\\\/nice\\\/files\\\/2017\\\/12\\\/blog-une.jpg\",\"datePublished\":\"2017-12-20T10:29:38+00:00\",\"breadcrumb\":{\"@id\":\"https:\\\/\\\/paca.lpo.fr\\\/blogs\\\/nice\\\/2017\\\/12\\\/20\\\/formation-refuges-lpo-a-la-maison-de-lenvironnement-nice\\\/#breadcrumb\"},\"inLanguage\":\"fr-FR\",\"potentialAction\":[{\"@type\":\"ReadAction\",\"target\":[\"https:\\\/\\\/paca.lpo.fr\\\/blogs\\\/nice\\\/2017\\\/12\\\/20\\\/formation-refuges-lpo-a-la-maison-de-lenvironnement-nice\\\/\"]}]},{\"@type\":\"ImageObject\",\"inLanguage\":\"fr-FR\",\"@id\":\"https:\\\/\\\/paca.lpo.fr\\\/blogs\\\/nice\\\/2017\\\/12\\\/20\\\/formation-refuges-lpo-a-la-maison-de-lenvironnement-nice\\\/#primaryimage\",\"url\":\"https:\\\/\\\/paca.lpo.fr\\\/blogs\\\/nice\\\/files\\\/2017\\\/12\\\/blog-une.jpg\",\"contentUrl\":\"https:\\\/\\\/paca.lpo.fr\\\/blogs\\\/nice\\\/files\\\/2017\\\/12\\\/blog-une.jpg\",\"width\":818,\"height\":573,\"caption\":\"D\u00e9couverte des am\u00e9nagements dans le jardin\"},{\"@type\":\"BreadcrumbList\",\"@id\":\"https:\\\/\\\/paca.lpo.fr\\\/blogs\\\/nice\\\/2017\\\/12\\\/20\\\/formation-refuges-lpo-a-la-maison-de-lenvironnement-nice\\\/#breadcrumb\",\"itemListElement\":[{\"@type\":\"ListItem\",\"position\":1,\"name\":\"Accueil\",\"item\":\"https:\\\/\\\/paca.lpo.fr\\\/blogs\\\/nice\\\/\"},{\"@type\":\"ListItem\",\"position\":2,\"name\":\"Formation \u00ab\u00a0Refuges LPO\u00a0\u00bb \u00e0 la Maison de l&rsquo;Environnement, Nice\"}]},{\"@type\":\"WebSite\",\"@id\":\"https:\\\/\\\/paca.lpo.fr\\\/blogs\\\/nice\\\/#website\",\"url\":\"https:\\\/\\\/paca.lpo.fr\\\/blogs\\\/nice\\\/\",\"name\":\"Groupe local Nice\",\"description\":\"Groupe local Nice\",\"publisher\":{\"@id\":\"https:\\\/\\\/paca.lpo.fr\\\/blogs\\\/nice\\\/#organization\"},\"potentialAction\":[{\"@type\":\"SearchAction\",\"target\":{\"@type\":\"EntryPoint\",\"urlTemplate\":\"https:\\\/\\\/paca.lpo.fr\\\/blogs\\\/nice\\\/?s={search_term_string}\"},\"query-input\":{\"@type\":\"PropertyValueSpecification\",\"valueRequired\":true,\"valueName\":\"search_term_string\"}}],\"inLanguage\":\"fr-FR\"},{\"@type\":\"Organization\",\"@id\":\"https:\\\/\\\/paca.lpo.fr\\\/blogs\\\/nice\\\/#organization\",\"name\":\"Groupe local Nice\",\"url\":\"https:\\\/\\\/paca.lpo.fr\\\/blogs\\\/nice\\\/\",\"logo\":{\"@type\":\"ImageObject\",\"inLanguage\":\"fr-FR\",\"@id\":\"https:\\\/\\\/paca.lpo.fr\\\/blogs\\\/nice\\\/#\\\/schema\\\/logo\\\/image\\\/\",\"url\":\"https:\\\/\\\/paca.lpo.fr\\\/blogs\\\/nice\\\/files\\\/2024\\\/01\\\/cropped-rvb-lpo-paca-logotype-signature-droite-mini-500.jpg\",\"contentUrl\":\"https:\\\/\\\/paca.lpo.fr\\\/blogs\\\/nice\\\/files\\\/2024\\\/01\\\/cropped-rvb-lpo-paca-logotype-signature-droite-mini-500.jpg\",\"width\":500,\"height\":210,\"caption\":\"Groupe local Nice\"},\"image\":{\"@id\":\"https:\\\/\\\/paca.lpo.fr\\\/blogs\\\/nice\\\/#\\\/schema\\\/logo\\\/image\\\/\"}},{\"@type\":\"Person\",\"@id\":\"https:\\\/\\\/paca.lpo.fr\\\/blogs\\\/nice\\\/#\\\/schema\\\/person\\\/1bda33335fb71e0b3552487db26a4c56\",\"name\":\"Groupe local Paillon-B\u00e9v\u00e9ra\",\"image\":{\"@type\":\"ImageObject\",\"inLanguage\":\"fr-FR\",\"@id\":\"https:\\\/\\\/secure.gravatar.com\\\/avatar\\\/b1ee285506e2cb880ec988990d360e255aecb31c77212741dace1023623610c2?s=96&d=mm&r=g\",\"url\":\"https:\\\/\\\/secure.gravatar.com\\\/avatar\\\/b1ee285506e2cb880ec988990d360e255aecb31c77212741dace1023623610c2?s=96&d=mm&r=g\",\"contentUrl\":\"https:\\\/\\\/secure.gravatar.com\\\/avatar\\\/b1ee285506e2cb880ec988990d360e255aecb31c77212741dace1023623610c2?s=96&d=mm&r=g\",\"caption\":\"Groupe local Paillon-B\u00e9v\u00e9ra\"},\"url\":\"https:\\\/\\\/paca.lpo.fr\\\/blogs\\\/nice\\\/author\\\/alpesmaritimesest\\\/\"}]}<\/script>\n<!-- \/ Yoast SEO plugin. -->","yoast_head_json":{"title":"Formation \"Refuges LPO\" \u00e0 la Maison de l'Environnement, Nice - Groupe local Nice","robots":{"index":"index","follow":"follow","max-snippet":"max-snippet:-1","max-image-preview":"max-image-preview:large","max-video-preview":"max-video-preview:-1"},"canonical":"https:\/\/paca.lpo.fr\/blogs\/nice\/2017\/12\/20\/formation-refuges-lpo-a-la-maison-de-lenvironnement-nice\/","og_locale":"fr_FR","og_type":"article","og_title":"Formation \"Refuges LPO\" \u00e0 la Maison de l'Environnement, Nice - Groupe local Nice","og_description":"Les nouveaux propri\u00e9taires de Refuges LPO ont assist\u00e9 ce samedi 16 f\u00e9vrier \u00e0 une formation \u00ab\u00a0Am\u00e9nager et entretenir son jardin afin d&rsquo;en faire un refuge pour la nature\u00a0\u00bb. La formation d&rsquo;une dur\u00e9e de 3h avait pour objectif d&rsquo;apprendre les m\u00e9thodes pour accueillir la biodiversit\u00e9, la d\u00e9finition d&rsquo;un refuge pour la faune et la flore, les [&hellip;]","og_url":"https:\/\/paca.lpo.fr\/blogs\/nice\/2017\/12\/20\/formation-refuges-lpo-a-la-maison-de-lenvironnement-nice\/","og_site_name":"Groupe local Nice","article_published_time":"2017-12-20T10:29:38+00:00","og_image":[{"width":818,"height":573,"url":"https:\/\/paca.lpo.fr\/blogs\/nice\/files\/2017\/12\/blog-une.jpg","type":"image\/jpeg"}],"author":"Groupe local Paillon-B\u00e9v\u00e9ra","twitter_card":"summary_large_image","twitter_misc":{"\u00c9crit par":"Groupe local Paillon-B\u00e9v\u00e9ra"},"schema":{"@context":"https:\/\/schema.org","@graph":[{"@type":"Article","@id":"https:\/\/paca.lpo.fr\/blogs\/nice\/2017\/12\/20\/formation-refuges-lpo-a-la-maison-de-lenvironnement-nice\/#article","isPartOf":{"@id":"https:\/\/paca.lpo.fr\/blogs\/nice\/2017\/12\/20\/formation-refuges-lpo-a-la-maison-de-lenvironnement-nice\/"},"author":{"name":"Groupe local Paillon-B\u00e9v\u00e9ra","@id":"https:\/\/paca.lpo.fr\/blogs\/nice\/#\/schema\/person\/1bda33335fb71e0b3552487db26a4c56"},"headline":"Formation \u00ab\u00a0Refuges LPO\u00a0\u00bb \u00e0 la Maison de l&rsquo;Environnement, Nice","datePublished":"2017-12-20T10:29:38+00:00","mainEntityOfPage":{"@id":"https:\/\/paca.lpo.fr\/blogs\/nice\/2017\/12\/20\/formation-refuges-lpo-a-la-maison-de-lenvironnement-nice\/"},"wordCount":91,"commentCount":0,"publisher":{"@id":"https:\/\/paca.lpo.fr\/blogs\/nice\/#organization"},"image":{"@id":"https:\/\/paca.lpo.fr\/blogs\/nice\/2017\/12\/20\/formation-refuges-lpo-a-la-maison-de-lenvironnement-nice\/#primaryimage"},"thumbnailUrl":"https:\/\/paca.lpo.fr\/blogs\/nice\/files\/2017\/12\/blog-une.jpg","articleSection":["Grands \u00e9v\u00e8nements","Vie du groupe"],"inLanguage":"fr-FR","potentialAction":[{"@type":"CommentAction","name":"Comment","target":["https:\/\/paca.lpo.fr\/blogs\/nice\/2017\/12\/20\/formation-refuges-lpo-a-la-maison-de-lenvironnement-nice\/#respond"]}]},{"@type":"WebPage","@id":"https:\/\/paca.lpo.fr\/blogs\/nice\/2017\/12\/20\/formation-refuges-lpo-a-la-maison-de-lenvironnement-nice\/","url":"https:\/\/paca.lpo.fr\/blogs\/nice\/2017\/12\/20\/formation-refuges-lpo-a-la-maison-de-lenvironnement-nice\/","name":"Formation \"Refuges LPO\" \u00e0 la Maison de l'Environnement, Nice - Groupe local Nice","isPartOf":{"@id":"https:\/\/paca.lpo.fr\/blogs\/nice\/#website"},"primaryImageOfPage":{"@id":"https:\/\/paca.lpo.fr\/blogs\/nice\/2017\/12\/20\/formation-refuges-lpo-a-la-maison-de-lenvironnement-nice\/#primaryimage"},"image":{"@id":"https:\/\/paca.lpo.fr\/blogs\/nice\/2017\/12\/20\/formation-refuges-lpo-a-la-maison-de-lenvironnement-nice\/#primaryimage"},"thumbnailUrl":"https:\/\/paca.lpo.fr\/blogs\/nice\/files\/2017\/12\/blog-une.jpg","datePublished":"2017-12-20T10:29:38+00:00","breadcrumb":{"@id":"https:\/\/paca.lpo.fr\/blogs\/nice\/2017\/12\/20\/formation-refuges-lpo-a-la-maison-de-lenvironnement-nice\/#breadcrumb"},"inLanguage":"fr-FR","potentialAction":[{"@type":"ReadAction","target":["https:\/\/paca.lpo.fr\/blogs\/nice\/2017\/12\/20\/formation-refuges-lpo-a-la-maison-de-lenvironnement-nice\/"]}]},{"@type":"ImageObject","inLanguage":"fr-FR","@id":"https:\/\/paca.lpo.fr\/blogs\/nice\/2017\/12\/20\/formation-refuges-lpo-a-la-maison-de-lenvironnement-nice\/#primaryimage","url":"https:\/\/paca.lpo.fr\/blogs\/nice\/files\/2017\/12\/blog-une.jpg","contentUrl":"https:\/\/paca.lpo.fr\/blogs\/nice\/files\/2017\/12\/blog-une.jpg","width":818,"height":573,"caption":"D\u00e9couverte des am\u00e9nagements dans le jardin"},{"@type":"BreadcrumbList","@id":"https:\/\/paca.lpo.fr\/blogs\/nice\/2017\/12\/20\/formation-refuges-lpo-a-la-maison-de-lenvironnement-nice\/#breadcrumb","itemListElement":[{"@type":"ListItem","position":1,"name":"Accueil","item":"https:\/\/paca.lpo.fr\/blogs\/nice\/"},{"@type":"ListItem","position":2,"name":"Formation \u00ab\u00a0Refuges LPO\u00a0\u00bb \u00e0 la Maison de l&rsquo;Environnement, Nice"}]},{"@type":"WebSite","@id":"https:\/\/paca.lpo.fr\/blogs\/nice\/#website","url":"https:\/\/paca.lpo.fr\/blogs\/nice\/","name":"Groupe local Nice","description":"Groupe local Nice","publisher":{"@id":"https:\/\/paca.lpo.fr\/blogs\/nice\/#organization"},"potentialAction":[{"@type":"SearchAction","target":{"@type":"EntryPoint","urlTemplate":"https:\/\/paca.lpo.fr\/blogs\/nice\/?s={search_term_string}"},"query-input":{"@type":"PropertyValueSpecification","valueRequired":true,"valueName":"search_term_string"}}],"inLanguage":"fr-FR"},{"@type":"Organization","@id":"https:\/\/paca.lpo.fr\/blogs\/nice\/#organization","name":"Groupe local Nice","url":"https:\/\/paca.lpo.fr\/blogs\/nice\/","logo":{"@type":"ImageObject","inLanguage":"fr-FR","@id":"https:\/\/paca.lpo.fr\/blogs\/nice\/#\/schema\/logo\/image\/","url":"https:\/\/paca.lpo.fr\/blogs\/nice\/files\/2024\/01\/cropped-rvb-lpo-paca-logotype-signature-droite-mini-500.jpg","contentUrl":"https:\/\/paca.lpo.fr\/blogs\/nice\/files\/2024\/01\/cropped-rvb-lpo-paca-logotype-signature-droite-mini-500.jpg","width":500,"height":210,"caption":"Groupe local Nice"},"image":{"@id":"https:\/\/paca.lpo.fr\/blogs\/nice\/#\/schema\/logo\/image\/"}},{"@type":"Person","@id":"https:\/\/paca.lpo.fr\/blogs\/nice\/#\/schema\/person\/1bda33335fb71e0b3552487db26a4c56","name":"Groupe local Paillon-B\u00e9v\u00e9ra","image":{"@type":"ImageObject","inLanguage":"fr-FR","@id":"https:\/\/secure.gravatar.com\/avatar\/b1ee285506e2cb880ec988990d360e255aecb31c77212741dace1023623610c2?s=96&d=mm&r=g","url":"https:\/\/secure.gravatar.com\/avatar\/b1ee285506e2cb880ec988990d360e255aecb31c77212741dace1023623610c2?s=96&d=mm&r=g","contentUrl":"https:\/\/secure.gravatar.com\/avatar\/b1ee285506e2cb880ec988990d360e255aecb31c77212741dace1023623610c2?s=96&d=mm&r=g","caption":"Groupe local Paillon-B\u00e9v\u00e9ra"},"url":"https:\/\/paca.lpo.fr\/blogs\/nice\/author\/alpesmaritimesest\/"}]}},"jetpack_featured_media_url":"https:\/\/paca.lpo.fr\/blogs\/nice\/files\/2017\/12\/blog-une.jpg","_links":{"self":[{"href":"https:\/\/paca.lpo.fr\/blogs\/nice\/wp-json\/wp\/v2\/posts\/2014","targetHints":{"allow":["GET"]}}],"collection":[{"href":"https:\/\/paca.lpo.fr\/blogs\/nice\/wp-json\/wp\/v2\/posts"}],"about":[{"href":"https:\/\/paca.lpo.fr\/blogs\/nice\/wp-json\/wp\/v2\/types\/post"}],"author":[{"embeddable":true,"href":"https:\/\/paca.lpo.fr\/blogs\/nice\/wp-json\/wp\/v2\/users\/15"}],"replies":[{"embeddable":true,"href":"https:\/\/paca.lpo.fr\/blogs\/nice\/wp-json\/wp\/v2\/comments?post=2014"}],"version-history":[{"count":1,"href":"https:\/\/paca.lpo.fr\/blogs\/nice\/wp-json\/wp\/v2\/posts\/2014\/revisions"}],"predecessor-version":[{"id":2019,"href":"https:\/\/paca.lpo.fr\/blogs\/nice\/wp-json\/wp\/v2\/posts\/2014\/revisions\/2019"}],"wp:featuredmedia":[{"embeddable":true,"href":"https:\/\/paca.lpo.fr\/blogs\/nice\/wp-json\/wp\/v2\/media\/2015"}],"wp:attachment":[{"href":"https:\/\/paca.lpo.fr\/blogs\/nice\/wp-json\/wp\/v2\/media?parent=2014"}],"wp:term":[{"taxonomy":"category","embeddable":true,"href":"https:\/\/paca.lpo.fr\/blogs\/nice\/wp-json\/wp\/v2\/categories?post=2014"},{"taxonomy":"post_tag","embeddable":true,"href":"https:\/\/paca.lpo.fr\/blogs\/nice\/wp-json\/wp\/v2\/tags?post=2014"}],"curies":[{"name":"wp","href":"https:\/\/api.w.org\/{rel}","templated":true}]}}