{"id":2020,"date":"2017-12-20T11:35:18","date_gmt":"2017-12-20T10:35:18","guid":{"rendered":"https:\/\/paca.lpo.fr\/blogs\/nice\/?p=2020"},"modified":"2018-01-04T18:14:12","modified_gmt":"2018-01-04T17:14:12","slug":"sortie-nature-au-mont-vila-le-17-decembre-2017","status":"publish","type":"post","link":"https:\/\/paca.lpo.fr\/blogs\/nice\/2017\/12\/20\/sortie-nature-au-mont-vila-le-17-decembre-2017\/","title":{"rendered":"Sortie nature au Mont Vial le 17 d\u00e9cembre 2017"},"content":{"rendered":"<p>Nous voil\u00e0 r\u00e9unis \u00e0 8 heures pour notre d\u00e9part pour le Mont Vial. Le soleil se l\u00e8ve \u00e0 peine et le froid est l\u00e0. Nous remontons la rive droite du Var avant de passe notre fleuve pour nous rendre d\u2019abord \u00e0 Gilette, puis ensuite nous passons Revest les Roches et Tourette du Ch\u00e2teau, et obliquons \u00e0 l\u2019endroit de la route du Mont Vial, signal\u00e9 par un panneau qui git \u00e0 terre\u2026<\/p>\n<p>Sur cette route, un peu plus haut, nous nous garons et commen\u00e7ons notre sortie p\u00e9destre. Le froid est l\u00e0, 0\u00b0, mais tr\u00e8s vite il fait d\u00e9j\u00e0 2\u00b0. Apr\u00e8s un peu plus de 300 m\u00e8tres de d\u00e9nivel\u00e9e, nous atteindrons quand m\u00eame 6\u00b0. Les oiseaux sont assez rare, les plus pr\u00e9sents d\u2019abord sont les Rouges Gorges et surtout les petites M\u00e9sanges Hupp\u00e9es. Quelques nuages nous cachent un peu le soleil, mais ils resteront plus bas au fur et \u00e0 mesure de notre progression. Arriv\u00e9s \u00e0 notre endroit repas de midi, nous trouvons apr\u00e8s un moment d\u2019h\u00e9sitation \u00e0 cause d\u2019un petit vent frais, le bon endroit. Que la f\u00eate commence\u2026 Enfin, comme d\u2019habitude je fais la soc, puis au moment du caf\u00e9, un grand partage de petites g\u00e2teries nous met le c\u0153ur en joie.  L\u00e0, nous pouvons, restaur\u00e9s, monter jusqu\u2019au sommet. La vue est magnifique. Le Mercantour tout enneig\u00e9, pr\u00e9sente ses plus belles cimes. Je peux montrer l\u2019avenue Jean M\u00e9decin, que l\u2019on voit tr\u00e8s bien d\u2019ici, surtout pour les nouveaux, les autres savent cela par c\u0153ur. Juste avant le sommet, un Grand Corbeau va et vient, et tourne agr\u00e9ablement un peu au dessous de nous. Nous le reverrons encore. L\u2019 Aigle nous fait une premi\u00e8re apparition, et \u00e0 la redescente il nous en refera, une plus belle encore, car visiblement il explore son domaine. Nous redescendons, car il faut redescendre, et l\u00e0, sur la piste-route, notre petit h\u00e9ros de la journ\u00e9e, un Rouge Gorge se met devant tout le groupe, et marche devant nous, nous devan\u00e7ant constamment, et continuant un long moment la descente avec nous\u2026 Notre petit bonheur s\u2019arr\u00eate lorsqu\u2019une voiture est en train de monter, et nous le fait fuir !<br \/>\nNous retrouvons les voitures, et l\u00e0, je regarde le thermom\u00e8tre, bon 10\u00b0. Balade parfaite quoi !<br \/>\nA bient\u00f4t, Bernard<br \/>\n <img loading=\"lazy\" decoding=\"async\" src=\"https:\/\/paca.lpo.fr\/blogs\/nice\/files\/2017\/12\/2017-12-17mtvial-056-copie-960x698.jpg\" alt=\"\" width=\"660\" height=\"480\" class=\"alignnone size-large wp-image-2021\" srcset=\"https:\/\/paca.lpo.fr\/blogs\/nice\/files\/2017\/12\/2017-12-17mtvial-056-copie-960x698.jpg 960w, https:\/\/paca.lpo.fr\/blogs\/nice\/files\/2017\/12\/2017-12-17mtvial-056-copie-480x349.jpg 480w, https:\/\/paca.lpo.fr\/blogs\/nice\/files\/2017\/12\/2017-12-17mtvial-056-copie-768x558.jpg 768w, https:\/\/paca.lpo.fr\/blogs\/nice\/files\/2017\/12\/2017-12-17mtvial-056-copie-700x509.jpg 700w, https:\/\/paca.lpo.fr\/blogs\/nice\/files\/2017\/12\/2017-12-17mtvial-056-copie.jpg 996w\" sizes=\"auto, (max-width: 660px) 100vw, 660px\" \/><br \/>\n<figure id=\"attachment_2022\" aria-describedby=\"caption-attachment-2022\" style=\"width: 785px\" class=\"wp-caption alignnone\"><img loading=\"lazy\" decoding=\"async\" src=\"https:\/\/paca.lpo.fr\/blogs\/nice\/files\/2017\/12\/2017-12-17mtvial-069-copie.jpg\" alt=\"\" width=\"785\" height=\"424\" class=\"size-full wp-image-2022\" srcset=\"https:\/\/paca.lpo.fr\/blogs\/nice\/files\/2017\/12\/2017-12-17mtvial-069-copie.jpg 785w, https:\/\/paca.lpo.fr\/blogs\/nice\/files\/2017\/12\/2017-12-17mtvial-069-copie-480x259.jpg 480w, https:\/\/paca.lpo.fr\/blogs\/nice\/files\/2017\/12\/2017-12-17mtvial-069-copie-768x415.jpg 768w, https:\/\/paca.lpo.fr\/blogs\/nice\/files\/2017\/12\/2017-12-17mtvial-069-copie-700x378.jpg 700w\" sizes=\"auto, (max-width: 785px) 100vw, 785px\" \/><figcaption id=\"caption-attachment-2022\" class=\"wp-caption-text\">Le sommet<\/figcaption><\/figure><\/p>\n<p><img loading=\"lazy\" decoding=\"async\" src=\"https:\/\/paca.lpo.fr\/blogs\/nice\/files\/2017\/12\/2017-12-17mtvial-059-copie-960x720.jpg\" alt=\"\" width=\"660\" height=\"495\" class=\"alignnone size-large wp-image-2023\" srcset=\"https:\/\/paca.lpo.fr\/blogs\/nice\/files\/2017\/12\/2017-12-17mtvial-059-copie-960x720.jpg 960w, https:\/\/paca.lpo.fr\/blogs\/nice\/files\/2017\/12\/2017-12-17mtvial-059-copie-480x360.jpg 480w, https:\/\/paca.lpo.fr\/blogs\/nice\/files\/2017\/12\/2017-12-17mtvial-059-copie-768x576.jpg 768w, https:\/\/paca.lpo.fr\/blogs\/nice\/files\/2017\/12\/2017-12-17mtvial-059-copie-700x525.jpg 700w, https:\/\/paca.lpo.fr\/blogs\/nice\/files\/2017\/12\/2017-12-17mtvial-059-copie.jpg 1000w\" sizes=\"auto, (max-width: 660px) 100vw, 660px\" \/><\/p>\n","protected":false},"excerpt":{"rendered":"<p>Nous voil\u00e0 r\u00e9unis \u00e0 8 heures pour notre d\u00e9part pour le Mont Vial. Le soleil se l\u00e8ve \u00e0 peine et le froid est l\u00e0. Nous remontons la rive droite du Var avant de passe notre fleuve pour nous rendre d\u2019abord \u00e0 Gilette, puis ensuite nous passons Revest les Roches et Tourette du Ch\u00e2teau, et obliquons [&hellip;]<\/p>\n","protected":false},"author":15,"featured_media":2022,"comment_status":"open","ping_status":"open","sticky":false,"template":"","format":"standard","meta":{"footnotes":""},"categories":[1],"tags":[],"class_list":["post-2020","post","type-post","status-publish","format-standard","has-post-thumbnail","hentry","category-sorties-nature"],"yoast_head":"<!-- This site is optimized with the Yoast SEO plugin v28.3 - https:\/\/yoast.com\/product\/yoast-seo-wordpress\/ -->\n<title>Sortie nature au Mont Vial le 17 d\u00e9cembre 2017 - Groupe local Nice<\/title>\n<meta name=\"robots\" content=\"index, follow, max-snippet:-1, max-image-preview:large, max-video-preview:-1\" \/>\n<link rel=\"canonical\" href=\"https:\/\/paca.lpo.fr\/blogs\/nice\/2017\/12\/20\/sortie-nature-au-mont-vila-le-17-decembre-2017\/\" \/>\n<meta property=\"og:locale\" content=\"fr_FR\" \/>\n<meta property=\"og:type\" content=\"article\" \/>\n<meta property=\"og:title\" content=\"Sortie nature au Mont Vial le 17 d\u00e9cembre 2017 - Groupe local Nice\" \/>\n<meta property=\"og:description\" content=\"Nous voil\u00e0 r\u00e9unis \u00e0 8 heures pour notre d\u00e9part pour le Mont Vial. Le soleil se l\u00e8ve \u00e0 peine et le froid est l\u00e0. Nous remontons la rive droite du Var avant de passe notre fleuve pour nous rendre d\u2019abord \u00e0 Gilette, puis ensuite nous passons Revest les Roches et Tourette du Ch\u00e2teau, et obliquons [&hellip;]\" \/>\n<meta property=\"og:url\" content=\"https:\/\/paca.lpo.fr\/blogs\/nice\/2017\/12\/20\/sortie-nature-au-mont-vila-le-17-decembre-2017\/\" \/>\n<meta property=\"og:site_name\" content=\"Groupe local Nice\" \/>\n<meta property=\"article:published_time\" content=\"2017-12-20T10:35:18+00:00\" \/>\n<meta property=\"article:modified_time\" content=\"2018-01-04T17:14:12+00:00\" \/>\n<meta property=\"og:image\" content=\"https:\/\/paca.lpo.fr\/blogs\/nice\/files\/2017\/12\/2017-12-17mtvial-069-copie.jpg\" \/>\n\t<meta property=\"og:image:width\" content=\"785\" \/>\n\t<meta property=\"og:image:height\" content=\"424\" \/>\n\t<meta property=\"og:image:type\" content=\"image\/jpeg\" \/>\n<meta name=\"author\" content=\"Groupe local Paillon-B\u00e9v\u00e9ra\" \/>\n<meta name=\"twitter:card\" content=\"summary_large_image\" \/>\n<meta name=\"twitter:label1\" content=\"\u00c9crit par\" \/>\n\t<meta name=\"twitter:data1\" content=\"Groupe local Paillon-B\u00e9v\u00e9ra\" \/>\n\t<meta name=\"twitter:label2\" content=\"Dur\u00e9e de lecture estim\u00e9e\" \/>\n\t<meta name=\"twitter:data2\" content=\"2 minutes\" \/>\n<script type=\"application\/ld+json\" class=\"yoast-schema-graph\">{\"@context\":\"https:\\\/\\\/schema.org\",\"@graph\":[{\"@type\":\"Article\",\"@id\":\"https:\\\/\\\/paca.lpo.fr\\\/blogs\\\/nice\\\/2017\\\/12\\\/20\\\/sortie-nature-au-mont-vila-le-17-decembre-2017\\\/#article\",\"isPartOf\":{\"@id\":\"https:\\\/\\\/paca.lpo.fr\\\/blogs\\\/nice\\\/2017\\\/12\\\/20\\\/sortie-nature-au-mont-vila-le-17-decembre-2017\\\/\"},\"author\":{\"name\":\"Groupe local Paillon-B\u00e9v\u00e9ra\",\"@id\":\"https:\\\/\\\/paca.lpo.fr\\\/blogs\\\/nice\\\/#\\\/schema\\\/person\\\/1bda33335fb71e0b3552487db26a4c56\"},\"headline\":\"Sortie nature au Mont Vial le 17 d\u00e9cembre 2017\",\"datePublished\":\"2017-12-20T10:35:18+00:00\",\"dateModified\":\"2018-01-04T17:14:12+00:00\",\"mainEntityOfPage\":{\"@id\":\"https:\\\/\\\/paca.lpo.fr\\\/blogs\\\/nice\\\/2017\\\/12\\\/20\\\/sortie-nature-au-mont-vila-le-17-decembre-2017\\\/\"},\"wordCount\":417,\"commentCount\":0,\"publisher\":{\"@id\":\"https:\\\/\\\/paca.lpo.fr\\\/blogs\\\/nice\\\/#organization\"},\"image\":{\"@id\":\"https:\\\/\\\/paca.lpo.fr\\\/blogs\\\/nice\\\/2017\\\/12\\\/20\\\/sortie-nature-au-mont-vila-le-17-decembre-2017\\\/#primaryimage\"},\"thumbnailUrl\":\"https:\\\/\\\/paca.lpo.fr\\\/blogs\\\/nice\\\/files\\\/2017\\\/12\\\/2017-12-17mtvial-069-copie.jpg\",\"articleSection\":[\"grands \u00e9v\u00e8nements\"],\"inLanguage\":\"fr-FR\",\"potentialAction\":[{\"@type\":\"CommentAction\",\"name\":\"Comment\",\"target\":[\"https:\\\/\\\/paca.lpo.fr\\\/blogs\\\/nice\\\/2017\\\/12\\\/20\\\/sortie-nature-au-mont-vila-le-17-decembre-2017\\\/#respond\"]}]},{\"@type\":\"WebPage\",\"@id\":\"https:\\\/\\\/paca.lpo.fr\\\/blogs\\\/nice\\\/2017\\\/12\\\/20\\\/sortie-nature-au-mont-vila-le-17-decembre-2017\\\/\",\"url\":\"https:\\\/\\\/paca.lpo.fr\\\/blogs\\\/nice\\\/2017\\\/12\\\/20\\\/sortie-nature-au-mont-vila-le-17-decembre-2017\\\/\",\"name\":\"Sortie nature au Mont Vial le 17 d\u00e9cembre 2017 - Groupe local Nice\",\"isPartOf\":{\"@id\":\"https:\\\/\\\/paca.lpo.fr\\\/blogs\\\/nice\\\/#website\"},\"primaryImageOfPage\":{\"@id\":\"https:\\\/\\\/paca.lpo.fr\\\/blogs\\\/nice\\\/2017\\\/12\\\/20\\\/sortie-nature-au-mont-vila-le-17-decembre-2017\\\/#primaryimage\"},\"image\":{\"@id\":\"https:\\\/\\\/paca.lpo.fr\\\/blogs\\\/nice\\\/2017\\\/12\\\/20\\\/sortie-nature-au-mont-vila-le-17-decembre-2017\\\/#primaryimage\"},\"thumbnailUrl\":\"https:\\\/\\\/paca.lpo.fr\\\/blogs\\\/nice\\\/files\\\/2017\\\/12\\\/2017-12-17mtvial-069-copie.jpg\",\"datePublished\":\"2017-12-20T10:35:18+00:00\",\"dateModified\":\"2018-01-04T17:14:12+00:00\",\"breadcrumb\":{\"@id\":\"https:\\\/\\\/paca.lpo.fr\\\/blogs\\\/nice\\\/2017\\\/12\\\/20\\\/sortie-nature-au-mont-vila-le-17-decembre-2017\\\/#breadcrumb\"},\"inLanguage\":\"fr-FR\",\"potentialAction\":[{\"@type\":\"ReadAction\",\"target\":[\"https:\\\/\\\/paca.lpo.fr\\\/blogs\\\/nice\\\/2017\\\/12\\\/20\\\/sortie-nature-au-mont-vila-le-17-decembre-2017\\\/\"]}]},{\"@type\":\"ImageObject\",\"inLanguage\":\"fr-FR\",\"@id\":\"https:\\\/\\\/paca.lpo.fr\\\/blogs\\\/nice\\\/2017\\\/12\\\/20\\\/sortie-nature-au-mont-vila-le-17-decembre-2017\\\/#primaryimage\",\"url\":\"https:\\\/\\\/paca.lpo.fr\\\/blogs\\\/nice\\\/files\\\/2017\\\/12\\\/2017-12-17mtvial-069-copie.jpg\",\"contentUrl\":\"https:\\\/\\\/paca.lpo.fr\\\/blogs\\\/nice\\\/files\\\/2017\\\/12\\\/2017-12-17mtvial-069-copie.jpg\",\"width\":785,\"height\":424,\"caption\":\"Le sommet\"},{\"@type\":\"BreadcrumbList\",\"@id\":\"https:\\\/\\\/paca.lpo.fr\\\/blogs\\\/nice\\\/2017\\\/12\\\/20\\\/sortie-nature-au-mont-vila-le-17-decembre-2017\\\/#breadcrumb\",\"itemListElement\":[{\"@type\":\"ListItem\",\"position\":1,\"name\":\"Accueil\",\"item\":\"https:\\\/\\\/paca.lpo.fr\\\/blogs\\\/nice\\\/\"},{\"@type\":\"ListItem\",\"position\":2,\"name\":\"Sortie nature au Mont Vial le 17 d\u00e9cembre 2017\"}]},{\"@type\":\"WebSite\",\"@id\":\"https:\\\/\\\/paca.lpo.fr\\\/blogs\\\/nice\\\/#website\",\"url\":\"https:\\\/\\\/paca.lpo.fr\\\/blogs\\\/nice\\\/\",\"name\":\"Groupe local Nice\",\"description\":\"Groupe local Nice\",\"publisher\":{\"@id\":\"https:\\\/\\\/paca.lpo.fr\\\/blogs\\\/nice\\\/#organization\"},\"potentialAction\":[{\"@type\":\"SearchAction\",\"target\":{\"@type\":\"EntryPoint\",\"urlTemplate\":\"https:\\\/\\\/paca.lpo.fr\\\/blogs\\\/nice\\\/?s={search_term_string}\"},\"query-input\":{\"@type\":\"PropertyValueSpecification\",\"valueRequired\":true,\"valueName\":\"search_term_string\"}}],\"inLanguage\":\"fr-FR\"},{\"@type\":\"Organization\",\"@id\":\"https:\\\/\\\/paca.lpo.fr\\\/blogs\\\/nice\\\/#organization\",\"name\":\"Groupe local Nice\",\"url\":\"https:\\\/\\\/paca.lpo.fr\\\/blogs\\\/nice\\\/\",\"logo\":{\"@type\":\"ImageObject\",\"inLanguage\":\"fr-FR\",\"@id\":\"https:\\\/\\\/paca.lpo.fr\\\/blogs\\\/nice\\\/#\\\/schema\\\/logo\\\/image\\\/\",\"url\":\"https:\\\/\\\/paca.lpo.fr\\\/blogs\\\/nice\\\/files\\\/2024\\\/01\\\/cropped-rvb-lpo-paca-logotype-signature-droite-mini-500.jpg\",\"contentUrl\":\"https:\\\/\\\/paca.lpo.fr\\\/blogs\\\/nice\\\/files\\\/2024\\\/01\\\/cropped-rvb-lpo-paca-logotype-signature-droite-mini-500.jpg\",\"width\":500,\"height\":210,\"caption\":\"Groupe local Nice\"},\"image\":{\"@id\":\"https:\\\/\\\/paca.lpo.fr\\\/blogs\\\/nice\\\/#\\\/schema\\\/logo\\\/image\\\/\"}},{\"@type\":\"Person\",\"@id\":\"https:\\\/\\\/paca.lpo.fr\\\/blogs\\\/nice\\\/#\\\/schema\\\/person\\\/1bda33335fb71e0b3552487db26a4c56\",\"name\":\"Groupe local Paillon-B\u00e9v\u00e9ra\",\"image\":{\"@type\":\"ImageObject\",\"inLanguage\":\"fr-FR\",\"@id\":\"https:\\\/\\\/secure.gravatar.com\\\/avatar\\\/b1ee285506e2cb880ec988990d360e255aecb31c77212741dace1023623610c2?s=96&d=mm&r=g\",\"url\":\"https:\\\/\\\/secure.gravatar.com\\\/avatar\\\/b1ee285506e2cb880ec988990d360e255aecb31c77212741dace1023623610c2?s=96&d=mm&r=g\",\"contentUrl\":\"https:\\\/\\\/secure.gravatar.com\\\/avatar\\\/b1ee285506e2cb880ec988990d360e255aecb31c77212741dace1023623610c2?s=96&d=mm&r=g\",\"caption\":\"Groupe local Paillon-B\u00e9v\u00e9ra\"},\"url\":\"https:\\\/\\\/paca.lpo.fr\\\/blogs\\\/nice\\\/author\\\/alpesmaritimesest\\\/\"}]}<\/script>\n<!-- \/ Yoast SEO plugin. -->","yoast_head_json":{"title":"Sortie nature au Mont Vial le 17 d\u00e9cembre 2017 - Groupe local Nice","robots":{"index":"index","follow":"follow","max-snippet":"max-snippet:-1","max-image-preview":"max-image-preview:large","max-video-preview":"max-video-preview:-1"},"canonical":"https:\/\/paca.lpo.fr\/blogs\/nice\/2017\/12\/20\/sortie-nature-au-mont-vila-le-17-decembre-2017\/","og_locale":"fr_FR","og_type":"article","og_title":"Sortie nature au Mont Vial le 17 d\u00e9cembre 2017 - Groupe local Nice","og_description":"Nous voil\u00e0 r\u00e9unis \u00e0 8 heures pour notre d\u00e9part pour le Mont Vial. Le soleil se l\u00e8ve \u00e0 peine et le froid est l\u00e0. Nous remontons la rive droite du Var avant de passe notre fleuve pour nous rendre d\u2019abord \u00e0 Gilette, puis ensuite nous passons Revest les Roches et Tourette du Ch\u00e2teau, et obliquons [&hellip;]","og_url":"https:\/\/paca.lpo.fr\/blogs\/nice\/2017\/12\/20\/sortie-nature-au-mont-vila-le-17-decembre-2017\/","og_site_name":"Groupe local Nice","article_published_time":"2017-12-20T10:35:18+00:00","article_modified_time":"2018-01-04T17:14:12+00:00","og_image":[{"width":785,"height":424,"url":"https:\/\/paca.lpo.fr\/blogs\/nice\/files\/2017\/12\/2017-12-17mtvial-069-copie.jpg","type":"image\/jpeg"}],"author":"Groupe local Paillon-B\u00e9v\u00e9ra","twitter_card":"summary_large_image","twitter_misc":{"\u00c9crit par":"Groupe local Paillon-B\u00e9v\u00e9ra","Dur\u00e9e de lecture estim\u00e9e":"2 minutes"},"schema":{"@context":"https:\/\/schema.org","@graph":[{"@type":"Article","@id":"https:\/\/paca.lpo.fr\/blogs\/nice\/2017\/12\/20\/sortie-nature-au-mont-vila-le-17-decembre-2017\/#article","isPartOf":{"@id":"https:\/\/paca.lpo.fr\/blogs\/nice\/2017\/12\/20\/sortie-nature-au-mont-vila-le-17-decembre-2017\/"},"author":{"name":"Groupe local Paillon-B\u00e9v\u00e9ra","@id":"https:\/\/paca.lpo.fr\/blogs\/nice\/#\/schema\/person\/1bda33335fb71e0b3552487db26a4c56"},"headline":"Sortie nature au Mont Vial le 17 d\u00e9cembre 2017","datePublished":"2017-12-20T10:35:18+00:00","dateModified":"2018-01-04T17:14:12+00:00","mainEntityOfPage":{"@id":"https:\/\/paca.lpo.fr\/blogs\/nice\/2017\/12\/20\/sortie-nature-au-mont-vila-le-17-decembre-2017\/"},"wordCount":417,"commentCount":0,"publisher":{"@id":"https:\/\/paca.lpo.fr\/blogs\/nice\/#organization"},"image":{"@id":"https:\/\/paca.lpo.fr\/blogs\/nice\/2017\/12\/20\/sortie-nature-au-mont-vila-le-17-decembre-2017\/#primaryimage"},"thumbnailUrl":"https:\/\/paca.lpo.fr\/blogs\/nice\/files\/2017\/12\/2017-12-17mtvial-069-copie.jpg","articleSection":["grands \u00e9v\u00e8nements"],"inLanguage":"fr-FR","potentialAction":[{"@type":"CommentAction","name":"Comment","target":["https:\/\/paca.lpo.fr\/blogs\/nice\/2017\/12\/20\/sortie-nature-au-mont-vila-le-17-decembre-2017\/#respond"]}]},{"@type":"WebPage","@id":"https:\/\/paca.lpo.fr\/blogs\/nice\/2017\/12\/20\/sortie-nature-au-mont-vila-le-17-decembre-2017\/","url":"https:\/\/paca.lpo.fr\/blogs\/nice\/2017\/12\/20\/sortie-nature-au-mont-vila-le-17-decembre-2017\/","name":"Sortie nature au Mont Vial le 17 d\u00e9cembre 2017 - Groupe local Nice","isPartOf":{"@id":"https:\/\/paca.lpo.fr\/blogs\/nice\/#website"},"primaryImageOfPage":{"@id":"https:\/\/paca.lpo.fr\/blogs\/nice\/2017\/12\/20\/sortie-nature-au-mont-vila-le-17-decembre-2017\/#primaryimage"},"image":{"@id":"https:\/\/paca.lpo.fr\/blogs\/nice\/2017\/12\/20\/sortie-nature-au-mont-vila-le-17-decembre-2017\/#primaryimage"},"thumbnailUrl":"https:\/\/paca.lpo.fr\/blogs\/nice\/files\/2017\/12\/2017-12-17mtvial-069-copie.jpg","datePublished":"2017-12-20T10:35:18+00:00","dateModified":"2018-01-04T17:14:12+00:00","breadcrumb":{"@id":"https:\/\/paca.lpo.fr\/blogs\/nice\/2017\/12\/20\/sortie-nature-au-mont-vila-le-17-decembre-2017\/#breadcrumb"},"inLanguage":"fr-FR","potentialAction":[{"@type":"ReadAction","target":["https:\/\/paca.lpo.fr\/blogs\/nice\/2017\/12\/20\/sortie-nature-au-mont-vila-le-17-decembre-2017\/"]}]},{"@type":"ImageObject","inLanguage":"fr-FR","@id":"https:\/\/paca.lpo.fr\/blogs\/nice\/2017\/12\/20\/sortie-nature-au-mont-vila-le-17-decembre-2017\/#primaryimage","url":"https:\/\/paca.lpo.fr\/blogs\/nice\/files\/2017\/12\/2017-12-17mtvial-069-copie.jpg","contentUrl":"https:\/\/paca.lpo.fr\/blogs\/nice\/files\/2017\/12\/2017-12-17mtvial-069-copie.jpg","width":785,"height":424,"caption":"Le sommet"},{"@type":"BreadcrumbList","@id":"https:\/\/paca.lpo.fr\/blogs\/nice\/2017\/12\/20\/sortie-nature-au-mont-vila-le-17-decembre-2017\/#breadcrumb","itemListElement":[{"@type":"ListItem","position":1,"name":"Accueil","item":"https:\/\/paca.lpo.fr\/blogs\/nice\/"},{"@type":"ListItem","position":2,"name":"Sortie nature au Mont Vial le 17 d\u00e9cembre 2017"}]},{"@type":"WebSite","@id":"https:\/\/paca.lpo.fr\/blogs\/nice\/#website","url":"https:\/\/paca.lpo.fr\/blogs\/nice\/","name":"Groupe local Nice","description":"Groupe local Nice","publisher":{"@id":"https:\/\/paca.lpo.fr\/blogs\/nice\/#organization"},"potentialAction":[{"@type":"SearchAction","target":{"@type":"EntryPoint","urlTemplate":"https:\/\/paca.lpo.fr\/blogs\/nice\/?s={search_term_string}"},"query-input":{"@type":"PropertyValueSpecification","valueRequired":true,"valueName":"search_term_string"}}],"inLanguage":"fr-FR"},{"@type":"Organization","@id":"https:\/\/paca.lpo.fr\/blogs\/nice\/#organization","name":"Groupe local Nice","url":"https:\/\/paca.lpo.fr\/blogs\/nice\/","logo":{"@type":"ImageObject","inLanguage":"fr-FR","@id":"https:\/\/paca.lpo.fr\/blogs\/nice\/#\/schema\/logo\/image\/","url":"https:\/\/paca.lpo.fr\/blogs\/nice\/files\/2024\/01\/cropped-rvb-lpo-paca-logotype-signature-droite-mini-500.jpg","contentUrl":"https:\/\/paca.lpo.fr\/blogs\/nice\/files\/2024\/01\/cropped-rvb-lpo-paca-logotype-signature-droite-mini-500.jpg","width":500,"height":210,"caption":"Groupe local Nice"},"image":{"@id":"https:\/\/paca.lpo.fr\/blogs\/nice\/#\/schema\/logo\/image\/"}},{"@type":"Person","@id":"https:\/\/paca.lpo.fr\/blogs\/nice\/#\/schema\/person\/1bda33335fb71e0b3552487db26a4c56","name":"Groupe local Paillon-B\u00e9v\u00e9ra","image":{"@type":"ImageObject","inLanguage":"fr-FR","@id":"https:\/\/secure.gravatar.com\/avatar\/b1ee285506e2cb880ec988990d360e255aecb31c77212741dace1023623610c2?s=96&d=mm&r=g","url":"https:\/\/secure.gravatar.com\/avatar\/b1ee285506e2cb880ec988990d360e255aecb31c77212741dace1023623610c2?s=96&d=mm&r=g","contentUrl":"https:\/\/secure.gravatar.com\/avatar\/b1ee285506e2cb880ec988990d360e255aecb31c77212741dace1023623610c2?s=96&d=mm&r=g","caption":"Groupe local Paillon-B\u00e9v\u00e9ra"},"url":"https:\/\/paca.lpo.fr\/blogs\/nice\/author\/alpesmaritimesest\/"}]}},"jetpack_featured_media_url":"https:\/\/paca.lpo.fr\/blogs\/nice\/files\/2017\/12\/2017-12-17mtvial-069-copie.jpg","_links":{"self":[{"href":"https:\/\/paca.lpo.fr\/blogs\/nice\/wp-json\/wp\/v2\/posts\/2020","targetHints":{"allow":["GET"]}}],"collection":[{"href":"https:\/\/paca.lpo.fr\/blogs\/nice\/wp-json\/wp\/v2\/posts"}],"about":[{"href":"https:\/\/paca.lpo.fr\/blogs\/nice\/wp-json\/wp\/v2\/types\/post"}],"author":[{"embeddable":true,"href":"https:\/\/paca.lpo.fr\/blogs\/nice\/wp-json\/wp\/v2\/users\/15"}],"replies":[{"embeddable":true,"href":"https:\/\/paca.lpo.fr\/blogs\/nice\/wp-json\/wp\/v2\/comments?post=2020"}],"version-history":[{"count":3,"href":"https:\/\/paca.lpo.fr\/blogs\/nice\/wp-json\/wp\/v2\/posts\/2020\/revisions"}],"predecessor-version":[{"id":2035,"href":"https:\/\/paca.lpo.fr\/blogs\/nice\/wp-json\/wp\/v2\/posts\/2020\/revisions\/2035"}],"wp:featuredmedia":[{"embeddable":true,"href":"https:\/\/paca.lpo.fr\/blogs\/nice\/wp-json\/wp\/v2\/media\/2022"}],"wp:attachment":[{"href":"https:\/\/paca.lpo.fr\/blogs\/nice\/wp-json\/wp\/v2\/media?parent=2020"}],"wp:term":[{"taxonomy":"category","embeddable":true,"href":"https:\/\/paca.lpo.fr\/blogs\/nice\/wp-json\/wp\/v2\/categories?post=2020"},{"taxonomy":"post_tag","embeddable":true,"href":"https:\/\/paca.lpo.fr\/blogs\/nice\/wp-json\/wp\/v2\/tags?post=2020"}],"curies":[{"name":"wp","href":"https:\/\/api.w.org\/{rel}","templated":true}]}}