{"id":2053,"date":"2018-01-28T22:53:15","date_gmt":"2018-01-28T21:53:15","guid":{"rendered":"https:\/\/paca.lpo.fr\/blogs\/nice\/?p=2053"},"modified":"2018-02-16T09:30:10","modified_gmt":"2018-02-16T08:30:10","slug":"un-jardin-exceptionnel-pour-le-comptage-oiseaux-des-jardins-a-menton","status":"publish","type":"post","link":"https:\/\/paca.lpo.fr\/blogs\/nice\/2018\/01\/28\/un-jardin-exceptionnel-pour-le-comptage-oiseaux-des-jardins-a-menton\/","title":{"rendered":"Un jardin exceptionnel \u00e0 Menton pour le comptage national oiseaux des jardins"},"content":{"rendered":"<p>Pour cette 6\u00e8me \u00e9dition du comptage des oiseaux des jardins le public a \u00e9t\u00e9 convi\u00e9 au jardin botanique exotique Val Rahmeh de Menton, qui surplombe la mer au sud et b\u00e9n\u00e9ficie d&rsquo;une vue sur les montagnes du pays mentonnais au nord. Un cadre magnifique sous un soleil printanier pour partir \u00e0 la recherche des oiseaux se cachant dans le feuillage des quelques 1700 esp\u00e8ces v\u00e9g\u00e9tales, palmiers, hibiscus, bambous g\u00e9ants, plantes des r\u00e9gions m\u00e9diterran\u00e9ennes, agrumes, et bien d&rsquo;autres. Apr\u00e8s un rassemblement sur la belle terrasse devant la villa historique pr\u00e8s de 40 personnes arm\u00e9es de jumelles ont particip\u00e9 au comptage avec deux b\u00e9n\u00e9voles, se baladant sur les sentiers entre le plan d&rsquo;eau et la fontaine entour\u00e9e de bambous et de foug\u00e8res. 24 esp\u00e8ces d&rsquo;oiseaux des jardins ont pu \u00eatre recens\u00e9es. Ambiance sympathique et sereine, qui ne fait pas mentir le nom du jardin&#8230; En langue arabo-persique \u00ab\u00a0Rahmeh\u00a0\u00bb signifie tranquillit\u00e9!<br \/>\nVoir article <a href=\"http:\/\/www.nicematin.com\/a\/204109\">Nice Matin<\/a><figure id=\"attachment_2054\" aria-describedby=\"caption-attachment-2054\" style=\"width: 660px\" class=\"wp-caption alignnone\"><img loading=\"lazy\" decoding=\"async\" src=\"https:\/\/paca.lpo.fr\/blogs\/nice\/files\/2018\/01\/blog-1-960x720.jpg\" alt=\"\" width=\"660\" height=\"495\" class=\"size-large wp-image-2054\" srcset=\"https:\/\/paca.lpo.fr\/blogs\/nice\/files\/2018\/01\/blog-1-960x720.jpg 960w, https:\/\/paca.lpo.fr\/blogs\/nice\/files\/2018\/01\/blog-1-480x360.jpg 480w, https:\/\/paca.lpo.fr\/blogs\/nice\/files\/2018\/01\/blog-1-768x576.jpg 768w, https:\/\/paca.lpo.fr\/blogs\/nice\/files\/2018\/01\/blog-1-700x525.jpg 700w, https:\/\/paca.lpo.fr\/blogs\/nice\/files\/2018\/01\/blog-1.jpg 1000w\" sizes=\"auto, (max-width: 660px) 100vw, 660px\" \/><figcaption id=\"caption-attachment-2054\" class=\"wp-caption-text\">Rassemblement devant la villa<\/figcaption><\/figure><figure id=\"attachment_2055\" aria-describedby=\"caption-attachment-2055\" style=\"width: 660px\" class=\"wp-caption alignnone\"><img loading=\"lazy\" decoding=\"async\" src=\"https:\/\/paca.lpo.fr\/blogs\/nice\/files\/2018\/01\/blog-5-960x720.jpg\" alt=\"\" width=\"660\" height=\"495\" class=\"size-large wp-image-2055\" srcset=\"https:\/\/paca.lpo.fr\/blogs\/nice\/files\/2018\/01\/blog-5-960x720.jpg 960w, https:\/\/paca.lpo.fr\/blogs\/nice\/files\/2018\/01\/blog-5-480x360.jpg 480w, https:\/\/paca.lpo.fr\/blogs\/nice\/files\/2018\/01\/blog-5-768x576.jpg 768w, https:\/\/paca.lpo.fr\/blogs\/nice\/files\/2018\/01\/blog-5-700x525.jpg 700w, https:\/\/paca.lpo.fr\/blogs\/nice\/files\/2018\/01\/blog-5.jpg 1000w\" sizes=\"auto, (max-width: 660px) 100vw, 660px\" \/><figcaption id=\"caption-attachment-2055\" class=\"wp-caption-text\">Petite explication des esp\u00e8ces que nous recherchons<\/figcaption><\/figure><br \/>\n<img loading=\"lazy\" decoding=\"async\" src=\"https:\/\/paca.lpo.fr\/blogs\/nice\/files\/2018\/01\/blog-9-960x720.jpg\" alt=\"\" width=\"660\" height=\"495\" class=\"alignnone size-large wp-image-2056\" srcset=\"https:\/\/paca.lpo.fr\/blogs\/nice\/files\/2018\/01\/blog-9-960x720.jpg 960w, https:\/\/paca.lpo.fr\/blogs\/nice\/files\/2018\/01\/blog-9-480x360.jpg 480w, https:\/\/paca.lpo.fr\/blogs\/nice\/files\/2018\/01\/blog-9-768x576.jpg 768w, https:\/\/paca.lpo.fr\/blogs\/nice\/files\/2018\/01\/blog-9-700x525.jpg 700w, https:\/\/paca.lpo.fr\/blogs\/nice\/files\/2018\/01\/blog-9.jpg 1000w\" sizes=\"auto, (max-width: 660px) 100vw, 660px\" \/><br \/>\n<figure id=\"attachment_2057\" aria-describedby=\"caption-attachment-2057\" style=\"width: 660px\" class=\"wp-caption alignnone\"><img loading=\"lazy\" decoding=\"async\" src=\"https:\/\/paca.lpo.fr\/blogs\/nice\/files\/2018\/01\/blog-jardin1-960x720.jpg\" alt=\"\" width=\"660\" height=\"495\" class=\"size-large wp-image-2057\" srcset=\"https:\/\/paca.lpo.fr\/blogs\/nice\/files\/2018\/01\/blog-jardin1-960x720.jpg 960w, https:\/\/paca.lpo.fr\/blogs\/nice\/files\/2018\/01\/blog-jardin1-480x360.jpg 480w, https:\/\/paca.lpo.fr\/blogs\/nice\/files\/2018\/01\/blog-jardin1-768x576.jpg 768w, https:\/\/paca.lpo.fr\/blogs\/nice\/files\/2018\/01\/blog-jardin1-700x525.jpg 700w, https:\/\/paca.lpo.fr\/blogs\/nice\/files\/2018\/01\/blog-jardin1.jpg 998w\" sizes=\"auto, (max-width: 660px) 100vw, 660px\" \/><figcaption id=\"caption-attachment-2057\" class=\"wp-caption-text\">Une jolie fontaine<\/figcaption><\/figure><br \/>\n<figure id=\"attachment_2058\" aria-describedby=\"caption-attachment-2058\" style=\"width: 660px\" class=\"wp-caption alignnone\"><img loading=\"lazy\" decoding=\"async\" src=\"https:\/\/paca.lpo.fr\/blogs\/nice\/files\/2018\/01\/blog-jardin-2-960x720.jpg\" alt=\"\" width=\"660\" height=\"495\" class=\"size-large wp-image-2058\" srcset=\"https:\/\/paca.lpo.fr\/blogs\/nice\/files\/2018\/01\/blog-jardin-2-960x720.jpg 960w, https:\/\/paca.lpo.fr\/blogs\/nice\/files\/2018\/01\/blog-jardin-2-480x360.jpg 480w, https:\/\/paca.lpo.fr\/blogs\/nice\/files\/2018\/01\/blog-jardin-2-768x576.jpg 768w, https:\/\/paca.lpo.fr\/blogs\/nice\/files\/2018\/01\/blog-jardin-2-700x525.jpg 700w, https:\/\/paca.lpo.fr\/blogs\/nice\/files\/2018\/01\/blog-jardin-2.jpg 998w\" sizes=\"auto, (max-width: 660px) 100vw, 660px\" \/><figcaption id=\"caption-attachment-2058\" class=\"wp-caption-text\">Le plan d&rsquo;eau<\/figcaption><\/figure><\/p>\n","protected":false},"excerpt":{"rendered":"<p>Pour cette 6\u00e8me \u00e9dition du comptage des oiseaux des jardins le public a \u00e9t\u00e9 convi\u00e9 au jardin botanique exotique Val Rahmeh de Menton, qui surplombe la mer au sud et b\u00e9n\u00e9ficie d&rsquo;une vue sur les montagnes du pays mentonnais au nord. Un cadre magnifique sous un soleil printanier pour partir \u00e0 la recherche des oiseaux [&hellip;]<\/p>\n","protected":false},"author":15,"featured_media":2059,"comment_status":"open","ping_status":"open","sticky":false,"template":"","format":"standard","meta":{"footnotes":""},"categories":[77,3],"tags":[],"class_list":["post-2053","post","type-post","status-publish","format-standard","has-post-thumbnail","hentry","category-grands-evenements","category-vie-groupe"],"yoast_head":"<!-- This site is optimized with the Yoast SEO plugin v28.3 - https:\/\/yoast.com\/product\/yoast-seo-wordpress\/ -->\n<title>Un jardin exceptionnel \u00e0 Menton pour le comptage national oiseaux des jardins - Groupe local Nice<\/title>\n<meta name=\"robots\" content=\"index, follow, max-snippet:-1, max-image-preview:large, max-video-preview:-1\" \/>\n<link rel=\"canonical\" href=\"https:\/\/paca.lpo.fr\/blogs\/nice\/2018\/01\/28\/un-jardin-exceptionnel-pour-le-comptage-oiseaux-des-jardins-a-menton\/\" \/>\n<meta property=\"og:locale\" content=\"fr_FR\" \/>\n<meta property=\"og:type\" content=\"article\" \/>\n<meta property=\"og:title\" content=\"Un jardin exceptionnel \u00e0 Menton pour le comptage national oiseaux des jardins - Groupe local Nice\" \/>\n<meta property=\"og:description\" content=\"Pour cette 6\u00e8me \u00e9dition du comptage des oiseaux des jardins le public a \u00e9t\u00e9 convi\u00e9 au jardin botanique exotique Val Rahmeh de Menton, qui surplombe la mer au sud et b\u00e9n\u00e9ficie d&rsquo;une vue sur les montagnes du pays mentonnais au nord. Un cadre magnifique sous un soleil printanier pour partir \u00e0 la recherche des oiseaux [&hellip;]\" \/>\n<meta property=\"og:url\" content=\"https:\/\/paca.lpo.fr\/blogs\/nice\/2018\/01\/28\/un-jardin-exceptionnel-pour-le-comptage-oiseaux-des-jardins-a-menton\/\" \/>\n<meta property=\"og:site_name\" content=\"Groupe local Nice\" \/>\n<meta property=\"article:published_time\" content=\"2018-01-28T21:53:15+00:00\" \/>\n<meta property=\"article:modified_time\" content=\"2018-02-16T08:30:10+00:00\" \/>\n<meta property=\"og:image\" content=\"https:\/\/paca.lpo.fr\/blogs\/nice\/files\/2018\/01\/blog-une.jpg\" \/>\n\t<meta property=\"og:image:width\" content=\"800\" \/>\n\t<meta property=\"og:image:height\" content=\"501\" \/>\n\t<meta property=\"og:image:type\" content=\"image\/jpeg\" \/>\n<meta name=\"author\" content=\"Groupe local Paillon-B\u00e9v\u00e9ra\" \/>\n<meta name=\"twitter:card\" content=\"summary_large_image\" \/>\n<meta name=\"twitter:label1\" content=\"\u00c9crit par\" \/>\n\t<meta name=\"twitter:data1\" content=\"Groupe local Paillon-B\u00e9v\u00e9ra\" \/>\n\t<meta name=\"twitter:label2\" content=\"Dur\u00e9e de lecture estim\u00e9e\" \/>\n\t<meta name=\"twitter:data2\" content=\"1 minute\" \/>\n<script type=\"application\/ld+json\" class=\"yoast-schema-graph\">{\"@context\":\"https:\\\/\\\/schema.org\",\"@graph\":[{\"@type\":\"Article\",\"@id\":\"https:\\\/\\\/paca.lpo.fr\\\/blogs\\\/nice\\\/2018\\\/01\\\/28\\\/un-jardin-exceptionnel-pour-le-comptage-oiseaux-des-jardins-a-menton\\\/#article\",\"isPartOf\":{\"@id\":\"https:\\\/\\\/paca.lpo.fr\\\/blogs\\\/nice\\\/2018\\\/01\\\/28\\\/un-jardin-exceptionnel-pour-le-comptage-oiseaux-des-jardins-a-menton\\\/\"},\"author\":{\"name\":\"Groupe local Paillon-B\u00e9v\u00e9ra\",\"@id\":\"https:\\\/\\\/paca.lpo.fr\\\/blogs\\\/nice\\\/#\\\/schema\\\/person\\\/1bda33335fb71e0b3552487db26a4c56\"},\"headline\":\"Un jardin exceptionnel \u00e0 Menton pour le comptage national oiseaux des jardins\",\"datePublished\":\"2018-01-28T21:53:15+00:00\",\"dateModified\":\"2018-02-16T08:30:10+00:00\",\"mainEntityOfPage\":{\"@id\":\"https:\\\/\\\/paca.lpo.fr\\\/blogs\\\/nice\\\/2018\\\/01\\\/28\\\/un-jardin-exceptionnel-pour-le-comptage-oiseaux-des-jardins-a-menton\\\/\"},\"wordCount\":228,\"commentCount\":0,\"publisher\":{\"@id\":\"https:\\\/\\\/paca.lpo.fr\\\/blogs\\\/nice\\\/#organization\"},\"image\":{\"@id\":\"https:\\\/\\\/paca.lpo.fr\\\/blogs\\\/nice\\\/2018\\\/01\\\/28\\\/un-jardin-exceptionnel-pour-le-comptage-oiseaux-des-jardins-a-menton\\\/#primaryimage\"},\"thumbnailUrl\":\"https:\\\/\\\/paca.lpo.fr\\\/blogs\\\/nice\\\/files\\\/2018\\\/01\\\/blog-une.jpg\",\"articleSection\":[\"Grands \u00e9v\u00e8nements\",\"Vie du groupe\"],\"inLanguage\":\"fr-FR\",\"potentialAction\":[{\"@type\":\"CommentAction\",\"name\":\"Comment\",\"target\":[\"https:\\\/\\\/paca.lpo.fr\\\/blogs\\\/nice\\\/2018\\\/01\\\/28\\\/un-jardin-exceptionnel-pour-le-comptage-oiseaux-des-jardins-a-menton\\\/#respond\"]}]},{\"@type\":\"WebPage\",\"@id\":\"https:\\\/\\\/paca.lpo.fr\\\/blogs\\\/nice\\\/2018\\\/01\\\/28\\\/un-jardin-exceptionnel-pour-le-comptage-oiseaux-des-jardins-a-menton\\\/\",\"url\":\"https:\\\/\\\/paca.lpo.fr\\\/blogs\\\/nice\\\/2018\\\/01\\\/28\\\/un-jardin-exceptionnel-pour-le-comptage-oiseaux-des-jardins-a-menton\\\/\",\"name\":\"Un jardin exceptionnel \u00e0 Menton pour le comptage national oiseaux des jardins - Groupe local Nice\",\"isPartOf\":{\"@id\":\"https:\\\/\\\/paca.lpo.fr\\\/blogs\\\/nice\\\/#website\"},\"primaryImageOfPage\":{\"@id\":\"https:\\\/\\\/paca.lpo.fr\\\/blogs\\\/nice\\\/2018\\\/01\\\/28\\\/un-jardin-exceptionnel-pour-le-comptage-oiseaux-des-jardins-a-menton\\\/#primaryimage\"},\"image\":{\"@id\":\"https:\\\/\\\/paca.lpo.fr\\\/blogs\\\/nice\\\/2018\\\/01\\\/28\\\/un-jardin-exceptionnel-pour-le-comptage-oiseaux-des-jardins-a-menton\\\/#primaryimage\"},\"thumbnailUrl\":\"https:\\\/\\\/paca.lpo.fr\\\/blogs\\\/nice\\\/files\\\/2018\\\/01\\\/blog-une.jpg\",\"datePublished\":\"2018-01-28T21:53:15+00:00\",\"dateModified\":\"2018-02-16T08:30:10+00:00\",\"breadcrumb\":{\"@id\":\"https:\\\/\\\/paca.lpo.fr\\\/blogs\\\/nice\\\/2018\\\/01\\\/28\\\/un-jardin-exceptionnel-pour-le-comptage-oiseaux-des-jardins-a-menton\\\/#breadcrumb\"},\"inLanguage\":\"fr-FR\",\"potentialAction\":[{\"@type\":\"ReadAction\",\"target\":[\"https:\\\/\\\/paca.lpo.fr\\\/blogs\\\/nice\\\/2018\\\/01\\\/28\\\/un-jardin-exceptionnel-pour-le-comptage-oiseaux-des-jardins-a-menton\\\/\"]}]},{\"@type\":\"ImageObject\",\"inLanguage\":\"fr-FR\",\"@id\":\"https:\\\/\\\/paca.lpo.fr\\\/blogs\\\/nice\\\/2018\\\/01\\\/28\\\/un-jardin-exceptionnel-pour-le-comptage-oiseaux-des-jardins-a-menton\\\/#primaryimage\",\"url\":\"https:\\\/\\\/paca.lpo.fr\\\/blogs\\\/nice\\\/files\\\/2018\\\/01\\\/blog-une.jpg\",\"contentUrl\":\"https:\\\/\\\/paca.lpo.fr\\\/blogs\\\/nice\\\/files\\\/2018\\\/01\\\/blog-une.jpg\",\"width\":800,\"height\":501},{\"@type\":\"BreadcrumbList\",\"@id\":\"https:\\\/\\\/paca.lpo.fr\\\/blogs\\\/nice\\\/2018\\\/01\\\/28\\\/un-jardin-exceptionnel-pour-le-comptage-oiseaux-des-jardins-a-menton\\\/#breadcrumb\",\"itemListElement\":[{\"@type\":\"ListItem\",\"position\":1,\"name\":\"Accueil\",\"item\":\"https:\\\/\\\/paca.lpo.fr\\\/blogs\\\/nice\\\/\"},{\"@type\":\"ListItem\",\"position\":2,\"name\":\"Un jardin exceptionnel \u00e0 Menton pour le comptage national oiseaux des jardins\"}]},{\"@type\":\"WebSite\",\"@id\":\"https:\\\/\\\/paca.lpo.fr\\\/blogs\\\/nice\\\/#website\",\"url\":\"https:\\\/\\\/paca.lpo.fr\\\/blogs\\\/nice\\\/\",\"name\":\"Groupe local Nice\",\"description\":\"Groupe local Nice\",\"publisher\":{\"@id\":\"https:\\\/\\\/paca.lpo.fr\\\/blogs\\\/nice\\\/#organization\"},\"potentialAction\":[{\"@type\":\"SearchAction\",\"target\":{\"@type\":\"EntryPoint\",\"urlTemplate\":\"https:\\\/\\\/paca.lpo.fr\\\/blogs\\\/nice\\\/?s={search_term_string}\"},\"query-input\":{\"@type\":\"PropertyValueSpecification\",\"valueRequired\":true,\"valueName\":\"search_term_string\"}}],\"inLanguage\":\"fr-FR\"},{\"@type\":\"Organization\",\"@id\":\"https:\\\/\\\/paca.lpo.fr\\\/blogs\\\/nice\\\/#organization\",\"name\":\"Groupe local Nice\",\"url\":\"https:\\\/\\\/paca.lpo.fr\\\/blogs\\\/nice\\\/\",\"logo\":{\"@type\":\"ImageObject\",\"inLanguage\":\"fr-FR\",\"@id\":\"https:\\\/\\\/paca.lpo.fr\\\/blogs\\\/nice\\\/#\\\/schema\\\/logo\\\/image\\\/\",\"url\":\"https:\\\/\\\/paca.lpo.fr\\\/blogs\\\/nice\\\/files\\\/2024\\\/01\\\/cropped-rvb-lpo-paca-logotype-signature-droite-mini-500.jpg\",\"contentUrl\":\"https:\\\/\\\/paca.lpo.fr\\\/blogs\\\/nice\\\/files\\\/2024\\\/01\\\/cropped-rvb-lpo-paca-logotype-signature-droite-mini-500.jpg\",\"width\":500,\"height\":210,\"caption\":\"Groupe local Nice\"},\"image\":{\"@id\":\"https:\\\/\\\/paca.lpo.fr\\\/blogs\\\/nice\\\/#\\\/schema\\\/logo\\\/image\\\/\"}},{\"@type\":\"Person\",\"@id\":\"https:\\\/\\\/paca.lpo.fr\\\/blogs\\\/nice\\\/#\\\/schema\\\/person\\\/1bda33335fb71e0b3552487db26a4c56\",\"name\":\"Groupe local Paillon-B\u00e9v\u00e9ra\",\"image\":{\"@type\":\"ImageObject\",\"inLanguage\":\"fr-FR\",\"@id\":\"https:\\\/\\\/secure.gravatar.com\\\/avatar\\\/b1ee285506e2cb880ec988990d360e255aecb31c77212741dace1023623610c2?s=96&d=mm&r=g\",\"url\":\"https:\\\/\\\/secure.gravatar.com\\\/avatar\\\/b1ee285506e2cb880ec988990d360e255aecb31c77212741dace1023623610c2?s=96&d=mm&r=g\",\"contentUrl\":\"https:\\\/\\\/secure.gravatar.com\\\/avatar\\\/b1ee285506e2cb880ec988990d360e255aecb31c77212741dace1023623610c2?s=96&d=mm&r=g\",\"caption\":\"Groupe local Paillon-B\u00e9v\u00e9ra\"},\"url\":\"https:\\\/\\\/paca.lpo.fr\\\/blogs\\\/nice\\\/author\\\/alpesmaritimesest\\\/\"}]}<\/script>\n<!-- \/ Yoast SEO plugin. -->","yoast_head_json":{"title":"Un jardin exceptionnel \u00e0 Menton pour le comptage national oiseaux des jardins - Groupe local Nice","robots":{"index":"index","follow":"follow","max-snippet":"max-snippet:-1","max-image-preview":"max-image-preview:large","max-video-preview":"max-video-preview:-1"},"canonical":"https:\/\/paca.lpo.fr\/blogs\/nice\/2018\/01\/28\/un-jardin-exceptionnel-pour-le-comptage-oiseaux-des-jardins-a-menton\/","og_locale":"fr_FR","og_type":"article","og_title":"Un jardin exceptionnel \u00e0 Menton pour le comptage national oiseaux des jardins - Groupe local Nice","og_description":"Pour cette 6\u00e8me \u00e9dition du comptage des oiseaux des jardins le public a \u00e9t\u00e9 convi\u00e9 au jardin botanique exotique Val Rahmeh de Menton, qui surplombe la mer au sud et b\u00e9n\u00e9ficie d&rsquo;une vue sur les montagnes du pays mentonnais au nord. Un cadre magnifique sous un soleil printanier pour partir \u00e0 la recherche des oiseaux [&hellip;]","og_url":"https:\/\/paca.lpo.fr\/blogs\/nice\/2018\/01\/28\/un-jardin-exceptionnel-pour-le-comptage-oiseaux-des-jardins-a-menton\/","og_site_name":"Groupe local Nice","article_published_time":"2018-01-28T21:53:15+00:00","article_modified_time":"2018-02-16T08:30:10+00:00","og_image":[{"width":800,"height":501,"url":"https:\/\/paca.lpo.fr\/blogs\/nice\/files\/2018\/01\/blog-une.jpg","type":"image\/jpeg"}],"author":"Groupe local Paillon-B\u00e9v\u00e9ra","twitter_card":"summary_large_image","twitter_misc":{"\u00c9crit par":"Groupe local Paillon-B\u00e9v\u00e9ra","Dur\u00e9e de lecture estim\u00e9e":"1 minute"},"schema":{"@context":"https:\/\/schema.org","@graph":[{"@type":"Article","@id":"https:\/\/paca.lpo.fr\/blogs\/nice\/2018\/01\/28\/un-jardin-exceptionnel-pour-le-comptage-oiseaux-des-jardins-a-menton\/#article","isPartOf":{"@id":"https:\/\/paca.lpo.fr\/blogs\/nice\/2018\/01\/28\/un-jardin-exceptionnel-pour-le-comptage-oiseaux-des-jardins-a-menton\/"},"author":{"name":"Groupe local Paillon-B\u00e9v\u00e9ra","@id":"https:\/\/paca.lpo.fr\/blogs\/nice\/#\/schema\/person\/1bda33335fb71e0b3552487db26a4c56"},"headline":"Un jardin exceptionnel \u00e0 Menton pour le comptage national oiseaux des jardins","datePublished":"2018-01-28T21:53:15+00:00","dateModified":"2018-02-16T08:30:10+00:00","mainEntityOfPage":{"@id":"https:\/\/paca.lpo.fr\/blogs\/nice\/2018\/01\/28\/un-jardin-exceptionnel-pour-le-comptage-oiseaux-des-jardins-a-menton\/"},"wordCount":228,"commentCount":0,"publisher":{"@id":"https:\/\/paca.lpo.fr\/blogs\/nice\/#organization"},"image":{"@id":"https:\/\/paca.lpo.fr\/blogs\/nice\/2018\/01\/28\/un-jardin-exceptionnel-pour-le-comptage-oiseaux-des-jardins-a-menton\/#primaryimage"},"thumbnailUrl":"https:\/\/paca.lpo.fr\/blogs\/nice\/files\/2018\/01\/blog-une.jpg","articleSection":["Grands \u00e9v\u00e8nements","Vie du groupe"],"inLanguage":"fr-FR","potentialAction":[{"@type":"CommentAction","name":"Comment","target":["https:\/\/paca.lpo.fr\/blogs\/nice\/2018\/01\/28\/un-jardin-exceptionnel-pour-le-comptage-oiseaux-des-jardins-a-menton\/#respond"]}]},{"@type":"WebPage","@id":"https:\/\/paca.lpo.fr\/blogs\/nice\/2018\/01\/28\/un-jardin-exceptionnel-pour-le-comptage-oiseaux-des-jardins-a-menton\/","url":"https:\/\/paca.lpo.fr\/blogs\/nice\/2018\/01\/28\/un-jardin-exceptionnel-pour-le-comptage-oiseaux-des-jardins-a-menton\/","name":"Un jardin exceptionnel \u00e0 Menton pour le comptage national oiseaux des jardins - Groupe local Nice","isPartOf":{"@id":"https:\/\/paca.lpo.fr\/blogs\/nice\/#website"},"primaryImageOfPage":{"@id":"https:\/\/paca.lpo.fr\/blogs\/nice\/2018\/01\/28\/un-jardin-exceptionnel-pour-le-comptage-oiseaux-des-jardins-a-menton\/#primaryimage"},"image":{"@id":"https:\/\/paca.lpo.fr\/blogs\/nice\/2018\/01\/28\/un-jardin-exceptionnel-pour-le-comptage-oiseaux-des-jardins-a-menton\/#primaryimage"},"thumbnailUrl":"https:\/\/paca.lpo.fr\/blogs\/nice\/files\/2018\/01\/blog-une.jpg","datePublished":"2018-01-28T21:53:15+00:00","dateModified":"2018-02-16T08:30:10+00:00","breadcrumb":{"@id":"https:\/\/paca.lpo.fr\/blogs\/nice\/2018\/01\/28\/un-jardin-exceptionnel-pour-le-comptage-oiseaux-des-jardins-a-menton\/#breadcrumb"},"inLanguage":"fr-FR","potentialAction":[{"@type":"ReadAction","target":["https:\/\/paca.lpo.fr\/blogs\/nice\/2018\/01\/28\/un-jardin-exceptionnel-pour-le-comptage-oiseaux-des-jardins-a-menton\/"]}]},{"@type":"ImageObject","inLanguage":"fr-FR","@id":"https:\/\/paca.lpo.fr\/blogs\/nice\/2018\/01\/28\/un-jardin-exceptionnel-pour-le-comptage-oiseaux-des-jardins-a-menton\/#primaryimage","url":"https:\/\/paca.lpo.fr\/blogs\/nice\/files\/2018\/01\/blog-une.jpg","contentUrl":"https:\/\/paca.lpo.fr\/blogs\/nice\/files\/2018\/01\/blog-une.jpg","width":800,"height":501},{"@type":"BreadcrumbList","@id":"https:\/\/paca.lpo.fr\/blogs\/nice\/2018\/01\/28\/un-jardin-exceptionnel-pour-le-comptage-oiseaux-des-jardins-a-menton\/#breadcrumb","itemListElement":[{"@type":"ListItem","position":1,"name":"Accueil","item":"https:\/\/paca.lpo.fr\/blogs\/nice\/"},{"@type":"ListItem","position":2,"name":"Un jardin exceptionnel \u00e0 Menton pour le comptage national oiseaux des jardins"}]},{"@type":"WebSite","@id":"https:\/\/paca.lpo.fr\/blogs\/nice\/#website","url":"https:\/\/paca.lpo.fr\/blogs\/nice\/","name":"Groupe local Nice","description":"Groupe local Nice","publisher":{"@id":"https:\/\/paca.lpo.fr\/blogs\/nice\/#organization"},"potentialAction":[{"@type":"SearchAction","target":{"@type":"EntryPoint","urlTemplate":"https:\/\/paca.lpo.fr\/blogs\/nice\/?s={search_term_string}"},"query-input":{"@type":"PropertyValueSpecification","valueRequired":true,"valueName":"search_term_string"}}],"inLanguage":"fr-FR"},{"@type":"Organization","@id":"https:\/\/paca.lpo.fr\/blogs\/nice\/#organization","name":"Groupe local Nice","url":"https:\/\/paca.lpo.fr\/blogs\/nice\/","logo":{"@type":"ImageObject","inLanguage":"fr-FR","@id":"https:\/\/paca.lpo.fr\/blogs\/nice\/#\/schema\/logo\/image\/","url":"https:\/\/paca.lpo.fr\/blogs\/nice\/files\/2024\/01\/cropped-rvb-lpo-paca-logotype-signature-droite-mini-500.jpg","contentUrl":"https:\/\/paca.lpo.fr\/blogs\/nice\/files\/2024\/01\/cropped-rvb-lpo-paca-logotype-signature-droite-mini-500.jpg","width":500,"height":210,"caption":"Groupe local Nice"},"image":{"@id":"https:\/\/paca.lpo.fr\/blogs\/nice\/#\/schema\/logo\/image\/"}},{"@type":"Person","@id":"https:\/\/paca.lpo.fr\/blogs\/nice\/#\/schema\/person\/1bda33335fb71e0b3552487db26a4c56","name":"Groupe local Paillon-B\u00e9v\u00e9ra","image":{"@type":"ImageObject","inLanguage":"fr-FR","@id":"https:\/\/secure.gravatar.com\/avatar\/b1ee285506e2cb880ec988990d360e255aecb31c77212741dace1023623610c2?s=96&d=mm&r=g","url":"https:\/\/secure.gravatar.com\/avatar\/b1ee285506e2cb880ec988990d360e255aecb31c77212741dace1023623610c2?s=96&d=mm&r=g","contentUrl":"https:\/\/secure.gravatar.com\/avatar\/b1ee285506e2cb880ec988990d360e255aecb31c77212741dace1023623610c2?s=96&d=mm&r=g","caption":"Groupe local Paillon-B\u00e9v\u00e9ra"},"url":"https:\/\/paca.lpo.fr\/blogs\/nice\/author\/alpesmaritimesest\/"}]}},"jetpack_featured_media_url":"https:\/\/paca.lpo.fr\/blogs\/nice\/files\/2018\/01\/blog-une.jpg","_links":{"self":[{"href":"https:\/\/paca.lpo.fr\/blogs\/nice\/wp-json\/wp\/v2\/posts\/2053","targetHints":{"allow":["GET"]}}],"collection":[{"href":"https:\/\/paca.lpo.fr\/blogs\/nice\/wp-json\/wp\/v2\/posts"}],"about":[{"href":"https:\/\/paca.lpo.fr\/blogs\/nice\/wp-json\/wp\/v2\/types\/post"}],"author":[{"embeddable":true,"href":"https:\/\/paca.lpo.fr\/blogs\/nice\/wp-json\/wp\/v2\/users\/15"}],"replies":[{"embeddable":true,"href":"https:\/\/paca.lpo.fr\/blogs\/nice\/wp-json\/wp\/v2\/comments?post=2053"}],"version-history":[{"count":4,"href":"https:\/\/paca.lpo.fr\/blogs\/nice\/wp-json\/wp\/v2\/posts\/2053\/revisions"}],"predecessor-version":[{"id":2090,"href":"https:\/\/paca.lpo.fr\/blogs\/nice\/wp-json\/wp\/v2\/posts\/2053\/revisions\/2090"}],"wp:featuredmedia":[{"embeddable":true,"href":"https:\/\/paca.lpo.fr\/blogs\/nice\/wp-json\/wp\/v2\/media\/2059"}],"wp:attachment":[{"href":"https:\/\/paca.lpo.fr\/blogs\/nice\/wp-json\/wp\/v2\/media?parent=2053"}],"wp:term":[{"taxonomy":"category","embeddable":true,"href":"https:\/\/paca.lpo.fr\/blogs\/nice\/wp-json\/wp\/v2\/categories?post=2053"},{"taxonomy":"post_tag","embeddable":true,"href":"https:\/\/paca.lpo.fr\/blogs\/nice\/wp-json\/wp\/v2\/tags?post=2053"}],"curies":[{"name":"wp","href":"https:\/\/api.w.org\/{rel}","templated":true}]}}