{"id":2076,"date":"2018-02-06T13:49:37","date_gmt":"2018-02-06T12:49:37","guid":{"rendered":"https:\/\/paca.lpo.fr\/blogs\/nice\/?p=2076"},"modified":"2018-02-14T18:16:51","modified_gmt":"2018-02-14T17:16:51","slug":"journee-mondiale-des-zones-humides-dans-les-alpes-maritimes","status":"publish","type":"post","link":"https:\/\/paca.lpo.fr\/blogs\/nice\/2018\/02\/06\/journee-mondiale-des-zones-humides-dans-les-alpes-maritimes\/","title":{"rendered":"Journ\u00e9e Mondiale des Zones Humides dans les Alpes Maritimes"},"content":{"rendered":"<p>En 2018, le th\u00e8me choisi par le bureau de la convention de Ramsar est \u00ab\u00a0Les zones humides pour les villes de demain\u00a0\u00bb. Une sortie a \u00e9t\u00e9 organis\u00e9e ce dimanche 4 f\u00e9vrier sur les bords de la Roya et autour du Lac de Breil. Le soleil \u00e9tait au rendez-vous, ainsi que les oiseaux avec l&rsquo;observation de 29 esp\u00e8ces. Les cincles plongeurs sont nombreux sur tout le parcours de ce fleuve qui prend sa source au Col de Tende et traverse la ville de Breil-sur-Roya.<br \/>\nPour en savoir plus sur les milieux humides le site http:\/\/www.zones-humides.org\/ dresse un panorama des fonctions, des menaces et de la r\u00e9glementation qui s\u2019y applique. Il apporte \u00e9galement des informations sur les outils et structures comp\u00e9tentes pour mener des actions de pr\u00e9servation et de restauration : <\/p>\n<p><figure id=\"attachment_2077\" aria-describedby=\"caption-attachment-2077\" style=\"width: 660px\" class=\"wp-caption alignnone\"><img loading=\"lazy\" decoding=\"async\" src=\"https:\/\/paca.lpo.fr\/blogs\/nice\/files\/2018\/02\/blog-3-960x720.jpg\" alt=\"\" width=\"660\" height=\"495\" class=\"size-large wp-image-2077\" srcset=\"https:\/\/paca.lpo.fr\/blogs\/nice\/files\/2018\/02\/blog-3-960x720.jpg 960w, https:\/\/paca.lpo.fr\/blogs\/nice\/files\/2018\/02\/blog-3-480x360.jpg 480w, https:\/\/paca.lpo.fr\/blogs\/nice\/files\/2018\/02\/blog-3-768x576.jpg 768w, https:\/\/paca.lpo.fr\/blogs\/nice\/files\/2018\/02\/blog-3-700x525.jpg 700w, https:\/\/paca.lpo.fr\/blogs\/nice\/files\/2018\/02\/blog-3.jpg 977w\" sizes=\"auto, (max-width: 660px) 100vw, 660px\" \/><figcaption id=\"caption-attachment-2077\" class=\"wp-caption-text\">Observation au bord du lac<\/figcaption><\/figure><br \/>\n<figure id=\"attachment_2078\" aria-describedby=\"caption-attachment-2078\" style=\"width: 863px\" class=\"wp-caption alignnone\"><img loading=\"lazy\" decoding=\"async\" src=\"https:\/\/paca.lpo.fr\/blogs\/nice\/files\/2018\/02\/blog-une.jpg\" alt=\"\" width=\"863\" height=\"544\" class=\"size-full wp-image-2078\" srcset=\"https:\/\/paca.lpo.fr\/blogs\/nice\/files\/2018\/02\/blog-une.jpg 863w, https:\/\/paca.lpo.fr\/blogs\/nice\/files\/2018\/02\/blog-une-480x303.jpg 480w, https:\/\/paca.lpo.fr\/blogs\/nice\/files\/2018\/02\/blog-une-768x484.jpg 768w, https:\/\/paca.lpo.fr\/blogs\/nice\/files\/2018\/02\/blog-une-700x441.jpg 700w\" sizes=\"auto, (max-width: 863px) 100vw, 863px\" \/><figcaption id=\"caption-attachment-2078\" class=\"wp-caption-text\">Le fleuve traverse la ville<\/figcaption><\/figure><\/p>\n<p><img loading=\"lazy\" decoding=\"async\" src=\"https:\/\/paca.lpo.fr\/blogs\/nice\/files\/2018\/02\/blog-cincle-960x643.jpg\" alt=\"\" width=\"660\" height=\"442\" class=\"alignnone size-large wp-image-2079\" srcset=\"https:\/\/paca.lpo.fr\/blogs\/nice\/files\/2018\/02\/blog-cincle-960x643.jpg 960w, https:\/\/paca.lpo.fr\/blogs\/nice\/files\/2018\/02\/blog-cincle-480x321.jpg 480w, https:\/\/paca.lpo.fr\/blogs\/nice\/files\/2018\/02\/blog-cincle-768x514.jpg 768w, https:\/\/paca.lpo.fr\/blogs\/nice\/files\/2018\/02\/blog-cincle-700x469.jpg 700w, https:\/\/paca.lpo.fr\/blogs\/nice\/files\/2018\/02\/blog-cincle.jpg 989w\" sizes=\"auto, (max-width: 660px) 100vw, 660px\" \/><\/p>\n","protected":false},"excerpt":{"rendered":"<p>En 2018, le th\u00e8me choisi par le bureau de la convention de Ramsar est \u00ab\u00a0Les zones humides pour les villes de demain\u00a0\u00bb. Une sortie a \u00e9t\u00e9 organis\u00e9e ce dimanche 4 f\u00e9vrier sur les bords de la Roya et autour du Lac de Breil. Le soleil \u00e9tait au rendez-vous, ainsi que les oiseaux avec l&rsquo;observation de [&hellip;]<\/p>\n","protected":false},"author":15,"featured_media":2081,"comment_status":"open","ping_status":"open","sticky":false,"template":"","format":"standard","meta":{"footnotes":""},"categories":[1,77],"tags":[],"class_list":["post-2076","post","type-post","status-publish","format-standard","has-post-thumbnail","hentry","category-sorties-nature","category-grands-evenements"],"yoast_head":"<!-- This site is optimized with the Yoast SEO plugin v28.3 - https:\/\/yoast.com\/product\/yoast-seo-wordpress\/ -->\n<title>Journ\u00e9e Mondiale des Zones Humides dans les Alpes Maritimes - Groupe local Nice<\/title>\n<meta name=\"robots\" content=\"index, follow, max-snippet:-1, max-image-preview:large, max-video-preview:-1\" \/>\n<link rel=\"canonical\" href=\"https:\/\/paca.lpo.fr\/blogs\/nice\/2018\/02\/06\/journee-mondiale-des-zones-humides-dans-les-alpes-maritimes\/\" \/>\n<meta property=\"og:locale\" content=\"fr_FR\" \/>\n<meta property=\"og:type\" content=\"article\" \/>\n<meta property=\"og:title\" content=\"Journ\u00e9e Mondiale des Zones Humides dans les Alpes Maritimes - Groupe local Nice\" \/>\n<meta property=\"og:description\" content=\"En 2018, le th\u00e8me choisi par le bureau de la convention de Ramsar est \u00ab\u00a0Les zones humides pour les villes de demain\u00a0\u00bb. Une sortie a \u00e9t\u00e9 organis\u00e9e ce dimanche 4 f\u00e9vrier sur les bords de la Roya et autour du Lac de Breil. Le soleil \u00e9tait au rendez-vous, ainsi que les oiseaux avec l&rsquo;observation de [&hellip;]\" \/>\n<meta property=\"og:url\" content=\"https:\/\/paca.lpo.fr\/blogs\/nice\/2018\/02\/06\/journee-mondiale-des-zones-humides-dans-les-alpes-maritimes\/\" \/>\n<meta property=\"og:site_name\" content=\"Groupe local Nice\" \/>\n<meta property=\"article:published_time\" content=\"2018-02-06T12:49:37+00:00\" \/>\n<meta property=\"article:modified_time\" content=\"2018-02-14T17:16:51+00:00\" \/>\n<meta property=\"og:image\" content=\"https:\/\/paca.lpo.fr\/blogs\/nice\/files\/2018\/02\/blog-une-1.jpg\" \/>\n\t<meta property=\"og:image:width\" content=\"794\" \/>\n\t<meta property=\"og:image:height\" content=\"476\" \/>\n\t<meta property=\"og:image:type\" content=\"image\/jpeg\" \/>\n<meta name=\"author\" content=\"Groupe local Paillon-B\u00e9v\u00e9ra\" \/>\n<meta name=\"twitter:card\" content=\"summary_large_image\" \/>\n<meta name=\"twitter:label1\" content=\"\u00c9crit par\" \/>\n\t<meta name=\"twitter:data1\" content=\"Groupe local Paillon-B\u00e9v\u00e9ra\" \/>\n\t<meta name=\"twitter:label2\" content=\"Dur\u00e9e de lecture estim\u00e9e\" \/>\n\t<meta name=\"twitter:data2\" content=\"1 minute\" \/>\n<script type=\"application\/ld+json\" class=\"yoast-schema-graph\">{\"@context\":\"https:\\\/\\\/schema.org\",\"@graph\":[{\"@type\":\"Article\",\"@id\":\"https:\\\/\\\/paca.lpo.fr\\\/blogs\\\/nice\\\/2018\\\/02\\\/06\\\/journee-mondiale-des-zones-humides-dans-les-alpes-maritimes\\\/#article\",\"isPartOf\":{\"@id\":\"https:\\\/\\\/paca.lpo.fr\\\/blogs\\\/nice\\\/2018\\\/02\\\/06\\\/journee-mondiale-des-zones-humides-dans-les-alpes-maritimes\\\/\"},\"author\":{\"name\":\"Groupe local Paillon-B\u00e9v\u00e9ra\",\"@id\":\"https:\\\/\\\/paca.lpo.fr\\\/blogs\\\/nice\\\/#\\\/schema\\\/person\\\/1bda33335fb71e0b3552487db26a4c56\"},\"headline\":\"Journ\u00e9e Mondiale des Zones Humides dans les Alpes Maritimes\",\"datePublished\":\"2018-02-06T12:49:37+00:00\",\"dateModified\":\"2018-02-14T17:16:51+00:00\",\"mainEntityOfPage\":{\"@id\":\"https:\\\/\\\/paca.lpo.fr\\\/blogs\\\/nice\\\/2018\\\/02\\\/06\\\/journee-mondiale-des-zones-humides-dans-les-alpes-maritimes\\\/\"},\"wordCount\":171,\"commentCount\":0,\"publisher\":{\"@id\":\"https:\\\/\\\/paca.lpo.fr\\\/blogs\\\/nice\\\/#organization\"},\"image\":{\"@id\":\"https:\\\/\\\/paca.lpo.fr\\\/blogs\\\/nice\\\/2018\\\/02\\\/06\\\/journee-mondiale-des-zones-humides-dans-les-alpes-maritimes\\\/#primaryimage\"},\"thumbnailUrl\":\"https:\\\/\\\/paca.lpo.fr\\\/blogs\\\/nice\\\/files\\\/2018\\\/02\\\/blog-une-1.jpg\",\"articleSection\":[\"grands \u00e9v\u00e8nements\",\"Grands \u00e9v\u00e8nements\"],\"inLanguage\":\"fr-FR\",\"potentialAction\":[{\"@type\":\"CommentAction\",\"name\":\"Comment\",\"target\":[\"https:\\\/\\\/paca.lpo.fr\\\/blogs\\\/nice\\\/2018\\\/02\\\/06\\\/journee-mondiale-des-zones-humides-dans-les-alpes-maritimes\\\/#respond\"]}]},{\"@type\":\"WebPage\",\"@id\":\"https:\\\/\\\/paca.lpo.fr\\\/blogs\\\/nice\\\/2018\\\/02\\\/06\\\/journee-mondiale-des-zones-humides-dans-les-alpes-maritimes\\\/\",\"url\":\"https:\\\/\\\/paca.lpo.fr\\\/blogs\\\/nice\\\/2018\\\/02\\\/06\\\/journee-mondiale-des-zones-humides-dans-les-alpes-maritimes\\\/\",\"name\":\"Journ\u00e9e Mondiale des Zones Humides dans les Alpes Maritimes - Groupe local Nice\",\"isPartOf\":{\"@id\":\"https:\\\/\\\/paca.lpo.fr\\\/blogs\\\/nice\\\/#website\"},\"primaryImageOfPage\":{\"@id\":\"https:\\\/\\\/paca.lpo.fr\\\/blogs\\\/nice\\\/2018\\\/02\\\/06\\\/journee-mondiale-des-zones-humides-dans-les-alpes-maritimes\\\/#primaryimage\"},\"image\":{\"@id\":\"https:\\\/\\\/paca.lpo.fr\\\/blogs\\\/nice\\\/2018\\\/02\\\/06\\\/journee-mondiale-des-zones-humides-dans-les-alpes-maritimes\\\/#primaryimage\"},\"thumbnailUrl\":\"https:\\\/\\\/paca.lpo.fr\\\/blogs\\\/nice\\\/files\\\/2018\\\/02\\\/blog-une-1.jpg\",\"datePublished\":\"2018-02-06T12:49:37+00:00\",\"dateModified\":\"2018-02-14T17:16:51+00:00\",\"breadcrumb\":{\"@id\":\"https:\\\/\\\/paca.lpo.fr\\\/blogs\\\/nice\\\/2018\\\/02\\\/06\\\/journee-mondiale-des-zones-humides-dans-les-alpes-maritimes\\\/#breadcrumb\"},\"inLanguage\":\"fr-FR\",\"potentialAction\":[{\"@type\":\"ReadAction\",\"target\":[\"https:\\\/\\\/paca.lpo.fr\\\/blogs\\\/nice\\\/2018\\\/02\\\/06\\\/journee-mondiale-des-zones-humides-dans-les-alpes-maritimes\\\/\"]}]},{\"@type\":\"ImageObject\",\"inLanguage\":\"fr-FR\",\"@id\":\"https:\\\/\\\/paca.lpo.fr\\\/blogs\\\/nice\\\/2018\\\/02\\\/06\\\/journee-mondiale-des-zones-humides-dans-les-alpes-maritimes\\\/#primaryimage\",\"url\":\"https:\\\/\\\/paca.lpo.fr\\\/blogs\\\/nice\\\/files\\\/2018\\\/02\\\/blog-une-1.jpg\",\"contentUrl\":\"https:\\\/\\\/paca.lpo.fr\\\/blogs\\\/nice\\\/files\\\/2018\\\/02\\\/blog-une-1.jpg\",\"width\":794,\"height\":476,\"caption\":\"Le fleuve Roya traverse la ville\"},{\"@type\":\"BreadcrumbList\",\"@id\":\"https:\\\/\\\/paca.lpo.fr\\\/blogs\\\/nice\\\/2018\\\/02\\\/06\\\/journee-mondiale-des-zones-humides-dans-les-alpes-maritimes\\\/#breadcrumb\",\"itemListElement\":[{\"@type\":\"ListItem\",\"position\":1,\"name\":\"Accueil\",\"item\":\"https:\\\/\\\/paca.lpo.fr\\\/blogs\\\/nice\\\/\"},{\"@type\":\"ListItem\",\"position\":2,\"name\":\"Journ\u00e9e Mondiale des Zones Humides dans les Alpes Maritimes\"}]},{\"@type\":\"WebSite\",\"@id\":\"https:\\\/\\\/paca.lpo.fr\\\/blogs\\\/nice\\\/#website\",\"url\":\"https:\\\/\\\/paca.lpo.fr\\\/blogs\\\/nice\\\/\",\"name\":\"Groupe local Nice\",\"description\":\"Groupe local Nice\",\"publisher\":{\"@id\":\"https:\\\/\\\/paca.lpo.fr\\\/blogs\\\/nice\\\/#organization\"},\"potentialAction\":[{\"@type\":\"SearchAction\",\"target\":{\"@type\":\"EntryPoint\",\"urlTemplate\":\"https:\\\/\\\/paca.lpo.fr\\\/blogs\\\/nice\\\/?s={search_term_string}\"},\"query-input\":{\"@type\":\"PropertyValueSpecification\",\"valueRequired\":true,\"valueName\":\"search_term_string\"}}],\"inLanguage\":\"fr-FR\"},{\"@type\":\"Organization\",\"@id\":\"https:\\\/\\\/paca.lpo.fr\\\/blogs\\\/nice\\\/#organization\",\"name\":\"Groupe local Nice\",\"url\":\"https:\\\/\\\/paca.lpo.fr\\\/blogs\\\/nice\\\/\",\"logo\":{\"@type\":\"ImageObject\",\"inLanguage\":\"fr-FR\",\"@id\":\"https:\\\/\\\/paca.lpo.fr\\\/blogs\\\/nice\\\/#\\\/schema\\\/logo\\\/image\\\/\",\"url\":\"https:\\\/\\\/paca.lpo.fr\\\/blogs\\\/nice\\\/files\\\/2024\\\/01\\\/cropped-rvb-lpo-paca-logotype-signature-droite-mini-500.jpg\",\"contentUrl\":\"https:\\\/\\\/paca.lpo.fr\\\/blogs\\\/nice\\\/files\\\/2024\\\/01\\\/cropped-rvb-lpo-paca-logotype-signature-droite-mini-500.jpg\",\"width\":500,\"height\":210,\"caption\":\"Groupe local Nice\"},\"image\":{\"@id\":\"https:\\\/\\\/paca.lpo.fr\\\/blogs\\\/nice\\\/#\\\/schema\\\/logo\\\/image\\\/\"}},{\"@type\":\"Person\",\"@id\":\"https:\\\/\\\/paca.lpo.fr\\\/blogs\\\/nice\\\/#\\\/schema\\\/person\\\/1bda33335fb71e0b3552487db26a4c56\",\"name\":\"Groupe local Paillon-B\u00e9v\u00e9ra\",\"image\":{\"@type\":\"ImageObject\",\"inLanguage\":\"fr-FR\",\"@id\":\"https:\\\/\\\/secure.gravatar.com\\\/avatar\\\/b1ee285506e2cb880ec988990d360e255aecb31c77212741dace1023623610c2?s=96&d=mm&r=g\",\"url\":\"https:\\\/\\\/secure.gravatar.com\\\/avatar\\\/b1ee285506e2cb880ec988990d360e255aecb31c77212741dace1023623610c2?s=96&d=mm&r=g\",\"contentUrl\":\"https:\\\/\\\/secure.gravatar.com\\\/avatar\\\/b1ee285506e2cb880ec988990d360e255aecb31c77212741dace1023623610c2?s=96&d=mm&r=g\",\"caption\":\"Groupe local Paillon-B\u00e9v\u00e9ra\"},\"url\":\"https:\\\/\\\/paca.lpo.fr\\\/blogs\\\/nice\\\/author\\\/alpesmaritimesest\\\/\"}]}<\/script>\n<!-- \/ Yoast SEO plugin. -->","yoast_head_json":{"title":"Journ\u00e9e Mondiale des Zones Humides dans les Alpes Maritimes - Groupe local Nice","robots":{"index":"index","follow":"follow","max-snippet":"max-snippet:-1","max-image-preview":"max-image-preview:large","max-video-preview":"max-video-preview:-1"},"canonical":"https:\/\/paca.lpo.fr\/blogs\/nice\/2018\/02\/06\/journee-mondiale-des-zones-humides-dans-les-alpes-maritimes\/","og_locale":"fr_FR","og_type":"article","og_title":"Journ\u00e9e Mondiale des Zones Humides dans les Alpes Maritimes - Groupe local Nice","og_description":"En 2018, le th\u00e8me choisi par le bureau de la convention de Ramsar est \u00ab\u00a0Les zones humides pour les villes de demain\u00a0\u00bb. Une sortie a \u00e9t\u00e9 organis\u00e9e ce dimanche 4 f\u00e9vrier sur les bords de la Roya et autour du Lac de Breil. Le soleil \u00e9tait au rendez-vous, ainsi que les oiseaux avec l&rsquo;observation de [&hellip;]","og_url":"https:\/\/paca.lpo.fr\/blogs\/nice\/2018\/02\/06\/journee-mondiale-des-zones-humides-dans-les-alpes-maritimes\/","og_site_name":"Groupe local Nice","article_published_time":"2018-02-06T12:49:37+00:00","article_modified_time":"2018-02-14T17:16:51+00:00","og_image":[{"width":794,"height":476,"url":"https:\/\/paca.lpo.fr\/blogs\/nice\/files\/2018\/02\/blog-une-1.jpg","type":"image\/jpeg"}],"author":"Groupe local Paillon-B\u00e9v\u00e9ra","twitter_card":"summary_large_image","twitter_misc":{"\u00c9crit par":"Groupe local Paillon-B\u00e9v\u00e9ra","Dur\u00e9e de lecture estim\u00e9e":"1 minute"},"schema":{"@context":"https:\/\/schema.org","@graph":[{"@type":"Article","@id":"https:\/\/paca.lpo.fr\/blogs\/nice\/2018\/02\/06\/journee-mondiale-des-zones-humides-dans-les-alpes-maritimes\/#article","isPartOf":{"@id":"https:\/\/paca.lpo.fr\/blogs\/nice\/2018\/02\/06\/journee-mondiale-des-zones-humides-dans-les-alpes-maritimes\/"},"author":{"name":"Groupe local Paillon-B\u00e9v\u00e9ra","@id":"https:\/\/paca.lpo.fr\/blogs\/nice\/#\/schema\/person\/1bda33335fb71e0b3552487db26a4c56"},"headline":"Journ\u00e9e Mondiale des Zones Humides dans les Alpes Maritimes","datePublished":"2018-02-06T12:49:37+00:00","dateModified":"2018-02-14T17:16:51+00:00","mainEntityOfPage":{"@id":"https:\/\/paca.lpo.fr\/blogs\/nice\/2018\/02\/06\/journee-mondiale-des-zones-humides-dans-les-alpes-maritimes\/"},"wordCount":171,"commentCount":0,"publisher":{"@id":"https:\/\/paca.lpo.fr\/blogs\/nice\/#organization"},"image":{"@id":"https:\/\/paca.lpo.fr\/blogs\/nice\/2018\/02\/06\/journee-mondiale-des-zones-humides-dans-les-alpes-maritimes\/#primaryimage"},"thumbnailUrl":"https:\/\/paca.lpo.fr\/blogs\/nice\/files\/2018\/02\/blog-une-1.jpg","articleSection":["grands \u00e9v\u00e8nements","Grands \u00e9v\u00e8nements"],"inLanguage":"fr-FR","potentialAction":[{"@type":"CommentAction","name":"Comment","target":["https:\/\/paca.lpo.fr\/blogs\/nice\/2018\/02\/06\/journee-mondiale-des-zones-humides-dans-les-alpes-maritimes\/#respond"]}]},{"@type":"WebPage","@id":"https:\/\/paca.lpo.fr\/blogs\/nice\/2018\/02\/06\/journee-mondiale-des-zones-humides-dans-les-alpes-maritimes\/","url":"https:\/\/paca.lpo.fr\/blogs\/nice\/2018\/02\/06\/journee-mondiale-des-zones-humides-dans-les-alpes-maritimes\/","name":"Journ\u00e9e Mondiale des Zones Humides dans les Alpes Maritimes - Groupe local Nice","isPartOf":{"@id":"https:\/\/paca.lpo.fr\/blogs\/nice\/#website"},"primaryImageOfPage":{"@id":"https:\/\/paca.lpo.fr\/blogs\/nice\/2018\/02\/06\/journee-mondiale-des-zones-humides-dans-les-alpes-maritimes\/#primaryimage"},"image":{"@id":"https:\/\/paca.lpo.fr\/blogs\/nice\/2018\/02\/06\/journee-mondiale-des-zones-humides-dans-les-alpes-maritimes\/#primaryimage"},"thumbnailUrl":"https:\/\/paca.lpo.fr\/blogs\/nice\/files\/2018\/02\/blog-une-1.jpg","datePublished":"2018-02-06T12:49:37+00:00","dateModified":"2018-02-14T17:16:51+00:00","breadcrumb":{"@id":"https:\/\/paca.lpo.fr\/blogs\/nice\/2018\/02\/06\/journee-mondiale-des-zones-humides-dans-les-alpes-maritimes\/#breadcrumb"},"inLanguage":"fr-FR","potentialAction":[{"@type":"ReadAction","target":["https:\/\/paca.lpo.fr\/blogs\/nice\/2018\/02\/06\/journee-mondiale-des-zones-humides-dans-les-alpes-maritimes\/"]}]},{"@type":"ImageObject","inLanguage":"fr-FR","@id":"https:\/\/paca.lpo.fr\/blogs\/nice\/2018\/02\/06\/journee-mondiale-des-zones-humides-dans-les-alpes-maritimes\/#primaryimage","url":"https:\/\/paca.lpo.fr\/blogs\/nice\/files\/2018\/02\/blog-une-1.jpg","contentUrl":"https:\/\/paca.lpo.fr\/blogs\/nice\/files\/2018\/02\/blog-une-1.jpg","width":794,"height":476,"caption":"Le fleuve Roya traverse la ville"},{"@type":"BreadcrumbList","@id":"https:\/\/paca.lpo.fr\/blogs\/nice\/2018\/02\/06\/journee-mondiale-des-zones-humides-dans-les-alpes-maritimes\/#breadcrumb","itemListElement":[{"@type":"ListItem","position":1,"name":"Accueil","item":"https:\/\/paca.lpo.fr\/blogs\/nice\/"},{"@type":"ListItem","position":2,"name":"Journ\u00e9e Mondiale des Zones Humides dans les Alpes Maritimes"}]},{"@type":"WebSite","@id":"https:\/\/paca.lpo.fr\/blogs\/nice\/#website","url":"https:\/\/paca.lpo.fr\/blogs\/nice\/","name":"Groupe local Nice","description":"Groupe local Nice","publisher":{"@id":"https:\/\/paca.lpo.fr\/blogs\/nice\/#organization"},"potentialAction":[{"@type":"SearchAction","target":{"@type":"EntryPoint","urlTemplate":"https:\/\/paca.lpo.fr\/blogs\/nice\/?s={search_term_string}"},"query-input":{"@type":"PropertyValueSpecification","valueRequired":true,"valueName":"search_term_string"}}],"inLanguage":"fr-FR"},{"@type":"Organization","@id":"https:\/\/paca.lpo.fr\/blogs\/nice\/#organization","name":"Groupe local Nice","url":"https:\/\/paca.lpo.fr\/blogs\/nice\/","logo":{"@type":"ImageObject","inLanguage":"fr-FR","@id":"https:\/\/paca.lpo.fr\/blogs\/nice\/#\/schema\/logo\/image\/","url":"https:\/\/paca.lpo.fr\/blogs\/nice\/files\/2024\/01\/cropped-rvb-lpo-paca-logotype-signature-droite-mini-500.jpg","contentUrl":"https:\/\/paca.lpo.fr\/blogs\/nice\/files\/2024\/01\/cropped-rvb-lpo-paca-logotype-signature-droite-mini-500.jpg","width":500,"height":210,"caption":"Groupe local Nice"},"image":{"@id":"https:\/\/paca.lpo.fr\/blogs\/nice\/#\/schema\/logo\/image\/"}},{"@type":"Person","@id":"https:\/\/paca.lpo.fr\/blogs\/nice\/#\/schema\/person\/1bda33335fb71e0b3552487db26a4c56","name":"Groupe local Paillon-B\u00e9v\u00e9ra","image":{"@type":"ImageObject","inLanguage":"fr-FR","@id":"https:\/\/secure.gravatar.com\/avatar\/b1ee285506e2cb880ec988990d360e255aecb31c77212741dace1023623610c2?s=96&d=mm&r=g","url":"https:\/\/secure.gravatar.com\/avatar\/b1ee285506e2cb880ec988990d360e255aecb31c77212741dace1023623610c2?s=96&d=mm&r=g","contentUrl":"https:\/\/secure.gravatar.com\/avatar\/b1ee285506e2cb880ec988990d360e255aecb31c77212741dace1023623610c2?s=96&d=mm&r=g","caption":"Groupe local Paillon-B\u00e9v\u00e9ra"},"url":"https:\/\/paca.lpo.fr\/blogs\/nice\/author\/alpesmaritimesest\/"}]}},"jetpack_featured_media_url":"https:\/\/paca.lpo.fr\/blogs\/nice\/files\/2018\/02\/blog-une-1.jpg","_links":{"self":[{"href":"https:\/\/paca.lpo.fr\/blogs\/nice\/wp-json\/wp\/v2\/posts\/2076","targetHints":{"allow":["GET"]}}],"collection":[{"href":"https:\/\/paca.lpo.fr\/blogs\/nice\/wp-json\/wp\/v2\/posts"}],"about":[{"href":"https:\/\/paca.lpo.fr\/blogs\/nice\/wp-json\/wp\/v2\/types\/post"}],"author":[{"embeddable":true,"href":"https:\/\/paca.lpo.fr\/blogs\/nice\/wp-json\/wp\/v2\/users\/15"}],"replies":[{"embeddable":true,"href":"https:\/\/paca.lpo.fr\/blogs\/nice\/wp-json\/wp\/v2\/comments?post=2076"}],"version-history":[{"count":2,"href":"https:\/\/paca.lpo.fr\/blogs\/nice\/wp-json\/wp\/v2\/posts\/2076\/revisions"}],"predecessor-version":[{"id":2088,"href":"https:\/\/paca.lpo.fr\/blogs\/nice\/wp-json\/wp\/v2\/posts\/2076\/revisions\/2088"}],"wp:featuredmedia":[{"embeddable":true,"href":"https:\/\/paca.lpo.fr\/blogs\/nice\/wp-json\/wp\/v2\/media\/2081"}],"wp:attachment":[{"href":"https:\/\/paca.lpo.fr\/blogs\/nice\/wp-json\/wp\/v2\/media?parent=2076"}],"wp:term":[{"taxonomy":"category","embeddable":true,"href":"https:\/\/paca.lpo.fr\/blogs\/nice\/wp-json\/wp\/v2\/categories?post=2076"},{"taxonomy":"post_tag","embeddable":true,"href":"https:\/\/paca.lpo.fr\/blogs\/nice\/wp-json\/wp\/v2\/tags?post=2076"}],"curies":[{"name":"wp","href":"https:\/\/api.w.org\/{rel}","templated":true}]}}