{"id":2083,"date":"2018-02-13T18:26:09","date_gmt":"2018-02-13T17:26:09","guid":{"rendered":"https:\/\/paca.lpo.fr\/blogs\/nice\/?p=2083"},"modified":"2018-02-13T18:26:09","modified_gmt":"2018-02-13T17:26:09","slug":"animations-a-loccasion-du-lancement-du-projet-stade-du-ray","status":"publish","type":"post","link":"https:\/\/paca.lpo.fr\/blogs\/nice\/2018\/02\/13\/animations-a-loccasion-du-lancement-du-projet-stade-du-ray\/","title":{"rendered":"Animations \u00e0 l&rsquo;occasion du lancement du projet Stade du Ray"},"content":{"rendered":"<p>Les vendredi 9 et samedi 10 f\u00e9vrier les b\u00e9n\u00e9voles du groupe et notre animatrice 06 ont particip\u00e9 \u00e0 une animation biodiversit\u00e9 ludo-\u00e9ducative pour le lancement commercial de l\u2019op\u00e9ration immobili\u00e8re qui sera implant\u00e9e sur l\u2019emplacement du Stade du Ray. Une occasion de sensibiliser le public \u00e0 la biodiversit\u00e9, et d\u2019expliquer notre collaboration avec la ville de Nice pour le \u00ab relogement \u00bb des hirondelles, martinets et molosses de cestoni qui nichaient sur l\u2019ancien b\u00e2timent. D\u2019autres associations locales, club de judo, escrime, l\u2019\u00e9cole Gorbella, \u00e9taient \u00e9galement pr\u00e9sentes.<br \/>\n <figure id=\"attachment_2084\" aria-describedby=\"caption-attachment-2084\" style=\"width: 660px\" class=\"wp-caption alignnone\"><img loading=\"lazy\" decoding=\"async\" src=\"https:\/\/paca.lpo.fr\/blogs\/nice\/files\/2018\/02\/img-20180209-160331-copie-960x715.jpg\" alt=\"\" width=\"660\" height=\"492\" class=\"size-large wp-image-2084\" srcset=\"https:\/\/paca.lpo.fr\/blogs\/nice\/files\/2018\/02\/img-20180209-160331-copie-960x715.jpg 960w, https:\/\/paca.lpo.fr\/blogs\/nice\/files\/2018\/02\/img-20180209-160331-copie-480x357.jpg 480w, https:\/\/paca.lpo.fr\/blogs\/nice\/files\/2018\/02\/img-20180209-160331-copie-768x572.jpg 768w, https:\/\/paca.lpo.fr\/blogs\/nice\/files\/2018\/02\/img-20180209-160331-copie-700x521.jpg 700w, https:\/\/paca.lpo.fr\/blogs\/nice\/files\/2018\/02\/img-20180209-160331-copie.jpg 970w\" sizes=\"auto, (max-width: 660px) 100vw, 660px\" \/><figcaption id=\"caption-attachment-2084\" class=\"wp-caption-text\">dav<\/figcaption><\/figure><\/p>\n<figure id=\"attachment_2085\" aria-describedby=\"caption-attachment-2085\" style=\"width: 660px\" class=\"wp-caption alignnone\"><img loading=\"lazy\" decoding=\"async\" src=\"https:\/\/paca.lpo.fr\/blogs\/nice\/files\/2018\/02\/img-20180209-181025-copie-960x720.jpg\" alt=\"\" width=\"660\" height=\"495\" class=\"size-large wp-image-2085\" srcset=\"https:\/\/paca.lpo.fr\/blogs\/nice\/files\/2018\/02\/img-20180209-181025-copie-960x720.jpg 960w, https:\/\/paca.lpo.fr\/blogs\/nice\/files\/2018\/02\/img-20180209-181025-copie-480x360.jpg 480w, https:\/\/paca.lpo.fr\/blogs\/nice\/files\/2018\/02\/img-20180209-181025-copie-768x576.jpg 768w, https:\/\/paca.lpo.fr\/blogs\/nice\/files\/2018\/02\/img-20180209-181025-copie-700x525.jpg 700w, https:\/\/paca.lpo.fr\/blogs\/nice\/files\/2018\/02\/img-20180209-181025-copie.jpg 998w\" sizes=\"auto, (max-width: 660px) 100vw, 660px\" \/><figcaption id=\"caption-attachment-2085\" class=\"wp-caption-text\">mde<\/figcaption><\/figure>\n<p><img loading=\"lazy\" decoding=\"async\" src=\"https:\/\/paca.lpo.fr\/blogs\/nice\/files\/2018\/02\/dscf4554-copie.jpg\" alt=\"\" width=\"660\" height=\"505\" class=\"alignnone size-large wp-image-2086\" srcset=\"https:\/\/paca.lpo.fr\/blogs\/nice\/files\/2018\/02\/dscf4554-copie.jpg 914w, https:\/\/paca.lpo.fr\/blogs\/nice\/files\/2018\/02\/dscf4554-copie-480x368.jpg 480w, https:\/\/paca.lpo.fr\/blogs\/nice\/files\/2018\/02\/dscf4554-copie-768x588.jpg 768w, https:\/\/paca.lpo.fr\/blogs\/nice\/files\/2018\/02\/dscf4554-copie-700x536.jpg 700w\" sizes=\"auto, (max-width: 660px) 100vw, 660px\" \/><\/p>\n","protected":false},"excerpt":{"rendered":"<p>Les vendredi 9 et samedi 10 f\u00e9vrier les b\u00e9n\u00e9voles du groupe et notre animatrice 06 ont particip\u00e9 \u00e0 une animation biodiversit\u00e9 ludo-\u00e9ducative pour le lancement commercial de l\u2019op\u00e9ration immobili\u00e8re qui sera implant\u00e9e sur l\u2019emplacement du Stade du Ray. Une occasion de sensibiliser le public \u00e0 la biodiversit\u00e9, et d\u2019expliquer notre collaboration avec la ville de [&hellip;]<\/p>\n","protected":false},"author":15,"featured_media":0,"comment_status":"open","ping_status":"open","sticky":false,"template":"","format":"standard","meta":{"footnotes":""},"categories":[3],"tags":[],"class_list":["post-2083","post","type-post","status-publish","format-standard","hentry","category-vie-groupe"],"yoast_head":"<!-- This site is optimized with the Yoast SEO plugin v28.3 - https:\/\/yoast.com\/product\/yoast-seo-wordpress\/ -->\n<title>Animations \u00e0 l&#039;occasion du lancement du projet Stade du Ray - Groupe local Nice<\/title>\n<meta name=\"robots\" content=\"index, follow, max-snippet:-1, max-image-preview:large, max-video-preview:-1\" \/>\n<link rel=\"canonical\" href=\"https:\/\/paca.lpo.fr\/blogs\/nice\/2018\/02\/13\/animations-a-loccasion-du-lancement-du-projet-stade-du-ray\/\" \/>\n<meta property=\"og:locale\" content=\"fr_FR\" \/>\n<meta property=\"og:type\" content=\"article\" \/>\n<meta property=\"og:title\" content=\"Animations \u00e0 l&#039;occasion du lancement du projet Stade du Ray - Groupe local Nice\" \/>\n<meta property=\"og:description\" content=\"Les vendredi 9 et samedi 10 f\u00e9vrier les b\u00e9n\u00e9voles du groupe et notre animatrice 06 ont particip\u00e9 \u00e0 une animation biodiversit\u00e9 ludo-\u00e9ducative pour le lancement commercial de l\u2019op\u00e9ration immobili\u00e8re qui sera implant\u00e9e sur l\u2019emplacement du Stade du Ray. Une occasion de sensibiliser le public \u00e0 la biodiversit\u00e9, et d\u2019expliquer notre collaboration avec la ville de [&hellip;]\" \/>\n<meta property=\"og:url\" content=\"https:\/\/paca.lpo.fr\/blogs\/nice\/2018\/02\/13\/animations-a-loccasion-du-lancement-du-projet-stade-du-ray\/\" \/>\n<meta property=\"og:site_name\" content=\"Groupe local Nice\" \/>\n<meta property=\"article:published_time\" content=\"2018-02-13T17:26:09+00:00\" \/>\n<meta property=\"og:image\" content=\"https:\/\/paca.lpo.fr\/blogs\/nice\/files\/2018\/02\/img-20180209-160331-copie-960x715.jpg\" \/>\n<meta name=\"author\" content=\"Groupe local Paillon-B\u00e9v\u00e9ra\" \/>\n<meta name=\"twitter:card\" content=\"summary_large_image\" \/>\n<meta name=\"twitter:label1\" content=\"\u00c9crit par\" \/>\n\t<meta name=\"twitter:data1\" content=\"Groupe local Paillon-B\u00e9v\u00e9ra\" \/>\n\t<meta name=\"twitter:label2\" content=\"Dur\u00e9e de lecture estim\u00e9e\" \/>\n\t<meta name=\"twitter:data2\" content=\"1 minute\" \/>\n<script type=\"application\/ld+json\" class=\"yoast-schema-graph\">{\"@context\":\"https:\\\/\\\/schema.org\",\"@graph\":[{\"@type\":\"Article\",\"@id\":\"https:\\\/\\\/paca.lpo.fr\\\/blogs\\\/nice\\\/2018\\\/02\\\/13\\\/animations-a-loccasion-du-lancement-du-projet-stade-du-ray\\\/#article\",\"isPartOf\":{\"@id\":\"https:\\\/\\\/paca.lpo.fr\\\/blogs\\\/nice\\\/2018\\\/02\\\/13\\\/animations-a-loccasion-du-lancement-du-projet-stade-du-ray\\\/\"},\"author\":{\"name\":\"Groupe local Paillon-B\u00e9v\u00e9ra\",\"@id\":\"https:\\\/\\\/paca.lpo.fr\\\/blogs\\\/nice\\\/#\\\/schema\\\/person\\\/1bda33335fb71e0b3552487db26a4c56\"},\"headline\":\"Animations \u00e0 l&rsquo;occasion du lancement du projet Stade du Ray\",\"datePublished\":\"2018-02-13T17:26:09+00:00\",\"mainEntityOfPage\":{\"@id\":\"https:\\\/\\\/paca.lpo.fr\\\/blogs\\\/nice\\\/2018\\\/02\\\/13\\\/animations-a-loccasion-du-lancement-du-projet-stade-du-ray\\\/\"},\"wordCount\":119,\"commentCount\":0,\"publisher\":{\"@id\":\"https:\\\/\\\/paca.lpo.fr\\\/blogs\\\/nice\\\/#organization\"},\"image\":{\"@id\":\"https:\\\/\\\/paca.lpo.fr\\\/blogs\\\/nice\\\/2018\\\/02\\\/13\\\/animations-a-loccasion-du-lancement-du-projet-stade-du-ray\\\/#primaryimage\"},\"thumbnailUrl\":\"https:\\\/\\\/paca.lpo.fr\\\/blogs\\\/nice\\\/files\\\/2018\\\/02\\\/img-20180209-160331-copie-960x715.jpg\",\"articleSection\":[\"Vie du groupe\"],\"inLanguage\":\"fr-FR\",\"potentialAction\":[{\"@type\":\"CommentAction\",\"name\":\"Comment\",\"target\":[\"https:\\\/\\\/paca.lpo.fr\\\/blogs\\\/nice\\\/2018\\\/02\\\/13\\\/animations-a-loccasion-du-lancement-du-projet-stade-du-ray\\\/#respond\"]}]},{\"@type\":\"WebPage\",\"@id\":\"https:\\\/\\\/paca.lpo.fr\\\/blogs\\\/nice\\\/2018\\\/02\\\/13\\\/animations-a-loccasion-du-lancement-du-projet-stade-du-ray\\\/\",\"url\":\"https:\\\/\\\/paca.lpo.fr\\\/blogs\\\/nice\\\/2018\\\/02\\\/13\\\/animations-a-loccasion-du-lancement-du-projet-stade-du-ray\\\/\",\"name\":\"Animations \u00e0 l'occasion du lancement du projet Stade du Ray - Groupe local Nice\",\"isPartOf\":{\"@id\":\"https:\\\/\\\/paca.lpo.fr\\\/blogs\\\/nice\\\/#website\"},\"primaryImageOfPage\":{\"@id\":\"https:\\\/\\\/paca.lpo.fr\\\/blogs\\\/nice\\\/2018\\\/02\\\/13\\\/animations-a-loccasion-du-lancement-du-projet-stade-du-ray\\\/#primaryimage\"},\"image\":{\"@id\":\"https:\\\/\\\/paca.lpo.fr\\\/blogs\\\/nice\\\/2018\\\/02\\\/13\\\/animations-a-loccasion-du-lancement-du-projet-stade-du-ray\\\/#primaryimage\"},\"thumbnailUrl\":\"https:\\\/\\\/paca.lpo.fr\\\/blogs\\\/nice\\\/files\\\/2018\\\/02\\\/img-20180209-160331-copie-960x715.jpg\",\"datePublished\":\"2018-02-13T17:26:09+00:00\",\"breadcrumb\":{\"@id\":\"https:\\\/\\\/paca.lpo.fr\\\/blogs\\\/nice\\\/2018\\\/02\\\/13\\\/animations-a-loccasion-du-lancement-du-projet-stade-du-ray\\\/#breadcrumb\"},\"inLanguage\":\"fr-FR\",\"potentialAction\":[{\"@type\":\"ReadAction\",\"target\":[\"https:\\\/\\\/paca.lpo.fr\\\/blogs\\\/nice\\\/2018\\\/02\\\/13\\\/animations-a-loccasion-du-lancement-du-projet-stade-du-ray\\\/\"]}]},{\"@type\":\"ImageObject\",\"inLanguage\":\"fr-FR\",\"@id\":\"https:\\\/\\\/paca.lpo.fr\\\/blogs\\\/nice\\\/2018\\\/02\\\/13\\\/animations-a-loccasion-du-lancement-du-projet-stade-du-ray\\\/#primaryimage\",\"url\":\"https:\\\/\\\/paca.lpo.fr\\\/blogs\\\/nice\\\/files\\\/2018\\\/02\\\/img-20180209-160331-copie.jpg\",\"contentUrl\":\"https:\\\/\\\/paca.lpo.fr\\\/blogs\\\/nice\\\/files\\\/2018\\\/02\\\/img-20180209-160331-copie.jpg\",\"width\":970,\"height\":722,\"caption\":\"dav\"},{\"@type\":\"BreadcrumbList\",\"@id\":\"https:\\\/\\\/paca.lpo.fr\\\/blogs\\\/nice\\\/2018\\\/02\\\/13\\\/animations-a-loccasion-du-lancement-du-projet-stade-du-ray\\\/#breadcrumb\",\"itemListElement\":[{\"@type\":\"ListItem\",\"position\":1,\"name\":\"Accueil\",\"item\":\"https:\\\/\\\/paca.lpo.fr\\\/blogs\\\/nice\\\/\"},{\"@type\":\"ListItem\",\"position\":2,\"name\":\"Animations \u00e0 l&rsquo;occasion du lancement du projet Stade du Ray\"}]},{\"@type\":\"WebSite\",\"@id\":\"https:\\\/\\\/paca.lpo.fr\\\/blogs\\\/nice\\\/#website\",\"url\":\"https:\\\/\\\/paca.lpo.fr\\\/blogs\\\/nice\\\/\",\"name\":\"Groupe local Nice\",\"description\":\"Groupe local Nice\",\"publisher\":{\"@id\":\"https:\\\/\\\/paca.lpo.fr\\\/blogs\\\/nice\\\/#organization\"},\"potentialAction\":[{\"@type\":\"SearchAction\",\"target\":{\"@type\":\"EntryPoint\",\"urlTemplate\":\"https:\\\/\\\/paca.lpo.fr\\\/blogs\\\/nice\\\/?s={search_term_string}\"},\"query-input\":{\"@type\":\"PropertyValueSpecification\",\"valueRequired\":true,\"valueName\":\"search_term_string\"}}],\"inLanguage\":\"fr-FR\"},{\"@type\":\"Organization\",\"@id\":\"https:\\\/\\\/paca.lpo.fr\\\/blogs\\\/nice\\\/#organization\",\"name\":\"Groupe local Nice\",\"url\":\"https:\\\/\\\/paca.lpo.fr\\\/blogs\\\/nice\\\/\",\"logo\":{\"@type\":\"ImageObject\",\"inLanguage\":\"fr-FR\",\"@id\":\"https:\\\/\\\/paca.lpo.fr\\\/blogs\\\/nice\\\/#\\\/schema\\\/logo\\\/image\\\/\",\"url\":\"https:\\\/\\\/paca.lpo.fr\\\/blogs\\\/nice\\\/files\\\/2024\\\/01\\\/cropped-rvb-lpo-paca-logotype-signature-droite-mini-500.jpg\",\"contentUrl\":\"https:\\\/\\\/paca.lpo.fr\\\/blogs\\\/nice\\\/files\\\/2024\\\/01\\\/cropped-rvb-lpo-paca-logotype-signature-droite-mini-500.jpg\",\"width\":500,\"height\":210,\"caption\":\"Groupe local Nice\"},\"image\":{\"@id\":\"https:\\\/\\\/paca.lpo.fr\\\/blogs\\\/nice\\\/#\\\/schema\\\/logo\\\/image\\\/\"}},{\"@type\":\"Person\",\"@id\":\"https:\\\/\\\/paca.lpo.fr\\\/blogs\\\/nice\\\/#\\\/schema\\\/person\\\/1bda33335fb71e0b3552487db26a4c56\",\"name\":\"Groupe local Paillon-B\u00e9v\u00e9ra\",\"image\":{\"@type\":\"ImageObject\",\"inLanguage\":\"fr-FR\",\"@id\":\"https:\\\/\\\/secure.gravatar.com\\\/avatar\\\/b1ee285506e2cb880ec988990d360e255aecb31c77212741dace1023623610c2?s=96&d=mm&r=g\",\"url\":\"https:\\\/\\\/secure.gravatar.com\\\/avatar\\\/b1ee285506e2cb880ec988990d360e255aecb31c77212741dace1023623610c2?s=96&d=mm&r=g\",\"contentUrl\":\"https:\\\/\\\/secure.gravatar.com\\\/avatar\\\/b1ee285506e2cb880ec988990d360e255aecb31c77212741dace1023623610c2?s=96&d=mm&r=g\",\"caption\":\"Groupe local Paillon-B\u00e9v\u00e9ra\"},\"url\":\"https:\\\/\\\/paca.lpo.fr\\\/blogs\\\/nice\\\/author\\\/alpesmaritimesest\\\/\"}]}<\/script>\n<!-- \/ Yoast SEO plugin. -->","yoast_head_json":{"title":"Animations \u00e0 l'occasion du lancement du projet Stade du Ray - Groupe local Nice","robots":{"index":"index","follow":"follow","max-snippet":"max-snippet:-1","max-image-preview":"max-image-preview:large","max-video-preview":"max-video-preview:-1"},"canonical":"https:\/\/paca.lpo.fr\/blogs\/nice\/2018\/02\/13\/animations-a-loccasion-du-lancement-du-projet-stade-du-ray\/","og_locale":"fr_FR","og_type":"article","og_title":"Animations \u00e0 l'occasion du lancement du projet Stade du Ray - Groupe local Nice","og_description":"Les vendredi 9 et samedi 10 f\u00e9vrier les b\u00e9n\u00e9voles du groupe et notre animatrice 06 ont particip\u00e9 \u00e0 une animation biodiversit\u00e9 ludo-\u00e9ducative pour le lancement commercial de l\u2019op\u00e9ration immobili\u00e8re qui sera implant\u00e9e sur l\u2019emplacement du Stade du Ray. Une occasion de sensibiliser le public \u00e0 la biodiversit\u00e9, et d\u2019expliquer notre collaboration avec la ville de [&hellip;]","og_url":"https:\/\/paca.lpo.fr\/blogs\/nice\/2018\/02\/13\/animations-a-loccasion-du-lancement-du-projet-stade-du-ray\/","og_site_name":"Groupe local Nice","article_published_time":"2018-02-13T17:26:09+00:00","og_image":[{"url":"https:\/\/paca.lpo.fr\/blogs\/nice\/files\/2018\/02\/img-20180209-160331-copie-960x715.jpg","type":"","width":"","height":""}],"author":"Groupe local Paillon-B\u00e9v\u00e9ra","twitter_card":"summary_large_image","twitter_misc":{"\u00c9crit par":"Groupe local Paillon-B\u00e9v\u00e9ra","Dur\u00e9e de lecture estim\u00e9e":"1 minute"},"schema":{"@context":"https:\/\/schema.org","@graph":[{"@type":"Article","@id":"https:\/\/paca.lpo.fr\/blogs\/nice\/2018\/02\/13\/animations-a-loccasion-du-lancement-du-projet-stade-du-ray\/#article","isPartOf":{"@id":"https:\/\/paca.lpo.fr\/blogs\/nice\/2018\/02\/13\/animations-a-loccasion-du-lancement-du-projet-stade-du-ray\/"},"author":{"name":"Groupe local Paillon-B\u00e9v\u00e9ra","@id":"https:\/\/paca.lpo.fr\/blogs\/nice\/#\/schema\/person\/1bda33335fb71e0b3552487db26a4c56"},"headline":"Animations \u00e0 l&rsquo;occasion du lancement du projet Stade du Ray","datePublished":"2018-02-13T17:26:09+00:00","mainEntityOfPage":{"@id":"https:\/\/paca.lpo.fr\/blogs\/nice\/2018\/02\/13\/animations-a-loccasion-du-lancement-du-projet-stade-du-ray\/"},"wordCount":119,"commentCount":0,"publisher":{"@id":"https:\/\/paca.lpo.fr\/blogs\/nice\/#organization"},"image":{"@id":"https:\/\/paca.lpo.fr\/blogs\/nice\/2018\/02\/13\/animations-a-loccasion-du-lancement-du-projet-stade-du-ray\/#primaryimage"},"thumbnailUrl":"https:\/\/paca.lpo.fr\/blogs\/nice\/files\/2018\/02\/img-20180209-160331-copie-960x715.jpg","articleSection":["Vie du groupe"],"inLanguage":"fr-FR","potentialAction":[{"@type":"CommentAction","name":"Comment","target":["https:\/\/paca.lpo.fr\/blogs\/nice\/2018\/02\/13\/animations-a-loccasion-du-lancement-du-projet-stade-du-ray\/#respond"]}]},{"@type":"WebPage","@id":"https:\/\/paca.lpo.fr\/blogs\/nice\/2018\/02\/13\/animations-a-loccasion-du-lancement-du-projet-stade-du-ray\/","url":"https:\/\/paca.lpo.fr\/blogs\/nice\/2018\/02\/13\/animations-a-loccasion-du-lancement-du-projet-stade-du-ray\/","name":"Animations \u00e0 l'occasion du lancement du projet Stade du Ray - Groupe local Nice","isPartOf":{"@id":"https:\/\/paca.lpo.fr\/blogs\/nice\/#website"},"primaryImageOfPage":{"@id":"https:\/\/paca.lpo.fr\/blogs\/nice\/2018\/02\/13\/animations-a-loccasion-du-lancement-du-projet-stade-du-ray\/#primaryimage"},"image":{"@id":"https:\/\/paca.lpo.fr\/blogs\/nice\/2018\/02\/13\/animations-a-loccasion-du-lancement-du-projet-stade-du-ray\/#primaryimage"},"thumbnailUrl":"https:\/\/paca.lpo.fr\/blogs\/nice\/files\/2018\/02\/img-20180209-160331-copie-960x715.jpg","datePublished":"2018-02-13T17:26:09+00:00","breadcrumb":{"@id":"https:\/\/paca.lpo.fr\/blogs\/nice\/2018\/02\/13\/animations-a-loccasion-du-lancement-du-projet-stade-du-ray\/#breadcrumb"},"inLanguage":"fr-FR","potentialAction":[{"@type":"ReadAction","target":["https:\/\/paca.lpo.fr\/blogs\/nice\/2018\/02\/13\/animations-a-loccasion-du-lancement-du-projet-stade-du-ray\/"]}]},{"@type":"ImageObject","inLanguage":"fr-FR","@id":"https:\/\/paca.lpo.fr\/blogs\/nice\/2018\/02\/13\/animations-a-loccasion-du-lancement-du-projet-stade-du-ray\/#primaryimage","url":"https:\/\/paca.lpo.fr\/blogs\/nice\/files\/2018\/02\/img-20180209-160331-copie.jpg","contentUrl":"https:\/\/paca.lpo.fr\/blogs\/nice\/files\/2018\/02\/img-20180209-160331-copie.jpg","width":970,"height":722,"caption":"dav"},{"@type":"BreadcrumbList","@id":"https:\/\/paca.lpo.fr\/blogs\/nice\/2018\/02\/13\/animations-a-loccasion-du-lancement-du-projet-stade-du-ray\/#breadcrumb","itemListElement":[{"@type":"ListItem","position":1,"name":"Accueil","item":"https:\/\/paca.lpo.fr\/blogs\/nice\/"},{"@type":"ListItem","position":2,"name":"Animations \u00e0 l&rsquo;occasion du lancement du projet Stade du Ray"}]},{"@type":"WebSite","@id":"https:\/\/paca.lpo.fr\/blogs\/nice\/#website","url":"https:\/\/paca.lpo.fr\/blogs\/nice\/","name":"Groupe local Nice","description":"Groupe local Nice","publisher":{"@id":"https:\/\/paca.lpo.fr\/blogs\/nice\/#organization"},"potentialAction":[{"@type":"SearchAction","target":{"@type":"EntryPoint","urlTemplate":"https:\/\/paca.lpo.fr\/blogs\/nice\/?s={search_term_string}"},"query-input":{"@type":"PropertyValueSpecification","valueRequired":true,"valueName":"search_term_string"}}],"inLanguage":"fr-FR"},{"@type":"Organization","@id":"https:\/\/paca.lpo.fr\/blogs\/nice\/#organization","name":"Groupe local Nice","url":"https:\/\/paca.lpo.fr\/blogs\/nice\/","logo":{"@type":"ImageObject","inLanguage":"fr-FR","@id":"https:\/\/paca.lpo.fr\/blogs\/nice\/#\/schema\/logo\/image\/","url":"https:\/\/paca.lpo.fr\/blogs\/nice\/files\/2024\/01\/cropped-rvb-lpo-paca-logotype-signature-droite-mini-500.jpg","contentUrl":"https:\/\/paca.lpo.fr\/blogs\/nice\/files\/2024\/01\/cropped-rvb-lpo-paca-logotype-signature-droite-mini-500.jpg","width":500,"height":210,"caption":"Groupe local Nice"},"image":{"@id":"https:\/\/paca.lpo.fr\/blogs\/nice\/#\/schema\/logo\/image\/"}},{"@type":"Person","@id":"https:\/\/paca.lpo.fr\/blogs\/nice\/#\/schema\/person\/1bda33335fb71e0b3552487db26a4c56","name":"Groupe local Paillon-B\u00e9v\u00e9ra","image":{"@type":"ImageObject","inLanguage":"fr-FR","@id":"https:\/\/secure.gravatar.com\/avatar\/b1ee285506e2cb880ec988990d360e255aecb31c77212741dace1023623610c2?s=96&d=mm&r=g","url":"https:\/\/secure.gravatar.com\/avatar\/b1ee285506e2cb880ec988990d360e255aecb31c77212741dace1023623610c2?s=96&d=mm&r=g","contentUrl":"https:\/\/secure.gravatar.com\/avatar\/b1ee285506e2cb880ec988990d360e255aecb31c77212741dace1023623610c2?s=96&d=mm&r=g","caption":"Groupe local Paillon-B\u00e9v\u00e9ra"},"url":"https:\/\/paca.lpo.fr\/blogs\/nice\/author\/alpesmaritimesest\/"}]}},"jetpack_featured_media_url":"","_links":{"self":[{"href":"https:\/\/paca.lpo.fr\/blogs\/nice\/wp-json\/wp\/v2\/posts\/2083","targetHints":{"allow":["GET"]}}],"collection":[{"href":"https:\/\/paca.lpo.fr\/blogs\/nice\/wp-json\/wp\/v2\/posts"}],"about":[{"href":"https:\/\/paca.lpo.fr\/blogs\/nice\/wp-json\/wp\/v2\/types\/post"}],"author":[{"embeddable":true,"href":"https:\/\/paca.lpo.fr\/blogs\/nice\/wp-json\/wp\/v2\/users\/15"}],"replies":[{"embeddable":true,"href":"https:\/\/paca.lpo.fr\/blogs\/nice\/wp-json\/wp\/v2\/comments?post=2083"}],"version-history":[{"count":1,"href":"https:\/\/paca.lpo.fr\/blogs\/nice\/wp-json\/wp\/v2\/posts\/2083\/revisions"}],"predecessor-version":[{"id":2087,"href":"https:\/\/paca.lpo.fr\/blogs\/nice\/wp-json\/wp\/v2\/posts\/2083\/revisions\/2087"}],"wp:attachment":[{"href":"https:\/\/paca.lpo.fr\/blogs\/nice\/wp-json\/wp\/v2\/media?parent=2083"}],"wp:term":[{"taxonomy":"category","embeddable":true,"href":"https:\/\/paca.lpo.fr\/blogs\/nice\/wp-json\/wp\/v2\/categories?post=2083"},{"taxonomy":"post_tag","embeddable":true,"href":"https:\/\/paca.lpo.fr\/blogs\/nice\/wp-json\/wp\/v2\/tags?post=2083"}],"curies":[{"name":"wp","href":"https:\/\/api.w.org\/{rel}","templated":true}]}}