{"id":2110,"date":"2018-03-15T18:25:54","date_gmt":"2018-03-15T17:25:54","guid":{"rendered":"https:\/\/paca.lpo.fr\/blogs\/nice\/?p=2110"},"modified":"2018-03-15T18:28:32","modified_gmt":"2018-03-15T17:28:32","slug":"les-grues-cendrees-passent-en-grand-nombre-dans-le-ciel-azureen","status":"publish","type":"post","link":"https:\/\/paca.lpo.fr\/blogs\/nice\/2018\/03\/15\/les-grues-cendrees-passent-en-grand-nombre-dans-le-ciel-azureen\/","title":{"rendered":"Les grues cendr\u00e9es passent en grand nombre dans le ciel azur\u00e9en"},"content":{"rendered":"<p>Apr\u00e8s une p\u00e9riode neigeuse et plusieurs jours de pluie les grues ont profit\u00e9 d&rsquo;une belle journ\u00e9e d&rsquo;\u00e9clairci le 7 mars pour migrer vers l&rsquo;est.<br \/>\nDes vols impressionnants, et bruyants, de plusieurs centaines d&rsquo;oiseaux ont pu \u00eatre observ\u00e9s, notamment \u00e0 Eze et La Turbie, o\u00f9 plus de 7000 grues ont \u00e9t\u00e9 d\u00e9nombr\u00e9es en d\u00e9but d&rsquo;apr\u00e8s-midi. Environ 16 000 grues cendr\u00e9es hivernent en Camargue et la quasi totalit\u00e9 de l&rsquo;effectif emprunte cette nouvelle voie migratoire centre-europ\u00e9enne chaque ann\u00e9e.<\/p>\n","protected":false},"excerpt":{"rendered":"<p>Apr\u00e8s une p\u00e9riode neigeuse et plusieurs jours de pluie les grues ont profit\u00e9 d&rsquo;une belle journ\u00e9e d&rsquo;\u00e9clairci le 7 mars pour migrer vers l&rsquo;est. Des vols impressionnants, et bruyants, de plusieurs centaines d&rsquo;oiseaux ont pu \u00eatre observ\u00e9s, notamment \u00e0 Eze et La Turbie, o\u00f9 plus de 7000 grues ont \u00e9t\u00e9 d\u00e9nombr\u00e9es en d\u00e9but d&rsquo;apr\u00e8s-midi. Environ [&hellip;]<\/p>\n","protected":false},"author":15,"featured_media":2111,"comment_status":"open","ping_status":"open","sticky":false,"template":"","format":"standard","meta":{"footnotes":""},"categories":[77],"tags":[],"class_list":["post-2110","post","type-post","status-publish","format-standard","has-post-thumbnail","hentry","category-grands-evenements"],"yoast_head":"<!-- This site is optimized with the Yoast SEO plugin v28.3 - https:\/\/yoast.com\/product\/yoast-seo-wordpress\/ -->\n<title>Les grues cendr\u00e9es passent en grand nombre dans le ciel azur\u00e9en - Groupe local Nice<\/title>\n<meta name=\"robots\" content=\"index, follow, max-snippet:-1, max-image-preview:large, max-video-preview:-1\" \/>\n<link rel=\"canonical\" href=\"https:\/\/paca.lpo.fr\/blogs\/nice\/2018\/03\/15\/les-grues-cendrees-passent-en-grand-nombre-dans-le-ciel-azureen\/\" \/>\n<meta property=\"og:locale\" content=\"fr_FR\" \/>\n<meta property=\"og:type\" content=\"article\" \/>\n<meta property=\"og:title\" content=\"Les grues cendr\u00e9es passent en grand nombre dans le ciel azur\u00e9en - Groupe local Nice\" \/>\n<meta property=\"og:description\" content=\"Apr\u00e8s une p\u00e9riode neigeuse et plusieurs jours de pluie les grues ont profit\u00e9 d&rsquo;une belle journ\u00e9e d&rsquo;\u00e9clairci le 7 mars pour migrer vers l&rsquo;est. Des vols impressionnants, et bruyants, de plusieurs centaines d&rsquo;oiseaux ont pu \u00eatre observ\u00e9s, notamment \u00e0 Eze et La Turbie, o\u00f9 plus de 7000 grues ont \u00e9t\u00e9 d\u00e9nombr\u00e9es en d\u00e9but d&rsquo;apr\u00e8s-midi. Environ [&hellip;]\" \/>\n<meta property=\"og:url\" content=\"https:\/\/paca.lpo.fr\/blogs\/nice\/2018\/03\/15\/les-grues-cendrees-passent-en-grand-nombre-dans-le-ciel-azureen\/\" \/>\n<meta property=\"og:site_name\" content=\"Groupe local Nice\" \/>\n<meta property=\"article:published_time\" content=\"2018-03-15T17:25:54+00:00\" \/>\n<meta property=\"article:modified_time\" content=\"2018-03-15T17:28:32+00:00\" \/>\n<meta property=\"og:image\" content=\"https:\/\/paca.lpo.fr\/blogs\/nice\/files\/2018\/03\/gruecendree2017-03-02-9-copie.jpg\" \/>\n\t<meta property=\"og:image:width\" content=\"893\" \/>\n\t<meta property=\"og:image:height\" content=\"409\" \/>\n\t<meta property=\"og:image:type\" content=\"image\/jpeg\" \/>\n<meta name=\"author\" content=\"Groupe local Paillon-B\u00e9v\u00e9ra\" \/>\n<meta name=\"twitter:card\" content=\"summary_large_image\" \/>\n<meta name=\"twitter:label1\" content=\"\u00c9crit par\" \/>\n\t<meta name=\"twitter:data1\" content=\"Groupe local Paillon-B\u00e9v\u00e9ra\" \/>\n<script type=\"application\/ld+json\" class=\"yoast-schema-graph\">{\"@context\":\"https:\\\/\\\/schema.org\",\"@graph\":[{\"@type\":\"Article\",\"@id\":\"https:\\\/\\\/paca.lpo.fr\\\/blogs\\\/nice\\\/2018\\\/03\\\/15\\\/les-grues-cendrees-passent-en-grand-nombre-dans-le-ciel-azureen\\\/#article\",\"isPartOf\":{\"@id\":\"https:\\\/\\\/paca.lpo.fr\\\/blogs\\\/nice\\\/2018\\\/03\\\/15\\\/les-grues-cendrees-passent-en-grand-nombre-dans-le-ciel-azureen\\\/\"},\"author\":{\"name\":\"Groupe local Paillon-B\u00e9v\u00e9ra\",\"@id\":\"https:\\\/\\\/paca.lpo.fr\\\/blogs\\\/nice\\\/#\\\/schema\\\/person\\\/1bda33335fb71e0b3552487db26a4c56\"},\"headline\":\"Les grues cendr\u00e9es passent en grand nombre dans le ciel azur\u00e9en\",\"datePublished\":\"2018-03-15T17:25:54+00:00\",\"dateModified\":\"2018-03-15T17:28:32+00:00\",\"mainEntityOfPage\":{\"@id\":\"https:\\\/\\\/paca.lpo.fr\\\/blogs\\\/nice\\\/2018\\\/03\\\/15\\\/les-grues-cendrees-passent-en-grand-nombre-dans-le-ciel-azureen\\\/\"},\"wordCount\":101,\"commentCount\":0,\"publisher\":{\"@id\":\"https:\\\/\\\/paca.lpo.fr\\\/blogs\\\/nice\\\/#organization\"},\"image\":{\"@id\":\"https:\\\/\\\/paca.lpo.fr\\\/blogs\\\/nice\\\/2018\\\/03\\\/15\\\/les-grues-cendrees-passent-en-grand-nombre-dans-le-ciel-azureen\\\/#primaryimage\"},\"thumbnailUrl\":\"https:\\\/\\\/paca.lpo.fr\\\/blogs\\\/nice\\\/files\\\/2018\\\/03\\\/gruecendree2017-03-02-9-copie.jpg\",\"articleSection\":[\"Grands \u00e9v\u00e8nements\"],\"inLanguage\":\"fr-FR\",\"potentialAction\":[{\"@type\":\"CommentAction\",\"name\":\"Comment\",\"target\":[\"https:\\\/\\\/paca.lpo.fr\\\/blogs\\\/nice\\\/2018\\\/03\\\/15\\\/les-grues-cendrees-passent-en-grand-nombre-dans-le-ciel-azureen\\\/#respond\"]}]},{\"@type\":\"WebPage\",\"@id\":\"https:\\\/\\\/paca.lpo.fr\\\/blogs\\\/nice\\\/2018\\\/03\\\/15\\\/les-grues-cendrees-passent-en-grand-nombre-dans-le-ciel-azureen\\\/\",\"url\":\"https:\\\/\\\/paca.lpo.fr\\\/blogs\\\/nice\\\/2018\\\/03\\\/15\\\/les-grues-cendrees-passent-en-grand-nombre-dans-le-ciel-azureen\\\/\",\"name\":\"Les grues cendr\u00e9es passent en grand nombre dans le ciel azur\u00e9en - Groupe local Nice\",\"isPartOf\":{\"@id\":\"https:\\\/\\\/paca.lpo.fr\\\/blogs\\\/nice\\\/#website\"},\"primaryImageOfPage\":{\"@id\":\"https:\\\/\\\/paca.lpo.fr\\\/blogs\\\/nice\\\/2018\\\/03\\\/15\\\/les-grues-cendrees-passent-en-grand-nombre-dans-le-ciel-azureen\\\/#primaryimage\"},\"image\":{\"@id\":\"https:\\\/\\\/paca.lpo.fr\\\/blogs\\\/nice\\\/2018\\\/03\\\/15\\\/les-grues-cendrees-passent-en-grand-nombre-dans-le-ciel-azureen\\\/#primaryimage\"},\"thumbnailUrl\":\"https:\\\/\\\/paca.lpo.fr\\\/blogs\\\/nice\\\/files\\\/2018\\\/03\\\/gruecendree2017-03-02-9-copie.jpg\",\"datePublished\":\"2018-03-15T17:25:54+00:00\",\"dateModified\":\"2018-03-15T17:28:32+00:00\",\"breadcrumb\":{\"@id\":\"https:\\\/\\\/paca.lpo.fr\\\/blogs\\\/nice\\\/2018\\\/03\\\/15\\\/les-grues-cendrees-passent-en-grand-nombre-dans-le-ciel-azureen\\\/#breadcrumb\"},\"inLanguage\":\"fr-FR\",\"potentialAction\":[{\"@type\":\"ReadAction\",\"target\":[\"https:\\\/\\\/paca.lpo.fr\\\/blogs\\\/nice\\\/2018\\\/03\\\/15\\\/les-grues-cendrees-passent-en-grand-nombre-dans-le-ciel-azureen\\\/\"]}]},{\"@type\":\"ImageObject\",\"inLanguage\":\"fr-FR\",\"@id\":\"https:\\\/\\\/paca.lpo.fr\\\/blogs\\\/nice\\\/2018\\\/03\\\/15\\\/les-grues-cendrees-passent-en-grand-nombre-dans-le-ciel-azureen\\\/#primaryimage\",\"url\":\"https:\\\/\\\/paca.lpo.fr\\\/blogs\\\/nice\\\/files\\\/2018\\\/03\\\/gruecendree2017-03-02-9-copie.jpg\",\"contentUrl\":\"https:\\\/\\\/paca.lpo.fr\\\/blogs\\\/nice\\\/files\\\/2018\\\/03\\\/gruecendree2017-03-02-9-copie.jpg\",\"width\":893,\"height\":409,\"caption\":\"Grues cendr\u00e9es en migration\"},{\"@type\":\"BreadcrumbList\",\"@id\":\"https:\\\/\\\/paca.lpo.fr\\\/blogs\\\/nice\\\/2018\\\/03\\\/15\\\/les-grues-cendrees-passent-en-grand-nombre-dans-le-ciel-azureen\\\/#breadcrumb\",\"itemListElement\":[{\"@type\":\"ListItem\",\"position\":1,\"name\":\"Accueil\",\"item\":\"https:\\\/\\\/paca.lpo.fr\\\/blogs\\\/nice\\\/\"},{\"@type\":\"ListItem\",\"position\":2,\"name\":\"Les grues cendr\u00e9es passent en grand nombre dans le ciel azur\u00e9en\"}]},{\"@type\":\"WebSite\",\"@id\":\"https:\\\/\\\/paca.lpo.fr\\\/blogs\\\/nice\\\/#website\",\"url\":\"https:\\\/\\\/paca.lpo.fr\\\/blogs\\\/nice\\\/\",\"name\":\"Groupe local Nice\",\"description\":\"Groupe local Nice\",\"publisher\":{\"@id\":\"https:\\\/\\\/paca.lpo.fr\\\/blogs\\\/nice\\\/#organization\"},\"potentialAction\":[{\"@type\":\"SearchAction\",\"target\":{\"@type\":\"EntryPoint\",\"urlTemplate\":\"https:\\\/\\\/paca.lpo.fr\\\/blogs\\\/nice\\\/?s={search_term_string}\"},\"query-input\":{\"@type\":\"PropertyValueSpecification\",\"valueRequired\":true,\"valueName\":\"search_term_string\"}}],\"inLanguage\":\"fr-FR\"},{\"@type\":\"Organization\",\"@id\":\"https:\\\/\\\/paca.lpo.fr\\\/blogs\\\/nice\\\/#organization\",\"name\":\"Groupe local Nice\",\"url\":\"https:\\\/\\\/paca.lpo.fr\\\/blogs\\\/nice\\\/\",\"logo\":{\"@type\":\"ImageObject\",\"inLanguage\":\"fr-FR\",\"@id\":\"https:\\\/\\\/paca.lpo.fr\\\/blogs\\\/nice\\\/#\\\/schema\\\/logo\\\/image\\\/\",\"url\":\"https:\\\/\\\/paca.lpo.fr\\\/blogs\\\/nice\\\/files\\\/2024\\\/01\\\/cropped-rvb-lpo-paca-logotype-signature-droite-mini-500.jpg\",\"contentUrl\":\"https:\\\/\\\/paca.lpo.fr\\\/blogs\\\/nice\\\/files\\\/2024\\\/01\\\/cropped-rvb-lpo-paca-logotype-signature-droite-mini-500.jpg\",\"width\":500,\"height\":210,\"caption\":\"Groupe local Nice\"},\"image\":{\"@id\":\"https:\\\/\\\/paca.lpo.fr\\\/blogs\\\/nice\\\/#\\\/schema\\\/logo\\\/image\\\/\"}},{\"@type\":\"Person\",\"@id\":\"https:\\\/\\\/paca.lpo.fr\\\/blogs\\\/nice\\\/#\\\/schema\\\/person\\\/1bda33335fb71e0b3552487db26a4c56\",\"name\":\"Groupe local Paillon-B\u00e9v\u00e9ra\",\"image\":{\"@type\":\"ImageObject\",\"inLanguage\":\"fr-FR\",\"@id\":\"https:\\\/\\\/secure.gravatar.com\\\/avatar\\\/b1ee285506e2cb880ec988990d360e255aecb31c77212741dace1023623610c2?s=96&d=mm&r=g\",\"url\":\"https:\\\/\\\/secure.gravatar.com\\\/avatar\\\/b1ee285506e2cb880ec988990d360e255aecb31c77212741dace1023623610c2?s=96&d=mm&r=g\",\"contentUrl\":\"https:\\\/\\\/secure.gravatar.com\\\/avatar\\\/b1ee285506e2cb880ec988990d360e255aecb31c77212741dace1023623610c2?s=96&d=mm&r=g\",\"caption\":\"Groupe local Paillon-B\u00e9v\u00e9ra\"},\"url\":\"https:\\\/\\\/paca.lpo.fr\\\/blogs\\\/nice\\\/author\\\/alpesmaritimesest\\\/\"}]}<\/script>\n<!-- \/ Yoast SEO plugin. -->","yoast_head_json":{"title":"Les grues cendr\u00e9es passent en grand nombre dans le ciel azur\u00e9en - Groupe local Nice","robots":{"index":"index","follow":"follow","max-snippet":"max-snippet:-1","max-image-preview":"max-image-preview:large","max-video-preview":"max-video-preview:-1"},"canonical":"https:\/\/paca.lpo.fr\/blogs\/nice\/2018\/03\/15\/les-grues-cendrees-passent-en-grand-nombre-dans-le-ciel-azureen\/","og_locale":"fr_FR","og_type":"article","og_title":"Les grues cendr\u00e9es passent en grand nombre dans le ciel azur\u00e9en - Groupe local Nice","og_description":"Apr\u00e8s une p\u00e9riode neigeuse et plusieurs jours de pluie les grues ont profit\u00e9 d&rsquo;une belle journ\u00e9e d&rsquo;\u00e9clairci le 7 mars pour migrer vers l&rsquo;est. Des vols impressionnants, et bruyants, de plusieurs centaines d&rsquo;oiseaux ont pu \u00eatre observ\u00e9s, notamment \u00e0 Eze et La Turbie, o\u00f9 plus de 7000 grues ont \u00e9t\u00e9 d\u00e9nombr\u00e9es en d\u00e9but d&rsquo;apr\u00e8s-midi. Environ [&hellip;]","og_url":"https:\/\/paca.lpo.fr\/blogs\/nice\/2018\/03\/15\/les-grues-cendrees-passent-en-grand-nombre-dans-le-ciel-azureen\/","og_site_name":"Groupe local Nice","article_published_time":"2018-03-15T17:25:54+00:00","article_modified_time":"2018-03-15T17:28:32+00:00","og_image":[{"width":893,"height":409,"url":"https:\/\/paca.lpo.fr\/blogs\/nice\/files\/2018\/03\/gruecendree2017-03-02-9-copie.jpg","type":"image\/jpeg"}],"author":"Groupe local Paillon-B\u00e9v\u00e9ra","twitter_card":"summary_large_image","twitter_misc":{"\u00c9crit par":"Groupe local Paillon-B\u00e9v\u00e9ra"},"schema":{"@context":"https:\/\/schema.org","@graph":[{"@type":"Article","@id":"https:\/\/paca.lpo.fr\/blogs\/nice\/2018\/03\/15\/les-grues-cendrees-passent-en-grand-nombre-dans-le-ciel-azureen\/#article","isPartOf":{"@id":"https:\/\/paca.lpo.fr\/blogs\/nice\/2018\/03\/15\/les-grues-cendrees-passent-en-grand-nombre-dans-le-ciel-azureen\/"},"author":{"name":"Groupe local Paillon-B\u00e9v\u00e9ra","@id":"https:\/\/paca.lpo.fr\/blogs\/nice\/#\/schema\/person\/1bda33335fb71e0b3552487db26a4c56"},"headline":"Les grues cendr\u00e9es passent en grand nombre dans le ciel azur\u00e9en","datePublished":"2018-03-15T17:25:54+00:00","dateModified":"2018-03-15T17:28:32+00:00","mainEntityOfPage":{"@id":"https:\/\/paca.lpo.fr\/blogs\/nice\/2018\/03\/15\/les-grues-cendrees-passent-en-grand-nombre-dans-le-ciel-azureen\/"},"wordCount":101,"commentCount":0,"publisher":{"@id":"https:\/\/paca.lpo.fr\/blogs\/nice\/#organization"},"image":{"@id":"https:\/\/paca.lpo.fr\/blogs\/nice\/2018\/03\/15\/les-grues-cendrees-passent-en-grand-nombre-dans-le-ciel-azureen\/#primaryimage"},"thumbnailUrl":"https:\/\/paca.lpo.fr\/blogs\/nice\/files\/2018\/03\/gruecendree2017-03-02-9-copie.jpg","articleSection":["Grands \u00e9v\u00e8nements"],"inLanguage":"fr-FR","potentialAction":[{"@type":"CommentAction","name":"Comment","target":["https:\/\/paca.lpo.fr\/blogs\/nice\/2018\/03\/15\/les-grues-cendrees-passent-en-grand-nombre-dans-le-ciel-azureen\/#respond"]}]},{"@type":"WebPage","@id":"https:\/\/paca.lpo.fr\/blogs\/nice\/2018\/03\/15\/les-grues-cendrees-passent-en-grand-nombre-dans-le-ciel-azureen\/","url":"https:\/\/paca.lpo.fr\/blogs\/nice\/2018\/03\/15\/les-grues-cendrees-passent-en-grand-nombre-dans-le-ciel-azureen\/","name":"Les grues cendr\u00e9es passent en grand nombre dans le ciel azur\u00e9en - Groupe local Nice","isPartOf":{"@id":"https:\/\/paca.lpo.fr\/blogs\/nice\/#website"},"primaryImageOfPage":{"@id":"https:\/\/paca.lpo.fr\/blogs\/nice\/2018\/03\/15\/les-grues-cendrees-passent-en-grand-nombre-dans-le-ciel-azureen\/#primaryimage"},"image":{"@id":"https:\/\/paca.lpo.fr\/blogs\/nice\/2018\/03\/15\/les-grues-cendrees-passent-en-grand-nombre-dans-le-ciel-azureen\/#primaryimage"},"thumbnailUrl":"https:\/\/paca.lpo.fr\/blogs\/nice\/files\/2018\/03\/gruecendree2017-03-02-9-copie.jpg","datePublished":"2018-03-15T17:25:54+00:00","dateModified":"2018-03-15T17:28:32+00:00","breadcrumb":{"@id":"https:\/\/paca.lpo.fr\/blogs\/nice\/2018\/03\/15\/les-grues-cendrees-passent-en-grand-nombre-dans-le-ciel-azureen\/#breadcrumb"},"inLanguage":"fr-FR","potentialAction":[{"@type":"ReadAction","target":["https:\/\/paca.lpo.fr\/blogs\/nice\/2018\/03\/15\/les-grues-cendrees-passent-en-grand-nombre-dans-le-ciel-azureen\/"]}]},{"@type":"ImageObject","inLanguage":"fr-FR","@id":"https:\/\/paca.lpo.fr\/blogs\/nice\/2018\/03\/15\/les-grues-cendrees-passent-en-grand-nombre-dans-le-ciel-azureen\/#primaryimage","url":"https:\/\/paca.lpo.fr\/blogs\/nice\/files\/2018\/03\/gruecendree2017-03-02-9-copie.jpg","contentUrl":"https:\/\/paca.lpo.fr\/blogs\/nice\/files\/2018\/03\/gruecendree2017-03-02-9-copie.jpg","width":893,"height":409,"caption":"Grues cendr\u00e9es en migration"},{"@type":"BreadcrumbList","@id":"https:\/\/paca.lpo.fr\/blogs\/nice\/2018\/03\/15\/les-grues-cendrees-passent-en-grand-nombre-dans-le-ciel-azureen\/#breadcrumb","itemListElement":[{"@type":"ListItem","position":1,"name":"Accueil","item":"https:\/\/paca.lpo.fr\/blogs\/nice\/"},{"@type":"ListItem","position":2,"name":"Les grues cendr\u00e9es passent en grand nombre dans le ciel azur\u00e9en"}]},{"@type":"WebSite","@id":"https:\/\/paca.lpo.fr\/blogs\/nice\/#website","url":"https:\/\/paca.lpo.fr\/blogs\/nice\/","name":"Groupe local Nice","description":"Groupe local Nice","publisher":{"@id":"https:\/\/paca.lpo.fr\/blogs\/nice\/#organization"},"potentialAction":[{"@type":"SearchAction","target":{"@type":"EntryPoint","urlTemplate":"https:\/\/paca.lpo.fr\/blogs\/nice\/?s={search_term_string}"},"query-input":{"@type":"PropertyValueSpecification","valueRequired":true,"valueName":"search_term_string"}}],"inLanguage":"fr-FR"},{"@type":"Organization","@id":"https:\/\/paca.lpo.fr\/blogs\/nice\/#organization","name":"Groupe local Nice","url":"https:\/\/paca.lpo.fr\/blogs\/nice\/","logo":{"@type":"ImageObject","inLanguage":"fr-FR","@id":"https:\/\/paca.lpo.fr\/blogs\/nice\/#\/schema\/logo\/image\/","url":"https:\/\/paca.lpo.fr\/blogs\/nice\/files\/2024\/01\/cropped-rvb-lpo-paca-logotype-signature-droite-mini-500.jpg","contentUrl":"https:\/\/paca.lpo.fr\/blogs\/nice\/files\/2024\/01\/cropped-rvb-lpo-paca-logotype-signature-droite-mini-500.jpg","width":500,"height":210,"caption":"Groupe local Nice"},"image":{"@id":"https:\/\/paca.lpo.fr\/blogs\/nice\/#\/schema\/logo\/image\/"}},{"@type":"Person","@id":"https:\/\/paca.lpo.fr\/blogs\/nice\/#\/schema\/person\/1bda33335fb71e0b3552487db26a4c56","name":"Groupe local Paillon-B\u00e9v\u00e9ra","image":{"@type":"ImageObject","inLanguage":"fr-FR","@id":"https:\/\/secure.gravatar.com\/avatar\/b1ee285506e2cb880ec988990d360e255aecb31c77212741dace1023623610c2?s=96&d=mm&r=g","url":"https:\/\/secure.gravatar.com\/avatar\/b1ee285506e2cb880ec988990d360e255aecb31c77212741dace1023623610c2?s=96&d=mm&r=g","contentUrl":"https:\/\/secure.gravatar.com\/avatar\/b1ee285506e2cb880ec988990d360e255aecb31c77212741dace1023623610c2?s=96&d=mm&r=g","caption":"Groupe local Paillon-B\u00e9v\u00e9ra"},"url":"https:\/\/paca.lpo.fr\/blogs\/nice\/author\/alpesmaritimesest\/"}]}},"jetpack_featured_media_url":"https:\/\/paca.lpo.fr\/blogs\/nice\/files\/2018\/03\/gruecendree2017-03-02-9-copie.jpg","_links":{"self":[{"href":"https:\/\/paca.lpo.fr\/blogs\/nice\/wp-json\/wp\/v2\/posts\/2110","targetHints":{"allow":["GET"]}}],"collection":[{"href":"https:\/\/paca.lpo.fr\/blogs\/nice\/wp-json\/wp\/v2\/posts"}],"about":[{"href":"https:\/\/paca.lpo.fr\/blogs\/nice\/wp-json\/wp\/v2\/types\/post"}],"author":[{"embeddable":true,"href":"https:\/\/paca.lpo.fr\/blogs\/nice\/wp-json\/wp\/v2\/users\/15"}],"replies":[{"embeddable":true,"href":"https:\/\/paca.lpo.fr\/blogs\/nice\/wp-json\/wp\/v2\/comments?post=2110"}],"version-history":[{"count":2,"href":"https:\/\/paca.lpo.fr\/blogs\/nice\/wp-json\/wp\/v2\/posts\/2110\/revisions"}],"predecessor-version":[{"id":2113,"href":"https:\/\/paca.lpo.fr\/blogs\/nice\/wp-json\/wp\/v2\/posts\/2110\/revisions\/2113"}],"wp:featuredmedia":[{"embeddable":true,"href":"https:\/\/paca.lpo.fr\/blogs\/nice\/wp-json\/wp\/v2\/media\/2111"}],"wp:attachment":[{"href":"https:\/\/paca.lpo.fr\/blogs\/nice\/wp-json\/wp\/v2\/media?parent=2110"}],"wp:term":[{"taxonomy":"category","embeddable":true,"href":"https:\/\/paca.lpo.fr\/blogs\/nice\/wp-json\/wp\/v2\/categories?post=2110"},{"taxonomy":"post_tag","embeddable":true,"href":"https:\/\/paca.lpo.fr\/blogs\/nice\/wp-json\/wp\/v2\/tags?post=2110"}],"curies":[{"name":"wp","href":"https:\/\/api.w.org\/{rel}","templated":true}]}}