{"id":2114,"date":"2018-03-18T14:40:46","date_gmt":"2018-03-18T13:40:46","guid":{"rendered":"https:\/\/paca.lpo.fr\/blogs\/nice\/?p=2114"},"modified":"2018-03-18T14:40:46","modified_gmt":"2018-03-18T13:40:46","slug":"sortie-migration-le-retour-dafrique-samedi-17-mars","status":"publish","type":"post","link":"https:\/\/paca.lpo.fr\/blogs\/nice\/2018\/03\/18\/sortie-migration-le-retour-dafrique-samedi-17-mars\/","title":{"rendered":"Sortie migration \u00able retour d\u2019Afrique\u00bb samedi 17 mars"},"content":{"rendered":"<p>Notre groupe de 14 personnes est parti des ruines de Ch\u00e2teauneuf de Villevieille vers le Mont Macaron, sous la pluie \u00e0 mi-chemin et durant la premi\u00e8re heure d\u2019observation. Tr\u00e8s peu de passereaux ont \u00e9t\u00e9 vus pendant la balade, probablement d\u00fb \u00e0 une battue aux sangliers dans la vall\u00e9e en dessous.<br \/>\n<figure id=\"attachment_2115\" aria-describedby=\"caption-attachment-2115\" style=\"width: 883px\" class=\"wp-caption alignnone\"><img loading=\"lazy\" decoding=\"async\" src=\"https:\/\/paca.lpo.fr\/blogs\/nice\/files\/2018\/03\/blog.jpg\" alt=\"\" width=\"883\" height=\"649\" class=\"size-full wp-image-2115\" srcset=\"https:\/\/paca.lpo.fr\/blogs\/nice\/files\/2018\/03\/blog.jpg 883w, https:\/\/paca.lpo.fr\/blogs\/nice\/files\/2018\/03\/blog-480x353.jpg 480w, https:\/\/paca.lpo.fr\/blogs\/nice\/files\/2018\/03\/blog-768x564.jpg 768w, https:\/\/paca.lpo.fr\/blogs\/nice\/files\/2018\/03\/blog-700x514.jpg 700w\" sizes=\"auto, (max-width: 883px) 100vw, 883px\" \/><figcaption id=\"caption-attachment-2115\" class=\"wp-caption-text\">D\u00e9jeuner un peu humide dans la boue<\/figcaption><\/figure><br \/>\nApr\u00e8s la pluie nous avons pu quand m\u00eame voir 65 circa\u00e8tes jean-le-blanc en migration, des \u00e9perviers, une buse, deux martinets \u00e0 ventre blanc, et deux aigles royaux sont pass\u00e9s de part et d\u2019autre de notre poste d\u2019observation, un adulte et un jeune. A notre retour aux voitures un circa\u00e8te nous attendait, en saint esprit au-dessus des ruines.<br \/>\n<img loading=\"lazy\" decoding=\"async\" src=\"https:\/\/paca.lpo.fr\/blogs\/nice\/files\/2018\/03\/blog2-960x676.jpg\" alt=\"\" width=\"660\" height=\"465\" class=\"alignnone size-large wp-image-2116\" srcset=\"https:\/\/paca.lpo.fr\/blogs\/nice\/files\/2018\/03\/blog2-960x676.jpg 960w, https:\/\/paca.lpo.fr\/blogs\/nice\/files\/2018\/03\/blog2-480x338.jpg 480w, https:\/\/paca.lpo.fr\/blogs\/nice\/files\/2018\/03\/blog2-768x541.jpg 768w, https:\/\/paca.lpo.fr\/blogs\/nice\/files\/2018\/03\/blog2-700x493.jpg 700w, https:\/\/paca.lpo.fr\/blogs\/nice\/files\/2018\/03\/blog2.jpg 986w\" sizes=\"auto, (max-width: 660px) 100vw, 660px\" \/><br \/>\nUn grand merci aux participants, tr\u00e8s sympathiques et int\u00e9ress\u00e9s, pour leur bonne humeur malgr\u00e9 les averses.<\/p>\n","protected":false},"excerpt":{"rendered":"<p>Notre groupe de 14 personnes est parti des ruines de Ch\u00e2teauneuf de Villevieille vers le Mont Macaron, sous la pluie \u00e0 mi-chemin et durant la premi\u00e8re heure d\u2019observation. Tr\u00e8s peu de passereaux ont \u00e9t\u00e9 vus pendant la balade, probablement d\u00fb \u00e0 une battue aux sangliers dans la vall\u00e9e en dessous. Apr\u00e8s la pluie nous avons [&hellip;]<\/p>\n","protected":false},"author":15,"featured_media":2117,"comment_status":"open","ping_status":"open","sticky":false,"template":"","format":"standard","meta":{"footnotes":""},"categories":[1],"tags":[],"class_list":["post-2114","post","type-post","status-publish","format-standard","has-post-thumbnail","hentry","category-sorties-nature"],"yoast_head":"<!-- This site is optimized with the Yoast SEO plugin v28.3 - https:\/\/yoast.com\/product\/yoast-seo-wordpress\/ -->\n<title>Sortie migration \u00able retour d\u2019Afrique\u00bb samedi 17 mars - Groupe local Nice<\/title>\n<meta name=\"robots\" content=\"index, follow, max-snippet:-1, max-image-preview:large, max-video-preview:-1\" \/>\n<link rel=\"canonical\" href=\"https:\/\/paca.lpo.fr\/blogs\/nice\/2018\/03\/18\/sortie-migration-le-retour-dafrique-samedi-17-mars\/\" \/>\n<meta property=\"og:locale\" content=\"fr_FR\" \/>\n<meta property=\"og:type\" content=\"article\" \/>\n<meta property=\"og:title\" content=\"Sortie migration \u00able retour d\u2019Afrique\u00bb samedi 17 mars - Groupe local Nice\" \/>\n<meta property=\"og:description\" content=\"Notre groupe de 14 personnes est parti des ruines de Ch\u00e2teauneuf de Villevieille vers le Mont Macaron, sous la pluie \u00e0 mi-chemin et durant la premi\u00e8re heure d\u2019observation. Tr\u00e8s peu de passereaux ont \u00e9t\u00e9 vus pendant la balade, probablement d\u00fb \u00e0 une battue aux sangliers dans la vall\u00e9e en dessous. Apr\u00e8s la pluie nous avons [&hellip;]\" \/>\n<meta property=\"og:url\" content=\"https:\/\/paca.lpo.fr\/blogs\/nice\/2018\/03\/18\/sortie-migration-le-retour-dafrique-samedi-17-mars\/\" \/>\n<meta property=\"og:site_name\" content=\"Groupe local Nice\" \/>\n<meta property=\"article:published_time\" content=\"2018-03-18T13:40:46+00:00\" \/>\n<meta property=\"og:image\" content=\"https:\/\/paca.lpo.fr\/blogs\/nice\/files\/2018\/03\/blog-une.jpg\" \/>\n\t<meta property=\"og:image:width\" content=\"818\" \/>\n\t<meta property=\"og:image:height\" content=\"516\" \/>\n\t<meta property=\"og:image:type\" content=\"image\/jpeg\" \/>\n<meta name=\"author\" content=\"Groupe local Paillon-B\u00e9v\u00e9ra\" \/>\n<meta name=\"twitter:card\" content=\"summary_large_image\" \/>\n<meta name=\"twitter:label1\" content=\"\u00c9crit par\" \/>\n\t<meta name=\"twitter:data1\" content=\"Groupe local Paillon-B\u00e9v\u00e9ra\" \/>\n\t<meta name=\"twitter:label2\" content=\"Dur\u00e9e de lecture estim\u00e9e\" \/>\n\t<meta name=\"twitter:data2\" content=\"1 minute\" \/>\n<script type=\"application\/ld+json\" class=\"yoast-schema-graph\">{\"@context\":\"https:\\\/\\\/schema.org\",\"@graph\":[{\"@type\":\"Article\",\"@id\":\"https:\\\/\\\/paca.lpo.fr\\\/blogs\\\/nice\\\/2018\\\/03\\\/18\\\/sortie-migration-le-retour-dafrique-samedi-17-mars\\\/#article\",\"isPartOf\":{\"@id\":\"https:\\\/\\\/paca.lpo.fr\\\/blogs\\\/nice\\\/2018\\\/03\\\/18\\\/sortie-migration-le-retour-dafrique-samedi-17-mars\\\/\"},\"author\":{\"name\":\"Groupe local Paillon-B\u00e9v\u00e9ra\",\"@id\":\"https:\\\/\\\/paca.lpo.fr\\\/blogs\\\/nice\\\/#\\\/schema\\\/person\\\/1bda33335fb71e0b3552487db26a4c56\"},\"headline\":\"Sortie migration \u00able retour d\u2019Afrique\u00bb samedi 17 mars\",\"datePublished\":\"2018-03-18T13:40:46+00:00\",\"mainEntityOfPage\":{\"@id\":\"https:\\\/\\\/paca.lpo.fr\\\/blogs\\\/nice\\\/2018\\\/03\\\/18\\\/sortie-migration-le-retour-dafrique-samedi-17-mars\\\/\"},\"wordCount\":156,\"commentCount\":0,\"publisher\":{\"@id\":\"https:\\\/\\\/paca.lpo.fr\\\/blogs\\\/nice\\\/#organization\"},\"image\":{\"@id\":\"https:\\\/\\\/paca.lpo.fr\\\/blogs\\\/nice\\\/2018\\\/03\\\/18\\\/sortie-migration-le-retour-dafrique-samedi-17-mars\\\/#primaryimage\"},\"thumbnailUrl\":\"https:\\\/\\\/paca.lpo.fr\\\/blogs\\\/nice\\\/files\\\/2018\\\/03\\\/blog-une.jpg\",\"articleSection\":[\"grands \u00e9v\u00e8nements\"],\"inLanguage\":\"fr-FR\",\"potentialAction\":[{\"@type\":\"CommentAction\",\"name\":\"Comment\",\"target\":[\"https:\\\/\\\/paca.lpo.fr\\\/blogs\\\/nice\\\/2018\\\/03\\\/18\\\/sortie-migration-le-retour-dafrique-samedi-17-mars\\\/#respond\"]}]},{\"@type\":\"WebPage\",\"@id\":\"https:\\\/\\\/paca.lpo.fr\\\/blogs\\\/nice\\\/2018\\\/03\\\/18\\\/sortie-migration-le-retour-dafrique-samedi-17-mars\\\/\",\"url\":\"https:\\\/\\\/paca.lpo.fr\\\/blogs\\\/nice\\\/2018\\\/03\\\/18\\\/sortie-migration-le-retour-dafrique-samedi-17-mars\\\/\",\"name\":\"Sortie migration \u00able retour d\u2019Afrique\u00bb samedi 17 mars - Groupe local Nice\",\"isPartOf\":{\"@id\":\"https:\\\/\\\/paca.lpo.fr\\\/blogs\\\/nice\\\/#website\"},\"primaryImageOfPage\":{\"@id\":\"https:\\\/\\\/paca.lpo.fr\\\/blogs\\\/nice\\\/2018\\\/03\\\/18\\\/sortie-migration-le-retour-dafrique-samedi-17-mars\\\/#primaryimage\"},\"image\":{\"@id\":\"https:\\\/\\\/paca.lpo.fr\\\/blogs\\\/nice\\\/2018\\\/03\\\/18\\\/sortie-migration-le-retour-dafrique-samedi-17-mars\\\/#primaryimage\"},\"thumbnailUrl\":\"https:\\\/\\\/paca.lpo.fr\\\/blogs\\\/nice\\\/files\\\/2018\\\/03\\\/blog-une.jpg\",\"datePublished\":\"2018-03-18T13:40:46+00:00\",\"breadcrumb\":{\"@id\":\"https:\\\/\\\/paca.lpo.fr\\\/blogs\\\/nice\\\/2018\\\/03\\\/18\\\/sortie-migration-le-retour-dafrique-samedi-17-mars\\\/#breadcrumb\"},\"inLanguage\":\"fr-FR\",\"potentialAction\":[{\"@type\":\"ReadAction\",\"target\":[\"https:\\\/\\\/paca.lpo.fr\\\/blogs\\\/nice\\\/2018\\\/03\\\/18\\\/sortie-migration-le-retour-dafrique-samedi-17-mars\\\/\"]}]},{\"@type\":\"ImageObject\",\"inLanguage\":\"fr-FR\",\"@id\":\"https:\\\/\\\/paca.lpo.fr\\\/blogs\\\/nice\\\/2018\\\/03\\\/18\\\/sortie-migration-le-retour-dafrique-samedi-17-mars\\\/#primaryimage\",\"url\":\"https:\\\/\\\/paca.lpo.fr\\\/blogs\\\/nice\\\/files\\\/2018\\\/03\\\/blog-une.jpg\",\"contentUrl\":\"https:\\\/\\\/paca.lpo.fr\\\/blogs\\\/nice\\\/files\\\/2018\\\/03\\\/blog-une.jpg\",\"width\":818,\"height\":516,\"caption\":\"Le soleil enfin!\"},{\"@type\":\"BreadcrumbList\",\"@id\":\"https:\\\/\\\/paca.lpo.fr\\\/blogs\\\/nice\\\/2018\\\/03\\\/18\\\/sortie-migration-le-retour-dafrique-samedi-17-mars\\\/#breadcrumb\",\"itemListElement\":[{\"@type\":\"ListItem\",\"position\":1,\"name\":\"Accueil\",\"item\":\"https:\\\/\\\/paca.lpo.fr\\\/blogs\\\/nice\\\/\"},{\"@type\":\"ListItem\",\"position\":2,\"name\":\"Sortie migration \u00able retour d\u2019Afrique\u00bb samedi 17 mars\"}]},{\"@type\":\"WebSite\",\"@id\":\"https:\\\/\\\/paca.lpo.fr\\\/blogs\\\/nice\\\/#website\",\"url\":\"https:\\\/\\\/paca.lpo.fr\\\/blogs\\\/nice\\\/\",\"name\":\"Groupe local Nice\",\"description\":\"Groupe local Nice\",\"publisher\":{\"@id\":\"https:\\\/\\\/paca.lpo.fr\\\/blogs\\\/nice\\\/#organization\"},\"potentialAction\":[{\"@type\":\"SearchAction\",\"target\":{\"@type\":\"EntryPoint\",\"urlTemplate\":\"https:\\\/\\\/paca.lpo.fr\\\/blogs\\\/nice\\\/?s={search_term_string}\"},\"query-input\":{\"@type\":\"PropertyValueSpecification\",\"valueRequired\":true,\"valueName\":\"search_term_string\"}}],\"inLanguage\":\"fr-FR\"},{\"@type\":\"Organization\",\"@id\":\"https:\\\/\\\/paca.lpo.fr\\\/blogs\\\/nice\\\/#organization\",\"name\":\"Groupe local Nice\",\"url\":\"https:\\\/\\\/paca.lpo.fr\\\/blogs\\\/nice\\\/\",\"logo\":{\"@type\":\"ImageObject\",\"inLanguage\":\"fr-FR\",\"@id\":\"https:\\\/\\\/paca.lpo.fr\\\/blogs\\\/nice\\\/#\\\/schema\\\/logo\\\/image\\\/\",\"url\":\"https:\\\/\\\/paca.lpo.fr\\\/blogs\\\/nice\\\/files\\\/2024\\\/01\\\/cropped-rvb-lpo-paca-logotype-signature-droite-mini-500.jpg\",\"contentUrl\":\"https:\\\/\\\/paca.lpo.fr\\\/blogs\\\/nice\\\/files\\\/2024\\\/01\\\/cropped-rvb-lpo-paca-logotype-signature-droite-mini-500.jpg\",\"width\":500,\"height\":210,\"caption\":\"Groupe local Nice\"},\"image\":{\"@id\":\"https:\\\/\\\/paca.lpo.fr\\\/blogs\\\/nice\\\/#\\\/schema\\\/logo\\\/image\\\/\"}},{\"@type\":\"Person\",\"@id\":\"https:\\\/\\\/paca.lpo.fr\\\/blogs\\\/nice\\\/#\\\/schema\\\/person\\\/1bda33335fb71e0b3552487db26a4c56\",\"name\":\"Groupe local Paillon-B\u00e9v\u00e9ra\",\"image\":{\"@type\":\"ImageObject\",\"inLanguage\":\"fr-FR\",\"@id\":\"https:\\\/\\\/secure.gravatar.com\\\/avatar\\\/b1ee285506e2cb880ec988990d360e255aecb31c77212741dace1023623610c2?s=96&d=mm&r=g\",\"url\":\"https:\\\/\\\/secure.gravatar.com\\\/avatar\\\/b1ee285506e2cb880ec988990d360e255aecb31c77212741dace1023623610c2?s=96&d=mm&r=g\",\"contentUrl\":\"https:\\\/\\\/secure.gravatar.com\\\/avatar\\\/b1ee285506e2cb880ec988990d360e255aecb31c77212741dace1023623610c2?s=96&d=mm&r=g\",\"caption\":\"Groupe local Paillon-B\u00e9v\u00e9ra\"},\"url\":\"https:\\\/\\\/paca.lpo.fr\\\/blogs\\\/nice\\\/author\\\/alpesmaritimesest\\\/\"}]}<\/script>\n<!-- \/ Yoast SEO plugin. -->","yoast_head_json":{"title":"Sortie migration \u00able retour d\u2019Afrique\u00bb samedi 17 mars - Groupe local Nice","robots":{"index":"index","follow":"follow","max-snippet":"max-snippet:-1","max-image-preview":"max-image-preview:large","max-video-preview":"max-video-preview:-1"},"canonical":"https:\/\/paca.lpo.fr\/blogs\/nice\/2018\/03\/18\/sortie-migration-le-retour-dafrique-samedi-17-mars\/","og_locale":"fr_FR","og_type":"article","og_title":"Sortie migration \u00able retour d\u2019Afrique\u00bb samedi 17 mars - Groupe local Nice","og_description":"Notre groupe de 14 personnes est parti des ruines de Ch\u00e2teauneuf de Villevieille vers le Mont Macaron, sous la pluie \u00e0 mi-chemin et durant la premi\u00e8re heure d\u2019observation. Tr\u00e8s peu de passereaux ont \u00e9t\u00e9 vus pendant la balade, probablement d\u00fb \u00e0 une battue aux sangliers dans la vall\u00e9e en dessous. Apr\u00e8s la pluie nous avons [&hellip;]","og_url":"https:\/\/paca.lpo.fr\/blogs\/nice\/2018\/03\/18\/sortie-migration-le-retour-dafrique-samedi-17-mars\/","og_site_name":"Groupe local Nice","article_published_time":"2018-03-18T13:40:46+00:00","og_image":[{"width":818,"height":516,"url":"https:\/\/paca.lpo.fr\/blogs\/nice\/files\/2018\/03\/blog-une.jpg","type":"image\/jpeg"}],"author":"Groupe local Paillon-B\u00e9v\u00e9ra","twitter_card":"summary_large_image","twitter_misc":{"\u00c9crit par":"Groupe local Paillon-B\u00e9v\u00e9ra","Dur\u00e9e de lecture estim\u00e9e":"1 minute"},"schema":{"@context":"https:\/\/schema.org","@graph":[{"@type":"Article","@id":"https:\/\/paca.lpo.fr\/blogs\/nice\/2018\/03\/18\/sortie-migration-le-retour-dafrique-samedi-17-mars\/#article","isPartOf":{"@id":"https:\/\/paca.lpo.fr\/blogs\/nice\/2018\/03\/18\/sortie-migration-le-retour-dafrique-samedi-17-mars\/"},"author":{"name":"Groupe local Paillon-B\u00e9v\u00e9ra","@id":"https:\/\/paca.lpo.fr\/blogs\/nice\/#\/schema\/person\/1bda33335fb71e0b3552487db26a4c56"},"headline":"Sortie migration \u00able retour d\u2019Afrique\u00bb samedi 17 mars","datePublished":"2018-03-18T13:40:46+00:00","mainEntityOfPage":{"@id":"https:\/\/paca.lpo.fr\/blogs\/nice\/2018\/03\/18\/sortie-migration-le-retour-dafrique-samedi-17-mars\/"},"wordCount":156,"commentCount":0,"publisher":{"@id":"https:\/\/paca.lpo.fr\/blogs\/nice\/#organization"},"image":{"@id":"https:\/\/paca.lpo.fr\/blogs\/nice\/2018\/03\/18\/sortie-migration-le-retour-dafrique-samedi-17-mars\/#primaryimage"},"thumbnailUrl":"https:\/\/paca.lpo.fr\/blogs\/nice\/files\/2018\/03\/blog-une.jpg","articleSection":["grands \u00e9v\u00e8nements"],"inLanguage":"fr-FR","potentialAction":[{"@type":"CommentAction","name":"Comment","target":["https:\/\/paca.lpo.fr\/blogs\/nice\/2018\/03\/18\/sortie-migration-le-retour-dafrique-samedi-17-mars\/#respond"]}]},{"@type":"WebPage","@id":"https:\/\/paca.lpo.fr\/blogs\/nice\/2018\/03\/18\/sortie-migration-le-retour-dafrique-samedi-17-mars\/","url":"https:\/\/paca.lpo.fr\/blogs\/nice\/2018\/03\/18\/sortie-migration-le-retour-dafrique-samedi-17-mars\/","name":"Sortie migration \u00able retour d\u2019Afrique\u00bb samedi 17 mars - Groupe local Nice","isPartOf":{"@id":"https:\/\/paca.lpo.fr\/blogs\/nice\/#website"},"primaryImageOfPage":{"@id":"https:\/\/paca.lpo.fr\/blogs\/nice\/2018\/03\/18\/sortie-migration-le-retour-dafrique-samedi-17-mars\/#primaryimage"},"image":{"@id":"https:\/\/paca.lpo.fr\/blogs\/nice\/2018\/03\/18\/sortie-migration-le-retour-dafrique-samedi-17-mars\/#primaryimage"},"thumbnailUrl":"https:\/\/paca.lpo.fr\/blogs\/nice\/files\/2018\/03\/blog-une.jpg","datePublished":"2018-03-18T13:40:46+00:00","breadcrumb":{"@id":"https:\/\/paca.lpo.fr\/blogs\/nice\/2018\/03\/18\/sortie-migration-le-retour-dafrique-samedi-17-mars\/#breadcrumb"},"inLanguage":"fr-FR","potentialAction":[{"@type":"ReadAction","target":["https:\/\/paca.lpo.fr\/blogs\/nice\/2018\/03\/18\/sortie-migration-le-retour-dafrique-samedi-17-mars\/"]}]},{"@type":"ImageObject","inLanguage":"fr-FR","@id":"https:\/\/paca.lpo.fr\/blogs\/nice\/2018\/03\/18\/sortie-migration-le-retour-dafrique-samedi-17-mars\/#primaryimage","url":"https:\/\/paca.lpo.fr\/blogs\/nice\/files\/2018\/03\/blog-une.jpg","contentUrl":"https:\/\/paca.lpo.fr\/blogs\/nice\/files\/2018\/03\/blog-une.jpg","width":818,"height":516,"caption":"Le soleil enfin!"},{"@type":"BreadcrumbList","@id":"https:\/\/paca.lpo.fr\/blogs\/nice\/2018\/03\/18\/sortie-migration-le-retour-dafrique-samedi-17-mars\/#breadcrumb","itemListElement":[{"@type":"ListItem","position":1,"name":"Accueil","item":"https:\/\/paca.lpo.fr\/blogs\/nice\/"},{"@type":"ListItem","position":2,"name":"Sortie migration \u00able retour d\u2019Afrique\u00bb samedi 17 mars"}]},{"@type":"WebSite","@id":"https:\/\/paca.lpo.fr\/blogs\/nice\/#website","url":"https:\/\/paca.lpo.fr\/blogs\/nice\/","name":"Groupe local Nice","description":"Groupe local Nice","publisher":{"@id":"https:\/\/paca.lpo.fr\/blogs\/nice\/#organization"},"potentialAction":[{"@type":"SearchAction","target":{"@type":"EntryPoint","urlTemplate":"https:\/\/paca.lpo.fr\/blogs\/nice\/?s={search_term_string}"},"query-input":{"@type":"PropertyValueSpecification","valueRequired":true,"valueName":"search_term_string"}}],"inLanguage":"fr-FR"},{"@type":"Organization","@id":"https:\/\/paca.lpo.fr\/blogs\/nice\/#organization","name":"Groupe local Nice","url":"https:\/\/paca.lpo.fr\/blogs\/nice\/","logo":{"@type":"ImageObject","inLanguage":"fr-FR","@id":"https:\/\/paca.lpo.fr\/blogs\/nice\/#\/schema\/logo\/image\/","url":"https:\/\/paca.lpo.fr\/blogs\/nice\/files\/2024\/01\/cropped-rvb-lpo-paca-logotype-signature-droite-mini-500.jpg","contentUrl":"https:\/\/paca.lpo.fr\/blogs\/nice\/files\/2024\/01\/cropped-rvb-lpo-paca-logotype-signature-droite-mini-500.jpg","width":500,"height":210,"caption":"Groupe local Nice"},"image":{"@id":"https:\/\/paca.lpo.fr\/blogs\/nice\/#\/schema\/logo\/image\/"}},{"@type":"Person","@id":"https:\/\/paca.lpo.fr\/blogs\/nice\/#\/schema\/person\/1bda33335fb71e0b3552487db26a4c56","name":"Groupe local Paillon-B\u00e9v\u00e9ra","image":{"@type":"ImageObject","inLanguage":"fr-FR","@id":"https:\/\/secure.gravatar.com\/avatar\/b1ee285506e2cb880ec988990d360e255aecb31c77212741dace1023623610c2?s=96&d=mm&r=g","url":"https:\/\/secure.gravatar.com\/avatar\/b1ee285506e2cb880ec988990d360e255aecb31c77212741dace1023623610c2?s=96&d=mm&r=g","contentUrl":"https:\/\/secure.gravatar.com\/avatar\/b1ee285506e2cb880ec988990d360e255aecb31c77212741dace1023623610c2?s=96&d=mm&r=g","caption":"Groupe local Paillon-B\u00e9v\u00e9ra"},"url":"https:\/\/paca.lpo.fr\/blogs\/nice\/author\/alpesmaritimesest\/"}]}},"jetpack_featured_media_url":"https:\/\/paca.lpo.fr\/blogs\/nice\/files\/2018\/03\/blog-une.jpg","_links":{"self":[{"href":"https:\/\/paca.lpo.fr\/blogs\/nice\/wp-json\/wp\/v2\/posts\/2114","targetHints":{"allow":["GET"]}}],"collection":[{"href":"https:\/\/paca.lpo.fr\/blogs\/nice\/wp-json\/wp\/v2\/posts"}],"about":[{"href":"https:\/\/paca.lpo.fr\/blogs\/nice\/wp-json\/wp\/v2\/types\/post"}],"author":[{"embeddable":true,"href":"https:\/\/paca.lpo.fr\/blogs\/nice\/wp-json\/wp\/v2\/users\/15"}],"replies":[{"embeddable":true,"href":"https:\/\/paca.lpo.fr\/blogs\/nice\/wp-json\/wp\/v2\/comments?post=2114"}],"version-history":[{"count":1,"href":"https:\/\/paca.lpo.fr\/blogs\/nice\/wp-json\/wp\/v2\/posts\/2114\/revisions"}],"predecessor-version":[{"id":2118,"href":"https:\/\/paca.lpo.fr\/blogs\/nice\/wp-json\/wp\/v2\/posts\/2114\/revisions\/2118"}],"wp:featuredmedia":[{"embeddable":true,"href":"https:\/\/paca.lpo.fr\/blogs\/nice\/wp-json\/wp\/v2\/media\/2117"}],"wp:attachment":[{"href":"https:\/\/paca.lpo.fr\/blogs\/nice\/wp-json\/wp\/v2\/media?parent=2114"}],"wp:term":[{"taxonomy":"category","embeddable":true,"href":"https:\/\/paca.lpo.fr\/blogs\/nice\/wp-json\/wp\/v2\/categories?post=2114"},{"taxonomy":"post_tag","embeddable":true,"href":"https:\/\/paca.lpo.fr\/blogs\/nice\/wp-json\/wp\/v2\/tags?post=2114"}],"curies":[{"name":"wp","href":"https:\/\/api.w.org\/{rel}","templated":true}]}}