{"id":2162,"date":"2018-04-30T17:38:45","date_gmt":"2018-04-30T16:38:45","guid":{"rendered":"https:\/\/paca.lpo.fr\/blogs\/nice\/?p=2162"},"modified":"2018-05-02T12:23:36","modified_gmt":"2018-05-02T11:23:36","slug":"sortie-nature-a-segra-le-29-avril-2018","status":"publish","type":"post","link":"https:\/\/paca.lpo.fr\/blogs\/nice\/2018\/04\/30\/sortie-nature-a-segra-le-29-avril-2018\/","title":{"rendered":"Sortie nature \u00e0 S\u00e9gra le 29 avril 2018"},"content":{"rendered":"<p>Une belle sortie d&rsquo;observation sur les communes de Castillon, Peille et Sospel pour 10 participants. Malgr\u00e9 les pr\u00e9visions mitig\u00e9es le temps est rest\u00e9 beau jusqu&rsquo;\u00e0 la fin de la balade, qui a permis de belles observations d&rsquo;oiseaux, d&rsquo;insectes, de fleurs sauvages et des traces de mammif\u00e8res (cerf, sanglier&#8230;). Un petit orvet fragile a \u00e9t\u00e9 trouv\u00e9 mort malheureusement, probablement \u00e9cras\u00e9 par un VTT. Des bondr\u00e9es apivore et busards des roseaux nous ont survol\u00e9s en migration vers l&rsquo;est, et d&rsquo;autres rapaces comme des aigles, circa\u00e8tes, \u00e9pervier d&rsquo;Europe et faucon cr\u00e9cerelle ont \u00e9t\u00e9 vus, sur ce secteur qui est prospect\u00e9 en ce moment par les b\u00e9n\u00e9voles dans le cadre de l&rsquo;enqu\u00eate rapace diurne nicheur LPO\/CNRS.<br \/>\n<figure id=\"attachment_2164\" aria-describedby=\"caption-attachment-2164\" style=\"width: 660px\" class=\"wp-caption alignnone\"><img loading=\"lazy\" decoding=\"async\" src=\"https:\/\/paca.lpo.fr\/blogs\/nice\/files\/2018\/04\/blog1-960x720.jpg\" alt=\"\" width=\"660\" height=\"495\" class=\"size-large wp-image-2164\" srcset=\"https:\/\/paca.lpo.fr\/blogs\/nice\/files\/2018\/04\/blog1-960x720.jpg 960w, https:\/\/paca.lpo.fr\/blogs\/nice\/files\/2018\/04\/blog1-480x360.jpg 480w, https:\/\/paca.lpo.fr\/blogs\/nice\/files\/2018\/04\/blog1-768x576.jpg 768w, https:\/\/paca.lpo.fr\/blogs\/nice\/files\/2018\/04\/blog1-700x525.jpg 700w, https:\/\/paca.lpo.fr\/blogs\/nice\/files\/2018\/04\/blog1.jpg 1000w\" sizes=\"auto, (max-width: 660px) 100vw, 660px\" \/><figcaption id=\"caption-attachment-2164\" class=\"wp-caption-text\">Recherche de traces de mammif\u00e8res dans la boue<\/figcaption><\/figure><br \/>\n<figure id=\"attachment_2165\" aria-describedby=\"caption-attachment-2165\" style=\"width: 850px\" class=\"wp-caption alignnone\"><img loading=\"lazy\" decoding=\"async\" src=\"https:\/\/paca.lpo.fr\/blogs\/nice\/files\/2018\/04\/blog4.jpg\" alt=\"\" width=\"850\" height=\"587\" class=\"size-full wp-image-2165\" srcset=\"https:\/\/paca.lpo.fr\/blogs\/nice\/files\/2018\/04\/blog4.jpg 850w, https:\/\/paca.lpo.fr\/blogs\/nice\/files\/2018\/04\/blog4-480x331.jpg 480w, https:\/\/paca.lpo.fr\/blogs\/nice\/files\/2018\/04\/blog4-768x530.jpg 768w, https:\/\/paca.lpo.fr\/blogs\/nice\/files\/2018\/04\/blog4-700x483.jpg 700w\" sizes=\"auto, (max-width: 850px) 100vw, 850px\" \/><figcaption id=\"caption-attachment-2165\" class=\"wp-caption-text\">De nombreux petits animaux sympathiques, comme ce Scarabaeus (Ateuchetus) Laticollis<\/figcaption><\/figure><br \/>\n<figure id=\"attachment_2166\" aria-describedby=\"caption-attachment-2166\" style=\"width: 660px\" class=\"wp-caption alignnone\"><img loading=\"lazy\" decoding=\"async\" src=\"https:\/\/paca.lpo.fr\/blogs\/nice\/files\/2018\/04\/blog5-960x713.jpg\" alt=\"\" width=\"660\" height=\"490\" class=\"size-large wp-image-2166\" srcset=\"https:\/\/paca.lpo.fr\/blogs\/nice\/files\/2018\/04\/blog5-960x713.jpg 960w, https:\/\/paca.lpo.fr\/blogs\/nice\/files\/2018\/04\/blog5-480x356.jpg 480w, https:\/\/paca.lpo.fr\/blogs\/nice\/files\/2018\/04\/blog5-768x570.jpg 768w, https:\/\/paca.lpo.fr\/blogs\/nice\/files\/2018\/04\/blog5-700x520.jpg 700w, https:\/\/paca.lpo.fr\/blogs\/nice\/files\/2018\/04\/blog5.jpg 998w\" sizes=\"auto, (max-width: 660px) 100vw, 660px\" \/><figcaption id=\"caption-attachment-2166\" class=\"wp-caption-text\">Le groupe recherche les passereaux nicheurs et chanteurs<\/figcaption><\/figure><\/p>\n","protected":false},"excerpt":{"rendered":"<p>Une belle sortie d&rsquo;observation sur les communes de Castillon, Peille et Sospel pour 10 participants. Malgr\u00e9 les pr\u00e9visions mitig\u00e9es le temps est rest\u00e9 beau jusqu&rsquo;\u00e0 la fin de la balade, qui a permis de belles observations d&rsquo;oiseaux, d&rsquo;insectes, de fleurs sauvages et des traces de mammif\u00e8res (cerf, sanglier&#8230;). Un petit orvet fragile a \u00e9t\u00e9 trouv\u00e9 [&hellip;]<\/p>\n","protected":false},"author":15,"featured_media":2167,"comment_status":"open","ping_status":"open","sticky":false,"template":"","format":"standard","meta":{"footnotes":""},"categories":[1],"tags":[],"class_list":["post-2162","post","type-post","status-publish","format-standard","has-post-thumbnail","hentry","category-sorties-nature"],"yoast_head":"<!-- This site is optimized with the Yoast SEO plugin v28.3 - https:\/\/yoast.com\/product\/yoast-seo-wordpress\/ -->\n<title>Sortie nature \u00e0 S\u00e9gra le 29 avril 2018 - Groupe local Nice<\/title>\n<meta name=\"robots\" content=\"index, follow, max-snippet:-1, max-image-preview:large, max-video-preview:-1\" \/>\n<link rel=\"canonical\" href=\"https:\/\/paca.lpo.fr\/blogs\/nice\/2018\/04\/30\/sortie-nature-a-segra-le-29-avril-2018\/\" \/>\n<meta property=\"og:locale\" content=\"fr_FR\" \/>\n<meta property=\"og:type\" content=\"article\" \/>\n<meta property=\"og:title\" content=\"Sortie nature \u00e0 S\u00e9gra le 29 avril 2018 - Groupe local Nice\" \/>\n<meta property=\"og:description\" content=\"Une belle sortie d&rsquo;observation sur les communes de Castillon, Peille et Sospel pour 10 participants. Malgr\u00e9 les pr\u00e9visions mitig\u00e9es le temps est rest\u00e9 beau jusqu&rsquo;\u00e0 la fin de la balade, qui a permis de belles observations d&rsquo;oiseaux, d&rsquo;insectes, de fleurs sauvages et des traces de mammif\u00e8res (cerf, sanglier&#8230;). Un petit orvet fragile a \u00e9t\u00e9 trouv\u00e9 [&hellip;]\" \/>\n<meta property=\"og:url\" content=\"https:\/\/paca.lpo.fr\/blogs\/nice\/2018\/04\/30\/sortie-nature-a-segra-le-29-avril-2018\/\" \/>\n<meta property=\"og:site_name\" content=\"Groupe local Nice\" \/>\n<meta property=\"article:published_time\" content=\"2018-04-30T16:38:45+00:00\" \/>\n<meta property=\"article:modified_time\" content=\"2018-05-02T11:23:36+00:00\" \/>\n<meta property=\"og:image\" content=\"https:\/\/paca.lpo.fr\/blogs\/nice\/files\/2018\/04\/blog-une-2.jpg\" \/>\n\t<meta property=\"og:image:width\" content=\"712\" \/>\n\t<meta property=\"og:image:height\" content=\"477\" \/>\n\t<meta property=\"og:image:type\" content=\"image\/jpeg\" \/>\n<meta name=\"author\" content=\"Groupe local Paillon-B\u00e9v\u00e9ra\" \/>\n<meta name=\"twitter:card\" content=\"summary_large_image\" \/>\n<meta name=\"twitter:label1\" content=\"\u00c9crit par\" \/>\n\t<meta name=\"twitter:data1\" content=\"Groupe local Paillon-B\u00e9v\u00e9ra\" \/>\n\t<meta name=\"twitter:label2\" content=\"Dur\u00e9e de lecture estim\u00e9e\" \/>\n\t<meta name=\"twitter:data2\" content=\"1 minute\" \/>\n<script type=\"application\/ld+json\" class=\"yoast-schema-graph\">{\"@context\":\"https:\\\/\\\/schema.org\",\"@graph\":[{\"@type\":\"Article\",\"@id\":\"https:\\\/\\\/paca.lpo.fr\\\/blogs\\\/nice\\\/2018\\\/04\\\/30\\\/sortie-nature-a-segra-le-29-avril-2018\\\/#article\",\"isPartOf\":{\"@id\":\"https:\\\/\\\/paca.lpo.fr\\\/blogs\\\/nice\\\/2018\\\/04\\\/30\\\/sortie-nature-a-segra-le-29-avril-2018\\\/\"},\"author\":{\"name\":\"Groupe local Paillon-B\u00e9v\u00e9ra\",\"@id\":\"https:\\\/\\\/paca.lpo.fr\\\/blogs\\\/nice\\\/#\\\/schema\\\/person\\\/1bda33335fb71e0b3552487db26a4c56\"},\"headline\":\"Sortie nature \u00e0 S\u00e9gra le 29 avril 2018\",\"datePublished\":\"2018-04-30T16:38:45+00:00\",\"dateModified\":\"2018-05-02T11:23:36+00:00\",\"mainEntityOfPage\":{\"@id\":\"https:\\\/\\\/paca.lpo.fr\\\/blogs\\\/nice\\\/2018\\\/04\\\/30\\\/sortie-nature-a-segra-le-29-avril-2018\\\/\"},\"wordCount\":183,\"commentCount\":0,\"publisher\":{\"@id\":\"https:\\\/\\\/paca.lpo.fr\\\/blogs\\\/nice\\\/#organization\"},\"image\":{\"@id\":\"https:\\\/\\\/paca.lpo.fr\\\/blogs\\\/nice\\\/2018\\\/04\\\/30\\\/sortie-nature-a-segra-le-29-avril-2018\\\/#primaryimage\"},\"thumbnailUrl\":\"https:\\\/\\\/paca.lpo.fr\\\/blogs\\\/nice\\\/files\\\/2018\\\/04\\\/blog-une-2.jpg\",\"articleSection\":[\"grands \u00e9v\u00e8nements\"],\"inLanguage\":\"fr-FR\",\"potentialAction\":[{\"@type\":\"CommentAction\",\"name\":\"Comment\",\"target\":[\"https:\\\/\\\/paca.lpo.fr\\\/blogs\\\/nice\\\/2018\\\/04\\\/30\\\/sortie-nature-a-segra-le-29-avril-2018\\\/#respond\"]}]},{\"@type\":\"WebPage\",\"@id\":\"https:\\\/\\\/paca.lpo.fr\\\/blogs\\\/nice\\\/2018\\\/04\\\/30\\\/sortie-nature-a-segra-le-29-avril-2018\\\/\",\"url\":\"https:\\\/\\\/paca.lpo.fr\\\/blogs\\\/nice\\\/2018\\\/04\\\/30\\\/sortie-nature-a-segra-le-29-avril-2018\\\/\",\"name\":\"Sortie nature \u00e0 S\u00e9gra le 29 avril 2018 - Groupe local Nice\",\"isPartOf\":{\"@id\":\"https:\\\/\\\/paca.lpo.fr\\\/blogs\\\/nice\\\/#website\"},\"primaryImageOfPage\":{\"@id\":\"https:\\\/\\\/paca.lpo.fr\\\/blogs\\\/nice\\\/2018\\\/04\\\/30\\\/sortie-nature-a-segra-le-29-avril-2018\\\/#primaryimage\"},\"image\":{\"@id\":\"https:\\\/\\\/paca.lpo.fr\\\/blogs\\\/nice\\\/2018\\\/04\\\/30\\\/sortie-nature-a-segra-le-29-avril-2018\\\/#primaryimage\"},\"thumbnailUrl\":\"https:\\\/\\\/paca.lpo.fr\\\/blogs\\\/nice\\\/files\\\/2018\\\/04\\\/blog-une-2.jpg\",\"datePublished\":\"2018-04-30T16:38:45+00:00\",\"dateModified\":\"2018-05-02T11:23:36+00:00\",\"breadcrumb\":{\"@id\":\"https:\\\/\\\/paca.lpo.fr\\\/blogs\\\/nice\\\/2018\\\/04\\\/30\\\/sortie-nature-a-segra-le-29-avril-2018\\\/#breadcrumb\"},\"inLanguage\":\"fr-FR\",\"potentialAction\":[{\"@type\":\"ReadAction\",\"target\":[\"https:\\\/\\\/paca.lpo.fr\\\/blogs\\\/nice\\\/2018\\\/04\\\/30\\\/sortie-nature-a-segra-le-29-avril-2018\\\/\"]}]},{\"@type\":\"ImageObject\",\"inLanguage\":\"fr-FR\",\"@id\":\"https:\\\/\\\/paca.lpo.fr\\\/blogs\\\/nice\\\/2018\\\/04\\\/30\\\/sortie-nature-a-segra-le-29-avril-2018\\\/#primaryimage\",\"url\":\"https:\\\/\\\/paca.lpo.fr\\\/blogs\\\/nice\\\/files\\\/2018\\\/04\\\/blog-une-2.jpg\",\"contentUrl\":\"https:\\\/\\\/paca.lpo.fr\\\/blogs\\\/nice\\\/files\\\/2018\\\/04\\\/blog-une-2.jpg\",\"width\":712,\"height\":477,\"caption\":\"Muscari \u00e0 grappe (Muscari neglectum)\"},{\"@type\":\"BreadcrumbList\",\"@id\":\"https:\\\/\\\/paca.lpo.fr\\\/blogs\\\/nice\\\/2018\\\/04\\\/30\\\/sortie-nature-a-segra-le-29-avril-2018\\\/#breadcrumb\",\"itemListElement\":[{\"@type\":\"ListItem\",\"position\":1,\"name\":\"Accueil\",\"item\":\"https:\\\/\\\/paca.lpo.fr\\\/blogs\\\/nice\\\/\"},{\"@type\":\"ListItem\",\"position\":2,\"name\":\"Sortie nature \u00e0 S\u00e9gra le 29 avril 2018\"}]},{\"@type\":\"WebSite\",\"@id\":\"https:\\\/\\\/paca.lpo.fr\\\/blogs\\\/nice\\\/#website\",\"url\":\"https:\\\/\\\/paca.lpo.fr\\\/blogs\\\/nice\\\/\",\"name\":\"Groupe local Nice\",\"description\":\"Groupe local Nice\",\"publisher\":{\"@id\":\"https:\\\/\\\/paca.lpo.fr\\\/blogs\\\/nice\\\/#organization\"},\"potentialAction\":[{\"@type\":\"SearchAction\",\"target\":{\"@type\":\"EntryPoint\",\"urlTemplate\":\"https:\\\/\\\/paca.lpo.fr\\\/blogs\\\/nice\\\/?s={search_term_string}\"},\"query-input\":{\"@type\":\"PropertyValueSpecification\",\"valueRequired\":true,\"valueName\":\"search_term_string\"}}],\"inLanguage\":\"fr-FR\"},{\"@type\":\"Organization\",\"@id\":\"https:\\\/\\\/paca.lpo.fr\\\/blogs\\\/nice\\\/#organization\",\"name\":\"Groupe local Nice\",\"url\":\"https:\\\/\\\/paca.lpo.fr\\\/blogs\\\/nice\\\/\",\"logo\":{\"@type\":\"ImageObject\",\"inLanguage\":\"fr-FR\",\"@id\":\"https:\\\/\\\/paca.lpo.fr\\\/blogs\\\/nice\\\/#\\\/schema\\\/logo\\\/image\\\/\",\"url\":\"https:\\\/\\\/paca.lpo.fr\\\/blogs\\\/nice\\\/files\\\/2024\\\/01\\\/cropped-rvb-lpo-paca-logotype-signature-droite-mini-500.jpg\",\"contentUrl\":\"https:\\\/\\\/paca.lpo.fr\\\/blogs\\\/nice\\\/files\\\/2024\\\/01\\\/cropped-rvb-lpo-paca-logotype-signature-droite-mini-500.jpg\",\"width\":500,\"height\":210,\"caption\":\"Groupe local Nice\"},\"image\":{\"@id\":\"https:\\\/\\\/paca.lpo.fr\\\/blogs\\\/nice\\\/#\\\/schema\\\/logo\\\/image\\\/\"}},{\"@type\":\"Person\",\"@id\":\"https:\\\/\\\/paca.lpo.fr\\\/blogs\\\/nice\\\/#\\\/schema\\\/person\\\/1bda33335fb71e0b3552487db26a4c56\",\"name\":\"Groupe local Paillon-B\u00e9v\u00e9ra\",\"image\":{\"@type\":\"ImageObject\",\"inLanguage\":\"fr-FR\",\"@id\":\"https:\\\/\\\/secure.gravatar.com\\\/avatar\\\/b1ee285506e2cb880ec988990d360e255aecb31c77212741dace1023623610c2?s=96&d=mm&r=g\",\"url\":\"https:\\\/\\\/secure.gravatar.com\\\/avatar\\\/b1ee285506e2cb880ec988990d360e255aecb31c77212741dace1023623610c2?s=96&d=mm&r=g\",\"contentUrl\":\"https:\\\/\\\/secure.gravatar.com\\\/avatar\\\/b1ee285506e2cb880ec988990d360e255aecb31c77212741dace1023623610c2?s=96&d=mm&r=g\",\"caption\":\"Groupe local Paillon-B\u00e9v\u00e9ra\"},\"url\":\"https:\\\/\\\/paca.lpo.fr\\\/blogs\\\/nice\\\/author\\\/alpesmaritimesest\\\/\"}]}<\/script>\n<!-- \/ Yoast SEO plugin. -->","yoast_head_json":{"title":"Sortie nature \u00e0 S\u00e9gra le 29 avril 2018 - Groupe local Nice","robots":{"index":"index","follow":"follow","max-snippet":"max-snippet:-1","max-image-preview":"max-image-preview:large","max-video-preview":"max-video-preview:-1"},"canonical":"https:\/\/paca.lpo.fr\/blogs\/nice\/2018\/04\/30\/sortie-nature-a-segra-le-29-avril-2018\/","og_locale":"fr_FR","og_type":"article","og_title":"Sortie nature \u00e0 S\u00e9gra le 29 avril 2018 - Groupe local Nice","og_description":"Une belle sortie d&rsquo;observation sur les communes de Castillon, Peille et Sospel pour 10 participants. Malgr\u00e9 les pr\u00e9visions mitig\u00e9es le temps est rest\u00e9 beau jusqu&rsquo;\u00e0 la fin de la balade, qui a permis de belles observations d&rsquo;oiseaux, d&rsquo;insectes, de fleurs sauvages et des traces de mammif\u00e8res (cerf, sanglier&#8230;). Un petit orvet fragile a \u00e9t\u00e9 trouv\u00e9 [&hellip;]","og_url":"https:\/\/paca.lpo.fr\/blogs\/nice\/2018\/04\/30\/sortie-nature-a-segra-le-29-avril-2018\/","og_site_name":"Groupe local Nice","article_published_time":"2018-04-30T16:38:45+00:00","article_modified_time":"2018-05-02T11:23:36+00:00","og_image":[{"width":712,"height":477,"url":"https:\/\/paca.lpo.fr\/blogs\/nice\/files\/2018\/04\/blog-une-2.jpg","type":"image\/jpeg"}],"author":"Groupe local Paillon-B\u00e9v\u00e9ra","twitter_card":"summary_large_image","twitter_misc":{"\u00c9crit par":"Groupe local Paillon-B\u00e9v\u00e9ra","Dur\u00e9e de lecture estim\u00e9e":"1 minute"},"schema":{"@context":"https:\/\/schema.org","@graph":[{"@type":"Article","@id":"https:\/\/paca.lpo.fr\/blogs\/nice\/2018\/04\/30\/sortie-nature-a-segra-le-29-avril-2018\/#article","isPartOf":{"@id":"https:\/\/paca.lpo.fr\/blogs\/nice\/2018\/04\/30\/sortie-nature-a-segra-le-29-avril-2018\/"},"author":{"name":"Groupe local Paillon-B\u00e9v\u00e9ra","@id":"https:\/\/paca.lpo.fr\/blogs\/nice\/#\/schema\/person\/1bda33335fb71e0b3552487db26a4c56"},"headline":"Sortie nature \u00e0 S\u00e9gra le 29 avril 2018","datePublished":"2018-04-30T16:38:45+00:00","dateModified":"2018-05-02T11:23:36+00:00","mainEntityOfPage":{"@id":"https:\/\/paca.lpo.fr\/blogs\/nice\/2018\/04\/30\/sortie-nature-a-segra-le-29-avril-2018\/"},"wordCount":183,"commentCount":0,"publisher":{"@id":"https:\/\/paca.lpo.fr\/blogs\/nice\/#organization"},"image":{"@id":"https:\/\/paca.lpo.fr\/blogs\/nice\/2018\/04\/30\/sortie-nature-a-segra-le-29-avril-2018\/#primaryimage"},"thumbnailUrl":"https:\/\/paca.lpo.fr\/blogs\/nice\/files\/2018\/04\/blog-une-2.jpg","articleSection":["grands \u00e9v\u00e8nements"],"inLanguage":"fr-FR","potentialAction":[{"@type":"CommentAction","name":"Comment","target":["https:\/\/paca.lpo.fr\/blogs\/nice\/2018\/04\/30\/sortie-nature-a-segra-le-29-avril-2018\/#respond"]}]},{"@type":"WebPage","@id":"https:\/\/paca.lpo.fr\/blogs\/nice\/2018\/04\/30\/sortie-nature-a-segra-le-29-avril-2018\/","url":"https:\/\/paca.lpo.fr\/blogs\/nice\/2018\/04\/30\/sortie-nature-a-segra-le-29-avril-2018\/","name":"Sortie nature \u00e0 S\u00e9gra le 29 avril 2018 - Groupe local Nice","isPartOf":{"@id":"https:\/\/paca.lpo.fr\/blogs\/nice\/#website"},"primaryImageOfPage":{"@id":"https:\/\/paca.lpo.fr\/blogs\/nice\/2018\/04\/30\/sortie-nature-a-segra-le-29-avril-2018\/#primaryimage"},"image":{"@id":"https:\/\/paca.lpo.fr\/blogs\/nice\/2018\/04\/30\/sortie-nature-a-segra-le-29-avril-2018\/#primaryimage"},"thumbnailUrl":"https:\/\/paca.lpo.fr\/blogs\/nice\/files\/2018\/04\/blog-une-2.jpg","datePublished":"2018-04-30T16:38:45+00:00","dateModified":"2018-05-02T11:23:36+00:00","breadcrumb":{"@id":"https:\/\/paca.lpo.fr\/blogs\/nice\/2018\/04\/30\/sortie-nature-a-segra-le-29-avril-2018\/#breadcrumb"},"inLanguage":"fr-FR","potentialAction":[{"@type":"ReadAction","target":["https:\/\/paca.lpo.fr\/blogs\/nice\/2018\/04\/30\/sortie-nature-a-segra-le-29-avril-2018\/"]}]},{"@type":"ImageObject","inLanguage":"fr-FR","@id":"https:\/\/paca.lpo.fr\/blogs\/nice\/2018\/04\/30\/sortie-nature-a-segra-le-29-avril-2018\/#primaryimage","url":"https:\/\/paca.lpo.fr\/blogs\/nice\/files\/2018\/04\/blog-une-2.jpg","contentUrl":"https:\/\/paca.lpo.fr\/blogs\/nice\/files\/2018\/04\/blog-une-2.jpg","width":712,"height":477,"caption":"Muscari \u00e0 grappe (Muscari neglectum)"},{"@type":"BreadcrumbList","@id":"https:\/\/paca.lpo.fr\/blogs\/nice\/2018\/04\/30\/sortie-nature-a-segra-le-29-avril-2018\/#breadcrumb","itemListElement":[{"@type":"ListItem","position":1,"name":"Accueil","item":"https:\/\/paca.lpo.fr\/blogs\/nice\/"},{"@type":"ListItem","position":2,"name":"Sortie nature \u00e0 S\u00e9gra le 29 avril 2018"}]},{"@type":"WebSite","@id":"https:\/\/paca.lpo.fr\/blogs\/nice\/#website","url":"https:\/\/paca.lpo.fr\/blogs\/nice\/","name":"Groupe local Nice","description":"Groupe local Nice","publisher":{"@id":"https:\/\/paca.lpo.fr\/blogs\/nice\/#organization"},"potentialAction":[{"@type":"SearchAction","target":{"@type":"EntryPoint","urlTemplate":"https:\/\/paca.lpo.fr\/blogs\/nice\/?s={search_term_string}"},"query-input":{"@type":"PropertyValueSpecification","valueRequired":true,"valueName":"search_term_string"}}],"inLanguage":"fr-FR"},{"@type":"Organization","@id":"https:\/\/paca.lpo.fr\/blogs\/nice\/#organization","name":"Groupe local Nice","url":"https:\/\/paca.lpo.fr\/blogs\/nice\/","logo":{"@type":"ImageObject","inLanguage":"fr-FR","@id":"https:\/\/paca.lpo.fr\/blogs\/nice\/#\/schema\/logo\/image\/","url":"https:\/\/paca.lpo.fr\/blogs\/nice\/files\/2024\/01\/cropped-rvb-lpo-paca-logotype-signature-droite-mini-500.jpg","contentUrl":"https:\/\/paca.lpo.fr\/blogs\/nice\/files\/2024\/01\/cropped-rvb-lpo-paca-logotype-signature-droite-mini-500.jpg","width":500,"height":210,"caption":"Groupe local Nice"},"image":{"@id":"https:\/\/paca.lpo.fr\/blogs\/nice\/#\/schema\/logo\/image\/"}},{"@type":"Person","@id":"https:\/\/paca.lpo.fr\/blogs\/nice\/#\/schema\/person\/1bda33335fb71e0b3552487db26a4c56","name":"Groupe local Paillon-B\u00e9v\u00e9ra","image":{"@type":"ImageObject","inLanguage":"fr-FR","@id":"https:\/\/secure.gravatar.com\/avatar\/b1ee285506e2cb880ec988990d360e255aecb31c77212741dace1023623610c2?s=96&d=mm&r=g","url":"https:\/\/secure.gravatar.com\/avatar\/b1ee285506e2cb880ec988990d360e255aecb31c77212741dace1023623610c2?s=96&d=mm&r=g","contentUrl":"https:\/\/secure.gravatar.com\/avatar\/b1ee285506e2cb880ec988990d360e255aecb31c77212741dace1023623610c2?s=96&d=mm&r=g","caption":"Groupe local Paillon-B\u00e9v\u00e9ra"},"url":"https:\/\/paca.lpo.fr\/blogs\/nice\/author\/alpesmaritimesest\/"}]}},"jetpack_featured_media_url":"https:\/\/paca.lpo.fr\/blogs\/nice\/files\/2018\/04\/blog-une-2.jpg","_links":{"self":[{"href":"https:\/\/paca.lpo.fr\/blogs\/nice\/wp-json\/wp\/v2\/posts\/2162","targetHints":{"allow":["GET"]}}],"collection":[{"href":"https:\/\/paca.lpo.fr\/blogs\/nice\/wp-json\/wp\/v2\/posts"}],"about":[{"href":"https:\/\/paca.lpo.fr\/blogs\/nice\/wp-json\/wp\/v2\/types\/post"}],"author":[{"embeddable":true,"href":"https:\/\/paca.lpo.fr\/blogs\/nice\/wp-json\/wp\/v2\/users\/15"}],"replies":[{"embeddable":true,"href":"https:\/\/paca.lpo.fr\/blogs\/nice\/wp-json\/wp\/v2\/comments?post=2162"}],"version-history":[{"count":4,"href":"https:\/\/paca.lpo.fr\/blogs\/nice\/wp-json\/wp\/v2\/posts\/2162\/revisions"}],"predecessor-version":[{"id":2177,"href":"https:\/\/paca.lpo.fr\/blogs\/nice\/wp-json\/wp\/v2\/posts\/2162\/revisions\/2177"}],"wp:featuredmedia":[{"embeddable":true,"href":"https:\/\/paca.lpo.fr\/blogs\/nice\/wp-json\/wp\/v2\/media\/2167"}],"wp:attachment":[{"href":"https:\/\/paca.lpo.fr\/blogs\/nice\/wp-json\/wp\/v2\/media?parent=2162"}],"wp:term":[{"taxonomy":"category","embeddable":true,"href":"https:\/\/paca.lpo.fr\/blogs\/nice\/wp-json\/wp\/v2\/categories?post=2162"},{"taxonomy":"post_tag","embeddable":true,"href":"https:\/\/paca.lpo.fr\/blogs\/nice\/wp-json\/wp\/v2\/tags?post=2162"}],"curies":[{"name":"wp","href":"https:\/\/api.w.org\/{rel}","templated":true}]}}