{"id":2187,"date":"2018-05-21T15:07:48","date_gmt":"2018-05-21T14:07:48","guid":{"rendered":"https:\/\/paca.lpo.fr\/blogs\/nice\/?p=2187"},"modified":"2018-05-21T15:08:57","modified_gmt":"2018-05-21T14:08:57","slug":"sortie-avec-team-rando-falicon","status":"publish","type":"post","link":"https:\/\/paca.lpo.fr\/blogs\/nice\/2018\/05\/21\/sortie-avec-team-rando-falicon\/","title":{"rendered":"Sortie avec Team Rando Falicon"},"content":{"rendered":"<p>Une sortie guid\u00e9e par des b\u00e9n\u00e9voles du groupe pour 12 sympathiques membres du club Team Rando Falicon ce samedi 12 mai.<br \/>\n<figure id=\"attachment_2189\" aria-describedby=\"caption-attachment-2189\" style=\"width: 959px\" class=\"wp-caption alignnone\"><img loading=\"lazy\" decoding=\"async\" src=\"https:\/\/paca.lpo.fr\/blogs\/nice\/files\/2018\/05\/blog-1.jpg\" alt=\"\" width=\"959\" height=\"719\" class=\"size-full wp-image-2189\" srcset=\"https:\/\/paca.lpo.fr\/blogs\/nice\/files\/2018\/05\/blog-1.jpg 959w, https:\/\/paca.lpo.fr\/blogs\/nice\/files\/2018\/05\/blog-1-480x360.jpg 480w, https:\/\/paca.lpo.fr\/blogs\/nice\/files\/2018\/05\/blog-1-768x576.jpg 768w, https:\/\/paca.lpo.fr\/blogs\/nice\/files\/2018\/05\/blog-1-700x525.jpg 700w\" sizes=\"auto, (max-width: 959px) 100vw, 959px\" \/><figcaption id=\"caption-attachment-2189\" class=\"wp-caption-text\">bst<\/figcaption><\/figure><br \/>\nD\u00e8s notre arriv\u00e9e au lieu de rendez-vous au Col de Ch\u00e2teauneuf de Villevieille les bondr\u00e9es apivores passaient en migration. Ensuite notre balade jusqu&rsquo;au Mont Macaron nous a permis d&rsquo;observer des fauvettes, m\u00e9sanges, pouillots de bonelli, pinsons des arbres, circa\u00e8te et faucon cr\u00e9cerelle. Mais nos \u00ab\u00a0vedettes\u00a0\u00bb de la journ\u00e9e ont \u00e9t\u00e9 les coucous gris, entendus souvent et vus tr\u00e8s clairement et assez longuement pos\u00e9s aux sommets des arbres.<br \/>\n<figure id=\"attachment_2191\" aria-describedby=\"caption-attachment-2191\" style=\"width: 900px\" class=\"wp-caption alignnone\"><img loading=\"lazy\" decoding=\"async\" src=\"https:\/\/paca.lpo.fr\/blogs\/nice\/files\/2018\/05\/coucou-ruines.jpg\" alt=\"\" width=\"900\" height=\"647\" class=\"size-full wp-image-2191\" srcset=\"https:\/\/paca.lpo.fr\/blogs\/nice\/files\/2018\/05\/coucou-ruines.jpg 900w, https:\/\/paca.lpo.fr\/blogs\/nice\/files\/2018\/05\/coucou-ruines-480x345.jpg 480w, https:\/\/paca.lpo.fr\/blogs\/nice\/files\/2018\/05\/coucou-ruines-768x552.jpg 768w, https:\/\/paca.lpo.fr\/blogs\/nice\/files\/2018\/05\/coucou-ruines-700x503.jpg 700w\" sizes=\"auto, (max-width: 900px) 100vw, 900px\" \/><figcaption id=\"caption-attachment-2191\" class=\"wp-caption-text\">Un coucou qui chante pr\u00e8s des ruines de Ch\u00e2teauneuf<\/figcaption><\/figure><br \/>\nLe groupe est rest\u00e9 peu de temps au Mont Macaron, la brume emp\u00eachant de nouvelles observations d&rsquo;oiseaux migrateurs.<br \/>\n<figure id=\"attachment_2190\" aria-describedby=\"caption-attachment-2190\" style=\"width: 660px\" class=\"wp-caption alignnone\"><img loading=\"lazy\" decoding=\"async\" src=\"https:\/\/paca.lpo.fr\/blogs\/nice\/files\/2018\/05\/blog2-960x699.jpg\" alt=\"\" width=\"660\" height=\"481\" class=\"size-large wp-image-2190\" srcset=\"https:\/\/paca.lpo.fr\/blogs\/nice\/files\/2018\/05\/blog2-960x699.jpg 960w, https:\/\/paca.lpo.fr\/blogs\/nice\/files\/2018\/05\/blog2-480x349.jpg 480w, https:\/\/paca.lpo.fr\/blogs\/nice\/files\/2018\/05\/blog2-768x559.jpg 768w, https:\/\/paca.lpo.fr\/blogs\/nice\/files\/2018\/05\/blog2-700x509.jpg 700w, https:\/\/paca.lpo.fr\/blogs\/nice\/files\/2018\/05\/blog2.jpg 995w\" sizes=\"auto, (max-width: 660px) 100vw, 660px\" \/><figcaption id=\"caption-attachment-2190\" class=\"wp-caption-text\">pinson des arbres m\u00e2le chanteur<\/figcaption><\/figure> <\/p>\n","protected":false},"excerpt":{"rendered":"<p>Une sortie guid\u00e9e par des b\u00e9n\u00e9voles du groupe pour 12 sympathiques membres du club Team Rando Falicon ce samedi 12 mai. D\u00e8s notre arriv\u00e9e au lieu de rendez-vous au Col de Ch\u00e2teauneuf de Villevieille les bondr\u00e9es apivores passaient en migration. Ensuite notre balade jusqu&rsquo;au Mont Macaron nous a permis d&rsquo;observer des fauvettes, m\u00e9sanges, pouillots de [&hellip;]<\/p>\n","protected":false},"author":15,"featured_media":2188,"comment_status":"open","ping_status":"open","sticky":false,"template":"","format":"standard","meta":{"footnotes":""},"categories":[1],"tags":[],"class_list":["post-2187","post","type-post","status-publish","format-standard","has-post-thumbnail","hentry","category-sorties-nature"],"yoast_head":"<!-- This site is optimized with the Yoast SEO plugin v28.3 - https:\/\/yoast.com\/product\/yoast-seo-wordpress\/ -->\n<title>Sortie avec Team Rando Falicon - Groupe local Nice<\/title>\n<meta name=\"robots\" content=\"index, follow, max-snippet:-1, max-image-preview:large, max-video-preview:-1\" \/>\n<link rel=\"canonical\" href=\"https:\/\/paca.lpo.fr\/blogs\/nice\/2018\/05\/21\/sortie-avec-team-rando-falicon\/\" \/>\n<meta property=\"og:locale\" content=\"fr_FR\" \/>\n<meta property=\"og:type\" content=\"article\" \/>\n<meta property=\"og:title\" content=\"Sortie avec Team Rando Falicon - Groupe local Nice\" \/>\n<meta property=\"og:description\" content=\"Une sortie guid\u00e9e par des b\u00e9n\u00e9voles du groupe pour 12 sympathiques membres du club Team Rando Falicon ce samedi 12 mai. D\u00e8s notre arriv\u00e9e au lieu de rendez-vous au Col de Ch\u00e2teauneuf de Villevieille les bondr\u00e9es apivores passaient en migration. Ensuite notre balade jusqu&rsquo;au Mont Macaron nous a permis d&rsquo;observer des fauvettes, m\u00e9sanges, pouillots de [&hellip;]\" \/>\n<meta property=\"og:url\" content=\"https:\/\/paca.lpo.fr\/blogs\/nice\/2018\/05\/21\/sortie-avec-team-rando-falicon\/\" \/>\n<meta property=\"og:site_name\" content=\"Groupe local Nice\" \/>\n<meta property=\"article:published_time\" content=\"2018-05-21T14:07:48+00:00\" \/>\n<meta property=\"article:modified_time\" content=\"2018-05-21T14:08:57+00:00\" \/>\n<meta property=\"og:image\" content=\"https:\/\/paca.lpo.fr\/blogs\/nice\/files\/2018\/05\/blog-2.jpg\" \/>\n\t<meta property=\"og:image:width\" content=\"794\" \/>\n\t<meta property=\"og:image:height\" content=\"429\" \/>\n\t<meta property=\"og:image:type\" content=\"image\/jpeg\" \/>\n<meta name=\"author\" content=\"Groupe local Paillon-B\u00e9v\u00e9ra\" \/>\n<meta name=\"twitter:card\" content=\"summary_large_image\" \/>\n<meta name=\"twitter:label1\" content=\"\u00c9crit par\" \/>\n\t<meta name=\"twitter:data1\" content=\"Groupe local Paillon-B\u00e9v\u00e9ra\" \/>\n\t<meta name=\"twitter:label2\" content=\"Dur\u00e9e de lecture estim\u00e9e\" \/>\n\t<meta name=\"twitter:data2\" content=\"1 minute\" \/>\n<script type=\"application\/ld+json\" class=\"yoast-schema-graph\">{\"@context\":\"https:\\\/\\\/schema.org\",\"@graph\":[{\"@type\":\"Article\",\"@id\":\"https:\\\/\\\/paca.lpo.fr\\\/blogs\\\/nice\\\/2018\\\/05\\\/21\\\/sortie-avec-team-rando-falicon\\\/#article\",\"isPartOf\":{\"@id\":\"https:\\\/\\\/paca.lpo.fr\\\/blogs\\\/nice\\\/2018\\\/05\\\/21\\\/sortie-avec-team-rando-falicon\\\/\"},\"author\":{\"name\":\"Groupe local Paillon-B\u00e9v\u00e9ra\",\"@id\":\"https:\\\/\\\/paca.lpo.fr\\\/blogs\\\/nice\\\/#\\\/schema\\\/person\\\/1bda33335fb71e0b3552487db26a4c56\"},\"headline\":\"Sortie avec Team Rando Falicon\",\"datePublished\":\"2018-05-21T14:07:48+00:00\",\"dateModified\":\"2018-05-21T14:08:57+00:00\",\"mainEntityOfPage\":{\"@id\":\"https:\\\/\\\/paca.lpo.fr\\\/blogs\\\/nice\\\/2018\\\/05\\\/21\\\/sortie-avec-team-rando-falicon\\\/\"},\"wordCount\":165,\"commentCount\":0,\"publisher\":{\"@id\":\"https:\\\/\\\/paca.lpo.fr\\\/blogs\\\/nice\\\/#organization\"},\"image\":{\"@id\":\"https:\\\/\\\/paca.lpo.fr\\\/blogs\\\/nice\\\/2018\\\/05\\\/21\\\/sortie-avec-team-rando-falicon\\\/#primaryimage\"},\"thumbnailUrl\":\"https:\\\/\\\/paca.lpo.fr\\\/blogs\\\/nice\\\/files\\\/2018\\\/05\\\/blog-2.jpg\",\"articleSection\":[\"grands \u00e9v\u00e8nements\"],\"inLanguage\":\"fr-FR\",\"potentialAction\":[{\"@type\":\"CommentAction\",\"name\":\"Comment\",\"target\":[\"https:\\\/\\\/paca.lpo.fr\\\/blogs\\\/nice\\\/2018\\\/05\\\/21\\\/sortie-avec-team-rando-falicon\\\/#respond\"]}]},{\"@type\":\"WebPage\",\"@id\":\"https:\\\/\\\/paca.lpo.fr\\\/blogs\\\/nice\\\/2018\\\/05\\\/21\\\/sortie-avec-team-rando-falicon\\\/\",\"url\":\"https:\\\/\\\/paca.lpo.fr\\\/blogs\\\/nice\\\/2018\\\/05\\\/21\\\/sortie-avec-team-rando-falicon\\\/\",\"name\":\"Sortie avec Team Rando Falicon - Groupe local Nice\",\"isPartOf\":{\"@id\":\"https:\\\/\\\/paca.lpo.fr\\\/blogs\\\/nice\\\/#website\"},\"primaryImageOfPage\":{\"@id\":\"https:\\\/\\\/paca.lpo.fr\\\/blogs\\\/nice\\\/2018\\\/05\\\/21\\\/sortie-avec-team-rando-falicon\\\/#primaryimage\"},\"image\":{\"@id\":\"https:\\\/\\\/paca.lpo.fr\\\/blogs\\\/nice\\\/2018\\\/05\\\/21\\\/sortie-avec-team-rando-falicon\\\/#primaryimage\"},\"thumbnailUrl\":\"https:\\\/\\\/paca.lpo.fr\\\/blogs\\\/nice\\\/files\\\/2018\\\/05\\\/blog-2.jpg\",\"datePublished\":\"2018-05-21T14:07:48+00:00\",\"dateModified\":\"2018-05-21T14:08:57+00:00\",\"breadcrumb\":{\"@id\":\"https:\\\/\\\/paca.lpo.fr\\\/blogs\\\/nice\\\/2018\\\/05\\\/21\\\/sortie-avec-team-rando-falicon\\\/#breadcrumb\"},\"inLanguage\":\"fr-FR\",\"potentialAction\":[{\"@type\":\"ReadAction\",\"target\":[\"https:\\\/\\\/paca.lpo.fr\\\/blogs\\\/nice\\\/2018\\\/05\\\/21\\\/sortie-avec-team-rando-falicon\\\/\"]}]},{\"@type\":\"ImageObject\",\"inLanguage\":\"fr-FR\",\"@id\":\"https:\\\/\\\/paca.lpo.fr\\\/blogs\\\/nice\\\/2018\\\/05\\\/21\\\/sortie-avec-team-rando-falicon\\\/#primaryimage\",\"url\":\"https:\\\/\\\/paca.lpo.fr\\\/blogs\\\/nice\\\/files\\\/2018\\\/05\\\/blog-2.jpg\",\"contentUrl\":\"https:\\\/\\\/paca.lpo.fr\\\/blogs\\\/nice\\\/files\\\/2018\\\/05\\\/blog-2.jpg\",\"width\":794,\"height\":429,\"caption\":\"La brume au Mont Macaron\"},{\"@type\":\"BreadcrumbList\",\"@id\":\"https:\\\/\\\/paca.lpo.fr\\\/blogs\\\/nice\\\/2018\\\/05\\\/21\\\/sortie-avec-team-rando-falicon\\\/#breadcrumb\",\"itemListElement\":[{\"@type\":\"ListItem\",\"position\":1,\"name\":\"Accueil\",\"item\":\"https:\\\/\\\/paca.lpo.fr\\\/blogs\\\/nice\\\/\"},{\"@type\":\"ListItem\",\"position\":2,\"name\":\"Sortie avec Team Rando Falicon\"}]},{\"@type\":\"WebSite\",\"@id\":\"https:\\\/\\\/paca.lpo.fr\\\/blogs\\\/nice\\\/#website\",\"url\":\"https:\\\/\\\/paca.lpo.fr\\\/blogs\\\/nice\\\/\",\"name\":\"Groupe local Nice\",\"description\":\"Groupe local Nice\",\"publisher\":{\"@id\":\"https:\\\/\\\/paca.lpo.fr\\\/blogs\\\/nice\\\/#organization\"},\"potentialAction\":[{\"@type\":\"SearchAction\",\"target\":{\"@type\":\"EntryPoint\",\"urlTemplate\":\"https:\\\/\\\/paca.lpo.fr\\\/blogs\\\/nice\\\/?s={search_term_string}\"},\"query-input\":{\"@type\":\"PropertyValueSpecification\",\"valueRequired\":true,\"valueName\":\"search_term_string\"}}],\"inLanguage\":\"fr-FR\"},{\"@type\":\"Organization\",\"@id\":\"https:\\\/\\\/paca.lpo.fr\\\/blogs\\\/nice\\\/#organization\",\"name\":\"Groupe local Nice\",\"url\":\"https:\\\/\\\/paca.lpo.fr\\\/blogs\\\/nice\\\/\",\"logo\":{\"@type\":\"ImageObject\",\"inLanguage\":\"fr-FR\",\"@id\":\"https:\\\/\\\/paca.lpo.fr\\\/blogs\\\/nice\\\/#\\\/schema\\\/logo\\\/image\\\/\",\"url\":\"https:\\\/\\\/paca.lpo.fr\\\/blogs\\\/nice\\\/files\\\/2024\\\/01\\\/cropped-rvb-lpo-paca-logotype-signature-droite-mini-500.jpg\",\"contentUrl\":\"https:\\\/\\\/paca.lpo.fr\\\/blogs\\\/nice\\\/files\\\/2024\\\/01\\\/cropped-rvb-lpo-paca-logotype-signature-droite-mini-500.jpg\",\"width\":500,\"height\":210,\"caption\":\"Groupe local Nice\"},\"image\":{\"@id\":\"https:\\\/\\\/paca.lpo.fr\\\/blogs\\\/nice\\\/#\\\/schema\\\/logo\\\/image\\\/\"}},{\"@type\":\"Person\",\"@id\":\"https:\\\/\\\/paca.lpo.fr\\\/blogs\\\/nice\\\/#\\\/schema\\\/person\\\/1bda33335fb71e0b3552487db26a4c56\",\"name\":\"Groupe local Paillon-B\u00e9v\u00e9ra\",\"image\":{\"@type\":\"ImageObject\",\"inLanguage\":\"fr-FR\",\"@id\":\"https:\\\/\\\/secure.gravatar.com\\\/avatar\\\/b1ee285506e2cb880ec988990d360e255aecb31c77212741dace1023623610c2?s=96&d=mm&r=g\",\"url\":\"https:\\\/\\\/secure.gravatar.com\\\/avatar\\\/b1ee285506e2cb880ec988990d360e255aecb31c77212741dace1023623610c2?s=96&d=mm&r=g\",\"contentUrl\":\"https:\\\/\\\/secure.gravatar.com\\\/avatar\\\/b1ee285506e2cb880ec988990d360e255aecb31c77212741dace1023623610c2?s=96&d=mm&r=g\",\"caption\":\"Groupe local Paillon-B\u00e9v\u00e9ra\"},\"url\":\"https:\\\/\\\/paca.lpo.fr\\\/blogs\\\/nice\\\/author\\\/alpesmaritimesest\\\/\"}]}<\/script>\n<!-- \/ Yoast SEO plugin. -->","yoast_head_json":{"title":"Sortie avec Team Rando Falicon - Groupe local Nice","robots":{"index":"index","follow":"follow","max-snippet":"max-snippet:-1","max-image-preview":"max-image-preview:large","max-video-preview":"max-video-preview:-1"},"canonical":"https:\/\/paca.lpo.fr\/blogs\/nice\/2018\/05\/21\/sortie-avec-team-rando-falicon\/","og_locale":"fr_FR","og_type":"article","og_title":"Sortie avec Team Rando Falicon - Groupe local Nice","og_description":"Une sortie guid\u00e9e par des b\u00e9n\u00e9voles du groupe pour 12 sympathiques membres du club Team Rando Falicon ce samedi 12 mai. D\u00e8s notre arriv\u00e9e au lieu de rendez-vous au Col de Ch\u00e2teauneuf de Villevieille les bondr\u00e9es apivores passaient en migration. Ensuite notre balade jusqu&rsquo;au Mont Macaron nous a permis d&rsquo;observer des fauvettes, m\u00e9sanges, pouillots de [&hellip;]","og_url":"https:\/\/paca.lpo.fr\/blogs\/nice\/2018\/05\/21\/sortie-avec-team-rando-falicon\/","og_site_name":"Groupe local Nice","article_published_time":"2018-05-21T14:07:48+00:00","article_modified_time":"2018-05-21T14:08:57+00:00","og_image":[{"width":794,"height":429,"url":"https:\/\/paca.lpo.fr\/blogs\/nice\/files\/2018\/05\/blog-2.jpg","type":"image\/jpeg"}],"author":"Groupe local Paillon-B\u00e9v\u00e9ra","twitter_card":"summary_large_image","twitter_misc":{"\u00c9crit par":"Groupe local Paillon-B\u00e9v\u00e9ra","Dur\u00e9e de lecture estim\u00e9e":"1 minute"},"schema":{"@context":"https:\/\/schema.org","@graph":[{"@type":"Article","@id":"https:\/\/paca.lpo.fr\/blogs\/nice\/2018\/05\/21\/sortie-avec-team-rando-falicon\/#article","isPartOf":{"@id":"https:\/\/paca.lpo.fr\/blogs\/nice\/2018\/05\/21\/sortie-avec-team-rando-falicon\/"},"author":{"name":"Groupe local Paillon-B\u00e9v\u00e9ra","@id":"https:\/\/paca.lpo.fr\/blogs\/nice\/#\/schema\/person\/1bda33335fb71e0b3552487db26a4c56"},"headline":"Sortie avec Team Rando Falicon","datePublished":"2018-05-21T14:07:48+00:00","dateModified":"2018-05-21T14:08:57+00:00","mainEntityOfPage":{"@id":"https:\/\/paca.lpo.fr\/blogs\/nice\/2018\/05\/21\/sortie-avec-team-rando-falicon\/"},"wordCount":165,"commentCount":0,"publisher":{"@id":"https:\/\/paca.lpo.fr\/blogs\/nice\/#organization"},"image":{"@id":"https:\/\/paca.lpo.fr\/blogs\/nice\/2018\/05\/21\/sortie-avec-team-rando-falicon\/#primaryimage"},"thumbnailUrl":"https:\/\/paca.lpo.fr\/blogs\/nice\/files\/2018\/05\/blog-2.jpg","articleSection":["grands \u00e9v\u00e8nements"],"inLanguage":"fr-FR","potentialAction":[{"@type":"CommentAction","name":"Comment","target":["https:\/\/paca.lpo.fr\/blogs\/nice\/2018\/05\/21\/sortie-avec-team-rando-falicon\/#respond"]}]},{"@type":"WebPage","@id":"https:\/\/paca.lpo.fr\/blogs\/nice\/2018\/05\/21\/sortie-avec-team-rando-falicon\/","url":"https:\/\/paca.lpo.fr\/blogs\/nice\/2018\/05\/21\/sortie-avec-team-rando-falicon\/","name":"Sortie avec Team Rando Falicon - Groupe local Nice","isPartOf":{"@id":"https:\/\/paca.lpo.fr\/blogs\/nice\/#website"},"primaryImageOfPage":{"@id":"https:\/\/paca.lpo.fr\/blogs\/nice\/2018\/05\/21\/sortie-avec-team-rando-falicon\/#primaryimage"},"image":{"@id":"https:\/\/paca.lpo.fr\/blogs\/nice\/2018\/05\/21\/sortie-avec-team-rando-falicon\/#primaryimage"},"thumbnailUrl":"https:\/\/paca.lpo.fr\/blogs\/nice\/files\/2018\/05\/blog-2.jpg","datePublished":"2018-05-21T14:07:48+00:00","dateModified":"2018-05-21T14:08:57+00:00","breadcrumb":{"@id":"https:\/\/paca.lpo.fr\/blogs\/nice\/2018\/05\/21\/sortie-avec-team-rando-falicon\/#breadcrumb"},"inLanguage":"fr-FR","potentialAction":[{"@type":"ReadAction","target":["https:\/\/paca.lpo.fr\/blogs\/nice\/2018\/05\/21\/sortie-avec-team-rando-falicon\/"]}]},{"@type":"ImageObject","inLanguage":"fr-FR","@id":"https:\/\/paca.lpo.fr\/blogs\/nice\/2018\/05\/21\/sortie-avec-team-rando-falicon\/#primaryimage","url":"https:\/\/paca.lpo.fr\/blogs\/nice\/files\/2018\/05\/blog-2.jpg","contentUrl":"https:\/\/paca.lpo.fr\/blogs\/nice\/files\/2018\/05\/blog-2.jpg","width":794,"height":429,"caption":"La brume au Mont Macaron"},{"@type":"BreadcrumbList","@id":"https:\/\/paca.lpo.fr\/blogs\/nice\/2018\/05\/21\/sortie-avec-team-rando-falicon\/#breadcrumb","itemListElement":[{"@type":"ListItem","position":1,"name":"Accueil","item":"https:\/\/paca.lpo.fr\/blogs\/nice\/"},{"@type":"ListItem","position":2,"name":"Sortie avec Team Rando Falicon"}]},{"@type":"WebSite","@id":"https:\/\/paca.lpo.fr\/blogs\/nice\/#website","url":"https:\/\/paca.lpo.fr\/blogs\/nice\/","name":"Groupe local Nice","description":"Groupe local Nice","publisher":{"@id":"https:\/\/paca.lpo.fr\/blogs\/nice\/#organization"},"potentialAction":[{"@type":"SearchAction","target":{"@type":"EntryPoint","urlTemplate":"https:\/\/paca.lpo.fr\/blogs\/nice\/?s={search_term_string}"},"query-input":{"@type":"PropertyValueSpecification","valueRequired":true,"valueName":"search_term_string"}}],"inLanguage":"fr-FR"},{"@type":"Organization","@id":"https:\/\/paca.lpo.fr\/blogs\/nice\/#organization","name":"Groupe local Nice","url":"https:\/\/paca.lpo.fr\/blogs\/nice\/","logo":{"@type":"ImageObject","inLanguage":"fr-FR","@id":"https:\/\/paca.lpo.fr\/blogs\/nice\/#\/schema\/logo\/image\/","url":"https:\/\/paca.lpo.fr\/blogs\/nice\/files\/2024\/01\/cropped-rvb-lpo-paca-logotype-signature-droite-mini-500.jpg","contentUrl":"https:\/\/paca.lpo.fr\/blogs\/nice\/files\/2024\/01\/cropped-rvb-lpo-paca-logotype-signature-droite-mini-500.jpg","width":500,"height":210,"caption":"Groupe local Nice"},"image":{"@id":"https:\/\/paca.lpo.fr\/blogs\/nice\/#\/schema\/logo\/image\/"}},{"@type":"Person","@id":"https:\/\/paca.lpo.fr\/blogs\/nice\/#\/schema\/person\/1bda33335fb71e0b3552487db26a4c56","name":"Groupe local Paillon-B\u00e9v\u00e9ra","image":{"@type":"ImageObject","inLanguage":"fr-FR","@id":"https:\/\/secure.gravatar.com\/avatar\/b1ee285506e2cb880ec988990d360e255aecb31c77212741dace1023623610c2?s=96&d=mm&r=g","url":"https:\/\/secure.gravatar.com\/avatar\/b1ee285506e2cb880ec988990d360e255aecb31c77212741dace1023623610c2?s=96&d=mm&r=g","contentUrl":"https:\/\/secure.gravatar.com\/avatar\/b1ee285506e2cb880ec988990d360e255aecb31c77212741dace1023623610c2?s=96&d=mm&r=g","caption":"Groupe local Paillon-B\u00e9v\u00e9ra"},"url":"https:\/\/paca.lpo.fr\/blogs\/nice\/author\/alpesmaritimesest\/"}]}},"jetpack_featured_media_url":"https:\/\/paca.lpo.fr\/blogs\/nice\/files\/2018\/05\/blog-2.jpg","_links":{"self":[{"href":"https:\/\/paca.lpo.fr\/blogs\/nice\/wp-json\/wp\/v2\/posts\/2187","targetHints":{"allow":["GET"]}}],"collection":[{"href":"https:\/\/paca.lpo.fr\/blogs\/nice\/wp-json\/wp\/v2\/posts"}],"about":[{"href":"https:\/\/paca.lpo.fr\/blogs\/nice\/wp-json\/wp\/v2\/types\/post"}],"author":[{"embeddable":true,"href":"https:\/\/paca.lpo.fr\/blogs\/nice\/wp-json\/wp\/v2\/users\/15"}],"replies":[{"embeddable":true,"href":"https:\/\/paca.lpo.fr\/blogs\/nice\/wp-json\/wp\/v2\/comments?post=2187"}],"version-history":[{"count":2,"href":"https:\/\/paca.lpo.fr\/blogs\/nice\/wp-json\/wp\/v2\/posts\/2187\/revisions"}],"predecessor-version":[{"id":2193,"href":"https:\/\/paca.lpo.fr\/blogs\/nice\/wp-json\/wp\/v2\/posts\/2187\/revisions\/2193"}],"wp:featuredmedia":[{"embeddable":true,"href":"https:\/\/paca.lpo.fr\/blogs\/nice\/wp-json\/wp\/v2\/media\/2188"}],"wp:attachment":[{"href":"https:\/\/paca.lpo.fr\/blogs\/nice\/wp-json\/wp\/v2\/media?parent=2187"}],"wp:term":[{"taxonomy":"category","embeddable":true,"href":"https:\/\/paca.lpo.fr\/blogs\/nice\/wp-json\/wp\/v2\/categories?post=2187"},{"taxonomy":"post_tag","embeddable":true,"href":"https:\/\/paca.lpo.fr\/blogs\/nice\/wp-json\/wp\/v2\/tags?post=2187"}],"curies":[{"name":"wp","href":"https:\/\/api.w.org\/{rel}","templated":true}]}}