{"id":2209,"date":"2018-05-22T09:11:23","date_gmt":"2018-05-22T08:11:23","guid":{"rendered":"https:\/\/paca.lpo.fr\/blogs\/nice\/?p=2209"},"modified":"2019-01-01T18:00:20","modified_gmt":"2019-01-01T17:00:20","slug":"fete-au-fil-de-lart-a-sospel-le-20-mai","status":"publish","type":"post","link":"https:\/\/paca.lpo.fr\/blogs\/nice\/2018\/05\/22\/fete-au-fil-de-lart-a-sospel-le-20-mai\/","title":{"rendered":"F\u00eate \u00ab\u00a0Au Fil de l&rsquo;Art\u00a0\u00bb \u00e0 Sospel le 20 mai"},"content":{"rendered":"<p>Cette journ\u00e9e festive et conviviale a \u00e9t\u00e9 propos\u00e9e par la ville se Sospel sous les platanes au bord de la Bevera. Costumes d&rsquo;\u00e9poque, fromages et miels artisanaux, tourtes et tartes du pays pr\u00e9par\u00e9es en plein air r\u00e9galaient les visiteurs. Le stand LPO, d\u00e9di\u00e9 surtout aux hirondelles et martinets, a suscit\u00e9 beaucoup d&rsquo;int\u00e9r\u00eat et les longues-vues qui permettaient de voir de pr\u00e8s d&rsquo;un c\u00f4t\u00e9 les canards, hirondelles rustiques et bergeronnettes dans la rivi\u00e8re, et de l&rsquo;autre les hirondelles de fen\u00eatre et rochers qui nichaient sur les b\u00e2timents anciens, ont \u00e9t\u00e9 tr\u00e8s appr\u00e9ci\u00e9es. Les b\u00e9n\u00e9voles ont \u00e9t\u00e9 g\u00e2t\u00e9s par la municipalit\u00e9 avec les d\u00e9licieuses tourtes \u00e0 l&rsquo;ap\u00e9ritif. Le soleil \u00e9tait bien au rendez-vous le matin mais le mauvais temps a \u00e9court\u00e9 la journ\u00e9e et la manifestation s&rsquo;est termin\u00e9e aux alentours de 13h.<\/p>\n<p>Rendez-vous le 1er juillet pour la F\u00eate Baroquiale \u00e0 Sospel.<\/p>\n<figure id=\"attachment_2210\" aria-describedby=\"caption-attachment-2210\" style=\"width: 794px\" class=\"wp-caption alignnone\"><img loading=\"lazy\" decoding=\"async\" class=\"size-full wp-image-2210\" src=\"https:\/\/paca.lpo.fr\/blogs\/nice\/files\/2018\/05\/blog3.jpg\" alt=\"\" width=\"794\" height=\"542\" srcset=\"https:\/\/paca.lpo.fr\/blogs\/nice\/files\/2018\/05\/blog3.jpg 794w, https:\/\/paca.lpo.fr\/blogs\/nice\/files\/2018\/05\/blog3-480x328.jpg 480w, https:\/\/paca.lpo.fr\/blogs\/nice\/files\/2018\/05\/blog3-768x524.jpg 768w, https:\/\/paca.lpo.fr\/blogs\/nice\/files\/2018\/05\/blog3-700x478.jpg 700w\" sizes=\"auto, (max-width: 794px) 100vw, 794px\" \/><figcaption id=\"caption-attachment-2210\" class=\"wp-caption-text\">stand LPO<\/figcaption><\/figure>\n<p><img loading=\"lazy\" decoding=\"async\" class=\"alignnone size-large wp-image-2211\" src=\"https:\/\/paca.lpo.fr\/blogs\/nice\/files\/2018\/05\/blog1.jpg\" alt=\"\" width=\"660\" height=\"485\" srcset=\"https:\/\/paca.lpo.fr\/blogs\/nice\/files\/2018\/05\/blog1.jpg 911w, https:\/\/paca.lpo.fr\/blogs\/nice\/files\/2018\/05\/blog1-480x353.jpg 480w, https:\/\/paca.lpo.fr\/blogs\/nice\/files\/2018\/05\/blog1-768x565.jpg 768w, https:\/\/paca.lpo.fr\/blogs\/nice\/files\/2018\/05\/blog1-700x515.jpg 700w\" sizes=\"auto, (max-width: 660px) 100vw, 660px\" \/><br \/>\n<img loading=\"lazy\" decoding=\"async\" class=\"alignnone size-full wp-image-2212\" src=\"https:\/\/paca.lpo.fr\/blogs\/nice\/files\/2018\/05\/blog2-1.jpg\" alt=\"\" width=\"909\" height=\"682\" srcset=\"https:\/\/paca.lpo.fr\/blogs\/nice\/files\/2018\/05\/blog2-1.jpg 909w, https:\/\/paca.lpo.fr\/blogs\/nice\/files\/2018\/05\/blog2-1-480x360.jpg 480w, https:\/\/paca.lpo.fr\/blogs\/nice\/files\/2018\/05\/blog2-1-768x576.jpg 768w, https:\/\/paca.lpo.fr\/blogs\/nice\/files\/2018\/05\/blog2-1-700x525.jpg 700w\" sizes=\"auto, (max-width: 909px) 100vw, 909px\" \/><\/p>\n<figure id=\"attachment_2213\" aria-describedby=\"caption-attachment-2213\" style=\"width: 794px\" class=\"wp-caption alignnone\"><img loading=\"lazy\" decoding=\"async\" class=\"size-full wp-image-2213\" src=\"https:\/\/paca.lpo.fr\/blogs\/nice\/files\/2018\/05\/blog3-1.jpg\" alt=\"\" width=\"794\" height=\"542\" srcset=\"https:\/\/paca.lpo.fr\/blogs\/nice\/files\/2018\/05\/blog3-1.jpg 794w, https:\/\/paca.lpo.fr\/blogs\/nice\/files\/2018\/05\/blog3-1-480x328.jpg 480w, https:\/\/paca.lpo.fr\/blogs\/nice\/files\/2018\/05\/blog3-1-768x524.jpg 768w, https:\/\/paca.lpo.fr\/blogs\/nice\/files\/2018\/05\/blog3-1-700x478.jpg 700w\" sizes=\"auto, (max-width: 794px) 100vw, 794px\" \/><figcaption id=\"caption-attachment-2213\" class=\"wp-caption-text\">observation des oiseaux de Sospel<\/figcaption><\/figure>\n<figure id=\"attachment_2214\" aria-describedby=\"caption-attachment-2214\" style=\"width: 660px\" class=\"wp-caption alignnone\"><img loading=\"lazy\" decoding=\"async\" class=\"size-large wp-image-2214\" src=\"https:\/\/paca.lpo.fr\/blogs\/nice\/files\/2018\/05\/blog4-800x800.jpg\" alt=\"\" width=\"660\" height=\"660\" srcset=\"https:\/\/paca.lpo.fr\/blogs\/nice\/files\/2018\/05\/blog4-800x800.jpg 800w, https:\/\/paca.lpo.fr\/blogs\/nice\/files\/2018\/05\/blog4-150x150.jpg 150w, https:\/\/paca.lpo.fr\/blogs\/nice\/files\/2018\/05\/blog4-480x480.jpg 480w, https:\/\/paca.lpo.fr\/blogs\/nice\/files\/2018\/05\/blog4-768x768.jpg 768w, https:\/\/paca.lpo.fr\/blogs\/nice\/files\/2018\/05\/blog4-144x144.jpg 144w, https:\/\/paca.lpo.fr\/blogs\/nice\/files\/2018\/05\/blog4-432x432.jpg 432w, https:\/\/paca.lpo.fr\/blogs\/nice\/files\/2018\/05\/blog4-268x268.jpg 268w, https:\/\/paca.lpo.fr\/blogs\/nice\/files\/2018\/05\/blog4-700x700.jpg 700w, https:\/\/paca.lpo.fr\/blogs\/nice\/files\/2018\/05\/blog4.jpg 925w\" sizes=\"auto, (max-width: 660px) 100vw, 660px\" \/><figcaption id=\"caption-attachment-2214\" class=\"wp-caption-text\">les hirondelles couvent<\/figcaption><\/figure>\n<figure id=\"attachment_2215\" aria-describedby=\"caption-attachment-2215\" style=\"width: 480px\" class=\"wp-caption alignnone\"><img loading=\"lazy\" decoding=\"async\" class=\"size-medium wp-image-2215\" src=\"https:\/\/paca.lpo.fr\/blogs\/nice\/files\/2018\/05\/blog-hir-roc-montage-480x303.jpg\" alt=\"\" width=\"480\" height=\"303\" srcset=\"https:\/\/paca.lpo.fr\/blogs\/nice\/files\/2018\/05\/blog-hir-roc-montage-480x303.jpg 480w, https:\/\/paca.lpo.fr\/blogs\/nice\/files\/2018\/05\/blog-hir-roc-montage-768x485.jpg 768w, https:\/\/paca.lpo.fr\/blogs\/nice\/files\/2018\/05\/blog-hir-roc-montage-960x606.jpg 960w, https:\/\/paca.lpo.fr\/blogs\/nice\/files\/2018\/05\/blog-hir-roc-montage-700x442.jpg 700w, https:\/\/paca.lpo.fr\/blogs\/nice\/files\/2018\/05\/blog-hir-roc-montage.jpg 969w\" sizes=\"auto, (max-width: 480px) 100vw, 480px\" \/><figcaption id=\"caption-attachment-2215\" class=\"wp-caption-text\">hirondelle des rochers<\/figcaption><\/figure>\n<figure id=\"attachment_2216\" aria-describedby=\"caption-attachment-2216\" style=\"width: 480px\" class=\"wp-caption alignnone\"><img loading=\"lazy\" decoding=\"async\" class=\"size-medium wp-image-2216\" src=\"https:\/\/paca.lpo.fr\/blogs\/nice\/files\/2018\/05\/blog5-480x323.jpg\" alt=\"\" width=\"480\" height=\"323\" srcset=\"https:\/\/paca.lpo.fr\/blogs\/nice\/files\/2018\/05\/blog5-480x323.jpg 480w, https:\/\/paca.lpo.fr\/blogs\/nice\/files\/2018\/05\/blog5-768x516.jpg 768w, https:\/\/paca.lpo.fr\/blogs\/nice\/files\/2018\/05\/blog5-700x470.jpg 700w, https:\/\/paca.lpo.fr\/blogs\/nice\/files\/2018\/05\/blog5.jpg 890w\" sizes=\"auto, (max-width: 480px) 100vw, 480px\" \/><figcaption id=\"caption-attachment-2216\" class=\"wp-caption-text\">hirondelles au bord de la Bevera<\/figcaption><\/figure>\n<figure id=\"attachment_2217\" aria-describedby=\"caption-attachment-2217\" style=\"width: 480px\" class=\"wp-caption alignnone\"><img loading=\"lazy\" decoding=\"async\" class=\"size-medium wp-image-2217\" src=\"https:\/\/paca.lpo.fr\/blogs\/nice\/files\/2018\/05\/blog6-480x444.jpg\" alt=\"\" width=\"480\" height=\"444\" srcset=\"https:\/\/paca.lpo.fr\/blogs\/nice\/files\/2018\/05\/blog6-480x444.jpg 480w, https:\/\/paca.lpo.fr\/blogs\/nice\/files\/2018\/05\/blog6.jpg 514w\" sizes=\"auto, (max-width: 480px) 100vw, 480px\" \/><figcaption id=\"caption-attachment-2217\" class=\"wp-caption-text\">bergeronnette des ruisseaux dans la Bevera<\/figcaption><\/figure>\n","protected":false},"excerpt":{"rendered":"<p>Cette journ\u00e9e festive et conviviale a \u00e9t\u00e9 propos\u00e9e par la ville se Sospel sous les platanes au bord de la Bevera. Costumes d&rsquo;\u00e9poque, fromages et miels artisanaux, tourtes et tartes du pays pr\u00e9par\u00e9es en plein air r\u00e9galaient les visiteurs. Le stand LPO, d\u00e9di\u00e9 surtout aux hirondelles et martinets, a suscit\u00e9 beaucoup d&rsquo;int\u00e9r\u00eat et les longues-vues [&hellip;]<\/p>\n","protected":false},"author":15,"featured_media":2210,"comment_status":"open","ping_status":"open","sticky":false,"template":"","format":"standard","meta":{"footnotes":""},"categories":[1,77,78],"tags":[],"class_list":["post-2209","post","type-post","status-publish","format-standard","has-post-thumbnail","hentry","category-sorties-nature","category-grands-evenements","category-protection-de-la-biodiversite"],"yoast_head":"<!-- This site is optimized with the Yoast SEO plugin v28.3 - https:\/\/yoast.com\/product\/yoast-seo-wordpress\/ -->\n<title>F\u00eate &quot;Au Fil de l&#039;Art&quot; \u00e0 Sospel le 20 mai - Groupe local Nice<\/title>\n<meta name=\"robots\" content=\"index, follow, max-snippet:-1, max-image-preview:large, max-video-preview:-1\" \/>\n<link rel=\"canonical\" href=\"https:\/\/paca.lpo.fr\/blogs\/nice\/2018\/05\/22\/fete-au-fil-de-lart-a-sospel-le-20-mai\/\" \/>\n<meta property=\"og:locale\" content=\"fr_FR\" \/>\n<meta property=\"og:type\" content=\"article\" \/>\n<meta property=\"og:title\" content=\"F\u00eate &quot;Au Fil de l&#039;Art&quot; \u00e0 Sospel le 20 mai - Groupe local Nice\" \/>\n<meta property=\"og:description\" content=\"Cette journ\u00e9e festive et conviviale a \u00e9t\u00e9 propos\u00e9e par la ville se Sospel sous les platanes au bord de la Bevera. Costumes d&rsquo;\u00e9poque, fromages et miels artisanaux, tourtes et tartes du pays pr\u00e9par\u00e9es en plein air r\u00e9galaient les visiteurs. Le stand LPO, d\u00e9di\u00e9 surtout aux hirondelles et martinets, a suscit\u00e9 beaucoup d&rsquo;int\u00e9r\u00eat et les longues-vues [&hellip;]\" \/>\n<meta property=\"og:url\" content=\"https:\/\/paca.lpo.fr\/blogs\/nice\/2018\/05\/22\/fete-au-fil-de-lart-a-sospel-le-20-mai\/\" \/>\n<meta property=\"og:site_name\" content=\"Groupe local Nice\" \/>\n<meta property=\"article:published_time\" content=\"2018-05-22T08:11:23+00:00\" \/>\n<meta property=\"article:modified_time\" content=\"2019-01-01T17:00:20+00:00\" \/>\n<meta property=\"og:image\" content=\"https:\/\/paca.lpo.fr\/blogs\/nice\/files\/2018\/05\/blog3.jpg\" \/>\n\t<meta property=\"og:image:width\" content=\"794\" \/>\n\t<meta property=\"og:image:height\" content=\"542\" \/>\n\t<meta property=\"og:image:type\" content=\"image\/jpeg\" \/>\n<meta name=\"author\" content=\"Groupe local Paillon-B\u00e9v\u00e9ra\" \/>\n<meta name=\"twitter:card\" content=\"summary_large_image\" \/>\n<meta name=\"twitter:label1\" content=\"\u00c9crit par\" \/>\n\t<meta name=\"twitter:data1\" content=\"Groupe local Paillon-B\u00e9v\u00e9ra\" \/>\n\t<meta name=\"twitter:label2\" content=\"Dur\u00e9e de lecture estim\u00e9e\" \/>\n\t<meta name=\"twitter:data2\" content=\"1 minute\" \/>\n<script type=\"application\/ld+json\" class=\"yoast-schema-graph\">{\"@context\":\"https:\\\/\\\/schema.org\",\"@graph\":[{\"@type\":\"Article\",\"@id\":\"https:\\\/\\\/paca.lpo.fr\\\/blogs\\\/nice\\\/2018\\\/05\\\/22\\\/fete-au-fil-de-lart-a-sospel-le-20-mai\\\/#article\",\"isPartOf\":{\"@id\":\"https:\\\/\\\/paca.lpo.fr\\\/blogs\\\/nice\\\/2018\\\/05\\\/22\\\/fete-au-fil-de-lart-a-sospel-le-20-mai\\\/\"},\"author\":{\"name\":\"Groupe local Paillon-B\u00e9v\u00e9ra\",\"@id\":\"https:\\\/\\\/paca.lpo.fr\\\/blogs\\\/nice\\\/#\\\/schema\\\/person\\\/1bda33335fb71e0b3552487db26a4c56\"},\"headline\":\"F\u00eate \u00ab\u00a0Au Fil de l&rsquo;Art\u00a0\u00bb \u00e0 Sospel le 20 mai\",\"datePublished\":\"2018-05-22T08:11:23+00:00\",\"dateModified\":\"2019-01-01T17:00:20+00:00\",\"mainEntityOfPage\":{\"@id\":\"https:\\\/\\\/paca.lpo.fr\\\/blogs\\\/nice\\\/2018\\\/05\\\/22\\\/fete-au-fil-de-lart-a-sospel-le-20-mai\\\/\"},\"wordCount\":246,\"commentCount\":0,\"publisher\":{\"@id\":\"https:\\\/\\\/paca.lpo.fr\\\/blogs\\\/nice\\\/#organization\"},\"image\":{\"@id\":\"https:\\\/\\\/paca.lpo.fr\\\/blogs\\\/nice\\\/2018\\\/05\\\/22\\\/fete-au-fil-de-lart-a-sospel-le-20-mai\\\/#primaryimage\"},\"thumbnailUrl\":\"https:\\\/\\\/paca.lpo.fr\\\/blogs\\\/nice\\\/files\\\/2018\\\/05\\\/blog3.jpg\",\"articleSection\":[\"grands \u00e9v\u00e8nements\",\"Grands \u00e9v\u00e8nements\",\"Protection de la biodiversit\u00e9\"],\"inLanguage\":\"fr-FR\",\"potentialAction\":[{\"@type\":\"CommentAction\",\"name\":\"Comment\",\"target\":[\"https:\\\/\\\/paca.lpo.fr\\\/blogs\\\/nice\\\/2018\\\/05\\\/22\\\/fete-au-fil-de-lart-a-sospel-le-20-mai\\\/#respond\"]}]},{\"@type\":\"WebPage\",\"@id\":\"https:\\\/\\\/paca.lpo.fr\\\/blogs\\\/nice\\\/2018\\\/05\\\/22\\\/fete-au-fil-de-lart-a-sospel-le-20-mai\\\/\",\"url\":\"https:\\\/\\\/paca.lpo.fr\\\/blogs\\\/nice\\\/2018\\\/05\\\/22\\\/fete-au-fil-de-lart-a-sospel-le-20-mai\\\/\",\"name\":\"F\u00eate \\\"Au Fil de l'Art\\\" \u00e0 Sospel le 20 mai - Groupe local Nice\",\"isPartOf\":{\"@id\":\"https:\\\/\\\/paca.lpo.fr\\\/blogs\\\/nice\\\/#website\"},\"primaryImageOfPage\":{\"@id\":\"https:\\\/\\\/paca.lpo.fr\\\/blogs\\\/nice\\\/2018\\\/05\\\/22\\\/fete-au-fil-de-lart-a-sospel-le-20-mai\\\/#primaryimage\"},\"image\":{\"@id\":\"https:\\\/\\\/paca.lpo.fr\\\/blogs\\\/nice\\\/2018\\\/05\\\/22\\\/fete-au-fil-de-lart-a-sospel-le-20-mai\\\/#primaryimage\"},\"thumbnailUrl\":\"https:\\\/\\\/paca.lpo.fr\\\/blogs\\\/nice\\\/files\\\/2018\\\/05\\\/blog3.jpg\",\"datePublished\":\"2018-05-22T08:11:23+00:00\",\"dateModified\":\"2019-01-01T17:00:20+00:00\",\"breadcrumb\":{\"@id\":\"https:\\\/\\\/paca.lpo.fr\\\/blogs\\\/nice\\\/2018\\\/05\\\/22\\\/fete-au-fil-de-lart-a-sospel-le-20-mai\\\/#breadcrumb\"},\"inLanguage\":\"fr-FR\",\"potentialAction\":[{\"@type\":\"ReadAction\",\"target\":[\"https:\\\/\\\/paca.lpo.fr\\\/blogs\\\/nice\\\/2018\\\/05\\\/22\\\/fete-au-fil-de-lart-a-sospel-le-20-mai\\\/\"]}]},{\"@type\":\"ImageObject\",\"inLanguage\":\"fr-FR\",\"@id\":\"https:\\\/\\\/paca.lpo.fr\\\/blogs\\\/nice\\\/2018\\\/05\\\/22\\\/fete-au-fil-de-lart-a-sospel-le-20-mai\\\/#primaryimage\",\"url\":\"https:\\\/\\\/paca.lpo.fr\\\/blogs\\\/nice\\\/files\\\/2018\\\/05\\\/blog3.jpg\",\"contentUrl\":\"https:\\\/\\\/paca.lpo.fr\\\/blogs\\\/nice\\\/files\\\/2018\\\/05\\\/blog3.jpg\",\"width\":794,\"height\":542,\"caption\":\"stand LPO\"},{\"@type\":\"BreadcrumbList\",\"@id\":\"https:\\\/\\\/paca.lpo.fr\\\/blogs\\\/nice\\\/2018\\\/05\\\/22\\\/fete-au-fil-de-lart-a-sospel-le-20-mai\\\/#breadcrumb\",\"itemListElement\":[{\"@type\":\"ListItem\",\"position\":1,\"name\":\"Accueil\",\"item\":\"https:\\\/\\\/paca.lpo.fr\\\/blogs\\\/nice\\\/\"},{\"@type\":\"ListItem\",\"position\":2,\"name\":\"F\u00eate \u00ab\u00a0Au Fil de l&rsquo;Art\u00a0\u00bb \u00e0 Sospel le 20 mai\"}]},{\"@type\":\"WebSite\",\"@id\":\"https:\\\/\\\/paca.lpo.fr\\\/blogs\\\/nice\\\/#website\",\"url\":\"https:\\\/\\\/paca.lpo.fr\\\/blogs\\\/nice\\\/\",\"name\":\"Groupe local Nice\",\"description\":\"Groupe local Nice\",\"publisher\":{\"@id\":\"https:\\\/\\\/paca.lpo.fr\\\/blogs\\\/nice\\\/#organization\"},\"potentialAction\":[{\"@type\":\"SearchAction\",\"target\":{\"@type\":\"EntryPoint\",\"urlTemplate\":\"https:\\\/\\\/paca.lpo.fr\\\/blogs\\\/nice\\\/?s={search_term_string}\"},\"query-input\":{\"@type\":\"PropertyValueSpecification\",\"valueRequired\":true,\"valueName\":\"search_term_string\"}}],\"inLanguage\":\"fr-FR\"},{\"@type\":\"Organization\",\"@id\":\"https:\\\/\\\/paca.lpo.fr\\\/blogs\\\/nice\\\/#organization\",\"name\":\"Groupe local Nice\",\"url\":\"https:\\\/\\\/paca.lpo.fr\\\/blogs\\\/nice\\\/\",\"logo\":{\"@type\":\"ImageObject\",\"inLanguage\":\"fr-FR\",\"@id\":\"https:\\\/\\\/paca.lpo.fr\\\/blogs\\\/nice\\\/#\\\/schema\\\/logo\\\/image\\\/\",\"url\":\"https:\\\/\\\/paca.lpo.fr\\\/blogs\\\/nice\\\/files\\\/2024\\\/01\\\/cropped-rvb-lpo-paca-logotype-signature-droite-mini-500.jpg\",\"contentUrl\":\"https:\\\/\\\/paca.lpo.fr\\\/blogs\\\/nice\\\/files\\\/2024\\\/01\\\/cropped-rvb-lpo-paca-logotype-signature-droite-mini-500.jpg\",\"width\":500,\"height\":210,\"caption\":\"Groupe local Nice\"},\"image\":{\"@id\":\"https:\\\/\\\/paca.lpo.fr\\\/blogs\\\/nice\\\/#\\\/schema\\\/logo\\\/image\\\/\"}},{\"@type\":\"Person\",\"@id\":\"https:\\\/\\\/paca.lpo.fr\\\/blogs\\\/nice\\\/#\\\/schema\\\/person\\\/1bda33335fb71e0b3552487db26a4c56\",\"name\":\"Groupe local Paillon-B\u00e9v\u00e9ra\",\"image\":{\"@type\":\"ImageObject\",\"inLanguage\":\"fr-FR\",\"@id\":\"https:\\\/\\\/secure.gravatar.com\\\/avatar\\\/b1ee285506e2cb880ec988990d360e255aecb31c77212741dace1023623610c2?s=96&d=mm&r=g\",\"url\":\"https:\\\/\\\/secure.gravatar.com\\\/avatar\\\/b1ee285506e2cb880ec988990d360e255aecb31c77212741dace1023623610c2?s=96&d=mm&r=g\",\"contentUrl\":\"https:\\\/\\\/secure.gravatar.com\\\/avatar\\\/b1ee285506e2cb880ec988990d360e255aecb31c77212741dace1023623610c2?s=96&d=mm&r=g\",\"caption\":\"Groupe local Paillon-B\u00e9v\u00e9ra\"},\"url\":\"https:\\\/\\\/paca.lpo.fr\\\/blogs\\\/nice\\\/author\\\/alpesmaritimesest\\\/\"}]}<\/script>\n<!-- \/ Yoast SEO plugin. -->","yoast_head_json":{"title":"F\u00eate \"Au Fil de l'Art\" \u00e0 Sospel le 20 mai - Groupe local Nice","robots":{"index":"index","follow":"follow","max-snippet":"max-snippet:-1","max-image-preview":"max-image-preview:large","max-video-preview":"max-video-preview:-1"},"canonical":"https:\/\/paca.lpo.fr\/blogs\/nice\/2018\/05\/22\/fete-au-fil-de-lart-a-sospel-le-20-mai\/","og_locale":"fr_FR","og_type":"article","og_title":"F\u00eate \"Au Fil de l'Art\" \u00e0 Sospel le 20 mai - Groupe local Nice","og_description":"Cette journ\u00e9e festive et conviviale a \u00e9t\u00e9 propos\u00e9e par la ville se Sospel sous les platanes au bord de la Bevera. Costumes d&rsquo;\u00e9poque, fromages et miels artisanaux, tourtes et tartes du pays pr\u00e9par\u00e9es en plein air r\u00e9galaient les visiteurs. Le stand LPO, d\u00e9di\u00e9 surtout aux hirondelles et martinets, a suscit\u00e9 beaucoup d&rsquo;int\u00e9r\u00eat et les longues-vues [&hellip;]","og_url":"https:\/\/paca.lpo.fr\/blogs\/nice\/2018\/05\/22\/fete-au-fil-de-lart-a-sospel-le-20-mai\/","og_site_name":"Groupe local Nice","article_published_time":"2018-05-22T08:11:23+00:00","article_modified_time":"2019-01-01T17:00:20+00:00","og_image":[{"width":794,"height":542,"url":"https:\/\/paca.lpo.fr\/blogs\/nice\/files\/2018\/05\/blog3.jpg","type":"image\/jpeg"}],"author":"Groupe local Paillon-B\u00e9v\u00e9ra","twitter_card":"summary_large_image","twitter_misc":{"\u00c9crit par":"Groupe local Paillon-B\u00e9v\u00e9ra","Dur\u00e9e de lecture estim\u00e9e":"1 minute"},"schema":{"@context":"https:\/\/schema.org","@graph":[{"@type":"Article","@id":"https:\/\/paca.lpo.fr\/blogs\/nice\/2018\/05\/22\/fete-au-fil-de-lart-a-sospel-le-20-mai\/#article","isPartOf":{"@id":"https:\/\/paca.lpo.fr\/blogs\/nice\/2018\/05\/22\/fete-au-fil-de-lart-a-sospel-le-20-mai\/"},"author":{"name":"Groupe local Paillon-B\u00e9v\u00e9ra","@id":"https:\/\/paca.lpo.fr\/blogs\/nice\/#\/schema\/person\/1bda33335fb71e0b3552487db26a4c56"},"headline":"F\u00eate \u00ab\u00a0Au Fil de l&rsquo;Art\u00a0\u00bb \u00e0 Sospel le 20 mai","datePublished":"2018-05-22T08:11:23+00:00","dateModified":"2019-01-01T17:00:20+00:00","mainEntityOfPage":{"@id":"https:\/\/paca.lpo.fr\/blogs\/nice\/2018\/05\/22\/fete-au-fil-de-lart-a-sospel-le-20-mai\/"},"wordCount":246,"commentCount":0,"publisher":{"@id":"https:\/\/paca.lpo.fr\/blogs\/nice\/#organization"},"image":{"@id":"https:\/\/paca.lpo.fr\/blogs\/nice\/2018\/05\/22\/fete-au-fil-de-lart-a-sospel-le-20-mai\/#primaryimage"},"thumbnailUrl":"https:\/\/paca.lpo.fr\/blogs\/nice\/files\/2018\/05\/blog3.jpg","articleSection":["grands \u00e9v\u00e8nements","Grands \u00e9v\u00e8nements","Protection de la biodiversit\u00e9"],"inLanguage":"fr-FR","potentialAction":[{"@type":"CommentAction","name":"Comment","target":["https:\/\/paca.lpo.fr\/blogs\/nice\/2018\/05\/22\/fete-au-fil-de-lart-a-sospel-le-20-mai\/#respond"]}]},{"@type":"WebPage","@id":"https:\/\/paca.lpo.fr\/blogs\/nice\/2018\/05\/22\/fete-au-fil-de-lart-a-sospel-le-20-mai\/","url":"https:\/\/paca.lpo.fr\/blogs\/nice\/2018\/05\/22\/fete-au-fil-de-lart-a-sospel-le-20-mai\/","name":"F\u00eate \"Au Fil de l'Art\" \u00e0 Sospel le 20 mai - Groupe local Nice","isPartOf":{"@id":"https:\/\/paca.lpo.fr\/blogs\/nice\/#website"},"primaryImageOfPage":{"@id":"https:\/\/paca.lpo.fr\/blogs\/nice\/2018\/05\/22\/fete-au-fil-de-lart-a-sospel-le-20-mai\/#primaryimage"},"image":{"@id":"https:\/\/paca.lpo.fr\/blogs\/nice\/2018\/05\/22\/fete-au-fil-de-lart-a-sospel-le-20-mai\/#primaryimage"},"thumbnailUrl":"https:\/\/paca.lpo.fr\/blogs\/nice\/files\/2018\/05\/blog3.jpg","datePublished":"2018-05-22T08:11:23+00:00","dateModified":"2019-01-01T17:00:20+00:00","breadcrumb":{"@id":"https:\/\/paca.lpo.fr\/blogs\/nice\/2018\/05\/22\/fete-au-fil-de-lart-a-sospel-le-20-mai\/#breadcrumb"},"inLanguage":"fr-FR","potentialAction":[{"@type":"ReadAction","target":["https:\/\/paca.lpo.fr\/blogs\/nice\/2018\/05\/22\/fete-au-fil-de-lart-a-sospel-le-20-mai\/"]}]},{"@type":"ImageObject","inLanguage":"fr-FR","@id":"https:\/\/paca.lpo.fr\/blogs\/nice\/2018\/05\/22\/fete-au-fil-de-lart-a-sospel-le-20-mai\/#primaryimage","url":"https:\/\/paca.lpo.fr\/blogs\/nice\/files\/2018\/05\/blog3.jpg","contentUrl":"https:\/\/paca.lpo.fr\/blogs\/nice\/files\/2018\/05\/blog3.jpg","width":794,"height":542,"caption":"stand LPO"},{"@type":"BreadcrumbList","@id":"https:\/\/paca.lpo.fr\/blogs\/nice\/2018\/05\/22\/fete-au-fil-de-lart-a-sospel-le-20-mai\/#breadcrumb","itemListElement":[{"@type":"ListItem","position":1,"name":"Accueil","item":"https:\/\/paca.lpo.fr\/blogs\/nice\/"},{"@type":"ListItem","position":2,"name":"F\u00eate \u00ab\u00a0Au Fil de l&rsquo;Art\u00a0\u00bb \u00e0 Sospel le 20 mai"}]},{"@type":"WebSite","@id":"https:\/\/paca.lpo.fr\/blogs\/nice\/#website","url":"https:\/\/paca.lpo.fr\/blogs\/nice\/","name":"Groupe local Nice","description":"Groupe local Nice","publisher":{"@id":"https:\/\/paca.lpo.fr\/blogs\/nice\/#organization"},"potentialAction":[{"@type":"SearchAction","target":{"@type":"EntryPoint","urlTemplate":"https:\/\/paca.lpo.fr\/blogs\/nice\/?s={search_term_string}"},"query-input":{"@type":"PropertyValueSpecification","valueRequired":true,"valueName":"search_term_string"}}],"inLanguage":"fr-FR"},{"@type":"Organization","@id":"https:\/\/paca.lpo.fr\/blogs\/nice\/#organization","name":"Groupe local Nice","url":"https:\/\/paca.lpo.fr\/blogs\/nice\/","logo":{"@type":"ImageObject","inLanguage":"fr-FR","@id":"https:\/\/paca.lpo.fr\/blogs\/nice\/#\/schema\/logo\/image\/","url":"https:\/\/paca.lpo.fr\/blogs\/nice\/files\/2024\/01\/cropped-rvb-lpo-paca-logotype-signature-droite-mini-500.jpg","contentUrl":"https:\/\/paca.lpo.fr\/blogs\/nice\/files\/2024\/01\/cropped-rvb-lpo-paca-logotype-signature-droite-mini-500.jpg","width":500,"height":210,"caption":"Groupe local Nice"},"image":{"@id":"https:\/\/paca.lpo.fr\/blogs\/nice\/#\/schema\/logo\/image\/"}},{"@type":"Person","@id":"https:\/\/paca.lpo.fr\/blogs\/nice\/#\/schema\/person\/1bda33335fb71e0b3552487db26a4c56","name":"Groupe local Paillon-B\u00e9v\u00e9ra","image":{"@type":"ImageObject","inLanguage":"fr-FR","@id":"https:\/\/secure.gravatar.com\/avatar\/b1ee285506e2cb880ec988990d360e255aecb31c77212741dace1023623610c2?s=96&d=mm&r=g","url":"https:\/\/secure.gravatar.com\/avatar\/b1ee285506e2cb880ec988990d360e255aecb31c77212741dace1023623610c2?s=96&d=mm&r=g","contentUrl":"https:\/\/secure.gravatar.com\/avatar\/b1ee285506e2cb880ec988990d360e255aecb31c77212741dace1023623610c2?s=96&d=mm&r=g","caption":"Groupe local Paillon-B\u00e9v\u00e9ra"},"url":"https:\/\/paca.lpo.fr\/blogs\/nice\/author\/alpesmaritimesest\/"}]}},"jetpack_featured_media_url":"https:\/\/paca.lpo.fr\/blogs\/nice\/files\/2018\/05\/blog3.jpg","_links":{"self":[{"href":"https:\/\/paca.lpo.fr\/blogs\/nice\/wp-json\/wp\/v2\/posts\/2209","targetHints":{"allow":["GET"]}}],"collection":[{"href":"https:\/\/paca.lpo.fr\/blogs\/nice\/wp-json\/wp\/v2\/posts"}],"about":[{"href":"https:\/\/paca.lpo.fr\/blogs\/nice\/wp-json\/wp\/v2\/types\/post"}],"author":[{"embeddable":true,"href":"https:\/\/paca.lpo.fr\/blogs\/nice\/wp-json\/wp\/v2\/users\/15"}],"replies":[{"embeddable":true,"href":"https:\/\/paca.lpo.fr\/blogs\/nice\/wp-json\/wp\/v2\/comments?post=2209"}],"version-history":[{"count":3,"href":"https:\/\/paca.lpo.fr\/blogs\/nice\/wp-json\/wp\/v2\/posts\/2209\/revisions"}],"predecessor-version":[{"id":2489,"href":"https:\/\/paca.lpo.fr\/blogs\/nice\/wp-json\/wp\/v2\/posts\/2209\/revisions\/2489"}],"wp:featuredmedia":[{"embeddable":true,"href":"https:\/\/paca.lpo.fr\/blogs\/nice\/wp-json\/wp\/v2\/media\/2210"}],"wp:attachment":[{"href":"https:\/\/paca.lpo.fr\/blogs\/nice\/wp-json\/wp\/v2\/media?parent=2209"}],"wp:term":[{"taxonomy":"category","embeddable":true,"href":"https:\/\/paca.lpo.fr\/blogs\/nice\/wp-json\/wp\/v2\/categories?post=2209"},{"taxonomy":"post_tag","embeddable":true,"href":"https:\/\/paca.lpo.fr\/blogs\/nice\/wp-json\/wp\/v2\/tags?post=2209"}],"curies":[{"name":"wp","href":"https:\/\/api.w.org\/{rel}","templated":true}]}}