{"id":2238,"date":"2018-06-15T13:00:46","date_gmt":"2018-06-15T12:00:46","guid":{"rendered":"https:\/\/paca.lpo.fr\/blogs\/nice\/?p=2238"},"modified":"2018-06-15T13:00:46","modified_gmt":"2018-06-15T12:00:46","slug":"inauguration-du-refuge-lpo-au-semaphore-de-saint-jean-cap-ferrat","status":"publish","type":"post","link":"https:\/\/paca.lpo.fr\/blogs\/nice\/2018\/06\/15\/inauguration-du-refuge-lpo-au-semaphore-de-saint-jean-cap-ferrat\/","title":{"rendered":"Inauguration du refuge LPO au s\u00e9maphore de Saint-Jean Cap Ferrat"},"content":{"rendered":"<p>Apr\u00e8s la pose des nichoirs pour oiseaux, de l&rsquo;h\u00f4tel \u00e0 insectes et des abris pour chauve-souris au mois d&rsquo;avril, le 4 juin 2018 le refuge LPO a \u00e9t\u00e9 officiellement inaugur\u00e9 en pr\u00e9sence des officiers de la Marine Nationale et Monsieur le Maire de St Jean Cap Ferrat. La convention a \u00e9t\u00e9 sign\u00e9e et le panneau du refuge d\u00e9voil\u00e9, malheureusement sous la pluie, mais une petite \u00e9claircie a permis aux participants de faire une visite du site comment\u00e9e par les animateurs de la LPO (am\u00e9nagements et \tplantations r\u00e9alis\u00e9s, pr\u00e9sentation de la faune et de la flore pr\u00e9sentes sur le site). Une collation conviviale a cl\u00f4tur\u00e9 la journ\u00e9e, un peu plus t\u00f4t que pr\u00e9vu. Le s\u00e9maphore fait partie des monuments nationaux et surtout, \u00e9tant terrain militaire ferm\u00e9 au public, c\u2019est un endroit formidable pour la petite faune o\u00f9 les oiseaux peuvent nicher tranquillement.<br \/>\nUn grand merci \u00e0 la Marine Nationale pour leur accueil et leur engagement en faveur de la nature.<br \/>\n<figure id=\"attachment_2240\" aria-describedby=\"caption-attachment-2240\" style=\"width: 480px\" class=\"wp-caption alignnone\"><img loading=\"lazy\" decoding=\"async\" src=\"https:\/\/paca.lpo.fr\/blogs\/nice\/files\/2018\/06\/blog-1-480x336.jpg\" alt=\"\" width=\"480\" height=\"336\" class=\"size-medium wp-image-2240\" srcset=\"https:\/\/paca.lpo.fr\/blogs\/nice\/files\/2018\/06\/blog-1-480x336.jpg 480w, https:\/\/paca.lpo.fr\/blogs\/nice\/files\/2018\/06\/blog-1-768x538.jpg 768w, https:\/\/paca.lpo.fr\/blogs\/nice\/files\/2018\/06\/blog-1-960x672.jpg 960w, https:\/\/paca.lpo.fr\/blogs\/nice\/files\/2018\/06\/blog-1-700x490.jpg 700w, https:\/\/paca.lpo.fr\/blogs\/nice\/files\/2018\/06\/blog-1.jpg 997w\" sizes=\"auto, (max-width: 480px) 100vw, 480px\" \/><figcaption id=\"caption-attachment-2240\" class=\"wp-caption-text\">dav<\/figcaption><\/figure><br \/>\n<figure id=\"attachment_2241\" aria-describedby=\"caption-attachment-2241\" style=\"width: 439px\" class=\"wp-caption alignnone\"><img loading=\"lazy\" decoding=\"async\" src=\"https:\/\/paca.lpo.fr\/blogs\/nice\/files\/2018\/06\/blog2-1-439x480.jpg\" alt=\"\" width=\"439\" height=\"480\" class=\"size-medium wp-image-2241\" srcset=\"https:\/\/paca.lpo.fr\/blogs\/nice\/files\/2018\/06\/blog2-1-439x480.jpg 439w, https:\/\/paca.lpo.fr\/blogs\/nice\/files\/2018\/06\/blog2-1-768x840.jpg 768w, https:\/\/paca.lpo.fr\/blogs\/nice\/files\/2018\/06\/blog2-1-731x800.jpg 731w, https:\/\/paca.lpo.fr\/blogs\/nice\/files\/2018\/06\/blog2-1-700x766.jpg 700w, https:\/\/paca.lpo.fr\/blogs\/nice\/files\/2018\/06\/blog2-1.jpg 817w\" sizes=\"auto, (max-width: 439px) 100vw, 439px\" \/><figcaption id=\"caption-attachment-2241\" class=\"wp-caption-text\">Le panneau refuge est d\u00e9voil\u00e9<\/figcaption><\/figure><\/p>\n","protected":false},"excerpt":{"rendered":"<p>Apr\u00e8s la pose des nichoirs pour oiseaux, de l&rsquo;h\u00f4tel \u00e0 insectes et des abris pour chauve-souris au mois d&rsquo;avril, le 4 juin 2018 le refuge LPO a \u00e9t\u00e9 officiellement inaugur\u00e9 en pr\u00e9sence des officiers de la Marine Nationale et Monsieur le Maire de St Jean Cap Ferrat. La convention a \u00e9t\u00e9 sign\u00e9e et le panneau [&hellip;]<\/p>\n","protected":false},"author":15,"featured_media":2239,"comment_status":"open","ping_status":"open","sticky":false,"template":"","format":"standard","meta":{"footnotes":""},"categories":[77,78],"tags":[],"class_list":["post-2238","post","type-post","status-publish","format-standard","has-post-thumbnail","hentry","category-grands-evenements","category-protection-de-la-biodiversite"],"yoast_head":"<!-- This site is optimized with the Yoast SEO plugin v28.3 - https:\/\/yoast.com\/product\/yoast-seo-wordpress\/ -->\n<title>Inauguration du refuge LPO au s\u00e9maphore de Saint-Jean Cap Ferrat - Groupe local Nice<\/title>\n<meta name=\"robots\" content=\"index, follow, max-snippet:-1, max-image-preview:large, max-video-preview:-1\" \/>\n<link rel=\"canonical\" href=\"https:\/\/paca.lpo.fr\/blogs\/nice\/2018\/06\/15\/inauguration-du-refuge-lpo-au-semaphore-de-saint-jean-cap-ferrat\/\" \/>\n<meta property=\"og:locale\" content=\"fr_FR\" \/>\n<meta property=\"og:type\" content=\"article\" \/>\n<meta property=\"og:title\" content=\"Inauguration du refuge LPO au s\u00e9maphore de Saint-Jean Cap Ferrat - Groupe local Nice\" \/>\n<meta property=\"og:description\" content=\"Apr\u00e8s la pose des nichoirs pour oiseaux, de l&rsquo;h\u00f4tel \u00e0 insectes et des abris pour chauve-souris au mois d&rsquo;avril, le 4 juin 2018 le refuge LPO a \u00e9t\u00e9 officiellement inaugur\u00e9 en pr\u00e9sence des officiers de la Marine Nationale et Monsieur le Maire de St Jean Cap Ferrat. La convention a \u00e9t\u00e9 sign\u00e9e et le panneau [&hellip;]\" \/>\n<meta property=\"og:url\" content=\"https:\/\/paca.lpo.fr\/blogs\/nice\/2018\/06\/15\/inauguration-du-refuge-lpo-au-semaphore-de-saint-jean-cap-ferrat\/\" \/>\n<meta property=\"og:site_name\" content=\"Groupe local Nice\" \/>\n<meta property=\"article:published_time\" content=\"2018-06-15T12:00:46+00:00\" \/>\n<meta property=\"og:image\" content=\"https:\/\/paca.lpo.fr\/blogs\/nice\/files\/2018\/06\/blog-une.jpg\" \/>\n\t<meta property=\"og:image:width\" content=\"790\" \/>\n\t<meta property=\"og:image:height\" content=\"481\" \/>\n\t<meta property=\"og:image:type\" content=\"image\/jpeg\" \/>\n<meta name=\"author\" content=\"Groupe local Paillon-B\u00e9v\u00e9ra\" \/>\n<meta name=\"twitter:card\" content=\"summary_large_image\" \/>\n<meta name=\"twitter:label1\" content=\"\u00c9crit par\" \/>\n\t<meta name=\"twitter:data1\" content=\"Groupe local Paillon-B\u00e9v\u00e9ra\" \/>\n\t<meta name=\"twitter:label2\" content=\"Dur\u00e9e de lecture estim\u00e9e\" \/>\n\t<meta name=\"twitter:data2\" content=\"1 minute\" \/>\n<script type=\"application\/ld+json\" class=\"yoast-schema-graph\">{\"@context\":\"https:\\\/\\\/schema.org\",\"@graph\":[{\"@type\":\"Article\",\"@id\":\"https:\\\/\\\/paca.lpo.fr\\\/blogs\\\/nice\\\/2018\\\/06\\\/15\\\/inauguration-du-refuge-lpo-au-semaphore-de-saint-jean-cap-ferrat\\\/#article\",\"isPartOf\":{\"@id\":\"https:\\\/\\\/paca.lpo.fr\\\/blogs\\\/nice\\\/2018\\\/06\\\/15\\\/inauguration-du-refuge-lpo-au-semaphore-de-saint-jean-cap-ferrat\\\/\"},\"author\":{\"name\":\"Groupe local Paillon-B\u00e9v\u00e9ra\",\"@id\":\"https:\\\/\\\/paca.lpo.fr\\\/blogs\\\/nice\\\/#\\\/schema\\\/person\\\/1bda33335fb71e0b3552487db26a4c56\"},\"headline\":\"Inauguration du refuge LPO au s\u00e9maphore de Saint-Jean Cap Ferrat\",\"datePublished\":\"2018-06-15T12:00:46+00:00\",\"mainEntityOfPage\":{\"@id\":\"https:\\\/\\\/paca.lpo.fr\\\/blogs\\\/nice\\\/2018\\\/06\\\/15\\\/inauguration-du-refuge-lpo-au-semaphore-de-saint-jean-cap-ferrat\\\/\"},\"wordCount\":206,\"commentCount\":0,\"publisher\":{\"@id\":\"https:\\\/\\\/paca.lpo.fr\\\/blogs\\\/nice\\\/#organization\"},\"image\":{\"@id\":\"https:\\\/\\\/paca.lpo.fr\\\/blogs\\\/nice\\\/2018\\\/06\\\/15\\\/inauguration-du-refuge-lpo-au-semaphore-de-saint-jean-cap-ferrat\\\/#primaryimage\"},\"thumbnailUrl\":\"https:\\\/\\\/paca.lpo.fr\\\/blogs\\\/nice\\\/files\\\/2018\\\/06\\\/blog-une.jpg\",\"articleSection\":[\"Grands \u00e9v\u00e8nements\",\"Protection de la biodiversit\u00e9\"],\"inLanguage\":\"fr-FR\",\"potentialAction\":[{\"@type\":\"CommentAction\",\"name\":\"Comment\",\"target\":[\"https:\\\/\\\/paca.lpo.fr\\\/blogs\\\/nice\\\/2018\\\/06\\\/15\\\/inauguration-du-refuge-lpo-au-semaphore-de-saint-jean-cap-ferrat\\\/#respond\"]}]},{\"@type\":\"WebPage\",\"@id\":\"https:\\\/\\\/paca.lpo.fr\\\/blogs\\\/nice\\\/2018\\\/06\\\/15\\\/inauguration-du-refuge-lpo-au-semaphore-de-saint-jean-cap-ferrat\\\/\",\"url\":\"https:\\\/\\\/paca.lpo.fr\\\/blogs\\\/nice\\\/2018\\\/06\\\/15\\\/inauguration-du-refuge-lpo-au-semaphore-de-saint-jean-cap-ferrat\\\/\",\"name\":\"Inauguration du refuge LPO au s\u00e9maphore de Saint-Jean Cap Ferrat - Groupe local Nice\",\"isPartOf\":{\"@id\":\"https:\\\/\\\/paca.lpo.fr\\\/blogs\\\/nice\\\/#website\"},\"primaryImageOfPage\":{\"@id\":\"https:\\\/\\\/paca.lpo.fr\\\/blogs\\\/nice\\\/2018\\\/06\\\/15\\\/inauguration-du-refuge-lpo-au-semaphore-de-saint-jean-cap-ferrat\\\/#primaryimage\"},\"image\":{\"@id\":\"https:\\\/\\\/paca.lpo.fr\\\/blogs\\\/nice\\\/2018\\\/06\\\/15\\\/inauguration-du-refuge-lpo-au-semaphore-de-saint-jean-cap-ferrat\\\/#primaryimage\"},\"thumbnailUrl\":\"https:\\\/\\\/paca.lpo.fr\\\/blogs\\\/nice\\\/files\\\/2018\\\/06\\\/blog-une.jpg\",\"datePublished\":\"2018-06-15T12:00:46+00:00\",\"breadcrumb\":{\"@id\":\"https:\\\/\\\/paca.lpo.fr\\\/blogs\\\/nice\\\/2018\\\/06\\\/15\\\/inauguration-du-refuge-lpo-au-semaphore-de-saint-jean-cap-ferrat\\\/#breadcrumb\"},\"inLanguage\":\"fr-FR\",\"potentialAction\":[{\"@type\":\"ReadAction\",\"target\":[\"https:\\\/\\\/paca.lpo.fr\\\/blogs\\\/nice\\\/2018\\\/06\\\/15\\\/inauguration-du-refuge-lpo-au-semaphore-de-saint-jean-cap-ferrat\\\/\"]}]},{\"@type\":\"ImageObject\",\"inLanguage\":\"fr-FR\",\"@id\":\"https:\\\/\\\/paca.lpo.fr\\\/blogs\\\/nice\\\/2018\\\/06\\\/15\\\/inauguration-du-refuge-lpo-au-semaphore-de-saint-jean-cap-ferrat\\\/#primaryimage\",\"url\":\"https:\\\/\\\/paca.lpo.fr\\\/blogs\\\/nice\\\/files\\\/2018\\\/06\\\/blog-une.jpg\",\"contentUrl\":\"https:\\\/\\\/paca.lpo.fr\\\/blogs\\\/nice\\\/files\\\/2018\\\/06\\\/blog-une.jpg\",\"width\":790,\"height\":481,\"caption\":\"vue de la terrasse du s\u00e9maphore\"},{\"@type\":\"BreadcrumbList\",\"@id\":\"https:\\\/\\\/paca.lpo.fr\\\/blogs\\\/nice\\\/2018\\\/06\\\/15\\\/inauguration-du-refuge-lpo-au-semaphore-de-saint-jean-cap-ferrat\\\/#breadcrumb\",\"itemListElement\":[{\"@type\":\"ListItem\",\"position\":1,\"name\":\"Accueil\",\"item\":\"https:\\\/\\\/paca.lpo.fr\\\/blogs\\\/nice\\\/\"},{\"@type\":\"ListItem\",\"position\":2,\"name\":\"Inauguration du refuge LPO au s\u00e9maphore de Saint-Jean Cap Ferrat\"}]},{\"@type\":\"WebSite\",\"@id\":\"https:\\\/\\\/paca.lpo.fr\\\/blogs\\\/nice\\\/#website\",\"url\":\"https:\\\/\\\/paca.lpo.fr\\\/blogs\\\/nice\\\/\",\"name\":\"Groupe local Nice\",\"description\":\"Groupe local Nice\",\"publisher\":{\"@id\":\"https:\\\/\\\/paca.lpo.fr\\\/blogs\\\/nice\\\/#organization\"},\"potentialAction\":[{\"@type\":\"SearchAction\",\"target\":{\"@type\":\"EntryPoint\",\"urlTemplate\":\"https:\\\/\\\/paca.lpo.fr\\\/blogs\\\/nice\\\/?s={search_term_string}\"},\"query-input\":{\"@type\":\"PropertyValueSpecification\",\"valueRequired\":true,\"valueName\":\"search_term_string\"}}],\"inLanguage\":\"fr-FR\"},{\"@type\":\"Organization\",\"@id\":\"https:\\\/\\\/paca.lpo.fr\\\/blogs\\\/nice\\\/#organization\",\"name\":\"Groupe local Nice\",\"url\":\"https:\\\/\\\/paca.lpo.fr\\\/blogs\\\/nice\\\/\",\"logo\":{\"@type\":\"ImageObject\",\"inLanguage\":\"fr-FR\",\"@id\":\"https:\\\/\\\/paca.lpo.fr\\\/blogs\\\/nice\\\/#\\\/schema\\\/logo\\\/image\\\/\",\"url\":\"https:\\\/\\\/paca.lpo.fr\\\/blogs\\\/nice\\\/files\\\/2024\\\/01\\\/cropped-rvb-lpo-paca-logotype-signature-droite-mini-500.jpg\",\"contentUrl\":\"https:\\\/\\\/paca.lpo.fr\\\/blogs\\\/nice\\\/files\\\/2024\\\/01\\\/cropped-rvb-lpo-paca-logotype-signature-droite-mini-500.jpg\",\"width\":500,\"height\":210,\"caption\":\"Groupe local Nice\"},\"image\":{\"@id\":\"https:\\\/\\\/paca.lpo.fr\\\/blogs\\\/nice\\\/#\\\/schema\\\/logo\\\/image\\\/\"}},{\"@type\":\"Person\",\"@id\":\"https:\\\/\\\/paca.lpo.fr\\\/blogs\\\/nice\\\/#\\\/schema\\\/person\\\/1bda33335fb71e0b3552487db26a4c56\",\"name\":\"Groupe local Paillon-B\u00e9v\u00e9ra\",\"image\":{\"@type\":\"ImageObject\",\"inLanguage\":\"fr-FR\",\"@id\":\"https:\\\/\\\/secure.gravatar.com\\\/avatar\\\/b1ee285506e2cb880ec988990d360e255aecb31c77212741dace1023623610c2?s=96&d=mm&r=g\",\"url\":\"https:\\\/\\\/secure.gravatar.com\\\/avatar\\\/b1ee285506e2cb880ec988990d360e255aecb31c77212741dace1023623610c2?s=96&d=mm&r=g\",\"contentUrl\":\"https:\\\/\\\/secure.gravatar.com\\\/avatar\\\/b1ee285506e2cb880ec988990d360e255aecb31c77212741dace1023623610c2?s=96&d=mm&r=g\",\"caption\":\"Groupe local Paillon-B\u00e9v\u00e9ra\"},\"url\":\"https:\\\/\\\/paca.lpo.fr\\\/blogs\\\/nice\\\/author\\\/alpesmaritimesest\\\/\"}]}<\/script>\n<!-- \/ Yoast SEO plugin. -->","yoast_head_json":{"title":"Inauguration du refuge LPO au s\u00e9maphore de Saint-Jean Cap Ferrat - Groupe local Nice","robots":{"index":"index","follow":"follow","max-snippet":"max-snippet:-1","max-image-preview":"max-image-preview:large","max-video-preview":"max-video-preview:-1"},"canonical":"https:\/\/paca.lpo.fr\/blogs\/nice\/2018\/06\/15\/inauguration-du-refuge-lpo-au-semaphore-de-saint-jean-cap-ferrat\/","og_locale":"fr_FR","og_type":"article","og_title":"Inauguration du refuge LPO au s\u00e9maphore de Saint-Jean Cap Ferrat - Groupe local Nice","og_description":"Apr\u00e8s la pose des nichoirs pour oiseaux, de l&rsquo;h\u00f4tel \u00e0 insectes et des abris pour chauve-souris au mois d&rsquo;avril, le 4 juin 2018 le refuge LPO a \u00e9t\u00e9 officiellement inaugur\u00e9 en pr\u00e9sence des officiers de la Marine Nationale et Monsieur le Maire de St Jean Cap Ferrat. La convention a \u00e9t\u00e9 sign\u00e9e et le panneau [&hellip;]","og_url":"https:\/\/paca.lpo.fr\/blogs\/nice\/2018\/06\/15\/inauguration-du-refuge-lpo-au-semaphore-de-saint-jean-cap-ferrat\/","og_site_name":"Groupe local Nice","article_published_time":"2018-06-15T12:00:46+00:00","og_image":[{"width":790,"height":481,"url":"https:\/\/paca.lpo.fr\/blogs\/nice\/files\/2018\/06\/blog-une.jpg","type":"image\/jpeg"}],"author":"Groupe local Paillon-B\u00e9v\u00e9ra","twitter_card":"summary_large_image","twitter_misc":{"\u00c9crit par":"Groupe local Paillon-B\u00e9v\u00e9ra","Dur\u00e9e de lecture estim\u00e9e":"1 minute"},"schema":{"@context":"https:\/\/schema.org","@graph":[{"@type":"Article","@id":"https:\/\/paca.lpo.fr\/blogs\/nice\/2018\/06\/15\/inauguration-du-refuge-lpo-au-semaphore-de-saint-jean-cap-ferrat\/#article","isPartOf":{"@id":"https:\/\/paca.lpo.fr\/blogs\/nice\/2018\/06\/15\/inauguration-du-refuge-lpo-au-semaphore-de-saint-jean-cap-ferrat\/"},"author":{"name":"Groupe local Paillon-B\u00e9v\u00e9ra","@id":"https:\/\/paca.lpo.fr\/blogs\/nice\/#\/schema\/person\/1bda33335fb71e0b3552487db26a4c56"},"headline":"Inauguration du refuge LPO au s\u00e9maphore de Saint-Jean Cap Ferrat","datePublished":"2018-06-15T12:00:46+00:00","mainEntityOfPage":{"@id":"https:\/\/paca.lpo.fr\/blogs\/nice\/2018\/06\/15\/inauguration-du-refuge-lpo-au-semaphore-de-saint-jean-cap-ferrat\/"},"wordCount":206,"commentCount":0,"publisher":{"@id":"https:\/\/paca.lpo.fr\/blogs\/nice\/#organization"},"image":{"@id":"https:\/\/paca.lpo.fr\/blogs\/nice\/2018\/06\/15\/inauguration-du-refuge-lpo-au-semaphore-de-saint-jean-cap-ferrat\/#primaryimage"},"thumbnailUrl":"https:\/\/paca.lpo.fr\/blogs\/nice\/files\/2018\/06\/blog-une.jpg","articleSection":["Grands \u00e9v\u00e8nements","Protection de la biodiversit\u00e9"],"inLanguage":"fr-FR","potentialAction":[{"@type":"CommentAction","name":"Comment","target":["https:\/\/paca.lpo.fr\/blogs\/nice\/2018\/06\/15\/inauguration-du-refuge-lpo-au-semaphore-de-saint-jean-cap-ferrat\/#respond"]}]},{"@type":"WebPage","@id":"https:\/\/paca.lpo.fr\/blogs\/nice\/2018\/06\/15\/inauguration-du-refuge-lpo-au-semaphore-de-saint-jean-cap-ferrat\/","url":"https:\/\/paca.lpo.fr\/blogs\/nice\/2018\/06\/15\/inauguration-du-refuge-lpo-au-semaphore-de-saint-jean-cap-ferrat\/","name":"Inauguration du refuge LPO au s\u00e9maphore de Saint-Jean Cap Ferrat - Groupe local Nice","isPartOf":{"@id":"https:\/\/paca.lpo.fr\/blogs\/nice\/#website"},"primaryImageOfPage":{"@id":"https:\/\/paca.lpo.fr\/blogs\/nice\/2018\/06\/15\/inauguration-du-refuge-lpo-au-semaphore-de-saint-jean-cap-ferrat\/#primaryimage"},"image":{"@id":"https:\/\/paca.lpo.fr\/blogs\/nice\/2018\/06\/15\/inauguration-du-refuge-lpo-au-semaphore-de-saint-jean-cap-ferrat\/#primaryimage"},"thumbnailUrl":"https:\/\/paca.lpo.fr\/blogs\/nice\/files\/2018\/06\/blog-une.jpg","datePublished":"2018-06-15T12:00:46+00:00","breadcrumb":{"@id":"https:\/\/paca.lpo.fr\/blogs\/nice\/2018\/06\/15\/inauguration-du-refuge-lpo-au-semaphore-de-saint-jean-cap-ferrat\/#breadcrumb"},"inLanguage":"fr-FR","potentialAction":[{"@type":"ReadAction","target":["https:\/\/paca.lpo.fr\/blogs\/nice\/2018\/06\/15\/inauguration-du-refuge-lpo-au-semaphore-de-saint-jean-cap-ferrat\/"]}]},{"@type":"ImageObject","inLanguage":"fr-FR","@id":"https:\/\/paca.lpo.fr\/blogs\/nice\/2018\/06\/15\/inauguration-du-refuge-lpo-au-semaphore-de-saint-jean-cap-ferrat\/#primaryimage","url":"https:\/\/paca.lpo.fr\/blogs\/nice\/files\/2018\/06\/blog-une.jpg","contentUrl":"https:\/\/paca.lpo.fr\/blogs\/nice\/files\/2018\/06\/blog-une.jpg","width":790,"height":481,"caption":"vue de la terrasse du s\u00e9maphore"},{"@type":"BreadcrumbList","@id":"https:\/\/paca.lpo.fr\/blogs\/nice\/2018\/06\/15\/inauguration-du-refuge-lpo-au-semaphore-de-saint-jean-cap-ferrat\/#breadcrumb","itemListElement":[{"@type":"ListItem","position":1,"name":"Accueil","item":"https:\/\/paca.lpo.fr\/blogs\/nice\/"},{"@type":"ListItem","position":2,"name":"Inauguration du refuge LPO au s\u00e9maphore de Saint-Jean Cap Ferrat"}]},{"@type":"WebSite","@id":"https:\/\/paca.lpo.fr\/blogs\/nice\/#website","url":"https:\/\/paca.lpo.fr\/blogs\/nice\/","name":"Groupe local Nice","description":"Groupe local Nice","publisher":{"@id":"https:\/\/paca.lpo.fr\/blogs\/nice\/#organization"},"potentialAction":[{"@type":"SearchAction","target":{"@type":"EntryPoint","urlTemplate":"https:\/\/paca.lpo.fr\/blogs\/nice\/?s={search_term_string}"},"query-input":{"@type":"PropertyValueSpecification","valueRequired":true,"valueName":"search_term_string"}}],"inLanguage":"fr-FR"},{"@type":"Organization","@id":"https:\/\/paca.lpo.fr\/blogs\/nice\/#organization","name":"Groupe local Nice","url":"https:\/\/paca.lpo.fr\/blogs\/nice\/","logo":{"@type":"ImageObject","inLanguage":"fr-FR","@id":"https:\/\/paca.lpo.fr\/blogs\/nice\/#\/schema\/logo\/image\/","url":"https:\/\/paca.lpo.fr\/blogs\/nice\/files\/2024\/01\/cropped-rvb-lpo-paca-logotype-signature-droite-mini-500.jpg","contentUrl":"https:\/\/paca.lpo.fr\/blogs\/nice\/files\/2024\/01\/cropped-rvb-lpo-paca-logotype-signature-droite-mini-500.jpg","width":500,"height":210,"caption":"Groupe local Nice"},"image":{"@id":"https:\/\/paca.lpo.fr\/blogs\/nice\/#\/schema\/logo\/image\/"}},{"@type":"Person","@id":"https:\/\/paca.lpo.fr\/blogs\/nice\/#\/schema\/person\/1bda33335fb71e0b3552487db26a4c56","name":"Groupe local Paillon-B\u00e9v\u00e9ra","image":{"@type":"ImageObject","inLanguage":"fr-FR","@id":"https:\/\/secure.gravatar.com\/avatar\/b1ee285506e2cb880ec988990d360e255aecb31c77212741dace1023623610c2?s=96&d=mm&r=g","url":"https:\/\/secure.gravatar.com\/avatar\/b1ee285506e2cb880ec988990d360e255aecb31c77212741dace1023623610c2?s=96&d=mm&r=g","contentUrl":"https:\/\/secure.gravatar.com\/avatar\/b1ee285506e2cb880ec988990d360e255aecb31c77212741dace1023623610c2?s=96&d=mm&r=g","caption":"Groupe local Paillon-B\u00e9v\u00e9ra"},"url":"https:\/\/paca.lpo.fr\/blogs\/nice\/author\/alpesmaritimesest\/"}]}},"jetpack_featured_media_url":"https:\/\/paca.lpo.fr\/blogs\/nice\/files\/2018\/06\/blog-une.jpg","_links":{"self":[{"href":"https:\/\/paca.lpo.fr\/blogs\/nice\/wp-json\/wp\/v2\/posts\/2238","targetHints":{"allow":["GET"]}}],"collection":[{"href":"https:\/\/paca.lpo.fr\/blogs\/nice\/wp-json\/wp\/v2\/posts"}],"about":[{"href":"https:\/\/paca.lpo.fr\/blogs\/nice\/wp-json\/wp\/v2\/types\/post"}],"author":[{"embeddable":true,"href":"https:\/\/paca.lpo.fr\/blogs\/nice\/wp-json\/wp\/v2\/users\/15"}],"replies":[{"embeddable":true,"href":"https:\/\/paca.lpo.fr\/blogs\/nice\/wp-json\/wp\/v2\/comments?post=2238"}],"version-history":[{"count":1,"href":"https:\/\/paca.lpo.fr\/blogs\/nice\/wp-json\/wp\/v2\/posts\/2238\/revisions"}],"predecessor-version":[{"id":2242,"href":"https:\/\/paca.lpo.fr\/blogs\/nice\/wp-json\/wp\/v2\/posts\/2238\/revisions\/2242"}],"wp:featuredmedia":[{"embeddable":true,"href":"https:\/\/paca.lpo.fr\/blogs\/nice\/wp-json\/wp\/v2\/media\/2239"}],"wp:attachment":[{"href":"https:\/\/paca.lpo.fr\/blogs\/nice\/wp-json\/wp\/v2\/media?parent=2238"}],"wp:term":[{"taxonomy":"category","embeddable":true,"href":"https:\/\/paca.lpo.fr\/blogs\/nice\/wp-json\/wp\/v2\/categories?post=2238"},{"taxonomy":"post_tag","embeddable":true,"href":"https:\/\/paca.lpo.fr\/blogs\/nice\/wp-json\/wp\/v2\/tags?post=2238"}],"curies":[{"name":"wp","href":"https:\/\/api.w.org\/{rel}","templated":true}]}}