{"id":2255,"date":"2018-06-28T18:24:15","date_gmt":"2018-06-28T17:24:15","guid":{"rendered":"https:\/\/paca.lpo.fr\/blogs\/nice\/?p=2255"},"modified":"2018-06-29T10:53:33","modified_gmt":"2018-06-29T09:53:33","slug":"nice-nord-en-fete-le-samedi-23-juin","status":"publish","type":"post","link":"https:\/\/paca.lpo.fr\/blogs\/nice\/2018\/06\/28\/nice-nord-en-fete-le-samedi-23-juin\/","title":{"rendered":"Nice Nord en f\u00eate le samedi 23 juin"},"content":{"rendered":"<p>La LPO PACA \u00e9tait de la f\u00eate \u00e0 la Maison de l&rsquo;Environnement pour une journ\u00e9e conviviale et familiale. Mich\u00e8le et Yvonne ont anim\u00e9 un stand d&rsquo;information qui mettait en avant les hirondelles et le partenariat avec la ville et la M\u00e9tropole en faveur du relogement des oiseaux et chauve-souris du Ray. Des animations \u00e9taient propos\u00e9es aux enfants tout au long de la journ\u00e9e.<figure id=\"attachment_2258\" aria-describedby=\"caption-attachment-2258\" style=\"width: 480px\" class=\"wp-caption alignnone\"><img loading=\"lazy\" decoding=\"async\" src=\"https:\/\/paca.lpo.fr\/blogs\/nice\/files\/2018\/06\/blog-3-1-480x360.jpg\" alt=\"\" width=\"480\" height=\"360\" class=\"size-medium wp-image-2258\" srcset=\"https:\/\/paca.lpo.fr\/blogs\/nice\/files\/2018\/06\/blog-3-1-480x360.jpg 480w, https:\/\/paca.lpo.fr\/blogs\/nice\/files\/2018\/06\/blog-3-1-768x576.jpg 768w, https:\/\/paca.lpo.fr\/blogs\/nice\/files\/2018\/06\/blog-3-1-700x525.jpg 700w, https:\/\/paca.lpo.fr\/blogs\/nice\/files\/2018\/06\/blog-3-1.jpg 959w\" sizes=\"auto, (max-width: 480px) 100vw, 480px\" \/><figcaption id=\"caption-attachment-2258\" class=\"wp-caption-text\">Animations pour les enfants<\/figcaption><\/figure><br \/>\n<figure id=\"attachment_2256\" aria-describedby=\"caption-attachment-2256\" style=\"width: 480px\" class=\"wp-caption alignnone\"><img loading=\"lazy\" decoding=\"async\" src=\"https:\/\/paca.lpo.fr\/blogs\/nice\/files\/2018\/06\/blog-4-480x360.jpg\" alt=\"\" width=\"480\" height=\"360\" class=\"size-medium wp-image-2256\" srcset=\"https:\/\/paca.lpo.fr\/blogs\/nice\/files\/2018\/06\/blog-4-480x360.jpg 480w, https:\/\/paca.lpo.fr\/blogs\/nice\/files\/2018\/06\/blog-4-768x576.jpg 768w, https:\/\/paca.lpo.fr\/blogs\/nice\/files\/2018\/06\/blog-4-700x525.jpg 700w, https:\/\/paca.lpo.fr\/blogs\/nice\/files\/2018\/06\/blog-4.jpg 959w\" sizes=\"auto, (max-width: 480px) 100vw, 480px\" \/><figcaption id=\"caption-attachment-2256\" class=\"wp-caption-text\">dav<\/figcaption><\/figure><br \/>\nLes enfants ont beaucoup appr\u00e9ci\u00e9 les contes de notre animatrice Anouck<br \/>\n<figure id=\"attachment_2257\" aria-describedby=\"caption-attachment-2257\" style=\"width: 480px\" class=\"wp-caption alignnone\"><img loading=\"lazy\" decoding=\"async\" src=\"https:\/\/paca.lpo.fr\/blogs\/nice\/files\/2018\/06\/blog-1-2-480x354.jpg\" alt=\"\" width=\"480\" height=\"354\" class=\"size-medium wp-image-2257\" srcset=\"https:\/\/paca.lpo.fr\/blogs\/nice\/files\/2018\/06\/blog-1-2-480x354.jpg 480w, https:\/\/paca.lpo.fr\/blogs\/nice\/files\/2018\/06\/blog-1-2-768x566.jpg 768w, https:\/\/paca.lpo.fr\/blogs\/nice\/files\/2018\/06\/blog-1-2-960x708.jpg 960w, https:\/\/paca.lpo.fr\/blogs\/nice\/files\/2018\/06\/blog-1-2-700x516.jpg 700w, https:\/\/paca.lpo.fr\/blogs\/nice\/files\/2018\/06\/blog-1-2.jpg 964w\" sizes=\"auto, (max-width: 480px) 100vw, 480px\" \/><figcaption id=\"caption-attachment-2257\" class=\"wp-caption-text\">les contes d&rsquo;Anouck<\/figcaption><\/figure><\/p>\n","protected":false},"excerpt":{"rendered":"<p>La LPO PACA \u00e9tait de la f\u00eate \u00e0 la Maison de l&rsquo;Environnement pour une journ\u00e9e conviviale et familiale. Mich\u00e8le et Yvonne ont anim\u00e9 un stand d&rsquo;information qui mettait en avant les hirondelles et le partenariat avec la ville et la M\u00e9tropole en faveur du relogement des oiseaux et chauve-souris du Ray. Des animations \u00e9taient propos\u00e9es [&hellip;]<\/p>\n","protected":false},"author":15,"featured_media":0,"comment_status":"open","ping_status":"open","sticky":false,"template":"","format":"standard","meta":{"footnotes":""},"categories":[77,3],"tags":[],"class_list":["post-2255","post","type-post","status-publish","format-standard","hentry","category-grands-evenements","category-vie-groupe"],"yoast_head":"<!-- This site is optimized with the Yoast SEO plugin v28.3 - https:\/\/yoast.com\/product\/yoast-seo-wordpress\/ -->\n<title>Nice Nord en f\u00eate le samedi 23 juin - Groupe local Nice<\/title>\n<meta name=\"robots\" content=\"index, follow, max-snippet:-1, max-image-preview:large, max-video-preview:-1\" \/>\n<link rel=\"canonical\" href=\"https:\/\/paca.lpo.fr\/blogs\/nice\/2018\/06\/28\/nice-nord-en-fete-le-samedi-23-juin\/\" \/>\n<meta property=\"og:locale\" content=\"fr_FR\" \/>\n<meta property=\"og:type\" content=\"article\" \/>\n<meta property=\"og:title\" content=\"Nice Nord en f\u00eate le samedi 23 juin - Groupe local Nice\" \/>\n<meta property=\"og:description\" content=\"La LPO PACA \u00e9tait de la f\u00eate \u00e0 la Maison de l&rsquo;Environnement pour une journ\u00e9e conviviale et familiale. Mich\u00e8le et Yvonne ont anim\u00e9 un stand d&rsquo;information qui mettait en avant les hirondelles et le partenariat avec la ville et la M\u00e9tropole en faveur du relogement des oiseaux et chauve-souris du Ray. Des animations \u00e9taient propos\u00e9es [&hellip;]\" \/>\n<meta property=\"og:url\" content=\"https:\/\/paca.lpo.fr\/blogs\/nice\/2018\/06\/28\/nice-nord-en-fete-le-samedi-23-juin\/\" \/>\n<meta property=\"og:site_name\" content=\"Groupe local Nice\" \/>\n<meta property=\"article:published_time\" content=\"2018-06-28T17:24:15+00:00\" \/>\n<meta property=\"article:modified_time\" content=\"2018-06-29T09:53:33+00:00\" \/>\n<meta property=\"og:image\" content=\"https:\/\/paca.lpo.fr\/blogs\/nice\/files\/2018\/06\/blog-3-1-480x360.jpg\" \/>\n<meta name=\"author\" content=\"Groupe local Paillon-B\u00e9v\u00e9ra\" \/>\n<meta name=\"twitter:card\" content=\"summary_large_image\" \/>\n<meta name=\"twitter:label1\" content=\"\u00c9crit par\" \/>\n\t<meta name=\"twitter:data1\" content=\"Groupe local Paillon-B\u00e9v\u00e9ra\" \/>\n\t<meta name=\"twitter:label2\" content=\"Dur\u00e9e de lecture estim\u00e9e\" \/>\n\t<meta name=\"twitter:data2\" content=\"1 minute\" \/>\n<script type=\"application\/ld+json\" class=\"yoast-schema-graph\">{\"@context\":\"https:\\\/\\\/schema.org\",\"@graph\":[{\"@type\":\"Article\",\"@id\":\"https:\\\/\\\/paca.lpo.fr\\\/blogs\\\/nice\\\/2018\\\/06\\\/28\\\/nice-nord-en-fete-le-samedi-23-juin\\\/#article\",\"isPartOf\":{\"@id\":\"https:\\\/\\\/paca.lpo.fr\\\/blogs\\\/nice\\\/2018\\\/06\\\/28\\\/nice-nord-en-fete-le-samedi-23-juin\\\/\"},\"author\":{\"name\":\"Groupe local Paillon-B\u00e9v\u00e9ra\",\"@id\":\"https:\\\/\\\/paca.lpo.fr\\\/blogs\\\/nice\\\/#\\\/schema\\\/person\\\/1bda33335fb71e0b3552487db26a4c56\"},\"headline\":\"Nice Nord en f\u00eate le samedi 23 juin\",\"datePublished\":\"2018-06-28T17:24:15+00:00\",\"dateModified\":\"2018-06-29T09:53:33+00:00\",\"mainEntityOfPage\":{\"@id\":\"https:\\\/\\\/paca.lpo.fr\\\/blogs\\\/nice\\\/2018\\\/06\\\/28\\\/nice-nord-en-fete-le-samedi-23-juin\\\/\"},\"wordCount\":120,\"commentCount\":0,\"publisher\":{\"@id\":\"https:\\\/\\\/paca.lpo.fr\\\/blogs\\\/nice\\\/#organization\"},\"image\":{\"@id\":\"https:\\\/\\\/paca.lpo.fr\\\/blogs\\\/nice\\\/2018\\\/06\\\/28\\\/nice-nord-en-fete-le-samedi-23-juin\\\/#primaryimage\"},\"thumbnailUrl\":\"https:\\\/\\\/paca.lpo.fr\\\/blogs\\\/nice\\\/files\\\/2018\\\/06\\\/blog-3-1-480x360.jpg\",\"articleSection\":[\"Grands \u00e9v\u00e8nements\",\"Vie du groupe\"],\"inLanguage\":\"fr-FR\",\"potentialAction\":[{\"@type\":\"CommentAction\",\"name\":\"Comment\",\"target\":[\"https:\\\/\\\/paca.lpo.fr\\\/blogs\\\/nice\\\/2018\\\/06\\\/28\\\/nice-nord-en-fete-le-samedi-23-juin\\\/#respond\"]}]},{\"@type\":\"WebPage\",\"@id\":\"https:\\\/\\\/paca.lpo.fr\\\/blogs\\\/nice\\\/2018\\\/06\\\/28\\\/nice-nord-en-fete-le-samedi-23-juin\\\/\",\"url\":\"https:\\\/\\\/paca.lpo.fr\\\/blogs\\\/nice\\\/2018\\\/06\\\/28\\\/nice-nord-en-fete-le-samedi-23-juin\\\/\",\"name\":\"Nice Nord en f\u00eate le samedi 23 juin - Groupe local Nice\",\"isPartOf\":{\"@id\":\"https:\\\/\\\/paca.lpo.fr\\\/blogs\\\/nice\\\/#website\"},\"primaryImageOfPage\":{\"@id\":\"https:\\\/\\\/paca.lpo.fr\\\/blogs\\\/nice\\\/2018\\\/06\\\/28\\\/nice-nord-en-fete-le-samedi-23-juin\\\/#primaryimage\"},\"image\":{\"@id\":\"https:\\\/\\\/paca.lpo.fr\\\/blogs\\\/nice\\\/2018\\\/06\\\/28\\\/nice-nord-en-fete-le-samedi-23-juin\\\/#primaryimage\"},\"thumbnailUrl\":\"https:\\\/\\\/paca.lpo.fr\\\/blogs\\\/nice\\\/files\\\/2018\\\/06\\\/blog-3-1-480x360.jpg\",\"datePublished\":\"2018-06-28T17:24:15+00:00\",\"dateModified\":\"2018-06-29T09:53:33+00:00\",\"breadcrumb\":{\"@id\":\"https:\\\/\\\/paca.lpo.fr\\\/blogs\\\/nice\\\/2018\\\/06\\\/28\\\/nice-nord-en-fete-le-samedi-23-juin\\\/#breadcrumb\"},\"inLanguage\":\"fr-FR\",\"potentialAction\":[{\"@type\":\"ReadAction\",\"target\":[\"https:\\\/\\\/paca.lpo.fr\\\/blogs\\\/nice\\\/2018\\\/06\\\/28\\\/nice-nord-en-fete-le-samedi-23-juin\\\/\"]}]},{\"@type\":\"ImageObject\",\"inLanguage\":\"fr-FR\",\"@id\":\"https:\\\/\\\/paca.lpo.fr\\\/blogs\\\/nice\\\/2018\\\/06\\\/28\\\/nice-nord-en-fete-le-samedi-23-juin\\\/#primaryimage\",\"url\":\"https:\\\/\\\/paca.lpo.fr\\\/blogs\\\/nice\\\/files\\\/2018\\\/06\\\/blog-3-1.jpg\",\"contentUrl\":\"https:\\\/\\\/paca.lpo.fr\\\/blogs\\\/nice\\\/files\\\/2018\\\/06\\\/blog-3-1.jpg\",\"width\":959,\"height\":719,\"caption\":\"Animations pour les enfants\"},{\"@type\":\"BreadcrumbList\",\"@id\":\"https:\\\/\\\/paca.lpo.fr\\\/blogs\\\/nice\\\/2018\\\/06\\\/28\\\/nice-nord-en-fete-le-samedi-23-juin\\\/#breadcrumb\",\"itemListElement\":[{\"@type\":\"ListItem\",\"position\":1,\"name\":\"Accueil\",\"item\":\"https:\\\/\\\/paca.lpo.fr\\\/blogs\\\/nice\\\/\"},{\"@type\":\"ListItem\",\"position\":2,\"name\":\"Nice Nord en f\u00eate le samedi 23 juin\"}]},{\"@type\":\"WebSite\",\"@id\":\"https:\\\/\\\/paca.lpo.fr\\\/blogs\\\/nice\\\/#website\",\"url\":\"https:\\\/\\\/paca.lpo.fr\\\/blogs\\\/nice\\\/\",\"name\":\"Groupe local Nice\",\"description\":\"Groupe local Nice\",\"publisher\":{\"@id\":\"https:\\\/\\\/paca.lpo.fr\\\/blogs\\\/nice\\\/#organization\"},\"potentialAction\":[{\"@type\":\"SearchAction\",\"target\":{\"@type\":\"EntryPoint\",\"urlTemplate\":\"https:\\\/\\\/paca.lpo.fr\\\/blogs\\\/nice\\\/?s={search_term_string}\"},\"query-input\":{\"@type\":\"PropertyValueSpecification\",\"valueRequired\":true,\"valueName\":\"search_term_string\"}}],\"inLanguage\":\"fr-FR\"},{\"@type\":\"Organization\",\"@id\":\"https:\\\/\\\/paca.lpo.fr\\\/blogs\\\/nice\\\/#organization\",\"name\":\"Groupe local Nice\",\"url\":\"https:\\\/\\\/paca.lpo.fr\\\/blogs\\\/nice\\\/\",\"logo\":{\"@type\":\"ImageObject\",\"inLanguage\":\"fr-FR\",\"@id\":\"https:\\\/\\\/paca.lpo.fr\\\/blogs\\\/nice\\\/#\\\/schema\\\/logo\\\/image\\\/\",\"url\":\"https:\\\/\\\/paca.lpo.fr\\\/blogs\\\/nice\\\/files\\\/2024\\\/01\\\/cropped-rvb-lpo-paca-logotype-signature-droite-mini-500.jpg\",\"contentUrl\":\"https:\\\/\\\/paca.lpo.fr\\\/blogs\\\/nice\\\/files\\\/2024\\\/01\\\/cropped-rvb-lpo-paca-logotype-signature-droite-mini-500.jpg\",\"width\":500,\"height\":210,\"caption\":\"Groupe local Nice\"},\"image\":{\"@id\":\"https:\\\/\\\/paca.lpo.fr\\\/blogs\\\/nice\\\/#\\\/schema\\\/logo\\\/image\\\/\"}},{\"@type\":\"Person\",\"@id\":\"https:\\\/\\\/paca.lpo.fr\\\/blogs\\\/nice\\\/#\\\/schema\\\/person\\\/1bda33335fb71e0b3552487db26a4c56\",\"name\":\"Groupe local Paillon-B\u00e9v\u00e9ra\",\"image\":{\"@type\":\"ImageObject\",\"inLanguage\":\"fr-FR\",\"@id\":\"https:\\\/\\\/secure.gravatar.com\\\/avatar\\\/b1ee285506e2cb880ec988990d360e255aecb31c77212741dace1023623610c2?s=96&d=mm&r=g\",\"url\":\"https:\\\/\\\/secure.gravatar.com\\\/avatar\\\/b1ee285506e2cb880ec988990d360e255aecb31c77212741dace1023623610c2?s=96&d=mm&r=g\",\"contentUrl\":\"https:\\\/\\\/secure.gravatar.com\\\/avatar\\\/b1ee285506e2cb880ec988990d360e255aecb31c77212741dace1023623610c2?s=96&d=mm&r=g\",\"caption\":\"Groupe local Paillon-B\u00e9v\u00e9ra\"},\"url\":\"https:\\\/\\\/paca.lpo.fr\\\/blogs\\\/nice\\\/author\\\/alpesmaritimesest\\\/\"}]}<\/script>\n<!-- \/ Yoast SEO plugin. -->","yoast_head_json":{"title":"Nice Nord en f\u00eate le samedi 23 juin - Groupe local Nice","robots":{"index":"index","follow":"follow","max-snippet":"max-snippet:-1","max-image-preview":"max-image-preview:large","max-video-preview":"max-video-preview:-1"},"canonical":"https:\/\/paca.lpo.fr\/blogs\/nice\/2018\/06\/28\/nice-nord-en-fete-le-samedi-23-juin\/","og_locale":"fr_FR","og_type":"article","og_title":"Nice Nord en f\u00eate le samedi 23 juin - Groupe local Nice","og_description":"La LPO PACA \u00e9tait de la f\u00eate \u00e0 la Maison de l&rsquo;Environnement pour une journ\u00e9e conviviale et familiale. Mich\u00e8le et Yvonne ont anim\u00e9 un stand d&rsquo;information qui mettait en avant les hirondelles et le partenariat avec la ville et la M\u00e9tropole en faveur du relogement des oiseaux et chauve-souris du Ray. Des animations \u00e9taient propos\u00e9es [&hellip;]","og_url":"https:\/\/paca.lpo.fr\/blogs\/nice\/2018\/06\/28\/nice-nord-en-fete-le-samedi-23-juin\/","og_site_name":"Groupe local Nice","article_published_time":"2018-06-28T17:24:15+00:00","article_modified_time":"2018-06-29T09:53:33+00:00","og_image":[{"url":"https:\/\/paca.lpo.fr\/blogs\/nice\/files\/2018\/06\/blog-3-1-480x360.jpg","type":"","width":"","height":""}],"author":"Groupe local Paillon-B\u00e9v\u00e9ra","twitter_card":"summary_large_image","twitter_misc":{"\u00c9crit par":"Groupe local Paillon-B\u00e9v\u00e9ra","Dur\u00e9e de lecture estim\u00e9e":"1 minute"},"schema":{"@context":"https:\/\/schema.org","@graph":[{"@type":"Article","@id":"https:\/\/paca.lpo.fr\/blogs\/nice\/2018\/06\/28\/nice-nord-en-fete-le-samedi-23-juin\/#article","isPartOf":{"@id":"https:\/\/paca.lpo.fr\/blogs\/nice\/2018\/06\/28\/nice-nord-en-fete-le-samedi-23-juin\/"},"author":{"name":"Groupe local Paillon-B\u00e9v\u00e9ra","@id":"https:\/\/paca.lpo.fr\/blogs\/nice\/#\/schema\/person\/1bda33335fb71e0b3552487db26a4c56"},"headline":"Nice Nord en f\u00eate le samedi 23 juin","datePublished":"2018-06-28T17:24:15+00:00","dateModified":"2018-06-29T09:53:33+00:00","mainEntityOfPage":{"@id":"https:\/\/paca.lpo.fr\/blogs\/nice\/2018\/06\/28\/nice-nord-en-fete-le-samedi-23-juin\/"},"wordCount":120,"commentCount":0,"publisher":{"@id":"https:\/\/paca.lpo.fr\/blogs\/nice\/#organization"},"image":{"@id":"https:\/\/paca.lpo.fr\/blogs\/nice\/2018\/06\/28\/nice-nord-en-fete-le-samedi-23-juin\/#primaryimage"},"thumbnailUrl":"https:\/\/paca.lpo.fr\/blogs\/nice\/files\/2018\/06\/blog-3-1-480x360.jpg","articleSection":["Grands \u00e9v\u00e8nements","Vie du groupe"],"inLanguage":"fr-FR","potentialAction":[{"@type":"CommentAction","name":"Comment","target":["https:\/\/paca.lpo.fr\/blogs\/nice\/2018\/06\/28\/nice-nord-en-fete-le-samedi-23-juin\/#respond"]}]},{"@type":"WebPage","@id":"https:\/\/paca.lpo.fr\/blogs\/nice\/2018\/06\/28\/nice-nord-en-fete-le-samedi-23-juin\/","url":"https:\/\/paca.lpo.fr\/blogs\/nice\/2018\/06\/28\/nice-nord-en-fete-le-samedi-23-juin\/","name":"Nice Nord en f\u00eate le samedi 23 juin - Groupe local Nice","isPartOf":{"@id":"https:\/\/paca.lpo.fr\/blogs\/nice\/#website"},"primaryImageOfPage":{"@id":"https:\/\/paca.lpo.fr\/blogs\/nice\/2018\/06\/28\/nice-nord-en-fete-le-samedi-23-juin\/#primaryimage"},"image":{"@id":"https:\/\/paca.lpo.fr\/blogs\/nice\/2018\/06\/28\/nice-nord-en-fete-le-samedi-23-juin\/#primaryimage"},"thumbnailUrl":"https:\/\/paca.lpo.fr\/blogs\/nice\/files\/2018\/06\/blog-3-1-480x360.jpg","datePublished":"2018-06-28T17:24:15+00:00","dateModified":"2018-06-29T09:53:33+00:00","breadcrumb":{"@id":"https:\/\/paca.lpo.fr\/blogs\/nice\/2018\/06\/28\/nice-nord-en-fete-le-samedi-23-juin\/#breadcrumb"},"inLanguage":"fr-FR","potentialAction":[{"@type":"ReadAction","target":["https:\/\/paca.lpo.fr\/blogs\/nice\/2018\/06\/28\/nice-nord-en-fete-le-samedi-23-juin\/"]}]},{"@type":"ImageObject","inLanguage":"fr-FR","@id":"https:\/\/paca.lpo.fr\/blogs\/nice\/2018\/06\/28\/nice-nord-en-fete-le-samedi-23-juin\/#primaryimage","url":"https:\/\/paca.lpo.fr\/blogs\/nice\/files\/2018\/06\/blog-3-1.jpg","contentUrl":"https:\/\/paca.lpo.fr\/blogs\/nice\/files\/2018\/06\/blog-3-1.jpg","width":959,"height":719,"caption":"Animations pour les enfants"},{"@type":"BreadcrumbList","@id":"https:\/\/paca.lpo.fr\/blogs\/nice\/2018\/06\/28\/nice-nord-en-fete-le-samedi-23-juin\/#breadcrumb","itemListElement":[{"@type":"ListItem","position":1,"name":"Accueil","item":"https:\/\/paca.lpo.fr\/blogs\/nice\/"},{"@type":"ListItem","position":2,"name":"Nice Nord en f\u00eate le samedi 23 juin"}]},{"@type":"WebSite","@id":"https:\/\/paca.lpo.fr\/blogs\/nice\/#website","url":"https:\/\/paca.lpo.fr\/blogs\/nice\/","name":"Groupe local Nice","description":"Groupe local Nice","publisher":{"@id":"https:\/\/paca.lpo.fr\/blogs\/nice\/#organization"},"potentialAction":[{"@type":"SearchAction","target":{"@type":"EntryPoint","urlTemplate":"https:\/\/paca.lpo.fr\/blogs\/nice\/?s={search_term_string}"},"query-input":{"@type":"PropertyValueSpecification","valueRequired":true,"valueName":"search_term_string"}}],"inLanguage":"fr-FR"},{"@type":"Organization","@id":"https:\/\/paca.lpo.fr\/blogs\/nice\/#organization","name":"Groupe local Nice","url":"https:\/\/paca.lpo.fr\/blogs\/nice\/","logo":{"@type":"ImageObject","inLanguage":"fr-FR","@id":"https:\/\/paca.lpo.fr\/blogs\/nice\/#\/schema\/logo\/image\/","url":"https:\/\/paca.lpo.fr\/blogs\/nice\/files\/2024\/01\/cropped-rvb-lpo-paca-logotype-signature-droite-mini-500.jpg","contentUrl":"https:\/\/paca.lpo.fr\/blogs\/nice\/files\/2024\/01\/cropped-rvb-lpo-paca-logotype-signature-droite-mini-500.jpg","width":500,"height":210,"caption":"Groupe local Nice"},"image":{"@id":"https:\/\/paca.lpo.fr\/blogs\/nice\/#\/schema\/logo\/image\/"}},{"@type":"Person","@id":"https:\/\/paca.lpo.fr\/blogs\/nice\/#\/schema\/person\/1bda33335fb71e0b3552487db26a4c56","name":"Groupe local Paillon-B\u00e9v\u00e9ra","image":{"@type":"ImageObject","inLanguage":"fr-FR","@id":"https:\/\/secure.gravatar.com\/avatar\/b1ee285506e2cb880ec988990d360e255aecb31c77212741dace1023623610c2?s=96&d=mm&r=g","url":"https:\/\/secure.gravatar.com\/avatar\/b1ee285506e2cb880ec988990d360e255aecb31c77212741dace1023623610c2?s=96&d=mm&r=g","contentUrl":"https:\/\/secure.gravatar.com\/avatar\/b1ee285506e2cb880ec988990d360e255aecb31c77212741dace1023623610c2?s=96&d=mm&r=g","caption":"Groupe local Paillon-B\u00e9v\u00e9ra"},"url":"https:\/\/paca.lpo.fr\/blogs\/nice\/author\/alpesmaritimesest\/"}]}},"jetpack_featured_media_url":"","_links":{"self":[{"href":"https:\/\/paca.lpo.fr\/blogs\/nice\/wp-json\/wp\/v2\/posts\/2255","targetHints":{"allow":["GET"]}}],"collection":[{"href":"https:\/\/paca.lpo.fr\/blogs\/nice\/wp-json\/wp\/v2\/posts"}],"about":[{"href":"https:\/\/paca.lpo.fr\/blogs\/nice\/wp-json\/wp\/v2\/types\/post"}],"author":[{"embeddable":true,"href":"https:\/\/paca.lpo.fr\/blogs\/nice\/wp-json\/wp\/v2\/users\/15"}],"replies":[{"embeddable":true,"href":"https:\/\/paca.lpo.fr\/blogs\/nice\/wp-json\/wp\/v2\/comments?post=2255"}],"version-history":[{"count":4,"href":"https:\/\/paca.lpo.fr\/blogs\/nice\/wp-json\/wp\/v2\/posts\/2255\/revisions"}],"predecessor-version":[{"id":2265,"href":"https:\/\/paca.lpo.fr\/blogs\/nice\/wp-json\/wp\/v2\/posts\/2255\/revisions\/2265"}],"wp:attachment":[{"href":"https:\/\/paca.lpo.fr\/blogs\/nice\/wp-json\/wp\/v2\/media?parent=2255"}],"wp:term":[{"taxonomy":"category","embeddable":true,"href":"https:\/\/paca.lpo.fr\/blogs\/nice\/wp-json\/wp\/v2\/categories?post=2255"},{"taxonomy":"post_tag","embeddable":true,"href":"https:\/\/paca.lpo.fr\/blogs\/nice\/wp-json\/wp\/v2\/tags?post=2255"}],"curies":[{"name":"wp","href":"https:\/\/api.w.org\/{rel}","templated":true}]}}