{"id":2273,"date":"2018-07-04T08:24:48","date_gmt":"2018-07-04T07:24:48","guid":{"rendered":"https:\/\/paca.lpo.fr\/blogs\/nice\/?p=2273"},"modified":"2018-07-13T08:49:35","modified_gmt":"2018-07-13T07:49:35","slug":"en-attendant-la-visite-de-monsieur-buffon","status":"publish","type":"post","link":"https:\/\/paca.lpo.fr\/blogs\/nice\/2018\/07\/04\/en-attendant-la-visite-de-monsieur-buffon\/","title":{"rendered":"En attendant la visite de Monsieur Buffon&#8230;"},"content":{"rendered":"<p>Ces gentes dames accueillent les visiteurs et sensibilisent sur les probl\u00e8mes des oiseaux. Le village de Sospel est en f\u00eate ce Dimanche 1er juillet 2018 avec le Festival \u00ab\u00a0Les BaroQuiales\u00a0\u00bb F\u00eate Baroque. Animations de rue, vieux m\u00e9tiers et artisanat d\u2019art, musique et danses.<br \/>\n<figure id=\"attachment_2291\" aria-describedby=\"caption-attachment-2291\" style=\"width: 480px\" class=\"wp-caption alignnone\"><img loading=\"lazy\" decoding=\"async\" src=\"https:\/\/paca.lpo.fr\/blogs\/nice\/files\/2018\/07\/stand-3-une-480x323.jpg\" alt=\"\" width=\"480\" height=\"323\" class=\"size-medium wp-image-2291\" srcset=\"https:\/\/paca.lpo.fr\/blogs\/nice\/files\/2018\/07\/stand-3-une-480x323.jpg 480w, https:\/\/paca.lpo.fr\/blogs\/nice\/files\/2018\/07\/stand-3-une.jpg 699w\" sizes=\"auto, (max-width: 480px) 100vw, 480px\" \/><figcaption id=\"caption-attachment-2291\" class=\"wp-caption-text\">Accueil<\/figcaption><\/figure><br \/>\n<figure id=\"attachment_2275\" aria-describedby=\"caption-attachment-2275\" style=\"width: 480px\" class=\"wp-caption alignnone\"><img loading=\"lazy\" decoding=\"async\" src=\"https:\/\/paca.lpo.fr\/blogs\/nice\/files\/2018\/07\/ambiance-3-480x360.jpg\" alt=\"\" width=\"480\" height=\"360\" class=\"size-medium wp-image-2275\" srcset=\"https:\/\/paca.lpo.fr\/blogs\/nice\/files\/2018\/07\/ambiance-3-480x360.jpg 480w, https:\/\/paca.lpo.fr\/blogs\/nice\/files\/2018\/07\/ambiance-3-768x576.jpg 768w, https:\/\/paca.lpo.fr\/blogs\/nice\/files\/2018\/07\/ambiance-3-700x525.jpg 700w, https:\/\/paca.lpo.fr\/blogs\/nice\/files\/2018\/07\/ambiance-3.jpg 920w\" sizes=\"auto, (max-width: 480px) 100vw, 480px\" \/><figcaption id=\"caption-attachment-2275\" class=\"wp-caption-text\">Ambiance d&rsquo;\u00e9poque costum\u00e9e<\/figcaption><\/figure><br \/>\n<figure id=\"attachment_2276\" aria-describedby=\"caption-attachment-2276\" style=\"width: 480px\" class=\"wp-caption alignnone\"><img loading=\"lazy\" decoding=\"async\" src=\"https:\/\/paca.lpo.fr\/blogs\/nice\/files\/2018\/07\/ambiance-2-480x318.jpg\" alt=\"\" width=\"480\" height=\"318\" class=\"size-medium wp-image-2276\" srcset=\"https:\/\/paca.lpo.fr\/blogs\/nice\/files\/2018\/07\/ambiance-2-480x318.jpg 480w, https:\/\/paca.lpo.fr\/blogs\/nice\/files\/2018\/07\/ambiance-2-768x509.jpg 768w, https:\/\/paca.lpo.fr\/blogs\/nice\/files\/2018\/07\/ambiance-2-960x636.jpg 960w, https:\/\/paca.lpo.fr\/blogs\/nice\/files\/2018\/07\/ambiance-2-700x464.jpg 700w, https:\/\/paca.lpo.fr\/blogs\/nice\/files\/2018\/07\/ambiance-2.jpg 981w\" sizes=\"auto, (max-width: 480px) 100vw, 480px\" \/><figcaption id=\"caption-attachment-2276\" class=\"wp-caption-text\">Chants et danses<\/figcaption><\/figure><br \/>\nLes visiteurs au stand LPO ont pu observer les nombreuses hirondelles de la Place de la Cath\u00e9drale<br \/>\n<figure id=\"attachment_2277\" aria-describedby=\"caption-attachment-2277\" style=\"width: 480px\" class=\"wp-caption alignnone\"><img loading=\"lazy\" decoding=\"async\" src=\"https:\/\/paca.lpo.fr\/blogs\/nice\/files\/2018\/07\/2018-07-01sospel-20-480x348.jpg\" alt=\"\" width=\"480\" height=\"348\" class=\"size-medium wp-image-2277\" srcset=\"https:\/\/paca.lpo.fr\/blogs\/nice\/files\/2018\/07\/2018-07-01sospel-20-480x348.jpg 480w, https:\/\/paca.lpo.fr\/blogs\/nice\/files\/2018\/07\/2018-07-01sospel-20-768x557.jpg 768w, https:\/\/paca.lpo.fr\/blogs\/nice\/files\/2018\/07\/2018-07-01sospel-20-960x696.jpg 960w, https:\/\/paca.lpo.fr\/blogs\/nice\/files\/2018\/07\/2018-07-01sospel-20-700x508.jpg 700w, https:\/\/paca.lpo.fr\/blogs\/nice\/files\/2018\/07\/2018-07-01sospel-20.jpg 982w\" sizes=\"auto, (max-width: 480px) 100vw, 480px\" \/><figcaption id=\"caption-attachment-2277\" class=\"wp-caption-text\">Jeunes hirondelles de rochers au nid \u00e0 c\u00f4t\u00e9 du stand<\/figcaption><\/figure><br \/>\n<img loading=\"lazy\" decoding=\"async\" src=\"https:\/\/paca.lpo.fr\/blogs\/nice\/files\/2018\/07\/2018-07-01sospel-12-480x350.jpg\" alt=\"\" width=\"480\" height=\"350\" class=\"alignnone size-medium wp-image-2278\" srcset=\"https:\/\/paca.lpo.fr\/blogs\/nice\/files\/2018\/07\/2018-07-01sospel-12-480x350.jpg 480w, https:\/\/paca.lpo.fr\/blogs\/nice\/files\/2018\/07\/2018-07-01sospel-12-768x560.jpg 768w, https:\/\/paca.lpo.fr\/blogs\/nice\/files\/2018\/07\/2018-07-01sospel-12-960x699.jpg 960w, https:\/\/paca.lpo.fr\/blogs\/nice\/files\/2018\/07\/2018-07-01sospel-12-700x510.jpg 700w, https:\/\/paca.lpo.fr\/blogs\/nice\/files\/2018\/07\/2018-07-01sospel-12.jpg 991w\" sizes=\"auto, (max-width: 480px) 100vw, 480px\" \/><br \/>\n<figure id=\"attachment_2279\" aria-describedby=\"caption-attachment-2279\" style=\"width: 480px\" class=\"wp-caption alignnone\"><img loading=\"lazy\" decoding=\"async\" src=\"https:\/\/paca.lpo.fr\/blogs\/nice\/files\/2018\/07\/2018-07-01sospel-9-480x315.jpg\" alt=\"\" width=\"480\" height=\"315\" class=\"size-medium wp-image-2279\" srcset=\"https:\/\/paca.lpo.fr\/blogs\/nice\/files\/2018\/07\/2018-07-01sospel-9-480x315.jpg 480w, https:\/\/paca.lpo.fr\/blogs\/nice\/files\/2018\/07\/2018-07-01sospel-9-768x504.jpg 768w, https:\/\/paca.lpo.fr\/blogs\/nice\/files\/2018\/07\/2018-07-01sospel-9-960x630.jpg 960w, https:\/\/paca.lpo.fr\/blogs\/nice\/files\/2018\/07\/2018-07-01sospel-9-700x460.jpg 700w, https:\/\/paca.lpo.fr\/blogs\/nice\/files\/2018\/07\/2018-07-01sospel-9.jpg 993w\" sizes=\"auto, (max-width: 480px) 100vw, 480px\" \/><figcaption id=\"caption-attachment-2279\" class=\"wp-caption-text\">Jeunes hirondelles rustiques dans les ruelles du village<\/figcaption><\/figure><img loading=\"lazy\" decoding=\"async\" src=\"https:\/\/paca.lpo.fr\/blogs\/nice\/files\/2018\/07\/2018-07-01sospel-7-480x382.jpg\" alt=\"\" width=\"480\" height=\"382\" class=\"alignnone size-medium wp-image-2280\" srcset=\"https:\/\/paca.lpo.fr\/blogs\/nice\/files\/2018\/07\/2018-07-01sospel-7-480x382.jpg 480w, https:\/\/paca.lpo.fr\/blogs\/nice\/files\/2018\/07\/2018-07-01sospel-7-768x612.jpg 768w, https:\/\/paca.lpo.fr\/blogs\/nice\/files\/2018\/07\/2018-07-01sospel-7-960x765.jpg 960w, https:\/\/paca.lpo.fr\/blogs\/nice\/files\/2018\/07\/2018-07-01sospel-7-700x558.jpg 700w, https:\/\/paca.lpo.fr\/blogs\/nice\/files\/2018\/07\/2018-07-01sospel-7.jpg 968w\" sizes=\"auto, (max-width: 480px) 100vw, 480px\" \/><br \/>\n<figure id=\"attachment_2281\" aria-describedby=\"caption-attachment-2281\" style=\"width: 480px\" class=\"wp-caption alignnone\"><img loading=\"lazy\" decoding=\"async\" src=\"https:\/\/paca.lpo.fr\/blogs\/nice\/files\/2018\/07\/bevera-4-480x310.jpg\" alt=\"\" width=\"480\" height=\"310\" class=\"size-medium wp-image-2281\" srcset=\"https:\/\/paca.lpo.fr\/blogs\/nice\/files\/2018\/07\/bevera-4-480x310.jpg 480w, https:\/\/paca.lpo.fr\/blogs\/nice\/files\/2018\/07\/bevera-4-768x496.jpg 768w, https:\/\/paca.lpo.fr\/blogs\/nice\/files\/2018\/07\/bevera-4-960x619.jpg 960w, https:\/\/paca.lpo.fr\/blogs\/nice\/files\/2018\/07\/bevera-4-700x452.jpg 700w, https:\/\/paca.lpo.fr\/blogs\/nice\/files\/2018\/07\/bevera-4.jpg 995w\" sizes=\"auto, (max-width: 480px) 100vw, 480px\" \/><figcaption id=\"caption-attachment-2281\" class=\"wp-caption-text\">Une petite sortie au bord de la Bevera a permis d&rsquo;observer des moineaux cisapins,<\/figcaption><\/figure><br \/>\n<figure id=\"attachment_2282\" aria-describedby=\"caption-attachment-2282\" style=\"width: 480px\" class=\"wp-caption alignnone\"><img loading=\"lazy\" decoding=\"async\" src=\"https:\/\/paca.lpo.fr\/blogs\/nice\/files\/2018\/07\/bevera-5-480x332.jpg\" alt=\"\" width=\"480\" height=\"332\" class=\"size-medium wp-image-2282\" srcset=\"https:\/\/paca.lpo.fr\/blogs\/nice\/files\/2018\/07\/bevera-5-480x332.jpg 480w, https:\/\/paca.lpo.fr\/blogs\/nice\/files\/2018\/07\/bevera-5-768x532.jpg 768w, https:\/\/paca.lpo.fr\/blogs\/nice\/files\/2018\/07\/bevera-5-960x665.jpg 960w, https:\/\/paca.lpo.fr\/blogs\/nice\/files\/2018\/07\/bevera-5-700x485.jpg 700w, https:\/\/paca.lpo.fr\/blogs\/nice\/files\/2018\/07\/bevera-5.jpg 998w\" sizes=\"auto, (max-width: 480px) 100vw, 480px\" \/><figcaption id=\"caption-attachment-2282\" class=\"wp-caption-text\">De nombreux crapauds dans la Bevera<\/figcaption><\/figure><br \/>\n<figure id=\"attachment_2283\" aria-describedby=\"caption-attachment-2283\" style=\"width: 480px\" class=\"wp-caption alignnone\"><img loading=\"lazy\" decoding=\"async\" src=\"https:\/\/paca.lpo.fr\/blogs\/nice\/files\/2018\/07\/bevera-3-480x311.jpg\" alt=\"\" width=\"480\" height=\"311\" class=\"size-medium wp-image-2283\" srcset=\"https:\/\/paca.lpo.fr\/blogs\/nice\/files\/2018\/07\/bevera-3-480x311.jpg 480w, https:\/\/paca.lpo.fr\/blogs\/nice\/files\/2018\/07\/bevera-3-768x498.jpg 768w, https:\/\/paca.lpo.fr\/blogs\/nice\/files\/2018\/07\/bevera-3-960x622.jpg 960w, https:\/\/paca.lpo.fr\/blogs\/nice\/files\/2018\/07\/bevera-3-700x454.jpg 700w, https:\/\/paca.lpo.fr\/blogs\/nice\/files\/2018\/07\/bevera-3.jpg 987w\" sizes=\"auto, (max-width: 480px) 100vw, 480px\" \/><figcaption id=\"caption-attachment-2283\" class=\"wp-caption-text\">Hirondelles de fen\u00eatre au bord de l&rsquo;eau<\/figcaption><\/figure><br \/>\n<figure id=\"attachment_2284\" aria-describedby=\"caption-attachment-2284\" style=\"width: 480px\" class=\"wp-caption alignnone\"><img loading=\"lazy\" decoding=\"async\" src=\"https:\/\/paca.lpo.fr\/blogs\/nice\/files\/2018\/07\/2018-07-01sospel-15-480x348.jpg\" alt=\"\" width=\"480\" height=\"348\" class=\"size-medium wp-image-2284\" srcset=\"https:\/\/paca.lpo.fr\/blogs\/nice\/files\/2018\/07\/2018-07-01sospel-15-480x348.jpg 480w, https:\/\/paca.lpo.fr\/blogs\/nice\/files\/2018\/07\/2018-07-01sospel-15-768x557.jpg 768w, https:\/\/paca.lpo.fr\/blogs\/nice\/files\/2018\/07\/2018-07-01sospel-15-960x696.jpg 960w, https:\/\/paca.lpo.fr\/blogs\/nice\/files\/2018\/07\/2018-07-01sospel-15-700x507.jpg 700w, https:\/\/paca.lpo.fr\/blogs\/nice\/files\/2018\/07\/2018-07-01sospel-15.jpg 996w\" sizes=\"auto, (max-width: 480px) 100vw, 480px\" \/><figcaption id=\"caption-attachment-2284\" class=\"wp-caption-text\">Un visiteur au stand LPO<\/figcaption><\/figure><br \/>\n<figure id=\"attachment_2288\" aria-describedby=\"caption-attachment-2288\" style=\"width: 480px\" class=\"wp-caption alignnone\"><img loading=\"lazy\" decoding=\"async\" src=\"https:\/\/paca.lpo.fr\/blogs\/nice\/files\/2018\/07\/stand-2-480x366.jpg\" alt=\"\" width=\"480\" height=\"366\" class=\"size-medium wp-image-2288\" srcset=\"https:\/\/paca.lpo.fr\/blogs\/nice\/files\/2018\/07\/stand-2-480x366.jpg 480w, https:\/\/paca.lpo.fr\/blogs\/nice\/files\/2018\/07\/stand-2-768x585.jpg 768w, https:\/\/paca.lpo.fr\/blogs\/nice\/files\/2018\/07\/stand-2-960x732.jpg 960w, https:\/\/paca.lpo.fr\/blogs\/nice\/files\/2018\/07\/stand-2-700x533.jpg 700w, https:\/\/paca.lpo.fr\/blogs\/nice\/files\/2018\/07\/stand-2.jpg 992w\" sizes=\"auto, (max-width: 480px) 100vw, 480px\" \/><figcaption id=\"caption-attachment-2288\" class=\"wp-caption-text\">D&rsquo;autres visiteurs au stand<\/figcaption><\/figure><\/p>\n","protected":false},"excerpt":{"rendered":"<p>Ces gentes dames accueillent les visiteurs et sensibilisent sur les probl\u00e8mes des oiseaux. Le village de Sospel est en f\u00eate ce Dimanche 1er juillet 2018 avec le Festival \u00ab\u00a0Les BaroQuiales\u00a0\u00bb F\u00eate Baroque. Animations de rue, vieux m\u00e9tiers et artisanat d\u2019art, musique et danses. Les visiteurs au stand LPO ont pu observer les nombreuses hirondelles de [&hellip;]<\/p>\n","protected":false},"author":15,"featured_media":2291,"comment_status":"open","ping_status":"open","sticky":false,"template":"","format":"standard","meta":{"footnotes":""},"categories":[77,78],"tags":[],"class_list":["post-2273","post","type-post","status-publish","format-standard","has-post-thumbnail","hentry","category-grands-evenements","category-protection-de-la-biodiversite"],"yoast_head":"<!-- This site is optimized with the Yoast SEO plugin v28.3 - https:\/\/yoast.com\/product\/yoast-seo-wordpress\/ -->\n<title>En attendant la visite de Monsieur Buffon... - Groupe local Nice<\/title>\n<meta name=\"robots\" content=\"index, follow, max-snippet:-1, max-image-preview:large, max-video-preview:-1\" \/>\n<link rel=\"canonical\" href=\"https:\/\/paca.lpo.fr\/blogs\/nice\/2018\/07\/04\/en-attendant-la-visite-de-monsieur-buffon\/\" \/>\n<meta property=\"og:locale\" content=\"fr_FR\" \/>\n<meta property=\"og:type\" content=\"article\" \/>\n<meta property=\"og:title\" content=\"En attendant la visite de Monsieur Buffon... - Groupe local Nice\" \/>\n<meta property=\"og:description\" content=\"Ces gentes dames accueillent les visiteurs et sensibilisent sur les probl\u00e8mes des oiseaux. Le village de Sospel est en f\u00eate ce Dimanche 1er juillet 2018 avec le Festival \u00ab\u00a0Les BaroQuiales\u00a0\u00bb F\u00eate Baroque. Animations de rue, vieux m\u00e9tiers et artisanat d\u2019art, musique et danses. Les visiteurs au stand LPO ont pu observer les nombreuses hirondelles de [&hellip;]\" \/>\n<meta property=\"og:url\" content=\"https:\/\/paca.lpo.fr\/blogs\/nice\/2018\/07\/04\/en-attendant-la-visite-de-monsieur-buffon\/\" \/>\n<meta property=\"og:site_name\" content=\"Groupe local Nice\" \/>\n<meta property=\"article:published_time\" content=\"2018-07-04T07:24:48+00:00\" \/>\n<meta property=\"article:modified_time\" content=\"2018-07-13T07:49:35+00:00\" \/>\n<meta property=\"og:image\" content=\"https:\/\/paca.lpo.fr\/blogs\/nice\/files\/2018\/07\/stand-3-une.jpg\" \/>\n\t<meta property=\"og:image:width\" content=\"699\" \/>\n\t<meta property=\"og:image:height\" content=\"470\" \/>\n\t<meta property=\"og:image:type\" content=\"image\/jpeg\" \/>\n<meta name=\"author\" content=\"Groupe local Paillon-B\u00e9v\u00e9ra\" \/>\n<meta name=\"twitter:card\" content=\"summary_large_image\" \/>\n<meta name=\"twitter:label1\" content=\"\u00c9crit par\" \/>\n\t<meta name=\"twitter:data1\" content=\"Groupe local Paillon-B\u00e9v\u00e9ra\" \/>\n\t<meta name=\"twitter:label2\" content=\"Dur\u00e9e de lecture estim\u00e9e\" \/>\n\t<meta name=\"twitter:data2\" content=\"1 minute\" \/>\n<script type=\"application\/ld+json\" class=\"yoast-schema-graph\">{\"@context\":\"https:\\\/\\\/schema.org\",\"@graph\":[{\"@type\":\"Article\",\"@id\":\"https:\\\/\\\/paca.lpo.fr\\\/blogs\\\/nice\\\/2018\\\/07\\\/04\\\/en-attendant-la-visite-de-monsieur-buffon\\\/#article\",\"isPartOf\":{\"@id\":\"https:\\\/\\\/paca.lpo.fr\\\/blogs\\\/nice\\\/2018\\\/07\\\/04\\\/en-attendant-la-visite-de-monsieur-buffon\\\/\"},\"author\":{\"name\":\"Groupe local Paillon-B\u00e9v\u00e9ra\",\"@id\":\"https:\\\/\\\/paca.lpo.fr\\\/blogs\\\/nice\\\/#\\\/schema\\\/person\\\/1bda33335fb71e0b3552487db26a4c56\"},\"headline\":\"En attendant la visite de Monsieur Buffon&#8230;\",\"datePublished\":\"2018-07-04T07:24:48+00:00\",\"dateModified\":\"2018-07-13T07:49:35+00:00\",\"mainEntityOfPage\":{\"@id\":\"https:\\\/\\\/paca.lpo.fr\\\/blogs\\\/nice\\\/2018\\\/07\\\/04\\\/en-attendant-la-visite-de-monsieur-buffon\\\/\"},\"wordCount\":209,\"commentCount\":1,\"publisher\":{\"@id\":\"https:\\\/\\\/paca.lpo.fr\\\/blogs\\\/nice\\\/#organization\"},\"image\":{\"@id\":\"https:\\\/\\\/paca.lpo.fr\\\/blogs\\\/nice\\\/2018\\\/07\\\/04\\\/en-attendant-la-visite-de-monsieur-buffon\\\/#primaryimage\"},\"thumbnailUrl\":\"https:\\\/\\\/paca.lpo.fr\\\/blogs\\\/nice\\\/files\\\/2018\\\/07\\\/stand-3-une.jpg\",\"articleSection\":[\"Grands \u00e9v\u00e8nements\",\"Protection de la biodiversit\u00e9\"],\"inLanguage\":\"fr-FR\",\"potentialAction\":[{\"@type\":\"CommentAction\",\"name\":\"Comment\",\"target\":[\"https:\\\/\\\/paca.lpo.fr\\\/blogs\\\/nice\\\/2018\\\/07\\\/04\\\/en-attendant-la-visite-de-monsieur-buffon\\\/#respond\"]}]},{\"@type\":\"WebPage\",\"@id\":\"https:\\\/\\\/paca.lpo.fr\\\/blogs\\\/nice\\\/2018\\\/07\\\/04\\\/en-attendant-la-visite-de-monsieur-buffon\\\/\",\"url\":\"https:\\\/\\\/paca.lpo.fr\\\/blogs\\\/nice\\\/2018\\\/07\\\/04\\\/en-attendant-la-visite-de-monsieur-buffon\\\/\",\"name\":\"En attendant la visite de Monsieur Buffon... - Groupe local Nice\",\"isPartOf\":{\"@id\":\"https:\\\/\\\/paca.lpo.fr\\\/blogs\\\/nice\\\/#website\"},\"primaryImageOfPage\":{\"@id\":\"https:\\\/\\\/paca.lpo.fr\\\/blogs\\\/nice\\\/2018\\\/07\\\/04\\\/en-attendant-la-visite-de-monsieur-buffon\\\/#primaryimage\"},\"image\":{\"@id\":\"https:\\\/\\\/paca.lpo.fr\\\/blogs\\\/nice\\\/2018\\\/07\\\/04\\\/en-attendant-la-visite-de-monsieur-buffon\\\/#primaryimage\"},\"thumbnailUrl\":\"https:\\\/\\\/paca.lpo.fr\\\/blogs\\\/nice\\\/files\\\/2018\\\/07\\\/stand-3-une.jpg\",\"datePublished\":\"2018-07-04T07:24:48+00:00\",\"dateModified\":\"2018-07-13T07:49:35+00:00\",\"breadcrumb\":{\"@id\":\"https:\\\/\\\/paca.lpo.fr\\\/blogs\\\/nice\\\/2018\\\/07\\\/04\\\/en-attendant-la-visite-de-monsieur-buffon\\\/#breadcrumb\"},\"inLanguage\":\"fr-FR\",\"potentialAction\":[{\"@type\":\"ReadAction\",\"target\":[\"https:\\\/\\\/paca.lpo.fr\\\/blogs\\\/nice\\\/2018\\\/07\\\/04\\\/en-attendant-la-visite-de-monsieur-buffon\\\/\"]}]},{\"@type\":\"ImageObject\",\"inLanguage\":\"fr-FR\",\"@id\":\"https:\\\/\\\/paca.lpo.fr\\\/blogs\\\/nice\\\/2018\\\/07\\\/04\\\/en-attendant-la-visite-de-monsieur-buffon\\\/#primaryimage\",\"url\":\"https:\\\/\\\/paca.lpo.fr\\\/blogs\\\/nice\\\/files\\\/2018\\\/07\\\/stand-3-une.jpg\",\"contentUrl\":\"https:\\\/\\\/paca.lpo.fr\\\/blogs\\\/nice\\\/files\\\/2018\\\/07\\\/stand-3-une.jpg\",\"width\":699,\"height\":470,\"caption\":\"Accueil\"},{\"@type\":\"BreadcrumbList\",\"@id\":\"https:\\\/\\\/paca.lpo.fr\\\/blogs\\\/nice\\\/2018\\\/07\\\/04\\\/en-attendant-la-visite-de-monsieur-buffon\\\/#breadcrumb\",\"itemListElement\":[{\"@type\":\"ListItem\",\"position\":1,\"name\":\"Accueil\",\"item\":\"https:\\\/\\\/paca.lpo.fr\\\/blogs\\\/nice\\\/\"},{\"@type\":\"ListItem\",\"position\":2,\"name\":\"En attendant la visite de Monsieur Buffon&#8230;\"}]},{\"@type\":\"WebSite\",\"@id\":\"https:\\\/\\\/paca.lpo.fr\\\/blogs\\\/nice\\\/#website\",\"url\":\"https:\\\/\\\/paca.lpo.fr\\\/blogs\\\/nice\\\/\",\"name\":\"Groupe local Nice\",\"description\":\"Groupe local Nice\",\"publisher\":{\"@id\":\"https:\\\/\\\/paca.lpo.fr\\\/blogs\\\/nice\\\/#organization\"},\"potentialAction\":[{\"@type\":\"SearchAction\",\"target\":{\"@type\":\"EntryPoint\",\"urlTemplate\":\"https:\\\/\\\/paca.lpo.fr\\\/blogs\\\/nice\\\/?s={search_term_string}\"},\"query-input\":{\"@type\":\"PropertyValueSpecification\",\"valueRequired\":true,\"valueName\":\"search_term_string\"}}],\"inLanguage\":\"fr-FR\"},{\"@type\":\"Organization\",\"@id\":\"https:\\\/\\\/paca.lpo.fr\\\/blogs\\\/nice\\\/#organization\",\"name\":\"Groupe local Nice\",\"url\":\"https:\\\/\\\/paca.lpo.fr\\\/blogs\\\/nice\\\/\",\"logo\":{\"@type\":\"ImageObject\",\"inLanguage\":\"fr-FR\",\"@id\":\"https:\\\/\\\/paca.lpo.fr\\\/blogs\\\/nice\\\/#\\\/schema\\\/logo\\\/image\\\/\",\"url\":\"https:\\\/\\\/paca.lpo.fr\\\/blogs\\\/nice\\\/files\\\/2024\\\/01\\\/cropped-rvb-lpo-paca-logotype-signature-droite-mini-500.jpg\",\"contentUrl\":\"https:\\\/\\\/paca.lpo.fr\\\/blogs\\\/nice\\\/files\\\/2024\\\/01\\\/cropped-rvb-lpo-paca-logotype-signature-droite-mini-500.jpg\",\"width\":500,\"height\":210,\"caption\":\"Groupe local Nice\"},\"image\":{\"@id\":\"https:\\\/\\\/paca.lpo.fr\\\/blogs\\\/nice\\\/#\\\/schema\\\/logo\\\/image\\\/\"}},{\"@type\":\"Person\",\"@id\":\"https:\\\/\\\/paca.lpo.fr\\\/blogs\\\/nice\\\/#\\\/schema\\\/person\\\/1bda33335fb71e0b3552487db26a4c56\",\"name\":\"Groupe local Paillon-B\u00e9v\u00e9ra\",\"image\":{\"@type\":\"ImageObject\",\"inLanguage\":\"fr-FR\",\"@id\":\"https:\\\/\\\/secure.gravatar.com\\\/avatar\\\/b1ee285506e2cb880ec988990d360e255aecb31c77212741dace1023623610c2?s=96&d=mm&r=g\",\"url\":\"https:\\\/\\\/secure.gravatar.com\\\/avatar\\\/b1ee285506e2cb880ec988990d360e255aecb31c77212741dace1023623610c2?s=96&d=mm&r=g\",\"contentUrl\":\"https:\\\/\\\/secure.gravatar.com\\\/avatar\\\/b1ee285506e2cb880ec988990d360e255aecb31c77212741dace1023623610c2?s=96&d=mm&r=g\",\"caption\":\"Groupe local Paillon-B\u00e9v\u00e9ra\"},\"url\":\"https:\\\/\\\/paca.lpo.fr\\\/blogs\\\/nice\\\/author\\\/alpesmaritimesest\\\/\"}]}<\/script>\n<!-- \/ Yoast SEO plugin. -->","yoast_head_json":{"title":"En attendant la visite de Monsieur Buffon... - Groupe local Nice","robots":{"index":"index","follow":"follow","max-snippet":"max-snippet:-1","max-image-preview":"max-image-preview:large","max-video-preview":"max-video-preview:-1"},"canonical":"https:\/\/paca.lpo.fr\/blogs\/nice\/2018\/07\/04\/en-attendant-la-visite-de-monsieur-buffon\/","og_locale":"fr_FR","og_type":"article","og_title":"En attendant la visite de Monsieur Buffon... - Groupe local Nice","og_description":"Ces gentes dames accueillent les visiteurs et sensibilisent sur les probl\u00e8mes des oiseaux. Le village de Sospel est en f\u00eate ce Dimanche 1er juillet 2018 avec le Festival \u00ab\u00a0Les BaroQuiales\u00a0\u00bb F\u00eate Baroque. Animations de rue, vieux m\u00e9tiers et artisanat d\u2019art, musique et danses. Les visiteurs au stand LPO ont pu observer les nombreuses hirondelles de [&hellip;]","og_url":"https:\/\/paca.lpo.fr\/blogs\/nice\/2018\/07\/04\/en-attendant-la-visite-de-monsieur-buffon\/","og_site_name":"Groupe local Nice","article_published_time":"2018-07-04T07:24:48+00:00","article_modified_time":"2018-07-13T07:49:35+00:00","og_image":[{"width":699,"height":470,"url":"https:\/\/paca.lpo.fr\/blogs\/nice\/files\/2018\/07\/stand-3-une.jpg","type":"image\/jpeg"}],"author":"Groupe local Paillon-B\u00e9v\u00e9ra","twitter_card":"summary_large_image","twitter_misc":{"\u00c9crit par":"Groupe local Paillon-B\u00e9v\u00e9ra","Dur\u00e9e de lecture estim\u00e9e":"1 minute"},"schema":{"@context":"https:\/\/schema.org","@graph":[{"@type":"Article","@id":"https:\/\/paca.lpo.fr\/blogs\/nice\/2018\/07\/04\/en-attendant-la-visite-de-monsieur-buffon\/#article","isPartOf":{"@id":"https:\/\/paca.lpo.fr\/blogs\/nice\/2018\/07\/04\/en-attendant-la-visite-de-monsieur-buffon\/"},"author":{"name":"Groupe local Paillon-B\u00e9v\u00e9ra","@id":"https:\/\/paca.lpo.fr\/blogs\/nice\/#\/schema\/person\/1bda33335fb71e0b3552487db26a4c56"},"headline":"En attendant la visite de Monsieur Buffon&#8230;","datePublished":"2018-07-04T07:24:48+00:00","dateModified":"2018-07-13T07:49:35+00:00","mainEntityOfPage":{"@id":"https:\/\/paca.lpo.fr\/blogs\/nice\/2018\/07\/04\/en-attendant-la-visite-de-monsieur-buffon\/"},"wordCount":209,"commentCount":1,"publisher":{"@id":"https:\/\/paca.lpo.fr\/blogs\/nice\/#organization"},"image":{"@id":"https:\/\/paca.lpo.fr\/blogs\/nice\/2018\/07\/04\/en-attendant-la-visite-de-monsieur-buffon\/#primaryimage"},"thumbnailUrl":"https:\/\/paca.lpo.fr\/blogs\/nice\/files\/2018\/07\/stand-3-une.jpg","articleSection":["Grands \u00e9v\u00e8nements","Protection de la biodiversit\u00e9"],"inLanguage":"fr-FR","potentialAction":[{"@type":"CommentAction","name":"Comment","target":["https:\/\/paca.lpo.fr\/blogs\/nice\/2018\/07\/04\/en-attendant-la-visite-de-monsieur-buffon\/#respond"]}]},{"@type":"WebPage","@id":"https:\/\/paca.lpo.fr\/blogs\/nice\/2018\/07\/04\/en-attendant-la-visite-de-monsieur-buffon\/","url":"https:\/\/paca.lpo.fr\/blogs\/nice\/2018\/07\/04\/en-attendant-la-visite-de-monsieur-buffon\/","name":"En attendant la visite de Monsieur Buffon... - Groupe local Nice","isPartOf":{"@id":"https:\/\/paca.lpo.fr\/blogs\/nice\/#website"},"primaryImageOfPage":{"@id":"https:\/\/paca.lpo.fr\/blogs\/nice\/2018\/07\/04\/en-attendant-la-visite-de-monsieur-buffon\/#primaryimage"},"image":{"@id":"https:\/\/paca.lpo.fr\/blogs\/nice\/2018\/07\/04\/en-attendant-la-visite-de-monsieur-buffon\/#primaryimage"},"thumbnailUrl":"https:\/\/paca.lpo.fr\/blogs\/nice\/files\/2018\/07\/stand-3-une.jpg","datePublished":"2018-07-04T07:24:48+00:00","dateModified":"2018-07-13T07:49:35+00:00","breadcrumb":{"@id":"https:\/\/paca.lpo.fr\/blogs\/nice\/2018\/07\/04\/en-attendant-la-visite-de-monsieur-buffon\/#breadcrumb"},"inLanguage":"fr-FR","potentialAction":[{"@type":"ReadAction","target":["https:\/\/paca.lpo.fr\/blogs\/nice\/2018\/07\/04\/en-attendant-la-visite-de-monsieur-buffon\/"]}]},{"@type":"ImageObject","inLanguage":"fr-FR","@id":"https:\/\/paca.lpo.fr\/blogs\/nice\/2018\/07\/04\/en-attendant-la-visite-de-monsieur-buffon\/#primaryimage","url":"https:\/\/paca.lpo.fr\/blogs\/nice\/files\/2018\/07\/stand-3-une.jpg","contentUrl":"https:\/\/paca.lpo.fr\/blogs\/nice\/files\/2018\/07\/stand-3-une.jpg","width":699,"height":470,"caption":"Accueil"},{"@type":"BreadcrumbList","@id":"https:\/\/paca.lpo.fr\/blogs\/nice\/2018\/07\/04\/en-attendant-la-visite-de-monsieur-buffon\/#breadcrumb","itemListElement":[{"@type":"ListItem","position":1,"name":"Accueil","item":"https:\/\/paca.lpo.fr\/blogs\/nice\/"},{"@type":"ListItem","position":2,"name":"En attendant la visite de Monsieur Buffon&#8230;"}]},{"@type":"WebSite","@id":"https:\/\/paca.lpo.fr\/blogs\/nice\/#website","url":"https:\/\/paca.lpo.fr\/blogs\/nice\/","name":"Groupe local Nice","description":"Groupe local Nice","publisher":{"@id":"https:\/\/paca.lpo.fr\/blogs\/nice\/#organization"},"potentialAction":[{"@type":"SearchAction","target":{"@type":"EntryPoint","urlTemplate":"https:\/\/paca.lpo.fr\/blogs\/nice\/?s={search_term_string}"},"query-input":{"@type":"PropertyValueSpecification","valueRequired":true,"valueName":"search_term_string"}}],"inLanguage":"fr-FR"},{"@type":"Organization","@id":"https:\/\/paca.lpo.fr\/blogs\/nice\/#organization","name":"Groupe local Nice","url":"https:\/\/paca.lpo.fr\/blogs\/nice\/","logo":{"@type":"ImageObject","inLanguage":"fr-FR","@id":"https:\/\/paca.lpo.fr\/blogs\/nice\/#\/schema\/logo\/image\/","url":"https:\/\/paca.lpo.fr\/blogs\/nice\/files\/2024\/01\/cropped-rvb-lpo-paca-logotype-signature-droite-mini-500.jpg","contentUrl":"https:\/\/paca.lpo.fr\/blogs\/nice\/files\/2024\/01\/cropped-rvb-lpo-paca-logotype-signature-droite-mini-500.jpg","width":500,"height":210,"caption":"Groupe local Nice"},"image":{"@id":"https:\/\/paca.lpo.fr\/blogs\/nice\/#\/schema\/logo\/image\/"}},{"@type":"Person","@id":"https:\/\/paca.lpo.fr\/blogs\/nice\/#\/schema\/person\/1bda33335fb71e0b3552487db26a4c56","name":"Groupe local Paillon-B\u00e9v\u00e9ra","image":{"@type":"ImageObject","inLanguage":"fr-FR","@id":"https:\/\/secure.gravatar.com\/avatar\/b1ee285506e2cb880ec988990d360e255aecb31c77212741dace1023623610c2?s=96&d=mm&r=g","url":"https:\/\/secure.gravatar.com\/avatar\/b1ee285506e2cb880ec988990d360e255aecb31c77212741dace1023623610c2?s=96&d=mm&r=g","contentUrl":"https:\/\/secure.gravatar.com\/avatar\/b1ee285506e2cb880ec988990d360e255aecb31c77212741dace1023623610c2?s=96&d=mm&r=g","caption":"Groupe local Paillon-B\u00e9v\u00e9ra"},"url":"https:\/\/paca.lpo.fr\/blogs\/nice\/author\/alpesmaritimesest\/"}]}},"jetpack_featured_media_url":"https:\/\/paca.lpo.fr\/blogs\/nice\/files\/2018\/07\/stand-3-une.jpg","_links":{"self":[{"href":"https:\/\/paca.lpo.fr\/blogs\/nice\/wp-json\/wp\/v2\/posts\/2273","targetHints":{"allow":["GET"]}}],"collection":[{"href":"https:\/\/paca.lpo.fr\/blogs\/nice\/wp-json\/wp\/v2\/posts"}],"about":[{"href":"https:\/\/paca.lpo.fr\/blogs\/nice\/wp-json\/wp\/v2\/types\/post"}],"author":[{"embeddable":true,"href":"https:\/\/paca.lpo.fr\/blogs\/nice\/wp-json\/wp\/v2\/users\/15"}],"replies":[{"embeddable":true,"href":"https:\/\/paca.lpo.fr\/blogs\/nice\/wp-json\/wp\/v2\/comments?post=2273"}],"version-history":[{"count":3,"href":"https:\/\/paca.lpo.fr\/blogs\/nice\/wp-json\/wp\/v2\/posts\/2273\/revisions"}],"predecessor-version":[{"id":2292,"href":"https:\/\/paca.lpo.fr\/blogs\/nice\/wp-json\/wp\/v2\/posts\/2273\/revisions\/2292"}],"wp:featuredmedia":[{"embeddable":true,"href":"https:\/\/paca.lpo.fr\/blogs\/nice\/wp-json\/wp\/v2\/media\/2291"}],"wp:attachment":[{"href":"https:\/\/paca.lpo.fr\/blogs\/nice\/wp-json\/wp\/v2\/media?parent=2273"}],"wp:term":[{"taxonomy":"category","embeddable":true,"href":"https:\/\/paca.lpo.fr\/blogs\/nice\/wp-json\/wp\/v2\/categories?post=2273"},{"taxonomy":"post_tag","embeddable":true,"href":"https:\/\/paca.lpo.fr\/blogs\/nice\/wp-json\/wp\/v2\/tags?post=2273"}],"curies":[{"name":"wp","href":"https:\/\/api.w.org\/{rel}","templated":true}]}}