{"id":2317,"date":"2018-09-05T17:19:40","date_gmt":"2018-09-05T16:19:40","guid":{"rendered":"https:\/\/paca.lpo.fr\/blogs\/nice\/?p=2317"},"modified":"2018-09-05T17:19:40","modified_gmt":"2018-09-05T16:19:40","slug":"histoire-dhirondelle","status":"publish","type":"post","link":"https:\/\/paca.lpo.fr\/blogs\/nice\/2018\/09\/05\/histoire-dhirondelle\/","title":{"rendered":"Histoire d&rsquo;hirondelle"},"content":{"rendered":"<p>Cette petite hirondelle de fen\u00eatre (Delichon Urbicum) a \u00e9t\u00e9 trouv\u00e9e au sol d\u00e9but juillet par J\u00e9r\u00f4me, 3 ans, Emma 10 mois, et leur maman. Ils en ont tr\u00e8s bien pris soin pendant une dizaine de jours avant de contacter le Centre R\u00e9gional de Sauvegarde de la Faune Sauvage et de confier l\u2019oisillon \u00e0 une b\u00e9n\u00e9vole de la LPO PACA.  L\u2019hirondelle avait perdu ses r\u00e9miges primaires sur l\u2019aile gauche dans sa chute et il a fallu presque 2 mois avant qu\u2019elles repoussent.<br \/>\n<figure id=\"attachment_2319\" aria-describedby=\"caption-attachment-2319\" style=\"width: 360px\" class=\"wp-caption alignnone\"><img loading=\"lazy\" decoding=\"async\" src=\"https:\/\/paca.lpo.fr\/blogs\/nice\/files\/2018\/09\/blog2-360x480.jpg\" alt=\"\" width=\"360\" height=\"480\" class=\"size-medium wp-image-2319\" srcset=\"https:\/\/paca.lpo.fr\/blogs\/nice\/files\/2018\/09\/blog2-360x480.jpg 360w, https:\/\/paca.lpo.fr\/blogs\/nice\/files\/2018\/09\/blog2-768x1024.jpg 768w, https:\/\/paca.lpo.fr\/blogs\/nice\/files\/2018\/09\/blog2-600x800.jpg 600w, https:\/\/paca.lpo.fr\/blogs\/nice\/files\/2018\/09\/blog2-700x934.jpg 700w, https:\/\/paca.lpo.fr\/blogs\/nice\/files\/2018\/09\/blog2.jpg 911w\" sizes=\"auto, (max-width: 360px) 100vw, 360px\" \/><figcaption id=\"caption-attachment-2319\" class=\"wp-caption-text\">Les r\u00e9miges manquent<\/figcaption><\/figure><br \/>\nDeux b\u00e9n\u00e9voles du centre de soins l\u2019ont nourrie et soign\u00e9e, souvent en compagnie de martinets.<br \/>\n<figure id=\"attachment_2320\" aria-describedby=\"caption-attachment-2320\" style=\"width: 480px\" class=\"wp-caption alignnone\"><img loading=\"lazy\" decoding=\"async\" src=\"https:\/\/paca.lpo.fr\/blogs\/nice\/files\/2018\/09\/blogtrois-480x352.jpg\" alt=\"\" width=\"480\" height=\"352\" class=\"size-medium wp-image-2320\" srcset=\"https:\/\/paca.lpo.fr\/blogs\/nice\/files\/2018\/09\/blogtrois-480x352.jpg 480w, https:\/\/paca.lpo.fr\/blogs\/nice\/files\/2018\/09\/blogtrois-768x564.jpg 768w, https:\/\/paca.lpo.fr\/blogs\/nice\/files\/2018\/09\/blogtrois-700x514.jpg 700w, https:\/\/paca.lpo.fr\/blogs\/nice\/files\/2018\/09\/blogtrois.jpg 907w\" sizes=\"auto, (max-width: 480px) 100vw, 480px\" \/><figcaption id=\"caption-attachment-2320\" class=\"wp-caption-text\">une \u00ab\u00a0famille\u00a0\u00bb d&rsquo;adoption<\/figcaption><\/figure><br \/>\nElle a appris \u00e0 voler et \u00e0 manger seule, et le 3 septembre elle \u00e9tait pr\u00eate pour l\u2019envol, tr\u00e8s belle et avec toutes ses plumes.<br \/>\n<figure id=\"attachment_2321\" aria-describedby=\"caption-attachment-2321\" style=\"width: 394px\" class=\"wp-caption alignnone\"><img loading=\"lazy\" decoding=\"async\" src=\"https:\/\/paca.lpo.fr\/blogs\/nice\/files\/2018\/09\/blogquatre-1-394x480.jpg\" alt=\"\" width=\"394\" height=\"480\" class=\"size-medium wp-image-2321\" srcset=\"https:\/\/paca.lpo.fr\/blogs\/nice\/files\/2018\/09\/blogquatre-1-394x480.jpg 394w, https:\/\/paca.lpo.fr\/blogs\/nice\/files\/2018\/09\/blogquatre-1-768x936.jpg 768w, https:\/\/paca.lpo.fr\/blogs\/nice\/files\/2018\/09\/blogquatre-1-656x800.jpg 656w, https:\/\/paca.lpo.fr\/blogs\/nice\/files\/2018\/09\/blogquatre-1-700x853.jpg 700w, https:\/\/paca.lpo.fr\/blogs\/nice\/files\/2018\/09\/blogquatre-1.jpg 927w\" sizes=\"auto, (max-width: 394px) 100vw, 394px\" \/><figcaption id=\"caption-attachment-2321\" class=\"wp-caption-text\">En pleine forme pour l&rsquo;envol<\/figcaption><\/figure><br \/>\nRel\u00e2ch\u00e9e en fin d\u2019apr\u00e8s-midi au pied de la cath\u00e9drale de Sospel, sa ville natale, elle s\u2019est envol\u00e9e vers le toit, o\u00f9 elle a \u00e9t\u00e9 heureuse de retrouver une bonne cinquantaine de ses semblables. Cette petite hirondelle va compl\u00e9ter la musculation de ses ailes et apprendre \u00e0 chasser les insectes avant de partir pour sa longue migration vers l\u2019Afrique en compagnie de la belle colonie de Sospel. Souhaitons lui un bon voyage.<br \/>\n<img loading=\"lazy\" decoding=\"async\" src=\"https:\/\/paca.lpo.fr\/blogs\/nice\/files\/2018\/09\/blogcinq-480x314.jpg\" alt=\"\" width=\"480\" height=\"314\" class=\"alignnone size-medium wp-image-2322\" srcset=\"https:\/\/paca.lpo.fr\/blogs\/nice\/files\/2018\/09\/blogcinq-480x314.jpg 480w, https:\/\/paca.lpo.fr\/blogs\/nice\/files\/2018\/09\/blogcinq-768x503.jpg 768w, https:\/\/paca.lpo.fr\/blogs\/nice\/files\/2018\/09\/blogcinq-700x458.jpg 700w, https:\/\/paca.lpo.fr\/blogs\/nice\/files\/2018\/09\/blogcinq.jpg 941w\" sizes=\"auto, (max-width: 480px) 100vw, 480px\" \/> <\/p>\n","protected":false},"excerpt":{"rendered":"<p>Cette petite hirondelle de fen\u00eatre (Delichon Urbicum) a \u00e9t\u00e9 trouv\u00e9e au sol d\u00e9but juillet par J\u00e9r\u00f4me, 3 ans, Emma 10 mois, et leur maman. Ils en ont tr\u00e8s bien pris soin pendant une dizaine de jours avant de contacter le Centre R\u00e9gional de Sauvegarde de la Faune Sauvage et de confier l\u2019oisillon \u00e0 une b\u00e9n\u00e9vole [&hellip;]<\/p>\n","protected":false},"author":15,"featured_media":2318,"comment_status":"open","ping_status":"open","sticky":false,"template":"","format":"standard","meta":{"footnotes":""},"categories":[78,3],"tags":[],"class_list":["post-2317","post","type-post","status-publish","format-standard","has-post-thumbnail","hentry","category-protection-de-la-biodiversite","category-vie-groupe"],"yoast_head":"<!-- This site is optimized with the Yoast SEO plugin v28.3 - https:\/\/yoast.com\/product\/yoast-seo-wordpress\/ -->\n<title>Histoire d&#039;hirondelle - Groupe local Nice<\/title>\n<meta name=\"robots\" content=\"index, follow, max-snippet:-1, max-image-preview:large, max-video-preview:-1\" \/>\n<link rel=\"canonical\" href=\"https:\/\/paca.lpo.fr\/blogs\/nice\/2018\/09\/05\/histoire-dhirondelle\/\" \/>\n<meta property=\"og:locale\" content=\"fr_FR\" \/>\n<meta property=\"og:type\" content=\"article\" \/>\n<meta property=\"og:title\" content=\"Histoire d&#039;hirondelle - Groupe local Nice\" \/>\n<meta property=\"og:description\" content=\"Cette petite hirondelle de fen\u00eatre (Delichon Urbicum) a \u00e9t\u00e9 trouv\u00e9e au sol d\u00e9but juillet par J\u00e9r\u00f4me, 3 ans, Emma 10 mois, et leur maman. Ils en ont tr\u00e8s bien pris soin pendant une dizaine de jours avant de contacter le Centre R\u00e9gional de Sauvegarde de la Faune Sauvage et de confier l\u2019oisillon \u00e0 une b\u00e9n\u00e9vole [&hellip;]\" \/>\n<meta property=\"og:url\" content=\"https:\/\/paca.lpo.fr\/blogs\/nice\/2018\/09\/05\/histoire-dhirondelle\/\" \/>\n<meta property=\"og:site_name\" content=\"Groupe local Nice\" \/>\n<meta property=\"article:published_time\" content=\"2018-09-05T16:19:40+00:00\" \/>\n<meta property=\"og:image\" content=\"https:\/\/paca.lpo.fr\/blogs\/nice\/files\/2018\/09\/blogune.jpg\" \/>\n\t<meta property=\"og:image:width\" content=\"743\" \/>\n\t<meta property=\"og:image:height\" content=\"555\" \/>\n\t<meta property=\"og:image:type\" content=\"image\/jpeg\" \/>\n<meta name=\"author\" content=\"Groupe local Paillon-B\u00e9v\u00e9ra\" \/>\n<meta name=\"twitter:card\" content=\"summary_large_image\" \/>\n<meta name=\"twitter:label1\" content=\"\u00c9crit par\" \/>\n\t<meta name=\"twitter:data1\" content=\"Groupe local Paillon-B\u00e9v\u00e9ra\" \/>\n\t<meta name=\"twitter:label2\" content=\"Dur\u00e9e de lecture estim\u00e9e\" \/>\n\t<meta name=\"twitter:data2\" content=\"1 minute\" \/>\n<script type=\"application\/ld+json\" class=\"yoast-schema-graph\">{\"@context\":\"https:\\\/\\\/schema.org\",\"@graph\":[{\"@type\":\"Article\",\"@id\":\"https:\\\/\\\/paca.lpo.fr\\\/blogs\\\/nice\\\/2018\\\/09\\\/05\\\/histoire-dhirondelle\\\/#article\",\"isPartOf\":{\"@id\":\"https:\\\/\\\/paca.lpo.fr\\\/blogs\\\/nice\\\/2018\\\/09\\\/05\\\/histoire-dhirondelle\\\/\"},\"author\":{\"name\":\"Groupe local Paillon-B\u00e9v\u00e9ra\",\"@id\":\"https:\\\/\\\/paca.lpo.fr\\\/blogs\\\/nice\\\/#\\\/schema\\\/person\\\/1bda33335fb71e0b3552487db26a4c56\"},\"headline\":\"Histoire d&rsquo;hirondelle\",\"datePublished\":\"2018-09-05T16:19:40+00:00\",\"mainEntityOfPage\":{\"@id\":\"https:\\\/\\\/paca.lpo.fr\\\/blogs\\\/nice\\\/2018\\\/09\\\/05\\\/histoire-dhirondelle\\\/\"},\"wordCount\":252,\"commentCount\":0,\"publisher\":{\"@id\":\"https:\\\/\\\/paca.lpo.fr\\\/blogs\\\/nice\\\/#organization\"},\"image\":{\"@id\":\"https:\\\/\\\/paca.lpo.fr\\\/blogs\\\/nice\\\/2018\\\/09\\\/05\\\/histoire-dhirondelle\\\/#primaryimage\"},\"thumbnailUrl\":\"https:\\\/\\\/paca.lpo.fr\\\/blogs\\\/nice\\\/files\\\/2018\\\/09\\\/blogune.jpg\",\"articleSection\":[\"Protection de la biodiversit\u00e9\",\"Vie du groupe\"],\"inLanguage\":\"fr-FR\",\"potentialAction\":[{\"@type\":\"CommentAction\",\"name\":\"Comment\",\"target\":[\"https:\\\/\\\/paca.lpo.fr\\\/blogs\\\/nice\\\/2018\\\/09\\\/05\\\/histoire-dhirondelle\\\/#respond\"]}]},{\"@type\":\"WebPage\",\"@id\":\"https:\\\/\\\/paca.lpo.fr\\\/blogs\\\/nice\\\/2018\\\/09\\\/05\\\/histoire-dhirondelle\\\/\",\"url\":\"https:\\\/\\\/paca.lpo.fr\\\/blogs\\\/nice\\\/2018\\\/09\\\/05\\\/histoire-dhirondelle\\\/\",\"name\":\"Histoire d'hirondelle - Groupe local Nice\",\"isPartOf\":{\"@id\":\"https:\\\/\\\/paca.lpo.fr\\\/blogs\\\/nice\\\/#website\"},\"primaryImageOfPage\":{\"@id\":\"https:\\\/\\\/paca.lpo.fr\\\/blogs\\\/nice\\\/2018\\\/09\\\/05\\\/histoire-dhirondelle\\\/#primaryimage\"},\"image\":{\"@id\":\"https:\\\/\\\/paca.lpo.fr\\\/blogs\\\/nice\\\/2018\\\/09\\\/05\\\/histoire-dhirondelle\\\/#primaryimage\"},\"thumbnailUrl\":\"https:\\\/\\\/paca.lpo.fr\\\/blogs\\\/nice\\\/files\\\/2018\\\/09\\\/blogune.jpg\",\"datePublished\":\"2018-09-05T16:19:40+00:00\",\"breadcrumb\":{\"@id\":\"https:\\\/\\\/paca.lpo.fr\\\/blogs\\\/nice\\\/2018\\\/09\\\/05\\\/histoire-dhirondelle\\\/#breadcrumb\"},\"inLanguage\":\"fr-FR\",\"potentialAction\":[{\"@type\":\"ReadAction\",\"target\":[\"https:\\\/\\\/paca.lpo.fr\\\/blogs\\\/nice\\\/2018\\\/09\\\/05\\\/histoire-dhirondelle\\\/\"]}]},{\"@type\":\"ImageObject\",\"inLanguage\":\"fr-FR\",\"@id\":\"https:\\\/\\\/paca.lpo.fr\\\/blogs\\\/nice\\\/2018\\\/09\\\/05\\\/histoire-dhirondelle\\\/#primaryimage\",\"url\":\"https:\\\/\\\/paca.lpo.fr\\\/blogs\\\/nice\\\/files\\\/2018\\\/09\\\/blogune.jpg\",\"contentUrl\":\"https:\\\/\\\/paca.lpo.fr\\\/blogs\\\/nice\\\/files\\\/2018\\\/09\\\/blogune.jpg\",\"width\":743,\"height\":555,\"caption\":\"Recueillie par J\u00e9r\u00f4me, Emma et Maman\"},{\"@type\":\"BreadcrumbList\",\"@id\":\"https:\\\/\\\/paca.lpo.fr\\\/blogs\\\/nice\\\/2018\\\/09\\\/05\\\/histoire-dhirondelle\\\/#breadcrumb\",\"itemListElement\":[{\"@type\":\"ListItem\",\"position\":1,\"name\":\"Accueil\",\"item\":\"https:\\\/\\\/paca.lpo.fr\\\/blogs\\\/nice\\\/\"},{\"@type\":\"ListItem\",\"position\":2,\"name\":\"Histoire d&rsquo;hirondelle\"}]},{\"@type\":\"WebSite\",\"@id\":\"https:\\\/\\\/paca.lpo.fr\\\/blogs\\\/nice\\\/#website\",\"url\":\"https:\\\/\\\/paca.lpo.fr\\\/blogs\\\/nice\\\/\",\"name\":\"Groupe local Nice\",\"description\":\"Groupe local Nice\",\"publisher\":{\"@id\":\"https:\\\/\\\/paca.lpo.fr\\\/blogs\\\/nice\\\/#organization\"},\"potentialAction\":[{\"@type\":\"SearchAction\",\"target\":{\"@type\":\"EntryPoint\",\"urlTemplate\":\"https:\\\/\\\/paca.lpo.fr\\\/blogs\\\/nice\\\/?s={search_term_string}\"},\"query-input\":{\"@type\":\"PropertyValueSpecification\",\"valueRequired\":true,\"valueName\":\"search_term_string\"}}],\"inLanguage\":\"fr-FR\"},{\"@type\":\"Organization\",\"@id\":\"https:\\\/\\\/paca.lpo.fr\\\/blogs\\\/nice\\\/#organization\",\"name\":\"Groupe local Nice\",\"url\":\"https:\\\/\\\/paca.lpo.fr\\\/blogs\\\/nice\\\/\",\"logo\":{\"@type\":\"ImageObject\",\"inLanguage\":\"fr-FR\",\"@id\":\"https:\\\/\\\/paca.lpo.fr\\\/blogs\\\/nice\\\/#\\\/schema\\\/logo\\\/image\\\/\",\"url\":\"https:\\\/\\\/paca.lpo.fr\\\/blogs\\\/nice\\\/files\\\/2024\\\/01\\\/cropped-rvb-lpo-paca-logotype-signature-droite-mini-500.jpg\",\"contentUrl\":\"https:\\\/\\\/paca.lpo.fr\\\/blogs\\\/nice\\\/files\\\/2024\\\/01\\\/cropped-rvb-lpo-paca-logotype-signature-droite-mini-500.jpg\",\"width\":500,\"height\":210,\"caption\":\"Groupe local Nice\"},\"image\":{\"@id\":\"https:\\\/\\\/paca.lpo.fr\\\/blogs\\\/nice\\\/#\\\/schema\\\/logo\\\/image\\\/\"}},{\"@type\":\"Person\",\"@id\":\"https:\\\/\\\/paca.lpo.fr\\\/blogs\\\/nice\\\/#\\\/schema\\\/person\\\/1bda33335fb71e0b3552487db26a4c56\",\"name\":\"Groupe local Paillon-B\u00e9v\u00e9ra\",\"image\":{\"@type\":\"ImageObject\",\"inLanguage\":\"fr-FR\",\"@id\":\"https:\\\/\\\/secure.gravatar.com\\\/avatar\\\/b1ee285506e2cb880ec988990d360e255aecb31c77212741dace1023623610c2?s=96&d=mm&r=g\",\"url\":\"https:\\\/\\\/secure.gravatar.com\\\/avatar\\\/b1ee285506e2cb880ec988990d360e255aecb31c77212741dace1023623610c2?s=96&d=mm&r=g\",\"contentUrl\":\"https:\\\/\\\/secure.gravatar.com\\\/avatar\\\/b1ee285506e2cb880ec988990d360e255aecb31c77212741dace1023623610c2?s=96&d=mm&r=g\",\"caption\":\"Groupe local Paillon-B\u00e9v\u00e9ra\"},\"url\":\"https:\\\/\\\/paca.lpo.fr\\\/blogs\\\/nice\\\/author\\\/alpesmaritimesest\\\/\"}]}<\/script>\n<!-- \/ Yoast SEO plugin. -->","yoast_head_json":{"title":"Histoire d'hirondelle - Groupe local Nice","robots":{"index":"index","follow":"follow","max-snippet":"max-snippet:-1","max-image-preview":"max-image-preview:large","max-video-preview":"max-video-preview:-1"},"canonical":"https:\/\/paca.lpo.fr\/blogs\/nice\/2018\/09\/05\/histoire-dhirondelle\/","og_locale":"fr_FR","og_type":"article","og_title":"Histoire d'hirondelle - Groupe local Nice","og_description":"Cette petite hirondelle de fen\u00eatre (Delichon Urbicum) a \u00e9t\u00e9 trouv\u00e9e au sol d\u00e9but juillet par J\u00e9r\u00f4me, 3 ans, Emma 10 mois, et leur maman. Ils en ont tr\u00e8s bien pris soin pendant une dizaine de jours avant de contacter le Centre R\u00e9gional de Sauvegarde de la Faune Sauvage et de confier l\u2019oisillon \u00e0 une b\u00e9n\u00e9vole [&hellip;]","og_url":"https:\/\/paca.lpo.fr\/blogs\/nice\/2018\/09\/05\/histoire-dhirondelle\/","og_site_name":"Groupe local Nice","article_published_time":"2018-09-05T16:19:40+00:00","og_image":[{"width":743,"height":555,"url":"https:\/\/paca.lpo.fr\/blogs\/nice\/files\/2018\/09\/blogune.jpg","type":"image\/jpeg"}],"author":"Groupe local Paillon-B\u00e9v\u00e9ra","twitter_card":"summary_large_image","twitter_misc":{"\u00c9crit par":"Groupe local Paillon-B\u00e9v\u00e9ra","Dur\u00e9e de lecture estim\u00e9e":"1 minute"},"schema":{"@context":"https:\/\/schema.org","@graph":[{"@type":"Article","@id":"https:\/\/paca.lpo.fr\/blogs\/nice\/2018\/09\/05\/histoire-dhirondelle\/#article","isPartOf":{"@id":"https:\/\/paca.lpo.fr\/blogs\/nice\/2018\/09\/05\/histoire-dhirondelle\/"},"author":{"name":"Groupe local Paillon-B\u00e9v\u00e9ra","@id":"https:\/\/paca.lpo.fr\/blogs\/nice\/#\/schema\/person\/1bda33335fb71e0b3552487db26a4c56"},"headline":"Histoire d&rsquo;hirondelle","datePublished":"2018-09-05T16:19:40+00:00","mainEntityOfPage":{"@id":"https:\/\/paca.lpo.fr\/blogs\/nice\/2018\/09\/05\/histoire-dhirondelle\/"},"wordCount":252,"commentCount":0,"publisher":{"@id":"https:\/\/paca.lpo.fr\/blogs\/nice\/#organization"},"image":{"@id":"https:\/\/paca.lpo.fr\/blogs\/nice\/2018\/09\/05\/histoire-dhirondelle\/#primaryimage"},"thumbnailUrl":"https:\/\/paca.lpo.fr\/blogs\/nice\/files\/2018\/09\/blogune.jpg","articleSection":["Protection de la biodiversit\u00e9","Vie du groupe"],"inLanguage":"fr-FR","potentialAction":[{"@type":"CommentAction","name":"Comment","target":["https:\/\/paca.lpo.fr\/blogs\/nice\/2018\/09\/05\/histoire-dhirondelle\/#respond"]}]},{"@type":"WebPage","@id":"https:\/\/paca.lpo.fr\/blogs\/nice\/2018\/09\/05\/histoire-dhirondelle\/","url":"https:\/\/paca.lpo.fr\/blogs\/nice\/2018\/09\/05\/histoire-dhirondelle\/","name":"Histoire d'hirondelle - Groupe local Nice","isPartOf":{"@id":"https:\/\/paca.lpo.fr\/blogs\/nice\/#website"},"primaryImageOfPage":{"@id":"https:\/\/paca.lpo.fr\/blogs\/nice\/2018\/09\/05\/histoire-dhirondelle\/#primaryimage"},"image":{"@id":"https:\/\/paca.lpo.fr\/blogs\/nice\/2018\/09\/05\/histoire-dhirondelle\/#primaryimage"},"thumbnailUrl":"https:\/\/paca.lpo.fr\/blogs\/nice\/files\/2018\/09\/blogune.jpg","datePublished":"2018-09-05T16:19:40+00:00","breadcrumb":{"@id":"https:\/\/paca.lpo.fr\/blogs\/nice\/2018\/09\/05\/histoire-dhirondelle\/#breadcrumb"},"inLanguage":"fr-FR","potentialAction":[{"@type":"ReadAction","target":["https:\/\/paca.lpo.fr\/blogs\/nice\/2018\/09\/05\/histoire-dhirondelle\/"]}]},{"@type":"ImageObject","inLanguage":"fr-FR","@id":"https:\/\/paca.lpo.fr\/blogs\/nice\/2018\/09\/05\/histoire-dhirondelle\/#primaryimage","url":"https:\/\/paca.lpo.fr\/blogs\/nice\/files\/2018\/09\/blogune.jpg","contentUrl":"https:\/\/paca.lpo.fr\/blogs\/nice\/files\/2018\/09\/blogune.jpg","width":743,"height":555,"caption":"Recueillie par J\u00e9r\u00f4me, Emma et Maman"},{"@type":"BreadcrumbList","@id":"https:\/\/paca.lpo.fr\/blogs\/nice\/2018\/09\/05\/histoire-dhirondelle\/#breadcrumb","itemListElement":[{"@type":"ListItem","position":1,"name":"Accueil","item":"https:\/\/paca.lpo.fr\/blogs\/nice\/"},{"@type":"ListItem","position":2,"name":"Histoire d&rsquo;hirondelle"}]},{"@type":"WebSite","@id":"https:\/\/paca.lpo.fr\/blogs\/nice\/#website","url":"https:\/\/paca.lpo.fr\/blogs\/nice\/","name":"Groupe local Nice","description":"Groupe local Nice","publisher":{"@id":"https:\/\/paca.lpo.fr\/blogs\/nice\/#organization"},"potentialAction":[{"@type":"SearchAction","target":{"@type":"EntryPoint","urlTemplate":"https:\/\/paca.lpo.fr\/blogs\/nice\/?s={search_term_string}"},"query-input":{"@type":"PropertyValueSpecification","valueRequired":true,"valueName":"search_term_string"}}],"inLanguage":"fr-FR"},{"@type":"Organization","@id":"https:\/\/paca.lpo.fr\/blogs\/nice\/#organization","name":"Groupe local Nice","url":"https:\/\/paca.lpo.fr\/blogs\/nice\/","logo":{"@type":"ImageObject","inLanguage":"fr-FR","@id":"https:\/\/paca.lpo.fr\/blogs\/nice\/#\/schema\/logo\/image\/","url":"https:\/\/paca.lpo.fr\/blogs\/nice\/files\/2024\/01\/cropped-rvb-lpo-paca-logotype-signature-droite-mini-500.jpg","contentUrl":"https:\/\/paca.lpo.fr\/blogs\/nice\/files\/2024\/01\/cropped-rvb-lpo-paca-logotype-signature-droite-mini-500.jpg","width":500,"height":210,"caption":"Groupe local Nice"},"image":{"@id":"https:\/\/paca.lpo.fr\/blogs\/nice\/#\/schema\/logo\/image\/"}},{"@type":"Person","@id":"https:\/\/paca.lpo.fr\/blogs\/nice\/#\/schema\/person\/1bda33335fb71e0b3552487db26a4c56","name":"Groupe local Paillon-B\u00e9v\u00e9ra","image":{"@type":"ImageObject","inLanguage":"fr-FR","@id":"https:\/\/secure.gravatar.com\/avatar\/b1ee285506e2cb880ec988990d360e255aecb31c77212741dace1023623610c2?s=96&d=mm&r=g","url":"https:\/\/secure.gravatar.com\/avatar\/b1ee285506e2cb880ec988990d360e255aecb31c77212741dace1023623610c2?s=96&d=mm&r=g","contentUrl":"https:\/\/secure.gravatar.com\/avatar\/b1ee285506e2cb880ec988990d360e255aecb31c77212741dace1023623610c2?s=96&d=mm&r=g","caption":"Groupe local Paillon-B\u00e9v\u00e9ra"},"url":"https:\/\/paca.lpo.fr\/blogs\/nice\/author\/alpesmaritimesest\/"}]}},"jetpack_featured_media_url":"https:\/\/paca.lpo.fr\/blogs\/nice\/files\/2018\/09\/blogune.jpg","_links":{"self":[{"href":"https:\/\/paca.lpo.fr\/blogs\/nice\/wp-json\/wp\/v2\/posts\/2317","targetHints":{"allow":["GET"]}}],"collection":[{"href":"https:\/\/paca.lpo.fr\/blogs\/nice\/wp-json\/wp\/v2\/posts"}],"about":[{"href":"https:\/\/paca.lpo.fr\/blogs\/nice\/wp-json\/wp\/v2\/types\/post"}],"author":[{"embeddable":true,"href":"https:\/\/paca.lpo.fr\/blogs\/nice\/wp-json\/wp\/v2\/users\/15"}],"replies":[{"embeddable":true,"href":"https:\/\/paca.lpo.fr\/blogs\/nice\/wp-json\/wp\/v2\/comments?post=2317"}],"version-history":[{"count":1,"href":"https:\/\/paca.lpo.fr\/blogs\/nice\/wp-json\/wp\/v2\/posts\/2317\/revisions"}],"predecessor-version":[{"id":2323,"href":"https:\/\/paca.lpo.fr\/blogs\/nice\/wp-json\/wp\/v2\/posts\/2317\/revisions\/2323"}],"wp:featuredmedia":[{"embeddable":true,"href":"https:\/\/paca.lpo.fr\/blogs\/nice\/wp-json\/wp\/v2\/media\/2318"}],"wp:attachment":[{"href":"https:\/\/paca.lpo.fr\/blogs\/nice\/wp-json\/wp\/v2\/media?parent=2317"}],"wp:term":[{"taxonomy":"category","embeddable":true,"href":"https:\/\/paca.lpo.fr\/blogs\/nice\/wp-json\/wp\/v2\/categories?post=2317"},{"taxonomy":"post_tag","embeddable":true,"href":"https:\/\/paca.lpo.fr\/blogs\/nice\/wp-json\/wp\/v2\/tags?post=2317"}],"curies":[{"name":"wp","href":"https:\/\/api.w.org\/{rel}","templated":true}]}}