{"id":2349,"date":"2018-09-24T15:58:14","date_gmt":"2018-09-24T14:58:14","guid":{"rendered":"https:\/\/paca.lpo.fr\/blogs\/nice\/?p=2349"},"modified":"2018-09-24T15:58:14","modified_gmt":"2018-09-24T14:58:14","slug":"camp-de-migration-du-fort-de-la-revere-6","status":"publish","type":"post","link":"https:\/\/paca.lpo.fr\/blogs\/nice\/2018\/09\/24\/camp-de-migration-du-fort-de-la-revere-6\/","title":{"rendered":"Camp de migration du Fort de la Rev\u00e8re"},"content":{"rendered":"<p>Circa\u00e8tes Jean-le-Blanc, Aigles Bott\u00e9s, Bondr\u00e9es Apivores, Eperviers, Milan Royal et de nombreuses hirondelles ont \u00e9t\u00e9 observ\u00e9s les 22 et 23 septembre par les personnes pr\u00e9sentes au camp de migration. La journ\u00e9e de samedi \u00e9tait tr\u00e8s ensoleill\u00e9e, dimanche beaucoup moins, mais la convivialit\u00e9 \u00e9tait bien au rendez-vous. Les visiteurs fran\u00e7ais, sud-africains, indiens, italiens, \u00e9taient nombreux et Benjamin, ornithologue de la LPO PACA, a r\u00e9alis\u00e9 des animations pour deux groupes le samedi.<\/p>\n<p>Prochain rendez-vous \u00e0 l&rsquo;observatoire du PND de la Grande Corniche les 29 et 30 septembre, pour les derniers rapaces migrateurs.<br \/>\n<figure id=\"attachment_2351\" aria-describedby=\"caption-attachment-2351\" style=\"width: 480px\" class=\"wp-caption alignnone\"><img loading=\"lazy\" decoding=\"async\" src=\"https:\/\/paca.lpo.fr\/blogs\/nice\/files\/2018\/09\/xxblog-1-480x362.jpg\" alt=\"\" width=\"480\" height=\"362\" class=\"size-medium wp-image-2351\" srcset=\"https:\/\/paca.lpo.fr\/blogs\/nice\/files\/2018\/09\/xxblog-1-480x362.jpg 480w, https:\/\/paca.lpo.fr\/blogs\/nice\/files\/2018\/09\/xxblog-1-768x580.jpg 768w, https:\/\/paca.lpo.fr\/blogs\/nice\/files\/2018\/09\/xxblog-1-960x724.jpg 960w, https:\/\/paca.lpo.fr\/blogs\/nice\/files\/2018\/09\/xxblog-1-700x528.jpg 700w, https:\/\/paca.lpo.fr\/blogs\/nice\/files\/2018\/09\/xxblog-1.jpg 974w\" sizes=\"auto, (max-width: 480px) 100vw, 480px\" \/><figcaption id=\"caption-attachment-2351\" class=\"wp-caption-text\">Bondr\u00e9e Apivore<\/figcaption><\/figure><br \/>\n<figure id=\"attachment_2352\" aria-describedby=\"caption-attachment-2352\" style=\"width: 480px\" class=\"wp-caption alignnone\"><img loading=\"lazy\" decoding=\"async\" src=\"https:\/\/paca.lpo.fr\/blogs\/nice\/files\/2018\/09\/xxblog3-480x360.jpg\" alt=\"\" width=\"480\" height=\"360\" class=\"size-medium wp-image-2352\" srcset=\"https:\/\/paca.lpo.fr\/blogs\/nice\/files\/2018\/09\/xxblog3-480x360.jpg 480w, https:\/\/paca.lpo.fr\/blogs\/nice\/files\/2018\/09\/xxblog3-768x576.jpg 768w, https:\/\/paca.lpo.fr\/blogs\/nice\/files\/2018\/09\/xxblog3-960x720.jpg 960w, https:\/\/paca.lpo.fr\/blogs\/nice\/files\/2018\/09\/xxblog3-700x525.jpg 700w, https:\/\/paca.lpo.fr\/blogs\/nice\/files\/2018\/09\/xxblog3.jpg 998w\" sizes=\"auto, (max-width: 480px) 100vw, 480px\" \/><figcaption id=\"caption-attachment-2352\" class=\"wp-caption-text\">Les visiteurs cherchent les oiseaux migrateurs<\/figcaption><\/figure><\/p>\n","protected":false},"excerpt":{"rendered":"<p>Circa\u00e8tes Jean-le-Blanc, Aigles Bott\u00e9s, Bondr\u00e9es Apivores, Eperviers, Milan Royal et de nombreuses hirondelles ont \u00e9t\u00e9 observ\u00e9s les 22 et 23 septembre par les personnes pr\u00e9sentes au camp de migration. La journ\u00e9e de samedi \u00e9tait tr\u00e8s ensoleill\u00e9e, dimanche beaucoup moins, mais la convivialit\u00e9 \u00e9tait bien au rendez-vous. Les visiteurs fran\u00e7ais, sud-africains, indiens, italiens, \u00e9taient nombreux et [&hellip;]<\/p>\n","protected":false},"author":15,"featured_media":2350,"comment_status":"open","ping_status":"open","sticky":false,"template":"","format":"standard","meta":{"footnotes":""},"categories":[77,3],"tags":[],"class_list":["post-2349","post","type-post","status-publish","format-standard","has-post-thumbnail","hentry","category-grands-evenements","category-vie-groupe"],"yoast_head":"<!-- This site is optimized with the Yoast SEO plugin v28.3 - https:\/\/yoast.com\/product\/yoast-seo-wordpress\/ -->\n<title>Camp de migration du Fort de la Rev\u00e8re - Groupe local Nice<\/title>\n<meta name=\"robots\" content=\"index, follow, max-snippet:-1, max-image-preview:large, max-video-preview:-1\" \/>\n<link rel=\"canonical\" href=\"https:\/\/paca.lpo.fr\/blogs\/nice\/2018\/09\/24\/camp-de-migration-du-fort-de-la-revere-6\/\" \/>\n<meta property=\"og:locale\" content=\"fr_FR\" \/>\n<meta property=\"og:type\" content=\"article\" \/>\n<meta property=\"og:title\" content=\"Camp de migration du Fort de la Rev\u00e8re - Groupe local Nice\" \/>\n<meta property=\"og:description\" content=\"Circa\u00e8tes Jean-le-Blanc, Aigles Bott\u00e9s, Bondr\u00e9es Apivores, Eperviers, Milan Royal et de nombreuses hirondelles ont \u00e9t\u00e9 observ\u00e9s les 22 et 23 septembre par les personnes pr\u00e9sentes au camp de migration. La journ\u00e9e de samedi \u00e9tait tr\u00e8s ensoleill\u00e9e, dimanche beaucoup moins, mais la convivialit\u00e9 \u00e9tait bien au rendez-vous. Les visiteurs fran\u00e7ais, sud-africains, indiens, italiens, \u00e9taient nombreux et [&hellip;]\" \/>\n<meta property=\"og:url\" content=\"https:\/\/paca.lpo.fr\/blogs\/nice\/2018\/09\/24\/camp-de-migration-du-fort-de-la-revere-6\/\" \/>\n<meta property=\"og:site_name\" content=\"Groupe local Nice\" \/>\n<meta property=\"article:published_time\" content=\"2018-09-24T14:58:14+00:00\" \/>\n<meta property=\"og:image\" content=\"https:\/\/paca.lpo.fr\/blogs\/nice\/files\/2018\/09\/xxblog-2.jpg\" \/>\n\t<meta property=\"og:image:width\" content=\"811\" \/>\n\t<meta property=\"og:image:height\" content=\"554\" \/>\n\t<meta property=\"og:image:type\" content=\"image\/jpeg\" \/>\n<meta name=\"author\" content=\"Groupe local Paillon-B\u00e9v\u00e9ra\" \/>\n<meta name=\"twitter:card\" content=\"summary_large_image\" \/>\n<meta name=\"twitter:label1\" content=\"\u00c9crit par\" \/>\n\t<meta name=\"twitter:data1\" content=\"Groupe local Paillon-B\u00e9v\u00e9ra\" \/>\n\t<meta name=\"twitter:label2\" content=\"Dur\u00e9e de lecture estim\u00e9e\" \/>\n\t<meta name=\"twitter:data2\" content=\"1 minute\" \/>\n<script type=\"application\/ld+json\" class=\"yoast-schema-graph\">{\"@context\":\"https:\\\/\\\/schema.org\",\"@graph\":[{\"@type\":\"Article\",\"@id\":\"https:\\\/\\\/paca.lpo.fr\\\/blogs\\\/nice\\\/2018\\\/09\\\/24\\\/camp-de-migration-du-fort-de-la-revere-6\\\/#article\",\"isPartOf\":{\"@id\":\"https:\\\/\\\/paca.lpo.fr\\\/blogs\\\/nice\\\/2018\\\/09\\\/24\\\/camp-de-migration-du-fort-de-la-revere-6\\\/\"},\"author\":{\"name\":\"Groupe local Paillon-B\u00e9v\u00e9ra\",\"@id\":\"https:\\\/\\\/paca.lpo.fr\\\/blogs\\\/nice\\\/#\\\/schema\\\/person\\\/1bda33335fb71e0b3552487db26a4c56\"},\"headline\":\"Camp de migration du Fort de la Rev\u00e8re\",\"datePublished\":\"2018-09-24T14:58:14+00:00\",\"mainEntityOfPage\":{\"@id\":\"https:\\\/\\\/paca.lpo.fr\\\/blogs\\\/nice\\\/2018\\\/09\\\/24\\\/camp-de-migration-du-fort-de-la-revere-6\\\/\"},\"wordCount\":128,\"commentCount\":0,\"publisher\":{\"@id\":\"https:\\\/\\\/paca.lpo.fr\\\/blogs\\\/nice\\\/#organization\"},\"image\":{\"@id\":\"https:\\\/\\\/paca.lpo.fr\\\/blogs\\\/nice\\\/2018\\\/09\\\/24\\\/camp-de-migration-du-fort-de-la-revere-6\\\/#primaryimage\"},\"thumbnailUrl\":\"https:\\\/\\\/paca.lpo.fr\\\/blogs\\\/nice\\\/files\\\/2018\\\/09\\\/xxblog-2.jpg\",\"articleSection\":[\"Grands \u00e9v\u00e8nements\",\"Vie du groupe\"],\"inLanguage\":\"fr-FR\",\"potentialAction\":[{\"@type\":\"CommentAction\",\"name\":\"Comment\",\"target\":[\"https:\\\/\\\/paca.lpo.fr\\\/blogs\\\/nice\\\/2018\\\/09\\\/24\\\/camp-de-migration-du-fort-de-la-revere-6\\\/#respond\"]}]},{\"@type\":\"WebPage\",\"@id\":\"https:\\\/\\\/paca.lpo.fr\\\/blogs\\\/nice\\\/2018\\\/09\\\/24\\\/camp-de-migration-du-fort-de-la-revere-6\\\/\",\"url\":\"https:\\\/\\\/paca.lpo.fr\\\/blogs\\\/nice\\\/2018\\\/09\\\/24\\\/camp-de-migration-du-fort-de-la-revere-6\\\/\",\"name\":\"Camp de migration du Fort de la Rev\u00e8re - Groupe local Nice\",\"isPartOf\":{\"@id\":\"https:\\\/\\\/paca.lpo.fr\\\/blogs\\\/nice\\\/#website\"},\"primaryImageOfPage\":{\"@id\":\"https:\\\/\\\/paca.lpo.fr\\\/blogs\\\/nice\\\/2018\\\/09\\\/24\\\/camp-de-migration-du-fort-de-la-revere-6\\\/#primaryimage\"},\"image\":{\"@id\":\"https:\\\/\\\/paca.lpo.fr\\\/blogs\\\/nice\\\/2018\\\/09\\\/24\\\/camp-de-migration-du-fort-de-la-revere-6\\\/#primaryimage\"},\"thumbnailUrl\":\"https:\\\/\\\/paca.lpo.fr\\\/blogs\\\/nice\\\/files\\\/2018\\\/09\\\/xxblog-2.jpg\",\"datePublished\":\"2018-09-24T14:58:14+00:00\",\"breadcrumb\":{\"@id\":\"https:\\\/\\\/paca.lpo.fr\\\/blogs\\\/nice\\\/2018\\\/09\\\/24\\\/camp-de-migration-du-fort-de-la-revere-6\\\/#breadcrumb\"},\"inLanguage\":\"fr-FR\",\"potentialAction\":[{\"@type\":\"ReadAction\",\"target\":[\"https:\\\/\\\/paca.lpo.fr\\\/blogs\\\/nice\\\/2018\\\/09\\\/24\\\/camp-de-migration-du-fort-de-la-revere-6\\\/\"]}]},{\"@type\":\"ImageObject\",\"inLanguage\":\"fr-FR\",\"@id\":\"https:\\\/\\\/paca.lpo.fr\\\/blogs\\\/nice\\\/2018\\\/09\\\/24\\\/camp-de-migration-du-fort-de-la-revere-6\\\/#primaryimage\",\"url\":\"https:\\\/\\\/paca.lpo.fr\\\/blogs\\\/nice\\\/files\\\/2018\\\/09\\\/xxblog-2.jpg\",\"contentUrl\":\"https:\\\/\\\/paca.lpo.fr\\\/blogs\\\/nice\\\/files\\\/2018\\\/09\\\/xxblog-2.jpg\",\"width\":811,\"height\":554,\"caption\":\"Animation pour un groupe d'adultes et d'enfants\"},{\"@type\":\"BreadcrumbList\",\"@id\":\"https:\\\/\\\/paca.lpo.fr\\\/blogs\\\/nice\\\/2018\\\/09\\\/24\\\/camp-de-migration-du-fort-de-la-revere-6\\\/#breadcrumb\",\"itemListElement\":[{\"@type\":\"ListItem\",\"position\":1,\"name\":\"Accueil\",\"item\":\"https:\\\/\\\/paca.lpo.fr\\\/blogs\\\/nice\\\/\"},{\"@type\":\"ListItem\",\"position\":2,\"name\":\"Camp de migration du Fort de la Rev\u00e8re\"}]},{\"@type\":\"WebSite\",\"@id\":\"https:\\\/\\\/paca.lpo.fr\\\/blogs\\\/nice\\\/#website\",\"url\":\"https:\\\/\\\/paca.lpo.fr\\\/blogs\\\/nice\\\/\",\"name\":\"Groupe local Nice\",\"description\":\"Groupe local Nice\",\"publisher\":{\"@id\":\"https:\\\/\\\/paca.lpo.fr\\\/blogs\\\/nice\\\/#organization\"},\"potentialAction\":[{\"@type\":\"SearchAction\",\"target\":{\"@type\":\"EntryPoint\",\"urlTemplate\":\"https:\\\/\\\/paca.lpo.fr\\\/blogs\\\/nice\\\/?s={search_term_string}\"},\"query-input\":{\"@type\":\"PropertyValueSpecification\",\"valueRequired\":true,\"valueName\":\"search_term_string\"}}],\"inLanguage\":\"fr-FR\"},{\"@type\":\"Organization\",\"@id\":\"https:\\\/\\\/paca.lpo.fr\\\/blogs\\\/nice\\\/#organization\",\"name\":\"Groupe local Nice\",\"url\":\"https:\\\/\\\/paca.lpo.fr\\\/blogs\\\/nice\\\/\",\"logo\":{\"@type\":\"ImageObject\",\"inLanguage\":\"fr-FR\",\"@id\":\"https:\\\/\\\/paca.lpo.fr\\\/blogs\\\/nice\\\/#\\\/schema\\\/logo\\\/image\\\/\",\"url\":\"https:\\\/\\\/paca.lpo.fr\\\/blogs\\\/nice\\\/files\\\/2024\\\/01\\\/cropped-rvb-lpo-paca-logotype-signature-droite-mini-500.jpg\",\"contentUrl\":\"https:\\\/\\\/paca.lpo.fr\\\/blogs\\\/nice\\\/files\\\/2024\\\/01\\\/cropped-rvb-lpo-paca-logotype-signature-droite-mini-500.jpg\",\"width\":500,\"height\":210,\"caption\":\"Groupe local Nice\"},\"image\":{\"@id\":\"https:\\\/\\\/paca.lpo.fr\\\/blogs\\\/nice\\\/#\\\/schema\\\/logo\\\/image\\\/\"}},{\"@type\":\"Person\",\"@id\":\"https:\\\/\\\/paca.lpo.fr\\\/blogs\\\/nice\\\/#\\\/schema\\\/person\\\/1bda33335fb71e0b3552487db26a4c56\",\"name\":\"Groupe local Paillon-B\u00e9v\u00e9ra\",\"image\":{\"@type\":\"ImageObject\",\"inLanguage\":\"fr-FR\",\"@id\":\"https:\\\/\\\/secure.gravatar.com\\\/avatar\\\/b1ee285506e2cb880ec988990d360e255aecb31c77212741dace1023623610c2?s=96&d=mm&r=g\",\"url\":\"https:\\\/\\\/secure.gravatar.com\\\/avatar\\\/b1ee285506e2cb880ec988990d360e255aecb31c77212741dace1023623610c2?s=96&d=mm&r=g\",\"contentUrl\":\"https:\\\/\\\/secure.gravatar.com\\\/avatar\\\/b1ee285506e2cb880ec988990d360e255aecb31c77212741dace1023623610c2?s=96&d=mm&r=g\",\"caption\":\"Groupe local Paillon-B\u00e9v\u00e9ra\"},\"url\":\"https:\\\/\\\/paca.lpo.fr\\\/blogs\\\/nice\\\/author\\\/alpesmaritimesest\\\/\"}]}<\/script>\n<!-- \/ Yoast SEO plugin. -->","yoast_head_json":{"title":"Camp de migration du Fort de la Rev\u00e8re - Groupe local Nice","robots":{"index":"index","follow":"follow","max-snippet":"max-snippet:-1","max-image-preview":"max-image-preview:large","max-video-preview":"max-video-preview:-1"},"canonical":"https:\/\/paca.lpo.fr\/blogs\/nice\/2018\/09\/24\/camp-de-migration-du-fort-de-la-revere-6\/","og_locale":"fr_FR","og_type":"article","og_title":"Camp de migration du Fort de la Rev\u00e8re - Groupe local Nice","og_description":"Circa\u00e8tes Jean-le-Blanc, Aigles Bott\u00e9s, Bondr\u00e9es Apivores, Eperviers, Milan Royal et de nombreuses hirondelles ont \u00e9t\u00e9 observ\u00e9s les 22 et 23 septembre par les personnes pr\u00e9sentes au camp de migration. La journ\u00e9e de samedi \u00e9tait tr\u00e8s ensoleill\u00e9e, dimanche beaucoup moins, mais la convivialit\u00e9 \u00e9tait bien au rendez-vous. Les visiteurs fran\u00e7ais, sud-africains, indiens, italiens, \u00e9taient nombreux et [&hellip;]","og_url":"https:\/\/paca.lpo.fr\/blogs\/nice\/2018\/09\/24\/camp-de-migration-du-fort-de-la-revere-6\/","og_site_name":"Groupe local Nice","article_published_time":"2018-09-24T14:58:14+00:00","og_image":[{"width":811,"height":554,"url":"https:\/\/paca.lpo.fr\/blogs\/nice\/files\/2018\/09\/xxblog-2.jpg","type":"image\/jpeg"}],"author":"Groupe local Paillon-B\u00e9v\u00e9ra","twitter_card":"summary_large_image","twitter_misc":{"\u00c9crit par":"Groupe local Paillon-B\u00e9v\u00e9ra","Dur\u00e9e de lecture estim\u00e9e":"1 minute"},"schema":{"@context":"https:\/\/schema.org","@graph":[{"@type":"Article","@id":"https:\/\/paca.lpo.fr\/blogs\/nice\/2018\/09\/24\/camp-de-migration-du-fort-de-la-revere-6\/#article","isPartOf":{"@id":"https:\/\/paca.lpo.fr\/blogs\/nice\/2018\/09\/24\/camp-de-migration-du-fort-de-la-revere-6\/"},"author":{"name":"Groupe local Paillon-B\u00e9v\u00e9ra","@id":"https:\/\/paca.lpo.fr\/blogs\/nice\/#\/schema\/person\/1bda33335fb71e0b3552487db26a4c56"},"headline":"Camp de migration du Fort de la Rev\u00e8re","datePublished":"2018-09-24T14:58:14+00:00","mainEntityOfPage":{"@id":"https:\/\/paca.lpo.fr\/blogs\/nice\/2018\/09\/24\/camp-de-migration-du-fort-de-la-revere-6\/"},"wordCount":128,"commentCount":0,"publisher":{"@id":"https:\/\/paca.lpo.fr\/blogs\/nice\/#organization"},"image":{"@id":"https:\/\/paca.lpo.fr\/blogs\/nice\/2018\/09\/24\/camp-de-migration-du-fort-de-la-revere-6\/#primaryimage"},"thumbnailUrl":"https:\/\/paca.lpo.fr\/blogs\/nice\/files\/2018\/09\/xxblog-2.jpg","articleSection":["Grands \u00e9v\u00e8nements","Vie du groupe"],"inLanguage":"fr-FR","potentialAction":[{"@type":"CommentAction","name":"Comment","target":["https:\/\/paca.lpo.fr\/blogs\/nice\/2018\/09\/24\/camp-de-migration-du-fort-de-la-revere-6\/#respond"]}]},{"@type":"WebPage","@id":"https:\/\/paca.lpo.fr\/blogs\/nice\/2018\/09\/24\/camp-de-migration-du-fort-de-la-revere-6\/","url":"https:\/\/paca.lpo.fr\/blogs\/nice\/2018\/09\/24\/camp-de-migration-du-fort-de-la-revere-6\/","name":"Camp de migration du Fort de la Rev\u00e8re - Groupe local Nice","isPartOf":{"@id":"https:\/\/paca.lpo.fr\/blogs\/nice\/#website"},"primaryImageOfPage":{"@id":"https:\/\/paca.lpo.fr\/blogs\/nice\/2018\/09\/24\/camp-de-migration-du-fort-de-la-revere-6\/#primaryimage"},"image":{"@id":"https:\/\/paca.lpo.fr\/blogs\/nice\/2018\/09\/24\/camp-de-migration-du-fort-de-la-revere-6\/#primaryimage"},"thumbnailUrl":"https:\/\/paca.lpo.fr\/blogs\/nice\/files\/2018\/09\/xxblog-2.jpg","datePublished":"2018-09-24T14:58:14+00:00","breadcrumb":{"@id":"https:\/\/paca.lpo.fr\/blogs\/nice\/2018\/09\/24\/camp-de-migration-du-fort-de-la-revere-6\/#breadcrumb"},"inLanguage":"fr-FR","potentialAction":[{"@type":"ReadAction","target":["https:\/\/paca.lpo.fr\/blogs\/nice\/2018\/09\/24\/camp-de-migration-du-fort-de-la-revere-6\/"]}]},{"@type":"ImageObject","inLanguage":"fr-FR","@id":"https:\/\/paca.lpo.fr\/blogs\/nice\/2018\/09\/24\/camp-de-migration-du-fort-de-la-revere-6\/#primaryimage","url":"https:\/\/paca.lpo.fr\/blogs\/nice\/files\/2018\/09\/xxblog-2.jpg","contentUrl":"https:\/\/paca.lpo.fr\/blogs\/nice\/files\/2018\/09\/xxblog-2.jpg","width":811,"height":554,"caption":"Animation pour un groupe d'adultes et d'enfants"},{"@type":"BreadcrumbList","@id":"https:\/\/paca.lpo.fr\/blogs\/nice\/2018\/09\/24\/camp-de-migration-du-fort-de-la-revere-6\/#breadcrumb","itemListElement":[{"@type":"ListItem","position":1,"name":"Accueil","item":"https:\/\/paca.lpo.fr\/blogs\/nice\/"},{"@type":"ListItem","position":2,"name":"Camp de migration du Fort de la Rev\u00e8re"}]},{"@type":"WebSite","@id":"https:\/\/paca.lpo.fr\/blogs\/nice\/#website","url":"https:\/\/paca.lpo.fr\/blogs\/nice\/","name":"Groupe local Nice","description":"Groupe local Nice","publisher":{"@id":"https:\/\/paca.lpo.fr\/blogs\/nice\/#organization"},"potentialAction":[{"@type":"SearchAction","target":{"@type":"EntryPoint","urlTemplate":"https:\/\/paca.lpo.fr\/blogs\/nice\/?s={search_term_string}"},"query-input":{"@type":"PropertyValueSpecification","valueRequired":true,"valueName":"search_term_string"}}],"inLanguage":"fr-FR"},{"@type":"Organization","@id":"https:\/\/paca.lpo.fr\/blogs\/nice\/#organization","name":"Groupe local Nice","url":"https:\/\/paca.lpo.fr\/blogs\/nice\/","logo":{"@type":"ImageObject","inLanguage":"fr-FR","@id":"https:\/\/paca.lpo.fr\/blogs\/nice\/#\/schema\/logo\/image\/","url":"https:\/\/paca.lpo.fr\/blogs\/nice\/files\/2024\/01\/cropped-rvb-lpo-paca-logotype-signature-droite-mini-500.jpg","contentUrl":"https:\/\/paca.lpo.fr\/blogs\/nice\/files\/2024\/01\/cropped-rvb-lpo-paca-logotype-signature-droite-mini-500.jpg","width":500,"height":210,"caption":"Groupe local Nice"},"image":{"@id":"https:\/\/paca.lpo.fr\/blogs\/nice\/#\/schema\/logo\/image\/"}},{"@type":"Person","@id":"https:\/\/paca.lpo.fr\/blogs\/nice\/#\/schema\/person\/1bda33335fb71e0b3552487db26a4c56","name":"Groupe local Paillon-B\u00e9v\u00e9ra","image":{"@type":"ImageObject","inLanguage":"fr-FR","@id":"https:\/\/secure.gravatar.com\/avatar\/b1ee285506e2cb880ec988990d360e255aecb31c77212741dace1023623610c2?s=96&d=mm&r=g","url":"https:\/\/secure.gravatar.com\/avatar\/b1ee285506e2cb880ec988990d360e255aecb31c77212741dace1023623610c2?s=96&d=mm&r=g","contentUrl":"https:\/\/secure.gravatar.com\/avatar\/b1ee285506e2cb880ec988990d360e255aecb31c77212741dace1023623610c2?s=96&d=mm&r=g","caption":"Groupe local Paillon-B\u00e9v\u00e9ra"},"url":"https:\/\/paca.lpo.fr\/blogs\/nice\/author\/alpesmaritimesest\/"}]}},"jetpack_featured_media_url":"https:\/\/paca.lpo.fr\/blogs\/nice\/files\/2018\/09\/xxblog-2.jpg","_links":{"self":[{"href":"https:\/\/paca.lpo.fr\/blogs\/nice\/wp-json\/wp\/v2\/posts\/2349","targetHints":{"allow":["GET"]}}],"collection":[{"href":"https:\/\/paca.lpo.fr\/blogs\/nice\/wp-json\/wp\/v2\/posts"}],"about":[{"href":"https:\/\/paca.lpo.fr\/blogs\/nice\/wp-json\/wp\/v2\/types\/post"}],"author":[{"embeddable":true,"href":"https:\/\/paca.lpo.fr\/blogs\/nice\/wp-json\/wp\/v2\/users\/15"}],"replies":[{"embeddable":true,"href":"https:\/\/paca.lpo.fr\/blogs\/nice\/wp-json\/wp\/v2\/comments?post=2349"}],"version-history":[{"count":1,"href":"https:\/\/paca.lpo.fr\/blogs\/nice\/wp-json\/wp\/v2\/posts\/2349\/revisions"}],"predecessor-version":[{"id":2353,"href":"https:\/\/paca.lpo.fr\/blogs\/nice\/wp-json\/wp\/v2\/posts\/2349\/revisions\/2353"}],"wp:featuredmedia":[{"embeddable":true,"href":"https:\/\/paca.lpo.fr\/blogs\/nice\/wp-json\/wp\/v2\/media\/2350"}],"wp:attachment":[{"href":"https:\/\/paca.lpo.fr\/blogs\/nice\/wp-json\/wp\/v2\/media?parent=2349"}],"wp:term":[{"taxonomy":"category","embeddable":true,"href":"https:\/\/paca.lpo.fr\/blogs\/nice\/wp-json\/wp\/v2\/categories?post=2349"},{"taxonomy":"post_tag","embeddable":true,"href":"https:\/\/paca.lpo.fr\/blogs\/nice\/wp-json\/wp\/v2\/tags?post=2349"}],"curies":[{"name":"wp","href":"https:\/\/api.w.org\/{rel}","templated":true}]}}